{"id":53231,"date":"2025-08-13T07:49:41","date_gmt":"2025-08-13T06:49:41","guid":{"rendered":"https:\/\/algarve7.pt\/?p=53231"},"modified":"2025-08-13T07:49:44","modified_gmt":"2025-08-13T06:49:44","slug":"cruz-vermelha-promove-junto-a-populacao-mais-jovem-comportamentos-a-adotar-no-verao","status":"publish","type":"post","link":"https:\/\/algarve7.pt\/index.php\/2025\/08\/cruz-vermelha-promove-junto-a-populacao-mais-jovem-comportamentos-a-adotar-no-verao\/saude\/07\/49\/","title":{"rendered":"Cruz Vermelha promove, junto a popula\u00e7\u00e3o mais jovem, comportamentos a adotar no ver\u00e3o"},"content":{"rendered":"\n<p>Com os efeitos das altera\u00e7\u00f5es clim\u00e1ticas cada vez mais vis\u00edveis e a multiplica\u00e7\u00e3o de fen\u00f3menos extremos durante o ver\u00e3o, a Cruz Vermelha Portuguesa encontra-se a promover o projeto &#8220;O Meu Sol Vive + o Ver\u00e3o&#8221;. Uma campanha de preven\u00e7\u00e3o da exposi\u00e7\u00e3o solar e promo\u00e7\u00e3o da sa\u00fade e seguran\u00e7a dirigida a crian\u00e7as e jovens de todo o pa\u00eds.<\/p>\n\n\n\n<p>A campanha, desenvolvida por volunt\u00e1rios da Juventude CVP, tem como objetivo alertar as crian\u00e7as e jovens para os riscos associados a uma exposi\u00e7\u00e3o solar excessiva, bem como sensibiliz\u00e1-los para a ado\u00e7\u00e3o de comportamento seguros no per\u00edodo de ver\u00e3o.&nbsp;<\/p>\n\n\n\n<p>Esta a\u00e7\u00e3o ganha ainda mais relev\u00e2ncia num momento em que Portugal regista temperaturas recorde e em que as ondas de calor representam riscos reais para a sa\u00fade p\u00fablica.<\/p>\n\n\n\n<p>A campanha tem uma periodicidade anual e conta este ano com a participa\u00e7\u00e3o de 50 estruturas locais da Cruz Vermelha Portuguesa, que promovem atividades como:<\/p>\n\n\n\n<ul class=\"wp-block-list\">\n<li>Sess\u00f5es interativas com jogos sobre cuidados a ter ao sol;<\/li>\n\n\n\n<li>Distribui\u00e7\u00e3o de folhetos e materiais informativos;<\/li>\n\n\n\n<li>Entrega de kits com protetor solar, chap\u00e9us e livros de atividades;<\/li>\n\n\n\n<li>Din\u00e2micas em escolas, praias e campos de f\u00e9rias.<\/li>\n<\/ul>\n\n\n\n<p>\u201cNum contexto de altera\u00e7\u00f5es clim\u00e1ticas cada vez mais evidentes, educar para a preven\u00e7\u00e3o \u00e9 um imperativo. Os comportamentos de hoje moldam a sa\u00fade de amanh\u00e3. Ao sensibilizarmos os mais jovens, n\u00e3o estamos apenas a proteg\u00ea-los, estamos a capacit\u00e1-los para serem agentes de mudan\u00e7a nas suas fam\u00edlias, nas escolas e nas comunidades. A juventude tem um poder multiplicador extraordin\u00e1rio e \u00e9, sem d\u00favida, uma aliada essencial na promo\u00e7\u00e3o de uma cultura de preven\u00e7\u00e3o e de responsabilidade coletiva\u201d afirma Andreia Miranda, Coordenadora Nacional da Juventude Cruz Vermelha Portuguesa.&nbsp;<\/p>\n\n\n\n<p>Al\u00e9m das recomenda\u00e7\u00f5es cl\u00e1ssicas &#8211; beber \u00e1gua, evitar exposi\u00e7\u00e3o ao sol nas horas de maior calor, usar protetor solar e vestu\u00e1rio adequado &#8211; os volunt\u00e1rios tamb\u00e9m est\u00e3o atentos a comportamentos de risco, ensinando como reconhecer sinais de desidrata\u00e7\u00e3o, exaust\u00e3o t\u00e9rmica e outros efeitos do calor.<\/p>\n\n\n\n<p>A edi\u00e7\u00e3o de 2024 envolveu cerca de 450 volunt\u00e1rios que deram a conhecer a campanha &#8220;O Meu Sol Vive + o Ver\u00e3o&#8221; a mais de 65 mil benefici\u00e1rios por todo o pa\u00eds, refor\u00e7ando o papel ativo da CVP na educa\u00e7\u00e3o para a sa\u00fade e na preven\u00e7\u00e3o de riscos clim\u00e1ticos, sobretudo junto das popula\u00e7\u00f5es mais jovens.<\/p>\n\n\n\n<p>A 22\u00aa edi\u00e7\u00e3o desta campanha decorre at\u00e9 ao dia 20 de setembro.&nbsp;<\/p>\n\n\n\n<p><strong>Saiba mais atrav\u00e9s do\u00a0<\/strong><a href=\"https:\/\/www.cruzvermelha.pt\/\" target=\"_blank\" rel=\"noreferrer noopener\">site oficial da Cruz Vermelha Portuguesa<\/a><\/p>\n","protected":false},"excerpt":{"rendered":"<p>Com os efeitos das altera\u00e7\u00f5es clim\u00e1ticas cada vez mais vis\u00edveis e a multiplica\u00e7\u00e3o de fen\u00f3menos extremos durante o ver\u00e3o, a<\/p>\n","protected":false},"author":1,"featured_media":53232,"comment_status":"closed","ping_status":"closed","sticky":false,"template":"","format":"standard","meta":{"colormag_page_container_layout":"default_layout","colormag_page_sidebar_layout":"default_layout","_monsterinsights_skip_tracking":false,"_monsterinsights_sitenote_active":false,"_monsterinsights_sitenote_note":"","_monsterinsights_sitenote_category":0,"jetpack_post_was_ever_published":false,"_jetpack_newsletter_access":"","_jetpack_dont_email_post_to_subs":false,"_jetpack_newsletter_tier_id":0,"_jetpack_memberships_contains_paywalled_content":false,"_jetpack_memberships_contains_paid_content":false,"footnotes":"","jetpack_publicize_message":"","jetpack_publicize_feature_enabled":true,"jetpack_social_post_already_shared":false,"jetpack_social_options":{"image_generator_settings":{"template":"highway","default_image_id":0,"font":"","enabled":false},"version":2}},"categories":[189,59],"tags":[98,58],"class_list":["post-53231","post","type-post","status-publish","format-standard","has-post-thumbnail","hentry","category-nacional","category-saude","tag-nacional","tag-saude"],"yoast_head":"<!-- This site is optimized with the Yoast SEO plugin v27.5 - https:\/\/yoast.com\/product\/yoast-seo-wordpress\/ -->\n<title>Cruz Vermelha promove, junto a popula\u00e7\u00e3o mais jovem, comportamentos a adotar no ver\u00e3o - Algarve 7<\/title>\n<meta name=\"description\" content=\"Cruz Vermelha promove, junto a popula\u00e7\u00e3o mais jovem, comportamentos a adotar no ver\u00e3o Sa\u00fade\" \/>\n<meta name=\"robots\" content=\"index, follow, max-snippet:-1, max-image-preview:large, max-video-preview:-1\" \/>\n<link rel=\"canonical\" href=\"https:\/\/algarve7.pt\/index.php\/2025\/08\/cruz-vermelha-promove-junto-a-populacao-mais-jovem-comportamentos-a-adotar-no-verao\/saude\/07\/49\/\" \/>\n<meta property=\"og:locale\" content=\"pt_PT\" \/>\n<meta property=\"og:type\" content=\"article\" \/>\n<meta property=\"og:title\" content=\"Cruz Vermelha promove, junto a popula\u00e7\u00e3o mais jovem, comportamentos a adotar no ver\u00e3o - Algarve 7\" \/>\n<meta property=\"og:description\" content=\"Cruz Vermelha promove, junto a popula\u00e7\u00e3o mais jovem, comportamentos a adotar no ver\u00e3o Sa\u00fade\" \/>\n<meta property=\"og:url\" content=\"https:\/\/algarve7.pt\/index.php\/2025\/08\/cruz-vermelha-promove-junto-a-populacao-mais-jovem-comportamentos-a-adotar-no-verao\/saude\/07\/49\/\" \/>\n<meta property=\"og:site_name\" content=\"Algarve 7\" \/>\n<meta property=\"article:publisher\" content=\"https:\/\/www.facebook.com\/algarve7\" \/>\n<meta property=\"article:author\" content=\"https:\/\/www.facebook.com\/algarve7\" \/>\n<meta property=\"article:published_time\" content=\"2025-08-13T06:49:41+00:00\" \/>\n<meta property=\"article:modified_time\" content=\"2025-08-13T06:49:44+00:00\" \/>\n<meta property=\"og:image\" content=\"https:\/\/algarve7.pt\/wp-content\/uploads\/2025\/08\/2025.08_CVP_Projeto-de-Verao-OMeuSol_1.jpg\" \/>\n\t<meta property=\"og:image:width\" content=\"800\" \/>\n\t<meta property=\"og:image:height\" content=\"500\" \/>\n\t<meta property=\"og:image:type\" content=\"image\/jpeg\" \/>\n<meta name=\"author\" content=\"Algarve 7\" \/>\n<meta name=\"twitter:card\" content=\"summary_large_image\" \/>\n<meta name=\"twitter:creator\" content=\"@Algarvesete\" \/>\n<meta name=\"twitter:site\" content=\"@Algarvesete\" \/>\n<meta name=\"twitter:label1\" content=\"Escrito por\" \/>\n\t<meta name=\"twitter:data1\" content=\"Algarve 7\" \/>\n\t<meta name=\"twitter:label2\" content=\"Tempo estimado de leitura\" \/>\n\t<meta name=\"twitter:data2\" content=\"3 minutos\" \/>\n<script type=\"application\/ld+json\" class=\"yoast-schema-graph\">{\"@context\":\"https:\\\/\\\/schema.org\",\"@graph\":[{\"@type\":\"Article\",\"@id\":\"https:\\\/\\\/algarve7.pt\\\/index.php\\\/2025\\\/08\\\/cruz-vermelha-promove-junto-a-populacao-mais-jovem-comportamentos-a-adotar-no-verao\\\/saude\\\/07\\\/49\\\/#article\",\"isPartOf\":{\"@id\":\"https:\\\/\\\/algarve7.pt\\\/index.php\\\/2025\\\/08\\\/cruz-vermelha-promove-junto-a-populacao-mais-jovem-comportamentos-a-adotar-no-verao\\\/saude\\\/07\\\/49\\\/\"},\"author\":{\"name\":\"Algarve 7\",\"@id\":\"https:\\\/\\\/algarve7.pt\\\/#\\\/schema\\\/person\\\/23fa70681308e7b319a3204bcea45e0c\"},\"headline\":\"Cruz Vermelha promove, junto a popula\u00e7\u00e3o mais jovem, comportamentos a adotar no ver\u00e3o\",\"datePublished\":\"2025-08-13T06:49:41+00:00\",\"dateModified\":\"2025-08-13T06:49:44+00:00\",\"mainEntityOfPage\":{\"@id\":\"https:\\\/\\\/algarve7.pt\\\/index.php\\\/2025\\\/08\\\/cruz-vermelha-promove-junto-a-populacao-mais-jovem-comportamentos-a-adotar-no-verao\\\/saude\\\/07\\\/49\\\/\"},\"wordCount\":467,\"publisher\":{\"@id\":\"https:\\\/\\\/algarve7.pt\\\/#organization\"},\"image\":{\"@id\":\"https:\\\/\\\/algarve7.pt\\\/index.php\\\/2025\\\/08\\\/cruz-vermelha-promove-junto-a-populacao-mais-jovem-comportamentos-a-adotar-no-verao\\\/saude\\\/07\\\/49\\\/#primaryimage\"},\"thumbnailUrl\":\"https:\\\/\\\/algarve7.pt\\\/wp-content\\\/uploads\\\/2025\\\/08\\\/2025.08_CVP_Projeto-de-Verao-OMeuSol_1.jpg\",\"keywords\":[\"Nacional\",\"Sa\u00fade\"],\"articleSection\":[\"Nacional\",\"Sa\u00fade\"],\"inLanguage\":\"pt-PT\"},{\"@type\":\"WebPage\",\"@id\":\"https:\\\/\\\/algarve7.pt\\\/index.php\\\/2025\\\/08\\\/cruz-vermelha-promove-junto-a-populacao-mais-jovem-comportamentos-a-adotar-no-verao\\\/saude\\\/07\\\/49\\\/\",\"url\":\"https:\\\/\\\/algarve7.pt\\\/index.php\\\/2025\\\/08\\\/cruz-vermelha-promove-junto-a-populacao-mais-jovem-comportamentos-a-adotar-no-verao\\\/saude\\\/07\\\/49\\\/\",\"name\":\"Cruz Vermelha promove, junto a popula\u00e7\u00e3o mais jovem, comportamentos a adotar no ver\u00e3o - Algarve 7\",\"isPartOf\":{\"@id\":\"https:\\\/\\\/algarve7.pt\\\/#website\"},\"primaryImageOfPage\":{\"@id\":\"https:\\\/\\\/algarve7.pt\\\/index.php\\\/2025\\\/08\\\/cruz-vermelha-promove-junto-a-populacao-mais-jovem-comportamentos-a-adotar-no-verao\\\/saude\\\/07\\\/49\\\/#primaryimage\"},\"image\":{\"@id\":\"https:\\\/\\\/algarve7.pt\\\/index.php\\\/2025\\\/08\\\/cruz-vermelha-promove-junto-a-populacao-mais-jovem-comportamentos-a-adotar-no-verao\\\/saude\\\/07\\\/49\\\/#primaryimage\"},\"thumbnailUrl\":\"https:\\\/\\\/algarve7.pt\\\/wp-content\\\/uploads\\\/2025\\\/08\\\/2025.08_CVP_Projeto-de-Verao-OMeuSol_1.jpg\",\"datePublished\":\"2025-08-13T06:49:41+00:00\",\"dateModified\":\"2025-08-13T06:49:44+00:00\",\"description\":\"Cruz Vermelha promove, junto a popula\u00e7\u00e3o mais jovem, comportamentos a adotar no ver\u00e3o Sa\u00fade\",\"breadcrumb\":{\"@id\":\"https:\\\/\\\/algarve7.pt\\\/index.php\\\/2025\\\/08\\\/cruz-vermelha-promove-junto-a-populacao-mais-jovem-comportamentos-a-adotar-no-verao\\\/saude\\\/07\\\/49\\\/#breadcrumb\"},\"inLanguage\":\"pt-PT\",\"potentialAction\":[{\"@type\":\"ReadAction\",\"target\":[\"https:\\\/\\\/algarve7.pt\\\/index.php\\\/2025\\\/08\\\/cruz-vermelha-promove-junto-a-populacao-mais-jovem-comportamentos-a-adotar-no-verao\\\/saude\\\/07\\\/49\\\/\"]}]},{\"@type\":\"ImageObject\",\"inLanguage\":\"pt-PT\",\"@id\":\"https:\\\/\\\/algarve7.pt\\\/index.php\\\/2025\\\/08\\\/cruz-vermelha-promove-junto-a-populacao-mais-jovem-comportamentos-a-adotar-no-verao\\\/saude\\\/07\\\/49\\\/#primaryimage\",\"url\":\"https:\\\/\\\/algarve7.pt\\\/wp-content\\\/uploads\\\/2025\\\/08\\\/2025.08_CVP_Projeto-de-Verao-OMeuSol_1.jpg\",\"contentUrl\":\"https:\\\/\\\/algarve7.pt\\\/wp-content\\\/uploads\\\/2025\\\/08\\\/2025.08_CVP_Projeto-de-Verao-OMeuSol_1.jpg\",\"width\":800,\"height\":500},{\"@type\":\"BreadcrumbList\",\"@id\":\"https:\\\/\\\/algarve7.pt\\\/index.php\\\/2025\\\/08\\\/cruz-vermelha-promove-junto-a-populacao-mais-jovem-comportamentos-a-adotar-no-verao\\\/saude\\\/07\\\/49\\\/#breadcrumb\",\"itemListElement\":[{\"@type\":\"ListItem\",\"position\":1,\"name\":\"In\u00edcio\",\"item\":\"https:\\\/\\\/algarve7.pt\\\/\"},{\"@type\":\"ListItem\",\"position\":2,\"name\":\"Cruz Vermelha promove, junto a popula\u00e7\u00e3o mais jovem, comportamentos a adotar no ver\u00e3o\"}]},{\"@type\":\"WebSite\",\"@id\":\"https:\\\/\\\/algarve7.pt\\\/#website\",\"url\":\"https:\\\/\\\/algarve7.pt\\\/\",\"name\":\"Algarve 7\",\"description\":\"Informa\u00e7\u00e3o sobre o Algarve\",\"publisher\":{\"@id\":\"https:\\\/\\\/algarve7.pt\\\/#organization\"},\"potentialAction\":[{\"@type\":\"SearchAction\",\"target\":{\"@type\":\"EntryPoint\",\"urlTemplate\":\"https:\\\/\\\/algarve7.pt\\\/?s={search_term_string}\"},\"query-input\":{\"@type\":\"PropertyValueSpecification\",\"valueRequired\":true,\"valueName\":\"search_term_string\"}}],\"inLanguage\":\"pt-PT\"},{\"@type\":\"Organization\",\"@id\":\"https:\\\/\\\/algarve7.pt\\\/#organization\",\"name\":\"Algarve 7\",\"url\":\"https:\\\/\\\/algarve7.pt\\\/\",\"logo\":{\"@type\":\"ImageObject\",\"inLanguage\":\"pt-PT\",\"@id\":\"https:\\\/\\\/algarve7.pt\\\/#\\\/schema\\\/logo\\\/image\\\/\",\"url\":\"https:\\\/\\\/algarve7.pt\\\/wp-content\\\/uploads\\\/2020\\\/10\\\/Logo-8.jpg\",\"contentUrl\":\"https:\\\/\\\/algarve7.pt\\\/wp-content\\\/uploads\\\/2020\\\/10\\\/Logo-8.jpg\",\"width\":1680,\"height\":1186,\"caption\":\"Algarve 7\"},\"image\":{\"@id\":\"https:\\\/\\\/algarve7.pt\\\/#\\\/schema\\\/logo\\\/image\\\/\"},\"sameAs\":[\"https:\\\/\\\/www.facebook.com\\\/algarve7\",\"https:\\\/\\\/x.com\\\/Algarvesete\",\"https:\\\/\\\/www.instagram.com\\\/jornalalgarve7\\\/\",\"https:\\\/\\\/www.linkedin.com\\\/company\\\/algarve7\",\"https:\\\/\\\/www.pinterest.pt\\\/geral0939\\\/_created\\\/\"]},{\"@type\":\"Person\",\"@id\":\"https:\\\/\\\/algarve7.pt\\\/#\\\/schema\\\/person\\\/23fa70681308e7b319a3204bcea45e0c\",\"name\":\"Algarve 7\",\"sameAs\":[\"https:\\\/\\\/algarve7.pt\",\"https:\\\/\\\/www.facebook.com\\\/algarve7\"],\"url\":\"https:\\\/\\\/algarve7.pt\\\/index.php\\\/author\\\/geralalgarve7-pt\\\/\"}]}<\/script>\n<!-- \/ Yoast SEO plugin. -->","yoast_head_json":{"title":"Cruz Vermelha promove, junto a popula\u00e7\u00e3o mais jovem, comportamentos a adotar no ver\u00e3o - Algarve 7","description":"Cruz Vermelha promove, junto a popula\u00e7\u00e3o mais jovem, comportamentos a adotar no ver\u00e3o Sa\u00fade","robots":{"index":"index","follow":"follow","max-snippet":"max-snippet:-1","max-image-preview":"max-image-preview:large","max-video-preview":"max-video-preview:-1"},"canonical":"https:\/\/algarve7.pt\/index.php\/2025\/08\/cruz-vermelha-promove-junto-a-populacao-mais-jovem-comportamentos-a-adotar-no-verao\/saude\/07\/49\/","og_locale":"pt_PT","og_type":"article","og_title":"Cruz Vermelha promove, junto a popula\u00e7\u00e3o mais jovem, comportamentos a adotar no ver\u00e3o - Algarve 7","og_description":"Cruz Vermelha promove, junto a popula\u00e7\u00e3o mais jovem, comportamentos a adotar no ver\u00e3o Sa\u00fade","og_url":"https:\/\/algarve7.pt\/index.php\/2025\/08\/cruz-vermelha-promove-junto-a-populacao-mais-jovem-comportamentos-a-adotar-no-verao\/saude\/07\/49\/","og_site_name":"Algarve 7","article_publisher":"https:\/\/www.facebook.com\/algarve7","article_author":"https:\/\/www.facebook.com\/algarve7","article_published_time":"2025-08-13T06:49:41+00:00","article_modified_time":"2025-08-13T06:49:44+00:00","og_image":[{"width":800,"height":500,"url":"https:\/\/algarve7.pt\/wp-content\/uploads\/2025\/08\/2025.08_CVP_Projeto-de-Verao-OMeuSol_1.jpg","type":"image\/jpeg"}],"author":"Algarve 7","twitter_card":"summary_large_image","twitter_creator":"@Algarvesete","twitter_site":"@Algarvesete","twitter_misc":{"Escrito por":"Algarve 7","Tempo estimado de leitura":"3 minutos"},"schema":{"@context":"https:\/\/schema.org","@graph":[{"@type":"Article","@id":"https:\/\/algarve7.pt\/index.php\/2025\/08\/cruz-vermelha-promove-junto-a-populacao-mais-jovem-comportamentos-a-adotar-no-verao\/saude\/07\/49\/#article","isPartOf":{"@id":"https:\/\/algarve7.pt\/index.php\/2025\/08\/cruz-vermelha-promove-junto-a-populacao-mais-jovem-comportamentos-a-adotar-no-verao\/saude\/07\/49\/"},"author":{"name":"Algarve 7","@id":"https:\/\/algarve7.pt\/#\/schema\/person\/23fa70681308e7b319a3204bcea45e0c"},"headline":"Cruz Vermelha promove, junto a popula\u00e7\u00e3o mais jovem, comportamentos a adotar no ver\u00e3o","datePublished":"2025-08-13T06:49:41+00:00","dateModified":"2025-08-13T06:49:44+00:00","mainEntityOfPage":{"@id":"https:\/\/algarve7.pt\/index.php\/2025\/08\/cruz-vermelha-promove-junto-a-populacao-mais-jovem-comportamentos-a-adotar-no-verao\/saude\/07\/49\/"},"wordCount":467,"publisher":{"@id":"https:\/\/algarve7.pt\/#organization"},"image":{"@id":"https:\/\/algarve7.pt\/index.php\/2025\/08\/cruz-vermelha-promove-junto-a-populacao-mais-jovem-comportamentos-a-adotar-no-verao\/saude\/07\/49\/#primaryimage"},"thumbnailUrl":"https:\/\/algarve7.pt\/wp-content\/uploads\/2025\/08\/2025.08_CVP_Projeto-de-Verao-OMeuSol_1.jpg","keywords":["Nacional","Sa\u00fade"],"articleSection":["Nacional","Sa\u00fade"],"inLanguage":"pt-PT"},{"@type":"WebPage","@id":"https:\/\/algarve7.pt\/index.php\/2025\/08\/cruz-vermelha-promove-junto-a-populacao-mais-jovem-comportamentos-a-adotar-no-verao\/saude\/07\/49\/","url":"https:\/\/algarve7.pt\/index.php\/2025\/08\/cruz-vermelha-promove-junto-a-populacao-mais-jovem-comportamentos-a-adotar-no-verao\/saude\/07\/49\/","name":"Cruz Vermelha promove, junto a popula\u00e7\u00e3o mais jovem, comportamentos a adotar no ver\u00e3o - Algarve 7","isPartOf":{"@id":"https:\/\/algarve7.pt\/#website"},"primaryImageOfPage":{"@id":"https:\/\/algarve7.pt\/index.php\/2025\/08\/cruz-vermelha-promove-junto-a-populacao-mais-jovem-comportamentos-a-adotar-no-verao\/saude\/07\/49\/#primaryimage"},"image":{"@id":"https:\/\/algarve7.pt\/index.php\/2025\/08\/cruz-vermelha-promove-junto-a-populacao-mais-jovem-comportamentos-a-adotar-no-verao\/saude\/07\/49\/#primaryimage"},"thumbnailUrl":"https:\/\/algarve7.pt\/wp-content\/uploads\/2025\/08\/2025.08_CVP_Projeto-de-Verao-OMeuSol_1.jpg","datePublished":"2025-08-13T06:49:41+00:00","dateModified":"2025-08-13T06:49:44+00:00","description":"Cruz Vermelha promove, junto a popula\u00e7\u00e3o mais jovem, comportamentos a adotar no ver\u00e3o Sa\u00fade","breadcrumb":{"@id":"https:\/\/algarve7.pt\/index.php\/2025\/08\/cruz-vermelha-promove-junto-a-populacao-mais-jovem-comportamentos-a-adotar-no-verao\/saude\/07\/49\/#breadcrumb"},"inLanguage":"pt-PT","potentialAction":[{"@type":"ReadAction","target":["https:\/\/algarve7.pt\/index.php\/2025\/08\/cruz-vermelha-promove-junto-a-populacao-mais-jovem-comportamentos-a-adotar-no-verao\/saude\/07\/49\/"]}]},{"@type":"ImageObject","inLanguage":"pt-PT","@id":"https:\/\/algarve7.pt\/index.php\/2025\/08\/cruz-vermelha-promove-junto-a-populacao-mais-jovem-comportamentos-a-adotar-no-verao\/saude\/07\/49\/#primaryimage","url":"https:\/\/algarve7.pt\/wp-content\/uploads\/2025\/08\/2025.08_CVP_Projeto-de-Verao-OMeuSol_1.jpg","contentUrl":"https:\/\/algarve7.pt\/wp-content\/uploads\/2025\/08\/2025.08_CVP_Projeto-de-Verao-OMeuSol_1.jpg","width":800,"height":500},{"@type":"BreadcrumbList","@id":"https:\/\/algarve7.pt\/index.php\/2025\/08\/cruz-vermelha-promove-junto-a-populacao-mais-jovem-comportamentos-a-adotar-no-verao\/saude\/07\/49\/#breadcrumb","itemListElement":[{"@type":"ListItem","position":1,"name":"In\u00edcio","item":"https:\/\/algarve7.pt\/"},{"@type":"ListItem","position":2,"name":"Cruz Vermelha promove, junto a popula\u00e7\u00e3o mais jovem, comportamentos a adotar no ver\u00e3o"}]},{"@type":"WebSite","@id":"https:\/\/algarve7.pt\/#website","url":"https:\/\/algarve7.pt\/","name":"Algarve 7","description":"Informa\u00e7\u00e3o sobre o Algarve","publisher":{"@id":"https:\/\/algarve7.pt\/#organization"},"potentialAction":[{"@type":"SearchAction","target":{"@type":"EntryPoint","urlTemplate":"https:\/\/algarve7.pt\/?s={search_term_string}"},"query-input":{"@type":"PropertyValueSpecification","valueRequired":true,"valueName":"search_term_string"}}],"inLanguage":"pt-PT"},{"@type":"Organization","@id":"https:\/\/algarve7.pt\/#organization","name":"Algarve 7","url":"https:\/\/algarve7.pt\/","logo":{"@type":"ImageObject","inLanguage":"pt-PT","@id":"https:\/\/algarve7.pt\/#\/schema\/logo\/image\/","url":"https:\/\/algarve7.pt\/wp-content\/uploads\/2020\/10\/Logo-8.jpg","contentUrl":"https:\/\/algarve7.pt\/wp-content\/uploads\/2020\/10\/Logo-8.jpg","width":1680,"height":1186,"caption":"Algarve 7"},"image":{"@id":"https:\/\/algarve7.pt\/#\/schema\/logo\/image\/"},"sameAs":["https:\/\/www.facebook.com\/algarve7","https:\/\/x.com\/Algarvesete","https:\/\/www.instagram.com\/jornalalgarve7\/","https:\/\/www.linkedin.com\/company\/algarve7","https:\/\/www.pinterest.pt\/geral0939\/_created\/"]},{"@type":"Person","@id":"https:\/\/algarve7.pt\/#\/schema\/person\/23fa70681308e7b319a3204bcea45e0c","name":"Algarve 7","sameAs":["https:\/\/algarve7.pt","https:\/\/www.facebook.com\/algarve7"],"url":"https:\/\/algarve7.pt\/index.php\/author\/geralalgarve7-pt\/"}]}},"jetpack_publicize_connections":[],"jetpack_featured_media_url":"https:\/\/algarve7.pt\/wp-content\/uploads\/2025\/08\/2025.08_CVP_Projeto-de-Verao-OMeuSol_1.jpg","jetpack_shortlink":"https:\/\/wp.me\/pcezmW-dQz","jetpack_sharing_enabled":true,"_links":{"self":[{"href":"https:\/\/algarve7.pt\/index.php\/wp-json\/wp\/v2\/posts\/53231","targetHints":{"allow":["GET"]}}],"collection":[{"href":"https:\/\/algarve7.pt\/index.php\/wp-json\/wp\/v2\/posts"}],"about":[{"href":"https:\/\/algarve7.pt\/index.php\/wp-json\/wp\/v2\/types\/post"}],"author":[{"embeddable":true,"href":"https:\/\/algarve7.pt\/index.php\/wp-json\/wp\/v2\/users\/1"}],"replies":[{"embeddable":true,"href":"https:\/\/algarve7.pt\/index.php\/wp-json\/wp\/v2\/comments?post=53231"}],"version-history":[{"count":0,"href":"https:\/\/algarve7.pt\/index.php\/wp-json\/wp\/v2\/posts\/53231\/revisions"}],"wp:featuredmedia":[{"embeddable":true,"href":"https:\/\/algarve7.pt\/index.php\/wp-json\/wp\/v2\/media\/53232"}],"wp:attachment":[{"href":"https:\/\/algarve7.pt\/index.php\/wp-json\/wp\/v2\/media?parent=53231"}],"wp:term":[{"taxonomy":"category","embeddable":true,"href":"https:\/\/algarve7.pt\/index.php\/wp-json\/wp\/v2\/categories?post=53231"},{"taxonomy":"post_tag","embeddable":true,"href":"https:\/\/algarve7.pt\/index.php\/wp-json\/wp\/v2\/tags?post=53231"}],"curies":[{"name":"wp","href":"https:\/\/api.w.org\/{rel}","templated":true}]}}