{"id":53228,"date":"2025-08-13T07:12:00","date_gmt":"2025-08-13T06:12:00","guid":{"rendered":"https:\/\/algarve7.pt\/?p=53228"},"modified":"2025-08-12T15:59:03","modified_gmt":"2025-08-12T14:59:03","slug":"gala-de-abertura-no-teatro-das-figuras-marca-o-arranque-da-21a-edicao-do-festival-folkfaro-2025","status":"publish","type":"post","link":"https:\/\/algarve7.pt\/index.php\/2025\/08\/gala-de-abertura-no-teatro-das-figuras-marca-o-arranque-da-21a-edicao-do-festival-folkfaro-2025\/cultura\/07\/12\/","title":{"rendered":"Gala de Abertura no Teatro das Figuras marca o arranque da 21\u00aa edi\u00e7\u00e3o do festival\u00a0FolkFaro 2025"},"content":{"rendered":"\n<p><strong><em>\u201cCulturas em Festa, Povos em Harmonia!\u201d<\/em><\/strong>&nbsp;\u00e9 o mote para uma intensa semana de m\u00fasica, dan\u00e7a e tradi\u00e7\u00f5es no maior festival de folclore do Sul de Portugal. A cidade de Faro \u00e9 o centro deste festival, mas muitas outras localidades algarvias ir\u00e3o conhecer diferentes coloridos e ritmos trazidos pelos grupos dos quatro cantos do mundo, que participar\u00e3o no festival de 17 a 23 de agosto.<\/p>\n\n\n\n<p>O FolkFaro \u00e9 uma organiza\u00e7\u00e3o anual do&nbsp;<strong>Grupo Folcl\u00f3rico de Faro<\/strong>, que se realiza desde 2003 e que conta com o apoio principal do&nbsp;<strong>Munic\u00edpio de Faro<\/strong>. Nesta 21\u00aa edi\u00e7\u00e3o do evento, as m\u00fasicas, dan\u00e7as, cantares e trajes de povos de diferentes continentes ir\u00e3o brilhar, mais uma vez, nas dezenas de espet\u00e1culos e outras atividades que comp\u00f5em a programa\u00e7\u00e3o do FolkFaro 2025.<\/p>\n\n\n\n<p><em>Teatro das Figuras recebe a Gala de Abertura do FolkFaro h\u00e1 20 anos!<\/em><\/p>\n\n\n\n<p>O Teatro das Figuras comemora este ano o seu&nbsp;<strong>20\u00ba anivers\u00e1rio<\/strong>&nbsp;e recebe, mais uma vez, a grande Gala de Abertura do FolkFaro, como o faz desde 2005! Ser\u00e1 na noite de domingo, 17 de agosto, \u00e0s 21.30h, marcando assim o in\u00edcio do festival, um dos acontecimentos mais aguardados no ver\u00e3o cultural da capital algarvia.&nbsp;<\/p>\n\n\n\n<p>A Gala contar\u00e1 com a participa\u00e7\u00e3o do grupo anfitri\u00e3o, e de seis grupos internacionais convidados, podendo os bilhetes ser adquiridos na bilheteira do Teatro, na BOL \u2013 Bilheteira online, ou ainda nas lojas FNAC e Worten.<\/p>\n\n\n\n<p><em>Um Mundo que Canta e Dan\u00e7a!<\/em><\/p>\n\n\n\n<p>Mais de uma centena de grupos de todo o mundo se prop\u00f5em, todos os anos, a participar no FolkFaro. A sele\u00e7\u00e3o \u00e9 efetuada pela organiza\u00e7\u00e3o com base em crit\u00e9rios de qualidade e diversidade. Est\u00e3o, assim, confirmadas as presen\u00e7as dos seguintes pa\u00edses e grupos:&nbsp;<\/p>\n\n\n\n<ul class=\"wp-block-list\">\n<li><strong>BRASIL\u00a0\u00a0\u00a0\u00a0\u00a0\u00a0\u00a0\u00a0\u00a0\u00a0\u00a0\u00a0\u00a0\u00a0\u00a0\u00a0\u00a0\u00a0\u00a0\u00a0\u00a0\u00a0\u00a0\u00a0\u00a0\u00a0\u00a0\u00a0&#8211; Grupo de Cultura Os Cariris (Tapero\u00e1)<\/strong>\u00a0\u2013 a partir de 19\/8<\/li>\n\n\n\n<li><strong>CHILE\u00a0\u00a0\u00a0\u00a0\u00a0\u00a0\u00a0\u00a0\u00a0\u00a0\u00a0\u00a0\u00a0\u00a0\u00a0\u00a0\u00a0\u00a0\u00a0\u00a0\u00a0\u00a0\u00a0\u00a0\u00a0\u00a0\u00a0\u00a0\u00a0\u00a0&#8211; Walmapu Compa\u00f1ia Folkl\u00f3rica de Chile (Santiago)<\/strong><\/li>\n\n\n\n<li><strong>ESPANHA\u00a0\u00a0\u00a0\u00a0\u00a0\u00a0\u00a0\u00a0\u00a0\u00a0\u00a0\u00a0\u00a0\u00a0\u00a0\u00a0\u00a0\u00a0\u00a0\u00a0\u00a0\u00a0\u00a0\u00a0&#8211; Grupo de Danzas Ciudad de Dos Hermanas (Sevilla)<\/strong><\/li>\n\n\n\n<li><strong>GE\u00d3RGIA\u00a0\u00a0\u00a0\u00a0\u00a0\u00a0\u00a0\u00a0\u00a0\u00a0\u00a0\u00a0\u00a0\u00a0\u00a0\u00a0\u00a0\u00a0\u00a0\u00a0\u00a0\u00a0\u00a0\u00a0&#8211; Georgian State Company Gurjaani (Kakheti)<\/strong><\/li>\n\n\n\n<li><strong>GUATEMALA\u00a0\u00a0\u00a0\u00a0\u00a0\u00a0\u00a0\u00a0\u00a0\u00a0\u00a0\u00a0\u00a0\u00a0\u00a0\u00a0\u00a0\u00a0\u00a0&#8211; Compa\u00f1ia de Danza Raxela (Cidade de Guatemala)<\/strong><\/li>\n\n\n\n<li><strong>M\u00c9XICO\u00a0\u00a0\u00a0\u00a0\u00a0\u00a0\u00a0\u00a0\u00a0\u00a0\u00a0\u00a0\u00a0\u00a0\u00a0\u00a0\u00a0\u00a0\u00a0\u00a0\u00a0\u00a0\u00a0\u00a0\u00a0\u00a0&#8211; Grupo de Danza Folkl\u00f3rica Macuilxochitl (San Luis Potosi)<\/strong><\/li>\n\n\n\n<li><strong>POL\u00d3NIA\u00a0\u00a0\u00a0\u00a0\u00a0\u00a0\u00a0\u00a0\u00a0\u00a0\u00a0\u00a0\u00a0\u00a0\u00a0\u00a0\u00a0\u00a0\u00a0\u00a0\u00a0\u00a0\u00a0\u00a0&#8211; Folk Ensemble of Medical University of Lublin<\/strong><\/li>\n\n\n\n<li><strong>PORTUGAL\u00a0\u00a0\u00a0\u00a0\u00a0\u00a0\u00a0\u00a0\u00a0\u00a0\u00a0\u00a0\u00a0\u00a0\u00a0\u00a0\u00a0\u00a0\u00a0\u00a0\u00a0\u00a0&#8211; Grupo Folcl\u00f3rico de Faro (Cancioneiro, Infantil e Adulto)\u00a0<\/strong><\/li>\n<\/ul>\n\n\n\n<p>Estes grupos internacionais participam a tempo inteiro no festival, com exce\u00e7\u00e3o do grupo do Brasil que chegar\u00e1 apenas a 19 de agosto.&nbsp;<\/p>\n\n\n\n<p>Dando tamb\u00e9m lugar a outros grupos nacionais e locais, n\u00e3o s\u00f3 de folclore como de outras express\u00f5es art\u00edsticas, registam-se nos diversos espet\u00e1culos, ao longo da semana, as participa\u00e7\u00f5es especiais de:<\/p>\n\n\n\n<ul class=\"wp-block-list\">\n<li>Sandra Cristo (Hino do FolkFaro &#8211; \u201cUnidos por um La\u00e7o\u201d)<\/li>\n\n\n\n<li>Clube de Dan\u00e7as Jo\u00e3o de Deus<\/li>\n\n\n\n<li>Grupo Danzas Venezolanas Araguaney<\/li>\n\n\n\n<li>Grupo Folcl\u00f3rico e Etnogr\u00e1fico da ARPI<\/li>\n\n\n\n<li>Grupo Etnogr\u00e1fico da Serra do Caldeir\u00e3o<\/li>\n\n\n\n<li>Rancho Folcl\u00f3rico de Loul\u00e9<\/li>\n\n\n\n<li>Grupo Folcl\u00f3rico da Corredoura (Guimar\u00e3es)<\/li>\n<\/ul>\n\n\n\n<p><em>Espet\u00e1culos di\u00e1rios&nbsp;<\/em><em>no Palco do Passeio da Doca<\/em><\/p>\n\n\n\n<p>Os espet\u00e1culos di\u00e1rios, em Faro, realizam-se no Palco do Passeio da Doca, nas noites de 18 a 23 de agosto, \u00e0s 22 horas.&nbsp;<\/p>\n\n\n\n<p>De segunda a sexta, atuar\u00e3o sucessivamente os diversos grupos. Em cada uma dessas noites atuar\u00e3o dois ou tr\u00eas grupos de pa\u00edses diferentes, dando-lhes assim a oportunidade de mostrar o seu espet\u00e1culo mais completo, culminando com o grande espet\u00e1culo de Encerramento, no s\u00e1bado (23\/8), com os sete grupos internacionais participantes, aos quais se junta o anfitri\u00e3o \u2013 o Grupo Folcl\u00f3rico de Faro.&nbsp;&nbsp;<\/p>\n\n\n\n<p><em>Programa Descentralizado&nbsp;<\/em><\/p>\n\n\n\n<p>O FolkFaro leva o folclore internacional aos concelhos de Faro, Loul\u00e9, Olh\u00e3o, S. Br\u00e1s de Alportel, Tavira e Vila Real de Santo Ant\u00f3nio num total de 12 localidades.&nbsp;<\/p>\n\n\n\n<p>Diversos grupos do FolkFaro participar\u00e3o nos festivais de Moncarapacho e da Luz de Tavira, em parceria com os grupos folcl\u00f3ricos locais e s\u00e3o renovadas as parcerias com o FestiFolk Espa\u00f1a, integrando circuitos ib\u00e9ricos de grupos internacionais, e com o Festival de Danzas de Villablanca (prov\u00edncia de Huelva), com a transi\u00e7\u00e3o de grupos entre os dois festivais.&nbsp;<\/p>\n\n\n\n<p>As&nbsp;<strong>Anima\u00e7\u00f5es<\/strong>&nbsp;<strong>de Rua<\/strong>, assim como os&nbsp;<strong>desfiles<\/strong>&nbsp;dos grupos na baixa de Faro e as anima\u00e7\u00f5es no Moto Clube de Faro ir\u00e3o trazer um ambiente de alegria e festa \u00e0 cidade.&nbsp;<\/p>\n\n\n\n<p><em>Programas Especiais e Inclusivos<\/em><\/p>\n\n\n\n<p>Diversos programas especiais fazem parte das atividades do FolkFaro, procurando assim chegar a p\u00fablicos que, normalmente, n\u00e3o teriam oportunidade de assistir aos espet\u00e1culos principais.&nbsp;<\/p>\n\n\n\n<p>A&nbsp;<strong>Gala S\u00e9nior<\/strong>, iniciativa que teve in\u00edcio em 2024, \u00e9 um espet\u00e1culo especialmente dedicado aos mais idosos, para o qual se convidam os utentes das diversas institui\u00e7\u00f5es do concelho, e que este ano decorrer\u00e1 no Audit\u00f3rio do IPDJ, na tarde de ter\u00e7a-feira (19\/8), pelas 15.30h.<\/p>\n\n\n\n<p>J\u00e1 os&nbsp;<strong>Programas&nbsp;para Crian\u00e7as<\/strong>&nbsp;acontecem na Biblioteca Municipal de Faro, na manh\u00e3 de quinta-feira (22\/8), e no Ref\u00fagio Aboim Ascens\u00e3o, na manh\u00e3 seguinte, com a participa\u00e7\u00e3o de diversos grupos internacionais.<\/p>\n\n\n\n<p>&nbsp;O&nbsp;<strong>Programa para Reclusos<\/strong>, com um espet\u00e1culo no pr\u00f3prio Estabelecimento Prisional de Faro refor\u00e7a a componente social do festival.&nbsp;<\/p>\n\n\n\n<p><em>Outros Motivos de Interesse do Festival&nbsp;<\/em><\/p>\n\n\n\n<p>O&nbsp;<strong>Hastear de Bandeiras&nbsp;<\/strong>dos pa\u00edses participantes, ao som dos respetivos hinos nacionais, seguido da&nbsp;<strong>Planta\u00e7\u00e3o da \u00c1rvore da Amizade,<\/strong>&nbsp;s\u00e3o dois momentos simb\u00f3licos que decorrer\u00e3o na manh\u00e3 de segunda-feira (18\/8), no Passeio da Doca e no Jardim Manuel B\u00edvar. \u00c0 tarde, os grupos ser\u00e3o recebidos oficialmente pelo Sr. Presidente da C\u00e2mara, Dr. Rog\u00e9rio Bacalhau, no Sal\u00e3o Nobre do Munic\u00edpio.<\/p>\n\n\n\n<p>Os&nbsp;<strong>Ateliers de Dan\u00e7a,<\/strong>&nbsp;na Escola EB 2,3 Santo Ant\u00f3nio, de quarta a sexta, \u00e0s 18h, ir\u00e3o permitir aprender e praticar um pouco das dan\u00e7as do mundo atrav\u00e9s dos grupos que nos visitam.<\/p>\n\n\n\n<p>A&nbsp;<strong>Celebra\u00e7\u00e3o Ecum\u00e9nica<\/strong>, na Igreja da S\u00e9, na manh\u00e3 do \u00faltimo dia do Festival (s\u00e1bado, 23\/8), constitui tamb\u00e9m motivo de interesse deste festival, onde todos os grupos ir\u00e3o expressar, por palavras e m\u00fasica, uma mensagem de paz e uni\u00e3o entre os povos.<\/p>\n\n\n\n<p>A&nbsp;<strong>transmiss\u00e3o onlin<\/strong>e nas diversas plataformas e redes sociais \u00e9 assegurada pe\u00e7a&nbsp;<strong>Mais Algarve.<\/strong>&nbsp;A Gala de Abertura, os espet\u00e1culos no Palco do Passeio da Doca, a Celebra\u00e7\u00e3o Ecum\u00e9nica e outros momentos do festival poder\u00e3o ser vistos em qualquer parte do mundo.<\/p>\n\n\n\n<p>O&nbsp;<strong>Voluntariado<\/strong>&nbsp;e a inser\u00e7\u00e3o do festival na comunidade s\u00e3o aspetos fundamentais do FolkFaro. Os volunt\u00e1rios asseguraram o bom funcionamento de diferentes \u00e1reas do festival: Comiss\u00e3o Organizadora, Alojamento, Cozinha e Refeit\u00f3rio, Transportes, Folk-Bar, Folk-Shop, Portaria, Secretariado, Apoio de Palco ou ainda acompanhando os Grupos como Guias.<\/p>\n\n\n\n<p>O FOLKFARO \u00e9 o \u00fanico festival no Algarve com a certifica\u00e7\u00e3o internacional do&nbsp;<strong>CIOFF\u00ae<\/strong>&#8211; Conselho Internacional das Organiza\u00e7\u00f5es de Festivais de Folclore e Artes Tradicionais, uma organiza\u00e7\u00e3o n\u00e3o-governamental (ONG) com rela\u00e7\u00f5es formais de consulta com a UNESCO, criada em 1970 com o objetivo de salvaguardar a promo\u00e7\u00e3o e difus\u00e3o da cultura tradicional e do folclore. Est\u00e1 atualmente representado em mais de 70 pa\u00edses e re\u00fane mais de 250 festivais internacionais em todo o mundo.&nbsp;<\/p>\n\n\n\n<p>Para al\u00e9m do apoio principal da C\u00e2mara Municipal de Faro, outras entidades p\u00fablicas como a CCDR Algarve &#8211; Cultura, a Funda\u00e7\u00e3o Inatel, as C\u00e2maras Municipais de Loul\u00e9, S. Br\u00e1s e Vila Real de Santo Ant\u00f3nio, Uni\u00e3o de Freguesias de Faro, Ayuntamiento de Villablanca, Teatro Municipal de Faro, Fagar e Agrupamento de Escolas Jo\u00e3o de Deus apoiam ou colaboram com a organiza\u00e7\u00e3o do evento.&nbsp;<\/p>\n","protected":false},"excerpt":{"rendered":"<p>\u201cCulturas em Festa, Povos em Harmonia!\u201d&nbsp;\u00e9 o mote para uma intensa semana de m\u00fasica, dan\u00e7a e tradi\u00e7\u00f5es no maior festival<\/p>\n","protected":false},"author":1,"featured_media":53229,"comment_status":"closed","ping_status":"closed","sticky":false,"template":"","format":"standard","meta":{"colormag_page_container_layout":"default_layout","colormag_page_sidebar_layout":"default_layout","_monsterinsights_skip_tracking":false,"_monsterinsights_sitenote_active":false,"_monsterinsights_sitenote_note":"","_monsterinsights_sitenote_category":0,"jetpack_post_was_ever_published":false,"_jetpack_newsletter_access":"","_jetpack_dont_email_post_to_subs":false,"_jetpack_newsletter_tier_id":0,"_jetpack_memberships_contains_paywalled_content":false,"_jetpack_memberships_contains_paid_content":false,"footnotes":"","jetpack_publicize_message":"","jetpack_publicize_feature_enabled":true,"jetpack_social_post_already_shared":false,"jetpack_social_options":{"image_generator_settings":{"template":"highway","default_image_id":0,"font":"","enabled":false},"version":2}},"categories":[14],"tags":[36,35,57,1184],"class_list":["post-53228","post","type-post","status-publish","format-standard","has-post-thumbnail","hentry","category-cultura","tag-algarve","tag-cultura","tag-faro","tag-folkfaro"],"yoast_head":"<!-- This site is optimized with the Yoast SEO plugin v27.5 - https:\/\/yoast.com\/product\/yoast-seo-wordpress\/ -->\n<title>Gala de Abertura no Teatro das Figuras marca o arranque da 21\u00aa edi\u00e7\u00e3o do festival\u00a0FolkFaro 2025 - Algarve 7<\/title>\n<meta name=\"description\" content=\"Gala de Abertura no Teatro das Figuras marca o arranque da 21\u00aa edi\u00e7\u00e3o do festival\u00a0FolkFaro 2025 Cultura\" \/>\n<meta name=\"robots\" content=\"index, follow, max-snippet:-1, max-image-preview:large, max-video-preview:-1\" \/>\n<link rel=\"canonical\" href=\"https:\/\/algarve7.pt\/index.php\/2025\/08\/gala-de-abertura-no-teatro-das-figuras-marca-o-arranque-da-21a-edicao-do-festival-folkfaro-2025\/cultura\/07\/12\/\" \/>\n<meta property=\"og:locale\" content=\"pt_PT\" \/>\n<meta property=\"og:type\" content=\"article\" \/>\n<meta property=\"og:title\" content=\"Gala de Abertura no Teatro das Figuras marca o arranque da 21\u00aa edi\u00e7\u00e3o do festival\u00a0FolkFaro 2025 - Algarve 7\" \/>\n<meta property=\"og:description\" content=\"Gala de Abertura no Teatro das Figuras marca o arranque da 21\u00aa edi\u00e7\u00e3o do festival\u00a0FolkFaro 2025 Cultura\" \/>\n<meta property=\"og:url\" content=\"https:\/\/algarve7.pt\/index.php\/2025\/08\/gala-de-abertura-no-teatro-das-figuras-marca-o-arranque-da-21a-edicao-do-festival-folkfaro-2025\/cultura\/07\/12\/\" \/>\n<meta property=\"og:site_name\" content=\"Algarve 7\" \/>\n<meta property=\"article:publisher\" content=\"https:\/\/www.facebook.com\/algarve7\" \/>\n<meta property=\"article:author\" content=\"https:\/\/www.facebook.com\/algarve7\" \/>\n<meta property=\"article:published_time\" content=\"2025-08-13T06:12:00+00:00\" \/>\n<meta property=\"og:image\" content=\"https:\/\/algarve7.pt\/wp-content\/uploads\/2025\/08\/image.jpeg\" \/>\n\t<meta property=\"og:image:width\" content=\"800\" \/>\n\t<meta property=\"og:image:height\" content=\"500\" \/>\n\t<meta property=\"og:image:type\" content=\"image\/jpeg\" \/>\n<meta name=\"author\" content=\"Algarve 7\" \/>\n<meta name=\"twitter:card\" content=\"summary_large_image\" \/>\n<meta name=\"twitter:creator\" content=\"@Algarvesete\" \/>\n<meta name=\"twitter:site\" content=\"@Algarvesete\" \/>\n<meta name=\"twitter:label1\" content=\"Escrito por\" \/>\n\t<meta name=\"twitter:data1\" content=\"Algarve 7\" \/>\n\t<meta name=\"twitter:label2\" content=\"Tempo estimado de leitura\" \/>\n\t<meta name=\"twitter:data2\" content=\"7 minutos\" \/>\n<script type=\"application\/ld+json\" class=\"yoast-schema-graph\">{\"@context\":\"https:\\\/\\\/schema.org\",\"@graph\":[{\"@type\":\"Article\",\"@id\":\"https:\\\/\\\/algarve7.pt\\\/index.php\\\/2025\\\/08\\\/gala-de-abertura-no-teatro-das-figuras-marca-o-arranque-da-21a-edicao-do-festival-folkfaro-2025\\\/cultura\\\/07\\\/12\\\/#article\",\"isPartOf\":{\"@id\":\"https:\\\/\\\/algarve7.pt\\\/index.php\\\/2025\\\/08\\\/gala-de-abertura-no-teatro-das-figuras-marca-o-arranque-da-21a-edicao-do-festival-folkfaro-2025\\\/cultura\\\/07\\\/12\\\/\"},\"author\":{\"name\":\"Algarve 7\",\"@id\":\"https:\\\/\\\/algarve7.pt\\\/#\\\/schema\\\/person\\\/23fa70681308e7b319a3204bcea45e0c\"},\"headline\":\"Gala de Abertura no Teatro das Figuras marca o arranque da 21\u00aa edi\u00e7\u00e3o do festival\u00a0FolkFaro 2025\",\"datePublished\":\"2025-08-13T06:12:00+00:00\",\"mainEntityOfPage\":{\"@id\":\"https:\\\/\\\/algarve7.pt\\\/index.php\\\/2025\\\/08\\\/gala-de-abertura-no-teatro-das-figuras-marca-o-arranque-da-21a-edicao-do-festival-folkfaro-2025\\\/cultura\\\/07\\\/12\\\/\"},\"wordCount\":1320,\"publisher\":{\"@id\":\"https:\\\/\\\/algarve7.pt\\\/#organization\"},\"image\":{\"@id\":\"https:\\\/\\\/algarve7.pt\\\/index.php\\\/2025\\\/08\\\/gala-de-abertura-no-teatro-das-figuras-marca-o-arranque-da-21a-edicao-do-festival-folkfaro-2025\\\/cultura\\\/07\\\/12\\\/#primaryimage\"},\"thumbnailUrl\":\"https:\\\/\\\/algarve7.pt\\\/wp-content\\\/uploads\\\/2025\\\/08\\\/image.jpeg\",\"keywords\":[\"Algarve\",\"Cultura\",\"Faro\",\"FolkFaro\"],\"articleSection\":[\"Cultura\"],\"inLanguage\":\"pt-PT\"},{\"@type\":\"WebPage\",\"@id\":\"https:\\\/\\\/algarve7.pt\\\/index.php\\\/2025\\\/08\\\/gala-de-abertura-no-teatro-das-figuras-marca-o-arranque-da-21a-edicao-do-festival-folkfaro-2025\\\/cultura\\\/07\\\/12\\\/\",\"url\":\"https:\\\/\\\/algarve7.pt\\\/index.php\\\/2025\\\/08\\\/gala-de-abertura-no-teatro-das-figuras-marca-o-arranque-da-21a-edicao-do-festival-folkfaro-2025\\\/cultura\\\/07\\\/12\\\/\",\"name\":\"Gala de Abertura no Teatro das Figuras marca o arranque da 21\u00aa edi\u00e7\u00e3o do festival\u00a0FolkFaro 2025 - Algarve 7\",\"isPartOf\":{\"@id\":\"https:\\\/\\\/algarve7.pt\\\/#website\"},\"primaryImageOfPage\":{\"@id\":\"https:\\\/\\\/algarve7.pt\\\/index.php\\\/2025\\\/08\\\/gala-de-abertura-no-teatro-das-figuras-marca-o-arranque-da-21a-edicao-do-festival-folkfaro-2025\\\/cultura\\\/07\\\/12\\\/#primaryimage\"},\"image\":{\"@id\":\"https:\\\/\\\/algarve7.pt\\\/index.php\\\/2025\\\/08\\\/gala-de-abertura-no-teatro-das-figuras-marca-o-arranque-da-21a-edicao-do-festival-folkfaro-2025\\\/cultura\\\/07\\\/12\\\/#primaryimage\"},\"thumbnailUrl\":\"https:\\\/\\\/algarve7.pt\\\/wp-content\\\/uploads\\\/2025\\\/08\\\/image.jpeg\",\"datePublished\":\"2025-08-13T06:12:00+00:00\",\"description\":\"Gala de Abertura no Teatro das Figuras marca o arranque da 21\u00aa edi\u00e7\u00e3o do festival\u00a0FolkFaro 2025 Cultura\",\"breadcrumb\":{\"@id\":\"https:\\\/\\\/algarve7.pt\\\/index.php\\\/2025\\\/08\\\/gala-de-abertura-no-teatro-das-figuras-marca-o-arranque-da-21a-edicao-do-festival-folkfaro-2025\\\/cultura\\\/07\\\/12\\\/#breadcrumb\"},\"inLanguage\":\"pt-PT\",\"potentialAction\":[{\"@type\":\"ReadAction\",\"target\":[\"https:\\\/\\\/algarve7.pt\\\/index.php\\\/2025\\\/08\\\/gala-de-abertura-no-teatro-das-figuras-marca-o-arranque-da-21a-edicao-do-festival-folkfaro-2025\\\/cultura\\\/07\\\/12\\\/\"]}]},{\"@type\":\"ImageObject\",\"inLanguage\":\"pt-PT\",\"@id\":\"https:\\\/\\\/algarve7.pt\\\/index.php\\\/2025\\\/08\\\/gala-de-abertura-no-teatro-das-figuras-marca-o-arranque-da-21a-edicao-do-festival-folkfaro-2025\\\/cultura\\\/07\\\/12\\\/#primaryimage\",\"url\":\"https:\\\/\\\/algarve7.pt\\\/wp-content\\\/uploads\\\/2025\\\/08\\\/image.jpeg\",\"contentUrl\":\"https:\\\/\\\/algarve7.pt\\\/wp-content\\\/uploads\\\/2025\\\/08\\\/image.jpeg\",\"width\":800,\"height\":500},{\"@type\":\"BreadcrumbList\",\"@id\":\"https:\\\/\\\/algarve7.pt\\\/index.php\\\/2025\\\/08\\\/gala-de-abertura-no-teatro-das-figuras-marca-o-arranque-da-21a-edicao-do-festival-folkfaro-2025\\\/cultura\\\/07\\\/12\\\/#breadcrumb\",\"itemListElement\":[{\"@type\":\"ListItem\",\"position\":1,\"name\":\"In\u00edcio\",\"item\":\"https:\\\/\\\/algarve7.pt\\\/\"},{\"@type\":\"ListItem\",\"position\":2,\"name\":\"Gala de Abertura no Teatro das Figuras marca o arranque da 21\u00aa edi\u00e7\u00e3o do festival\u00a0FolkFaro 2025\"}]},{\"@type\":\"WebSite\",\"@id\":\"https:\\\/\\\/algarve7.pt\\\/#website\",\"url\":\"https:\\\/\\\/algarve7.pt\\\/\",\"name\":\"Algarve 7\",\"description\":\"Informa\u00e7\u00e3o sobre o Algarve\",\"publisher\":{\"@id\":\"https:\\\/\\\/algarve7.pt\\\/#organization\"},\"potentialAction\":[{\"@type\":\"SearchAction\",\"target\":{\"@type\":\"EntryPoint\",\"urlTemplate\":\"https:\\\/\\\/algarve7.pt\\\/?s={search_term_string}\"},\"query-input\":{\"@type\":\"PropertyValueSpecification\",\"valueRequired\":true,\"valueName\":\"search_term_string\"}}],\"inLanguage\":\"pt-PT\"},{\"@type\":\"Organization\",\"@id\":\"https:\\\/\\\/algarve7.pt\\\/#organization\",\"name\":\"Algarve 7\",\"url\":\"https:\\\/\\\/algarve7.pt\\\/\",\"logo\":{\"@type\":\"ImageObject\",\"inLanguage\":\"pt-PT\",\"@id\":\"https:\\\/\\\/algarve7.pt\\\/#\\\/schema\\\/logo\\\/image\\\/\",\"url\":\"https:\\\/\\\/algarve7.pt\\\/wp-content\\\/uploads\\\/2020\\\/10\\\/Logo-8.jpg\",\"contentUrl\":\"https:\\\/\\\/algarve7.pt\\\/wp-content\\\/uploads\\\/2020\\\/10\\\/Logo-8.jpg\",\"width\":1680,\"height\":1186,\"caption\":\"Algarve 7\"},\"image\":{\"@id\":\"https:\\\/\\\/algarve7.pt\\\/#\\\/schema\\\/logo\\\/image\\\/\"},\"sameAs\":[\"https:\\\/\\\/www.facebook.com\\\/algarve7\",\"https:\\\/\\\/x.com\\\/Algarvesete\",\"https:\\\/\\\/www.instagram.com\\\/jornalalgarve7\\\/\",\"https:\\\/\\\/www.linkedin.com\\\/company\\\/algarve7\",\"https:\\\/\\\/www.pinterest.pt\\\/geral0939\\\/_created\\\/\"]},{\"@type\":\"Person\",\"@id\":\"https:\\\/\\\/algarve7.pt\\\/#\\\/schema\\\/person\\\/23fa70681308e7b319a3204bcea45e0c\",\"name\":\"Algarve 7\",\"sameAs\":[\"https:\\\/\\\/algarve7.pt\",\"https:\\\/\\\/www.facebook.com\\\/algarve7\"],\"url\":\"https:\\\/\\\/algarve7.pt\\\/index.php\\\/author\\\/geralalgarve7-pt\\\/\"}]}<\/script>\n<!-- \/ Yoast SEO plugin. -->","yoast_head_json":{"title":"Gala de Abertura no Teatro das Figuras marca o arranque da 21\u00aa edi\u00e7\u00e3o do festival\u00a0FolkFaro 2025 - Algarve 7","description":"Gala de Abertura no Teatro das Figuras marca o arranque da 21\u00aa edi\u00e7\u00e3o do festival\u00a0FolkFaro 2025 Cultura","robots":{"index":"index","follow":"follow","max-snippet":"max-snippet:-1","max-image-preview":"max-image-preview:large","max-video-preview":"max-video-preview:-1"},"canonical":"https:\/\/algarve7.pt\/index.php\/2025\/08\/gala-de-abertura-no-teatro-das-figuras-marca-o-arranque-da-21a-edicao-do-festival-folkfaro-2025\/cultura\/07\/12\/","og_locale":"pt_PT","og_type":"article","og_title":"Gala de Abertura no Teatro das Figuras marca o arranque da 21\u00aa edi\u00e7\u00e3o do festival\u00a0FolkFaro 2025 - Algarve 7","og_description":"Gala de Abertura no Teatro das Figuras marca o arranque da 21\u00aa edi\u00e7\u00e3o do festival\u00a0FolkFaro 2025 Cultura","og_url":"https:\/\/algarve7.pt\/index.php\/2025\/08\/gala-de-abertura-no-teatro-das-figuras-marca-o-arranque-da-21a-edicao-do-festival-folkfaro-2025\/cultura\/07\/12\/","og_site_name":"Algarve 7","article_publisher":"https:\/\/www.facebook.com\/algarve7","article_author":"https:\/\/www.facebook.com\/algarve7","article_published_time":"2025-08-13T06:12:00+00:00","og_image":[{"width":800,"height":500,"url":"https:\/\/algarve7.pt\/wp-content\/uploads\/2025\/08\/image.jpeg","type":"image\/jpeg"}],"author":"Algarve 7","twitter_card":"summary_large_image","twitter_creator":"@Algarvesete","twitter_site":"@Algarvesete","twitter_misc":{"Escrito por":"Algarve 7","Tempo estimado de leitura":"7 minutos"},"schema":{"@context":"https:\/\/schema.org","@graph":[{"@type":"Article","@id":"https:\/\/algarve7.pt\/index.php\/2025\/08\/gala-de-abertura-no-teatro-das-figuras-marca-o-arranque-da-21a-edicao-do-festival-folkfaro-2025\/cultura\/07\/12\/#article","isPartOf":{"@id":"https:\/\/algarve7.pt\/index.php\/2025\/08\/gala-de-abertura-no-teatro-das-figuras-marca-o-arranque-da-21a-edicao-do-festival-folkfaro-2025\/cultura\/07\/12\/"},"author":{"name":"Algarve 7","@id":"https:\/\/algarve7.pt\/#\/schema\/person\/23fa70681308e7b319a3204bcea45e0c"},"headline":"Gala de Abertura no Teatro das Figuras marca o arranque da 21\u00aa edi\u00e7\u00e3o do festival\u00a0FolkFaro 2025","datePublished":"2025-08-13T06:12:00+00:00","mainEntityOfPage":{"@id":"https:\/\/algarve7.pt\/index.php\/2025\/08\/gala-de-abertura-no-teatro-das-figuras-marca-o-arranque-da-21a-edicao-do-festival-folkfaro-2025\/cultura\/07\/12\/"},"wordCount":1320,"publisher":{"@id":"https:\/\/algarve7.pt\/#organization"},"image":{"@id":"https:\/\/algarve7.pt\/index.php\/2025\/08\/gala-de-abertura-no-teatro-das-figuras-marca-o-arranque-da-21a-edicao-do-festival-folkfaro-2025\/cultura\/07\/12\/#primaryimage"},"thumbnailUrl":"https:\/\/algarve7.pt\/wp-content\/uploads\/2025\/08\/image.jpeg","keywords":["Algarve","Cultura","Faro","FolkFaro"],"articleSection":["Cultura"],"inLanguage":"pt-PT"},{"@type":"WebPage","@id":"https:\/\/algarve7.pt\/index.php\/2025\/08\/gala-de-abertura-no-teatro-das-figuras-marca-o-arranque-da-21a-edicao-do-festival-folkfaro-2025\/cultura\/07\/12\/","url":"https:\/\/algarve7.pt\/index.php\/2025\/08\/gala-de-abertura-no-teatro-das-figuras-marca-o-arranque-da-21a-edicao-do-festival-folkfaro-2025\/cultura\/07\/12\/","name":"Gala de Abertura no Teatro das Figuras marca o arranque da 21\u00aa edi\u00e7\u00e3o do festival\u00a0FolkFaro 2025 - Algarve 7","isPartOf":{"@id":"https:\/\/algarve7.pt\/#website"},"primaryImageOfPage":{"@id":"https:\/\/algarve7.pt\/index.php\/2025\/08\/gala-de-abertura-no-teatro-das-figuras-marca-o-arranque-da-21a-edicao-do-festival-folkfaro-2025\/cultura\/07\/12\/#primaryimage"},"image":{"@id":"https:\/\/algarve7.pt\/index.php\/2025\/08\/gala-de-abertura-no-teatro-das-figuras-marca-o-arranque-da-21a-edicao-do-festival-folkfaro-2025\/cultura\/07\/12\/#primaryimage"},"thumbnailUrl":"https:\/\/algarve7.pt\/wp-content\/uploads\/2025\/08\/image.jpeg","datePublished":"2025-08-13T06:12:00+00:00","description":"Gala de Abertura no Teatro das Figuras marca o arranque da 21\u00aa edi\u00e7\u00e3o do festival\u00a0FolkFaro 2025 Cultura","breadcrumb":{"@id":"https:\/\/algarve7.pt\/index.php\/2025\/08\/gala-de-abertura-no-teatro-das-figuras-marca-o-arranque-da-21a-edicao-do-festival-folkfaro-2025\/cultura\/07\/12\/#breadcrumb"},"inLanguage":"pt-PT","potentialAction":[{"@type":"ReadAction","target":["https:\/\/algarve7.pt\/index.php\/2025\/08\/gala-de-abertura-no-teatro-das-figuras-marca-o-arranque-da-21a-edicao-do-festival-folkfaro-2025\/cultura\/07\/12\/"]}]},{"@type":"ImageObject","inLanguage":"pt-PT","@id":"https:\/\/algarve7.pt\/index.php\/2025\/08\/gala-de-abertura-no-teatro-das-figuras-marca-o-arranque-da-21a-edicao-do-festival-folkfaro-2025\/cultura\/07\/12\/#primaryimage","url":"https:\/\/algarve7.pt\/wp-content\/uploads\/2025\/08\/image.jpeg","contentUrl":"https:\/\/algarve7.pt\/wp-content\/uploads\/2025\/08\/image.jpeg","width":800,"height":500},{"@type":"BreadcrumbList","@id":"https:\/\/algarve7.pt\/index.php\/2025\/08\/gala-de-abertura-no-teatro-das-figuras-marca-o-arranque-da-21a-edicao-do-festival-folkfaro-2025\/cultura\/07\/12\/#breadcrumb","itemListElement":[{"@type":"ListItem","position":1,"name":"In\u00edcio","item":"https:\/\/algarve7.pt\/"},{"@type":"ListItem","position":2,"name":"Gala de Abertura no Teatro das Figuras marca o arranque da 21\u00aa edi\u00e7\u00e3o do festival\u00a0FolkFaro 2025"}]},{"@type":"WebSite","@id":"https:\/\/algarve7.pt\/#website","url":"https:\/\/algarve7.pt\/","name":"Algarve 7","description":"Informa\u00e7\u00e3o sobre o Algarve","publisher":{"@id":"https:\/\/algarve7.pt\/#organization"},"potentialAction":[{"@type":"SearchAction","target":{"@type":"EntryPoint","urlTemplate":"https:\/\/algarve7.pt\/?s={search_term_string}"},"query-input":{"@type":"PropertyValueSpecification","valueRequired":true,"valueName":"search_term_string"}}],"inLanguage":"pt-PT"},{"@type":"Organization","@id":"https:\/\/algarve7.pt\/#organization","name":"Algarve 7","url":"https:\/\/algarve7.pt\/","logo":{"@type":"ImageObject","inLanguage":"pt-PT","@id":"https:\/\/algarve7.pt\/#\/schema\/logo\/image\/","url":"https:\/\/algarve7.pt\/wp-content\/uploads\/2020\/10\/Logo-8.jpg","contentUrl":"https:\/\/algarve7.pt\/wp-content\/uploads\/2020\/10\/Logo-8.jpg","width":1680,"height":1186,"caption":"Algarve 7"},"image":{"@id":"https:\/\/algarve7.pt\/#\/schema\/logo\/image\/"},"sameAs":["https:\/\/www.facebook.com\/algarve7","https:\/\/x.com\/Algarvesete","https:\/\/www.instagram.com\/jornalalgarve7\/","https:\/\/www.linkedin.com\/company\/algarve7","https:\/\/www.pinterest.pt\/geral0939\/_created\/"]},{"@type":"Person","@id":"https:\/\/algarve7.pt\/#\/schema\/person\/23fa70681308e7b319a3204bcea45e0c","name":"Algarve 7","sameAs":["https:\/\/algarve7.pt","https:\/\/www.facebook.com\/algarve7"],"url":"https:\/\/algarve7.pt\/index.php\/author\/geralalgarve7-pt\/"}]}},"jetpack_publicize_connections":[],"jetpack_featured_media_url":"https:\/\/algarve7.pt\/wp-content\/uploads\/2025\/08\/image.jpeg","jetpack_shortlink":"https:\/\/wp.me\/pcezmW-dQw","jetpack_sharing_enabled":true,"_links":{"self":[{"href":"https:\/\/algarve7.pt\/index.php\/wp-json\/wp\/v2\/posts\/53228","targetHints":{"allow":["GET"]}}],"collection":[{"href":"https:\/\/algarve7.pt\/index.php\/wp-json\/wp\/v2\/posts"}],"about":[{"href":"https:\/\/algarve7.pt\/index.php\/wp-json\/wp\/v2\/types\/post"}],"author":[{"embeddable":true,"href":"https:\/\/algarve7.pt\/index.php\/wp-json\/wp\/v2\/users\/1"}],"replies":[{"embeddable":true,"href":"https:\/\/algarve7.pt\/index.php\/wp-json\/wp\/v2\/comments?post=53228"}],"version-history":[{"count":0,"href":"https:\/\/algarve7.pt\/index.php\/wp-json\/wp\/v2\/posts\/53228\/revisions"}],"wp:featuredmedia":[{"embeddable":true,"href":"https:\/\/algarve7.pt\/index.php\/wp-json\/wp\/v2\/media\/53229"}],"wp:attachment":[{"href":"https:\/\/algarve7.pt\/index.php\/wp-json\/wp\/v2\/media?parent=53228"}],"wp:term":[{"taxonomy":"category","embeddable":true,"href":"https:\/\/algarve7.pt\/index.php\/wp-json\/wp\/v2\/categories?post=53228"},{"taxonomy":"post_tag","embeddable":true,"href":"https:\/\/algarve7.pt\/index.php\/wp-json\/wp\/v2\/tags?post=53228"}],"curies":[{"name":"wp","href":"https:\/\/api.w.org\/{rel}","templated":true}]}}