{"id":53218,"date":"2025-08-13T07:05:00","date_gmt":"2025-08-13T06:05:00","guid":{"rendered":"https:\/\/algarve7.pt\/?p=53218"},"modified":"2025-08-12T11:11:00","modified_gmt":"2025-08-12T10:11:00","slug":"vale-educacao-do-municipio-de-sao-bras-de-alportel-avanca-para-edicao-2025-2026","status":"publish","type":"post","link":"https:\/\/algarve7.pt\/index.php\/2025\/08\/vale-educacao-do-municipio-de-sao-bras-de-alportel-avanca-para-edicao-2025-2026\/educacao\/07\/05\/","title":{"rendered":"Vale + Educa\u00e7\u00e3o do Munic\u00edpio de S\u00e3o Br\u00e1s de Alportel avan\u00e7a para edi\u00e7\u00e3o 2025\/2026"},"content":{"rendered":"\n<p><strong>Consciente das dificuldades das fam\u00edlias em per\u00edodo de arranque de um novo ano letivo, o Munic\u00edpio de S\u00e3o Br\u00e1s de Alportel lan\u00e7a uma nova edi\u00e7\u00e3o da medida de apoio criada em 2015 &#8211; Vale Mais Educa\u00e7\u00e3o.&nbsp;<\/strong><\/p>\n\n\n\n<p>A medida \u00e9 viabilizada com a colabora\u00e7\u00e3o do Agrupamento de Escolas Jos\u00e9 Belchior Viegas e da Associa\u00e7\u00e3o de Pais, entidades com as quais o munic\u00edpio formalizou o acordo que regula a atribui\u00e7\u00e3o do Vale + Educa\u00e7\u00e3o para o ano letivo de 2025-2026, mantendo o apoio de 25 euros por aluno dos ensinos b\u00e1sico e secund\u00e1rio p\u00fablico do concelho.&nbsp;<\/p>\n\n\n\n<p>A medida visa apoiar a aquisi\u00e7\u00e3o de material escolar e refor\u00e7ar a articula\u00e7\u00e3o entre fam\u00edlias, escolas e com\u00e9rcio local.<\/p>\n\n\n\n<p>Trata-se de uma medida de apoio \u00e0 aquisi\u00e7\u00e3o de material escolar e cadernos de atividades criada em 2015 que abrange as fam\u00edlias residentes no concelho com alunos inscritos no ensino p\u00fablico do 1.\u00ba ciclo ao ensino secund\u00e1rio.&nbsp;<\/p>\n\n\n\n<p>O valor definido para cada aluno no ano letivo 2025\/2026 mant\u00e9m-se nos 25,00 euros, desdobrado em dois vales de 12,50 euros, tal como nos cinco anos letivos anteriores e deve ser utilizado nas papelarias locais aderentes.<\/p>\n\n\n\n<p>Podem beneficiar do Vale + Educa\u00e7\u00e3o todos os alunos matriculados no Agrupamento de Escolas Jos\u00e9 Belchior Viegas, com resid\u00eancia comprovada no concelho. Est\u00e3o igualmente abrangidos os alunos do ensino secund\u00e1rio residentes no concelho que frequentem outros agrupamentos por inexist\u00eancia de oferta formativa local.<\/p>\n\n\n\n<p>O levantamento dos vales ser\u00e1 realizado presencialmente na C\u00e2mara Municipal, a partir de 18 de agosto, nos dias \u00fateis, das 9h00 \u00e0s 16h00, mediante identifica\u00e7\u00e3o do encarregado de educa\u00e7\u00e3o ou do pr\u00f3prio aluno (se maior de idade).&nbsp;<\/p>\n\n\n\n<p>A validade dos vales estende-se at\u00e9 31 de outubro de 2025.<\/p>\n\n\n\n<p>O apoio ser\u00e1 financiado at\u00e9 ao limite m\u00e1ximo de 35.000,00 euros, valor previsto no or\u00e7amento municipal para o ano de 2025.<\/p>\n","protected":false},"excerpt":{"rendered":"<p>Consciente das dificuldades das fam\u00edlias em per\u00edodo de arranque de um novo ano letivo, o Munic\u00edpio de S\u00e3o Br\u00e1s de<\/p>\n","protected":false},"author":1,"featured_media":53219,"comment_status":"closed","ping_status":"closed","sticky":false,"template":"","format":"standard","meta":{"colormag_page_container_layout":"default_layout","colormag_page_sidebar_layout":"default_layout","_monsterinsights_skip_tracking":false,"_monsterinsights_sitenote_active":false,"_monsterinsights_sitenote_note":"","_monsterinsights_sitenote_category":0,"jetpack_post_was_ever_published":false,"_jetpack_newsletter_access":"","_jetpack_dont_email_post_to_subs":false,"_jetpack_newsletter_tier_id":0,"_jetpack_memberships_contains_paywalled_content":false,"_jetpack_memberships_contains_paid_content":false,"footnotes":"","jetpack_publicize_message":"","jetpack_publicize_feature_enabled":true,"jetpack_social_post_already_shared":false,"jetpack_social_options":{"image_generator_settings":{"template":"highway","default_image_id":0,"font":"","enabled":false},"version":2}},"categories":[93],"tags":[36,74,63],"class_list":["post-53218","post","type-post","status-publish","format-standard","has-post-thumbnail","hentry","category-educacao","tag-algarve","tag-educacao","tag-sao-bras-de-alportel"],"yoast_head":"<!-- This site is optimized with the Yoast SEO plugin v27.5 - https:\/\/yoast.com\/product\/yoast-seo-wordpress\/ -->\n<title>Vale + Educa\u00e7\u00e3o do Munic\u00edpio de S\u00e3o Br\u00e1s de Alportel avan\u00e7a para edi\u00e7\u00e3o 2025\/2026 - Algarve 7<\/title>\n<meta name=\"description\" content=\"Vale + Educa\u00e7\u00e3o do Munic\u00edpio de S\u00e3o Br\u00e1s de Alportel avan\u00e7a para edi\u00e7\u00e3o 2025\/2026 Educa\u00e7\u00e3o\" \/>\n<meta name=\"robots\" content=\"index, follow, max-snippet:-1, max-image-preview:large, max-video-preview:-1\" \/>\n<link rel=\"canonical\" href=\"https:\/\/algarve7.pt\/index.php\/2025\/08\/vale-educacao-do-municipio-de-sao-bras-de-alportel-avanca-para-edicao-2025-2026\/educacao\/07\/05\/\" \/>\n<meta property=\"og:locale\" content=\"pt_PT\" \/>\n<meta property=\"og:type\" content=\"article\" \/>\n<meta property=\"og:title\" content=\"Vale + Educa\u00e7\u00e3o do Munic\u00edpio de S\u00e3o Br\u00e1s de Alportel avan\u00e7a para edi\u00e7\u00e3o 2025\/2026 - Algarve 7\" \/>\n<meta property=\"og:description\" content=\"Vale + Educa\u00e7\u00e3o do Munic\u00edpio de S\u00e3o Br\u00e1s de Alportel avan\u00e7a para edi\u00e7\u00e3o 2025\/2026 Educa\u00e7\u00e3o\" \/>\n<meta property=\"og:url\" content=\"https:\/\/algarve7.pt\/index.php\/2025\/08\/vale-educacao-do-municipio-de-sao-bras-de-alportel-avanca-para-edicao-2025-2026\/educacao\/07\/05\/\" \/>\n<meta property=\"og:site_name\" content=\"Algarve 7\" \/>\n<meta property=\"article:publisher\" content=\"https:\/\/www.facebook.com\/algarve7\" \/>\n<meta property=\"article:author\" content=\"https:\/\/www.facebook.com\/algarve7\" \/>\n<meta property=\"article:published_time\" content=\"2025-08-13T06:05:00+00:00\" \/>\n<meta property=\"og:image\" content=\"https:\/\/algarve7.pt\/wp-content\/uploads\/2025\/08\/Vale_Mais_Educacao_SBA_25_26.jpeg\" \/>\n\t<meta property=\"og:image:width\" content=\"800\" \/>\n\t<meta property=\"og:image:height\" content=\"500\" \/>\n\t<meta property=\"og:image:type\" content=\"image\/jpeg\" \/>\n<meta name=\"author\" content=\"Algarve 7\" \/>\n<meta name=\"twitter:card\" content=\"summary_large_image\" \/>\n<meta name=\"twitter:creator\" content=\"@Algarvesete\" \/>\n<meta name=\"twitter:site\" content=\"@Algarvesete\" \/>\n<meta name=\"twitter:label1\" content=\"Escrito por\" \/>\n\t<meta name=\"twitter:data1\" content=\"Algarve 7\" \/>\n\t<meta name=\"twitter:label2\" content=\"Tempo estimado de leitura\" \/>\n\t<meta name=\"twitter:data2\" content=\"2 minutos\" \/>\n<script type=\"application\/ld+json\" class=\"yoast-schema-graph\">{\"@context\":\"https:\\\/\\\/schema.org\",\"@graph\":[{\"@type\":\"Article\",\"@id\":\"https:\\\/\\\/algarve7.pt\\\/index.php\\\/2025\\\/08\\\/vale-educacao-do-municipio-de-sao-bras-de-alportel-avanca-para-edicao-2025-2026\\\/educacao\\\/07\\\/05\\\/#article\",\"isPartOf\":{\"@id\":\"https:\\\/\\\/algarve7.pt\\\/index.php\\\/2025\\\/08\\\/vale-educacao-do-municipio-de-sao-bras-de-alportel-avanca-para-edicao-2025-2026\\\/educacao\\\/07\\\/05\\\/\"},\"author\":{\"name\":\"Algarve 7\",\"@id\":\"https:\\\/\\\/algarve7.pt\\\/#\\\/schema\\\/person\\\/23fa70681308e7b319a3204bcea45e0c\"},\"headline\":\"Vale + Educa\u00e7\u00e3o do Munic\u00edpio de S\u00e3o Br\u00e1s de Alportel avan\u00e7a para edi\u00e7\u00e3o 2025\\\/2026\",\"datePublished\":\"2025-08-13T06:05:00+00:00\",\"mainEntityOfPage\":{\"@id\":\"https:\\\/\\\/algarve7.pt\\\/index.php\\\/2025\\\/08\\\/vale-educacao-do-municipio-de-sao-bras-de-alportel-avanca-para-edicao-2025-2026\\\/educacao\\\/07\\\/05\\\/\"},\"wordCount\":341,\"publisher\":{\"@id\":\"https:\\\/\\\/algarve7.pt\\\/#organization\"},\"image\":{\"@id\":\"https:\\\/\\\/algarve7.pt\\\/index.php\\\/2025\\\/08\\\/vale-educacao-do-municipio-de-sao-bras-de-alportel-avanca-para-edicao-2025-2026\\\/educacao\\\/07\\\/05\\\/#primaryimage\"},\"thumbnailUrl\":\"https:\\\/\\\/algarve7.pt\\\/wp-content\\\/uploads\\\/2025\\\/08\\\/Vale_Mais_Educacao_SBA_25_26.jpeg\",\"keywords\":[\"Algarve\",\"Educa\u00e7\u00e3o\",\"S\u00e3o Br\u00e1s de Alportel\"],\"articleSection\":[\"Educa\u00e7\u00e3o\"],\"inLanguage\":\"pt-PT\"},{\"@type\":\"WebPage\",\"@id\":\"https:\\\/\\\/algarve7.pt\\\/index.php\\\/2025\\\/08\\\/vale-educacao-do-municipio-de-sao-bras-de-alportel-avanca-para-edicao-2025-2026\\\/educacao\\\/07\\\/05\\\/\",\"url\":\"https:\\\/\\\/algarve7.pt\\\/index.php\\\/2025\\\/08\\\/vale-educacao-do-municipio-de-sao-bras-de-alportel-avanca-para-edicao-2025-2026\\\/educacao\\\/07\\\/05\\\/\",\"name\":\"Vale + Educa\u00e7\u00e3o do Munic\u00edpio de S\u00e3o Br\u00e1s de Alportel avan\u00e7a para edi\u00e7\u00e3o 2025\\\/2026 - Algarve 7\",\"isPartOf\":{\"@id\":\"https:\\\/\\\/algarve7.pt\\\/#website\"},\"primaryImageOfPage\":{\"@id\":\"https:\\\/\\\/algarve7.pt\\\/index.php\\\/2025\\\/08\\\/vale-educacao-do-municipio-de-sao-bras-de-alportel-avanca-para-edicao-2025-2026\\\/educacao\\\/07\\\/05\\\/#primaryimage\"},\"image\":{\"@id\":\"https:\\\/\\\/algarve7.pt\\\/index.php\\\/2025\\\/08\\\/vale-educacao-do-municipio-de-sao-bras-de-alportel-avanca-para-edicao-2025-2026\\\/educacao\\\/07\\\/05\\\/#primaryimage\"},\"thumbnailUrl\":\"https:\\\/\\\/algarve7.pt\\\/wp-content\\\/uploads\\\/2025\\\/08\\\/Vale_Mais_Educacao_SBA_25_26.jpeg\",\"datePublished\":\"2025-08-13T06:05:00+00:00\",\"description\":\"Vale + Educa\u00e7\u00e3o do Munic\u00edpio de S\u00e3o Br\u00e1s de Alportel avan\u00e7a para edi\u00e7\u00e3o 2025\\\/2026 Educa\u00e7\u00e3o\",\"breadcrumb\":{\"@id\":\"https:\\\/\\\/algarve7.pt\\\/index.php\\\/2025\\\/08\\\/vale-educacao-do-municipio-de-sao-bras-de-alportel-avanca-para-edicao-2025-2026\\\/educacao\\\/07\\\/05\\\/#breadcrumb\"},\"inLanguage\":\"pt-PT\",\"potentialAction\":[{\"@type\":\"ReadAction\",\"target\":[\"https:\\\/\\\/algarve7.pt\\\/index.php\\\/2025\\\/08\\\/vale-educacao-do-municipio-de-sao-bras-de-alportel-avanca-para-edicao-2025-2026\\\/educacao\\\/07\\\/05\\\/\"]}]},{\"@type\":\"ImageObject\",\"inLanguage\":\"pt-PT\",\"@id\":\"https:\\\/\\\/algarve7.pt\\\/index.php\\\/2025\\\/08\\\/vale-educacao-do-municipio-de-sao-bras-de-alportel-avanca-para-edicao-2025-2026\\\/educacao\\\/07\\\/05\\\/#primaryimage\",\"url\":\"https:\\\/\\\/algarve7.pt\\\/wp-content\\\/uploads\\\/2025\\\/08\\\/Vale_Mais_Educacao_SBA_25_26.jpeg\",\"contentUrl\":\"https:\\\/\\\/algarve7.pt\\\/wp-content\\\/uploads\\\/2025\\\/08\\\/Vale_Mais_Educacao_SBA_25_26.jpeg\",\"width\":800,\"height\":500},{\"@type\":\"BreadcrumbList\",\"@id\":\"https:\\\/\\\/algarve7.pt\\\/index.php\\\/2025\\\/08\\\/vale-educacao-do-municipio-de-sao-bras-de-alportel-avanca-para-edicao-2025-2026\\\/educacao\\\/07\\\/05\\\/#breadcrumb\",\"itemListElement\":[{\"@type\":\"ListItem\",\"position\":1,\"name\":\"In\u00edcio\",\"item\":\"https:\\\/\\\/algarve7.pt\\\/\"},{\"@type\":\"ListItem\",\"position\":2,\"name\":\"Vale + Educa\u00e7\u00e3o do Munic\u00edpio de S\u00e3o Br\u00e1s de Alportel avan\u00e7a para edi\u00e7\u00e3o 2025\\\/2026\"}]},{\"@type\":\"WebSite\",\"@id\":\"https:\\\/\\\/algarve7.pt\\\/#website\",\"url\":\"https:\\\/\\\/algarve7.pt\\\/\",\"name\":\"Algarve 7\",\"description\":\"Informa\u00e7\u00e3o sobre o Algarve\",\"publisher\":{\"@id\":\"https:\\\/\\\/algarve7.pt\\\/#organization\"},\"potentialAction\":[{\"@type\":\"SearchAction\",\"target\":{\"@type\":\"EntryPoint\",\"urlTemplate\":\"https:\\\/\\\/algarve7.pt\\\/?s={search_term_string}\"},\"query-input\":{\"@type\":\"PropertyValueSpecification\",\"valueRequired\":true,\"valueName\":\"search_term_string\"}}],\"inLanguage\":\"pt-PT\"},{\"@type\":\"Organization\",\"@id\":\"https:\\\/\\\/algarve7.pt\\\/#organization\",\"name\":\"Algarve 7\",\"url\":\"https:\\\/\\\/algarve7.pt\\\/\",\"logo\":{\"@type\":\"ImageObject\",\"inLanguage\":\"pt-PT\",\"@id\":\"https:\\\/\\\/algarve7.pt\\\/#\\\/schema\\\/logo\\\/image\\\/\",\"url\":\"https:\\\/\\\/algarve7.pt\\\/wp-content\\\/uploads\\\/2020\\\/10\\\/Logo-8.jpg\",\"contentUrl\":\"https:\\\/\\\/algarve7.pt\\\/wp-content\\\/uploads\\\/2020\\\/10\\\/Logo-8.jpg\",\"width\":1680,\"height\":1186,\"caption\":\"Algarve 7\"},\"image\":{\"@id\":\"https:\\\/\\\/algarve7.pt\\\/#\\\/schema\\\/logo\\\/image\\\/\"},\"sameAs\":[\"https:\\\/\\\/www.facebook.com\\\/algarve7\",\"https:\\\/\\\/x.com\\\/Algarvesete\",\"https:\\\/\\\/www.instagram.com\\\/jornalalgarve7\\\/\",\"https:\\\/\\\/www.linkedin.com\\\/company\\\/algarve7\",\"https:\\\/\\\/www.pinterest.pt\\\/geral0939\\\/_created\\\/\"]},{\"@type\":\"Person\",\"@id\":\"https:\\\/\\\/algarve7.pt\\\/#\\\/schema\\\/person\\\/23fa70681308e7b319a3204bcea45e0c\",\"name\":\"Algarve 7\",\"sameAs\":[\"https:\\\/\\\/algarve7.pt\",\"https:\\\/\\\/www.facebook.com\\\/algarve7\"],\"url\":\"https:\\\/\\\/algarve7.pt\\\/index.php\\\/author\\\/geralalgarve7-pt\\\/\"}]}<\/script>\n<!-- \/ Yoast SEO plugin. -->","yoast_head_json":{"title":"Vale + Educa\u00e7\u00e3o do Munic\u00edpio de S\u00e3o Br\u00e1s de Alportel avan\u00e7a para edi\u00e7\u00e3o 2025\/2026 - Algarve 7","description":"Vale + Educa\u00e7\u00e3o do Munic\u00edpio de S\u00e3o Br\u00e1s de Alportel avan\u00e7a para edi\u00e7\u00e3o 2025\/2026 Educa\u00e7\u00e3o","robots":{"index":"index","follow":"follow","max-snippet":"max-snippet:-1","max-image-preview":"max-image-preview:large","max-video-preview":"max-video-preview:-1"},"canonical":"https:\/\/algarve7.pt\/index.php\/2025\/08\/vale-educacao-do-municipio-de-sao-bras-de-alportel-avanca-para-edicao-2025-2026\/educacao\/07\/05\/","og_locale":"pt_PT","og_type":"article","og_title":"Vale + Educa\u00e7\u00e3o do Munic\u00edpio de S\u00e3o Br\u00e1s de Alportel avan\u00e7a para edi\u00e7\u00e3o 2025\/2026 - Algarve 7","og_description":"Vale + Educa\u00e7\u00e3o do Munic\u00edpio de S\u00e3o Br\u00e1s de Alportel avan\u00e7a para edi\u00e7\u00e3o 2025\/2026 Educa\u00e7\u00e3o","og_url":"https:\/\/algarve7.pt\/index.php\/2025\/08\/vale-educacao-do-municipio-de-sao-bras-de-alportel-avanca-para-edicao-2025-2026\/educacao\/07\/05\/","og_site_name":"Algarve 7","article_publisher":"https:\/\/www.facebook.com\/algarve7","article_author":"https:\/\/www.facebook.com\/algarve7","article_published_time":"2025-08-13T06:05:00+00:00","og_image":[{"width":800,"height":500,"url":"https:\/\/algarve7.pt\/wp-content\/uploads\/2025\/08\/Vale_Mais_Educacao_SBA_25_26.jpeg","type":"image\/jpeg"}],"author":"Algarve 7","twitter_card":"summary_large_image","twitter_creator":"@Algarvesete","twitter_site":"@Algarvesete","twitter_misc":{"Escrito por":"Algarve 7","Tempo estimado de leitura":"2 minutos"},"schema":{"@context":"https:\/\/schema.org","@graph":[{"@type":"Article","@id":"https:\/\/algarve7.pt\/index.php\/2025\/08\/vale-educacao-do-municipio-de-sao-bras-de-alportel-avanca-para-edicao-2025-2026\/educacao\/07\/05\/#article","isPartOf":{"@id":"https:\/\/algarve7.pt\/index.php\/2025\/08\/vale-educacao-do-municipio-de-sao-bras-de-alportel-avanca-para-edicao-2025-2026\/educacao\/07\/05\/"},"author":{"name":"Algarve 7","@id":"https:\/\/algarve7.pt\/#\/schema\/person\/23fa70681308e7b319a3204bcea45e0c"},"headline":"Vale + Educa\u00e7\u00e3o do Munic\u00edpio de S\u00e3o Br\u00e1s de Alportel avan\u00e7a para edi\u00e7\u00e3o 2025\/2026","datePublished":"2025-08-13T06:05:00+00:00","mainEntityOfPage":{"@id":"https:\/\/algarve7.pt\/index.php\/2025\/08\/vale-educacao-do-municipio-de-sao-bras-de-alportel-avanca-para-edicao-2025-2026\/educacao\/07\/05\/"},"wordCount":341,"publisher":{"@id":"https:\/\/algarve7.pt\/#organization"},"image":{"@id":"https:\/\/algarve7.pt\/index.php\/2025\/08\/vale-educacao-do-municipio-de-sao-bras-de-alportel-avanca-para-edicao-2025-2026\/educacao\/07\/05\/#primaryimage"},"thumbnailUrl":"https:\/\/algarve7.pt\/wp-content\/uploads\/2025\/08\/Vale_Mais_Educacao_SBA_25_26.jpeg","keywords":["Algarve","Educa\u00e7\u00e3o","S\u00e3o Br\u00e1s de Alportel"],"articleSection":["Educa\u00e7\u00e3o"],"inLanguage":"pt-PT"},{"@type":"WebPage","@id":"https:\/\/algarve7.pt\/index.php\/2025\/08\/vale-educacao-do-municipio-de-sao-bras-de-alportel-avanca-para-edicao-2025-2026\/educacao\/07\/05\/","url":"https:\/\/algarve7.pt\/index.php\/2025\/08\/vale-educacao-do-municipio-de-sao-bras-de-alportel-avanca-para-edicao-2025-2026\/educacao\/07\/05\/","name":"Vale + Educa\u00e7\u00e3o do Munic\u00edpio de S\u00e3o Br\u00e1s de Alportel avan\u00e7a para edi\u00e7\u00e3o 2025\/2026 - Algarve 7","isPartOf":{"@id":"https:\/\/algarve7.pt\/#website"},"primaryImageOfPage":{"@id":"https:\/\/algarve7.pt\/index.php\/2025\/08\/vale-educacao-do-municipio-de-sao-bras-de-alportel-avanca-para-edicao-2025-2026\/educacao\/07\/05\/#primaryimage"},"image":{"@id":"https:\/\/algarve7.pt\/index.php\/2025\/08\/vale-educacao-do-municipio-de-sao-bras-de-alportel-avanca-para-edicao-2025-2026\/educacao\/07\/05\/#primaryimage"},"thumbnailUrl":"https:\/\/algarve7.pt\/wp-content\/uploads\/2025\/08\/Vale_Mais_Educacao_SBA_25_26.jpeg","datePublished":"2025-08-13T06:05:00+00:00","description":"Vale + Educa\u00e7\u00e3o do Munic\u00edpio de S\u00e3o Br\u00e1s de Alportel avan\u00e7a para edi\u00e7\u00e3o 2025\/2026 Educa\u00e7\u00e3o","breadcrumb":{"@id":"https:\/\/algarve7.pt\/index.php\/2025\/08\/vale-educacao-do-municipio-de-sao-bras-de-alportel-avanca-para-edicao-2025-2026\/educacao\/07\/05\/#breadcrumb"},"inLanguage":"pt-PT","potentialAction":[{"@type":"ReadAction","target":["https:\/\/algarve7.pt\/index.php\/2025\/08\/vale-educacao-do-municipio-de-sao-bras-de-alportel-avanca-para-edicao-2025-2026\/educacao\/07\/05\/"]}]},{"@type":"ImageObject","inLanguage":"pt-PT","@id":"https:\/\/algarve7.pt\/index.php\/2025\/08\/vale-educacao-do-municipio-de-sao-bras-de-alportel-avanca-para-edicao-2025-2026\/educacao\/07\/05\/#primaryimage","url":"https:\/\/algarve7.pt\/wp-content\/uploads\/2025\/08\/Vale_Mais_Educacao_SBA_25_26.jpeg","contentUrl":"https:\/\/algarve7.pt\/wp-content\/uploads\/2025\/08\/Vale_Mais_Educacao_SBA_25_26.jpeg","width":800,"height":500},{"@type":"BreadcrumbList","@id":"https:\/\/algarve7.pt\/index.php\/2025\/08\/vale-educacao-do-municipio-de-sao-bras-de-alportel-avanca-para-edicao-2025-2026\/educacao\/07\/05\/#breadcrumb","itemListElement":[{"@type":"ListItem","position":1,"name":"In\u00edcio","item":"https:\/\/algarve7.pt\/"},{"@type":"ListItem","position":2,"name":"Vale + Educa\u00e7\u00e3o do Munic\u00edpio de S\u00e3o Br\u00e1s de Alportel avan\u00e7a para edi\u00e7\u00e3o 2025\/2026"}]},{"@type":"WebSite","@id":"https:\/\/algarve7.pt\/#website","url":"https:\/\/algarve7.pt\/","name":"Algarve 7","description":"Informa\u00e7\u00e3o sobre o Algarve","publisher":{"@id":"https:\/\/algarve7.pt\/#organization"},"potentialAction":[{"@type":"SearchAction","target":{"@type":"EntryPoint","urlTemplate":"https:\/\/algarve7.pt\/?s={search_term_string}"},"query-input":{"@type":"PropertyValueSpecification","valueRequired":true,"valueName":"search_term_string"}}],"inLanguage":"pt-PT"},{"@type":"Organization","@id":"https:\/\/algarve7.pt\/#organization","name":"Algarve 7","url":"https:\/\/algarve7.pt\/","logo":{"@type":"ImageObject","inLanguage":"pt-PT","@id":"https:\/\/algarve7.pt\/#\/schema\/logo\/image\/","url":"https:\/\/algarve7.pt\/wp-content\/uploads\/2020\/10\/Logo-8.jpg","contentUrl":"https:\/\/algarve7.pt\/wp-content\/uploads\/2020\/10\/Logo-8.jpg","width":1680,"height":1186,"caption":"Algarve 7"},"image":{"@id":"https:\/\/algarve7.pt\/#\/schema\/logo\/image\/"},"sameAs":["https:\/\/www.facebook.com\/algarve7","https:\/\/x.com\/Algarvesete","https:\/\/www.instagram.com\/jornalalgarve7\/","https:\/\/www.linkedin.com\/company\/algarve7","https:\/\/www.pinterest.pt\/geral0939\/_created\/"]},{"@type":"Person","@id":"https:\/\/algarve7.pt\/#\/schema\/person\/23fa70681308e7b319a3204bcea45e0c","name":"Algarve 7","sameAs":["https:\/\/algarve7.pt","https:\/\/www.facebook.com\/algarve7"],"url":"https:\/\/algarve7.pt\/index.php\/author\/geralalgarve7-pt\/"}]}},"jetpack_publicize_connections":[],"jetpack_featured_media_url":"https:\/\/algarve7.pt\/wp-content\/uploads\/2025\/08\/Vale_Mais_Educacao_SBA_25_26.jpeg","jetpack_shortlink":"https:\/\/wp.me\/pcezmW-dQm","jetpack_sharing_enabled":true,"_links":{"self":[{"href":"https:\/\/algarve7.pt\/index.php\/wp-json\/wp\/v2\/posts\/53218","targetHints":{"allow":["GET"]}}],"collection":[{"href":"https:\/\/algarve7.pt\/index.php\/wp-json\/wp\/v2\/posts"}],"about":[{"href":"https:\/\/algarve7.pt\/index.php\/wp-json\/wp\/v2\/types\/post"}],"author":[{"embeddable":true,"href":"https:\/\/algarve7.pt\/index.php\/wp-json\/wp\/v2\/users\/1"}],"replies":[{"embeddable":true,"href":"https:\/\/algarve7.pt\/index.php\/wp-json\/wp\/v2\/comments?post=53218"}],"version-history":[{"count":0,"href":"https:\/\/algarve7.pt\/index.php\/wp-json\/wp\/v2\/posts\/53218\/revisions"}],"wp:featuredmedia":[{"embeddable":true,"href":"https:\/\/algarve7.pt\/index.php\/wp-json\/wp\/v2\/media\/53219"}],"wp:attachment":[{"href":"https:\/\/algarve7.pt\/index.php\/wp-json\/wp\/v2\/media?parent=53218"}],"wp:term":[{"taxonomy":"category","embeddable":true,"href":"https:\/\/algarve7.pt\/index.php\/wp-json\/wp\/v2\/categories?post=53218"},{"taxonomy":"post_tag","embeddable":true,"href":"https:\/\/algarve7.pt\/index.php\/wp-json\/wp\/v2\/tags?post=53218"}],"curies":[{"name":"wp","href":"https:\/\/api.w.org\/{rel}","templated":true}]}}