{"id":53168,"date":"2025-08-10T10:57:56","date_gmt":"2025-08-10T09:57:56","guid":{"rendered":"https:\/\/algarve7.pt\/?p=53168"},"modified":"2025-08-10T10:57:59","modified_gmt":"2025-08-10T09:57:59","slug":"albufeirense-julio-antao-apresenta-nova-exposicao-intitulada-a-r-t-e","status":"publish","type":"post","link":"https:\/\/algarve7.pt\/index.php\/2025\/08\/albufeirense-julio-antao-apresenta-nova-exposicao-intitulada-a-r-t-e\/cultura\/10\/57\/","title":{"rendered":"Albufeirense J\u00falio Ant\u00e3o apresenta nova exposi\u00e7\u00e3o intitulada A.R.T.E."},"content":{"rendered":"\n<p>O artista pl\u00e1stico J\u00falio Ant\u00e3o vai estar presente na inaugura\u00e7\u00e3o da sua mais recente exposi\u00e7\u00e3o, intitulada A.R.T.E., amanh\u00e3, dia 9, \u00e0s 15h30, na Galeria Municipal Jo\u00e3o Bailote, com entrada livre.<\/p>\n\n\n\n<p>J\u00falio Ant\u00e3o \u00e9 natural de Albufeira e para al\u00e9m de pintura e da escultura, explora outras vertentes da arte, como cer\u00e2mica, fotografia, design de equipamentos, interiores e publicidade.<\/p>\n\n\n\n<p>Com curadoria de Ant\u00f3nio Costa Valente, esta mostra apresenta \u201cuma proposta profundamente enraizada na identidade do Algarve\u201d, diz o cat\u00e1logo, o qual aponta um \u201cponto de partida: o camale\u00e3o\u201d, o qual \u201c\u00e9 mais do que um s\u00edmbolo da fauna algarvia: \u00e9 met\u00e1fora viva da muta\u00e7\u00e3o, da adapta\u00e7\u00e3o e da transcend\u00eancia. Atrav\u00e9s da fotografia, o artista oferece-nos uma abordagem pl\u00e1stica \u00fanica, em que cada cor, cada forma em transi\u00e7\u00e3o, \u00e9 captada e amplificada para al\u00e9m do vis\u00edvel, transportando-nos para um espa\u00e7o onde o real se funde com o on\u00edrico\u201d, assina Ant\u00f3nio Costa Valente.<\/p>\n\n\n\n<p>Segundo o curador, h\u00e1 no artista \u201cuma voca\u00e7\u00e3o para o m\u00faltiplo. O seu percurso \u00e9 marcado por d\u00e9cadas de experimenta\u00e7\u00e3o, exposi\u00e7\u00f5es e interven\u00e7\u00f5es p\u00fablicas, sempre com a mesma premissa: n\u00e3o parar. Albufeira, aqui, \u00e9 origem e destino, mas tamb\u00e9m ponto de fuga. \u00c9 dela que parte este impulso para criar novos mundos, novas \u2018albufeiras\u2019 onde a arte pode ganhar asas e voar para territ\u00f3rios n\u00e3o cartografados.\u201d<\/p>\n\n\n\n<p>J\u00falio Ant\u00e3o foi membro fundador da Associa\u00e7\u00e3o Internacional de Arte, PAS &#8211; Peace and Art Society, Portugal, tendo sido presidente desta associa\u00e7\u00e3o at\u00e9 fevereiro do ano passado. \u00c9 Membro Honor\u00e1rio na iniciativa de artistas GAPi &#8211; Genuine Art Projects internacional, Pa\u00edses Baixos e Co-curador Executivo das exposi\u00e7\u00f5es GAPi em Portugal e Espanha. \u00c9 Presidente Honor\u00e1rio no Art Committee of International Culture &amp; Arts Federation e FIAG-Fantapia International Art Group, Coreia do Sul. No seu curr\u00edculo tem mais de 120 exposi\u00e7\u00f5es individuais e coletivas. Nos \u00faltimos anos exp\u00f4s o seu trabalho em v\u00e1rios pa\u00edses como: Portugal, Espanha, Brasil, B\u00e9lgica, Pa\u00edses Baixos, Maced\u00f4nia, Inglaterra, Ir\u00e3o, Rep\u00fablica da Coreia, Turquia, M\u00e9xico, Peru, Cuba, Chile, Col\u00f4mbia, Equador e Costa Rica. Obteve v\u00e1rios pr\u00e9mios na \u00e1rea da pintura, escultura e fotografia e o seu trabalho est\u00e1 representado em cole\u00e7\u00f5es p\u00fablicas e privadas, nacionais e internacionais.<\/p>\n\n\n\n<p>A mostra estar\u00e1 patente at\u00e9 6 de setembro no hor\u00e1rio 09h30-12h30 e 13h30-17h00, de segunda-feira a s\u00e1bado, exceto domingos e feriados.<\/p>\n","protected":false},"excerpt":{"rendered":"<p>O artista pl\u00e1stico J\u00falio Ant\u00e3o vai estar presente na inaugura\u00e7\u00e3o da sua mais recente exposi\u00e7\u00e3o, intitulada A.R.T.E., amanh\u00e3, dia 9,<\/p>\n","protected":false},"author":1,"featured_media":53169,"comment_status":"closed","ping_status":"closed","sticky":false,"template":"","format":"standard","meta":{"colormag_page_container_layout":"default_layout","colormag_page_sidebar_layout":"default_layout","_monsterinsights_skip_tracking":false,"_monsterinsights_sitenote_active":false,"_monsterinsights_sitenote_note":"","_monsterinsights_sitenote_category":0,"jetpack_post_was_ever_published":false,"_jetpack_newsletter_access":"","_jetpack_dont_email_post_to_subs":false,"_jetpack_newsletter_tier_id":0,"_jetpack_memberships_contains_paywalled_content":false,"_jetpack_memberships_contains_paid_content":false,"footnotes":"","jetpack_publicize_message":"","jetpack_publicize_feature_enabled":true,"jetpack_social_post_already_shared":false,"jetpack_social_options":{"image_generator_settings":{"template":"highway","default_image_id":0,"font":"","enabled":false},"version":2}},"categories":[14],"tags":[155,36,35,66],"class_list":["post-53168","post","type-post","status-publish","format-standard","has-post-thumbnail","hentry","category-cultura","tag-albufeira","tag-algarve","tag-cultura","tag-exposicao"],"yoast_head":"<!-- This site is optimized with the Yoast SEO plugin v27.5 - https:\/\/yoast.com\/product\/yoast-seo-wordpress\/ -->\n<title>Albufeirense J\u00falio Ant\u00e3o apresenta nova exposi\u00e7\u00e3o intitulada A.R.T.E. - Algarve 7<\/title>\n<meta name=\"description\" content=\"Albufeirense J\u00falio Ant\u00e3o apresenta nova exposi\u00e7\u00e3o intitulada A.R.T.E. Cultura\" \/>\n<meta name=\"robots\" content=\"index, follow, max-snippet:-1, max-image-preview:large, max-video-preview:-1\" \/>\n<link rel=\"canonical\" href=\"https:\/\/algarve7.pt\/index.php\/2025\/08\/albufeirense-julio-antao-apresenta-nova-exposicao-intitulada-a-r-t-e\/cultura\/10\/57\/\" \/>\n<meta property=\"og:locale\" content=\"pt_PT\" \/>\n<meta property=\"og:type\" content=\"article\" \/>\n<meta property=\"og:title\" content=\"Albufeirense J\u00falio Ant\u00e3o apresenta nova exposi\u00e7\u00e3o intitulada A.R.T.E. - Algarve 7\" \/>\n<meta property=\"og:description\" content=\"Albufeirense J\u00falio Ant\u00e3o apresenta nova exposi\u00e7\u00e3o intitulada A.R.T.E. Cultura\" \/>\n<meta property=\"og:url\" content=\"https:\/\/algarve7.pt\/index.php\/2025\/08\/albufeirense-julio-antao-apresenta-nova-exposicao-intitulada-a-r-t-e\/cultura\/10\/57\/\" \/>\n<meta property=\"og:site_name\" content=\"Algarve 7\" \/>\n<meta property=\"article:publisher\" content=\"https:\/\/www.facebook.com\/algarve7\" \/>\n<meta property=\"article:author\" content=\"https:\/\/www.facebook.com\/algarve7\" \/>\n<meta property=\"article:published_time\" content=\"2025-08-10T09:57:56+00:00\" \/>\n<meta property=\"article:modified_time\" content=\"2025-08-10T09:57:59+00:00\" \/>\n<meta property=\"og:image\" content=\"https:\/\/algarve7.pt\/wp-content\/uploads\/2025\/08\/Captura-de-ecra-2025-08-10-as-10.55.18.png\" \/>\n\t<meta property=\"og:image:width\" content=\"800\" \/>\n\t<meta property=\"og:image:height\" content=\"500\" \/>\n\t<meta property=\"og:image:type\" content=\"image\/png\" \/>\n<meta name=\"author\" content=\"Algarve 7\" \/>\n<meta name=\"twitter:card\" content=\"summary_large_image\" \/>\n<meta name=\"twitter:creator\" content=\"@Algarvesete\" \/>\n<meta name=\"twitter:site\" content=\"@Algarvesete\" \/>\n<meta name=\"twitter:label1\" content=\"Escrito por\" \/>\n\t<meta name=\"twitter:data1\" content=\"Algarve 7\" \/>\n\t<meta name=\"twitter:label2\" content=\"Tempo estimado de leitura\" \/>\n\t<meta name=\"twitter:data2\" content=\"3 minutos\" \/>\n<script type=\"application\/ld+json\" class=\"yoast-schema-graph\">{\"@context\":\"https:\\\/\\\/schema.org\",\"@graph\":[{\"@type\":\"Article\",\"@id\":\"https:\\\/\\\/algarve7.pt\\\/index.php\\\/2025\\\/08\\\/albufeirense-julio-antao-apresenta-nova-exposicao-intitulada-a-r-t-e\\\/cultura\\\/10\\\/57\\\/#article\",\"isPartOf\":{\"@id\":\"https:\\\/\\\/algarve7.pt\\\/index.php\\\/2025\\\/08\\\/albufeirense-julio-antao-apresenta-nova-exposicao-intitulada-a-r-t-e\\\/cultura\\\/10\\\/57\\\/\"},\"author\":{\"name\":\"Algarve 7\",\"@id\":\"https:\\\/\\\/algarve7.pt\\\/#\\\/schema\\\/person\\\/23fa70681308e7b319a3204bcea45e0c\"},\"headline\":\"Albufeirense J\u00falio Ant\u00e3o apresenta nova exposi\u00e7\u00e3o intitulada A.R.T.E.\",\"datePublished\":\"2025-08-10T09:57:56+00:00\",\"dateModified\":\"2025-08-10T09:57:59+00:00\",\"mainEntityOfPage\":{\"@id\":\"https:\\\/\\\/algarve7.pt\\\/index.php\\\/2025\\\/08\\\/albufeirense-julio-antao-apresenta-nova-exposicao-intitulada-a-r-t-e\\\/cultura\\\/10\\\/57\\\/\"},\"wordCount\":449,\"publisher\":{\"@id\":\"https:\\\/\\\/algarve7.pt\\\/#organization\"},\"image\":{\"@id\":\"https:\\\/\\\/algarve7.pt\\\/index.php\\\/2025\\\/08\\\/albufeirense-julio-antao-apresenta-nova-exposicao-intitulada-a-r-t-e\\\/cultura\\\/10\\\/57\\\/#primaryimage\"},\"thumbnailUrl\":\"https:\\\/\\\/algarve7.pt\\\/wp-content\\\/uploads\\\/2025\\\/08\\\/Captura-de-ecra-2025-08-10-as-10.55.18.png\",\"keywords\":[\"Albufeira\",\"Algarve\",\"Cultura\",\"Exposi\u00e7\u00e3o\"],\"articleSection\":[\"Cultura\"],\"inLanguage\":\"pt-PT\"},{\"@type\":\"WebPage\",\"@id\":\"https:\\\/\\\/algarve7.pt\\\/index.php\\\/2025\\\/08\\\/albufeirense-julio-antao-apresenta-nova-exposicao-intitulada-a-r-t-e\\\/cultura\\\/10\\\/57\\\/\",\"url\":\"https:\\\/\\\/algarve7.pt\\\/index.php\\\/2025\\\/08\\\/albufeirense-julio-antao-apresenta-nova-exposicao-intitulada-a-r-t-e\\\/cultura\\\/10\\\/57\\\/\",\"name\":\"Albufeirense J\u00falio Ant\u00e3o apresenta nova exposi\u00e7\u00e3o intitulada A.R.T.E. - Algarve 7\",\"isPartOf\":{\"@id\":\"https:\\\/\\\/algarve7.pt\\\/#website\"},\"primaryImageOfPage\":{\"@id\":\"https:\\\/\\\/algarve7.pt\\\/index.php\\\/2025\\\/08\\\/albufeirense-julio-antao-apresenta-nova-exposicao-intitulada-a-r-t-e\\\/cultura\\\/10\\\/57\\\/#primaryimage\"},\"image\":{\"@id\":\"https:\\\/\\\/algarve7.pt\\\/index.php\\\/2025\\\/08\\\/albufeirense-julio-antao-apresenta-nova-exposicao-intitulada-a-r-t-e\\\/cultura\\\/10\\\/57\\\/#primaryimage\"},\"thumbnailUrl\":\"https:\\\/\\\/algarve7.pt\\\/wp-content\\\/uploads\\\/2025\\\/08\\\/Captura-de-ecra-2025-08-10-as-10.55.18.png\",\"datePublished\":\"2025-08-10T09:57:56+00:00\",\"dateModified\":\"2025-08-10T09:57:59+00:00\",\"description\":\"Albufeirense J\u00falio Ant\u00e3o apresenta nova exposi\u00e7\u00e3o intitulada A.R.T.E. Cultura\",\"breadcrumb\":{\"@id\":\"https:\\\/\\\/algarve7.pt\\\/index.php\\\/2025\\\/08\\\/albufeirense-julio-antao-apresenta-nova-exposicao-intitulada-a-r-t-e\\\/cultura\\\/10\\\/57\\\/#breadcrumb\"},\"inLanguage\":\"pt-PT\",\"potentialAction\":[{\"@type\":\"ReadAction\",\"target\":[\"https:\\\/\\\/algarve7.pt\\\/index.php\\\/2025\\\/08\\\/albufeirense-julio-antao-apresenta-nova-exposicao-intitulada-a-r-t-e\\\/cultura\\\/10\\\/57\\\/\"]}]},{\"@type\":\"ImageObject\",\"inLanguage\":\"pt-PT\",\"@id\":\"https:\\\/\\\/algarve7.pt\\\/index.php\\\/2025\\\/08\\\/albufeirense-julio-antao-apresenta-nova-exposicao-intitulada-a-r-t-e\\\/cultura\\\/10\\\/57\\\/#primaryimage\",\"url\":\"https:\\\/\\\/algarve7.pt\\\/wp-content\\\/uploads\\\/2025\\\/08\\\/Captura-de-ecra-2025-08-10-as-10.55.18.png\",\"contentUrl\":\"https:\\\/\\\/algarve7.pt\\\/wp-content\\\/uploads\\\/2025\\\/08\\\/Captura-de-ecra-2025-08-10-as-10.55.18.png\",\"width\":800,\"height\":500},{\"@type\":\"BreadcrumbList\",\"@id\":\"https:\\\/\\\/algarve7.pt\\\/index.php\\\/2025\\\/08\\\/albufeirense-julio-antao-apresenta-nova-exposicao-intitulada-a-r-t-e\\\/cultura\\\/10\\\/57\\\/#breadcrumb\",\"itemListElement\":[{\"@type\":\"ListItem\",\"position\":1,\"name\":\"In\u00edcio\",\"item\":\"https:\\\/\\\/algarve7.pt\\\/\"},{\"@type\":\"ListItem\",\"position\":2,\"name\":\"Albufeirense J\u00falio Ant\u00e3o apresenta nova exposi\u00e7\u00e3o intitulada A.R.T.E.\"}]},{\"@type\":\"WebSite\",\"@id\":\"https:\\\/\\\/algarve7.pt\\\/#website\",\"url\":\"https:\\\/\\\/algarve7.pt\\\/\",\"name\":\"Algarve 7\",\"description\":\"Informa\u00e7\u00e3o sobre o Algarve\",\"publisher\":{\"@id\":\"https:\\\/\\\/algarve7.pt\\\/#organization\"},\"potentialAction\":[{\"@type\":\"SearchAction\",\"target\":{\"@type\":\"EntryPoint\",\"urlTemplate\":\"https:\\\/\\\/algarve7.pt\\\/?s={search_term_string}\"},\"query-input\":{\"@type\":\"PropertyValueSpecification\",\"valueRequired\":true,\"valueName\":\"search_term_string\"}}],\"inLanguage\":\"pt-PT\"},{\"@type\":\"Organization\",\"@id\":\"https:\\\/\\\/algarve7.pt\\\/#organization\",\"name\":\"Algarve 7\",\"url\":\"https:\\\/\\\/algarve7.pt\\\/\",\"logo\":{\"@type\":\"ImageObject\",\"inLanguage\":\"pt-PT\",\"@id\":\"https:\\\/\\\/algarve7.pt\\\/#\\\/schema\\\/logo\\\/image\\\/\",\"url\":\"https:\\\/\\\/algarve7.pt\\\/wp-content\\\/uploads\\\/2020\\\/10\\\/Logo-8.jpg\",\"contentUrl\":\"https:\\\/\\\/algarve7.pt\\\/wp-content\\\/uploads\\\/2020\\\/10\\\/Logo-8.jpg\",\"width\":1680,\"height\":1186,\"caption\":\"Algarve 7\"},\"image\":{\"@id\":\"https:\\\/\\\/algarve7.pt\\\/#\\\/schema\\\/logo\\\/image\\\/\"},\"sameAs\":[\"https:\\\/\\\/www.facebook.com\\\/algarve7\",\"https:\\\/\\\/x.com\\\/Algarvesete\",\"https:\\\/\\\/www.instagram.com\\\/jornalalgarve7\\\/\",\"https:\\\/\\\/www.linkedin.com\\\/company\\\/algarve7\",\"https:\\\/\\\/www.pinterest.pt\\\/geral0939\\\/_created\\\/\"]},{\"@type\":\"Person\",\"@id\":\"https:\\\/\\\/algarve7.pt\\\/#\\\/schema\\\/person\\\/23fa70681308e7b319a3204bcea45e0c\",\"name\":\"Algarve 7\",\"sameAs\":[\"https:\\\/\\\/algarve7.pt\",\"https:\\\/\\\/www.facebook.com\\\/algarve7\"],\"url\":\"https:\\\/\\\/algarve7.pt\\\/index.php\\\/author\\\/geralalgarve7-pt\\\/\"}]}<\/script>\n<!-- \/ Yoast SEO plugin. -->","yoast_head_json":{"title":"Albufeirense J\u00falio Ant\u00e3o apresenta nova exposi\u00e7\u00e3o intitulada A.R.T.E. - Algarve 7","description":"Albufeirense J\u00falio Ant\u00e3o apresenta nova exposi\u00e7\u00e3o intitulada A.R.T.E. Cultura","robots":{"index":"index","follow":"follow","max-snippet":"max-snippet:-1","max-image-preview":"max-image-preview:large","max-video-preview":"max-video-preview:-1"},"canonical":"https:\/\/algarve7.pt\/index.php\/2025\/08\/albufeirense-julio-antao-apresenta-nova-exposicao-intitulada-a-r-t-e\/cultura\/10\/57\/","og_locale":"pt_PT","og_type":"article","og_title":"Albufeirense J\u00falio Ant\u00e3o apresenta nova exposi\u00e7\u00e3o intitulada A.R.T.E. - Algarve 7","og_description":"Albufeirense J\u00falio Ant\u00e3o apresenta nova exposi\u00e7\u00e3o intitulada A.R.T.E. Cultura","og_url":"https:\/\/algarve7.pt\/index.php\/2025\/08\/albufeirense-julio-antao-apresenta-nova-exposicao-intitulada-a-r-t-e\/cultura\/10\/57\/","og_site_name":"Algarve 7","article_publisher":"https:\/\/www.facebook.com\/algarve7","article_author":"https:\/\/www.facebook.com\/algarve7","article_published_time":"2025-08-10T09:57:56+00:00","article_modified_time":"2025-08-10T09:57:59+00:00","og_image":[{"width":800,"height":500,"url":"https:\/\/algarve7.pt\/wp-content\/uploads\/2025\/08\/Captura-de-ecra-2025-08-10-as-10.55.18.png","type":"image\/png"}],"author":"Algarve 7","twitter_card":"summary_large_image","twitter_creator":"@Algarvesete","twitter_site":"@Algarvesete","twitter_misc":{"Escrito por":"Algarve 7","Tempo estimado de leitura":"3 minutos"},"schema":{"@context":"https:\/\/schema.org","@graph":[{"@type":"Article","@id":"https:\/\/algarve7.pt\/index.php\/2025\/08\/albufeirense-julio-antao-apresenta-nova-exposicao-intitulada-a-r-t-e\/cultura\/10\/57\/#article","isPartOf":{"@id":"https:\/\/algarve7.pt\/index.php\/2025\/08\/albufeirense-julio-antao-apresenta-nova-exposicao-intitulada-a-r-t-e\/cultura\/10\/57\/"},"author":{"name":"Algarve 7","@id":"https:\/\/algarve7.pt\/#\/schema\/person\/23fa70681308e7b319a3204bcea45e0c"},"headline":"Albufeirense J\u00falio Ant\u00e3o apresenta nova exposi\u00e7\u00e3o intitulada A.R.T.E.","datePublished":"2025-08-10T09:57:56+00:00","dateModified":"2025-08-10T09:57:59+00:00","mainEntityOfPage":{"@id":"https:\/\/algarve7.pt\/index.php\/2025\/08\/albufeirense-julio-antao-apresenta-nova-exposicao-intitulada-a-r-t-e\/cultura\/10\/57\/"},"wordCount":449,"publisher":{"@id":"https:\/\/algarve7.pt\/#organization"},"image":{"@id":"https:\/\/algarve7.pt\/index.php\/2025\/08\/albufeirense-julio-antao-apresenta-nova-exposicao-intitulada-a-r-t-e\/cultura\/10\/57\/#primaryimage"},"thumbnailUrl":"https:\/\/algarve7.pt\/wp-content\/uploads\/2025\/08\/Captura-de-ecra-2025-08-10-as-10.55.18.png","keywords":["Albufeira","Algarve","Cultura","Exposi\u00e7\u00e3o"],"articleSection":["Cultura"],"inLanguage":"pt-PT"},{"@type":"WebPage","@id":"https:\/\/algarve7.pt\/index.php\/2025\/08\/albufeirense-julio-antao-apresenta-nova-exposicao-intitulada-a-r-t-e\/cultura\/10\/57\/","url":"https:\/\/algarve7.pt\/index.php\/2025\/08\/albufeirense-julio-antao-apresenta-nova-exposicao-intitulada-a-r-t-e\/cultura\/10\/57\/","name":"Albufeirense J\u00falio Ant\u00e3o apresenta nova exposi\u00e7\u00e3o intitulada A.R.T.E. - Algarve 7","isPartOf":{"@id":"https:\/\/algarve7.pt\/#website"},"primaryImageOfPage":{"@id":"https:\/\/algarve7.pt\/index.php\/2025\/08\/albufeirense-julio-antao-apresenta-nova-exposicao-intitulada-a-r-t-e\/cultura\/10\/57\/#primaryimage"},"image":{"@id":"https:\/\/algarve7.pt\/index.php\/2025\/08\/albufeirense-julio-antao-apresenta-nova-exposicao-intitulada-a-r-t-e\/cultura\/10\/57\/#primaryimage"},"thumbnailUrl":"https:\/\/algarve7.pt\/wp-content\/uploads\/2025\/08\/Captura-de-ecra-2025-08-10-as-10.55.18.png","datePublished":"2025-08-10T09:57:56+00:00","dateModified":"2025-08-10T09:57:59+00:00","description":"Albufeirense J\u00falio Ant\u00e3o apresenta nova exposi\u00e7\u00e3o intitulada A.R.T.E. Cultura","breadcrumb":{"@id":"https:\/\/algarve7.pt\/index.php\/2025\/08\/albufeirense-julio-antao-apresenta-nova-exposicao-intitulada-a-r-t-e\/cultura\/10\/57\/#breadcrumb"},"inLanguage":"pt-PT","potentialAction":[{"@type":"ReadAction","target":["https:\/\/algarve7.pt\/index.php\/2025\/08\/albufeirense-julio-antao-apresenta-nova-exposicao-intitulada-a-r-t-e\/cultura\/10\/57\/"]}]},{"@type":"ImageObject","inLanguage":"pt-PT","@id":"https:\/\/algarve7.pt\/index.php\/2025\/08\/albufeirense-julio-antao-apresenta-nova-exposicao-intitulada-a-r-t-e\/cultura\/10\/57\/#primaryimage","url":"https:\/\/algarve7.pt\/wp-content\/uploads\/2025\/08\/Captura-de-ecra-2025-08-10-as-10.55.18.png","contentUrl":"https:\/\/algarve7.pt\/wp-content\/uploads\/2025\/08\/Captura-de-ecra-2025-08-10-as-10.55.18.png","width":800,"height":500},{"@type":"BreadcrumbList","@id":"https:\/\/algarve7.pt\/index.php\/2025\/08\/albufeirense-julio-antao-apresenta-nova-exposicao-intitulada-a-r-t-e\/cultura\/10\/57\/#breadcrumb","itemListElement":[{"@type":"ListItem","position":1,"name":"In\u00edcio","item":"https:\/\/algarve7.pt\/"},{"@type":"ListItem","position":2,"name":"Albufeirense J\u00falio Ant\u00e3o apresenta nova exposi\u00e7\u00e3o intitulada A.R.T.E."}]},{"@type":"WebSite","@id":"https:\/\/algarve7.pt\/#website","url":"https:\/\/algarve7.pt\/","name":"Algarve 7","description":"Informa\u00e7\u00e3o sobre o Algarve","publisher":{"@id":"https:\/\/algarve7.pt\/#organization"},"potentialAction":[{"@type":"SearchAction","target":{"@type":"EntryPoint","urlTemplate":"https:\/\/algarve7.pt\/?s={search_term_string}"},"query-input":{"@type":"PropertyValueSpecification","valueRequired":true,"valueName":"search_term_string"}}],"inLanguage":"pt-PT"},{"@type":"Organization","@id":"https:\/\/algarve7.pt\/#organization","name":"Algarve 7","url":"https:\/\/algarve7.pt\/","logo":{"@type":"ImageObject","inLanguage":"pt-PT","@id":"https:\/\/algarve7.pt\/#\/schema\/logo\/image\/","url":"https:\/\/algarve7.pt\/wp-content\/uploads\/2020\/10\/Logo-8.jpg","contentUrl":"https:\/\/algarve7.pt\/wp-content\/uploads\/2020\/10\/Logo-8.jpg","width":1680,"height":1186,"caption":"Algarve 7"},"image":{"@id":"https:\/\/algarve7.pt\/#\/schema\/logo\/image\/"},"sameAs":["https:\/\/www.facebook.com\/algarve7","https:\/\/x.com\/Algarvesete","https:\/\/www.instagram.com\/jornalalgarve7\/","https:\/\/www.linkedin.com\/company\/algarve7","https:\/\/www.pinterest.pt\/geral0939\/_created\/"]},{"@type":"Person","@id":"https:\/\/algarve7.pt\/#\/schema\/person\/23fa70681308e7b319a3204bcea45e0c","name":"Algarve 7","sameAs":["https:\/\/algarve7.pt","https:\/\/www.facebook.com\/algarve7"],"url":"https:\/\/algarve7.pt\/index.php\/author\/geralalgarve7-pt\/"}]}},"jetpack_publicize_connections":[],"jetpack_featured_media_url":"https:\/\/algarve7.pt\/wp-content\/uploads\/2025\/08\/Captura-de-ecra-2025-08-10-as-10.55.18.png","jetpack_shortlink":"https:\/\/wp.me\/pcezmW-dPy","jetpack_sharing_enabled":true,"_links":{"self":[{"href":"https:\/\/algarve7.pt\/index.php\/wp-json\/wp\/v2\/posts\/53168","targetHints":{"allow":["GET"]}}],"collection":[{"href":"https:\/\/algarve7.pt\/index.php\/wp-json\/wp\/v2\/posts"}],"about":[{"href":"https:\/\/algarve7.pt\/index.php\/wp-json\/wp\/v2\/types\/post"}],"author":[{"embeddable":true,"href":"https:\/\/algarve7.pt\/index.php\/wp-json\/wp\/v2\/users\/1"}],"replies":[{"embeddable":true,"href":"https:\/\/algarve7.pt\/index.php\/wp-json\/wp\/v2\/comments?post=53168"}],"version-history":[{"count":0,"href":"https:\/\/algarve7.pt\/index.php\/wp-json\/wp\/v2\/posts\/53168\/revisions"}],"wp:featuredmedia":[{"embeddable":true,"href":"https:\/\/algarve7.pt\/index.php\/wp-json\/wp\/v2\/media\/53169"}],"wp:attachment":[{"href":"https:\/\/algarve7.pt\/index.php\/wp-json\/wp\/v2\/media?parent=53168"}],"wp:term":[{"taxonomy":"category","embeddable":true,"href":"https:\/\/algarve7.pt\/index.php\/wp-json\/wp\/v2\/categories?post=53168"},{"taxonomy":"post_tag","embeddable":true,"href":"https:\/\/algarve7.pt\/index.php\/wp-json\/wp\/v2\/tags?post=53168"}],"curies":[{"name":"wp","href":"https:\/\/api.w.org\/{rel}","templated":true}]}}