{"id":53159,"date":"2025-08-10T09:40:00","date_gmt":"2025-08-10T08:40:00","guid":{"rendered":"https:\/\/algarve7.pt\/?p=53159"},"modified":"2025-08-09T10:33:10","modified_gmt":"2025-08-09T09:33:10","slug":"observacao-astronomica-das-perseidas-regressa-ao-castelo-de-paderne","status":"publish","type":"post","link":"https:\/\/algarve7.pt\/index.php\/2025\/08\/observacao-astronomica-das-perseidas-regressa-ao-castelo-de-paderne\/atualidade\/09\/40\/","title":{"rendered":"Observa\u00e7\u00e3o astron\u00f3mica das Perseidas regressa ao Castelo de Paderne"},"content":{"rendered":"\n<p>O Castelo de Paderne volta a ser o cen\u00e1rio eleito para um dos mais belos espet\u00e1culos astron\u00f3micos &#8211; a chuva de meteoros das Perseidas. Trata-se de um fen\u00f3meno que resulta da entrada de pequenas part\u00edculas de poeira na atmosfera terrestre a grande velocidade, gerando um rasto luminoso que parece acender-se entre as estrelas, criando aquilo a que vulgarmente chamamos de \u201cestrelas-cadentes\u201d.<\/p>\n\n\n\n<p>Apesar da explica\u00e7\u00e3o cient\u00edfica, este momento continua muito associado a um fasc\u00ednio sobrenatural. S\u00e3o muitas as tradi\u00e7\u00f5es populares que associam os meteoros a desejos e press\u00e1gios. Por isso mesmo, as Perseidas s\u00e3o tamb\u00e9m conhecidas como \u201cl\u00e1grimas de S\u00e3o Louren\u00e7o\u201d, em homenagem ao santo celebrado no dia 10 de agosto.&nbsp;<\/p>\n\n\n\n<p>Em Albufeira, tal como em anos anteriores, este volta a ser um momento especial. Longe da ilumina\u00e7\u00e3o da cidade, no interior do barrocal algarvio, realiza-se a \u201cObserva\u00e7\u00e3o Astron\u00f3mica \u2013 Perseidas 2025\u201d. O evento, organizado pelo Munic\u00edpio de Albufeira, atrav\u00e9s do Museu Municipal de Arqueologia, est\u00e1 agendado para o dia 13 de agosto, das 20h30 \u00e0 meia-noite e promete uma noite l\u00fadica onde se funde a ci\u00eancia com a cultura.<\/p>\n\n\n\n<p>Este ano, o astr\u00f3nomo Oleh Malyi, membro do European Southern Observatory, volta a estar presente e, com recurso a um telesc\u00f3pio de alta precis\u00e3o, vai guiar os participantes pelos astros, explorando planetas, estrelas e outros mist\u00e9rios celestes.&nbsp;<\/p>\n\n\n\n<p>Da programa\u00e7\u00e3o faz ainda parte um momento musical na Ermida do Castelo, pelo Duo Symbiosis. Fundado em 2014, o grupo composto por Lilia Donkova e Gon\u00e7alo Pescada combina numa performance singular dois instrumentos muito diferentes: o violino, com os seus la\u00e7os bem enraizados na m\u00fasica cl\u00e1ssica, e o acorde\u00e3o, que prov\u00e9m de um contexto tendencialmente mais folcl\u00f3rico.<\/p>\n\n\n\n<p>Refira-se que Lilia Donkova \u00e9 uma das artistas mais conceituadas do pa\u00eds. Integra a Orquestra de C\u00e2mara de Cascais e Oeiras e, desde muito jovem, tem sido distinguida com pr\u00e9mios e bolsas de estudo que reconhecem o seu talento. J\u00e1 Gon\u00e7alo Pescada, doutorado em M\u00fasica e Musicologia, \u00e9 um dos mais destacados acordeonistas portugueses, com um percurso acad\u00e9mico e profissional not\u00e1vel. Atualmente, dirige o Departamento de M\u00fasica da Universidade de \u00c9vora e \u00e9 investigador integrado no CESEM \u2013 Centro de Estudos de Sociologia e Est\u00e9tica Musical.<\/p>\n","protected":false},"excerpt":{"rendered":"<p>O Castelo de Paderne volta a ser o cen\u00e1rio eleito para um dos mais belos espet\u00e1culos astron\u00f3micos &#8211; a chuva<\/p>\n","protected":false},"author":1,"featured_media":53160,"comment_status":"closed","ping_status":"closed","sticky":false,"template":"","format":"standard","meta":{"colormag_page_container_layout":"default_layout","colormag_page_sidebar_layout":"default_layout","_monsterinsights_skip_tracking":false,"_monsterinsights_sitenote_active":false,"_monsterinsights_sitenote_note":"","_monsterinsights_sitenote_category":0,"jetpack_post_was_ever_published":false,"_jetpack_newsletter_access":"","_jetpack_dont_email_post_to_subs":false,"_jetpack_newsletter_tier_id":0,"_jetpack_memberships_contains_paywalled_content":false,"_jetpack_memberships_contains_paid_content":false,"footnotes":"","jetpack_publicize_message":"","jetpack_publicize_feature_enabled":true,"jetpack_social_post_already_shared":false,"jetpack_social_options":{"image_generator_settings":{"template":"highway","default_image_id":0,"font":"","enabled":false},"version":2}},"categories":[11],"tags":[155,36,62,293],"class_list":["post-53159","post","type-post","status-publish","format-standard","has-post-thumbnail","hentry","category-atualidade","tag-albufeira","tag-algarve","tag-atualidade","tag-paderne"],"yoast_head":"<!-- This site is optimized with the Yoast SEO plugin v27.5 - https:\/\/yoast.com\/product\/yoast-seo-wordpress\/ -->\n<title>Observa\u00e7\u00e3o astron\u00f3mica das Perseidas regressa ao Castelo de Paderne - Algarve 7<\/title>\n<meta name=\"description\" content=\"Observa\u00e7\u00e3o astron\u00f3mica das Perseidas regressa ao Castelo de Paderne Atualidade\" \/>\n<meta name=\"robots\" content=\"index, follow, max-snippet:-1, max-image-preview:large, max-video-preview:-1\" \/>\n<link rel=\"canonical\" href=\"https:\/\/algarve7.pt\/index.php\/2025\/08\/observacao-astronomica-das-perseidas-regressa-ao-castelo-de-paderne\/atualidade\/09\/40\/\" \/>\n<meta property=\"og:locale\" content=\"pt_PT\" \/>\n<meta property=\"og:type\" content=\"article\" \/>\n<meta property=\"og:title\" content=\"Observa\u00e7\u00e3o astron\u00f3mica das Perseidas regressa ao Castelo de Paderne - Algarve 7\" \/>\n<meta property=\"og:description\" content=\"Observa\u00e7\u00e3o astron\u00f3mica das Perseidas regressa ao Castelo de Paderne Atualidade\" \/>\n<meta property=\"og:url\" content=\"https:\/\/algarve7.pt\/index.php\/2025\/08\/observacao-astronomica-das-perseidas-regressa-ao-castelo-de-paderne\/atualidade\/09\/40\/\" \/>\n<meta property=\"og:site_name\" content=\"Algarve 7\" \/>\n<meta property=\"article:publisher\" content=\"https:\/\/www.facebook.com\/algarve7\" \/>\n<meta property=\"article:author\" content=\"https:\/\/www.facebook.com\/algarve7\" \/>\n<meta property=\"article:published_time\" content=\"2025-08-10T08:40:00+00:00\" \/>\n<meta property=\"og:image\" content=\"https:\/\/algarve7.pt\/wp-content\/uploads\/2025\/08\/Captura-de-ecra-2025-08-09-as-10.30.10.png\" \/>\n\t<meta property=\"og:image:width\" content=\"800\" \/>\n\t<meta property=\"og:image:height\" content=\"500\" \/>\n\t<meta property=\"og:image:type\" content=\"image\/png\" \/>\n<meta name=\"author\" content=\"Algarve 7\" \/>\n<meta name=\"twitter:card\" content=\"summary_large_image\" \/>\n<meta name=\"twitter:creator\" content=\"@Algarvesete\" \/>\n<meta name=\"twitter:site\" content=\"@Algarvesete\" \/>\n<meta name=\"twitter:label1\" content=\"Escrito por\" \/>\n\t<meta name=\"twitter:data1\" content=\"Algarve 7\" \/>\n\t<meta name=\"twitter:label2\" content=\"Tempo estimado de leitura\" \/>\n\t<meta name=\"twitter:data2\" content=\"3 minutos\" \/>\n<script type=\"application\/ld+json\" class=\"yoast-schema-graph\">{\"@context\":\"https:\\\/\\\/schema.org\",\"@graph\":[{\"@type\":\"Article\",\"@id\":\"https:\\\/\\\/algarve7.pt\\\/index.php\\\/2025\\\/08\\\/observacao-astronomica-das-perseidas-regressa-ao-castelo-de-paderne\\\/atualidade\\\/09\\\/40\\\/#article\",\"isPartOf\":{\"@id\":\"https:\\\/\\\/algarve7.pt\\\/index.php\\\/2025\\\/08\\\/observacao-astronomica-das-perseidas-regressa-ao-castelo-de-paderne\\\/atualidade\\\/09\\\/40\\\/\"},\"author\":{\"name\":\"Algarve 7\",\"@id\":\"https:\\\/\\\/algarve7.pt\\\/#\\\/schema\\\/person\\\/23fa70681308e7b319a3204bcea45e0c\"},\"headline\":\"Observa\u00e7\u00e3o astron\u00f3mica das Perseidas regressa ao Castelo de Paderne\",\"datePublished\":\"2025-08-10T08:40:00+00:00\",\"mainEntityOfPage\":{\"@id\":\"https:\\\/\\\/algarve7.pt\\\/index.php\\\/2025\\\/08\\\/observacao-astronomica-das-perseidas-regressa-ao-castelo-de-paderne\\\/atualidade\\\/09\\\/40\\\/\"},\"wordCount\":406,\"publisher\":{\"@id\":\"https:\\\/\\\/algarve7.pt\\\/#organization\"},\"image\":{\"@id\":\"https:\\\/\\\/algarve7.pt\\\/index.php\\\/2025\\\/08\\\/observacao-astronomica-das-perseidas-regressa-ao-castelo-de-paderne\\\/atualidade\\\/09\\\/40\\\/#primaryimage\"},\"thumbnailUrl\":\"https:\\\/\\\/algarve7.pt\\\/wp-content\\\/uploads\\\/2025\\\/08\\\/Captura-de-ecra-2025-08-09-as-10.30.10.png\",\"keywords\":[\"Albufeira\",\"Algarve\",\"Atualidade\",\"Paderne\"],\"articleSection\":[\"Atualidade\"],\"inLanguage\":\"pt-PT\"},{\"@type\":\"WebPage\",\"@id\":\"https:\\\/\\\/algarve7.pt\\\/index.php\\\/2025\\\/08\\\/observacao-astronomica-das-perseidas-regressa-ao-castelo-de-paderne\\\/atualidade\\\/09\\\/40\\\/\",\"url\":\"https:\\\/\\\/algarve7.pt\\\/index.php\\\/2025\\\/08\\\/observacao-astronomica-das-perseidas-regressa-ao-castelo-de-paderne\\\/atualidade\\\/09\\\/40\\\/\",\"name\":\"Observa\u00e7\u00e3o astron\u00f3mica das Perseidas regressa ao Castelo de Paderne - Algarve 7\",\"isPartOf\":{\"@id\":\"https:\\\/\\\/algarve7.pt\\\/#website\"},\"primaryImageOfPage\":{\"@id\":\"https:\\\/\\\/algarve7.pt\\\/index.php\\\/2025\\\/08\\\/observacao-astronomica-das-perseidas-regressa-ao-castelo-de-paderne\\\/atualidade\\\/09\\\/40\\\/#primaryimage\"},\"image\":{\"@id\":\"https:\\\/\\\/algarve7.pt\\\/index.php\\\/2025\\\/08\\\/observacao-astronomica-das-perseidas-regressa-ao-castelo-de-paderne\\\/atualidade\\\/09\\\/40\\\/#primaryimage\"},\"thumbnailUrl\":\"https:\\\/\\\/algarve7.pt\\\/wp-content\\\/uploads\\\/2025\\\/08\\\/Captura-de-ecra-2025-08-09-as-10.30.10.png\",\"datePublished\":\"2025-08-10T08:40:00+00:00\",\"description\":\"Observa\u00e7\u00e3o astron\u00f3mica das Perseidas regressa ao Castelo de Paderne Atualidade\",\"breadcrumb\":{\"@id\":\"https:\\\/\\\/algarve7.pt\\\/index.php\\\/2025\\\/08\\\/observacao-astronomica-das-perseidas-regressa-ao-castelo-de-paderne\\\/atualidade\\\/09\\\/40\\\/#breadcrumb\"},\"inLanguage\":\"pt-PT\",\"potentialAction\":[{\"@type\":\"ReadAction\",\"target\":[\"https:\\\/\\\/algarve7.pt\\\/index.php\\\/2025\\\/08\\\/observacao-astronomica-das-perseidas-regressa-ao-castelo-de-paderne\\\/atualidade\\\/09\\\/40\\\/\"]}]},{\"@type\":\"ImageObject\",\"inLanguage\":\"pt-PT\",\"@id\":\"https:\\\/\\\/algarve7.pt\\\/index.php\\\/2025\\\/08\\\/observacao-astronomica-das-perseidas-regressa-ao-castelo-de-paderne\\\/atualidade\\\/09\\\/40\\\/#primaryimage\",\"url\":\"https:\\\/\\\/algarve7.pt\\\/wp-content\\\/uploads\\\/2025\\\/08\\\/Captura-de-ecra-2025-08-09-as-10.30.10.png\",\"contentUrl\":\"https:\\\/\\\/algarve7.pt\\\/wp-content\\\/uploads\\\/2025\\\/08\\\/Captura-de-ecra-2025-08-09-as-10.30.10.png\",\"width\":800,\"height\":500},{\"@type\":\"BreadcrumbList\",\"@id\":\"https:\\\/\\\/algarve7.pt\\\/index.php\\\/2025\\\/08\\\/observacao-astronomica-das-perseidas-regressa-ao-castelo-de-paderne\\\/atualidade\\\/09\\\/40\\\/#breadcrumb\",\"itemListElement\":[{\"@type\":\"ListItem\",\"position\":1,\"name\":\"In\u00edcio\",\"item\":\"https:\\\/\\\/algarve7.pt\\\/\"},{\"@type\":\"ListItem\",\"position\":2,\"name\":\"Observa\u00e7\u00e3o astron\u00f3mica das Perseidas regressa ao Castelo de Paderne\"}]},{\"@type\":\"WebSite\",\"@id\":\"https:\\\/\\\/algarve7.pt\\\/#website\",\"url\":\"https:\\\/\\\/algarve7.pt\\\/\",\"name\":\"Algarve 7\",\"description\":\"Informa\u00e7\u00e3o sobre o Algarve\",\"publisher\":{\"@id\":\"https:\\\/\\\/algarve7.pt\\\/#organization\"},\"potentialAction\":[{\"@type\":\"SearchAction\",\"target\":{\"@type\":\"EntryPoint\",\"urlTemplate\":\"https:\\\/\\\/algarve7.pt\\\/?s={search_term_string}\"},\"query-input\":{\"@type\":\"PropertyValueSpecification\",\"valueRequired\":true,\"valueName\":\"search_term_string\"}}],\"inLanguage\":\"pt-PT\"},{\"@type\":\"Organization\",\"@id\":\"https:\\\/\\\/algarve7.pt\\\/#organization\",\"name\":\"Algarve 7\",\"url\":\"https:\\\/\\\/algarve7.pt\\\/\",\"logo\":{\"@type\":\"ImageObject\",\"inLanguage\":\"pt-PT\",\"@id\":\"https:\\\/\\\/algarve7.pt\\\/#\\\/schema\\\/logo\\\/image\\\/\",\"url\":\"https:\\\/\\\/algarve7.pt\\\/wp-content\\\/uploads\\\/2020\\\/10\\\/Logo-8.jpg\",\"contentUrl\":\"https:\\\/\\\/algarve7.pt\\\/wp-content\\\/uploads\\\/2020\\\/10\\\/Logo-8.jpg\",\"width\":1680,\"height\":1186,\"caption\":\"Algarve 7\"},\"image\":{\"@id\":\"https:\\\/\\\/algarve7.pt\\\/#\\\/schema\\\/logo\\\/image\\\/\"},\"sameAs\":[\"https:\\\/\\\/www.facebook.com\\\/algarve7\",\"https:\\\/\\\/x.com\\\/Algarvesete\",\"https:\\\/\\\/www.instagram.com\\\/jornalalgarve7\\\/\",\"https:\\\/\\\/www.linkedin.com\\\/company\\\/algarve7\",\"https:\\\/\\\/www.pinterest.pt\\\/geral0939\\\/_created\\\/\"]},{\"@type\":\"Person\",\"@id\":\"https:\\\/\\\/algarve7.pt\\\/#\\\/schema\\\/person\\\/23fa70681308e7b319a3204bcea45e0c\",\"name\":\"Algarve 7\",\"sameAs\":[\"https:\\\/\\\/algarve7.pt\",\"https:\\\/\\\/www.facebook.com\\\/algarve7\"],\"url\":\"https:\\\/\\\/algarve7.pt\\\/index.php\\\/author\\\/geralalgarve7-pt\\\/\"}]}<\/script>\n<!-- \/ Yoast SEO plugin. -->","yoast_head_json":{"title":"Observa\u00e7\u00e3o astron\u00f3mica das Perseidas regressa ao Castelo de Paderne - Algarve 7","description":"Observa\u00e7\u00e3o astron\u00f3mica das Perseidas regressa ao Castelo de Paderne Atualidade","robots":{"index":"index","follow":"follow","max-snippet":"max-snippet:-1","max-image-preview":"max-image-preview:large","max-video-preview":"max-video-preview:-1"},"canonical":"https:\/\/algarve7.pt\/index.php\/2025\/08\/observacao-astronomica-das-perseidas-regressa-ao-castelo-de-paderne\/atualidade\/09\/40\/","og_locale":"pt_PT","og_type":"article","og_title":"Observa\u00e7\u00e3o astron\u00f3mica das Perseidas regressa ao Castelo de Paderne - Algarve 7","og_description":"Observa\u00e7\u00e3o astron\u00f3mica das Perseidas regressa ao Castelo de Paderne Atualidade","og_url":"https:\/\/algarve7.pt\/index.php\/2025\/08\/observacao-astronomica-das-perseidas-regressa-ao-castelo-de-paderne\/atualidade\/09\/40\/","og_site_name":"Algarve 7","article_publisher":"https:\/\/www.facebook.com\/algarve7","article_author":"https:\/\/www.facebook.com\/algarve7","article_published_time":"2025-08-10T08:40:00+00:00","og_image":[{"width":800,"height":500,"url":"https:\/\/algarve7.pt\/wp-content\/uploads\/2025\/08\/Captura-de-ecra-2025-08-09-as-10.30.10.png","type":"image\/png"}],"author":"Algarve 7","twitter_card":"summary_large_image","twitter_creator":"@Algarvesete","twitter_site":"@Algarvesete","twitter_misc":{"Escrito por":"Algarve 7","Tempo estimado de leitura":"3 minutos"},"schema":{"@context":"https:\/\/schema.org","@graph":[{"@type":"Article","@id":"https:\/\/algarve7.pt\/index.php\/2025\/08\/observacao-astronomica-das-perseidas-regressa-ao-castelo-de-paderne\/atualidade\/09\/40\/#article","isPartOf":{"@id":"https:\/\/algarve7.pt\/index.php\/2025\/08\/observacao-astronomica-das-perseidas-regressa-ao-castelo-de-paderne\/atualidade\/09\/40\/"},"author":{"name":"Algarve 7","@id":"https:\/\/algarve7.pt\/#\/schema\/person\/23fa70681308e7b319a3204bcea45e0c"},"headline":"Observa\u00e7\u00e3o astron\u00f3mica das Perseidas regressa ao Castelo de Paderne","datePublished":"2025-08-10T08:40:00+00:00","mainEntityOfPage":{"@id":"https:\/\/algarve7.pt\/index.php\/2025\/08\/observacao-astronomica-das-perseidas-regressa-ao-castelo-de-paderne\/atualidade\/09\/40\/"},"wordCount":406,"publisher":{"@id":"https:\/\/algarve7.pt\/#organization"},"image":{"@id":"https:\/\/algarve7.pt\/index.php\/2025\/08\/observacao-astronomica-das-perseidas-regressa-ao-castelo-de-paderne\/atualidade\/09\/40\/#primaryimage"},"thumbnailUrl":"https:\/\/algarve7.pt\/wp-content\/uploads\/2025\/08\/Captura-de-ecra-2025-08-09-as-10.30.10.png","keywords":["Albufeira","Algarve","Atualidade","Paderne"],"articleSection":["Atualidade"],"inLanguage":"pt-PT"},{"@type":"WebPage","@id":"https:\/\/algarve7.pt\/index.php\/2025\/08\/observacao-astronomica-das-perseidas-regressa-ao-castelo-de-paderne\/atualidade\/09\/40\/","url":"https:\/\/algarve7.pt\/index.php\/2025\/08\/observacao-astronomica-das-perseidas-regressa-ao-castelo-de-paderne\/atualidade\/09\/40\/","name":"Observa\u00e7\u00e3o astron\u00f3mica das Perseidas regressa ao Castelo de Paderne - Algarve 7","isPartOf":{"@id":"https:\/\/algarve7.pt\/#website"},"primaryImageOfPage":{"@id":"https:\/\/algarve7.pt\/index.php\/2025\/08\/observacao-astronomica-das-perseidas-regressa-ao-castelo-de-paderne\/atualidade\/09\/40\/#primaryimage"},"image":{"@id":"https:\/\/algarve7.pt\/index.php\/2025\/08\/observacao-astronomica-das-perseidas-regressa-ao-castelo-de-paderne\/atualidade\/09\/40\/#primaryimage"},"thumbnailUrl":"https:\/\/algarve7.pt\/wp-content\/uploads\/2025\/08\/Captura-de-ecra-2025-08-09-as-10.30.10.png","datePublished":"2025-08-10T08:40:00+00:00","description":"Observa\u00e7\u00e3o astron\u00f3mica das Perseidas regressa ao Castelo de Paderne Atualidade","breadcrumb":{"@id":"https:\/\/algarve7.pt\/index.php\/2025\/08\/observacao-astronomica-das-perseidas-regressa-ao-castelo-de-paderne\/atualidade\/09\/40\/#breadcrumb"},"inLanguage":"pt-PT","potentialAction":[{"@type":"ReadAction","target":["https:\/\/algarve7.pt\/index.php\/2025\/08\/observacao-astronomica-das-perseidas-regressa-ao-castelo-de-paderne\/atualidade\/09\/40\/"]}]},{"@type":"ImageObject","inLanguage":"pt-PT","@id":"https:\/\/algarve7.pt\/index.php\/2025\/08\/observacao-astronomica-das-perseidas-regressa-ao-castelo-de-paderne\/atualidade\/09\/40\/#primaryimage","url":"https:\/\/algarve7.pt\/wp-content\/uploads\/2025\/08\/Captura-de-ecra-2025-08-09-as-10.30.10.png","contentUrl":"https:\/\/algarve7.pt\/wp-content\/uploads\/2025\/08\/Captura-de-ecra-2025-08-09-as-10.30.10.png","width":800,"height":500},{"@type":"BreadcrumbList","@id":"https:\/\/algarve7.pt\/index.php\/2025\/08\/observacao-astronomica-das-perseidas-regressa-ao-castelo-de-paderne\/atualidade\/09\/40\/#breadcrumb","itemListElement":[{"@type":"ListItem","position":1,"name":"In\u00edcio","item":"https:\/\/algarve7.pt\/"},{"@type":"ListItem","position":2,"name":"Observa\u00e7\u00e3o astron\u00f3mica das Perseidas regressa ao Castelo de Paderne"}]},{"@type":"WebSite","@id":"https:\/\/algarve7.pt\/#website","url":"https:\/\/algarve7.pt\/","name":"Algarve 7","description":"Informa\u00e7\u00e3o sobre o Algarve","publisher":{"@id":"https:\/\/algarve7.pt\/#organization"},"potentialAction":[{"@type":"SearchAction","target":{"@type":"EntryPoint","urlTemplate":"https:\/\/algarve7.pt\/?s={search_term_string}"},"query-input":{"@type":"PropertyValueSpecification","valueRequired":true,"valueName":"search_term_string"}}],"inLanguage":"pt-PT"},{"@type":"Organization","@id":"https:\/\/algarve7.pt\/#organization","name":"Algarve 7","url":"https:\/\/algarve7.pt\/","logo":{"@type":"ImageObject","inLanguage":"pt-PT","@id":"https:\/\/algarve7.pt\/#\/schema\/logo\/image\/","url":"https:\/\/algarve7.pt\/wp-content\/uploads\/2020\/10\/Logo-8.jpg","contentUrl":"https:\/\/algarve7.pt\/wp-content\/uploads\/2020\/10\/Logo-8.jpg","width":1680,"height":1186,"caption":"Algarve 7"},"image":{"@id":"https:\/\/algarve7.pt\/#\/schema\/logo\/image\/"},"sameAs":["https:\/\/www.facebook.com\/algarve7","https:\/\/x.com\/Algarvesete","https:\/\/www.instagram.com\/jornalalgarve7\/","https:\/\/www.linkedin.com\/company\/algarve7","https:\/\/www.pinterest.pt\/geral0939\/_created\/"]},{"@type":"Person","@id":"https:\/\/algarve7.pt\/#\/schema\/person\/23fa70681308e7b319a3204bcea45e0c","name":"Algarve 7","sameAs":["https:\/\/algarve7.pt","https:\/\/www.facebook.com\/algarve7"],"url":"https:\/\/algarve7.pt\/index.php\/author\/geralalgarve7-pt\/"}]}},"jetpack_publicize_connections":[],"jetpack_featured_media_url":"https:\/\/algarve7.pt\/wp-content\/uploads\/2025\/08\/Captura-de-ecra-2025-08-09-as-10.30.10.png","jetpack_shortlink":"https:\/\/wp.me\/pcezmW-dPp","jetpack_sharing_enabled":true,"_links":{"self":[{"href":"https:\/\/algarve7.pt\/index.php\/wp-json\/wp\/v2\/posts\/53159","targetHints":{"allow":["GET"]}}],"collection":[{"href":"https:\/\/algarve7.pt\/index.php\/wp-json\/wp\/v2\/posts"}],"about":[{"href":"https:\/\/algarve7.pt\/index.php\/wp-json\/wp\/v2\/types\/post"}],"author":[{"embeddable":true,"href":"https:\/\/algarve7.pt\/index.php\/wp-json\/wp\/v2\/users\/1"}],"replies":[{"embeddable":true,"href":"https:\/\/algarve7.pt\/index.php\/wp-json\/wp\/v2\/comments?post=53159"}],"version-history":[{"count":0,"href":"https:\/\/algarve7.pt\/index.php\/wp-json\/wp\/v2\/posts\/53159\/revisions"}],"wp:featuredmedia":[{"embeddable":true,"href":"https:\/\/algarve7.pt\/index.php\/wp-json\/wp\/v2\/media\/53160"}],"wp:attachment":[{"href":"https:\/\/algarve7.pt\/index.php\/wp-json\/wp\/v2\/media?parent=53159"}],"wp:term":[{"taxonomy":"category","embeddable":true,"href":"https:\/\/algarve7.pt\/index.php\/wp-json\/wp\/v2\/categories?post=53159"},{"taxonomy":"post_tag","embeddable":true,"href":"https:\/\/algarve7.pt\/index.php\/wp-json\/wp\/v2\/tags?post=53159"}],"curies":[{"name":"wp","href":"https:\/\/api.w.org\/{rel}","templated":true}]}}