{"id":53127,"date":"2025-08-10T09:10:00","date_gmt":"2025-08-10T08:10:00","guid":{"rendered":"https:\/\/algarve7.pt\/?p=53127"},"modified":"2025-08-07T17:13:59","modified_gmt":"2025-08-07T16:13:59","slug":"12o-festival-internacional-de-guitarra-de-lagoa-de19-de-setembro-a-01-de-outubro-em-lagoa","status":"publish","type":"post","link":"https:\/\/algarve7.pt\/index.php\/2025\/08\/12o-festival-internacional-de-guitarra-de-lagoa-de19-de-setembro-a-01-de-outubro-em-lagoa\/cultura\/09\/10\/","title":{"rendered":"\u00a012\u00ba Festival Internacional de Guitarra de Lagoa de19 de setembro a 01 de outubro em Lagoa"},"content":{"rendered":"\n<p>Entre os dias 19 de setembro e 01 de outubro, Lagoa recebe o <strong>12\u00ba Festival Internacional de Guitarra de Lagoa<\/strong> que oferece diversas oportunidades para visitar o concelho e participar deste Festival que \u00e9 j\u00e1 um marco na programa\u00e7\u00e3o cultural de Lagoa. Entre espet\u00e1culos de entrada paga e gratuitos, consulte o programa e n\u00e3o deixe de usufruir desta oferta cultural que o <strong>12\u00ba Festival Internacional de Guitarra de Lagoa<\/strong> lhe oferece.<\/p>\n\n\n\n<p>Sinopse: Uma vez mais, a\u00a0AGA \u2013 Associa\u00e7\u00e3o de Guitarra do Algarve\u00a0em colabora\u00e7\u00e3o com o\u00a0Munic\u00edpio de Lagoa, tendo em aten\u00e7\u00e3o a comum din\u00e2mica cultural, prop\u00f5e, de 19 de setembro a 1 de outubro de 2025 \u2013 Dia Mundial da M\u00fasica &#8211; o\u00a0<strong>12\u00ba Festival Internacional de Guitarra de Lagoa<\/strong>, assumindo, desde j\u00e1, o privil\u00e9gio e a responsabilidade de uma programa\u00e7\u00e3o de qualidade, reconhecidamente em crescendo, quer na oferta interna regional, quer no dom\u00ednio nacional e internacional.<\/p>\n\n\n\n<p><br>Para esta edi\u00e7\u00e3o procur\u00e1mos, uma vez mais, enquadrar a m\u00fasica de excel\u00eancia dos artistas convidados nos locais de refer\u00eancia que representam o patrim\u00f3nio paisag\u00edstico, monumental e tur\u00edstico do Concelho de Lagoa e, em simult\u00e2neo, n\u00e3o perder de vista a integra\u00e7\u00e3o do Festival no esp\u00edrito que o Munic\u00edpio valoriza como eixo estrat\u00e9gico: Lagoa Cidade Educadora.<\/p>\n\n\n\n<p><br>Para o <strong>12\u00ba Festival Internacional de Guitarra de Lagoa<\/strong>, escolhemos uma programa\u00e7\u00e3o cuidada, que \u00e9 n\u00e3o s\u00f3 tematicamente diversificada, de alt\u00edssimo valor art\u00edstico, mas tamb\u00e9m ter\u00e1 a presen\u00e7a de enormes e virtuosos int\u00e9rpretes nacionais e estrangeiros, por forma a proporcionar sonoridades e g\u00e9neros musicais \u00fanicos, contribuindo, assim, para um Festival inesquec\u00edvel.<\/p>\n\n\n\n<p><br>\u00c0 semelhan\u00e7a do sucesso dos \u00faltimos festivais em Lagoa, tamb\u00e9m, este ano, podemos perspetivar um enorme Festival de Guitarra, atendendo ao saber, entusiasmo e dedica\u00e7\u00e3o de todos quantos v\u00e3o estar empenhados na sua organiza\u00e7\u00e3o, bem como o apoio de todas as entidades parceiras que estar\u00e3o envolvidas na sua realiza\u00e7\u00e3o.<\/p>\n\n\n\n<p><br>Por \u00faltimo, o <strong>12\u00ba Festival Internacional de Guitarra de Lagoa<\/strong>, constituir\u00e1 um foco de atra\u00e7\u00e3o tur\u00edstica na cidade de Lagoa, assumindo-se como um evento que projeta a notoriedade da cidade al\u00e9m-fronteiras e com potencial para dinamizar, cada vez mais, o turismo da regi\u00e3o do Algarve.<\/p>\n\n\n\n<p>Os bilhetes para para cada espet\u00e1culo custam\u00a0<strong>8\u20ac<\/strong>\u00a0(desconto dispon\u00edvel para portadores do Passaporte Cultural, dispon\u00edvel nas bilheteiras do Munic\u00edpio de Lagoa) e j\u00e1 se encontram \u00e0 venda na\u00a0<strong>Bilheteira Online<\/strong>, nas bilheteiras dos CTT, da Fnac, Worten, Audit\u00f3rio Carlos do Carmo, Centro Cultural Convento de S. Jos\u00e9 e Balc\u00e3o \u00danico da C\u00e2mara Municipal de Lagoa.<\/p>\n","protected":false},"excerpt":{"rendered":"<p>Entre os dias 19 de setembro e 01 de outubro, Lagoa recebe o 12\u00ba Festival Internacional de Guitarra de Lagoa<\/p>\n","protected":false},"author":1,"featured_media":53128,"comment_status":"closed","ping_status":"closed","sticky":false,"template":"","format":"standard","meta":{"colormag_page_container_layout":"default_layout","colormag_page_sidebar_layout":"default_layout","_monsterinsights_skip_tracking":false,"_monsterinsights_sitenote_active":false,"_monsterinsights_sitenote_note":"","_monsterinsights_sitenote_category":0,"jetpack_post_was_ever_published":false,"_jetpack_newsletter_access":"","_jetpack_dont_email_post_to_subs":false,"_jetpack_newsletter_tier_id":0,"_jetpack_memberships_contains_paywalled_content":false,"_jetpack_memberships_contains_paid_content":false,"footnotes":"","jetpack_publicize_message":"","jetpack_publicize_feature_enabled":true,"jetpack_social_post_already_shared":false,"jetpack_social_options":{"image_generator_settings":{"template":"highway","default_image_id":0,"font":"","enabled":false},"version":2}},"categories":[14],"tags":[36,35,48],"class_list":["post-53127","post","type-post","status-publish","format-standard","has-post-thumbnail","hentry","category-cultura","tag-algarve","tag-cultura","tag-lagoa"],"yoast_head":"<!-- This site is optimized with the Yoast SEO plugin v27.5 - https:\/\/yoast.com\/product\/yoast-seo-wordpress\/ -->\n<title>\u00a012\u00ba Festival Internacional de Guitarra de Lagoa de19 de setembro a 01 de outubro em Lagoa - Algarve 7<\/title>\n<meta name=\"description\" content=\"\u00a012\u00ba Festival Internacional de Guitarra de Lagoa de19 de setembro a 01 de outubro em Lagoa Cultura\" \/>\n<meta name=\"robots\" content=\"index, follow, max-snippet:-1, max-image-preview:large, max-video-preview:-1\" \/>\n<link rel=\"canonical\" href=\"https:\/\/algarve7.pt\/index.php\/2025\/08\/12o-festival-internacional-de-guitarra-de-lagoa-de19-de-setembro-a-01-de-outubro-em-lagoa\/cultura\/09\/10\/\" \/>\n<meta property=\"og:locale\" content=\"pt_PT\" \/>\n<meta property=\"og:type\" content=\"article\" \/>\n<meta property=\"og:title\" content=\"\u00a012\u00ba Festival Internacional de Guitarra de Lagoa de19 de setembro a 01 de outubro em Lagoa - Algarve 7\" \/>\n<meta property=\"og:description\" content=\"\u00a012\u00ba Festival Internacional de Guitarra de Lagoa de19 de setembro a 01 de outubro em Lagoa Cultura\" \/>\n<meta property=\"og:url\" content=\"https:\/\/algarve7.pt\/index.php\/2025\/08\/12o-festival-internacional-de-guitarra-de-lagoa-de19-de-setembro-a-01-de-outubro-em-lagoa\/cultura\/09\/10\/\" \/>\n<meta property=\"og:site_name\" content=\"Algarve 7\" \/>\n<meta property=\"article:publisher\" content=\"https:\/\/www.facebook.com\/algarve7\" \/>\n<meta property=\"article:author\" content=\"https:\/\/www.facebook.com\/algarve7\" \/>\n<meta property=\"article:published_time\" content=\"2025-08-10T08:10:00+00:00\" \/>\n<meta property=\"og:image\" content=\"https:\/\/algarve7.pt\/wp-content\/uploads\/2025\/08\/Captura-de-ecra-2025-08-07-as-17.10.21.png\" \/>\n\t<meta property=\"og:image:width\" content=\"800\" \/>\n\t<meta property=\"og:image:height\" content=\"500\" \/>\n\t<meta property=\"og:image:type\" content=\"image\/png\" \/>\n<meta name=\"author\" content=\"Algarve 7\" \/>\n<meta name=\"twitter:card\" content=\"summary_large_image\" \/>\n<meta name=\"twitter:creator\" content=\"@Algarvesete\" \/>\n<meta name=\"twitter:site\" content=\"@Algarvesete\" \/>\n<meta name=\"twitter:label1\" content=\"Escrito por\" \/>\n\t<meta name=\"twitter:data1\" content=\"Algarve 7\" \/>\n\t<meta name=\"twitter:label2\" content=\"Tempo estimado de leitura\" \/>\n\t<meta name=\"twitter:data2\" content=\"3 minutos\" \/>\n<script type=\"application\/ld+json\" class=\"yoast-schema-graph\">{\"@context\":\"https:\\\/\\\/schema.org\",\"@graph\":[{\"@type\":\"Article\",\"@id\":\"https:\\\/\\\/algarve7.pt\\\/index.php\\\/2025\\\/08\\\/12o-festival-internacional-de-guitarra-de-lagoa-de19-de-setembro-a-01-de-outubro-em-lagoa\\\/cultura\\\/09\\\/10\\\/#article\",\"isPartOf\":{\"@id\":\"https:\\\/\\\/algarve7.pt\\\/index.php\\\/2025\\\/08\\\/12o-festival-internacional-de-guitarra-de-lagoa-de19-de-setembro-a-01-de-outubro-em-lagoa\\\/cultura\\\/09\\\/10\\\/\"},\"author\":{\"name\":\"Algarve 7\",\"@id\":\"https:\\\/\\\/algarve7.pt\\\/#\\\/schema\\\/person\\\/23fa70681308e7b319a3204bcea45e0c\"},\"headline\":\"\u00a012\u00ba Festival Internacional de Guitarra de Lagoa de19 de setembro a 01 de outubro em Lagoa\",\"datePublished\":\"2025-08-10T08:10:00+00:00\",\"mainEntityOfPage\":{\"@id\":\"https:\\\/\\\/algarve7.pt\\\/index.php\\\/2025\\\/08\\\/12o-festival-internacional-de-guitarra-de-lagoa-de19-de-setembro-a-01-de-outubro-em-lagoa\\\/cultura\\\/09\\\/10\\\/\"},\"wordCount\":455,\"publisher\":{\"@id\":\"https:\\\/\\\/algarve7.pt\\\/#organization\"},\"image\":{\"@id\":\"https:\\\/\\\/algarve7.pt\\\/index.php\\\/2025\\\/08\\\/12o-festival-internacional-de-guitarra-de-lagoa-de19-de-setembro-a-01-de-outubro-em-lagoa\\\/cultura\\\/09\\\/10\\\/#primaryimage\"},\"thumbnailUrl\":\"https:\\\/\\\/algarve7.pt\\\/wp-content\\\/uploads\\\/2025\\\/08\\\/Captura-de-ecra-2025-08-07-as-17.10.21.png\",\"keywords\":[\"Algarve\",\"Cultura\",\"Lagoa\"],\"articleSection\":[\"Cultura\"],\"inLanguage\":\"pt-PT\"},{\"@type\":\"WebPage\",\"@id\":\"https:\\\/\\\/algarve7.pt\\\/index.php\\\/2025\\\/08\\\/12o-festival-internacional-de-guitarra-de-lagoa-de19-de-setembro-a-01-de-outubro-em-lagoa\\\/cultura\\\/09\\\/10\\\/\",\"url\":\"https:\\\/\\\/algarve7.pt\\\/index.php\\\/2025\\\/08\\\/12o-festival-internacional-de-guitarra-de-lagoa-de19-de-setembro-a-01-de-outubro-em-lagoa\\\/cultura\\\/09\\\/10\\\/\",\"name\":\"\u00a012\u00ba Festival Internacional de Guitarra de Lagoa de19 de setembro a 01 de outubro em Lagoa - Algarve 7\",\"isPartOf\":{\"@id\":\"https:\\\/\\\/algarve7.pt\\\/#website\"},\"primaryImageOfPage\":{\"@id\":\"https:\\\/\\\/algarve7.pt\\\/index.php\\\/2025\\\/08\\\/12o-festival-internacional-de-guitarra-de-lagoa-de19-de-setembro-a-01-de-outubro-em-lagoa\\\/cultura\\\/09\\\/10\\\/#primaryimage\"},\"image\":{\"@id\":\"https:\\\/\\\/algarve7.pt\\\/index.php\\\/2025\\\/08\\\/12o-festival-internacional-de-guitarra-de-lagoa-de19-de-setembro-a-01-de-outubro-em-lagoa\\\/cultura\\\/09\\\/10\\\/#primaryimage\"},\"thumbnailUrl\":\"https:\\\/\\\/algarve7.pt\\\/wp-content\\\/uploads\\\/2025\\\/08\\\/Captura-de-ecra-2025-08-07-as-17.10.21.png\",\"datePublished\":\"2025-08-10T08:10:00+00:00\",\"description\":\"\u00a012\u00ba Festival Internacional de Guitarra de Lagoa de19 de setembro a 01 de outubro em Lagoa Cultura\",\"breadcrumb\":{\"@id\":\"https:\\\/\\\/algarve7.pt\\\/index.php\\\/2025\\\/08\\\/12o-festival-internacional-de-guitarra-de-lagoa-de19-de-setembro-a-01-de-outubro-em-lagoa\\\/cultura\\\/09\\\/10\\\/#breadcrumb\"},\"inLanguage\":\"pt-PT\",\"potentialAction\":[{\"@type\":\"ReadAction\",\"target\":[\"https:\\\/\\\/algarve7.pt\\\/index.php\\\/2025\\\/08\\\/12o-festival-internacional-de-guitarra-de-lagoa-de19-de-setembro-a-01-de-outubro-em-lagoa\\\/cultura\\\/09\\\/10\\\/\"]}]},{\"@type\":\"ImageObject\",\"inLanguage\":\"pt-PT\",\"@id\":\"https:\\\/\\\/algarve7.pt\\\/index.php\\\/2025\\\/08\\\/12o-festival-internacional-de-guitarra-de-lagoa-de19-de-setembro-a-01-de-outubro-em-lagoa\\\/cultura\\\/09\\\/10\\\/#primaryimage\",\"url\":\"https:\\\/\\\/algarve7.pt\\\/wp-content\\\/uploads\\\/2025\\\/08\\\/Captura-de-ecra-2025-08-07-as-17.10.21.png\",\"contentUrl\":\"https:\\\/\\\/algarve7.pt\\\/wp-content\\\/uploads\\\/2025\\\/08\\\/Captura-de-ecra-2025-08-07-as-17.10.21.png\",\"width\":800,\"height\":500},{\"@type\":\"BreadcrumbList\",\"@id\":\"https:\\\/\\\/algarve7.pt\\\/index.php\\\/2025\\\/08\\\/12o-festival-internacional-de-guitarra-de-lagoa-de19-de-setembro-a-01-de-outubro-em-lagoa\\\/cultura\\\/09\\\/10\\\/#breadcrumb\",\"itemListElement\":[{\"@type\":\"ListItem\",\"position\":1,\"name\":\"In\u00edcio\",\"item\":\"https:\\\/\\\/algarve7.pt\\\/\"},{\"@type\":\"ListItem\",\"position\":2,\"name\":\"\u00a012\u00ba Festival Internacional de Guitarra de Lagoa de19 de setembro a 01 de outubro em Lagoa\"}]},{\"@type\":\"WebSite\",\"@id\":\"https:\\\/\\\/algarve7.pt\\\/#website\",\"url\":\"https:\\\/\\\/algarve7.pt\\\/\",\"name\":\"Algarve 7\",\"description\":\"Informa\u00e7\u00e3o sobre o Algarve\",\"publisher\":{\"@id\":\"https:\\\/\\\/algarve7.pt\\\/#organization\"},\"potentialAction\":[{\"@type\":\"SearchAction\",\"target\":{\"@type\":\"EntryPoint\",\"urlTemplate\":\"https:\\\/\\\/algarve7.pt\\\/?s={search_term_string}\"},\"query-input\":{\"@type\":\"PropertyValueSpecification\",\"valueRequired\":true,\"valueName\":\"search_term_string\"}}],\"inLanguage\":\"pt-PT\"},{\"@type\":\"Organization\",\"@id\":\"https:\\\/\\\/algarve7.pt\\\/#organization\",\"name\":\"Algarve 7\",\"url\":\"https:\\\/\\\/algarve7.pt\\\/\",\"logo\":{\"@type\":\"ImageObject\",\"inLanguage\":\"pt-PT\",\"@id\":\"https:\\\/\\\/algarve7.pt\\\/#\\\/schema\\\/logo\\\/image\\\/\",\"url\":\"https:\\\/\\\/algarve7.pt\\\/wp-content\\\/uploads\\\/2020\\\/10\\\/Logo-8.jpg\",\"contentUrl\":\"https:\\\/\\\/algarve7.pt\\\/wp-content\\\/uploads\\\/2020\\\/10\\\/Logo-8.jpg\",\"width\":1680,\"height\":1186,\"caption\":\"Algarve 7\"},\"image\":{\"@id\":\"https:\\\/\\\/algarve7.pt\\\/#\\\/schema\\\/logo\\\/image\\\/\"},\"sameAs\":[\"https:\\\/\\\/www.facebook.com\\\/algarve7\",\"https:\\\/\\\/x.com\\\/Algarvesete\",\"https:\\\/\\\/www.instagram.com\\\/jornalalgarve7\\\/\",\"https:\\\/\\\/www.linkedin.com\\\/company\\\/algarve7\",\"https:\\\/\\\/www.pinterest.pt\\\/geral0939\\\/_created\\\/\"]},{\"@type\":\"Person\",\"@id\":\"https:\\\/\\\/algarve7.pt\\\/#\\\/schema\\\/person\\\/23fa70681308e7b319a3204bcea45e0c\",\"name\":\"Algarve 7\",\"sameAs\":[\"https:\\\/\\\/algarve7.pt\",\"https:\\\/\\\/www.facebook.com\\\/algarve7\"],\"url\":\"https:\\\/\\\/algarve7.pt\\\/index.php\\\/author\\\/geralalgarve7-pt\\\/\"}]}<\/script>\n<!-- \/ Yoast SEO plugin. -->","yoast_head_json":{"title":"\u00a012\u00ba Festival Internacional de Guitarra de Lagoa de19 de setembro a 01 de outubro em Lagoa - Algarve 7","description":"\u00a012\u00ba Festival Internacional de Guitarra de Lagoa de19 de setembro a 01 de outubro em Lagoa Cultura","robots":{"index":"index","follow":"follow","max-snippet":"max-snippet:-1","max-image-preview":"max-image-preview:large","max-video-preview":"max-video-preview:-1"},"canonical":"https:\/\/algarve7.pt\/index.php\/2025\/08\/12o-festival-internacional-de-guitarra-de-lagoa-de19-de-setembro-a-01-de-outubro-em-lagoa\/cultura\/09\/10\/","og_locale":"pt_PT","og_type":"article","og_title":"\u00a012\u00ba Festival Internacional de Guitarra de Lagoa de19 de setembro a 01 de outubro em Lagoa - Algarve 7","og_description":"\u00a012\u00ba Festival Internacional de Guitarra de Lagoa de19 de setembro a 01 de outubro em Lagoa Cultura","og_url":"https:\/\/algarve7.pt\/index.php\/2025\/08\/12o-festival-internacional-de-guitarra-de-lagoa-de19-de-setembro-a-01-de-outubro-em-lagoa\/cultura\/09\/10\/","og_site_name":"Algarve 7","article_publisher":"https:\/\/www.facebook.com\/algarve7","article_author":"https:\/\/www.facebook.com\/algarve7","article_published_time":"2025-08-10T08:10:00+00:00","og_image":[{"width":800,"height":500,"url":"https:\/\/algarve7.pt\/wp-content\/uploads\/2025\/08\/Captura-de-ecra-2025-08-07-as-17.10.21.png","type":"image\/png"}],"author":"Algarve 7","twitter_card":"summary_large_image","twitter_creator":"@Algarvesete","twitter_site":"@Algarvesete","twitter_misc":{"Escrito por":"Algarve 7","Tempo estimado de leitura":"3 minutos"},"schema":{"@context":"https:\/\/schema.org","@graph":[{"@type":"Article","@id":"https:\/\/algarve7.pt\/index.php\/2025\/08\/12o-festival-internacional-de-guitarra-de-lagoa-de19-de-setembro-a-01-de-outubro-em-lagoa\/cultura\/09\/10\/#article","isPartOf":{"@id":"https:\/\/algarve7.pt\/index.php\/2025\/08\/12o-festival-internacional-de-guitarra-de-lagoa-de19-de-setembro-a-01-de-outubro-em-lagoa\/cultura\/09\/10\/"},"author":{"name":"Algarve 7","@id":"https:\/\/algarve7.pt\/#\/schema\/person\/23fa70681308e7b319a3204bcea45e0c"},"headline":"\u00a012\u00ba Festival Internacional de Guitarra de Lagoa de19 de setembro a 01 de outubro em Lagoa","datePublished":"2025-08-10T08:10:00+00:00","mainEntityOfPage":{"@id":"https:\/\/algarve7.pt\/index.php\/2025\/08\/12o-festival-internacional-de-guitarra-de-lagoa-de19-de-setembro-a-01-de-outubro-em-lagoa\/cultura\/09\/10\/"},"wordCount":455,"publisher":{"@id":"https:\/\/algarve7.pt\/#organization"},"image":{"@id":"https:\/\/algarve7.pt\/index.php\/2025\/08\/12o-festival-internacional-de-guitarra-de-lagoa-de19-de-setembro-a-01-de-outubro-em-lagoa\/cultura\/09\/10\/#primaryimage"},"thumbnailUrl":"https:\/\/algarve7.pt\/wp-content\/uploads\/2025\/08\/Captura-de-ecra-2025-08-07-as-17.10.21.png","keywords":["Algarve","Cultura","Lagoa"],"articleSection":["Cultura"],"inLanguage":"pt-PT"},{"@type":"WebPage","@id":"https:\/\/algarve7.pt\/index.php\/2025\/08\/12o-festival-internacional-de-guitarra-de-lagoa-de19-de-setembro-a-01-de-outubro-em-lagoa\/cultura\/09\/10\/","url":"https:\/\/algarve7.pt\/index.php\/2025\/08\/12o-festival-internacional-de-guitarra-de-lagoa-de19-de-setembro-a-01-de-outubro-em-lagoa\/cultura\/09\/10\/","name":"\u00a012\u00ba Festival Internacional de Guitarra de Lagoa de19 de setembro a 01 de outubro em Lagoa - Algarve 7","isPartOf":{"@id":"https:\/\/algarve7.pt\/#website"},"primaryImageOfPage":{"@id":"https:\/\/algarve7.pt\/index.php\/2025\/08\/12o-festival-internacional-de-guitarra-de-lagoa-de19-de-setembro-a-01-de-outubro-em-lagoa\/cultura\/09\/10\/#primaryimage"},"image":{"@id":"https:\/\/algarve7.pt\/index.php\/2025\/08\/12o-festival-internacional-de-guitarra-de-lagoa-de19-de-setembro-a-01-de-outubro-em-lagoa\/cultura\/09\/10\/#primaryimage"},"thumbnailUrl":"https:\/\/algarve7.pt\/wp-content\/uploads\/2025\/08\/Captura-de-ecra-2025-08-07-as-17.10.21.png","datePublished":"2025-08-10T08:10:00+00:00","description":"\u00a012\u00ba Festival Internacional de Guitarra de Lagoa de19 de setembro a 01 de outubro em Lagoa Cultura","breadcrumb":{"@id":"https:\/\/algarve7.pt\/index.php\/2025\/08\/12o-festival-internacional-de-guitarra-de-lagoa-de19-de-setembro-a-01-de-outubro-em-lagoa\/cultura\/09\/10\/#breadcrumb"},"inLanguage":"pt-PT","potentialAction":[{"@type":"ReadAction","target":["https:\/\/algarve7.pt\/index.php\/2025\/08\/12o-festival-internacional-de-guitarra-de-lagoa-de19-de-setembro-a-01-de-outubro-em-lagoa\/cultura\/09\/10\/"]}]},{"@type":"ImageObject","inLanguage":"pt-PT","@id":"https:\/\/algarve7.pt\/index.php\/2025\/08\/12o-festival-internacional-de-guitarra-de-lagoa-de19-de-setembro-a-01-de-outubro-em-lagoa\/cultura\/09\/10\/#primaryimage","url":"https:\/\/algarve7.pt\/wp-content\/uploads\/2025\/08\/Captura-de-ecra-2025-08-07-as-17.10.21.png","contentUrl":"https:\/\/algarve7.pt\/wp-content\/uploads\/2025\/08\/Captura-de-ecra-2025-08-07-as-17.10.21.png","width":800,"height":500},{"@type":"BreadcrumbList","@id":"https:\/\/algarve7.pt\/index.php\/2025\/08\/12o-festival-internacional-de-guitarra-de-lagoa-de19-de-setembro-a-01-de-outubro-em-lagoa\/cultura\/09\/10\/#breadcrumb","itemListElement":[{"@type":"ListItem","position":1,"name":"In\u00edcio","item":"https:\/\/algarve7.pt\/"},{"@type":"ListItem","position":2,"name":"\u00a012\u00ba Festival Internacional de Guitarra de Lagoa de19 de setembro a 01 de outubro em Lagoa"}]},{"@type":"WebSite","@id":"https:\/\/algarve7.pt\/#website","url":"https:\/\/algarve7.pt\/","name":"Algarve 7","description":"Informa\u00e7\u00e3o sobre o Algarve","publisher":{"@id":"https:\/\/algarve7.pt\/#organization"},"potentialAction":[{"@type":"SearchAction","target":{"@type":"EntryPoint","urlTemplate":"https:\/\/algarve7.pt\/?s={search_term_string}"},"query-input":{"@type":"PropertyValueSpecification","valueRequired":true,"valueName":"search_term_string"}}],"inLanguage":"pt-PT"},{"@type":"Organization","@id":"https:\/\/algarve7.pt\/#organization","name":"Algarve 7","url":"https:\/\/algarve7.pt\/","logo":{"@type":"ImageObject","inLanguage":"pt-PT","@id":"https:\/\/algarve7.pt\/#\/schema\/logo\/image\/","url":"https:\/\/algarve7.pt\/wp-content\/uploads\/2020\/10\/Logo-8.jpg","contentUrl":"https:\/\/algarve7.pt\/wp-content\/uploads\/2020\/10\/Logo-8.jpg","width":1680,"height":1186,"caption":"Algarve 7"},"image":{"@id":"https:\/\/algarve7.pt\/#\/schema\/logo\/image\/"},"sameAs":["https:\/\/www.facebook.com\/algarve7","https:\/\/x.com\/Algarvesete","https:\/\/www.instagram.com\/jornalalgarve7\/","https:\/\/www.linkedin.com\/company\/algarve7","https:\/\/www.pinterest.pt\/geral0939\/_created\/"]},{"@type":"Person","@id":"https:\/\/algarve7.pt\/#\/schema\/person\/23fa70681308e7b319a3204bcea45e0c","name":"Algarve 7","sameAs":["https:\/\/algarve7.pt","https:\/\/www.facebook.com\/algarve7"],"url":"https:\/\/algarve7.pt\/index.php\/author\/geralalgarve7-pt\/"}]}},"jetpack_publicize_connections":[],"jetpack_featured_media_url":"https:\/\/algarve7.pt\/wp-content\/uploads\/2025\/08\/Captura-de-ecra-2025-08-07-as-17.10.21.png","jetpack_shortlink":"https:\/\/wp.me\/pcezmW-dOT","jetpack_sharing_enabled":true,"_links":{"self":[{"href":"https:\/\/algarve7.pt\/index.php\/wp-json\/wp\/v2\/posts\/53127","targetHints":{"allow":["GET"]}}],"collection":[{"href":"https:\/\/algarve7.pt\/index.php\/wp-json\/wp\/v2\/posts"}],"about":[{"href":"https:\/\/algarve7.pt\/index.php\/wp-json\/wp\/v2\/types\/post"}],"author":[{"embeddable":true,"href":"https:\/\/algarve7.pt\/index.php\/wp-json\/wp\/v2\/users\/1"}],"replies":[{"embeddable":true,"href":"https:\/\/algarve7.pt\/index.php\/wp-json\/wp\/v2\/comments?post=53127"}],"version-history":[{"count":0,"href":"https:\/\/algarve7.pt\/index.php\/wp-json\/wp\/v2\/posts\/53127\/revisions"}],"wp:featuredmedia":[{"embeddable":true,"href":"https:\/\/algarve7.pt\/index.php\/wp-json\/wp\/v2\/media\/53128"}],"wp:attachment":[{"href":"https:\/\/algarve7.pt\/index.php\/wp-json\/wp\/v2\/media?parent=53127"}],"wp:term":[{"taxonomy":"category","embeddable":true,"href":"https:\/\/algarve7.pt\/index.php\/wp-json\/wp\/v2\/categories?post=53127"},{"taxonomy":"post_tag","embeddable":true,"href":"https:\/\/algarve7.pt\/index.php\/wp-json\/wp\/v2\/tags?post=53127"}],"curies":[{"name":"wp","href":"https:\/\/api.w.org\/{rel}","templated":true}]}}