{"id":53106,"date":"2025-08-07T14:26:20","date_gmt":"2025-08-07T13:26:20","guid":{"rendered":"https:\/\/algarve7.pt\/?p=53106"},"modified":"2025-08-07T14:26:22","modified_gmt":"2025-08-07T13:26:22","slug":"a-natureza-nao-avisa-mantenha-distancia-das-arribas-campanha-em-marcha-nas-praias-de-albufeira","status":"publish","type":"post","link":"https:\/\/algarve7.pt\/index.php\/2025\/08\/a-natureza-nao-avisa-mantenha-distancia-das-arribas-campanha-em-marcha-nas-praias-de-albufeira\/ambiente\/14\/26\/","title":{"rendered":"\u201cA natureza n\u00e3o avisa. Mantenha dist\u00e2ncia das arribas\u201d: campanha em marcha nas praias de Albufeira\u00a0"},"content":{"rendered":"\n<p>Desde o passado dia 1 de julho que o Munic\u00edpio de Albufeira, atrav\u00e9s do Servi\u00e7o Municipal de Prote\u00e7\u00e3o Civil (SMPC), em parceria com Autoridade Mar\u00edtima Nacional \u2013 Pol\u00edcia Mar\u00edtima e da Associa\u00e7\u00e3o de Nadadores-Salvadores de Albufeira, est\u00e1 a desenvolver uma campanha de sensibiliza\u00e7\u00e3o para prevenir acidentes em zonas de arribas.&nbsp;<\/p>\n\n\n\n<p>Uma das novidades da campanha deste ano \u00e9 a integra\u00e7\u00e3o, neste contacto direto com os banhistas, de alertas sobre os perigos da exposi\u00e7\u00e3o solar prolongada e a promo\u00e7\u00e3o de comportamentos de autoprote\u00e7\u00e3o, como a hidrata\u00e7\u00e3o, o uso de prote\u00e7\u00e3o solar, vestu\u00e1rio adequado e a limita\u00e7\u00e3o da exposi\u00e7\u00e3o ao sol nas horas de maior calor. A iniciativa conta com a colabora\u00e7\u00e3o da Farm\u00e1cia Albufeira e da Autoridade da Sa\u00fade local.&nbsp;<\/p>\n\n\n\n<p>Intitulada \u201cA Natureza n\u00e3o avisa. Mantenha dist\u00e2ncia das arribas\u201d, a campanha compreende a distribui\u00e7\u00e3o de folhetos informativos em portugu\u00eas e ingl\u00eas nas praias do concelho, ao mesmo tempo que os t\u00e9cnicos do Munic\u00edpio sensibilizam os banhistas para os riscos e acidentes em zonas de fal\u00e9sias, assim como as formas de os evitar.&nbsp;<\/p>\n\n\n\n<p>A campanha inclui as 25 praias do concelho e at\u00e9 ao final deste m\u00eas de agosto, das 09h30 \u00e0s 11h30, os t\u00e9cnicos do Servi\u00e7o Municipal de Prote\u00e7\u00e3o Civil v\u00e3o ainda percorrer a Praia de Santa Eul\u00e1lia (dia 8), Manuel Louren\u00e7o e Coelha (dia 12), Evaristo e Castelo (14 de agosto), Alem\u00e3es e Forte de S\u00e3o Jo\u00e3o (dia 19), Oura (dia 22), Aveiros e Oura-Leste (dia 26) e Salgados (dia 29).<\/p>\n\n\n\n<p>Para as entidades envolvidas nesta a\u00e7\u00e3o, a campanha das arribas representa uma excelente oportunidade de refor\u00e7o da miss\u00e3o de promo\u00e7\u00e3o da sa\u00fade na comunidade, estando assim mais pr\u00f3ximos dos cidad\u00e3os e visitantes que frequentam as praias de Albufeira durante a \u00e9poca balnear, prestando informa\u00e7\u00e3o \u00fatil e relevante que pode fazer a diferen\u00e7a no seu bem-estar e seguran\u00e7a. Por sua vez, os veraneantes t\u00eam acolhido cordialmente as indica\u00e7\u00f5es dos t\u00e9cnicos envolvidos, acatando os conselhos e as diversas informa\u00e7\u00f5es.&nbsp;<\/p>\n","protected":false},"excerpt":{"rendered":"<p>Desde o passado dia 1 de julho que o Munic\u00edpio de Albufeira, atrav\u00e9s do Servi\u00e7o Municipal de Prote\u00e7\u00e3o Civil (SMPC),<\/p>\n","protected":false},"author":1,"featured_media":53107,"comment_status":"closed","ping_status":"closed","sticky":false,"template":"","format":"standard","meta":{"colormag_page_container_layout":"default_layout","colormag_page_sidebar_layout":"default_layout","_monsterinsights_skip_tracking":false,"_monsterinsights_sitenote_active":false,"_monsterinsights_sitenote_note":"","_monsterinsights_sitenote_category":0,"jetpack_post_was_ever_published":false,"_jetpack_newsletter_access":"","_jetpack_dont_email_post_to_subs":false,"_jetpack_newsletter_tier_id":0,"_jetpack_memberships_contains_paywalled_content":false,"_jetpack_memberships_contains_paid_content":false,"footnotes":"","jetpack_publicize_message":"","jetpack_publicize_feature_enabled":true,"jetpack_social_post_already_shared":false,"jetpack_social_options":{"image_generator_settings":{"template":"highway","default_image_id":0,"font":"","enabled":false},"version":2}},"categories":[5],"tags":[155,36,32],"class_list":["post-53106","post","type-post","status-publish","format-standard","has-post-thumbnail","hentry","category-ambiente","tag-albufeira","tag-algarve","tag-ambiente"],"yoast_head":"<!-- This site is optimized with the Yoast SEO plugin v27.5 - https:\/\/yoast.com\/product\/yoast-seo-wordpress\/ -->\n<title>\u201cA natureza n\u00e3o avisa. Mantenha dist\u00e2ncia das arribas\u201d: campanha em marcha nas praias de Albufeira\u00a0 - Algarve 7<\/title>\n<meta name=\"description\" content=\"\u201cA natureza n\u00e3o avisa. Mantenha dist\u00e2ncia das arribas\u201d: campanha em marcha nas praias de Albufeira\u00a0 Ambiente\" \/>\n<meta name=\"robots\" content=\"index, follow, max-snippet:-1, max-image-preview:large, max-video-preview:-1\" \/>\n<link rel=\"canonical\" href=\"https:\/\/algarve7.pt\/index.php\/2025\/08\/a-natureza-nao-avisa-mantenha-distancia-das-arribas-campanha-em-marcha-nas-praias-de-albufeira\/ambiente\/14\/26\/\" \/>\n<meta property=\"og:locale\" content=\"pt_PT\" \/>\n<meta property=\"og:type\" content=\"article\" \/>\n<meta property=\"og:title\" content=\"\u201cA natureza n\u00e3o avisa. Mantenha dist\u00e2ncia das arribas\u201d: campanha em marcha nas praias de Albufeira\u00a0 - Algarve 7\" \/>\n<meta property=\"og:description\" content=\"\u201cA natureza n\u00e3o avisa. Mantenha dist\u00e2ncia das arribas\u201d: campanha em marcha nas praias de Albufeira\u00a0 Ambiente\" \/>\n<meta property=\"og:url\" content=\"https:\/\/algarve7.pt\/index.php\/2025\/08\/a-natureza-nao-avisa-mantenha-distancia-das-arribas-campanha-em-marcha-nas-praias-de-albufeira\/ambiente\/14\/26\/\" \/>\n<meta property=\"og:site_name\" content=\"Algarve 7\" \/>\n<meta property=\"article:publisher\" content=\"https:\/\/www.facebook.com\/algarve7\" \/>\n<meta property=\"article:author\" content=\"https:\/\/www.facebook.com\/algarve7\" \/>\n<meta property=\"article:published_time\" content=\"2025-08-07T13:26:20+00:00\" \/>\n<meta property=\"article:modified_time\" content=\"2025-08-07T13:26:22+00:00\" \/>\n<meta property=\"og:image\" content=\"https:\/\/algarve7.pt\/wp-content\/uploads\/2025\/08\/Captura-de-ecra-2025-08-07-as-14.24.10.png\" \/>\n\t<meta property=\"og:image:width\" content=\"800\" \/>\n\t<meta property=\"og:image:height\" content=\"500\" \/>\n\t<meta property=\"og:image:type\" content=\"image\/png\" \/>\n<meta name=\"author\" content=\"Algarve 7\" \/>\n<meta name=\"twitter:card\" content=\"summary_large_image\" \/>\n<meta name=\"twitter:creator\" content=\"@Algarvesete\" \/>\n<meta name=\"twitter:site\" content=\"@Algarvesete\" \/>\n<meta name=\"twitter:label1\" content=\"Escrito por\" \/>\n\t<meta name=\"twitter:data1\" content=\"Algarve 7\" \/>\n\t<meta name=\"twitter:label2\" content=\"Tempo estimado de leitura\" \/>\n\t<meta name=\"twitter:data2\" content=\"2 minutos\" \/>\n<script type=\"application\/ld+json\" class=\"yoast-schema-graph\">{\"@context\":\"https:\\\/\\\/schema.org\",\"@graph\":[{\"@type\":\"Article\",\"@id\":\"https:\\\/\\\/algarve7.pt\\\/index.php\\\/2025\\\/08\\\/a-natureza-nao-avisa-mantenha-distancia-das-arribas-campanha-em-marcha-nas-praias-de-albufeira\\\/ambiente\\\/14\\\/26\\\/#article\",\"isPartOf\":{\"@id\":\"https:\\\/\\\/algarve7.pt\\\/index.php\\\/2025\\\/08\\\/a-natureza-nao-avisa-mantenha-distancia-das-arribas-campanha-em-marcha-nas-praias-de-albufeira\\\/ambiente\\\/14\\\/26\\\/\"},\"author\":{\"name\":\"Algarve 7\",\"@id\":\"https:\\\/\\\/algarve7.pt\\\/#\\\/schema\\\/person\\\/23fa70681308e7b319a3204bcea45e0c\"},\"headline\":\"\u201cA natureza n\u00e3o avisa. Mantenha dist\u00e2ncia das arribas\u201d: campanha em marcha nas praias de Albufeira\u00a0\",\"datePublished\":\"2025-08-07T13:26:20+00:00\",\"dateModified\":\"2025-08-07T13:26:22+00:00\",\"mainEntityOfPage\":{\"@id\":\"https:\\\/\\\/algarve7.pt\\\/index.php\\\/2025\\\/08\\\/a-natureza-nao-avisa-mantenha-distancia-das-arribas-campanha-em-marcha-nas-praias-de-albufeira\\\/ambiente\\\/14\\\/26\\\/\"},\"wordCount\":381,\"publisher\":{\"@id\":\"https:\\\/\\\/algarve7.pt\\\/#organization\"},\"image\":{\"@id\":\"https:\\\/\\\/algarve7.pt\\\/index.php\\\/2025\\\/08\\\/a-natureza-nao-avisa-mantenha-distancia-das-arribas-campanha-em-marcha-nas-praias-de-albufeira\\\/ambiente\\\/14\\\/26\\\/#primaryimage\"},\"thumbnailUrl\":\"https:\\\/\\\/algarve7.pt\\\/wp-content\\\/uploads\\\/2025\\\/08\\\/Captura-de-ecra-2025-08-07-as-14.24.10.png\",\"keywords\":[\"Albufeira\",\"Algarve\",\"Ambiente\"],\"articleSection\":[\"Ambiente\"],\"inLanguage\":\"pt-PT\"},{\"@type\":\"WebPage\",\"@id\":\"https:\\\/\\\/algarve7.pt\\\/index.php\\\/2025\\\/08\\\/a-natureza-nao-avisa-mantenha-distancia-das-arribas-campanha-em-marcha-nas-praias-de-albufeira\\\/ambiente\\\/14\\\/26\\\/\",\"url\":\"https:\\\/\\\/algarve7.pt\\\/index.php\\\/2025\\\/08\\\/a-natureza-nao-avisa-mantenha-distancia-das-arribas-campanha-em-marcha-nas-praias-de-albufeira\\\/ambiente\\\/14\\\/26\\\/\",\"name\":\"\u201cA natureza n\u00e3o avisa. Mantenha dist\u00e2ncia das arribas\u201d: campanha em marcha nas praias de Albufeira\u00a0 - Algarve 7\",\"isPartOf\":{\"@id\":\"https:\\\/\\\/algarve7.pt\\\/#website\"},\"primaryImageOfPage\":{\"@id\":\"https:\\\/\\\/algarve7.pt\\\/index.php\\\/2025\\\/08\\\/a-natureza-nao-avisa-mantenha-distancia-das-arribas-campanha-em-marcha-nas-praias-de-albufeira\\\/ambiente\\\/14\\\/26\\\/#primaryimage\"},\"image\":{\"@id\":\"https:\\\/\\\/algarve7.pt\\\/index.php\\\/2025\\\/08\\\/a-natureza-nao-avisa-mantenha-distancia-das-arribas-campanha-em-marcha-nas-praias-de-albufeira\\\/ambiente\\\/14\\\/26\\\/#primaryimage\"},\"thumbnailUrl\":\"https:\\\/\\\/algarve7.pt\\\/wp-content\\\/uploads\\\/2025\\\/08\\\/Captura-de-ecra-2025-08-07-as-14.24.10.png\",\"datePublished\":\"2025-08-07T13:26:20+00:00\",\"dateModified\":\"2025-08-07T13:26:22+00:00\",\"description\":\"\u201cA natureza n\u00e3o avisa. Mantenha dist\u00e2ncia das arribas\u201d: campanha em marcha nas praias de Albufeira\u00a0 Ambiente\",\"breadcrumb\":{\"@id\":\"https:\\\/\\\/algarve7.pt\\\/index.php\\\/2025\\\/08\\\/a-natureza-nao-avisa-mantenha-distancia-das-arribas-campanha-em-marcha-nas-praias-de-albufeira\\\/ambiente\\\/14\\\/26\\\/#breadcrumb\"},\"inLanguage\":\"pt-PT\",\"potentialAction\":[{\"@type\":\"ReadAction\",\"target\":[\"https:\\\/\\\/algarve7.pt\\\/index.php\\\/2025\\\/08\\\/a-natureza-nao-avisa-mantenha-distancia-das-arribas-campanha-em-marcha-nas-praias-de-albufeira\\\/ambiente\\\/14\\\/26\\\/\"]}]},{\"@type\":\"ImageObject\",\"inLanguage\":\"pt-PT\",\"@id\":\"https:\\\/\\\/algarve7.pt\\\/index.php\\\/2025\\\/08\\\/a-natureza-nao-avisa-mantenha-distancia-das-arribas-campanha-em-marcha-nas-praias-de-albufeira\\\/ambiente\\\/14\\\/26\\\/#primaryimage\",\"url\":\"https:\\\/\\\/algarve7.pt\\\/wp-content\\\/uploads\\\/2025\\\/08\\\/Captura-de-ecra-2025-08-07-as-14.24.10.png\",\"contentUrl\":\"https:\\\/\\\/algarve7.pt\\\/wp-content\\\/uploads\\\/2025\\\/08\\\/Captura-de-ecra-2025-08-07-as-14.24.10.png\",\"width\":800,\"height\":500},{\"@type\":\"BreadcrumbList\",\"@id\":\"https:\\\/\\\/algarve7.pt\\\/index.php\\\/2025\\\/08\\\/a-natureza-nao-avisa-mantenha-distancia-das-arribas-campanha-em-marcha-nas-praias-de-albufeira\\\/ambiente\\\/14\\\/26\\\/#breadcrumb\",\"itemListElement\":[{\"@type\":\"ListItem\",\"position\":1,\"name\":\"In\u00edcio\",\"item\":\"https:\\\/\\\/algarve7.pt\\\/\"},{\"@type\":\"ListItem\",\"position\":2,\"name\":\"\u201cA natureza n\u00e3o avisa. Mantenha dist\u00e2ncia das arribas\u201d: campanha em marcha nas praias de Albufeira\u00a0\"}]},{\"@type\":\"WebSite\",\"@id\":\"https:\\\/\\\/algarve7.pt\\\/#website\",\"url\":\"https:\\\/\\\/algarve7.pt\\\/\",\"name\":\"Algarve 7\",\"description\":\"Informa\u00e7\u00e3o sobre o Algarve\",\"publisher\":{\"@id\":\"https:\\\/\\\/algarve7.pt\\\/#organization\"},\"potentialAction\":[{\"@type\":\"SearchAction\",\"target\":{\"@type\":\"EntryPoint\",\"urlTemplate\":\"https:\\\/\\\/algarve7.pt\\\/?s={search_term_string}\"},\"query-input\":{\"@type\":\"PropertyValueSpecification\",\"valueRequired\":true,\"valueName\":\"search_term_string\"}}],\"inLanguage\":\"pt-PT\"},{\"@type\":\"Organization\",\"@id\":\"https:\\\/\\\/algarve7.pt\\\/#organization\",\"name\":\"Algarve 7\",\"url\":\"https:\\\/\\\/algarve7.pt\\\/\",\"logo\":{\"@type\":\"ImageObject\",\"inLanguage\":\"pt-PT\",\"@id\":\"https:\\\/\\\/algarve7.pt\\\/#\\\/schema\\\/logo\\\/image\\\/\",\"url\":\"https:\\\/\\\/algarve7.pt\\\/wp-content\\\/uploads\\\/2020\\\/10\\\/Logo-8.jpg\",\"contentUrl\":\"https:\\\/\\\/algarve7.pt\\\/wp-content\\\/uploads\\\/2020\\\/10\\\/Logo-8.jpg\",\"width\":1680,\"height\":1186,\"caption\":\"Algarve 7\"},\"image\":{\"@id\":\"https:\\\/\\\/algarve7.pt\\\/#\\\/schema\\\/logo\\\/image\\\/\"},\"sameAs\":[\"https:\\\/\\\/www.facebook.com\\\/algarve7\",\"https:\\\/\\\/x.com\\\/Algarvesete\",\"https:\\\/\\\/www.instagram.com\\\/jornalalgarve7\\\/\",\"https:\\\/\\\/www.linkedin.com\\\/company\\\/algarve7\",\"https:\\\/\\\/www.pinterest.pt\\\/geral0939\\\/_created\\\/\"]},{\"@type\":\"Person\",\"@id\":\"https:\\\/\\\/algarve7.pt\\\/#\\\/schema\\\/person\\\/23fa70681308e7b319a3204bcea45e0c\",\"name\":\"Algarve 7\",\"sameAs\":[\"https:\\\/\\\/algarve7.pt\",\"https:\\\/\\\/www.facebook.com\\\/algarve7\"],\"url\":\"https:\\\/\\\/algarve7.pt\\\/index.php\\\/author\\\/geralalgarve7-pt\\\/\"}]}<\/script>\n<!-- \/ Yoast SEO plugin. -->","yoast_head_json":{"title":"\u201cA natureza n\u00e3o avisa. Mantenha dist\u00e2ncia das arribas\u201d: campanha em marcha nas praias de Albufeira\u00a0 - Algarve 7","description":"\u201cA natureza n\u00e3o avisa. Mantenha dist\u00e2ncia das arribas\u201d: campanha em marcha nas praias de Albufeira\u00a0 Ambiente","robots":{"index":"index","follow":"follow","max-snippet":"max-snippet:-1","max-image-preview":"max-image-preview:large","max-video-preview":"max-video-preview:-1"},"canonical":"https:\/\/algarve7.pt\/index.php\/2025\/08\/a-natureza-nao-avisa-mantenha-distancia-das-arribas-campanha-em-marcha-nas-praias-de-albufeira\/ambiente\/14\/26\/","og_locale":"pt_PT","og_type":"article","og_title":"\u201cA natureza n\u00e3o avisa. Mantenha dist\u00e2ncia das arribas\u201d: campanha em marcha nas praias de Albufeira\u00a0 - Algarve 7","og_description":"\u201cA natureza n\u00e3o avisa. Mantenha dist\u00e2ncia das arribas\u201d: campanha em marcha nas praias de Albufeira\u00a0 Ambiente","og_url":"https:\/\/algarve7.pt\/index.php\/2025\/08\/a-natureza-nao-avisa-mantenha-distancia-das-arribas-campanha-em-marcha-nas-praias-de-albufeira\/ambiente\/14\/26\/","og_site_name":"Algarve 7","article_publisher":"https:\/\/www.facebook.com\/algarve7","article_author":"https:\/\/www.facebook.com\/algarve7","article_published_time":"2025-08-07T13:26:20+00:00","article_modified_time":"2025-08-07T13:26:22+00:00","og_image":[{"width":800,"height":500,"url":"https:\/\/algarve7.pt\/wp-content\/uploads\/2025\/08\/Captura-de-ecra-2025-08-07-as-14.24.10.png","type":"image\/png"}],"author":"Algarve 7","twitter_card":"summary_large_image","twitter_creator":"@Algarvesete","twitter_site":"@Algarvesete","twitter_misc":{"Escrito por":"Algarve 7","Tempo estimado de leitura":"2 minutos"},"schema":{"@context":"https:\/\/schema.org","@graph":[{"@type":"Article","@id":"https:\/\/algarve7.pt\/index.php\/2025\/08\/a-natureza-nao-avisa-mantenha-distancia-das-arribas-campanha-em-marcha-nas-praias-de-albufeira\/ambiente\/14\/26\/#article","isPartOf":{"@id":"https:\/\/algarve7.pt\/index.php\/2025\/08\/a-natureza-nao-avisa-mantenha-distancia-das-arribas-campanha-em-marcha-nas-praias-de-albufeira\/ambiente\/14\/26\/"},"author":{"name":"Algarve 7","@id":"https:\/\/algarve7.pt\/#\/schema\/person\/23fa70681308e7b319a3204bcea45e0c"},"headline":"\u201cA natureza n\u00e3o avisa. Mantenha dist\u00e2ncia das arribas\u201d: campanha em marcha nas praias de Albufeira\u00a0","datePublished":"2025-08-07T13:26:20+00:00","dateModified":"2025-08-07T13:26:22+00:00","mainEntityOfPage":{"@id":"https:\/\/algarve7.pt\/index.php\/2025\/08\/a-natureza-nao-avisa-mantenha-distancia-das-arribas-campanha-em-marcha-nas-praias-de-albufeira\/ambiente\/14\/26\/"},"wordCount":381,"publisher":{"@id":"https:\/\/algarve7.pt\/#organization"},"image":{"@id":"https:\/\/algarve7.pt\/index.php\/2025\/08\/a-natureza-nao-avisa-mantenha-distancia-das-arribas-campanha-em-marcha-nas-praias-de-albufeira\/ambiente\/14\/26\/#primaryimage"},"thumbnailUrl":"https:\/\/algarve7.pt\/wp-content\/uploads\/2025\/08\/Captura-de-ecra-2025-08-07-as-14.24.10.png","keywords":["Albufeira","Algarve","Ambiente"],"articleSection":["Ambiente"],"inLanguage":"pt-PT"},{"@type":"WebPage","@id":"https:\/\/algarve7.pt\/index.php\/2025\/08\/a-natureza-nao-avisa-mantenha-distancia-das-arribas-campanha-em-marcha-nas-praias-de-albufeira\/ambiente\/14\/26\/","url":"https:\/\/algarve7.pt\/index.php\/2025\/08\/a-natureza-nao-avisa-mantenha-distancia-das-arribas-campanha-em-marcha-nas-praias-de-albufeira\/ambiente\/14\/26\/","name":"\u201cA natureza n\u00e3o avisa. Mantenha dist\u00e2ncia das arribas\u201d: campanha em marcha nas praias de Albufeira\u00a0 - Algarve 7","isPartOf":{"@id":"https:\/\/algarve7.pt\/#website"},"primaryImageOfPage":{"@id":"https:\/\/algarve7.pt\/index.php\/2025\/08\/a-natureza-nao-avisa-mantenha-distancia-das-arribas-campanha-em-marcha-nas-praias-de-albufeira\/ambiente\/14\/26\/#primaryimage"},"image":{"@id":"https:\/\/algarve7.pt\/index.php\/2025\/08\/a-natureza-nao-avisa-mantenha-distancia-das-arribas-campanha-em-marcha-nas-praias-de-albufeira\/ambiente\/14\/26\/#primaryimage"},"thumbnailUrl":"https:\/\/algarve7.pt\/wp-content\/uploads\/2025\/08\/Captura-de-ecra-2025-08-07-as-14.24.10.png","datePublished":"2025-08-07T13:26:20+00:00","dateModified":"2025-08-07T13:26:22+00:00","description":"\u201cA natureza n\u00e3o avisa. Mantenha dist\u00e2ncia das arribas\u201d: campanha em marcha nas praias de Albufeira\u00a0 Ambiente","breadcrumb":{"@id":"https:\/\/algarve7.pt\/index.php\/2025\/08\/a-natureza-nao-avisa-mantenha-distancia-das-arribas-campanha-em-marcha-nas-praias-de-albufeira\/ambiente\/14\/26\/#breadcrumb"},"inLanguage":"pt-PT","potentialAction":[{"@type":"ReadAction","target":["https:\/\/algarve7.pt\/index.php\/2025\/08\/a-natureza-nao-avisa-mantenha-distancia-das-arribas-campanha-em-marcha-nas-praias-de-albufeira\/ambiente\/14\/26\/"]}]},{"@type":"ImageObject","inLanguage":"pt-PT","@id":"https:\/\/algarve7.pt\/index.php\/2025\/08\/a-natureza-nao-avisa-mantenha-distancia-das-arribas-campanha-em-marcha-nas-praias-de-albufeira\/ambiente\/14\/26\/#primaryimage","url":"https:\/\/algarve7.pt\/wp-content\/uploads\/2025\/08\/Captura-de-ecra-2025-08-07-as-14.24.10.png","contentUrl":"https:\/\/algarve7.pt\/wp-content\/uploads\/2025\/08\/Captura-de-ecra-2025-08-07-as-14.24.10.png","width":800,"height":500},{"@type":"BreadcrumbList","@id":"https:\/\/algarve7.pt\/index.php\/2025\/08\/a-natureza-nao-avisa-mantenha-distancia-das-arribas-campanha-em-marcha-nas-praias-de-albufeira\/ambiente\/14\/26\/#breadcrumb","itemListElement":[{"@type":"ListItem","position":1,"name":"In\u00edcio","item":"https:\/\/algarve7.pt\/"},{"@type":"ListItem","position":2,"name":"\u201cA natureza n\u00e3o avisa. Mantenha dist\u00e2ncia das arribas\u201d: campanha em marcha nas praias de Albufeira\u00a0"}]},{"@type":"WebSite","@id":"https:\/\/algarve7.pt\/#website","url":"https:\/\/algarve7.pt\/","name":"Algarve 7","description":"Informa\u00e7\u00e3o sobre o Algarve","publisher":{"@id":"https:\/\/algarve7.pt\/#organization"},"potentialAction":[{"@type":"SearchAction","target":{"@type":"EntryPoint","urlTemplate":"https:\/\/algarve7.pt\/?s={search_term_string}"},"query-input":{"@type":"PropertyValueSpecification","valueRequired":true,"valueName":"search_term_string"}}],"inLanguage":"pt-PT"},{"@type":"Organization","@id":"https:\/\/algarve7.pt\/#organization","name":"Algarve 7","url":"https:\/\/algarve7.pt\/","logo":{"@type":"ImageObject","inLanguage":"pt-PT","@id":"https:\/\/algarve7.pt\/#\/schema\/logo\/image\/","url":"https:\/\/algarve7.pt\/wp-content\/uploads\/2020\/10\/Logo-8.jpg","contentUrl":"https:\/\/algarve7.pt\/wp-content\/uploads\/2020\/10\/Logo-8.jpg","width":1680,"height":1186,"caption":"Algarve 7"},"image":{"@id":"https:\/\/algarve7.pt\/#\/schema\/logo\/image\/"},"sameAs":["https:\/\/www.facebook.com\/algarve7","https:\/\/x.com\/Algarvesete","https:\/\/www.instagram.com\/jornalalgarve7\/","https:\/\/www.linkedin.com\/company\/algarve7","https:\/\/www.pinterest.pt\/geral0939\/_created\/"]},{"@type":"Person","@id":"https:\/\/algarve7.pt\/#\/schema\/person\/23fa70681308e7b319a3204bcea45e0c","name":"Algarve 7","sameAs":["https:\/\/algarve7.pt","https:\/\/www.facebook.com\/algarve7"],"url":"https:\/\/algarve7.pt\/index.php\/author\/geralalgarve7-pt\/"}]}},"jetpack_publicize_connections":[],"jetpack_featured_media_url":"https:\/\/algarve7.pt\/wp-content\/uploads\/2025\/08\/Captura-de-ecra-2025-08-07-as-14.24.10.png","jetpack_shortlink":"https:\/\/wp.me\/pcezmW-dOy","jetpack_sharing_enabled":true,"_links":{"self":[{"href":"https:\/\/algarve7.pt\/index.php\/wp-json\/wp\/v2\/posts\/53106","targetHints":{"allow":["GET"]}}],"collection":[{"href":"https:\/\/algarve7.pt\/index.php\/wp-json\/wp\/v2\/posts"}],"about":[{"href":"https:\/\/algarve7.pt\/index.php\/wp-json\/wp\/v2\/types\/post"}],"author":[{"embeddable":true,"href":"https:\/\/algarve7.pt\/index.php\/wp-json\/wp\/v2\/users\/1"}],"replies":[{"embeddable":true,"href":"https:\/\/algarve7.pt\/index.php\/wp-json\/wp\/v2\/comments?post=53106"}],"version-history":[{"count":0,"href":"https:\/\/algarve7.pt\/index.php\/wp-json\/wp\/v2\/posts\/53106\/revisions"}],"wp:featuredmedia":[{"embeddable":true,"href":"https:\/\/algarve7.pt\/index.php\/wp-json\/wp\/v2\/media\/53107"}],"wp:attachment":[{"href":"https:\/\/algarve7.pt\/index.php\/wp-json\/wp\/v2\/media?parent=53106"}],"wp:term":[{"taxonomy":"category","embeddable":true,"href":"https:\/\/algarve7.pt\/index.php\/wp-json\/wp\/v2\/categories?post=53106"},{"taxonomy":"post_tag","embeddable":true,"href":"https:\/\/algarve7.pt\/index.php\/wp-json\/wp\/v2\/tags?post=53106"}],"curies":[{"name":"wp","href":"https:\/\/api.w.org\/{rel}","templated":true}]}}