{"id":53082,"date":"2025-08-07T08:05:00","date_gmt":"2025-08-07T07:05:00","guid":{"rendered":"https:\/\/algarve7.pt\/?p=53082"},"modified":"2025-08-06T20:06:34","modified_gmt":"2025-08-06T19:06:34","slug":"xx-feira-medieval-de-silves-um-programa-cultural-para-todos","status":"publish","type":"post","link":"https:\/\/algarve7.pt\/index.php\/2025\/08\/xx-feira-medieval-de-silves-um-programa-cultural-para-todos\/cultura\/08\/05\/","title":{"rendered":"XX Feira medieval de Silves um programa cultural para todos\u00a0"},"content":{"rendered":"\n<p>Para assinalar os 20 anos da Feira Medieval de Silves o Munic\u00edpio de Silves preparou um programa cultural \u00fanico e especial, que tornar\u00e1 a experi\u00eancia dos visitantes do evento, ainda, mais cativante e enriquecedora.<\/p>\n\n\n\n<p>O dia que antecede a abertura da XX Feira Medieval de Silves, 07 de agosto, ser\u00e1 marcado pela inaugura\u00e7\u00e3o das tr\u00eas exposi\u00e7\u00f5es que estar\u00e3o patentes nos diferentes equipamentos culturais inseridos no per\u00edmetro da Feira e que poder\u00e3o ser visitadas durante os dias do evento, de 08 a 16 de agosto.<\/p>\n\n\n\n<p>Com inaugura\u00e7\u00e3o agendada para as 18h00, no seu Municipal de Arqueologia, est\u00e1 a exposi\u00e7\u00e3o de instrumentos musicais, &#8221; Artes e Of\u00edcios: Cumplicidades&#8221;, \u00e0 qual se ir\u00e1 associar a oficina de constru\u00e7\u00e3o e pintura de um ala\u00fade, momentos musicais e de declama\u00e7\u00e3o, a decorrer diariamente no Museu Municipal de Arqueologia.&nbsp;<\/p>\n\n\n\n<p>Pelas 19h00, na galeria de entrada no Castelo de Silves, ter\u00e1 lugar a inaugura\u00e7\u00e3o da exposi\u00e7\u00e3o de miniaturas de m\u00e1quinas de guerra medievais &#8220;A Arte da Guerra em Miniatura&#8221;.&nbsp; Por fim, \u00e0s 20h00 a Igreja da Miseric\u00f3rdia de Silves recebe a inaugura\u00e7\u00e3o da exposi\u00e7\u00e3o coletiva de fotografia &#8220;20 Anos Silves Feira Medieval&#8221;, mostra de fotografias art\u00edsticas alusivas \u00e0s vinte edi\u00e7\u00f5es da Feira Medieval de Silves. Imagens que transparecem a hist\u00f3ria, magia, anima\u00e7\u00e3o e ess\u00eancia t\u00e3o particular do evento.<\/p>\n\n\n\n<p>De assinalar, ainda, o lan\u00e7amento da 2\u00aa edi\u00e7\u00e3o da Hist\u00f3ria de Silves em BD, da autoria do saudoso mestre Jos\u00e9 Garc\u00eas e, da obra infantojuvenil, De Xilb a Silves: hist\u00f3rias de outros tempos (re)contadas nos nossos dias, de Mafalda Brito e Rui Pedro Louren\u00e7o. Quem quiser aprender a cozinhar outros ingredientes e experimentar outros sabores poder\u00e1 assistir, diariamente, \u00e0 r\u00fabrica \u201cCozinhar em \u00c1rabe\u201d e, quem quiser aprender movimentos de dan\u00e7a oriental, poder\u00e1 faz\u00ea-lo no Museu Municipal de Arqueologia, com a bailarina e manuseadora de fogo, M\u00f3nica Pereira.&nbsp;&nbsp;<\/p>\n\n\n\n<p>Fique a par dos hor\u00e1rios para visita e\/ou participa\u00e7\u00e3o nas diferentes exposi\u00e7\u00f5es e atividades a decorrer na Feira Medieval de Silves, entre os dias 08 e 16 de agosto:<\/p>\n\n\n\n<p>\u00bb Artes e Of\u00edcios: cumplicidades (Exposi\u00e7\u00e3o de instrumentos musicais, oficinas de constru\u00e7\u00e3o e pintura de um ala\u00fade, momentos musicais e de declama\u00e7\u00e3o)<\/p>\n\n\n\n<p>De 08 a 16 de agosto \u2013 Oficinas e momentos musicais e de declama\u00e7\u00e3o<\/p>\n\n\n\n<p>15h00-18h00 e 21h00-23h00 \u2013 Museu Municipal de Arqueologia<\/p>\n\n\n\n<p>\u00bb A Arte da Guerra em Miniatura (Exposi\u00e7\u00e3o de miniaturas de m\u00e1quinas de guerra medievais)<\/p>\n\n\n\n<p>De 08 a 16 de agosto&nbsp;<\/p>\n\n\n\n<p>9h00- 20h00 &#8211; Galeria de entrada no Castelo<\/p>\n\n\n\n<p>\u00bb 20 Anos Silves Feira Medieval (Exposi\u00e7\u00e3o coletiva de fotografias da Feira Medieval)<\/p>\n\n\n\n<p>De 8 a 16 de agosto&nbsp;<\/p>\n\n\n\n<p>10h00- 13h00 e 18h00 &#8211; 01h00 &#8211; Igreja da Miseric\u00f3rdia de Silves<\/p>\n\n\n\n<p>\u00bb Cozinhar em \u00c1rabe (Showcooking de cozinha marroquina)<\/p>\n\n\n\n<p>De 8 a 16 de agosto<\/p>\n\n\n\n<p>19h00 \u2013 Pra\u00e7a Al-Mut\u2019amid<\/p>\n\n\n\n<p>\u00bb Oficina de Dan\u00e7a Oriental (inicia\u00e7\u00e3o)<\/p>\n\n\n\n<p>Dias 11, 13, 15 de agosto<\/p>\n\n\n\n<p>16-18h &#8211; Museu Municipal de Arqueologia<\/p>\n\n\n\n<p>\u00bb De Xilb a Silves: hist\u00f3rias de outros tempos (re)contadas nos nossos dias (Lan\u00e7amento do Livro Infanto Juvenil)<\/p>\n\n\n\n<p>Dia 14 de Agosto<\/p>\n\n\n\n<p>11h00 \u2013Biblioteca Municipal de Silves<\/p>\n\n\n\n<p>\u00bb A Lenda das Amendoeiras em Flor (Teatro de Marionetas)<\/p>\n\n\n\n<p>Dia 15 de Agosto \u2013 19h45 \u2013 Xilb dos Pequenos \u2013 Pra\u00e7a Al-Mut\u2019amid<\/p>\n\n\n\n<p>Dia 16 de Agosto \u2013 19h45 e 21h00 &#8211; Xilb dos Pequenos \u2013 Pra\u00e7a Al-Mut\u2019amid<\/p>\n","protected":false},"excerpt":{"rendered":"<p>Para assinalar os 20 anos da Feira Medieval de Silves o Munic\u00edpio de Silves preparou um programa cultural \u00fanico e<\/p>\n","protected":false},"author":1,"featured_media":53083,"comment_status":"closed","ping_status":"closed","sticky":false,"template":"","format":"standard","meta":{"colormag_page_container_layout":"default_layout","colormag_page_sidebar_layout":"default_layout","_monsterinsights_skip_tracking":false,"_monsterinsights_sitenote_active":false,"_monsterinsights_sitenote_note":"","_monsterinsights_sitenote_category":0,"jetpack_post_was_ever_published":false,"_jetpack_newsletter_access":"","_jetpack_dont_email_post_to_subs":false,"_jetpack_newsletter_tier_id":0,"_jetpack_memberships_contains_paywalled_content":false,"_jetpack_memberships_contains_paid_content":false,"footnotes":"","jetpack_publicize_message":"","jetpack_publicize_feature_enabled":true,"jetpack_social_post_already_shared":false,"jetpack_social_options":{"image_generator_settings":{"template":"highway","default_image_id":0,"font":"","enabled":false},"version":2}},"categories":[14],"tags":[36,35,657,42],"class_list":["post-53082","post","type-post","status-publish","format-standard","has-post-thumbnail","hentry","category-cultura","tag-algarve","tag-cultura","tag-feira-medieval-de-silves","tag-silves"],"yoast_head":"<!-- This site is optimized with the Yoast SEO plugin v27.5 - https:\/\/yoast.com\/product\/yoast-seo-wordpress\/ -->\n<title>XX Feira medieval de Silves um programa cultural para todos\u00a0 - Algarve 7<\/title>\n<meta name=\"description\" content=\"XX Feira medieval de Silves um programa cultural para todos\u00a0 Cultura\" \/>\n<meta name=\"robots\" content=\"index, follow, max-snippet:-1, max-image-preview:large, max-video-preview:-1\" \/>\n<link rel=\"canonical\" href=\"https:\/\/algarve7.pt\/index.php\/2025\/08\/xx-feira-medieval-de-silves-um-programa-cultural-para-todos\/cultura\/08\/05\/\" \/>\n<meta property=\"og:locale\" content=\"pt_PT\" \/>\n<meta property=\"og:type\" content=\"article\" \/>\n<meta property=\"og:title\" content=\"XX Feira medieval de Silves um programa cultural para todos\u00a0 - Algarve 7\" \/>\n<meta property=\"og:description\" content=\"XX Feira medieval de Silves um programa cultural para todos\u00a0 Cultura\" \/>\n<meta property=\"og:url\" content=\"https:\/\/algarve7.pt\/index.php\/2025\/08\/xx-feira-medieval-de-silves-um-programa-cultural-para-todos\/cultura\/08\/05\/\" \/>\n<meta property=\"og:site_name\" content=\"Algarve 7\" \/>\n<meta property=\"article:publisher\" content=\"https:\/\/www.facebook.com\/algarve7\" \/>\n<meta property=\"article:author\" content=\"https:\/\/www.facebook.com\/algarve7\" \/>\n<meta property=\"article:published_time\" content=\"2025-08-07T07:05:00+00:00\" \/>\n<meta property=\"og:image\" content=\"https:\/\/algarve7.pt\/wp-content\/uploads\/2025\/08\/EXPOSICOES_ATIVIDADES-FM2025.png\" \/>\n\t<meta property=\"og:image:width\" content=\"800\" \/>\n\t<meta property=\"og:image:height\" content=\"500\" \/>\n\t<meta property=\"og:image:type\" content=\"image\/png\" \/>\n<meta name=\"author\" content=\"Algarve 7\" \/>\n<meta name=\"twitter:card\" content=\"summary_large_image\" \/>\n<meta name=\"twitter:creator\" content=\"@Algarvesete\" \/>\n<meta name=\"twitter:site\" content=\"@Algarvesete\" \/>\n<meta name=\"twitter:label1\" content=\"Escrito por\" \/>\n\t<meta name=\"twitter:data1\" content=\"Algarve 7\" \/>\n\t<meta name=\"twitter:label2\" content=\"Tempo estimado de leitura\" \/>\n\t<meta name=\"twitter:data2\" content=\"4 minutos\" \/>\n<script type=\"application\/ld+json\" class=\"yoast-schema-graph\">{\"@context\":\"https:\\\/\\\/schema.org\",\"@graph\":[{\"@type\":\"Article\",\"@id\":\"https:\\\/\\\/algarve7.pt\\\/index.php\\\/2025\\\/08\\\/xx-feira-medieval-de-silves-um-programa-cultural-para-todos\\\/cultura\\\/08\\\/05\\\/#article\",\"isPartOf\":{\"@id\":\"https:\\\/\\\/algarve7.pt\\\/index.php\\\/2025\\\/08\\\/xx-feira-medieval-de-silves-um-programa-cultural-para-todos\\\/cultura\\\/08\\\/05\\\/\"},\"author\":{\"name\":\"Algarve 7\",\"@id\":\"https:\\\/\\\/algarve7.pt\\\/#\\\/schema\\\/person\\\/23fa70681308e7b319a3204bcea45e0c\"},\"headline\":\"XX Feira medieval de Silves um programa cultural para todos\u00a0\",\"datePublished\":\"2025-08-07T07:05:00+00:00\",\"mainEntityOfPage\":{\"@id\":\"https:\\\/\\\/algarve7.pt\\\/index.php\\\/2025\\\/08\\\/xx-feira-medieval-de-silves-um-programa-cultural-para-todos\\\/cultura\\\/08\\\/05\\\/\"},\"wordCount\":576,\"publisher\":{\"@id\":\"https:\\\/\\\/algarve7.pt\\\/#organization\"},\"image\":{\"@id\":\"https:\\\/\\\/algarve7.pt\\\/index.php\\\/2025\\\/08\\\/xx-feira-medieval-de-silves-um-programa-cultural-para-todos\\\/cultura\\\/08\\\/05\\\/#primaryimage\"},\"thumbnailUrl\":\"https:\\\/\\\/algarve7.pt\\\/wp-content\\\/uploads\\\/2025\\\/08\\\/EXPOSICOES_ATIVIDADES-FM2025.png\",\"keywords\":[\"Algarve\",\"Cultura\",\"Feira Medieval de Silves\",\"Silves\"],\"articleSection\":[\"Cultura\"],\"inLanguage\":\"pt-PT\"},{\"@type\":\"WebPage\",\"@id\":\"https:\\\/\\\/algarve7.pt\\\/index.php\\\/2025\\\/08\\\/xx-feira-medieval-de-silves-um-programa-cultural-para-todos\\\/cultura\\\/08\\\/05\\\/\",\"url\":\"https:\\\/\\\/algarve7.pt\\\/index.php\\\/2025\\\/08\\\/xx-feira-medieval-de-silves-um-programa-cultural-para-todos\\\/cultura\\\/08\\\/05\\\/\",\"name\":\"XX Feira medieval de Silves um programa cultural para todos\u00a0 - Algarve 7\",\"isPartOf\":{\"@id\":\"https:\\\/\\\/algarve7.pt\\\/#website\"},\"primaryImageOfPage\":{\"@id\":\"https:\\\/\\\/algarve7.pt\\\/index.php\\\/2025\\\/08\\\/xx-feira-medieval-de-silves-um-programa-cultural-para-todos\\\/cultura\\\/08\\\/05\\\/#primaryimage\"},\"image\":{\"@id\":\"https:\\\/\\\/algarve7.pt\\\/index.php\\\/2025\\\/08\\\/xx-feira-medieval-de-silves-um-programa-cultural-para-todos\\\/cultura\\\/08\\\/05\\\/#primaryimage\"},\"thumbnailUrl\":\"https:\\\/\\\/algarve7.pt\\\/wp-content\\\/uploads\\\/2025\\\/08\\\/EXPOSICOES_ATIVIDADES-FM2025.png\",\"datePublished\":\"2025-08-07T07:05:00+00:00\",\"description\":\"XX Feira medieval de Silves um programa cultural para todos\u00a0 Cultura\",\"breadcrumb\":{\"@id\":\"https:\\\/\\\/algarve7.pt\\\/index.php\\\/2025\\\/08\\\/xx-feira-medieval-de-silves-um-programa-cultural-para-todos\\\/cultura\\\/08\\\/05\\\/#breadcrumb\"},\"inLanguage\":\"pt-PT\",\"potentialAction\":[{\"@type\":\"ReadAction\",\"target\":[\"https:\\\/\\\/algarve7.pt\\\/index.php\\\/2025\\\/08\\\/xx-feira-medieval-de-silves-um-programa-cultural-para-todos\\\/cultura\\\/08\\\/05\\\/\"]}]},{\"@type\":\"ImageObject\",\"inLanguage\":\"pt-PT\",\"@id\":\"https:\\\/\\\/algarve7.pt\\\/index.php\\\/2025\\\/08\\\/xx-feira-medieval-de-silves-um-programa-cultural-para-todos\\\/cultura\\\/08\\\/05\\\/#primaryimage\",\"url\":\"https:\\\/\\\/algarve7.pt\\\/wp-content\\\/uploads\\\/2025\\\/08\\\/EXPOSICOES_ATIVIDADES-FM2025.png\",\"contentUrl\":\"https:\\\/\\\/algarve7.pt\\\/wp-content\\\/uploads\\\/2025\\\/08\\\/EXPOSICOES_ATIVIDADES-FM2025.png\",\"width\":800,\"height\":500},{\"@type\":\"BreadcrumbList\",\"@id\":\"https:\\\/\\\/algarve7.pt\\\/index.php\\\/2025\\\/08\\\/xx-feira-medieval-de-silves-um-programa-cultural-para-todos\\\/cultura\\\/08\\\/05\\\/#breadcrumb\",\"itemListElement\":[{\"@type\":\"ListItem\",\"position\":1,\"name\":\"In\u00edcio\",\"item\":\"https:\\\/\\\/algarve7.pt\\\/\"},{\"@type\":\"ListItem\",\"position\":2,\"name\":\"XX Feira medieval de Silves um programa cultural para todos\u00a0\"}]},{\"@type\":\"WebSite\",\"@id\":\"https:\\\/\\\/algarve7.pt\\\/#website\",\"url\":\"https:\\\/\\\/algarve7.pt\\\/\",\"name\":\"Algarve 7\",\"description\":\"Informa\u00e7\u00e3o sobre o Algarve\",\"publisher\":{\"@id\":\"https:\\\/\\\/algarve7.pt\\\/#organization\"},\"potentialAction\":[{\"@type\":\"SearchAction\",\"target\":{\"@type\":\"EntryPoint\",\"urlTemplate\":\"https:\\\/\\\/algarve7.pt\\\/?s={search_term_string}\"},\"query-input\":{\"@type\":\"PropertyValueSpecification\",\"valueRequired\":true,\"valueName\":\"search_term_string\"}}],\"inLanguage\":\"pt-PT\"},{\"@type\":\"Organization\",\"@id\":\"https:\\\/\\\/algarve7.pt\\\/#organization\",\"name\":\"Algarve 7\",\"url\":\"https:\\\/\\\/algarve7.pt\\\/\",\"logo\":{\"@type\":\"ImageObject\",\"inLanguage\":\"pt-PT\",\"@id\":\"https:\\\/\\\/algarve7.pt\\\/#\\\/schema\\\/logo\\\/image\\\/\",\"url\":\"https:\\\/\\\/algarve7.pt\\\/wp-content\\\/uploads\\\/2020\\\/10\\\/Logo-8.jpg\",\"contentUrl\":\"https:\\\/\\\/algarve7.pt\\\/wp-content\\\/uploads\\\/2020\\\/10\\\/Logo-8.jpg\",\"width\":1680,\"height\":1186,\"caption\":\"Algarve 7\"},\"image\":{\"@id\":\"https:\\\/\\\/algarve7.pt\\\/#\\\/schema\\\/logo\\\/image\\\/\"},\"sameAs\":[\"https:\\\/\\\/www.facebook.com\\\/algarve7\",\"https:\\\/\\\/x.com\\\/Algarvesete\",\"https:\\\/\\\/www.instagram.com\\\/jornalalgarve7\\\/\",\"https:\\\/\\\/www.linkedin.com\\\/company\\\/algarve7\",\"https:\\\/\\\/www.pinterest.pt\\\/geral0939\\\/_created\\\/\"]},{\"@type\":\"Person\",\"@id\":\"https:\\\/\\\/algarve7.pt\\\/#\\\/schema\\\/person\\\/23fa70681308e7b319a3204bcea45e0c\",\"name\":\"Algarve 7\",\"sameAs\":[\"https:\\\/\\\/algarve7.pt\",\"https:\\\/\\\/www.facebook.com\\\/algarve7\"],\"url\":\"https:\\\/\\\/algarve7.pt\\\/index.php\\\/author\\\/geralalgarve7-pt\\\/\"}]}<\/script>\n<!-- \/ Yoast SEO plugin. -->","yoast_head_json":{"title":"XX Feira medieval de Silves um programa cultural para todos\u00a0 - Algarve 7","description":"XX Feira medieval de Silves um programa cultural para todos\u00a0 Cultura","robots":{"index":"index","follow":"follow","max-snippet":"max-snippet:-1","max-image-preview":"max-image-preview:large","max-video-preview":"max-video-preview:-1"},"canonical":"https:\/\/algarve7.pt\/index.php\/2025\/08\/xx-feira-medieval-de-silves-um-programa-cultural-para-todos\/cultura\/08\/05\/","og_locale":"pt_PT","og_type":"article","og_title":"XX Feira medieval de Silves um programa cultural para todos\u00a0 - Algarve 7","og_description":"XX Feira medieval de Silves um programa cultural para todos\u00a0 Cultura","og_url":"https:\/\/algarve7.pt\/index.php\/2025\/08\/xx-feira-medieval-de-silves-um-programa-cultural-para-todos\/cultura\/08\/05\/","og_site_name":"Algarve 7","article_publisher":"https:\/\/www.facebook.com\/algarve7","article_author":"https:\/\/www.facebook.com\/algarve7","article_published_time":"2025-08-07T07:05:00+00:00","og_image":[{"width":800,"height":500,"url":"https:\/\/algarve7.pt\/wp-content\/uploads\/2025\/08\/EXPOSICOES_ATIVIDADES-FM2025.png","type":"image\/png"}],"author":"Algarve 7","twitter_card":"summary_large_image","twitter_creator":"@Algarvesete","twitter_site":"@Algarvesete","twitter_misc":{"Escrito por":"Algarve 7","Tempo estimado de leitura":"4 minutos"},"schema":{"@context":"https:\/\/schema.org","@graph":[{"@type":"Article","@id":"https:\/\/algarve7.pt\/index.php\/2025\/08\/xx-feira-medieval-de-silves-um-programa-cultural-para-todos\/cultura\/08\/05\/#article","isPartOf":{"@id":"https:\/\/algarve7.pt\/index.php\/2025\/08\/xx-feira-medieval-de-silves-um-programa-cultural-para-todos\/cultura\/08\/05\/"},"author":{"name":"Algarve 7","@id":"https:\/\/algarve7.pt\/#\/schema\/person\/23fa70681308e7b319a3204bcea45e0c"},"headline":"XX Feira medieval de Silves um programa cultural para todos\u00a0","datePublished":"2025-08-07T07:05:00+00:00","mainEntityOfPage":{"@id":"https:\/\/algarve7.pt\/index.php\/2025\/08\/xx-feira-medieval-de-silves-um-programa-cultural-para-todos\/cultura\/08\/05\/"},"wordCount":576,"publisher":{"@id":"https:\/\/algarve7.pt\/#organization"},"image":{"@id":"https:\/\/algarve7.pt\/index.php\/2025\/08\/xx-feira-medieval-de-silves-um-programa-cultural-para-todos\/cultura\/08\/05\/#primaryimage"},"thumbnailUrl":"https:\/\/algarve7.pt\/wp-content\/uploads\/2025\/08\/EXPOSICOES_ATIVIDADES-FM2025.png","keywords":["Algarve","Cultura","Feira Medieval de Silves","Silves"],"articleSection":["Cultura"],"inLanguage":"pt-PT"},{"@type":"WebPage","@id":"https:\/\/algarve7.pt\/index.php\/2025\/08\/xx-feira-medieval-de-silves-um-programa-cultural-para-todos\/cultura\/08\/05\/","url":"https:\/\/algarve7.pt\/index.php\/2025\/08\/xx-feira-medieval-de-silves-um-programa-cultural-para-todos\/cultura\/08\/05\/","name":"XX Feira medieval de Silves um programa cultural para todos\u00a0 - Algarve 7","isPartOf":{"@id":"https:\/\/algarve7.pt\/#website"},"primaryImageOfPage":{"@id":"https:\/\/algarve7.pt\/index.php\/2025\/08\/xx-feira-medieval-de-silves-um-programa-cultural-para-todos\/cultura\/08\/05\/#primaryimage"},"image":{"@id":"https:\/\/algarve7.pt\/index.php\/2025\/08\/xx-feira-medieval-de-silves-um-programa-cultural-para-todos\/cultura\/08\/05\/#primaryimage"},"thumbnailUrl":"https:\/\/algarve7.pt\/wp-content\/uploads\/2025\/08\/EXPOSICOES_ATIVIDADES-FM2025.png","datePublished":"2025-08-07T07:05:00+00:00","description":"XX Feira medieval de Silves um programa cultural para todos\u00a0 Cultura","breadcrumb":{"@id":"https:\/\/algarve7.pt\/index.php\/2025\/08\/xx-feira-medieval-de-silves-um-programa-cultural-para-todos\/cultura\/08\/05\/#breadcrumb"},"inLanguage":"pt-PT","potentialAction":[{"@type":"ReadAction","target":["https:\/\/algarve7.pt\/index.php\/2025\/08\/xx-feira-medieval-de-silves-um-programa-cultural-para-todos\/cultura\/08\/05\/"]}]},{"@type":"ImageObject","inLanguage":"pt-PT","@id":"https:\/\/algarve7.pt\/index.php\/2025\/08\/xx-feira-medieval-de-silves-um-programa-cultural-para-todos\/cultura\/08\/05\/#primaryimage","url":"https:\/\/algarve7.pt\/wp-content\/uploads\/2025\/08\/EXPOSICOES_ATIVIDADES-FM2025.png","contentUrl":"https:\/\/algarve7.pt\/wp-content\/uploads\/2025\/08\/EXPOSICOES_ATIVIDADES-FM2025.png","width":800,"height":500},{"@type":"BreadcrumbList","@id":"https:\/\/algarve7.pt\/index.php\/2025\/08\/xx-feira-medieval-de-silves-um-programa-cultural-para-todos\/cultura\/08\/05\/#breadcrumb","itemListElement":[{"@type":"ListItem","position":1,"name":"In\u00edcio","item":"https:\/\/algarve7.pt\/"},{"@type":"ListItem","position":2,"name":"XX Feira medieval de Silves um programa cultural para todos\u00a0"}]},{"@type":"WebSite","@id":"https:\/\/algarve7.pt\/#website","url":"https:\/\/algarve7.pt\/","name":"Algarve 7","description":"Informa\u00e7\u00e3o sobre o Algarve","publisher":{"@id":"https:\/\/algarve7.pt\/#organization"},"potentialAction":[{"@type":"SearchAction","target":{"@type":"EntryPoint","urlTemplate":"https:\/\/algarve7.pt\/?s={search_term_string}"},"query-input":{"@type":"PropertyValueSpecification","valueRequired":true,"valueName":"search_term_string"}}],"inLanguage":"pt-PT"},{"@type":"Organization","@id":"https:\/\/algarve7.pt\/#organization","name":"Algarve 7","url":"https:\/\/algarve7.pt\/","logo":{"@type":"ImageObject","inLanguage":"pt-PT","@id":"https:\/\/algarve7.pt\/#\/schema\/logo\/image\/","url":"https:\/\/algarve7.pt\/wp-content\/uploads\/2020\/10\/Logo-8.jpg","contentUrl":"https:\/\/algarve7.pt\/wp-content\/uploads\/2020\/10\/Logo-8.jpg","width":1680,"height":1186,"caption":"Algarve 7"},"image":{"@id":"https:\/\/algarve7.pt\/#\/schema\/logo\/image\/"},"sameAs":["https:\/\/www.facebook.com\/algarve7","https:\/\/x.com\/Algarvesete","https:\/\/www.instagram.com\/jornalalgarve7\/","https:\/\/www.linkedin.com\/company\/algarve7","https:\/\/www.pinterest.pt\/geral0939\/_created\/"]},{"@type":"Person","@id":"https:\/\/algarve7.pt\/#\/schema\/person\/23fa70681308e7b319a3204bcea45e0c","name":"Algarve 7","sameAs":["https:\/\/algarve7.pt","https:\/\/www.facebook.com\/algarve7"],"url":"https:\/\/algarve7.pt\/index.php\/author\/geralalgarve7-pt\/"}]}},"jetpack_publicize_connections":[],"jetpack_featured_media_url":"https:\/\/algarve7.pt\/wp-content\/uploads\/2025\/08\/EXPOSICOES_ATIVIDADES-FM2025.png","jetpack_shortlink":"https:\/\/wp.me\/pcezmW-dOa","jetpack_sharing_enabled":true,"_links":{"self":[{"href":"https:\/\/algarve7.pt\/index.php\/wp-json\/wp\/v2\/posts\/53082","targetHints":{"allow":["GET"]}}],"collection":[{"href":"https:\/\/algarve7.pt\/index.php\/wp-json\/wp\/v2\/posts"}],"about":[{"href":"https:\/\/algarve7.pt\/index.php\/wp-json\/wp\/v2\/types\/post"}],"author":[{"embeddable":true,"href":"https:\/\/algarve7.pt\/index.php\/wp-json\/wp\/v2\/users\/1"}],"replies":[{"embeddable":true,"href":"https:\/\/algarve7.pt\/index.php\/wp-json\/wp\/v2\/comments?post=53082"}],"version-history":[{"count":0,"href":"https:\/\/algarve7.pt\/index.php\/wp-json\/wp\/v2\/posts\/53082\/revisions"}],"wp:featuredmedia":[{"embeddable":true,"href":"https:\/\/algarve7.pt\/index.php\/wp-json\/wp\/v2\/media\/53083"}],"wp:attachment":[{"href":"https:\/\/algarve7.pt\/index.php\/wp-json\/wp\/v2\/media?parent=53082"}],"wp:term":[{"taxonomy":"category","embeddable":true,"href":"https:\/\/algarve7.pt\/index.php\/wp-json\/wp\/v2\/categories?post=53082"},{"taxonomy":"post_tag","embeddable":true,"href":"https:\/\/algarve7.pt\/index.php\/wp-json\/wp\/v2\/tags?post=53082"}],"curies":[{"name":"wp","href":"https:\/\/api.w.org\/{rel}","templated":true}]}}