{"id":53064,"date":"2025-08-07T07:15:00","date_gmt":"2025-08-07T06:15:00","guid":{"rendered":"https:\/\/algarve7.pt\/?p=53064"},"modified":"2025-08-06T13:10:59","modified_gmt":"2025-08-06T12:10:59","slug":"periodo-de-discussao-publica-para-novas-zonas-protegidas-na-nave-do-barao-e-gruta-de-vale-telheiro","status":"publish","type":"post","link":"https:\/\/algarve7.pt\/index.php\/2025\/08\/periodo-de-discussao-publica-para-novas-zonas-protegidas-na-nave-do-barao-e-gruta-de-vale-telheiro\/ambiente\/07\/15\/","title":{"rendered":"Per\u00edodo de discuss\u00e3o p\u00fablica para novas zonas protegidas na Nave do Bar\u00e3o e gruta de Vale Telheiro"},"content":{"rendered":"\n<p>At\u00e9 16 de setembro, v\u00e3o estar em per\u00edodo de discuss\u00e3o p\u00fablica as propostas de classifica\u00e7\u00e3o e os projetos de regulamento da Reserva Natural Local da Nave do Bar\u00e3o e do Monumento Natural Local da Gruta de Vale Telheiro.<\/p>\n\n\n\n<p>A primeira \u00e1rea abrange maioritariamente a freguesia de Salir, mas tamb\u00e9m uma pequena parcela da Uni\u00e3o de Freguesias de Queren\u00e7a, T\u00f4r e Benafim, compreendendo cerca de 788 ha.<\/p>\n\n\n\n<p>A Nave do Bar\u00e3o \u00e9 um&nbsp;<em>polje<\/em>&nbsp;(grande depress\u00e3o fechada t\u00edpica de relevos c\u00e1rsicos) classificado como Geoss\u00edtio de import\u00e2ncia nacional. As suas caracter\u00edsticas geol\u00f3gicas favorecem a ocorr\u00eancia de um dos maiores charcos tempor\u00e1rios de Portugal e da Pen\u00ednsula Ib\u00e9rica, a Lagoa da Nave do Bar\u00e3o, habitat priorit\u00e1rio, classificado com o estatuto de conserva\u00e7\u00e3o \u2018Vulner\u00e1vel\u2019 na Lista Vermelha de Habitats da Europa.&nbsp;<\/p>\n\n\n\n<p>A biodiversidade desta \u00e1rea estende-se para al\u00e9m do charco, com a presen\u00e7a de, pelo menos, 9 habitats classificados da Rede Natura 2000, 4 dos quais priorit\u00e1rios para conserva\u00e7\u00e3o. Na \u00e1rea est\u00e3o registadas, pelo menos, 272 esp\u00e9cies de flora, das quais 25% s\u00e3o consideradas de interesse para conserva\u00e7\u00e3o, incluindo esp\u00e9cies raras como o cardo-azul-dos-charcos e o junquilho-marreco. Quanto \u00e0 fauna, registam-se 407 esp\u00e9cies, com destaque para invertebrados amea\u00e7ados, como a pulga-de-\u00e1gua.<\/p>\n\n\n\n<p>Esta classifica\u00e7\u00e3o da Reserva Natural Local da Nave do Bar\u00e3o proporcionar\u00e1 melhor qualidade ambiental, aumento da resili\u00eancia do territ\u00f3rio num contexto de altera\u00e7\u00f5es clim\u00e1ticas, valoriza\u00e7\u00e3o do capital natural e social da regi\u00e3o e recupera\u00e7\u00e3o e preserva\u00e7\u00e3o do patrim\u00f3nio natural e cultural, conduzindo assim a uma melhoria na qualidade de vida dos seus habitantes.&nbsp;<\/p>\n\n\n\n<p>O Monumento Natural Local da Gruta de Vale Telheiro localiza-se no concelho de Loul\u00e9, a Noroeste da povoa\u00e7\u00e3o de Vale Telheiro, inserindo-se na freguesia de S\u00e3o Sebasti\u00e3o, e apresenta uma \u00e1rea total de 78,52 ha.<\/p>\n\n\n\n<p>Esta Gruta de Vale Telheiro \u00e9 considerada como um&nbsp;<em>hotspot<\/em>&nbsp;de biodiversidade subterr\u00e2nea de classe mundial, com mais de 25 esp\u00e9cies adaptadas \u00e0 vida subterr\u00e2nea, contendo o maior n\u00famero de esp\u00e9cies cavern\u00edcolas por gruta no pa\u00eds.<\/p>\n\n\n\n<p>A biodiversidade subterr\u00e2nea \u00e9 um patrim\u00f3nio natural end\u00e9mico, \u00fanico no mundo, que tem um valor intr\u00ednseco incalcul\u00e1vel e que \u00e9 insubstitu\u00edvel, merecendo uma figura de prote\u00e7\u00e3o legal e beneficiar de medidas de prote\u00e7\u00e3o, conserva\u00e7\u00e3o e valoriza\u00e7\u00e3o adequadas.<\/p>\n\n\n\n<p>A classifica\u00e7\u00e3o do Monumento Natural Local da Gruta de Vale Telheiro possibilitar\u00e1 a prote\u00e7\u00e3o deste habitat cavern\u00edcola de import\u00e2ncia mundial e das esp\u00e9cies end\u00e9micas que nele evolu\u00edram, bem como das zonas imediatamente circundantes, atrav\u00e9s da ado\u00e7\u00e3o de medidas de gest\u00e3o que visem garantir a integridade das suas caracter\u00edsticas, a longo prazo. Permitir\u00e1 tamb\u00e9m a cria\u00e7\u00e3o de oportunidades para o conhecimento t\u00e9cnico e cient\u00edfico deste habitat \u00fanico e para a promo\u00e7\u00e3o e divulga\u00e7\u00e3o dos valores naturais e culturais presentes na \u00e1rea do Monumento Natural, valorizando, desta forma, o capital natural e social da regi\u00e3o.<\/p>\n\n\n\n<p>Os documentos de ambas as \u00e1reas encontram-se dispon\u00edveis para consulta\u00a0online\u00a0na p\u00e1gina do Munic\u00edpio em\u00a0<a href=\"http:\/\/www.cm-loule.pt\/\">www.cm-loule.pt<\/a>, bem como no portal participa em\u00a0<a href=\"https:\/\/participa.pt\/\" target=\"_blank\" rel=\"noreferrer noopener\">https:\/\/participa.pt\/<\/a>.\u00a0<\/p>\n\n\n\n<p>A consulta presencial dos documentos inerentes ao processo de classifica\u00e7\u00e3o da Reserva Natural Local da Nave do Bar\u00e3o poder\u00e1 ser feita durante o hor\u00e1rio normal de expediente no Edif\u00edcio-Sede da C\u00e2mara Municipal de Loul\u00e9, sito na Pra\u00e7a da Rep\u00fablica, S\/n, 8100-270 Loul\u00e9, na Junta de Freguesia de Salir, sita na Rua Jos\u00e9 Viegas Greg\u00f3rio, n.\u00ba 24, 8100-200 Salir, e na Associa\u00e7\u00e3o \u201cOs Bar\u00f5es\u201d, sita na Nave Do Bar\u00e3o, 8100-188 Salir.<\/p>\n\n\n\n<p>Quanto ao processo de classifica\u00e7\u00e3o do Monumento Natural Local da Gruta de Vale Telheiro, a consulta poder\u00e1 ser feita durante o hor\u00e1rio normal de expediente no Edif\u00edcio-Sede da C\u00e2mara Municipal de Loul\u00e9, sito na Pra\u00e7a da Rep\u00fablica, S\/n, 8100-270 Loul\u00e9, na Junta de Freguesia de S\u00e3o Sebasti\u00e3o, sita na Rua Jos\u00e9 Ant\u00f3nio Madeira, n. \u00ba23, 8100-670 Loul\u00e9, e no Caf\u00e9 Tradicional \u201cO Pinheiro\u201d, sito na Rua de Vale Telheiro, 8100, Loul\u00e9.<\/p>\n\n\n\n<p>Durante o referido per\u00edodo os interessados poder\u00e3o apresentar as suas observa\u00e7\u00f5es e sugest\u00f5es diretamente no Portal Participa, ou atrav\u00e9s de correio eletr\u00f3nico para o endere\u00e7o\u00a0ambiente@cm-loule.pt\u00a0ou por correio postal dirigido ao Presidente da C\u00e2mara Municipal de Loul\u00e9 para a morada do Edif\u00edcio-Sede acima referida, ou ainda em documento apropriado nos locais mencionados.<\/p>\n\n\n\n<p>Este procedimento est\u00e1 alinhado com aquela que tem sido a estrat\u00e9gia do Munic\u00edpio de Loul\u00e9, bem como com as diretrizes nacionais e internacionais no que diz respeito a mat\u00e9rias prementes como a Salvaguarda Ambiental e a A\u00e7\u00e3o Clim\u00e1tica (Plano Municipal de A\u00e7\u00e3o Clim\u00e1tica de Loul\u00e9, 2021), e em concord\u00e2ncia com a Estrat\u00e9gia Nacional de Conserva\u00e7\u00e3o da Natureza e Biodiversidade 2030, e com a recente aprova\u00e7\u00e3o da Lei do Restauro da Natureza.<\/p>\n","protected":false},"excerpt":{"rendered":"<p>At\u00e9 16 de setembro, v\u00e3o estar em per\u00edodo de discuss\u00e3o p\u00fablica as propostas de classifica\u00e7\u00e3o e os projetos de regulamento<\/p>\n","protected":false},"author":1,"featured_media":53065,"comment_status":"closed","ping_status":"closed","sticky":false,"template":"","format":"standard","meta":{"colormag_page_container_layout":"default_layout","colormag_page_sidebar_layout":"default_layout","_monsterinsights_skip_tracking":false,"_monsterinsights_sitenote_active":false,"_monsterinsights_sitenote_note":"","_monsterinsights_sitenote_category":0,"jetpack_post_was_ever_published":false,"_jetpack_newsletter_access":"","_jetpack_dont_email_post_to_subs":false,"_jetpack_newsletter_tier_id":0,"_jetpack_memberships_contains_paywalled_content":false,"_jetpack_memberships_contains_paid_content":false,"footnotes":"","jetpack_publicize_message":"","jetpack_publicize_feature_enabled":true,"jetpack_social_post_already_shared":false,"jetpack_social_options":{"image_generator_settings":{"template":"highway","default_image_id":0,"font":"","enabled":false},"version":2}},"categories":[5],"tags":[36,32,31],"class_list":["post-53064","post","type-post","status-publish","format-standard","has-post-thumbnail","hentry","category-ambiente","tag-algarve","tag-ambiente","tag-loule"],"yoast_head":"<!-- This site is optimized with the Yoast SEO plugin v27.5 - https:\/\/yoast.com\/product\/yoast-seo-wordpress\/ -->\n<title>Per\u00edodo de discuss\u00e3o p\u00fablica para novas zonas protegidas na Nave do Bar\u00e3o e gruta de Vale Telheiro - Algarve 7<\/title>\n<meta name=\"description\" content=\"Per\u00edodo de discuss\u00e3o p\u00fablica para novas zonas protegidas na Nave do Bar\u00e3o e gruta de Vale Telheiro Ambiente\" \/>\n<meta name=\"robots\" content=\"index, follow, max-snippet:-1, max-image-preview:large, max-video-preview:-1\" \/>\n<link rel=\"canonical\" href=\"https:\/\/algarve7.pt\/index.php\/2025\/08\/periodo-de-discussao-publica-para-novas-zonas-protegidas-na-nave-do-barao-e-gruta-de-vale-telheiro\/ambiente\/07\/15\/\" \/>\n<meta property=\"og:locale\" content=\"pt_PT\" \/>\n<meta property=\"og:type\" content=\"article\" \/>\n<meta property=\"og:title\" content=\"Per\u00edodo de discuss\u00e3o p\u00fablica para novas zonas protegidas na Nave do Bar\u00e3o e gruta de Vale Telheiro - Algarve 7\" \/>\n<meta property=\"og:description\" content=\"Per\u00edodo de discuss\u00e3o p\u00fablica para novas zonas protegidas na Nave do Bar\u00e3o e gruta de Vale Telheiro Ambiente\" \/>\n<meta property=\"og:url\" content=\"https:\/\/algarve7.pt\/index.php\/2025\/08\/periodo-de-discussao-publica-para-novas-zonas-protegidas-na-nave-do-barao-e-gruta-de-vale-telheiro\/ambiente\/07\/15\/\" \/>\n<meta property=\"og:site_name\" content=\"Algarve 7\" \/>\n<meta property=\"article:publisher\" content=\"https:\/\/www.facebook.com\/algarve7\" \/>\n<meta property=\"article:author\" content=\"https:\/\/www.facebook.com\/algarve7\" \/>\n<meta property=\"article:published_time\" content=\"2025-08-07T06:15:00+00:00\" \/>\n<meta property=\"og:image\" content=\"https:\/\/algarve7.pt\/wp-content\/uploads\/2025\/08\/gruta-vale-telheiro.jpeg\" \/>\n\t<meta property=\"og:image:width\" content=\"800\" \/>\n\t<meta property=\"og:image:height\" content=\"500\" \/>\n\t<meta property=\"og:image:type\" content=\"image\/jpeg\" \/>\n<meta name=\"author\" content=\"Algarve 7\" \/>\n<meta name=\"twitter:card\" content=\"summary_large_image\" \/>\n<meta name=\"twitter:creator\" content=\"@Algarvesete\" \/>\n<meta name=\"twitter:site\" content=\"@Algarvesete\" \/>\n<meta name=\"twitter:label1\" content=\"Escrito por\" \/>\n\t<meta name=\"twitter:data1\" content=\"Algarve 7\" \/>\n\t<meta name=\"twitter:label2\" content=\"Tempo estimado de leitura\" \/>\n\t<meta name=\"twitter:data2\" content=\"5 minutos\" \/>\n<script type=\"application\/ld+json\" class=\"yoast-schema-graph\">{\"@context\":\"https:\\\/\\\/schema.org\",\"@graph\":[{\"@type\":\"Article\",\"@id\":\"https:\\\/\\\/algarve7.pt\\\/index.php\\\/2025\\\/08\\\/periodo-de-discussao-publica-para-novas-zonas-protegidas-na-nave-do-barao-e-gruta-de-vale-telheiro\\\/ambiente\\\/07\\\/15\\\/#article\",\"isPartOf\":{\"@id\":\"https:\\\/\\\/algarve7.pt\\\/index.php\\\/2025\\\/08\\\/periodo-de-discussao-publica-para-novas-zonas-protegidas-na-nave-do-barao-e-gruta-de-vale-telheiro\\\/ambiente\\\/07\\\/15\\\/\"},\"author\":{\"name\":\"Algarve 7\",\"@id\":\"https:\\\/\\\/algarve7.pt\\\/#\\\/schema\\\/person\\\/23fa70681308e7b319a3204bcea45e0c\"},\"headline\":\"Per\u00edodo de discuss\u00e3o p\u00fablica para novas zonas protegidas na Nave do Bar\u00e3o e gruta de Vale Telheiro\",\"datePublished\":\"2025-08-07T06:15:00+00:00\",\"mainEntityOfPage\":{\"@id\":\"https:\\\/\\\/algarve7.pt\\\/index.php\\\/2025\\\/08\\\/periodo-de-discussao-publica-para-novas-zonas-protegidas-na-nave-do-barao-e-gruta-de-vale-telheiro\\\/ambiente\\\/07\\\/15\\\/\"},\"wordCount\":884,\"publisher\":{\"@id\":\"https:\\\/\\\/algarve7.pt\\\/#organization\"},\"image\":{\"@id\":\"https:\\\/\\\/algarve7.pt\\\/index.php\\\/2025\\\/08\\\/periodo-de-discussao-publica-para-novas-zonas-protegidas-na-nave-do-barao-e-gruta-de-vale-telheiro\\\/ambiente\\\/07\\\/15\\\/#primaryimage\"},\"thumbnailUrl\":\"https:\\\/\\\/algarve7.pt\\\/wp-content\\\/uploads\\\/2025\\\/08\\\/gruta-vale-telheiro.jpeg\",\"keywords\":[\"Algarve\",\"Ambiente\",\"Loul\u00e9\"],\"articleSection\":[\"Ambiente\"],\"inLanguage\":\"pt-PT\"},{\"@type\":\"WebPage\",\"@id\":\"https:\\\/\\\/algarve7.pt\\\/index.php\\\/2025\\\/08\\\/periodo-de-discussao-publica-para-novas-zonas-protegidas-na-nave-do-barao-e-gruta-de-vale-telheiro\\\/ambiente\\\/07\\\/15\\\/\",\"url\":\"https:\\\/\\\/algarve7.pt\\\/index.php\\\/2025\\\/08\\\/periodo-de-discussao-publica-para-novas-zonas-protegidas-na-nave-do-barao-e-gruta-de-vale-telheiro\\\/ambiente\\\/07\\\/15\\\/\",\"name\":\"Per\u00edodo de discuss\u00e3o p\u00fablica para novas zonas protegidas na Nave do Bar\u00e3o e gruta de Vale Telheiro - Algarve 7\",\"isPartOf\":{\"@id\":\"https:\\\/\\\/algarve7.pt\\\/#website\"},\"primaryImageOfPage\":{\"@id\":\"https:\\\/\\\/algarve7.pt\\\/index.php\\\/2025\\\/08\\\/periodo-de-discussao-publica-para-novas-zonas-protegidas-na-nave-do-barao-e-gruta-de-vale-telheiro\\\/ambiente\\\/07\\\/15\\\/#primaryimage\"},\"image\":{\"@id\":\"https:\\\/\\\/algarve7.pt\\\/index.php\\\/2025\\\/08\\\/periodo-de-discussao-publica-para-novas-zonas-protegidas-na-nave-do-barao-e-gruta-de-vale-telheiro\\\/ambiente\\\/07\\\/15\\\/#primaryimage\"},\"thumbnailUrl\":\"https:\\\/\\\/algarve7.pt\\\/wp-content\\\/uploads\\\/2025\\\/08\\\/gruta-vale-telheiro.jpeg\",\"datePublished\":\"2025-08-07T06:15:00+00:00\",\"description\":\"Per\u00edodo de discuss\u00e3o p\u00fablica para novas zonas protegidas na Nave do Bar\u00e3o e gruta de Vale Telheiro Ambiente\",\"breadcrumb\":{\"@id\":\"https:\\\/\\\/algarve7.pt\\\/index.php\\\/2025\\\/08\\\/periodo-de-discussao-publica-para-novas-zonas-protegidas-na-nave-do-barao-e-gruta-de-vale-telheiro\\\/ambiente\\\/07\\\/15\\\/#breadcrumb\"},\"inLanguage\":\"pt-PT\",\"potentialAction\":[{\"@type\":\"ReadAction\",\"target\":[\"https:\\\/\\\/algarve7.pt\\\/index.php\\\/2025\\\/08\\\/periodo-de-discussao-publica-para-novas-zonas-protegidas-na-nave-do-barao-e-gruta-de-vale-telheiro\\\/ambiente\\\/07\\\/15\\\/\"]}]},{\"@type\":\"ImageObject\",\"inLanguage\":\"pt-PT\",\"@id\":\"https:\\\/\\\/algarve7.pt\\\/index.php\\\/2025\\\/08\\\/periodo-de-discussao-publica-para-novas-zonas-protegidas-na-nave-do-barao-e-gruta-de-vale-telheiro\\\/ambiente\\\/07\\\/15\\\/#primaryimage\",\"url\":\"https:\\\/\\\/algarve7.pt\\\/wp-content\\\/uploads\\\/2025\\\/08\\\/gruta-vale-telheiro.jpeg\",\"contentUrl\":\"https:\\\/\\\/algarve7.pt\\\/wp-content\\\/uploads\\\/2025\\\/08\\\/gruta-vale-telheiro.jpeg\",\"width\":800,\"height\":500},{\"@type\":\"BreadcrumbList\",\"@id\":\"https:\\\/\\\/algarve7.pt\\\/index.php\\\/2025\\\/08\\\/periodo-de-discussao-publica-para-novas-zonas-protegidas-na-nave-do-barao-e-gruta-de-vale-telheiro\\\/ambiente\\\/07\\\/15\\\/#breadcrumb\",\"itemListElement\":[{\"@type\":\"ListItem\",\"position\":1,\"name\":\"In\u00edcio\",\"item\":\"https:\\\/\\\/algarve7.pt\\\/\"},{\"@type\":\"ListItem\",\"position\":2,\"name\":\"Per\u00edodo de discuss\u00e3o p\u00fablica para novas zonas protegidas na Nave do Bar\u00e3o e gruta de Vale Telheiro\"}]},{\"@type\":\"WebSite\",\"@id\":\"https:\\\/\\\/algarve7.pt\\\/#website\",\"url\":\"https:\\\/\\\/algarve7.pt\\\/\",\"name\":\"Algarve 7\",\"description\":\"Informa\u00e7\u00e3o sobre o Algarve\",\"publisher\":{\"@id\":\"https:\\\/\\\/algarve7.pt\\\/#organization\"},\"potentialAction\":[{\"@type\":\"SearchAction\",\"target\":{\"@type\":\"EntryPoint\",\"urlTemplate\":\"https:\\\/\\\/algarve7.pt\\\/?s={search_term_string}\"},\"query-input\":{\"@type\":\"PropertyValueSpecification\",\"valueRequired\":true,\"valueName\":\"search_term_string\"}}],\"inLanguage\":\"pt-PT\"},{\"@type\":\"Organization\",\"@id\":\"https:\\\/\\\/algarve7.pt\\\/#organization\",\"name\":\"Algarve 7\",\"url\":\"https:\\\/\\\/algarve7.pt\\\/\",\"logo\":{\"@type\":\"ImageObject\",\"inLanguage\":\"pt-PT\",\"@id\":\"https:\\\/\\\/algarve7.pt\\\/#\\\/schema\\\/logo\\\/image\\\/\",\"url\":\"https:\\\/\\\/algarve7.pt\\\/wp-content\\\/uploads\\\/2020\\\/10\\\/Logo-8.jpg\",\"contentUrl\":\"https:\\\/\\\/algarve7.pt\\\/wp-content\\\/uploads\\\/2020\\\/10\\\/Logo-8.jpg\",\"width\":1680,\"height\":1186,\"caption\":\"Algarve 7\"},\"image\":{\"@id\":\"https:\\\/\\\/algarve7.pt\\\/#\\\/schema\\\/logo\\\/image\\\/\"},\"sameAs\":[\"https:\\\/\\\/www.facebook.com\\\/algarve7\",\"https:\\\/\\\/x.com\\\/Algarvesete\",\"https:\\\/\\\/www.instagram.com\\\/jornalalgarve7\\\/\",\"https:\\\/\\\/www.linkedin.com\\\/company\\\/algarve7\",\"https:\\\/\\\/www.pinterest.pt\\\/geral0939\\\/_created\\\/\"]},{\"@type\":\"Person\",\"@id\":\"https:\\\/\\\/algarve7.pt\\\/#\\\/schema\\\/person\\\/23fa70681308e7b319a3204bcea45e0c\",\"name\":\"Algarve 7\",\"sameAs\":[\"https:\\\/\\\/algarve7.pt\",\"https:\\\/\\\/www.facebook.com\\\/algarve7\"],\"url\":\"https:\\\/\\\/algarve7.pt\\\/index.php\\\/author\\\/geralalgarve7-pt\\\/\"}]}<\/script>\n<!-- \/ Yoast SEO plugin. -->","yoast_head_json":{"title":"Per\u00edodo de discuss\u00e3o p\u00fablica para novas zonas protegidas na Nave do Bar\u00e3o e gruta de Vale Telheiro - Algarve 7","description":"Per\u00edodo de discuss\u00e3o p\u00fablica para novas zonas protegidas na Nave do Bar\u00e3o e gruta de Vale Telheiro Ambiente","robots":{"index":"index","follow":"follow","max-snippet":"max-snippet:-1","max-image-preview":"max-image-preview:large","max-video-preview":"max-video-preview:-1"},"canonical":"https:\/\/algarve7.pt\/index.php\/2025\/08\/periodo-de-discussao-publica-para-novas-zonas-protegidas-na-nave-do-barao-e-gruta-de-vale-telheiro\/ambiente\/07\/15\/","og_locale":"pt_PT","og_type":"article","og_title":"Per\u00edodo de discuss\u00e3o p\u00fablica para novas zonas protegidas na Nave do Bar\u00e3o e gruta de Vale Telheiro - Algarve 7","og_description":"Per\u00edodo de discuss\u00e3o p\u00fablica para novas zonas protegidas na Nave do Bar\u00e3o e gruta de Vale Telheiro Ambiente","og_url":"https:\/\/algarve7.pt\/index.php\/2025\/08\/periodo-de-discussao-publica-para-novas-zonas-protegidas-na-nave-do-barao-e-gruta-de-vale-telheiro\/ambiente\/07\/15\/","og_site_name":"Algarve 7","article_publisher":"https:\/\/www.facebook.com\/algarve7","article_author":"https:\/\/www.facebook.com\/algarve7","article_published_time":"2025-08-07T06:15:00+00:00","og_image":[{"width":800,"height":500,"url":"https:\/\/algarve7.pt\/wp-content\/uploads\/2025\/08\/gruta-vale-telheiro.jpeg","type":"image\/jpeg"}],"author":"Algarve 7","twitter_card":"summary_large_image","twitter_creator":"@Algarvesete","twitter_site":"@Algarvesete","twitter_misc":{"Escrito por":"Algarve 7","Tempo estimado de leitura":"5 minutos"},"schema":{"@context":"https:\/\/schema.org","@graph":[{"@type":"Article","@id":"https:\/\/algarve7.pt\/index.php\/2025\/08\/periodo-de-discussao-publica-para-novas-zonas-protegidas-na-nave-do-barao-e-gruta-de-vale-telheiro\/ambiente\/07\/15\/#article","isPartOf":{"@id":"https:\/\/algarve7.pt\/index.php\/2025\/08\/periodo-de-discussao-publica-para-novas-zonas-protegidas-na-nave-do-barao-e-gruta-de-vale-telheiro\/ambiente\/07\/15\/"},"author":{"name":"Algarve 7","@id":"https:\/\/algarve7.pt\/#\/schema\/person\/23fa70681308e7b319a3204bcea45e0c"},"headline":"Per\u00edodo de discuss\u00e3o p\u00fablica para novas zonas protegidas na Nave do Bar\u00e3o e gruta de Vale Telheiro","datePublished":"2025-08-07T06:15:00+00:00","mainEntityOfPage":{"@id":"https:\/\/algarve7.pt\/index.php\/2025\/08\/periodo-de-discussao-publica-para-novas-zonas-protegidas-na-nave-do-barao-e-gruta-de-vale-telheiro\/ambiente\/07\/15\/"},"wordCount":884,"publisher":{"@id":"https:\/\/algarve7.pt\/#organization"},"image":{"@id":"https:\/\/algarve7.pt\/index.php\/2025\/08\/periodo-de-discussao-publica-para-novas-zonas-protegidas-na-nave-do-barao-e-gruta-de-vale-telheiro\/ambiente\/07\/15\/#primaryimage"},"thumbnailUrl":"https:\/\/algarve7.pt\/wp-content\/uploads\/2025\/08\/gruta-vale-telheiro.jpeg","keywords":["Algarve","Ambiente","Loul\u00e9"],"articleSection":["Ambiente"],"inLanguage":"pt-PT"},{"@type":"WebPage","@id":"https:\/\/algarve7.pt\/index.php\/2025\/08\/periodo-de-discussao-publica-para-novas-zonas-protegidas-na-nave-do-barao-e-gruta-de-vale-telheiro\/ambiente\/07\/15\/","url":"https:\/\/algarve7.pt\/index.php\/2025\/08\/periodo-de-discussao-publica-para-novas-zonas-protegidas-na-nave-do-barao-e-gruta-de-vale-telheiro\/ambiente\/07\/15\/","name":"Per\u00edodo de discuss\u00e3o p\u00fablica para novas zonas protegidas na Nave do Bar\u00e3o e gruta de Vale Telheiro - Algarve 7","isPartOf":{"@id":"https:\/\/algarve7.pt\/#website"},"primaryImageOfPage":{"@id":"https:\/\/algarve7.pt\/index.php\/2025\/08\/periodo-de-discussao-publica-para-novas-zonas-protegidas-na-nave-do-barao-e-gruta-de-vale-telheiro\/ambiente\/07\/15\/#primaryimage"},"image":{"@id":"https:\/\/algarve7.pt\/index.php\/2025\/08\/periodo-de-discussao-publica-para-novas-zonas-protegidas-na-nave-do-barao-e-gruta-de-vale-telheiro\/ambiente\/07\/15\/#primaryimage"},"thumbnailUrl":"https:\/\/algarve7.pt\/wp-content\/uploads\/2025\/08\/gruta-vale-telheiro.jpeg","datePublished":"2025-08-07T06:15:00+00:00","description":"Per\u00edodo de discuss\u00e3o p\u00fablica para novas zonas protegidas na Nave do Bar\u00e3o e gruta de Vale Telheiro Ambiente","breadcrumb":{"@id":"https:\/\/algarve7.pt\/index.php\/2025\/08\/periodo-de-discussao-publica-para-novas-zonas-protegidas-na-nave-do-barao-e-gruta-de-vale-telheiro\/ambiente\/07\/15\/#breadcrumb"},"inLanguage":"pt-PT","potentialAction":[{"@type":"ReadAction","target":["https:\/\/algarve7.pt\/index.php\/2025\/08\/periodo-de-discussao-publica-para-novas-zonas-protegidas-na-nave-do-barao-e-gruta-de-vale-telheiro\/ambiente\/07\/15\/"]}]},{"@type":"ImageObject","inLanguage":"pt-PT","@id":"https:\/\/algarve7.pt\/index.php\/2025\/08\/periodo-de-discussao-publica-para-novas-zonas-protegidas-na-nave-do-barao-e-gruta-de-vale-telheiro\/ambiente\/07\/15\/#primaryimage","url":"https:\/\/algarve7.pt\/wp-content\/uploads\/2025\/08\/gruta-vale-telheiro.jpeg","contentUrl":"https:\/\/algarve7.pt\/wp-content\/uploads\/2025\/08\/gruta-vale-telheiro.jpeg","width":800,"height":500},{"@type":"BreadcrumbList","@id":"https:\/\/algarve7.pt\/index.php\/2025\/08\/periodo-de-discussao-publica-para-novas-zonas-protegidas-na-nave-do-barao-e-gruta-de-vale-telheiro\/ambiente\/07\/15\/#breadcrumb","itemListElement":[{"@type":"ListItem","position":1,"name":"In\u00edcio","item":"https:\/\/algarve7.pt\/"},{"@type":"ListItem","position":2,"name":"Per\u00edodo de discuss\u00e3o p\u00fablica para novas zonas protegidas na Nave do Bar\u00e3o e gruta de Vale Telheiro"}]},{"@type":"WebSite","@id":"https:\/\/algarve7.pt\/#website","url":"https:\/\/algarve7.pt\/","name":"Algarve 7","description":"Informa\u00e7\u00e3o sobre o Algarve","publisher":{"@id":"https:\/\/algarve7.pt\/#organization"},"potentialAction":[{"@type":"SearchAction","target":{"@type":"EntryPoint","urlTemplate":"https:\/\/algarve7.pt\/?s={search_term_string}"},"query-input":{"@type":"PropertyValueSpecification","valueRequired":true,"valueName":"search_term_string"}}],"inLanguage":"pt-PT"},{"@type":"Organization","@id":"https:\/\/algarve7.pt\/#organization","name":"Algarve 7","url":"https:\/\/algarve7.pt\/","logo":{"@type":"ImageObject","inLanguage":"pt-PT","@id":"https:\/\/algarve7.pt\/#\/schema\/logo\/image\/","url":"https:\/\/algarve7.pt\/wp-content\/uploads\/2020\/10\/Logo-8.jpg","contentUrl":"https:\/\/algarve7.pt\/wp-content\/uploads\/2020\/10\/Logo-8.jpg","width":1680,"height":1186,"caption":"Algarve 7"},"image":{"@id":"https:\/\/algarve7.pt\/#\/schema\/logo\/image\/"},"sameAs":["https:\/\/www.facebook.com\/algarve7","https:\/\/x.com\/Algarvesete","https:\/\/www.instagram.com\/jornalalgarve7\/","https:\/\/www.linkedin.com\/company\/algarve7","https:\/\/www.pinterest.pt\/geral0939\/_created\/"]},{"@type":"Person","@id":"https:\/\/algarve7.pt\/#\/schema\/person\/23fa70681308e7b319a3204bcea45e0c","name":"Algarve 7","sameAs":["https:\/\/algarve7.pt","https:\/\/www.facebook.com\/algarve7"],"url":"https:\/\/algarve7.pt\/index.php\/author\/geralalgarve7-pt\/"}]}},"jetpack_publicize_connections":[],"jetpack_featured_media_url":"https:\/\/algarve7.pt\/wp-content\/uploads\/2025\/08\/gruta-vale-telheiro.jpeg","jetpack_shortlink":"https:\/\/wp.me\/pcezmW-dNS","jetpack_sharing_enabled":true,"_links":{"self":[{"href":"https:\/\/algarve7.pt\/index.php\/wp-json\/wp\/v2\/posts\/53064","targetHints":{"allow":["GET"]}}],"collection":[{"href":"https:\/\/algarve7.pt\/index.php\/wp-json\/wp\/v2\/posts"}],"about":[{"href":"https:\/\/algarve7.pt\/index.php\/wp-json\/wp\/v2\/types\/post"}],"author":[{"embeddable":true,"href":"https:\/\/algarve7.pt\/index.php\/wp-json\/wp\/v2\/users\/1"}],"replies":[{"embeddable":true,"href":"https:\/\/algarve7.pt\/index.php\/wp-json\/wp\/v2\/comments?post=53064"}],"version-history":[{"count":0,"href":"https:\/\/algarve7.pt\/index.php\/wp-json\/wp\/v2\/posts\/53064\/revisions"}],"wp:featuredmedia":[{"embeddable":true,"href":"https:\/\/algarve7.pt\/index.php\/wp-json\/wp\/v2\/media\/53065"}],"wp:attachment":[{"href":"https:\/\/algarve7.pt\/index.php\/wp-json\/wp\/v2\/media?parent=53064"}],"wp:term":[{"taxonomy":"category","embeddable":true,"href":"https:\/\/algarve7.pt\/index.php\/wp-json\/wp\/v2\/categories?post=53064"},{"taxonomy":"post_tag","embeddable":true,"href":"https:\/\/algarve7.pt\/index.php\/wp-json\/wp\/v2\/tags?post=53064"}],"curies":[{"name":"wp","href":"https:\/\/api.w.org\/{rel}","templated":true}]}}