{"id":52967,"date":"2025-08-04T08:00:00","date_gmt":"2025-08-04T07:00:00","guid":{"rendered":"https:\/\/algarve7.pt\/?p=52967"},"modified":"2025-08-03T20:42:16","modified_gmt":"2025-08-03T19:42:16","slug":"ccdr-algarve-acolhe-primeira-reuniao-do-grupo-de-trabalho-nacional-para-a-gestao-das-macroalgas-invasoras","status":"publish","type":"post","link":"https:\/\/algarve7.pt\/index.php\/2025\/08\/ccdr-algarve-acolhe-primeira-reuniao-do-grupo-de-trabalho-nacional-para-a-gestao-das-macroalgas-invasoras\/ambiente\/08\/00\/","title":{"rendered":"CCDR Algarve acolhe primeira reuni\u00e3o do grupo de trabalho nacional para a gest\u00e3o das macroalgas invasoras"},"content":{"rendered":"\n<p><strong>A Comiss\u00e3o de Coordena\u00e7\u00e3o e Desenvolvimento Regional (CCDR) do Algarve, I.P. acolheu a primeira reuni\u00e3o do Grupo de Trabalho previsto na Portaria n.\u00ba 270-A\/2025\/1, de 23 de julho, dos Minist\u00e9rios do Ambiente e da Energia e da Agricultura e Mar visando desenvolver uma Estrat\u00e9gia Nacional para a Gest\u00e3o da Macroalga Invasora&nbsp;<em>Rugulopteryx okamurae<\/em>.<\/strong><\/p>\n\n\n\n<p>No preambulo da Portaria o Governo destaca que a macroalga ex\u00f3tica&nbsp;<em>Rugulopteryx okamurae<\/em>, origin\u00e1ria do Pac\u00edfico, se tem disseminado rapidamente pelas zonas costeiras, em particular no Algarve e, mais recentemente, em \u00e1reas do litoral da \u00c1rea Metropolitana de Lisboa, como Cascais.<\/p>\n\n\n\n<p>O seu comportamento invasor, marcado por elevada resili\u00eancia e capacidade de dispers\u00e3o,&nbsp;<strong>gera impactos significativos<\/strong>&nbsp;na biodiversidade marinha, na atividade piscat\u00f3ria, nos usos balneares e na economia costeira local, preocupando os munic\u00edpios do Algarve que tem assumido algumas a\u00e7\u00f5es de controlo e limpeza das \u00e1reas balneares ao longo dos \u00faltimos quatro anos.<\/p>\n\n\n\n<p>A persist\u00eancia e expans\u00e3o do fen\u00f3meno exige uma resposta estrat\u00e9gica e articulada entre os diferentes n\u00edveis de governa\u00e7\u00e3o &#8211; central, regional e local &#8211; com base numa abordagem t\u00e9cnica, cient\u00edfica e territorialmente adaptada, levou o Governo a estabelecer e aprovar uma Estrat\u00e9gia Nacional, cuja coordena\u00e7\u00e3o, acompanhamento, an\u00e1lise e concretiza\u00e7\u00e3o ser\u00e1 da compet\u00eancia do Grupo de Trabalho agora constitu\u00eddo.<\/p>\n\n\n\n<p>Tendo como&nbsp;<strong>objetivos estrat\u00e9gicos<\/strong>&nbsp;monitorizar e compreender a din\u00e2mica de expans\u00e3o da esp\u00e9cie em diferentes regi\u00f5es do pa\u00eds; mitigar os impactos negativos nas zonas balneares, na pesca e na economia local; valorizar a biomassa recolhida com solu\u00e7\u00f5es circulares e inovadoras; refor\u00e7ar a governan\u00e7a multissetorial e inter-regional na gest\u00e3o de esp\u00e9cies ex\u00f3ticas invasoras; e, garantir uma resposta r\u00e1pida e articulada atrav\u00e9s da elabora\u00e7\u00e3o de Planos de controlo, conten\u00e7\u00e3o ou erradica\u00e7\u00e3o de \u00e2mbito regional e um Plano de controlo, conten\u00e7\u00e3o ou erradica\u00e7\u00e3o de \u00e2mbito nacional, o grupo de trabalho respeitar\u00e1 os seguintes&nbsp;<strong>pilares de a\u00e7\u00e3o<\/strong>: Monitoriza\u00e7\u00e3o e Alerta Precoce; Resposta Operacional; Investiga\u00e7\u00e3o e Inova\u00e7\u00e3o; e, Coordena\u00e7\u00e3o Institucional e Participa\u00e7\u00e3o P\u00fablica.<\/p>\n\n\n\n<p>A execu\u00e7\u00e3o da estrat\u00e9gia ser\u00e1 assegurada por um&nbsp;<strong>Grupo de Trabalho Interinstitucional, coordenado pela Ag\u00eancia Portuguesa do Ambiente (APA),<\/strong>&nbsp;com a participa\u00e7\u00e3o das Comiss\u00f5es de Coordena\u00e7\u00e3o e Desenvolvimento Regional , do&nbsp;&nbsp;ICNF &#8211; Instituto da Conserva\u00e7\u00e3o da Natureza e das Florestas, IP; \u00c1rea Metropolitana de Lisboa (AML); Universidade do Algarve; DGRM &#8211; Dire\u00e7\u00e3o-Geral de Recursos Naturais, Seguran\u00e7a e Servi\u00e7os Mar\u00edtimos; autarquias locais das \u00e1reas costeiras afetadas; Regi\u00e3o de Turismo do Algarve; Turismo de Portugal, IP; e, Comunidade Intermunicipal do Algarve (AMAL), entre outras entidades.<\/p>\n\n\n\n<p>No Algarve, os Munic\u00edpios de Lagoa e de Lagos, tamb\u00e9m a Universidade do Algarve e os centros de investiga\u00e7\u00e3o e conhecimento em algas, t\u00eam estado na primeira linha de alerta e defesa de uma solu\u00e7\u00e3o integrada de mitiga\u00e7\u00e3o dos impactos desta alga invasora.<\/p>\n","protected":false},"excerpt":{"rendered":"<p>A Comiss\u00e3o de Coordena\u00e7\u00e3o e Desenvolvimento Regional (CCDR) do Algarve, I.P. acolheu a primeira reuni\u00e3o do Grupo de Trabalho previsto<\/p>\n","protected":false},"author":1,"featured_media":52968,"comment_status":"closed","ping_status":"closed","sticky":false,"template":"","format":"standard","meta":{"colormag_page_container_layout":"default_layout","colormag_page_sidebar_layout":"default_layout","_monsterinsights_skip_tracking":false,"_monsterinsights_sitenote_active":false,"_monsterinsights_sitenote_note":"","_monsterinsights_sitenote_category":0,"jetpack_post_was_ever_published":false,"_jetpack_newsletter_access":"","_jetpack_dont_email_post_to_subs":false,"_jetpack_newsletter_tier_id":0,"_jetpack_memberships_contains_paywalled_content":false,"_jetpack_memberships_contains_paid_content":false,"footnotes":"","jetpack_publicize_message":"","jetpack_publicize_feature_enabled":true,"jetpack_social_post_already_shared":false,"jetpack_social_options":{"image_generator_settings":{"template":"highway","default_image_id":0,"font":"","enabled":false},"version":2}},"categories":[5],"tags":[36,32,143],"class_list":["post-52967","post","type-post","status-publish","format-standard","has-post-thumbnail","hentry","category-ambiente","tag-algarve","tag-ambiente","tag-ccdr-algarve"],"yoast_head":"<!-- This site is optimized with the Yoast SEO plugin v27.5 - https:\/\/yoast.com\/product\/yoast-seo-wordpress\/ -->\n<title>CCDR Algarve acolhe primeira reuni\u00e3o do grupo de trabalho nacional para a gest\u00e3o das macroalgas invasoras - Algarve 7<\/title>\n<meta name=\"description\" content=\"CCDR Algarve acolhe primeira reuni\u00e3o do grupo de trabalho nacional para a gest\u00e3o das macroalgas invasoras Ambiente\" \/>\n<meta name=\"robots\" content=\"index, follow, max-snippet:-1, max-image-preview:large, max-video-preview:-1\" \/>\n<link rel=\"canonical\" href=\"https:\/\/algarve7.pt\/index.php\/2025\/08\/ccdr-algarve-acolhe-primeira-reuniao-do-grupo-de-trabalho-nacional-para-a-gestao-das-macroalgas-invasoras\/ambiente\/08\/00\/\" \/>\n<meta property=\"og:locale\" content=\"pt_PT\" \/>\n<meta property=\"og:type\" content=\"article\" \/>\n<meta property=\"og:title\" content=\"CCDR Algarve acolhe primeira reuni\u00e3o do grupo de trabalho nacional para a gest\u00e3o das macroalgas invasoras - Algarve 7\" \/>\n<meta property=\"og:description\" content=\"CCDR Algarve acolhe primeira reuni\u00e3o do grupo de trabalho nacional para a gest\u00e3o das macroalgas invasoras Ambiente\" \/>\n<meta property=\"og:url\" content=\"https:\/\/algarve7.pt\/index.php\/2025\/08\/ccdr-algarve-acolhe-primeira-reuniao-do-grupo-de-trabalho-nacional-para-a-gestao-das-macroalgas-invasoras\/ambiente\/08\/00\/\" \/>\n<meta property=\"og:site_name\" content=\"Algarve 7\" \/>\n<meta property=\"article:publisher\" content=\"https:\/\/www.facebook.com\/algarve7\" \/>\n<meta property=\"article:author\" content=\"https:\/\/www.facebook.com\/algarve7\" \/>\n<meta property=\"article:published_time\" content=\"2025-08-04T07:00:00+00:00\" \/>\n<meta property=\"og:image\" content=\"https:\/\/algarve7.pt\/wp-content\/uploads\/2025\/08\/GTMacroAlgas01.jpeg\" \/>\n\t<meta property=\"og:image:width\" content=\"800\" \/>\n\t<meta property=\"og:image:height\" content=\"500\" \/>\n\t<meta property=\"og:image:type\" content=\"image\/jpeg\" \/>\n<meta name=\"author\" content=\"Algarve 7\" \/>\n<meta name=\"twitter:card\" content=\"summary_large_image\" \/>\n<meta name=\"twitter:creator\" content=\"@Algarvesete\" \/>\n<meta name=\"twitter:site\" content=\"@Algarvesete\" \/>\n<meta name=\"twitter:label1\" content=\"Escrito por\" \/>\n\t<meta name=\"twitter:data1\" content=\"Algarve 7\" \/>\n\t<meta name=\"twitter:label2\" content=\"Tempo estimado de leitura\" \/>\n\t<meta name=\"twitter:data2\" content=\"3 minutos\" \/>\n<script type=\"application\/ld+json\" class=\"yoast-schema-graph\">{\"@context\":\"https:\\\/\\\/schema.org\",\"@graph\":[{\"@type\":\"Article\",\"@id\":\"https:\\\/\\\/algarve7.pt\\\/index.php\\\/2025\\\/08\\\/ccdr-algarve-acolhe-primeira-reuniao-do-grupo-de-trabalho-nacional-para-a-gestao-das-macroalgas-invasoras\\\/ambiente\\\/08\\\/00\\\/#article\",\"isPartOf\":{\"@id\":\"https:\\\/\\\/algarve7.pt\\\/index.php\\\/2025\\\/08\\\/ccdr-algarve-acolhe-primeira-reuniao-do-grupo-de-trabalho-nacional-para-a-gestao-das-macroalgas-invasoras\\\/ambiente\\\/08\\\/00\\\/\"},\"author\":{\"name\":\"Algarve 7\",\"@id\":\"https:\\\/\\\/algarve7.pt\\\/#\\\/schema\\\/person\\\/23fa70681308e7b319a3204bcea45e0c\"},\"headline\":\"CCDR Algarve acolhe primeira reuni\u00e3o do grupo de trabalho nacional para a gest\u00e3o das macroalgas invasoras\",\"datePublished\":\"2025-08-04T07:00:00+00:00\",\"mainEntityOfPage\":{\"@id\":\"https:\\\/\\\/algarve7.pt\\\/index.php\\\/2025\\\/08\\\/ccdr-algarve-acolhe-primeira-reuniao-do-grupo-de-trabalho-nacional-para-a-gestao-das-macroalgas-invasoras\\\/ambiente\\\/08\\\/00\\\/\"},\"wordCount\":539,\"publisher\":{\"@id\":\"https:\\\/\\\/algarve7.pt\\\/#organization\"},\"image\":{\"@id\":\"https:\\\/\\\/algarve7.pt\\\/index.php\\\/2025\\\/08\\\/ccdr-algarve-acolhe-primeira-reuniao-do-grupo-de-trabalho-nacional-para-a-gestao-das-macroalgas-invasoras\\\/ambiente\\\/08\\\/00\\\/#primaryimage\"},\"thumbnailUrl\":\"https:\\\/\\\/algarve7.pt\\\/wp-content\\\/uploads\\\/2025\\\/08\\\/GTMacroAlgas01.jpeg\",\"keywords\":[\"Algarve\",\"Ambiente\",\"CCDR Algarve\"],\"articleSection\":[\"Ambiente\"],\"inLanguage\":\"pt-PT\"},{\"@type\":\"WebPage\",\"@id\":\"https:\\\/\\\/algarve7.pt\\\/index.php\\\/2025\\\/08\\\/ccdr-algarve-acolhe-primeira-reuniao-do-grupo-de-trabalho-nacional-para-a-gestao-das-macroalgas-invasoras\\\/ambiente\\\/08\\\/00\\\/\",\"url\":\"https:\\\/\\\/algarve7.pt\\\/index.php\\\/2025\\\/08\\\/ccdr-algarve-acolhe-primeira-reuniao-do-grupo-de-trabalho-nacional-para-a-gestao-das-macroalgas-invasoras\\\/ambiente\\\/08\\\/00\\\/\",\"name\":\"CCDR Algarve acolhe primeira reuni\u00e3o do grupo de trabalho nacional para a gest\u00e3o das macroalgas invasoras - Algarve 7\",\"isPartOf\":{\"@id\":\"https:\\\/\\\/algarve7.pt\\\/#website\"},\"primaryImageOfPage\":{\"@id\":\"https:\\\/\\\/algarve7.pt\\\/index.php\\\/2025\\\/08\\\/ccdr-algarve-acolhe-primeira-reuniao-do-grupo-de-trabalho-nacional-para-a-gestao-das-macroalgas-invasoras\\\/ambiente\\\/08\\\/00\\\/#primaryimage\"},\"image\":{\"@id\":\"https:\\\/\\\/algarve7.pt\\\/index.php\\\/2025\\\/08\\\/ccdr-algarve-acolhe-primeira-reuniao-do-grupo-de-trabalho-nacional-para-a-gestao-das-macroalgas-invasoras\\\/ambiente\\\/08\\\/00\\\/#primaryimage\"},\"thumbnailUrl\":\"https:\\\/\\\/algarve7.pt\\\/wp-content\\\/uploads\\\/2025\\\/08\\\/GTMacroAlgas01.jpeg\",\"datePublished\":\"2025-08-04T07:00:00+00:00\",\"description\":\"CCDR Algarve acolhe primeira reuni\u00e3o do grupo de trabalho nacional para a gest\u00e3o das macroalgas invasoras Ambiente\",\"breadcrumb\":{\"@id\":\"https:\\\/\\\/algarve7.pt\\\/index.php\\\/2025\\\/08\\\/ccdr-algarve-acolhe-primeira-reuniao-do-grupo-de-trabalho-nacional-para-a-gestao-das-macroalgas-invasoras\\\/ambiente\\\/08\\\/00\\\/#breadcrumb\"},\"inLanguage\":\"pt-PT\",\"potentialAction\":[{\"@type\":\"ReadAction\",\"target\":[\"https:\\\/\\\/algarve7.pt\\\/index.php\\\/2025\\\/08\\\/ccdr-algarve-acolhe-primeira-reuniao-do-grupo-de-trabalho-nacional-para-a-gestao-das-macroalgas-invasoras\\\/ambiente\\\/08\\\/00\\\/\"]}]},{\"@type\":\"ImageObject\",\"inLanguage\":\"pt-PT\",\"@id\":\"https:\\\/\\\/algarve7.pt\\\/index.php\\\/2025\\\/08\\\/ccdr-algarve-acolhe-primeira-reuniao-do-grupo-de-trabalho-nacional-para-a-gestao-das-macroalgas-invasoras\\\/ambiente\\\/08\\\/00\\\/#primaryimage\",\"url\":\"https:\\\/\\\/algarve7.pt\\\/wp-content\\\/uploads\\\/2025\\\/08\\\/GTMacroAlgas01.jpeg\",\"contentUrl\":\"https:\\\/\\\/algarve7.pt\\\/wp-content\\\/uploads\\\/2025\\\/08\\\/GTMacroAlgas01.jpeg\",\"width\":800,\"height\":500},{\"@type\":\"BreadcrumbList\",\"@id\":\"https:\\\/\\\/algarve7.pt\\\/index.php\\\/2025\\\/08\\\/ccdr-algarve-acolhe-primeira-reuniao-do-grupo-de-trabalho-nacional-para-a-gestao-das-macroalgas-invasoras\\\/ambiente\\\/08\\\/00\\\/#breadcrumb\",\"itemListElement\":[{\"@type\":\"ListItem\",\"position\":1,\"name\":\"In\u00edcio\",\"item\":\"https:\\\/\\\/algarve7.pt\\\/\"},{\"@type\":\"ListItem\",\"position\":2,\"name\":\"CCDR Algarve acolhe primeira reuni\u00e3o do grupo de trabalho nacional para a gest\u00e3o das macroalgas invasoras\"}]},{\"@type\":\"WebSite\",\"@id\":\"https:\\\/\\\/algarve7.pt\\\/#website\",\"url\":\"https:\\\/\\\/algarve7.pt\\\/\",\"name\":\"Algarve 7\",\"description\":\"Informa\u00e7\u00e3o sobre o Algarve\",\"publisher\":{\"@id\":\"https:\\\/\\\/algarve7.pt\\\/#organization\"},\"potentialAction\":[{\"@type\":\"SearchAction\",\"target\":{\"@type\":\"EntryPoint\",\"urlTemplate\":\"https:\\\/\\\/algarve7.pt\\\/?s={search_term_string}\"},\"query-input\":{\"@type\":\"PropertyValueSpecification\",\"valueRequired\":true,\"valueName\":\"search_term_string\"}}],\"inLanguage\":\"pt-PT\"},{\"@type\":\"Organization\",\"@id\":\"https:\\\/\\\/algarve7.pt\\\/#organization\",\"name\":\"Algarve 7\",\"url\":\"https:\\\/\\\/algarve7.pt\\\/\",\"logo\":{\"@type\":\"ImageObject\",\"inLanguage\":\"pt-PT\",\"@id\":\"https:\\\/\\\/algarve7.pt\\\/#\\\/schema\\\/logo\\\/image\\\/\",\"url\":\"https:\\\/\\\/algarve7.pt\\\/wp-content\\\/uploads\\\/2020\\\/10\\\/Logo-8.jpg\",\"contentUrl\":\"https:\\\/\\\/algarve7.pt\\\/wp-content\\\/uploads\\\/2020\\\/10\\\/Logo-8.jpg\",\"width\":1680,\"height\":1186,\"caption\":\"Algarve 7\"},\"image\":{\"@id\":\"https:\\\/\\\/algarve7.pt\\\/#\\\/schema\\\/logo\\\/image\\\/\"},\"sameAs\":[\"https:\\\/\\\/www.facebook.com\\\/algarve7\",\"https:\\\/\\\/x.com\\\/Algarvesete\",\"https:\\\/\\\/www.instagram.com\\\/jornalalgarve7\\\/\",\"https:\\\/\\\/www.linkedin.com\\\/company\\\/algarve7\",\"https:\\\/\\\/www.pinterest.pt\\\/geral0939\\\/_created\\\/\"]},{\"@type\":\"Person\",\"@id\":\"https:\\\/\\\/algarve7.pt\\\/#\\\/schema\\\/person\\\/23fa70681308e7b319a3204bcea45e0c\",\"name\":\"Algarve 7\",\"sameAs\":[\"https:\\\/\\\/algarve7.pt\",\"https:\\\/\\\/www.facebook.com\\\/algarve7\"],\"url\":\"https:\\\/\\\/algarve7.pt\\\/index.php\\\/author\\\/geralalgarve7-pt\\\/\"}]}<\/script>\n<!-- \/ Yoast SEO plugin. -->","yoast_head_json":{"title":"CCDR Algarve acolhe primeira reuni\u00e3o do grupo de trabalho nacional para a gest\u00e3o das macroalgas invasoras - Algarve 7","description":"CCDR Algarve acolhe primeira reuni\u00e3o do grupo de trabalho nacional para a gest\u00e3o das macroalgas invasoras Ambiente","robots":{"index":"index","follow":"follow","max-snippet":"max-snippet:-1","max-image-preview":"max-image-preview:large","max-video-preview":"max-video-preview:-1"},"canonical":"https:\/\/algarve7.pt\/index.php\/2025\/08\/ccdr-algarve-acolhe-primeira-reuniao-do-grupo-de-trabalho-nacional-para-a-gestao-das-macroalgas-invasoras\/ambiente\/08\/00\/","og_locale":"pt_PT","og_type":"article","og_title":"CCDR Algarve acolhe primeira reuni\u00e3o do grupo de trabalho nacional para a gest\u00e3o das macroalgas invasoras - Algarve 7","og_description":"CCDR Algarve acolhe primeira reuni\u00e3o do grupo de trabalho nacional para a gest\u00e3o das macroalgas invasoras Ambiente","og_url":"https:\/\/algarve7.pt\/index.php\/2025\/08\/ccdr-algarve-acolhe-primeira-reuniao-do-grupo-de-trabalho-nacional-para-a-gestao-das-macroalgas-invasoras\/ambiente\/08\/00\/","og_site_name":"Algarve 7","article_publisher":"https:\/\/www.facebook.com\/algarve7","article_author":"https:\/\/www.facebook.com\/algarve7","article_published_time":"2025-08-04T07:00:00+00:00","og_image":[{"width":800,"height":500,"url":"https:\/\/algarve7.pt\/wp-content\/uploads\/2025\/08\/GTMacroAlgas01.jpeg","type":"image\/jpeg"}],"author":"Algarve 7","twitter_card":"summary_large_image","twitter_creator":"@Algarvesete","twitter_site":"@Algarvesete","twitter_misc":{"Escrito por":"Algarve 7","Tempo estimado de leitura":"3 minutos"},"schema":{"@context":"https:\/\/schema.org","@graph":[{"@type":"Article","@id":"https:\/\/algarve7.pt\/index.php\/2025\/08\/ccdr-algarve-acolhe-primeira-reuniao-do-grupo-de-trabalho-nacional-para-a-gestao-das-macroalgas-invasoras\/ambiente\/08\/00\/#article","isPartOf":{"@id":"https:\/\/algarve7.pt\/index.php\/2025\/08\/ccdr-algarve-acolhe-primeira-reuniao-do-grupo-de-trabalho-nacional-para-a-gestao-das-macroalgas-invasoras\/ambiente\/08\/00\/"},"author":{"name":"Algarve 7","@id":"https:\/\/algarve7.pt\/#\/schema\/person\/23fa70681308e7b319a3204bcea45e0c"},"headline":"CCDR Algarve acolhe primeira reuni\u00e3o do grupo de trabalho nacional para a gest\u00e3o das macroalgas invasoras","datePublished":"2025-08-04T07:00:00+00:00","mainEntityOfPage":{"@id":"https:\/\/algarve7.pt\/index.php\/2025\/08\/ccdr-algarve-acolhe-primeira-reuniao-do-grupo-de-trabalho-nacional-para-a-gestao-das-macroalgas-invasoras\/ambiente\/08\/00\/"},"wordCount":539,"publisher":{"@id":"https:\/\/algarve7.pt\/#organization"},"image":{"@id":"https:\/\/algarve7.pt\/index.php\/2025\/08\/ccdr-algarve-acolhe-primeira-reuniao-do-grupo-de-trabalho-nacional-para-a-gestao-das-macroalgas-invasoras\/ambiente\/08\/00\/#primaryimage"},"thumbnailUrl":"https:\/\/algarve7.pt\/wp-content\/uploads\/2025\/08\/GTMacroAlgas01.jpeg","keywords":["Algarve","Ambiente","CCDR Algarve"],"articleSection":["Ambiente"],"inLanguage":"pt-PT"},{"@type":"WebPage","@id":"https:\/\/algarve7.pt\/index.php\/2025\/08\/ccdr-algarve-acolhe-primeira-reuniao-do-grupo-de-trabalho-nacional-para-a-gestao-das-macroalgas-invasoras\/ambiente\/08\/00\/","url":"https:\/\/algarve7.pt\/index.php\/2025\/08\/ccdr-algarve-acolhe-primeira-reuniao-do-grupo-de-trabalho-nacional-para-a-gestao-das-macroalgas-invasoras\/ambiente\/08\/00\/","name":"CCDR Algarve acolhe primeira reuni\u00e3o do grupo de trabalho nacional para a gest\u00e3o das macroalgas invasoras - Algarve 7","isPartOf":{"@id":"https:\/\/algarve7.pt\/#website"},"primaryImageOfPage":{"@id":"https:\/\/algarve7.pt\/index.php\/2025\/08\/ccdr-algarve-acolhe-primeira-reuniao-do-grupo-de-trabalho-nacional-para-a-gestao-das-macroalgas-invasoras\/ambiente\/08\/00\/#primaryimage"},"image":{"@id":"https:\/\/algarve7.pt\/index.php\/2025\/08\/ccdr-algarve-acolhe-primeira-reuniao-do-grupo-de-trabalho-nacional-para-a-gestao-das-macroalgas-invasoras\/ambiente\/08\/00\/#primaryimage"},"thumbnailUrl":"https:\/\/algarve7.pt\/wp-content\/uploads\/2025\/08\/GTMacroAlgas01.jpeg","datePublished":"2025-08-04T07:00:00+00:00","description":"CCDR Algarve acolhe primeira reuni\u00e3o do grupo de trabalho nacional para a gest\u00e3o das macroalgas invasoras Ambiente","breadcrumb":{"@id":"https:\/\/algarve7.pt\/index.php\/2025\/08\/ccdr-algarve-acolhe-primeira-reuniao-do-grupo-de-trabalho-nacional-para-a-gestao-das-macroalgas-invasoras\/ambiente\/08\/00\/#breadcrumb"},"inLanguage":"pt-PT","potentialAction":[{"@type":"ReadAction","target":["https:\/\/algarve7.pt\/index.php\/2025\/08\/ccdr-algarve-acolhe-primeira-reuniao-do-grupo-de-trabalho-nacional-para-a-gestao-das-macroalgas-invasoras\/ambiente\/08\/00\/"]}]},{"@type":"ImageObject","inLanguage":"pt-PT","@id":"https:\/\/algarve7.pt\/index.php\/2025\/08\/ccdr-algarve-acolhe-primeira-reuniao-do-grupo-de-trabalho-nacional-para-a-gestao-das-macroalgas-invasoras\/ambiente\/08\/00\/#primaryimage","url":"https:\/\/algarve7.pt\/wp-content\/uploads\/2025\/08\/GTMacroAlgas01.jpeg","contentUrl":"https:\/\/algarve7.pt\/wp-content\/uploads\/2025\/08\/GTMacroAlgas01.jpeg","width":800,"height":500},{"@type":"BreadcrumbList","@id":"https:\/\/algarve7.pt\/index.php\/2025\/08\/ccdr-algarve-acolhe-primeira-reuniao-do-grupo-de-trabalho-nacional-para-a-gestao-das-macroalgas-invasoras\/ambiente\/08\/00\/#breadcrumb","itemListElement":[{"@type":"ListItem","position":1,"name":"In\u00edcio","item":"https:\/\/algarve7.pt\/"},{"@type":"ListItem","position":2,"name":"CCDR Algarve acolhe primeira reuni\u00e3o do grupo de trabalho nacional para a gest\u00e3o das macroalgas invasoras"}]},{"@type":"WebSite","@id":"https:\/\/algarve7.pt\/#website","url":"https:\/\/algarve7.pt\/","name":"Algarve 7","description":"Informa\u00e7\u00e3o sobre o Algarve","publisher":{"@id":"https:\/\/algarve7.pt\/#organization"},"potentialAction":[{"@type":"SearchAction","target":{"@type":"EntryPoint","urlTemplate":"https:\/\/algarve7.pt\/?s={search_term_string}"},"query-input":{"@type":"PropertyValueSpecification","valueRequired":true,"valueName":"search_term_string"}}],"inLanguage":"pt-PT"},{"@type":"Organization","@id":"https:\/\/algarve7.pt\/#organization","name":"Algarve 7","url":"https:\/\/algarve7.pt\/","logo":{"@type":"ImageObject","inLanguage":"pt-PT","@id":"https:\/\/algarve7.pt\/#\/schema\/logo\/image\/","url":"https:\/\/algarve7.pt\/wp-content\/uploads\/2020\/10\/Logo-8.jpg","contentUrl":"https:\/\/algarve7.pt\/wp-content\/uploads\/2020\/10\/Logo-8.jpg","width":1680,"height":1186,"caption":"Algarve 7"},"image":{"@id":"https:\/\/algarve7.pt\/#\/schema\/logo\/image\/"},"sameAs":["https:\/\/www.facebook.com\/algarve7","https:\/\/x.com\/Algarvesete","https:\/\/www.instagram.com\/jornalalgarve7\/","https:\/\/www.linkedin.com\/company\/algarve7","https:\/\/www.pinterest.pt\/geral0939\/_created\/"]},{"@type":"Person","@id":"https:\/\/algarve7.pt\/#\/schema\/person\/23fa70681308e7b319a3204bcea45e0c","name":"Algarve 7","sameAs":["https:\/\/algarve7.pt","https:\/\/www.facebook.com\/algarve7"],"url":"https:\/\/algarve7.pt\/index.php\/author\/geralalgarve7-pt\/"}]}},"jetpack_publicize_connections":[],"jetpack_featured_media_url":"https:\/\/algarve7.pt\/wp-content\/uploads\/2025\/08\/GTMacroAlgas01.jpeg","jetpack_shortlink":"https:\/\/wp.me\/pcezmW-dMj","jetpack_sharing_enabled":true,"_links":{"self":[{"href":"https:\/\/algarve7.pt\/index.php\/wp-json\/wp\/v2\/posts\/52967","targetHints":{"allow":["GET"]}}],"collection":[{"href":"https:\/\/algarve7.pt\/index.php\/wp-json\/wp\/v2\/posts"}],"about":[{"href":"https:\/\/algarve7.pt\/index.php\/wp-json\/wp\/v2\/types\/post"}],"author":[{"embeddable":true,"href":"https:\/\/algarve7.pt\/index.php\/wp-json\/wp\/v2\/users\/1"}],"replies":[{"embeddable":true,"href":"https:\/\/algarve7.pt\/index.php\/wp-json\/wp\/v2\/comments?post=52967"}],"version-history":[{"count":0,"href":"https:\/\/algarve7.pt\/index.php\/wp-json\/wp\/v2\/posts\/52967\/revisions"}],"wp:featuredmedia":[{"embeddable":true,"href":"https:\/\/algarve7.pt\/index.php\/wp-json\/wp\/v2\/media\/52968"}],"wp:attachment":[{"href":"https:\/\/algarve7.pt\/index.php\/wp-json\/wp\/v2\/media?parent=52967"}],"wp:term":[{"taxonomy":"category","embeddable":true,"href":"https:\/\/algarve7.pt\/index.php\/wp-json\/wp\/v2\/categories?post=52967"},{"taxonomy":"post_tag","embeddable":true,"href":"https:\/\/algarve7.pt\/index.php\/wp-json\/wp\/v2\/tags?post=52967"}],"curies":[{"name":"wp","href":"https:\/\/api.w.org\/{rel}","templated":true}]}}