{"id":52952,"date":"2025-08-03T20:14:49","date_gmt":"2025-08-03T19:14:49","guid":{"rendered":"https:\/\/algarve7.pt\/?p=52952"},"modified":"2025-08-03T20:14:54","modified_gmt":"2025-08-03T19:14:54","slug":"campanha-da-gnr-roadpol-velocidade-2","status":"publish","type":"post","link":"https:\/\/algarve7.pt\/index.php\/2025\/08\/campanha-da-gnr-roadpol-velocidade-2\/nacional\/20\/14\/","title":{"rendered":"Campanha da GNR \u201cRoadPol \u2013 Velocidade\u201d"},"content":{"rendered":"\n<p>A Guarda Nacional Republicana (GNR), entre os dias 4 e 10 de agosto, realiza, uma opera\u00e7\u00e3o de fiscaliza\u00e7\u00e3o rodovi\u00e1ria, direcionada para o controlo de velocidade, focando-se nas vias mais cr\u00edticas sob a sua responsabilidade, onde se verifica uma maior incid\u00eancia na sinistralidade e incumprimento dos limites de velocidade, com o objetivo de promover a seguran\u00e7a rodovi\u00e1ria, em todo o territ\u00f3rio nacional continental.<\/p>\n\n\n\n<p>O excesso de velocidade\/velocidade<strong>&nbsp;<\/strong>excessiva continua a ser, em Portugal, uma das principais causas da sinistralidade rodovi\u00e1ria grave, seja pela diminui\u00e7\u00e3o do tempo de rea\u00e7\u00e3o do condutor para fazer face a um imprevisto ou pelo agravamento das suas consequ\u00eancias em resultado da maior viol\u00eancia do embate. \u00c9 tamb\u00e9m a infra\u00e7\u00e3o mais comum em todos os pa\u00edses europeus e a principal causa de morte nas estradas em toda&nbsp;a Europa.&nbsp;Com esta a\u00e7\u00e3o, pretende-se sensibilizar a opini\u00e3o p\u00fablica para a import\u00e2ncia da ado\u00e7\u00e3o de comportamentos mais seguros por parte dos condutores profissionais, tendo em vista a promo\u00e7\u00e3o da seguran\u00e7a rodovi\u00e1ria e a salvaguarda de vidas humanas.<\/p>\n\n\n\n<p>Relativamente ao&nbsp;<strong>controlo de velocidade<\/strong>, durante o&nbsp;<strong>ano de 2024<\/strong>, a GNR controlou&nbsp;<strong>13&nbsp;151&nbsp;582<\/strong>&nbsp;<strong>ve\u00edculos<\/strong>&nbsp;e registou&nbsp;<strong>9&nbsp;644 em excesso de velocidade<\/strong>. Por este motivo, com esta a\u00e7\u00e3o, pretende-se tamb\u00e9m sensibilizar os condutores, para a import\u00e2ncia da ado\u00e7\u00e3o de comportamentos mais seguros, tendo em vista a promo\u00e7\u00e3o da seguran\u00e7a rodovi\u00e1ria e a salvaguarda de vidas humanas.<\/p>\n\n\n\n<p>Esta opera\u00e7\u00e3o decorre no \u00e2mbito da Rede Europeia de Pol\u00edcias de Tr\u00e2nsito (RoadPol), organiza\u00e7\u00e3o que foi estabelecida pelas pol\u00edcias de tr\u00e2nsito da Europa, com a finalidade de melhorar a seguran\u00e7a rodovi\u00e1ria e o cumprimento das normas rodovi\u00e1rias. No final de 2021, a GNR tornou-se membro da RoadPol, passando a integrar no seu planeamento operacional, as opera\u00e7\u00f5es planeadas pela referida organiza\u00e7\u00e3o. Neste \u00e2mbito a RoadPol estabeleceu quatro \u00e1reas de atua\u00e7\u00e3o priorit\u00e1rias no \u00e2mbito da seguran\u00e7a rodovi\u00e1ria: as estradas, os ve\u00edculos, os utilizadores e a velocidade. \u00c0 semelhan\u00e7a de anos anteriores, a Roadpol elaborou um planeamento de opera\u00e7\u00f5es de fiscaliza\u00e7\u00e3o de \u00e2mbito rodovi\u00e1rio para o corrente ano.&nbsp;<\/p>\n\n\n\n<p>Estas opera\u00e7\u00f5es de \u00e2mbito europeu t\u00eam como principal finalidade a cria\u00e7\u00e3o de um ambiente rodovi\u00e1rio mais seguro, atrav\u00e9s de uma interven\u00e7\u00e3o simult\u00e2nea sobre as principais causas de acidentes procurando influenciar positivamente os utilizadores das vias a adotarem comportamentos mais seguros.<\/p>\n","protected":false},"excerpt":{"rendered":"<p>A Guarda Nacional Republicana (GNR), entre os dias 4 e 10 de agosto, realiza, uma opera\u00e7\u00e3o de fiscaliza\u00e7\u00e3o rodovi\u00e1ria, direcionada<\/p>\n","protected":false},"author":1,"featured_media":52953,"comment_status":"closed","ping_status":"closed","sticky":false,"template":"","format":"standard","meta":{"colormag_page_container_layout":"default_layout","colormag_page_sidebar_layout":"default_layout","_monsterinsights_skip_tracking":false,"_monsterinsights_sitenote_active":false,"_monsterinsights_sitenote_note":"","_monsterinsights_sitenote_category":0,"jetpack_post_was_ever_published":false,"_jetpack_newsletter_access":"","_jetpack_dont_email_post_to_subs":false,"_jetpack_newsletter_tier_id":0,"_jetpack_memberships_contains_paywalled_content":false,"_jetpack_memberships_contains_paid_content":false,"footnotes":"","jetpack_publicize_message":"","jetpack_publicize_feature_enabled":true,"jetpack_social_post_already_shared":false,"jetpack_social_options":{"image_generator_settings":{"template":"highway","default_image_id":0,"font":"","enabled":false},"version":2}},"categories":[189],"tags":[140,98],"class_list":["post-52952","post","type-post","status-publish","format-standard","has-post-thumbnail","hentry","category-nacional","tag-gnr","tag-nacional"],"yoast_head":"<!-- This site is optimized with the Yoast SEO plugin v27.5 - https:\/\/yoast.com\/product\/yoast-seo-wordpress\/ -->\n<title>Campanha da GNR \u201cRoadPol \u2013 Velocidade\u201d - Algarve 7<\/title>\n<meta name=\"description\" content=\"Campanha da GNR \u201cRoadPol \u2013 Velocidade\u201d Nacional\" \/>\n<meta name=\"robots\" content=\"index, follow, max-snippet:-1, max-image-preview:large, max-video-preview:-1\" \/>\n<link rel=\"canonical\" href=\"https:\/\/algarve7.pt\/index.php\/2025\/08\/campanha-da-gnr-roadpol-velocidade-2\/nacional\/20\/14\/\" \/>\n<meta property=\"og:locale\" content=\"pt_PT\" \/>\n<meta property=\"og:type\" content=\"article\" \/>\n<meta property=\"og:title\" content=\"Campanha da GNR \u201cRoadPol \u2013 Velocidade\u201d - Algarve 7\" \/>\n<meta property=\"og:description\" content=\"Campanha da GNR \u201cRoadPol \u2013 Velocidade\u201d Nacional\" \/>\n<meta property=\"og:url\" content=\"https:\/\/algarve7.pt\/index.php\/2025\/08\/campanha-da-gnr-roadpol-velocidade-2\/nacional\/20\/14\/\" \/>\n<meta property=\"og:site_name\" content=\"Algarve 7\" \/>\n<meta property=\"article:publisher\" content=\"https:\/\/www.facebook.com\/algarve7\" \/>\n<meta property=\"article:author\" content=\"https:\/\/www.facebook.com\/algarve7\" \/>\n<meta property=\"article:published_time\" content=\"2025-08-03T19:14:49+00:00\" \/>\n<meta property=\"article:modified_time\" content=\"2025-08-03T19:14:54+00:00\" \/>\n<meta property=\"og:image\" content=\"https:\/\/algarve7.pt\/wp-content\/uploads\/2025\/08\/Captura-de-ecra-2025-08-03-as-20.11.47.png\" \/>\n\t<meta property=\"og:image:width\" content=\"800\" \/>\n\t<meta property=\"og:image:height\" content=\"500\" \/>\n\t<meta property=\"og:image:type\" content=\"image\/png\" \/>\n<meta name=\"author\" content=\"Algarve 7\" \/>\n<meta name=\"twitter:card\" content=\"summary_large_image\" \/>\n<meta name=\"twitter:creator\" content=\"@Algarvesete\" \/>\n<meta name=\"twitter:site\" content=\"@Algarvesete\" \/>\n<meta name=\"twitter:label1\" content=\"Escrito por\" \/>\n\t<meta name=\"twitter:data1\" content=\"Algarve 7\" \/>\n\t<meta name=\"twitter:label2\" content=\"Tempo estimado de leitura\" \/>\n\t<meta name=\"twitter:data2\" content=\"3 minutos\" \/>\n<script type=\"application\/ld+json\" class=\"yoast-schema-graph\">{\"@context\":\"https:\\\/\\\/schema.org\",\"@graph\":[{\"@type\":\"Article\",\"@id\":\"https:\\\/\\\/algarve7.pt\\\/index.php\\\/2025\\\/08\\\/campanha-da-gnr-roadpol-velocidade-2\\\/nacional\\\/20\\\/14\\\/#article\",\"isPartOf\":{\"@id\":\"https:\\\/\\\/algarve7.pt\\\/index.php\\\/2025\\\/08\\\/campanha-da-gnr-roadpol-velocidade-2\\\/nacional\\\/20\\\/14\\\/\"},\"author\":{\"name\":\"Algarve 7\",\"@id\":\"https:\\\/\\\/algarve7.pt\\\/#\\\/schema\\\/person\\\/23fa70681308e7b319a3204bcea45e0c\"},\"headline\":\"Campanha da GNR \u201cRoadPol \u2013 Velocidade\u201d\",\"datePublished\":\"2025-08-03T19:14:49+00:00\",\"dateModified\":\"2025-08-03T19:14:54+00:00\",\"mainEntityOfPage\":{\"@id\":\"https:\\\/\\\/algarve7.pt\\\/index.php\\\/2025\\\/08\\\/campanha-da-gnr-roadpol-velocidade-2\\\/nacional\\\/20\\\/14\\\/\"},\"wordCount\":438,\"publisher\":{\"@id\":\"https:\\\/\\\/algarve7.pt\\\/#organization\"},\"image\":{\"@id\":\"https:\\\/\\\/algarve7.pt\\\/index.php\\\/2025\\\/08\\\/campanha-da-gnr-roadpol-velocidade-2\\\/nacional\\\/20\\\/14\\\/#primaryimage\"},\"thumbnailUrl\":\"https:\\\/\\\/algarve7.pt\\\/wp-content\\\/uploads\\\/2025\\\/08\\\/Captura-de-ecra-2025-08-03-as-20.11.47.png\",\"keywords\":[\"GNR\",\"Nacional\"],\"articleSection\":[\"Nacional\"],\"inLanguage\":\"pt-PT\"},{\"@type\":\"WebPage\",\"@id\":\"https:\\\/\\\/algarve7.pt\\\/index.php\\\/2025\\\/08\\\/campanha-da-gnr-roadpol-velocidade-2\\\/nacional\\\/20\\\/14\\\/\",\"url\":\"https:\\\/\\\/algarve7.pt\\\/index.php\\\/2025\\\/08\\\/campanha-da-gnr-roadpol-velocidade-2\\\/nacional\\\/20\\\/14\\\/\",\"name\":\"Campanha da GNR \u201cRoadPol \u2013 Velocidade\u201d - Algarve 7\",\"isPartOf\":{\"@id\":\"https:\\\/\\\/algarve7.pt\\\/#website\"},\"primaryImageOfPage\":{\"@id\":\"https:\\\/\\\/algarve7.pt\\\/index.php\\\/2025\\\/08\\\/campanha-da-gnr-roadpol-velocidade-2\\\/nacional\\\/20\\\/14\\\/#primaryimage\"},\"image\":{\"@id\":\"https:\\\/\\\/algarve7.pt\\\/index.php\\\/2025\\\/08\\\/campanha-da-gnr-roadpol-velocidade-2\\\/nacional\\\/20\\\/14\\\/#primaryimage\"},\"thumbnailUrl\":\"https:\\\/\\\/algarve7.pt\\\/wp-content\\\/uploads\\\/2025\\\/08\\\/Captura-de-ecra-2025-08-03-as-20.11.47.png\",\"datePublished\":\"2025-08-03T19:14:49+00:00\",\"dateModified\":\"2025-08-03T19:14:54+00:00\",\"description\":\"Campanha da GNR \u201cRoadPol \u2013 Velocidade\u201d Nacional\",\"breadcrumb\":{\"@id\":\"https:\\\/\\\/algarve7.pt\\\/index.php\\\/2025\\\/08\\\/campanha-da-gnr-roadpol-velocidade-2\\\/nacional\\\/20\\\/14\\\/#breadcrumb\"},\"inLanguage\":\"pt-PT\",\"potentialAction\":[{\"@type\":\"ReadAction\",\"target\":[\"https:\\\/\\\/algarve7.pt\\\/index.php\\\/2025\\\/08\\\/campanha-da-gnr-roadpol-velocidade-2\\\/nacional\\\/20\\\/14\\\/\"]}]},{\"@type\":\"ImageObject\",\"inLanguage\":\"pt-PT\",\"@id\":\"https:\\\/\\\/algarve7.pt\\\/index.php\\\/2025\\\/08\\\/campanha-da-gnr-roadpol-velocidade-2\\\/nacional\\\/20\\\/14\\\/#primaryimage\",\"url\":\"https:\\\/\\\/algarve7.pt\\\/wp-content\\\/uploads\\\/2025\\\/08\\\/Captura-de-ecra-2025-08-03-as-20.11.47.png\",\"contentUrl\":\"https:\\\/\\\/algarve7.pt\\\/wp-content\\\/uploads\\\/2025\\\/08\\\/Captura-de-ecra-2025-08-03-as-20.11.47.png\",\"width\":800,\"height\":500},{\"@type\":\"BreadcrumbList\",\"@id\":\"https:\\\/\\\/algarve7.pt\\\/index.php\\\/2025\\\/08\\\/campanha-da-gnr-roadpol-velocidade-2\\\/nacional\\\/20\\\/14\\\/#breadcrumb\",\"itemListElement\":[{\"@type\":\"ListItem\",\"position\":1,\"name\":\"In\u00edcio\",\"item\":\"https:\\\/\\\/algarve7.pt\\\/\"},{\"@type\":\"ListItem\",\"position\":2,\"name\":\"Campanha da GNR \u201cRoadPol \u2013 Velocidade\u201d\"}]},{\"@type\":\"WebSite\",\"@id\":\"https:\\\/\\\/algarve7.pt\\\/#website\",\"url\":\"https:\\\/\\\/algarve7.pt\\\/\",\"name\":\"Algarve 7\",\"description\":\"Informa\u00e7\u00e3o sobre o Algarve\",\"publisher\":{\"@id\":\"https:\\\/\\\/algarve7.pt\\\/#organization\"},\"potentialAction\":[{\"@type\":\"SearchAction\",\"target\":{\"@type\":\"EntryPoint\",\"urlTemplate\":\"https:\\\/\\\/algarve7.pt\\\/?s={search_term_string}\"},\"query-input\":{\"@type\":\"PropertyValueSpecification\",\"valueRequired\":true,\"valueName\":\"search_term_string\"}}],\"inLanguage\":\"pt-PT\"},{\"@type\":\"Organization\",\"@id\":\"https:\\\/\\\/algarve7.pt\\\/#organization\",\"name\":\"Algarve 7\",\"url\":\"https:\\\/\\\/algarve7.pt\\\/\",\"logo\":{\"@type\":\"ImageObject\",\"inLanguage\":\"pt-PT\",\"@id\":\"https:\\\/\\\/algarve7.pt\\\/#\\\/schema\\\/logo\\\/image\\\/\",\"url\":\"https:\\\/\\\/algarve7.pt\\\/wp-content\\\/uploads\\\/2020\\\/10\\\/Logo-8.jpg\",\"contentUrl\":\"https:\\\/\\\/algarve7.pt\\\/wp-content\\\/uploads\\\/2020\\\/10\\\/Logo-8.jpg\",\"width\":1680,\"height\":1186,\"caption\":\"Algarve 7\"},\"image\":{\"@id\":\"https:\\\/\\\/algarve7.pt\\\/#\\\/schema\\\/logo\\\/image\\\/\"},\"sameAs\":[\"https:\\\/\\\/www.facebook.com\\\/algarve7\",\"https:\\\/\\\/x.com\\\/Algarvesete\",\"https:\\\/\\\/www.instagram.com\\\/jornalalgarve7\\\/\",\"https:\\\/\\\/www.linkedin.com\\\/company\\\/algarve7\",\"https:\\\/\\\/www.pinterest.pt\\\/geral0939\\\/_created\\\/\"]},{\"@type\":\"Person\",\"@id\":\"https:\\\/\\\/algarve7.pt\\\/#\\\/schema\\\/person\\\/23fa70681308e7b319a3204bcea45e0c\",\"name\":\"Algarve 7\",\"sameAs\":[\"https:\\\/\\\/algarve7.pt\",\"https:\\\/\\\/www.facebook.com\\\/algarve7\"],\"url\":\"https:\\\/\\\/algarve7.pt\\\/index.php\\\/author\\\/geralalgarve7-pt\\\/\"}]}<\/script>\n<!-- \/ Yoast SEO plugin. -->","yoast_head_json":{"title":"Campanha da GNR \u201cRoadPol \u2013 Velocidade\u201d - Algarve 7","description":"Campanha da GNR \u201cRoadPol \u2013 Velocidade\u201d Nacional","robots":{"index":"index","follow":"follow","max-snippet":"max-snippet:-1","max-image-preview":"max-image-preview:large","max-video-preview":"max-video-preview:-1"},"canonical":"https:\/\/algarve7.pt\/index.php\/2025\/08\/campanha-da-gnr-roadpol-velocidade-2\/nacional\/20\/14\/","og_locale":"pt_PT","og_type":"article","og_title":"Campanha da GNR \u201cRoadPol \u2013 Velocidade\u201d - Algarve 7","og_description":"Campanha da GNR \u201cRoadPol \u2013 Velocidade\u201d Nacional","og_url":"https:\/\/algarve7.pt\/index.php\/2025\/08\/campanha-da-gnr-roadpol-velocidade-2\/nacional\/20\/14\/","og_site_name":"Algarve 7","article_publisher":"https:\/\/www.facebook.com\/algarve7","article_author":"https:\/\/www.facebook.com\/algarve7","article_published_time":"2025-08-03T19:14:49+00:00","article_modified_time":"2025-08-03T19:14:54+00:00","og_image":[{"width":800,"height":500,"url":"https:\/\/algarve7.pt\/wp-content\/uploads\/2025\/08\/Captura-de-ecra-2025-08-03-as-20.11.47.png","type":"image\/png"}],"author":"Algarve 7","twitter_card":"summary_large_image","twitter_creator":"@Algarvesete","twitter_site":"@Algarvesete","twitter_misc":{"Escrito por":"Algarve 7","Tempo estimado de leitura":"3 minutos"},"schema":{"@context":"https:\/\/schema.org","@graph":[{"@type":"Article","@id":"https:\/\/algarve7.pt\/index.php\/2025\/08\/campanha-da-gnr-roadpol-velocidade-2\/nacional\/20\/14\/#article","isPartOf":{"@id":"https:\/\/algarve7.pt\/index.php\/2025\/08\/campanha-da-gnr-roadpol-velocidade-2\/nacional\/20\/14\/"},"author":{"name":"Algarve 7","@id":"https:\/\/algarve7.pt\/#\/schema\/person\/23fa70681308e7b319a3204bcea45e0c"},"headline":"Campanha da GNR \u201cRoadPol \u2013 Velocidade\u201d","datePublished":"2025-08-03T19:14:49+00:00","dateModified":"2025-08-03T19:14:54+00:00","mainEntityOfPage":{"@id":"https:\/\/algarve7.pt\/index.php\/2025\/08\/campanha-da-gnr-roadpol-velocidade-2\/nacional\/20\/14\/"},"wordCount":438,"publisher":{"@id":"https:\/\/algarve7.pt\/#organization"},"image":{"@id":"https:\/\/algarve7.pt\/index.php\/2025\/08\/campanha-da-gnr-roadpol-velocidade-2\/nacional\/20\/14\/#primaryimage"},"thumbnailUrl":"https:\/\/algarve7.pt\/wp-content\/uploads\/2025\/08\/Captura-de-ecra-2025-08-03-as-20.11.47.png","keywords":["GNR","Nacional"],"articleSection":["Nacional"],"inLanguage":"pt-PT"},{"@type":"WebPage","@id":"https:\/\/algarve7.pt\/index.php\/2025\/08\/campanha-da-gnr-roadpol-velocidade-2\/nacional\/20\/14\/","url":"https:\/\/algarve7.pt\/index.php\/2025\/08\/campanha-da-gnr-roadpol-velocidade-2\/nacional\/20\/14\/","name":"Campanha da GNR \u201cRoadPol \u2013 Velocidade\u201d - Algarve 7","isPartOf":{"@id":"https:\/\/algarve7.pt\/#website"},"primaryImageOfPage":{"@id":"https:\/\/algarve7.pt\/index.php\/2025\/08\/campanha-da-gnr-roadpol-velocidade-2\/nacional\/20\/14\/#primaryimage"},"image":{"@id":"https:\/\/algarve7.pt\/index.php\/2025\/08\/campanha-da-gnr-roadpol-velocidade-2\/nacional\/20\/14\/#primaryimage"},"thumbnailUrl":"https:\/\/algarve7.pt\/wp-content\/uploads\/2025\/08\/Captura-de-ecra-2025-08-03-as-20.11.47.png","datePublished":"2025-08-03T19:14:49+00:00","dateModified":"2025-08-03T19:14:54+00:00","description":"Campanha da GNR \u201cRoadPol \u2013 Velocidade\u201d Nacional","breadcrumb":{"@id":"https:\/\/algarve7.pt\/index.php\/2025\/08\/campanha-da-gnr-roadpol-velocidade-2\/nacional\/20\/14\/#breadcrumb"},"inLanguage":"pt-PT","potentialAction":[{"@type":"ReadAction","target":["https:\/\/algarve7.pt\/index.php\/2025\/08\/campanha-da-gnr-roadpol-velocidade-2\/nacional\/20\/14\/"]}]},{"@type":"ImageObject","inLanguage":"pt-PT","@id":"https:\/\/algarve7.pt\/index.php\/2025\/08\/campanha-da-gnr-roadpol-velocidade-2\/nacional\/20\/14\/#primaryimage","url":"https:\/\/algarve7.pt\/wp-content\/uploads\/2025\/08\/Captura-de-ecra-2025-08-03-as-20.11.47.png","contentUrl":"https:\/\/algarve7.pt\/wp-content\/uploads\/2025\/08\/Captura-de-ecra-2025-08-03-as-20.11.47.png","width":800,"height":500},{"@type":"BreadcrumbList","@id":"https:\/\/algarve7.pt\/index.php\/2025\/08\/campanha-da-gnr-roadpol-velocidade-2\/nacional\/20\/14\/#breadcrumb","itemListElement":[{"@type":"ListItem","position":1,"name":"In\u00edcio","item":"https:\/\/algarve7.pt\/"},{"@type":"ListItem","position":2,"name":"Campanha da GNR \u201cRoadPol \u2013 Velocidade\u201d"}]},{"@type":"WebSite","@id":"https:\/\/algarve7.pt\/#website","url":"https:\/\/algarve7.pt\/","name":"Algarve 7","description":"Informa\u00e7\u00e3o sobre o Algarve","publisher":{"@id":"https:\/\/algarve7.pt\/#organization"},"potentialAction":[{"@type":"SearchAction","target":{"@type":"EntryPoint","urlTemplate":"https:\/\/algarve7.pt\/?s={search_term_string}"},"query-input":{"@type":"PropertyValueSpecification","valueRequired":true,"valueName":"search_term_string"}}],"inLanguage":"pt-PT"},{"@type":"Organization","@id":"https:\/\/algarve7.pt\/#organization","name":"Algarve 7","url":"https:\/\/algarve7.pt\/","logo":{"@type":"ImageObject","inLanguage":"pt-PT","@id":"https:\/\/algarve7.pt\/#\/schema\/logo\/image\/","url":"https:\/\/algarve7.pt\/wp-content\/uploads\/2020\/10\/Logo-8.jpg","contentUrl":"https:\/\/algarve7.pt\/wp-content\/uploads\/2020\/10\/Logo-8.jpg","width":1680,"height":1186,"caption":"Algarve 7"},"image":{"@id":"https:\/\/algarve7.pt\/#\/schema\/logo\/image\/"},"sameAs":["https:\/\/www.facebook.com\/algarve7","https:\/\/x.com\/Algarvesete","https:\/\/www.instagram.com\/jornalalgarve7\/","https:\/\/www.linkedin.com\/company\/algarve7","https:\/\/www.pinterest.pt\/geral0939\/_created\/"]},{"@type":"Person","@id":"https:\/\/algarve7.pt\/#\/schema\/person\/23fa70681308e7b319a3204bcea45e0c","name":"Algarve 7","sameAs":["https:\/\/algarve7.pt","https:\/\/www.facebook.com\/algarve7"],"url":"https:\/\/algarve7.pt\/index.php\/author\/geralalgarve7-pt\/"}]}},"jetpack_publicize_connections":[],"jetpack_featured_media_url":"https:\/\/algarve7.pt\/wp-content\/uploads\/2025\/08\/Captura-de-ecra-2025-08-03-as-20.11.47.png","jetpack_shortlink":"https:\/\/wp.me\/pcezmW-dM4","jetpack_sharing_enabled":true,"_links":{"self":[{"href":"https:\/\/algarve7.pt\/index.php\/wp-json\/wp\/v2\/posts\/52952","targetHints":{"allow":["GET"]}}],"collection":[{"href":"https:\/\/algarve7.pt\/index.php\/wp-json\/wp\/v2\/posts"}],"about":[{"href":"https:\/\/algarve7.pt\/index.php\/wp-json\/wp\/v2\/types\/post"}],"author":[{"embeddable":true,"href":"https:\/\/algarve7.pt\/index.php\/wp-json\/wp\/v2\/users\/1"}],"replies":[{"embeddable":true,"href":"https:\/\/algarve7.pt\/index.php\/wp-json\/wp\/v2\/comments?post=52952"}],"version-history":[{"count":0,"href":"https:\/\/algarve7.pt\/index.php\/wp-json\/wp\/v2\/posts\/52952\/revisions"}],"wp:featuredmedia":[{"embeddable":true,"href":"https:\/\/algarve7.pt\/index.php\/wp-json\/wp\/v2\/media\/52953"}],"wp:attachment":[{"href":"https:\/\/algarve7.pt\/index.php\/wp-json\/wp\/v2\/media?parent=52952"}],"wp:term":[{"taxonomy":"category","embeddable":true,"href":"https:\/\/algarve7.pt\/index.php\/wp-json\/wp\/v2\/categories?post=52952"},{"taxonomy":"post_tag","embeddable":true,"href":"https:\/\/algarve7.pt\/index.php\/wp-json\/wp\/v2\/tags?post=52952"}],"curies":[{"name":"wp","href":"https:\/\/api.w.org\/{rel}","templated":true}]}}