{"id":52938,"date":"2025-08-03T10:55:00","date_gmt":"2025-08-03T09:55:00","guid":{"rendered":"https:\/\/algarve7.pt\/?p=52938"},"modified":"2025-08-01T08:24:02","modified_gmt":"2025-08-01T07:24:02","slug":"investigadores-da-universidade-de-coimbra-estudam-solucoes-para-tornar-as-cidades-mediterranicas-mais-frescas","status":"publish","type":"post","link":"https:\/\/algarve7.pt\/index.php\/2025\/08\/investigadores-da-universidade-de-coimbra-estudam-solucoes-para-tornar-as-cidades-mediterranicas-mais-frescas\/ambiente\/10\/55\/","title":{"rendered":"Investigadores da Universidade de Coimbra estudam solu\u00e7\u00f5es para tornar as cidades mediterr\u00e2nicas mais frescas"},"content":{"rendered":"\n<p>\u00c9 com o objetivo central de reduzir o impacto do calor extremo sobre visitantes e residentes \u2013 tornando as cidades mais frescas \u2013 que est\u00e1 em curso, em cinco cidades da Europa, o projeto<em>&nbsp;Cool Noons<\/em>, que conta com a coordena\u00e7\u00e3o cient\u00edfica de uma equipa de investiga\u00e7\u00e3o da Universidade de Coimbra (UC).&nbsp;<\/p>\n\n\n\n<p>A cidade de Lisboa \u00e9 um dos casos em an\u00e1lise neste projeto, estando a decorrer na capital portuguesa um estudo-piloto para potenciar os chamados \u201ccaminhos frescos\u201d \u2013 percursos em que a exist\u00eancia de jardins e de sombra proporcionam uma experi\u00eancia mais agrad\u00e1vel a residentes e turistas.<\/p>\n\n\n\n<p>\u201cCom as ondas de calor cada vez mais intensas e frequentes, as cidades enfrentam um cen\u00e1rio de risco para o turismo e para qualidade de vida urbana, em particular, as atividades ao ar livre, como \u00e9 o caso das atividades tur\u00edsticas ou de lazer\u201d, contextualiza a equipa de investiga\u00e7\u00e3o da UC, que \u00e9 liderada pela docente da Faculdade de Letras (FLUC) e investigadora do Centro de Estudos de Geografia e Ordenamento do Territ\u00f3rio (CEGOT), Ana Maria Caldeira.&nbsp;<\/p>\n\n\n\n<p>Perante este contexto, \u201c\u00e9 muito importante estudar o conforto t\u00e9rmico dos residentes e dos visitantes, particularmente nos meses de ver\u00e3o, com vista \u00e0 implementa\u00e7\u00e3o de medidas eficazes de refrescamento dos percursos urbanos mais utilizados, em particular nas horas mais quentes do dia, atrav\u00e9s de solu\u00e7\u00f5es inovadoras, de base natural\u201d, elucidam os especialistas em turismo e geografia f\u00edsica.&nbsp;<\/p>\n\n\n\n<p>No estudo-piloto portugu\u00eas, a equipa da UC tem vindo a colaborar com a C\u00e2mara Municipal de Lisboa quer no estudo do impacto dos caminhos frescos selecionados pela autarquia, quer no teste de solu\u00e7\u00f5es de refrescamento que v\u00e3o ser iniciadas em breve em Alvalade e em Monsanto. Assim, os investigadores da UC t\u00eam acompanhado a recolha de dados relativamente aos impactos da temperatura do ar sobre os visitantes da cidade e aos benef\u00edcios destes \u201ccaminhos frescos\u201d, junto de turistas e residentes. Posteriormente, v\u00e3o tamb\u00e9m coordenar a avalia\u00e7\u00e3o cient\u00edfica dos potenciais benef\u00edcios das interven\u00e7\u00f5es de teste a serem implementadas.<\/p>\n\n\n\n<p>Budva (Montenegro), Dubrovnik (Cro\u00e1cia), Imola (It\u00e1lia) e Marselha (Fran\u00e7a) s\u00e3o as quatro outras cidades integradas no projeto&nbsp;<em>Cool Noons<\/em>. Nestas cidades, est\u00e1 a decorrer tamb\u00e9m a identifica\u00e7\u00e3o e divulga\u00e7\u00e3o de percursos mais frescos, estando igualmente em curso \u201ca cria\u00e7\u00e3o de zonas pedonais sem tr\u00e1fego; a instala\u00e7\u00e3o de toldos de sombra; a planta\u00e7\u00e3o de \u00e1rvores; a coloca\u00e7\u00e3o de mesas de piquenique com prote\u00e7\u00e3o solar e de floreiras; e ainda o desenvolvimento de uma aplica\u00e7\u00e3o de realidade aumentada para atrair visitantes para espa\u00e7os de refrescamento, como forma de combater n\u00e3o apenas o calor, mas tamb\u00e9m o congestionamento das atra\u00e7\u00f5es centrais \u2013 que est\u00e1 a ser testada no Museu Mar\u00edtimo, em Dubrovnik\u201d, partilham os investigadores.<\/p>\n\n\n\n<p>O convite para integrar este projeto europeu surgiu a partir da investiga\u00e7\u00e3o de doutoramento de Ana Maria Caldeira, em que rastreou percursos de h\u00f3spedes de hot\u00e9is em Lisboa e encontrou evid\u00eancia cient\u00edfica de que o aumento da temperatura m\u00e1xima di\u00e1ria tem impacto negativo sobre a experi\u00eancia e satisfa\u00e7\u00e3o dos participantes no estudo. Agora, com o projeto&nbsp;<em>Cool Noons<\/em>, \u201ctemos a oportunidade de transformar a ci\u00eancia em a\u00e7\u00e3o, testando solu\u00e7\u00f5es de adapta\u00e7\u00e3o \u00e0s ondas de calor para todas as pessoas que vivem Nestas cidades, residentes e visitantes\u201d, sublinha a coordenadora do projeto em Portugal.<\/p>\n\n\n\n<p>A equipa da UC espera que este projeto possa contribuir para pensar o futuro das cidades, nomeadamente \u201csolu\u00e7\u00f5es de adapta\u00e7\u00e3o e, de modo mais abrangente, gerar conhecimento para auxiliar processos de decis\u00e3o operacional ou estrat\u00e9gica no contexto das a\u00e7\u00f5es de planeamento e ordenamento urbano\u201d.&nbsp;<\/p>\n\n\n\n<p>Os cientistas sublinham ainda o papel vital dos espa\u00e7os verdes, que \u201cpodem funcionar como ref\u00fagios de frescura em \u00e1reas urbanas severamente afetadas por ondas de calor, oferecendo n\u00e3o apenas uma experi\u00eancia cultural e paisag\u00edstica \u00fanica, mas tamb\u00e9m condi\u00e7\u00f5es para reduzir o desconforto t\u00e9rmico de visitantes e residentes\u201d.&nbsp;<\/p>\n\n\n\n<p>\u201cEsperamos que os resultados do&nbsp;<em>Cool Noons<\/em>&nbsp;possam contribuir para a adapta\u00e7\u00e3o destas cidades \u00e0s altera\u00e7\u00f5es clim\u00e1ticas, como tamb\u00e9m em fornecer exemplos de iniciativas replic\u00e1veis em outras cidades do Mediterr\u00e2neo e de outras geografias que enfrentam desafios semelhantes\u201d, rematam.<\/p>\n\n\n\n<p>O&nbsp;<em>Cool Noons<\/em>&nbsp;\u00e9 financiado com mais de 1,8 milh\u00f5es de euros pelo programa&nbsp;<em>Interreg Euro-MED<\/em>, da Comiss\u00e3o Europeia, sendo liderado pela&nbsp;<strong>Ag\u00eancia das Cidades e Territ\u00f3rios Mediterr\u00e2nicos Sustent\u00e1veis (no original, Agence des Villes et Territoires M\u00e9diterran\u00e9ens Durables)<\/strong>&nbsp;e juntando&nbsp;nove parceiros de cinco pa\u00edses. O projeto vai estar em curso at\u00e9 setembro de 2026.<\/p>\n\n\n\n<p>Integram ainda este projeto outros docentes da FLUC&nbsp;e investigadores do CEGOT \u2013 Albano Figueiredo, L\u00facio Cunha, Susana Silva e Rui Ferreira \u2013 e a doutoranda Courtney Schilling.&nbsp;<\/p>\n\n\n\n<p>Mais informa\u00e7\u00f5es sobre o projeto est\u00e3o dispon\u00edveis em\u00a0<a href=\"https:\/\/coolnoons.interreg-euro-med.eu\/\" target=\"_blank\" rel=\"noreferrer noopener\">https:\/\/coolnoons.interreg-euro-med.eu\/<\/a>.\u00a0<\/p>\n\n\n\n<p>Fonte: Universidade de Coimbra\u00a0<\/p>\n","protected":false},"excerpt":{"rendered":"<p>\u00c9 com o objetivo central de reduzir o impacto do calor extremo sobre visitantes e residentes \u2013 tornando as cidades<\/p>\n","protected":false},"author":1,"featured_media":52939,"comment_status":"closed","ping_status":"closed","sticky":false,"template":"","format":"standard","meta":{"colormag_page_container_layout":"default_layout","colormag_page_sidebar_layout":"default_layout","_monsterinsights_skip_tracking":false,"_monsterinsights_sitenote_active":false,"_monsterinsights_sitenote_note":"","_monsterinsights_sitenote_category":0,"jetpack_post_was_ever_published":false,"_jetpack_newsletter_access":"","_jetpack_dont_email_post_to_subs":false,"_jetpack_newsletter_tier_id":0,"_jetpack_memberships_contains_paywalled_content":false,"_jetpack_memberships_contains_paid_content":false,"footnotes":"","jetpack_publicize_message":"","jetpack_publicize_feature_enabled":true,"jetpack_social_post_already_shared":false,"jetpack_social_options":{"image_generator_settings":{"template":"highway","default_image_id":0,"font":"","enabled":false},"version":2}},"categories":[5,189],"tags":[32,98,299],"class_list":["post-52938","post","type-post","status-publish","format-standard","has-post-thumbnail","hentry","category-ambiente","category-nacional","tag-ambiente","tag-nacional","tag-universidade-coimbra"],"yoast_head":"<!-- This site is optimized with the Yoast SEO plugin v27.5 - https:\/\/yoast.com\/product\/yoast-seo-wordpress\/ -->\n<title>Investigadores da Universidade de Coimbra estudam solu\u00e7\u00f5es para tornar as cidades mediterr\u00e2nicas mais frescas - Algarve 7<\/title>\n<meta name=\"description\" content=\"Investigadores da Universidade de Coimbra estudam solu\u00e7\u00f5es para tornar as cidades mediterr\u00e2nicas mais frescas Ambiente\" \/>\n<meta name=\"robots\" content=\"index, follow, max-snippet:-1, max-image-preview:large, max-video-preview:-1\" \/>\n<link rel=\"canonical\" href=\"https:\/\/algarve7.pt\/index.php\/2025\/08\/investigadores-da-universidade-de-coimbra-estudam-solucoes-para-tornar-as-cidades-mediterranicas-mais-frescas\/ambiente\/10\/55\/\" \/>\n<meta property=\"og:locale\" content=\"pt_PT\" \/>\n<meta property=\"og:type\" content=\"article\" \/>\n<meta property=\"og:title\" content=\"Investigadores da Universidade de Coimbra estudam solu\u00e7\u00f5es para tornar as cidades mediterr\u00e2nicas mais frescas - Algarve 7\" \/>\n<meta property=\"og:description\" content=\"Investigadores da Universidade de Coimbra estudam solu\u00e7\u00f5es para tornar as cidades mediterr\u00e2nicas mais frescas Ambiente\" \/>\n<meta property=\"og:url\" content=\"https:\/\/algarve7.pt\/index.php\/2025\/08\/investigadores-da-universidade-de-coimbra-estudam-solucoes-para-tornar-as-cidades-mediterranicas-mais-frescas\/ambiente\/10\/55\/\" \/>\n<meta property=\"og:site_name\" content=\"Algarve 7\" \/>\n<meta property=\"article:publisher\" content=\"https:\/\/www.facebook.com\/algarve7\" \/>\n<meta property=\"article:author\" content=\"https:\/\/www.facebook.com\/algarve7\" \/>\n<meta property=\"article:published_time\" content=\"2025-08-03T09:55:00+00:00\" \/>\n<meta property=\"og:image\" content=\"https:\/\/algarve7.pt\/wp-content\/uploads\/2025\/08\/Investigadores-do-projeto-CoolNoons.jpg\" \/>\n\t<meta property=\"og:image:width\" content=\"800\" \/>\n\t<meta property=\"og:image:height\" content=\"500\" \/>\n\t<meta property=\"og:image:type\" content=\"image\/jpeg\" \/>\n<meta name=\"author\" content=\"Algarve 7\" \/>\n<meta name=\"twitter:card\" content=\"summary_large_image\" \/>\n<meta name=\"twitter:creator\" content=\"@Algarvesete\" \/>\n<meta name=\"twitter:site\" content=\"@Algarvesete\" \/>\n<meta name=\"twitter:label1\" content=\"Escrito por\" \/>\n\t<meta name=\"twitter:data1\" content=\"Algarve 7\" \/>\n\t<meta name=\"twitter:label2\" content=\"Tempo estimado de leitura\" \/>\n\t<meta name=\"twitter:data2\" content=\"5 minutos\" \/>\n<script type=\"application\/ld+json\" class=\"yoast-schema-graph\">{\"@context\":\"https:\\\/\\\/schema.org\",\"@graph\":[{\"@type\":\"Article\",\"@id\":\"https:\\\/\\\/algarve7.pt\\\/index.php\\\/2025\\\/08\\\/investigadores-da-universidade-de-coimbra-estudam-solucoes-para-tornar-as-cidades-mediterranicas-mais-frescas\\\/ambiente\\\/10\\\/55\\\/#article\",\"isPartOf\":{\"@id\":\"https:\\\/\\\/algarve7.pt\\\/index.php\\\/2025\\\/08\\\/investigadores-da-universidade-de-coimbra-estudam-solucoes-para-tornar-as-cidades-mediterranicas-mais-frescas\\\/ambiente\\\/10\\\/55\\\/\"},\"author\":{\"name\":\"Algarve 7\",\"@id\":\"https:\\\/\\\/algarve7.pt\\\/#\\\/schema\\\/person\\\/23fa70681308e7b319a3204bcea45e0c\"},\"headline\":\"Investigadores da Universidade de Coimbra estudam solu\u00e7\u00f5es para tornar as cidades mediterr\u00e2nicas mais frescas\",\"datePublished\":\"2025-08-03T09:55:00+00:00\",\"mainEntityOfPage\":{\"@id\":\"https:\\\/\\\/algarve7.pt\\\/index.php\\\/2025\\\/08\\\/investigadores-da-universidade-de-coimbra-estudam-solucoes-para-tornar-as-cidades-mediterranicas-mais-frescas\\\/ambiente\\\/10\\\/55\\\/\"},\"wordCount\":875,\"publisher\":{\"@id\":\"https:\\\/\\\/algarve7.pt\\\/#organization\"},\"image\":{\"@id\":\"https:\\\/\\\/algarve7.pt\\\/index.php\\\/2025\\\/08\\\/investigadores-da-universidade-de-coimbra-estudam-solucoes-para-tornar-as-cidades-mediterranicas-mais-frescas\\\/ambiente\\\/10\\\/55\\\/#primaryimage\"},\"thumbnailUrl\":\"https:\\\/\\\/algarve7.pt\\\/wp-content\\\/uploads\\\/2025\\\/08\\\/Investigadores-do-projeto-CoolNoons.jpg\",\"keywords\":[\"Ambiente\",\"Nacional\",\"Universidade Coimbra\"],\"articleSection\":[\"Ambiente\",\"Nacional\"],\"inLanguage\":\"pt-PT\"},{\"@type\":\"WebPage\",\"@id\":\"https:\\\/\\\/algarve7.pt\\\/index.php\\\/2025\\\/08\\\/investigadores-da-universidade-de-coimbra-estudam-solucoes-para-tornar-as-cidades-mediterranicas-mais-frescas\\\/ambiente\\\/10\\\/55\\\/\",\"url\":\"https:\\\/\\\/algarve7.pt\\\/index.php\\\/2025\\\/08\\\/investigadores-da-universidade-de-coimbra-estudam-solucoes-para-tornar-as-cidades-mediterranicas-mais-frescas\\\/ambiente\\\/10\\\/55\\\/\",\"name\":\"Investigadores da Universidade de Coimbra estudam solu\u00e7\u00f5es para tornar as cidades mediterr\u00e2nicas mais frescas - Algarve 7\",\"isPartOf\":{\"@id\":\"https:\\\/\\\/algarve7.pt\\\/#website\"},\"primaryImageOfPage\":{\"@id\":\"https:\\\/\\\/algarve7.pt\\\/index.php\\\/2025\\\/08\\\/investigadores-da-universidade-de-coimbra-estudam-solucoes-para-tornar-as-cidades-mediterranicas-mais-frescas\\\/ambiente\\\/10\\\/55\\\/#primaryimage\"},\"image\":{\"@id\":\"https:\\\/\\\/algarve7.pt\\\/index.php\\\/2025\\\/08\\\/investigadores-da-universidade-de-coimbra-estudam-solucoes-para-tornar-as-cidades-mediterranicas-mais-frescas\\\/ambiente\\\/10\\\/55\\\/#primaryimage\"},\"thumbnailUrl\":\"https:\\\/\\\/algarve7.pt\\\/wp-content\\\/uploads\\\/2025\\\/08\\\/Investigadores-do-projeto-CoolNoons.jpg\",\"datePublished\":\"2025-08-03T09:55:00+00:00\",\"description\":\"Investigadores da Universidade de Coimbra estudam solu\u00e7\u00f5es para tornar as cidades mediterr\u00e2nicas mais frescas Ambiente\",\"breadcrumb\":{\"@id\":\"https:\\\/\\\/algarve7.pt\\\/index.php\\\/2025\\\/08\\\/investigadores-da-universidade-de-coimbra-estudam-solucoes-para-tornar-as-cidades-mediterranicas-mais-frescas\\\/ambiente\\\/10\\\/55\\\/#breadcrumb\"},\"inLanguage\":\"pt-PT\",\"potentialAction\":[{\"@type\":\"ReadAction\",\"target\":[\"https:\\\/\\\/algarve7.pt\\\/index.php\\\/2025\\\/08\\\/investigadores-da-universidade-de-coimbra-estudam-solucoes-para-tornar-as-cidades-mediterranicas-mais-frescas\\\/ambiente\\\/10\\\/55\\\/\"]}]},{\"@type\":\"ImageObject\",\"inLanguage\":\"pt-PT\",\"@id\":\"https:\\\/\\\/algarve7.pt\\\/index.php\\\/2025\\\/08\\\/investigadores-da-universidade-de-coimbra-estudam-solucoes-para-tornar-as-cidades-mediterranicas-mais-frescas\\\/ambiente\\\/10\\\/55\\\/#primaryimage\",\"url\":\"https:\\\/\\\/algarve7.pt\\\/wp-content\\\/uploads\\\/2025\\\/08\\\/Investigadores-do-projeto-CoolNoons.jpg\",\"contentUrl\":\"https:\\\/\\\/algarve7.pt\\\/wp-content\\\/uploads\\\/2025\\\/08\\\/Investigadores-do-projeto-CoolNoons.jpg\",\"width\":800,\"height\":500},{\"@type\":\"BreadcrumbList\",\"@id\":\"https:\\\/\\\/algarve7.pt\\\/index.php\\\/2025\\\/08\\\/investigadores-da-universidade-de-coimbra-estudam-solucoes-para-tornar-as-cidades-mediterranicas-mais-frescas\\\/ambiente\\\/10\\\/55\\\/#breadcrumb\",\"itemListElement\":[{\"@type\":\"ListItem\",\"position\":1,\"name\":\"In\u00edcio\",\"item\":\"https:\\\/\\\/algarve7.pt\\\/\"},{\"@type\":\"ListItem\",\"position\":2,\"name\":\"Investigadores da Universidade de Coimbra estudam solu\u00e7\u00f5es para tornar as cidades mediterr\u00e2nicas mais frescas\"}]},{\"@type\":\"WebSite\",\"@id\":\"https:\\\/\\\/algarve7.pt\\\/#website\",\"url\":\"https:\\\/\\\/algarve7.pt\\\/\",\"name\":\"Algarve 7\",\"description\":\"Informa\u00e7\u00e3o sobre o Algarve\",\"publisher\":{\"@id\":\"https:\\\/\\\/algarve7.pt\\\/#organization\"},\"potentialAction\":[{\"@type\":\"SearchAction\",\"target\":{\"@type\":\"EntryPoint\",\"urlTemplate\":\"https:\\\/\\\/algarve7.pt\\\/?s={search_term_string}\"},\"query-input\":{\"@type\":\"PropertyValueSpecification\",\"valueRequired\":true,\"valueName\":\"search_term_string\"}}],\"inLanguage\":\"pt-PT\"},{\"@type\":\"Organization\",\"@id\":\"https:\\\/\\\/algarve7.pt\\\/#organization\",\"name\":\"Algarve 7\",\"url\":\"https:\\\/\\\/algarve7.pt\\\/\",\"logo\":{\"@type\":\"ImageObject\",\"inLanguage\":\"pt-PT\",\"@id\":\"https:\\\/\\\/algarve7.pt\\\/#\\\/schema\\\/logo\\\/image\\\/\",\"url\":\"https:\\\/\\\/algarve7.pt\\\/wp-content\\\/uploads\\\/2020\\\/10\\\/Logo-8.jpg\",\"contentUrl\":\"https:\\\/\\\/algarve7.pt\\\/wp-content\\\/uploads\\\/2020\\\/10\\\/Logo-8.jpg\",\"width\":1680,\"height\":1186,\"caption\":\"Algarve 7\"},\"image\":{\"@id\":\"https:\\\/\\\/algarve7.pt\\\/#\\\/schema\\\/logo\\\/image\\\/\"},\"sameAs\":[\"https:\\\/\\\/www.facebook.com\\\/algarve7\",\"https:\\\/\\\/x.com\\\/Algarvesete\",\"https:\\\/\\\/www.instagram.com\\\/jornalalgarve7\\\/\",\"https:\\\/\\\/www.linkedin.com\\\/company\\\/algarve7\",\"https:\\\/\\\/www.pinterest.pt\\\/geral0939\\\/_created\\\/\"]},{\"@type\":\"Person\",\"@id\":\"https:\\\/\\\/algarve7.pt\\\/#\\\/schema\\\/person\\\/23fa70681308e7b319a3204bcea45e0c\",\"name\":\"Algarve 7\",\"sameAs\":[\"https:\\\/\\\/algarve7.pt\",\"https:\\\/\\\/www.facebook.com\\\/algarve7\"],\"url\":\"https:\\\/\\\/algarve7.pt\\\/index.php\\\/author\\\/geralalgarve7-pt\\\/\"}]}<\/script>\n<!-- \/ Yoast SEO plugin. -->","yoast_head_json":{"title":"Investigadores da Universidade de Coimbra estudam solu\u00e7\u00f5es para tornar as cidades mediterr\u00e2nicas mais frescas - Algarve 7","description":"Investigadores da Universidade de Coimbra estudam solu\u00e7\u00f5es para tornar as cidades mediterr\u00e2nicas mais frescas Ambiente","robots":{"index":"index","follow":"follow","max-snippet":"max-snippet:-1","max-image-preview":"max-image-preview:large","max-video-preview":"max-video-preview:-1"},"canonical":"https:\/\/algarve7.pt\/index.php\/2025\/08\/investigadores-da-universidade-de-coimbra-estudam-solucoes-para-tornar-as-cidades-mediterranicas-mais-frescas\/ambiente\/10\/55\/","og_locale":"pt_PT","og_type":"article","og_title":"Investigadores da Universidade de Coimbra estudam solu\u00e7\u00f5es para tornar as cidades mediterr\u00e2nicas mais frescas - Algarve 7","og_description":"Investigadores da Universidade de Coimbra estudam solu\u00e7\u00f5es para tornar as cidades mediterr\u00e2nicas mais frescas Ambiente","og_url":"https:\/\/algarve7.pt\/index.php\/2025\/08\/investigadores-da-universidade-de-coimbra-estudam-solucoes-para-tornar-as-cidades-mediterranicas-mais-frescas\/ambiente\/10\/55\/","og_site_name":"Algarve 7","article_publisher":"https:\/\/www.facebook.com\/algarve7","article_author":"https:\/\/www.facebook.com\/algarve7","article_published_time":"2025-08-03T09:55:00+00:00","og_image":[{"width":800,"height":500,"url":"https:\/\/algarve7.pt\/wp-content\/uploads\/2025\/08\/Investigadores-do-projeto-CoolNoons.jpg","type":"image\/jpeg"}],"author":"Algarve 7","twitter_card":"summary_large_image","twitter_creator":"@Algarvesete","twitter_site":"@Algarvesete","twitter_misc":{"Escrito por":"Algarve 7","Tempo estimado de leitura":"5 minutos"},"schema":{"@context":"https:\/\/schema.org","@graph":[{"@type":"Article","@id":"https:\/\/algarve7.pt\/index.php\/2025\/08\/investigadores-da-universidade-de-coimbra-estudam-solucoes-para-tornar-as-cidades-mediterranicas-mais-frescas\/ambiente\/10\/55\/#article","isPartOf":{"@id":"https:\/\/algarve7.pt\/index.php\/2025\/08\/investigadores-da-universidade-de-coimbra-estudam-solucoes-para-tornar-as-cidades-mediterranicas-mais-frescas\/ambiente\/10\/55\/"},"author":{"name":"Algarve 7","@id":"https:\/\/algarve7.pt\/#\/schema\/person\/23fa70681308e7b319a3204bcea45e0c"},"headline":"Investigadores da Universidade de Coimbra estudam solu\u00e7\u00f5es para tornar as cidades mediterr\u00e2nicas mais frescas","datePublished":"2025-08-03T09:55:00+00:00","mainEntityOfPage":{"@id":"https:\/\/algarve7.pt\/index.php\/2025\/08\/investigadores-da-universidade-de-coimbra-estudam-solucoes-para-tornar-as-cidades-mediterranicas-mais-frescas\/ambiente\/10\/55\/"},"wordCount":875,"publisher":{"@id":"https:\/\/algarve7.pt\/#organization"},"image":{"@id":"https:\/\/algarve7.pt\/index.php\/2025\/08\/investigadores-da-universidade-de-coimbra-estudam-solucoes-para-tornar-as-cidades-mediterranicas-mais-frescas\/ambiente\/10\/55\/#primaryimage"},"thumbnailUrl":"https:\/\/algarve7.pt\/wp-content\/uploads\/2025\/08\/Investigadores-do-projeto-CoolNoons.jpg","keywords":["Ambiente","Nacional","Universidade Coimbra"],"articleSection":["Ambiente","Nacional"],"inLanguage":"pt-PT"},{"@type":"WebPage","@id":"https:\/\/algarve7.pt\/index.php\/2025\/08\/investigadores-da-universidade-de-coimbra-estudam-solucoes-para-tornar-as-cidades-mediterranicas-mais-frescas\/ambiente\/10\/55\/","url":"https:\/\/algarve7.pt\/index.php\/2025\/08\/investigadores-da-universidade-de-coimbra-estudam-solucoes-para-tornar-as-cidades-mediterranicas-mais-frescas\/ambiente\/10\/55\/","name":"Investigadores da Universidade de Coimbra estudam solu\u00e7\u00f5es para tornar as cidades mediterr\u00e2nicas mais frescas - Algarve 7","isPartOf":{"@id":"https:\/\/algarve7.pt\/#website"},"primaryImageOfPage":{"@id":"https:\/\/algarve7.pt\/index.php\/2025\/08\/investigadores-da-universidade-de-coimbra-estudam-solucoes-para-tornar-as-cidades-mediterranicas-mais-frescas\/ambiente\/10\/55\/#primaryimage"},"image":{"@id":"https:\/\/algarve7.pt\/index.php\/2025\/08\/investigadores-da-universidade-de-coimbra-estudam-solucoes-para-tornar-as-cidades-mediterranicas-mais-frescas\/ambiente\/10\/55\/#primaryimage"},"thumbnailUrl":"https:\/\/algarve7.pt\/wp-content\/uploads\/2025\/08\/Investigadores-do-projeto-CoolNoons.jpg","datePublished":"2025-08-03T09:55:00+00:00","description":"Investigadores da Universidade de Coimbra estudam solu\u00e7\u00f5es para tornar as cidades mediterr\u00e2nicas mais frescas Ambiente","breadcrumb":{"@id":"https:\/\/algarve7.pt\/index.php\/2025\/08\/investigadores-da-universidade-de-coimbra-estudam-solucoes-para-tornar-as-cidades-mediterranicas-mais-frescas\/ambiente\/10\/55\/#breadcrumb"},"inLanguage":"pt-PT","potentialAction":[{"@type":"ReadAction","target":["https:\/\/algarve7.pt\/index.php\/2025\/08\/investigadores-da-universidade-de-coimbra-estudam-solucoes-para-tornar-as-cidades-mediterranicas-mais-frescas\/ambiente\/10\/55\/"]}]},{"@type":"ImageObject","inLanguage":"pt-PT","@id":"https:\/\/algarve7.pt\/index.php\/2025\/08\/investigadores-da-universidade-de-coimbra-estudam-solucoes-para-tornar-as-cidades-mediterranicas-mais-frescas\/ambiente\/10\/55\/#primaryimage","url":"https:\/\/algarve7.pt\/wp-content\/uploads\/2025\/08\/Investigadores-do-projeto-CoolNoons.jpg","contentUrl":"https:\/\/algarve7.pt\/wp-content\/uploads\/2025\/08\/Investigadores-do-projeto-CoolNoons.jpg","width":800,"height":500},{"@type":"BreadcrumbList","@id":"https:\/\/algarve7.pt\/index.php\/2025\/08\/investigadores-da-universidade-de-coimbra-estudam-solucoes-para-tornar-as-cidades-mediterranicas-mais-frescas\/ambiente\/10\/55\/#breadcrumb","itemListElement":[{"@type":"ListItem","position":1,"name":"In\u00edcio","item":"https:\/\/algarve7.pt\/"},{"@type":"ListItem","position":2,"name":"Investigadores da Universidade de Coimbra estudam solu\u00e7\u00f5es para tornar as cidades mediterr\u00e2nicas mais frescas"}]},{"@type":"WebSite","@id":"https:\/\/algarve7.pt\/#website","url":"https:\/\/algarve7.pt\/","name":"Algarve 7","description":"Informa\u00e7\u00e3o sobre o Algarve","publisher":{"@id":"https:\/\/algarve7.pt\/#organization"},"potentialAction":[{"@type":"SearchAction","target":{"@type":"EntryPoint","urlTemplate":"https:\/\/algarve7.pt\/?s={search_term_string}"},"query-input":{"@type":"PropertyValueSpecification","valueRequired":true,"valueName":"search_term_string"}}],"inLanguage":"pt-PT"},{"@type":"Organization","@id":"https:\/\/algarve7.pt\/#organization","name":"Algarve 7","url":"https:\/\/algarve7.pt\/","logo":{"@type":"ImageObject","inLanguage":"pt-PT","@id":"https:\/\/algarve7.pt\/#\/schema\/logo\/image\/","url":"https:\/\/algarve7.pt\/wp-content\/uploads\/2020\/10\/Logo-8.jpg","contentUrl":"https:\/\/algarve7.pt\/wp-content\/uploads\/2020\/10\/Logo-8.jpg","width":1680,"height":1186,"caption":"Algarve 7"},"image":{"@id":"https:\/\/algarve7.pt\/#\/schema\/logo\/image\/"},"sameAs":["https:\/\/www.facebook.com\/algarve7","https:\/\/x.com\/Algarvesete","https:\/\/www.instagram.com\/jornalalgarve7\/","https:\/\/www.linkedin.com\/company\/algarve7","https:\/\/www.pinterest.pt\/geral0939\/_created\/"]},{"@type":"Person","@id":"https:\/\/algarve7.pt\/#\/schema\/person\/23fa70681308e7b319a3204bcea45e0c","name":"Algarve 7","sameAs":["https:\/\/algarve7.pt","https:\/\/www.facebook.com\/algarve7"],"url":"https:\/\/algarve7.pt\/index.php\/author\/geralalgarve7-pt\/"}]}},"jetpack_publicize_connections":[],"jetpack_featured_media_url":"https:\/\/algarve7.pt\/wp-content\/uploads\/2025\/08\/Investigadores-do-projeto-CoolNoons.jpg","jetpack_shortlink":"https:\/\/wp.me\/pcezmW-dLQ","jetpack_sharing_enabled":true,"_links":{"self":[{"href":"https:\/\/algarve7.pt\/index.php\/wp-json\/wp\/v2\/posts\/52938","targetHints":{"allow":["GET"]}}],"collection":[{"href":"https:\/\/algarve7.pt\/index.php\/wp-json\/wp\/v2\/posts"}],"about":[{"href":"https:\/\/algarve7.pt\/index.php\/wp-json\/wp\/v2\/types\/post"}],"author":[{"embeddable":true,"href":"https:\/\/algarve7.pt\/index.php\/wp-json\/wp\/v2\/users\/1"}],"replies":[{"embeddable":true,"href":"https:\/\/algarve7.pt\/index.php\/wp-json\/wp\/v2\/comments?post=52938"}],"version-history":[{"count":0,"href":"https:\/\/algarve7.pt\/index.php\/wp-json\/wp\/v2\/posts\/52938\/revisions"}],"wp:featuredmedia":[{"embeddable":true,"href":"https:\/\/algarve7.pt\/index.php\/wp-json\/wp\/v2\/media\/52939"}],"wp:attachment":[{"href":"https:\/\/algarve7.pt\/index.php\/wp-json\/wp\/v2\/media?parent=52938"}],"wp:term":[{"taxonomy":"category","embeddable":true,"href":"https:\/\/algarve7.pt\/index.php\/wp-json\/wp\/v2\/categories?post=52938"},{"taxonomy":"post_tag","embeddable":true,"href":"https:\/\/algarve7.pt\/index.php\/wp-json\/wp\/v2\/tags?post=52938"}],"curies":[{"name":"wp","href":"https:\/\/api.w.org\/{rel}","templated":true}]}}