{"id":52935,"date":"2025-08-01T12:00:00","date_gmt":"2025-08-01T11:00:00","guid":{"rendered":"https:\/\/algarve7.pt\/?p=52935"},"modified":"2025-08-01T08:19:46","modified_gmt":"2025-08-01T07:19:46","slug":"lagos-campanha-solidaria-de-recolha-de-las","status":"publish","type":"post","link":"https:\/\/algarve7.pt\/index.php\/2025\/08\/lagos-campanha-solidaria-de-recolha-de-las\/atualidade\/12\/00\/","title":{"rendered":"Lagos: Campanha solid\u00e1ria de recolha de l\u00e3s\u00a0"},"content":{"rendered":"\n<p><strong>No \u00e2mbito do Plano de A\u00e7\u00e3o 2025-2026 do NPISA \u2013 N\u00facleo de Planeamento e Interven\u00e7\u00e3o Sem-Abrigo de Lagos, est\u00e1 em marcha uma iniciativa solid\u00e1ria que alia a sabedoria e sensibilidade da popula\u00e7\u00e3o idosa \u00e0 luta contra a exclus\u00e3o social. Uma a\u00e7\u00e3o que visa sensibilizar a comunidade local para o fen\u00f3meno das pessoas em situa\u00e7\u00e3o de sem-abrigo, promovendo o envolvimento ativo e intergeracional em prol de uma sociedade mais solid\u00e1ria.<\/strong><\/p>\n\n\n\n<p>A Santa Casa da Miseric\u00f3rdia de Lagos, com o apoio do NPISA, est\u00e1 a dinamizar uma campanha de recolha de l\u00e3s, que ser\u00e3o transformadas em pe\u00e7as de vestu\u00e1rio \u2013 gorros e cachec\u00f3is \u2013 por pessoas idosas residentes em v\u00e1rias ERPI (Estruturas Residenciais para Pessoas Idosas) do concelho. Estas pe\u00e7as ser\u00e3o, posteriormente, doadas a pessoas em situa\u00e7\u00e3o de sem-abrigo.<\/p>\n\n\n\n<p>O gesto simb\u00f3lico de tricotar traduz-se num profundo ato de empatia e cuidado. A experi\u00eancia de vida e a sabedoria das pessoas idosas revelam-se nesta entrega desinteressada, proporcionando n\u00e3o s\u00f3 agasalho f\u00edsico a quem mais precisa, mas tamb\u00e9m conforto emocional a quem os produz.<\/p>\n\n\n\n<p>Para al\u00e9m do impacto social, esta iniciativa contribui ainda para o bem-estar f\u00edsico, mental e emocional das participantes, promovendo a motricidade fina, a estimula\u00e7\u00e3o cognitiva e o combate ao isolamento social.<\/p>\n\n\n\n<p>Segundo os dados locais, at\u00e9 dezembro de 2024, encontravam-se identificadas no concelho de Lagos 116 pessoas em situa\u00e7\u00e3o de sem-abrigo, das quais 106 em situa\u00e7\u00e3o de sem teto e 10 em situa\u00e7\u00e3o de sem casa. A realidade das pessoas em situa\u00e7\u00e3o de sem-abrigo \u00e9 multifatorial, envolvendo quest\u00f5es econ\u00f3micas, habitacionais, de sa\u00fade, fragilidade das redes de suporte e outros fatores de vulnerabilidade.<\/p>\n\n\n\n<p>\u00c9 neste esp\u00edrito que a campanha \u201cL\u00e3s Solid\u00e1rias\u201d apela \u00e0 participa\u00e7\u00e3o da comunidade local atrav\u00e9s da doa\u00e7\u00e3o de novelos de l\u00e3 (em cores diversas), que poder\u00e3o ser entregues nos lares da Santa Casa da Miseric\u00f3rdia de Lagos, Odi\u00e1xere, Bensafrim, Bar\u00e3o de S\u00e3o Jo\u00e3o e Espiche.<\/p>\n","protected":false},"excerpt":{"rendered":"<p>No \u00e2mbito do Plano de A\u00e7\u00e3o 2025-2026 do NPISA \u2013 N\u00facleo de Planeamento e Interven\u00e7\u00e3o Sem-Abrigo de Lagos, est\u00e1 em<\/p>\n","protected":false},"author":1,"featured_media":52936,"comment_status":"closed","ping_status":"closed","sticky":false,"template":"","format":"standard","meta":{"colormag_page_container_layout":"default_layout","colormag_page_sidebar_layout":"default_layout","_monsterinsights_skip_tracking":false,"_monsterinsights_sitenote_active":false,"_monsterinsights_sitenote_note":"","_monsterinsights_sitenote_category":0,"jetpack_post_was_ever_published":false,"_jetpack_newsletter_access":"","_jetpack_dont_email_post_to_subs":false,"_jetpack_newsletter_tier_id":0,"_jetpack_memberships_contains_paywalled_content":false,"_jetpack_memberships_contains_paid_content":false,"footnotes":"","jetpack_publicize_message":"","jetpack_publicize_feature_enabled":true,"jetpack_social_post_already_shared":false,"jetpack_social_options":{"image_generator_settings":{"template":"highway","default_image_id":0,"font":"","enabled":false},"version":2}},"categories":[11],"tags":[36,62,68],"class_list":["post-52935","post","type-post","status-publish","format-standard","has-post-thumbnail","hentry","category-atualidade","tag-algarve","tag-atualidade","tag-lagos"],"yoast_head":"<!-- This site is optimized with the Yoast SEO plugin v27.5 - https:\/\/yoast.com\/product\/yoast-seo-wordpress\/ -->\n<title>Lagos: Campanha solid\u00e1ria de recolha de l\u00e3s\u00a0 - Algarve 7<\/title>\n<meta name=\"description\" content=\"Lagos: Campanha solid\u00e1ria de recolha de l\u00e3s\u00a0 Atualidade\" \/>\n<meta name=\"robots\" content=\"index, follow, max-snippet:-1, max-image-preview:large, max-video-preview:-1\" \/>\n<link rel=\"canonical\" href=\"https:\/\/algarve7.pt\/index.php\/2025\/08\/lagos-campanha-solidaria-de-recolha-de-las\/atualidade\/12\/00\/\" \/>\n<meta property=\"og:locale\" content=\"pt_PT\" \/>\n<meta property=\"og:type\" content=\"article\" \/>\n<meta property=\"og:title\" content=\"Lagos: Campanha solid\u00e1ria de recolha de l\u00e3s\u00a0 - Algarve 7\" \/>\n<meta property=\"og:description\" content=\"Lagos: Campanha solid\u00e1ria de recolha de l\u00e3s\u00a0 Atualidade\" \/>\n<meta property=\"og:url\" content=\"https:\/\/algarve7.pt\/index.php\/2025\/08\/lagos-campanha-solidaria-de-recolha-de-las\/atualidade\/12\/00\/\" \/>\n<meta property=\"og:site_name\" content=\"Algarve 7\" \/>\n<meta property=\"article:publisher\" content=\"https:\/\/www.facebook.com\/algarve7\" \/>\n<meta property=\"article:author\" content=\"https:\/\/www.facebook.com\/algarve7\" \/>\n<meta property=\"article:published_time\" content=\"2025-08-01T11:00:00+00:00\" \/>\n<meta property=\"og:image\" content=\"https:\/\/algarve7.pt\/wp-content\/uploads\/2025\/08\/Captura-de-ecra-2025-08-01-as-08.16.35.png\" \/>\n\t<meta property=\"og:image:width\" content=\"800\" \/>\n\t<meta property=\"og:image:height\" content=\"500\" \/>\n\t<meta property=\"og:image:type\" content=\"image\/png\" \/>\n<meta name=\"author\" content=\"Algarve 7\" \/>\n<meta name=\"twitter:card\" content=\"summary_large_image\" \/>\n<meta name=\"twitter:creator\" content=\"@Algarvesete\" \/>\n<meta name=\"twitter:site\" content=\"@Algarvesete\" \/>\n<meta name=\"twitter:label1\" content=\"Escrito por\" \/>\n\t<meta name=\"twitter:data1\" content=\"Algarve 7\" \/>\n\t<meta name=\"twitter:label2\" content=\"Tempo estimado de leitura\" \/>\n\t<meta name=\"twitter:data2\" content=\"2 minutos\" \/>\n<script type=\"application\/ld+json\" class=\"yoast-schema-graph\">{\"@context\":\"https:\\\/\\\/schema.org\",\"@graph\":[{\"@type\":\"Article\",\"@id\":\"https:\\\/\\\/algarve7.pt\\\/index.php\\\/2025\\\/08\\\/lagos-campanha-solidaria-de-recolha-de-las\\\/atualidade\\\/12\\\/00\\\/#article\",\"isPartOf\":{\"@id\":\"https:\\\/\\\/algarve7.pt\\\/index.php\\\/2025\\\/08\\\/lagos-campanha-solidaria-de-recolha-de-las\\\/atualidade\\\/12\\\/00\\\/\"},\"author\":{\"name\":\"Algarve 7\",\"@id\":\"https:\\\/\\\/algarve7.pt\\\/#\\\/schema\\\/person\\\/23fa70681308e7b319a3204bcea45e0c\"},\"headline\":\"Lagos: Campanha solid\u00e1ria de recolha de l\u00e3s\u00a0\",\"datePublished\":\"2025-08-01T11:00:00+00:00\",\"mainEntityOfPage\":{\"@id\":\"https:\\\/\\\/algarve7.pt\\\/index.php\\\/2025\\\/08\\\/lagos-campanha-solidaria-de-recolha-de-las\\\/atualidade\\\/12\\\/00\\\/\"},\"wordCount\":353,\"publisher\":{\"@id\":\"https:\\\/\\\/algarve7.pt\\\/#organization\"},\"image\":{\"@id\":\"https:\\\/\\\/algarve7.pt\\\/index.php\\\/2025\\\/08\\\/lagos-campanha-solidaria-de-recolha-de-las\\\/atualidade\\\/12\\\/00\\\/#primaryimage\"},\"thumbnailUrl\":\"https:\\\/\\\/algarve7.pt\\\/wp-content\\\/uploads\\\/2025\\\/08\\\/Captura-de-ecra-2025-08-01-as-08.16.35.png\",\"keywords\":[\"Algarve\",\"Atualidade\",\"Lagos\"],\"articleSection\":[\"Atualidade\"],\"inLanguage\":\"pt-PT\"},{\"@type\":\"WebPage\",\"@id\":\"https:\\\/\\\/algarve7.pt\\\/index.php\\\/2025\\\/08\\\/lagos-campanha-solidaria-de-recolha-de-las\\\/atualidade\\\/12\\\/00\\\/\",\"url\":\"https:\\\/\\\/algarve7.pt\\\/index.php\\\/2025\\\/08\\\/lagos-campanha-solidaria-de-recolha-de-las\\\/atualidade\\\/12\\\/00\\\/\",\"name\":\"Lagos: Campanha solid\u00e1ria de recolha de l\u00e3s\u00a0 - Algarve 7\",\"isPartOf\":{\"@id\":\"https:\\\/\\\/algarve7.pt\\\/#website\"},\"primaryImageOfPage\":{\"@id\":\"https:\\\/\\\/algarve7.pt\\\/index.php\\\/2025\\\/08\\\/lagos-campanha-solidaria-de-recolha-de-las\\\/atualidade\\\/12\\\/00\\\/#primaryimage\"},\"image\":{\"@id\":\"https:\\\/\\\/algarve7.pt\\\/index.php\\\/2025\\\/08\\\/lagos-campanha-solidaria-de-recolha-de-las\\\/atualidade\\\/12\\\/00\\\/#primaryimage\"},\"thumbnailUrl\":\"https:\\\/\\\/algarve7.pt\\\/wp-content\\\/uploads\\\/2025\\\/08\\\/Captura-de-ecra-2025-08-01-as-08.16.35.png\",\"datePublished\":\"2025-08-01T11:00:00+00:00\",\"description\":\"Lagos: Campanha solid\u00e1ria de recolha de l\u00e3s\u00a0 Atualidade\",\"breadcrumb\":{\"@id\":\"https:\\\/\\\/algarve7.pt\\\/index.php\\\/2025\\\/08\\\/lagos-campanha-solidaria-de-recolha-de-las\\\/atualidade\\\/12\\\/00\\\/#breadcrumb\"},\"inLanguage\":\"pt-PT\",\"potentialAction\":[{\"@type\":\"ReadAction\",\"target\":[\"https:\\\/\\\/algarve7.pt\\\/index.php\\\/2025\\\/08\\\/lagos-campanha-solidaria-de-recolha-de-las\\\/atualidade\\\/12\\\/00\\\/\"]}]},{\"@type\":\"ImageObject\",\"inLanguage\":\"pt-PT\",\"@id\":\"https:\\\/\\\/algarve7.pt\\\/index.php\\\/2025\\\/08\\\/lagos-campanha-solidaria-de-recolha-de-las\\\/atualidade\\\/12\\\/00\\\/#primaryimage\",\"url\":\"https:\\\/\\\/algarve7.pt\\\/wp-content\\\/uploads\\\/2025\\\/08\\\/Captura-de-ecra-2025-08-01-as-08.16.35.png\",\"contentUrl\":\"https:\\\/\\\/algarve7.pt\\\/wp-content\\\/uploads\\\/2025\\\/08\\\/Captura-de-ecra-2025-08-01-as-08.16.35.png\",\"width\":800,\"height\":500},{\"@type\":\"BreadcrumbList\",\"@id\":\"https:\\\/\\\/algarve7.pt\\\/index.php\\\/2025\\\/08\\\/lagos-campanha-solidaria-de-recolha-de-las\\\/atualidade\\\/12\\\/00\\\/#breadcrumb\",\"itemListElement\":[{\"@type\":\"ListItem\",\"position\":1,\"name\":\"In\u00edcio\",\"item\":\"https:\\\/\\\/algarve7.pt\\\/\"},{\"@type\":\"ListItem\",\"position\":2,\"name\":\"Lagos: Campanha solid\u00e1ria de recolha de l\u00e3s\u00a0\"}]},{\"@type\":\"WebSite\",\"@id\":\"https:\\\/\\\/algarve7.pt\\\/#website\",\"url\":\"https:\\\/\\\/algarve7.pt\\\/\",\"name\":\"Algarve 7\",\"description\":\"Informa\u00e7\u00e3o sobre o Algarve\",\"publisher\":{\"@id\":\"https:\\\/\\\/algarve7.pt\\\/#organization\"},\"potentialAction\":[{\"@type\":\"SearchAction\",\"target\":{\"@type\":\"EntryPoint\",\"urlTemplate\":\"https:\\\/\\\/algarve7.pt\\\/?s={search_term_string}\"},\"query-input\":{\"@type\":\"PropertyValueSpecification\",\"valueRequired\":true,\"valueName\":\"search_term_string\"}}],\"inLanguage\":\"pt-PT\"},{\"@type\":\"Organization\",\"@id\":\"https:\\\/\\\/algarve7.pt\\\/#organization\",\"name\":\"Algarve 7\",\"url\":\"https:\\\/\\\/algarve7.pt\\\/\",\"logo\":{\"@type\":\"ImageObject\",\"inLanguage\":\"pt-PT\",\"@id\":\"https:\\\/\\\/algarve7.pt\\\/#\\\/schema\\\/logo\\\/image\\\/\",\"url\":\"https:\\\/\\\/algarve7.pt\\\/wp-content\\\/uploads\\\/2020\\\/10\\\/Logo-8.jpg\",\"contentUrl\":\"https:\\\/\\\/algarve7.pt\\\/wp-content\\\/uploads\\\/2020\\\/10\\\/Logo-8.jpg\",\"width\":1680,\"height\":1186,\"caption\":\"Algarve 7\"},\"image\":{\"@id\":\"https:\\\/\\\/algarve7.pt\\\/#\\\/schema\\\/logo\\\/image\\\/\"},\"sameAs\":[\"https:\\\/\\\/www.facebook.com\\\/algarve7\",\"https:\\\/\\\/x.com\\\/Algarvesete\",\"https:\\\/\\\/www.instagram.com\\\/jornalalgarve7\\\/\",\"https:\\\/\\\/www.linkedin.com\\\/company\\\/algarve7\",\"https:\\\/\\\/www.pinterest.pt\\\/geral0939\\\/_created\\\/\"]},{\"@type\":\"Person\",\"@id\":\"https:\\\/\\\/algarve7.pt\\\/#\\\/schema\\\/person\\\/23fa70681308e7b319a3204bcea45e0c\",\"name\":\"Algarve 7\",\"sameAs\":[\"https:\\\/\\\/algarve7.pt\",\"https:\\\/\\\/www.facebook.com\\\/algarve7\"],\"url\":\"https:\\\/\\\/algarve7.pt\\\/index.php\\\/author\\\/geralalgarve7-pt\\\/\"}]}<\/script>\n<!-- \/ Yoast SEO plugin. -->","yoast_head_json":{"title":"Lagos: Campanha solid\u00e1ria de recolha de l\u00e3s\u00a0 - Algarve 7","description":"Lagos: Campanha solid\u00e1ria de recolha de l\u00e3s\u00a0 Atualidade","robots":{"index":"index","follow":"follow","max-snippet":"max-snippet:-1","max-image-preview":"max-image-preview:large","max-video-preview":"max-video-preview:-1"},"canonical":"https:\/\/algarve7.pt\/index.php\/2025\/08\/lagos-campanha-solidaria-de-recolha-de-las\/atualidade\/12\/00\/","og_locale":"pt_PT","og_type":"article","og_title":"Lagos: Campanha solid\u00e1ria de recolha de l\u00e3s\u00a0 - Algarve 7","og_description":"Lagos: Campanha solid\u00e1ria de recolha de l\u00e3s\u00a0 Atualidade","og_url":"https:\/\/algarve7.pt\/index.php\/2025\/08\/lagos-campanha-solidaria-de-recolha-de-las\/atualidade\/12\/00\/","og_site_name":"Algarve 7","article_publisher":"https:\/\/www.facebook.com\/algarve7","article_author":"https:\/\/www.facebook.com\/algarve7","article_published_time":"2025-08-01T11:00:00+00:00","og_image":[{"width":800,"height":500,"url":"https:\/\/algarve7.pt\/wp-content\/uploads\/2025\/08\/Captura-de-ecra-2025-08-01-as-08.16.35.png","type":"image\/png"}],"author":"Algarve 7","twitter_card":"summary_large_image","twitter_creator":"@Algarvesete","twitter_site":"@Algarvesete","twitter_misc":{"Escrito por":"Algarve 7","Tempo estimado de leitura":"2 minutos"},"schema":{"@context":"https:\/\/schema.org","@graph":[{"@type":"Article","@id":"https:\/\/algarve7.pt\/index.php\/2025\/08\/lagos-campanha-solidaria-de-recolha-de-las\/atualidade\/12\/00\/#article","isPartOf":{"@id":"https:\/\/algarve7.pt\/index.php\/2025\/08\/lagos-campanha-solidaria-de-recolha-de-las\/atualidade\/12\/00\/"},"author":{"name":"Algarve 7","@id":"https:\/\/algarve7.pt\/#\/schema\/person\/23fa70681308e7b319a3204bcea45e0c"},"headline":"Lagos: Campanha solid\u00e1ria de recolha de l\u00e3s\u00a0","datePublished":"2025-08-01T11:00:00+00:00","mainEntityOfPage":{"@id":"https:\/\/algarve7.pt\/index.php\/2025\/08\/lagos-campanha-solidaria-de-recolha-de-las\/atualidade\/12\/00\/"},"wordCount":353,"publisher":{"@id":"https:\/\/algarve7.pt\/#organization"},"image":{"@id":"https:\/\/algarve7.pt\/index.php\/2025\/08\/lagos-campanha-solidaria-de-recolha-de-las\/atualidade\/12\/00\/#primaryimage"},"thumbnailUrl":"https:\/\/algarve7.pt\/wp-content\/uploads\/2025\/08\/Captura-de-ecra-2025-08-01-as-08.16.35.png","keywords":["Algarve","Atualidade","Lagos"],"articleSection":["Atualidade"],"inLanguage":"pt-PT"},{"@type":"WebPage","@id":"https:\/\/algarve7.pt\/index.php\/2025\/08\/lagos-campanha-solidaria-de-recolha-de-las\/atualidade\/12\/00\/","url":"https:\/\/algarve7.pt\/index.php\/2025\/08\/lagos-campanha-solidaria-de-recolha-de-las\/atualidade\/12\/00\/","name":"Lagos: Campanha solid\u00e1ria de recolha de l\u00e3s\u00a0 - Algarve 7","isPartOf":{"@id":"https:\/\/algarve7.pt\/#website"},"primaryImageOfPage":{"@id":"https:\/\/algarve7.pt\/index.php\/2025\/08\/lagos-campanha-solidaria-de-recolha-de-las\/atualidade\/12\/00\/#primaryimage"},"image":{"@id":"https:\/\/algarve7.pt\/index.php\/2025\/08\/lagos-campanha-solidaria-de-recolha-de-las\/atualidade\/12\/00\/#primaryimage"},"thumbnailUrl":"https:\/\/algarve7.pt\/wp-content\/uploads\/2025\/08\/Captura-de-ecra-2025-08-01-as-08.16.35.png","datePublished":"2025-08-01T11:00:00+00:00","description":"Lagos: Campanha solid\u00e1ria de recolha de l\u00e3s\u00a0 Atualidade","breadcrumb":{"@id":"https:\/\/algarve7.pt\/index.php\/2025\/08\/lagos-campanha-solidaria-de-recolha-de-las\/atualidade\/12\/00\/#breadcrumb"},"inLanguage":"pt-PT","potentialAction":[{"@type":"ReadAction","target":["https:\/\/algarve7.pt\/index.php\/2025\/08\/lagos-campanha-solidaria-de-recolha-de-las\/atualidade\/12\/00\/"]}]},{"@type":"ImageObject","inLanguage":"pt-PT","@id":"https:\/\/algarve7.pt\/index.php\/2025\/08\/lagos-campanha-solidaria-de-recolha-de-las\/atualidade\/12\/00\/#primaryimage","url":"https:\/\/algarve7.pt\/wp-content\/uploads\/2025\/08\/Captura-de-ecra-2025-08-01-as-08.16.35.png","contentUrl":"https:\/\/algarve7.pt\/wp-content\/uploads\/2025\/08\/Captura-de-ecra-2025-08-01-as-08.16.35.png","width":800,"height":500},{"@type":"BreadcrumbList","@id":"https:\/\/algarve7.pt\/index.php\/2025\/08\/lagos-campanha-solidaria-de-recolha-de-las\/atualidade\/12\/00\/#breadcrumb","itemListElement":[{"@type":"ListItem","position":1,"name":"In\u00edcio","item":"https:\/\/algarve7.pt\/"},{"@type":"ListItem","position":2,"name":"Lagos: Campanha solid\u00e1ria de recolha de l\u00e3s\u00a0"}]},{"@type":"WebSite","@id":"https:\/\/algarve7.pt\/#website","url":"https:\/\/algarve7.pt\/","name":"Algarve 7","description":"Informa\u00e7\u00e3o sobre o Algarve","publisher":{"@id":"https:\/\/algarve7.pt\/#organization"},"potentialAction":[{"@type":"SearchAction","target":{"@type":"EntryPoint","urlTemplate":"https:\/\/algarve7.pt\/?s={search_term_string}"},"query-input":{"@type":"PropertyValueSpecification","valueRequired":true,"valueName":"search_term_string"}}],"inLanguage":"pt-PT"},{"@type":"Organization","@id":"https:\/\/algarve7.pt\/#organization","name":"Algarve 7","url":"https:\/\/algarve7.pt\/","logo":{"@type":"ImageObject","inLanguage":"pt-PT","@id":"https:\/\/algarve7.pt\/#\/schema\/logo\/image\/","url":"https:\/\/algarve7.pt\/wp-content\/uploads\/2020\/10\/Logo-8.jpg","contentUrl":"https:\/\/algarve7.pt\/wp-content\/uploads\/2020\/10\/Logo-8.jpg","width":1680,"height":1186,"caption":"Algarve 7"},"image":{"@id":"https:\/\/algarve7.pt\/#\/schema\/logo\/image\/"},"sameAs":["https:\/\/www.facebook.com\/algarve7","https:\/\/x.com\/Algarvesete","https:\/\/www.instagram.com\/jornalalgarve7\/","https:\/\/www.linkedin.com\/company\/algarve7","https:\/\/www.pinterest.pt\/geral0939\/_created\/"]},{"@type":"Person","@id":"https:\/\/algarve7.pt\/#\/schema\/person\/23fa70681308e7b319a3204bcea45e0c","name":"Algarve 7","sameAs":["https:\/\/algarve7.pt","https:\/\/www.facebook.com\/algarve7"],"url":"https:\/\/algarve7.pt\/index.php\/author\/geralalgarve7-pt\/"}]}},"jetpack_publicize_connections":[],"jetpack_featured_media_url":"https:\/\/algarve7.pt\/wp-content\/uploads\/2025\/08\/Captura-de-ecra-2025-08-01-as-08.16.35.png","jetpack_shortlink":"https:\/\/wp.me\/pcezmW-dLN","jetpack_sharing_enabled":true,"_links":{"self":[{"href":"https:\/\/algarve7.pt\/index.php\/wp-json\/wp\/v2\/posts\/52935","targetHints":{"allow":["GET"]}}],"collection":[{"href":"https:\/\/algarve7.pt\/index.php\/wp-json\/wp\/v2\/posts"}],"about":[{"href":"https:\/\/algarve7.pt\/index.php\/wp-json\/wp\/v2\/types\/post"}],"author":[{"embeddable":true,"href":"https:\/\/algarve7.pt\/index.php\/wp-json\/wp\/v2\/users\/1"}],"replies":[{"embeddable":true,"href":"https:\/\/algarve7.pt\/index.php\/wp-json\/wp\/v2\/comments?post=52935"}],"version-history":[{"count":0,"href":"https:\/\/algarve7.pt\/index.php\/wp-json\/wp\/v2\/posts\/52935\/revisions"}],"wp:featuredmedia":[{"embeddable":true,"href":"https:\/\/algarve7.pt\/index.php\/wp-json\/wp\/v2\/media\/52936"}],"wp:attachment":[{"href":"https:\/\/algarve7.pt\/index.php\/wp-json\/wp\/v2\/media?parent=52935"}],"wp:term":[{"taxonomy":"category","embeddable":true,"href":"https:\/\/algarve7.pt\/index.php\/wp-json\/wp\/v2\/categories?post=52935"},{"taxonomy":"post_tag","embeddable":true,"href":"https:\/\/algarve7.pt\/index.php\/wp-json\/wp\/v2\/tags?post=52935"}],"curies":[{"name":"wp","href":"https:\/\/api.w.org\/{rel}","templated":true}]}}