{"id":52911,"date":"2025-08-01T10:00:00","date_gmt":"2025-08-01T09:00:00","guid":{"rendered":"https:\/\/algarve7.pt\/?p=52911"},"modified":"2025-07-31T23:59:00","modified_gmt":"2025-07-31T22:59:00","slug":"pavilhao-25-de-abril-em-almancil-recebeu-summit-para-debater-energia-e-clima","status":"publish","type":"post","link":"https:\/\/algarve7.pt\/index.php\/2025\/08\/pavilhao-25-de-abril-em-almancil-recebeu-summit-para-debater-energia-e-clima\/ambiente\/10\/00\/","title":{"rendered":"Pavilh\u00e3o 25 de abril em Almancil recebeu \u201cSummit\u201d para debater energia e clima"},"content":{"rendered":"\n<p>Especialistas nacionais e internacionais da \u00e1rea do ambiente e altera\u00e7\u00f5es clim\u00e1ticas marcaram presen\u00e7a, nos dias 28 e 29 de julho, no Pavilh\u00e3o Multiusos 25 de Abril, em Almancil, durante a realiza\u00e7\u00e3o da VIII Energy &amp; Climate Summit, este ano dedicado ao tema \u201cNATUREZA E CLIMA: A Urg\u00eancia de Agir\u201d.<\/p>\n\n\n\n<p>Depois de um primeiro dia mais t\u00e9cnico para convidados, a sess\u00e3o de abertura deste evento internacional, que decorreu esta ter\u00e7a-feira, contou com a presen\u00e7a das Ministra do Ambiente e Energia, Maria da Gra\u00e7a Carvalho.&nbsp;<\/p>\n\n\n\n<p>Numa organiza\u00e7\u00e3o conjunta do Munic\u00edpio de Loul\u00e9 e do F\u00f3rum da Energia e Clima, esta edi\u00e7\u00e3o trouxe para cima da mesa quest\u00f5es centrais como a implementa\u00e7\u00e3o de pol\u00edticas de a\u00e7\u00e3o clim\u00e1tica para a conserva\u00e7\u00e3o da natureza, ecossistemas em risco e as solu\u00e7\u00f5es inovadoras para a sua prote\u00e7\u00e3o, bem como estrat\u00e9gias eficazes de comunica\u00e7\u00e3o, sensibiliza\u00e7\u00e3o e participa\u00e7\u00e3o c\u00edvica para conservar, atrav\u00e9s de pain\u00e9is tem\u00e1ticos.<\/p>\n\n\n\n<p>Em mat\u00e9ria de prote\u00e7\u00e3o ambiental e na luta contra as altera\u00e7\u00f5es clim\u00e1ticas e transi\u00e7\u00e3o energ\u00e9tica os problemas est\u00e3o identificados e as metas definidas, e a prioridade absoluta tem que ser dada \u00e0 concretiza\u00e7\u00e3o das medidas, frisou a respons\u00e1vel governamental no discurso de abertura. \u201cExecutar, executar, executar!\u201d s\u00e3o, de acordo Maria da Gra\u00e7a Carvalho as grandes prioridades do Governo. A Ministra elencou algumas das a\u00e7\u00f5es realizadas nos 14 meses legislativos como o lan\u00e7amento e entrada em funcionamento da Ag\u00eancia para o Clima, a estrat\u00e9gia nacional para quest\u00e3o da \u00c1gua, a revis\u00e3o da Estrat\u00e9gia Nacional da Conserva\u00e7\u00e3o da Natureza e da Biodiversidade, uma nova abordagem na gest\u00e3o de res\u00edduos ou a revis\u00e3o do Plano Nacional de Energia e Clima 2030, entre outros.<\/p>\n\n\n\n<p>Quanto ao Algarve, falou da import\u00e2ncia das \u00e1reas protegidas marinhas, que em breve ir\u00e3o ocupar 30%, com uma nova \u00e1rea classificada a 200km a sudoeste da costa algarvia, mas tamb\u00e9m da necessidade de prote\u00e7\u00e3o dos valores naturais e da defesa das praias. \u201cPara defender a economia do Algarve temos que proteger o nosso litoral, temos que proteger os nossos valores naturais, e as praias s\u00e3o os maiores valores que o Algarve tem\u201d, notou.<\/p>\n\n\n\n<p>A pouco tempo do arranque da obra da dessalinizadora em Albufeira, a Ministra falou da import\u00e2ncia estrat\u00e9gica da quest\u00e3o da \u00e1gua, nomeadamente para uma regi\u00e3o que tem tido nas quest\u00f5es ligadas \u00e0 escassez h\u00eddrica um dos principais problemas.&nbsp;<\/p>\n\n\n\n<p>J\u00e1 ao n\u00edvel da transi\u00e7\u00e3o energ\u00e9tica, outra quest\u00e3o priorit\u00e1ria, salientou a necessidade de apostar mais no setor dos transportes, nomeadamente ao n\u00edvel da rede ferrovi\u00e1ria na regi\u00e3o e em mais transportes p\u00fablicos para as cidades.<\/p>\n\n\n\n<p>Maria da Gra\u00e7a Carvalho n\u00e3o quis terminar a sua interven\u00e7\u00e3o sem uma palavra especial de apre\u00e7o pelo trabalho levado a cabo em Loul\u00e9, o concelho que mais vezes visitou enquanto governante, e a \u201cexcelente colabora\u00e7\u00e3o que a Autarquia tem tido com o Minist\u00e9rio\u201d.&nbsp;<\/p>\n\n\n\n<p>E foi precisamente sobre as iniciativas realizadas neste territ\u00f3rio, no \u00e2mbito de uma das primeiras pol\u00edticas locais de a\u00e7\u00e3o clim\u00e1tica do pa\u00eds e que \u00e9 hoje \u201cuma imagem de marca do Munic\u00edpio de Loul\u00e9\u201d, que o presidente da C\u00e2mara Municipal falou. Com um forte investimento em estudos, planos e projetos, em estreita colabora\u00e7\u00e3o com a Academia, Loul\u00e9 foi a primeira Autarquia do pa\u00eds a aprovar o seu Plano Municipal de A\u00e7\u00e3o Clim\u00e1tica, em fevereiro de 2022. Nesta retrospetiva da \u201cdedica\u00e7\u00e3o de 10 anos \u00e0 a\u00e7\u00e3o clim\u00e1tica local\u201d, V\u00edtor Aleixo lembrou que Loul\u00e9 foi um dos fundadores da Rede AdaptLocal e a partir da\u00ed um longo caminho foi percorrido. A elabora\u00e7\u00e3o de um estudo para os pr\u00f3ximos 100 anos ao n\u00edvel do aumento do n\u00edvel m\u00e9dio da \u00e1gua do mar, a cartografia de risco para os 13 kms do litoral, o Plano de Conting\u00eancia para os Per\u00edodos de Seca, a constru\u00e7\u00e3o de mais de 50 kms de ciclovias, a Agenda para a Biodiversidade e o Mundo Rural, uma aposta na \u00e1rea da energia com a instala\u00e7\u00e3o de 3,1 MegaWats e 80\u2019 centrais fotovoltaicas de iniciativa p\u00fablica, a cria\u00e7\u00e3o da Reserva Natural Local da Foz do Almargem e Trafal e o processo final para a cria\u00e7\u00e3o de uma outra Reserva na Nave do Bar\u00e3o, o processo que poder\u00e1 levar \u00e0 atribui\u00e7\u00e3o do estatuto de prote\u00e7\u00e3o da UNESCO ao Geoparque Algarvensis Loul\u00e9-Silves-Albufeira foram algumas das medidas implementadas.<\/p>\n\n\n\n<p>Mas o autarca sublinhou o facto de, al\u00e9m da a\u00e7\u00e3o pol\u00edtica, em mat\u00e9ria das altera\u00e7\u00f5es clim\u00e1tica ser necess\u00e1rio tamb\u00e9m \u201cativismo o c\u00edvico\u201d e recordou que foi gra\u00e7as tamb\u00e9m ao papel da sociedade civil que foi ganha a \u201cbatalha\u201d contra a prospe\u00e7\u00e3o de petr\u00f3leo e g\u00e1s no Algarve.<\/p>\n\n\n\n<p>Estas s\u00e3o algumas das raz\u00f5es que fazem de Loul\u00e9 um \u201cmunic\u00edpio inspirador, onde as mudan\u00e7as que precisamos fazer j\u00e1 acontecem \u00e0 escala local, algo que precisamos celebrar e transmitir daqui para outros concelhos\u201d, como relevou Ricardo Campos, presidente do F\u00f3rum da Energia e Clima. E adiantou: \u201cS\u00e3o projetos de a\u00e7\u00e3o clim\u00e1tica local que t\u00eam potencial enorme de serem escalados para outros concelhos do pa\u00eds!\u201d.<\/p>\n\n\n\n<p>Ao longo deste Summit foram apresentados pain\u00e9is tem\u00e1ticos sobre pol\u00edticas de a\u00e7\u00e3o clim\u00e1tica para a conserva\u00e7\u00e3o da natureza, sensibiliza\u00e7\u00e3o e participa\u00e7\u00e3o c\u00edvica e ecossistemas em risco e solu\u00e7\u00f5es inovadoras para a sua prote\u00e7\u00e3o.<\/p>\n\n\n\n<p>Por outro lado, foram apresentados projetos locais como o emblem\u00e1tico \u201cAs \u00e1rvores na Nossa Cidade\u201d, promovido pelo Munic\u00edpio de Loul\u00e9 e pelo CEiiA, no \u00e2mbito do Digital Innovation Hub.&nbsp;<\/p>\n\n\n\n<p>Foi ainda assinada a declara\u00e7\u00e3o \u201cRede de Guardi\u00e3s da Natureza e Mundo Rural\u201d e do Manifesto Movimento das Mulheres pelo Clima.<\/p>\n\n\n\n<p>Outro dos momentos altos foi distribui\u00e7\u00e3o, pelos presentes, do livro \u201cDesertifica\u00e7\u00e3o em Portugal\u201d, de Maria Jos\u00e9 Roxo.<\/p>\n","protected":false},"excerpt":{"rendered":"<p>Especialistas nacionais e internacionais da \u00e1rea do ambiente e altera\u00e7\u00f5es clim\u00e1ticas marcaram presen\u00e7a, nos dias 28 e 29 de julho,<\/p>\n","protected":false},"author":1,"featured_media":52912,"comment_status":"closed","ping_status":"closed","sticky":false,"template":"","format":"standard","meta":{"colormag_page_container_layout":"default_layout","colormag_page_sidebar_layout":"default_layout","_monsterinsights_skip_tracking":false,"_monsterinsights_sitenote_active":false,"_monsterinsights_sitenote_note":"","_monsterinsights_sitenote_category":0,"jetpack_post_was_ever_published":false,"_jetpack_newsletter_access":"","_jetpack_dont_email_post_to_subs":false,"_jetpack_newsletter_tier_id":0,"_jetpack_memberships_contains_paywalled_content":false,"_jetpack_memberships_contains_paid_content":false,"footnotes":"","jetpack_publicize_message":"","jetpack_publicize_feature_enabled":true,"jetpack_social_post_already_shared":false,"jetpack_social_options":{"image_generator_settings":{"template":"highway","default_image_id":0,"font":"","enabled":false},"version":2}},"categories":[5],"tags":[36,86,32,31],"class_list":["post-52911","post","type-post","status-publish","format-standard","has-post-thumbnail","hentry","category-ambiente","tag-algarve","tag-almancil","tag-ambiente","tag-loule"],"yoast_head":"<!-- This site is optimized with the Yoast SEO plugin v27.5 - https:\/\/yoast.com\/product\/yoast-seo-wordpress\/ -->\n<title>Pavilh\u00e3o 25 de abril em Almancil recebeu \u201cSummit\u201d para debater energia e clima - Algarve 7<\/title>\n<meta name=\"description\" content=\"Pavilh\u00e3o 25 de abril em Almancil recebeu \u201cSummit\u201d para debater energia e clima Ambiente\" \/>\n<meta name=\"robots\" content=\"index, follow, max-snippet:-1, max-image-preview:large, max-video-preview:-1\" \/>\n<link rel=\"canonical\" href=\"https:\/\/algarve7.pt\/index.php\/2025\/08\/pavilhao-25-de-abril-em-almancil-recebeu-summit-para-debater-energia-e-clima\/ambiente\/10\/00\/\" \/>\n<meta property=\"og:locale\" content=\"pt_PT\" \/>\n<meta property=\"og:type\" content=\"article\" \/>\n<meta property=\"og:title\" content=\"Pavilh\u00e3o 25 de abril em Almancil recebeu \u201cSummit\u201d para debater energia e clima - Algarve 7\" \/>\n<meta property=\"og:description\" content=\"Pavilh\u00e3o 25 de abril em Almancil recebeu \u201cSummit\u201d para debater energia e clima Ambiente\" \/>\n<meta property=\"og:url\" content=\"https:\/\/algarve7.pt\/index.php\/2025\/08\/pavilhao-25-de-abril-em-almancil-recebeu-summit-para-debater-energia-e-clima\/ambiente\/10\/00\/\" \/>\n<meta property=\"og:site_name\" content=\"Algarve 7\" \/>\n<meta property=\"article:publisher\" content=\"https:\/\/www.facebook.com\/algarve7\" \/>\n<meta property=\"article:author\" content=\"https:\/\/www.facebook.com\/algarve7\" \/>\n<meta property=\"article:published_time\" content=\"2025-08-01T09:00:00+00:00\" \/>\n<meta property=\"og:image\" content=\"https:\/\/algarve7.pt\/wp-content\/uploads\/2025\/07\/VIII-Energy-e-Climate-Summit-em-Almancil-29-07-2025-53.jpg\" \/>\n\t<meta property=\"og:image:width\" content=\"800\" \/>\n\t<meta property=\"og:image:height\" content=\"500\" \/>\n\t<meta property=\"og:image:type\" content=\"image\/jpeg\" \/>\n<meta name=\"author\" content=\"Algarve 7\" \/>\n<meta name=\"twitter:card\" content=\"summary_large_image\" \/>\n<meta name=\"twitter:creator\" content=\"@Algarvesete\" \/>\n<meta name=\"twitter:site\" content=\"@Algarvesete\" \/>\n<meta name=\"twitter:label1\" content=\"Escrito por\" \/>\n\t<meta name=\"twitter:data1\" content=\"Algarve 7\" \/>\n\t<meta name=\"twitter:label2\" content=\"Tempo estimado de leitura\" \/>\n\t<meta name=\"twitter:data2\" content=\"6 minutos\" \/>\n<script type=\"application\/ld+json\" class=\"yoast-schema-graph\">{\"@context\":\"https:\\\/\\\/schema.org\",\"@graph\":[{\"@type\":\"Article\",\"@id\":\"https:\\\/\\\/algarve7.pt\\\/index.php\\\/2025\\\/08\\\/pavilhao-25-de-abril-em-almancil-recebeu-summit-para-debater-energia-e-clima\\\/ambiente\\\/10\\\/00\\\/#article\",\"isPartOf\":{\"@id\":\"https:\\\/\\\/algarve7.pt\\\/index.php\\\/2025\\\/08\\\/pavilhao-25-de-abril-em-almancil-recebeu-summit-para-debater-energia-e-clima\\\/ambiente\\\/10\\\/00\\\/\"},\"author\":{\"name\":\"Algarve 7\",\"@id\":\"https:\\\/\\\/algarve7.pt\\\/#\\\/schema\\\/person\\\/23fa70681308e7b319a3204bcea45e0c\"},\"headline\":\"Pavilh\u00e3o 25 de abril em Almancil recebeu \u201cSummit\u201d para debater energia e clima\",\"datePublished\":\"2025-08-01T09:00:00+00:00\",\"mainEntityOfPage\":{\"@id\":\"https:\\\/\\\/algarve7.pt\\\/index.php\\\/2025\\\/08\\\/pavilhao-25-de-abril-em-almancil-recebeu-summit-para-debater-energia-e-clima\\\/ambiente\\\/10\\\/00\\\/\"},\"wordCount\":1049,\"publisher\":{\"@id\":\"https:\\\/\\\/algarve7.pt\\\/#organization\"},\"image\":{\"@id\":\"https:\\\/\\\/algarve7.pt\\\/index.php\\\/2025\\\/08\\\/pavilhao-25-de-abril-em-almancil-recebeu-summit-para-debater-energia-e-clima\\\/ambiente\\\/10\\\/00\\\/#primaryimage\"},\"thumbnailUrl\":\"https:\\\/\\\/algarve7.pt\\\/wp-content\\\/uploads\\\/2025\\\/07\\\/VIII-Energy-e-Climate-Summit-em-Almancil-29-07-2025-53.jpg\",\"keywords\":[\"Algarve\",\"Almancil\",\"Ambiente\",\"Loul\u00e9\"],\"articleSection\":[\"Ambiente\"],\"inLanguage\":\"pt-PT\"},{\"@type\":\"WebPage\",\"@id\":\"https:\\\/\\\/algarve7.pt\\\/index.php\\\/2025\\\/08\\\/pavilhao-25-de-abril-em-almancil-recebeu-summit-para-debater-energia-e-clima\\\/ambiente\\\/10\\\/00\\\/\",\"url\":\"https:\\\/\\\/algarve7.pt\\\/index.php\\\/2025\\\/08\\\/pavilhao-25-de-abril-em-almancil-recebeu-summit-para-debater-energia-e-clima\\\/ambiente\\\/10\\\/00\\\/\",\"name\":\"Pavilh\u00e3o 25 de abril em Almancil recebeu \u201cSummit\u201d para debater energia e clima - Algarve 7\",\"isPartOf\":{\"@id\":\"https:\\\/\\\/algarve7.pt\\\/#website\"},\"primaryImageOfPage\":{\"@id\":\"https:\\\/\\\/algarve7.pt\\\/index.php\\\/2025\\\/08\\\/pavilhao-25-de-abril-em-almancil-recebeu-summit-para-debater-energia-e-clima\\\/ambiente\\\/10\\\/00\\\/#primaryimage\"},\"image\":{\"@id\":\"https:\\\/\\\/algarve7.pt\\\/index.php\\\/2025\\\/08\\\/pavilhao-25-de-abril-em-almancil-recebeu-summit-para-debater-energia-e-clima\\\/ambiente\\\/10\\\/00\\\/#primaryimage\"},\"thumbnailUrl\":\"https:\\\/\\\/algarve7.pt\\\/wp-content\\\/uploads\\\/2025\\\/07\\\/VIII-Energy-e-Climate-Summit-em-Almancil-29-07-2025-53.jpg\",\"datePublished\":\"2025-08-01T09:00:00+00:00\",\"description\":\"Pavilh\u00e3o 25 de abril em Almancil recebeu \u201cSummit\u201d para debater energia e clima Ambiente\",\"breadcrumb\":{\"@id\":\"https:\\\/\\\/algarve7.pt\\\/index.php\\\/2025\\\/08\\\/pavilhao-25-de-abril-em-almancil-recebeu-summit-para-debater-energia-e-clima\\\/ambiente\\\/10\\\/00\\\/#breadcrumb\"},\"inLanguage\":\"pt-PT\",\"potentialAction\":[{\"@type\":\"ReadAction\",\"target\":[\"https:\\\/\\\/algarve7.pt\\\/index.php\\\/2025\\\/08\\\/pavilhao-25-de-abril-em-almancil-recebeu-summit-para-debater-energia-e-clima\\\/ambiente\\\/10\\\/00\\\/\"]}]},{\"@type\":\"ImageObject\",\"inLanguage\":\"pt-PT\",\"@id\":\"https:\\\/\\\/algarve7.pt\\\/index.php\\\/2025\\\/08\\\/pavilhao-25-de-abril-em-almancil-recebeu-summit-para-debater-energia-e-clima\\\/ambiente\\\/10\\\/00\\\/#primaryimage\",\"url\":\"https:\\\/\\\/algarve7.pt\\\/wp-content\\\/uploads\\\/2025\\\/07\\\/VIII-Energy-e-Climate-Summit-em-Almancil-29-07-2025-53.jpg\",\"contentUrl\":\"https:\\\/\\\/algarve7.pt\\\/wp-content\\\/uploads\\\/2025\\\/07\\\/VIII-Energy-e-Climate-Summit-em-Almancil-29-07-2025-53.jpg\",\"width\":800,\"height\":500},{\"@type\":\"BreadcrumbList\",\"@id\":\"https:\\\/\\\/algarve7.pt\\\/index.php\\\/2025\\\/08\\\/pavilhao-25-de-abril-em-almancil-recebeu-summit-para-debater-energia-e-clima\\\/ambiente\\\/10\\\/00\\\/#breadcrumb\",\"itemListElement\":[{\"@type\":\"ListItem\",\"position\":1,\"name\":\"In\u00edcio\",\"item\":\"https:\\\/\\\/algarve7.pt\\\/\"},{\"@type\":\"ListItem\",\"position\":2,\"name\":\"Pavilh\u00e3o 25 de abril em Almancil recebeu \u201cSummit\u201d para debater energia e clima\"}]},{\"@type\":\"WebSite\",\"@id\":\"https:\\\/\\\/algarve7.pt\\\/#website\",\"url\":\"https:\\\/\\\/algarve7.pt\\\/\",\"name\":\"Algarve 7\",\"description\":\"Informa\u00e7\u00e3o sobre o Algarve\",\"publisher\":{\"@id\":\"https:\\\/\\\/algarve7.pt\\\/#organization\"},\"potentialAction\":[{\"@type\":\"SearchAction\",\"target\":{\"@type\":\"EntryPoint\",\"urlTemplate\":\"https:\\\/\\\/algarve7.pt\\\/?s={search_term_string}\"},\"query-input\":{\"@type\":\"PropertyValueSpecification\",\"valueRequired\":true,\"valueName\":\"search_term_string\"}}],\"inLanguage\":\"pt-PT\"},{\"@type\":\"Organization\",\"@id\":\"https:\\\/\\\/algarve7.pt\\\/#organization\",\"name\":\"Algarve 7\",\"url\":\"https:\\\/\\\/algarve7.pt\\\/\",\"logo\":{\"@type\":\"ImageObject\",\"inLanguage\":\"pt-PT\",\"@id\":\"https:\\\/\\\/algarve7.pt\\\/#\\\/schema\\\/logo\\\/image\\\/\",\"url\":\"https:\\\/\\\/algarve7.pt\\\/wp-content\\\/uploads\\\/2020\\\/10\\\/Logo-8.jpg\",\"contentUrl\":\"https:\\\/\\\/algarve7.pt\\\/wp-content\\\/uploads\\\/2020\\\/10\\\/Logo-8.jpg\",\"width\":1680,\"height\":1186,\"caption\":\"Algarve 7\"},\"image\":{\"@id\":\"https:\\\/\\\/algarve7.pt\\\/#\\\/schema\\\/logo\\\/image\\\/\"},\"sameAs\":[\"https:\\\/\\\/www.facebook.com\\\/algarve7\",\"https:\\\/\\\/x.com\\\/Algarvesete\",\"https:\\\/\\\/www.instagram.com\\\/jornalalgarve7\\\/\",\"https:\\\/\\\/www.linkedin.com\\\/company\\\/algarve7\",\"https:\\\/\\\/www.pinterest.pt\\\/geral0939\\\/_created\\\/\"]},{\"@type\":\"Person\",\"@id\":\"https:\\\/\\\/algarve7.pt\\\/#\\\/schema\\\/person\\\/23fa70681308e7b319a3204bcea45e0c\",\"name\":\"Algarve 7\",\"sameAs\":[\"https:\\\/\\\/algarve7.pt\",\"https:\\\/\\\/www.facebook.com\\\/algarve7\"],\"url\":\"https:\\\/\\\/algarve7.pt\\\/index.php\\\/author\\\/geralalgarve7-pt\\\/\"}]}<\/script>\n<!-- \/ Yoast SEO plugin. -->","yoast_head_json":{"title":"Pavilh\u00e3o 25 de abril em Almancil recebeu \u201cSummit\u201d para debater energia e clima - Algarve 7","description":"Pavilh\u00e3o 25 de abril em Almancil recebeu \u201cSummit\u201d para debater energia e clima Ambiente","robots":{"index":"index","follow":"follow","max-snippet":"max-snippet:-1","max-image-preview":"max-image-preview:large","max-video-preview":"max-video-preview:-1"},"canonical":"https:\/\/algarve7.pt\/index.php\/2025\/08\/pavilhao-25-de-abril-em-almancil-recebeu-summit-para-debater-energia-e-clima\/ambiente\/10\/00\/","og_locale":"pt_PT","og_type":"article","og_title":"Pavilh\u00e3o 25 de abril em Almancil recebeu \u201cSummit\u201d para debater energia e clima - Algarve 7","og_description":"Pavilh\u00e3o 25 de abril em Almancil recebeu \u201cSummit\u201d para debater energia e clima Ambiente","og_url":"https:\/\/algarve7.pt\/index.php\/2025\/08\/pavilhao-25-de-abril-em-almancil-recebeu-summit-para-debater-energia-e-clima\/ambiente\/10\/00\/","og_site_name":"Algarve 7","article_publisher":"https:\/\/www.facebook.com\/algarve7","article_author":"https:\/\/www.facebook.com\/algarve7","article_published_time":"2025-08-01T09:00:00+00:00","og_image":[{"width":800,"height":500,"url":"https:\/\/algarve7.pt\/wp-content\/uploads\/2025\/07\/VIII-Energy-e-Climate-Summit-em-Almancil-29-07-2025-53.jpg","type":"image\/jpeg"}],"author":"Algarve 7","twitter_card":"summary_large_image","twitter_creator":"@Algarvesete","twitter_site":"@Algarvesete","twitter_misc":{"Escrito por":"Algarve 7","Tempo estimado de leitura":"6 minutos"},"schema":{"@context":"https:\/\/schema.org","@graph":[{"@type":"Article","@id":"https:\/\/algarve7.pt\/index.php\/2025\/08\/pavilhao-25-de-abril-em-almancil-recebeu-summit-para-debater-energia-e-clima\/ambiente\/10\/00\/#article","isPartOf":{"@id":"https:\/\/algarve7.pt\/index.php\/2025\/08\/pavilhao-25-de-abril-em-almancil-recebeu-summit-para-debater-energia-e-clima\/ambiente\/10\/00\/"},"author":{"name":"Algarve 7","@id":"https:\/\/algarve7.pt\/#\/schema\/person\/23fa70681308e7b319a3204bcea45e0c"},"headline":"Pavilh\u00e3o 25 de abril em Almancil recebeu \u201cSummit\u201d para debater energia e clima","datePublished":"2025-08-01T09:00:00+00:00","mainEntityOfPage":{"@id":"https:\/\/algarve7.pt\/index.php\/2025\/08\/pavilhao-25-de-abril-em-almancil-recebeu-summit-para-debater-energia-e-clima\/ambiente\/10\/00\/"},"wordCount":1049,"publisher":{"@id":"https:\/\/algarve7.pt\/#organization"},"image":{"@id":"https:\/\/algarve7.pt\/index.php\/2025\/08\/pavilhao-25-de-abril-em-almancil-recebeu-summit-para-debater-energia-e-clima\/ambiente\/10\/00\/#primaryimage"},"thumbnailUrl":"https:\/\/algarve7.pt\/wp-content\/uploads\/2025\/07\/VIII-Energy-e-Climate-Summit-em-Almancil-29-07-2025-53.jpg","keywords":["Algarve","Almancil","Ambiente","Loul\u00e9"],"articleSection":["Ambiente"],"inLanguage":"pt-PT"},{"@type":"WebPage","@id":"https:\/\/algarve7.pt\/index.php\/2025\/08\/pavilhao-25-de-abril-em-almancil-recebeu-summit-para-debater-energia-e-clima\/ambiente\/10\/00\/","url":"https:\/\/algarve7.pt\/index.php\/2025\/08\/pavilhao-25-de-abril-em-almancil-recebeu-summit-para-debater-energia-e-clima\/ambiente\/10\/00\/","name":"Pavilh\u00e3o 25 de abril em Almancil recebeu \u201cSummit\u201d para debater energia e clima - Algarve 7","isPartOf":{"@id":"https:\/\/algarve7.pt\/#website"},"primaryImageOfPage":{"@id":"https:\/\/algarve7.pt\/index.php\/2025\/08\/pavilhao-25-de-abril-em-almancil-recebeu-summit-para-debater-energia-e-clima\/ambiente\/10\/00\/#primaryimage"},"image":{"@id":"https:\/\/algarve7.pt\/index.php\/2025\/08\/pavilhao-25-de-abril-em-almancil-recebeu-summit-para-debater-energia-e-clima\/ambiente\/10\/00\/#primaryimage"},"thumbnailUrl":"https:\/\/algarve7.pt\/wp-content\/uploads\/2025\/07\/VIII-Energy-e-Climate-Summit-em-Almancil-29-07-2025-53.jpg","datePublished":"2025-08-01T09:00:00+00:00","description":"Pavilh\u00e3o 25 de abril em Almancil recebeu \u201cSummit\u201d para debater energia e clima Ambiente","breadcrumb":{"@id":"https:\/\/algarve7.pt\/index.php\/2025\/08\/pavilhao-25-de-abril-em-almancil-recebeu-summit-para-debater-energia-e-clima\/ambiente\/10\/00\/#breadcrumb"},"inLanguage":"pt-PT","potentialAction":[{"@type":"ReadAction","target":["https:\/\/algarve7.pt\/index.php\/2025\/08\/pavilhao-25-de-abril-em-almancil-recebeu-summit-para-debater-energia-e-clima\/ambiente\/10\/00\/"]}]},{"@type":"ImageObject","inLanguage":"pt-PT","@id":"https:\/\/algarve7.pt\/index.php\/2025\/08\/pavilhao-25-de-abril-em-almancil-recebeu-summit-para-debater-energia-e-clima\/ambiente\/10\/00\/#primaryimage","url":"https:\/\/algarve7.pt\/wp-content\/uploads\/2025\/07\/VIII-Energy-e-Climate-Summit-em-Almancil-29-07-2025-53.jpg","contentUrl":"https:\/\/algarve7.pt\/wp-content\/uploads\/2025\/07\/VIII-Energy-e-Climate-Summit-em-Almancil-29-07-2025-53.jpg","width":800,"height":500},{"@type":"BreadcrumbList","@id":"https:\/\/algarve7.pt\/index.php\/2025\/08\/pavilhao-25-de-abril-em-almancil-recebeu-summit-para-debater-energia-e-clima\/ambiente\/10\/00\/#breadcrumb","itemListElement":[{"@type":"ListItem","position":1,"name":"In\u00edcio","item":"https:\/\/algarve7.pt\/"},{"@type":"ListItem","position":2,"name":"Pavilh\u00e3o 25 de abril em Almancil recebeu \u201cSummit\u201d para debater energia e clima"}]},{"@type":"WebSite","@id":"https:\/\/algarve7.pt\/#website","url":"https:\/\/algarve7.pt\/","name":"Algarve 7","description":"Informa\u00e7\u00e3o sobre o Algarve","publisher":{"@id":"https:\/\/algarve7.pt\/#organization"},"potentialAction":[{"@type":"SearchAction","target":{"@type":"EntryPoint","urlTemplate":"https:\/\/algarve7.pt\/?s={search_term_string}"},"query-input":{"@type":"PropertyValueSpecification","valueRequired":true,"valueName":"search_term_string"}}],"inLanguage":"pt-PT"},{"@type":"Organization","@id":"https:\/\/algarve7.pt\/#organization","name":"Algarve 7","url":"https:\/\/algarve7.pt\/","logo":{"@type":"ImageObject","inLanguage":"pt-PT","@id":"https:\/\/algarve7.pt\/#\/schema\/logo\/image\/","url":"https:\/\/algarve7.pt\/wp-content\/uploads\/2020\/10\/Logo-8.jpg","contentUrl":"https:\/\/algarve7.pt\/wp-content\/uploads\/2020\/10\/Logo-8.jpg","width":1680,"height":1186,"caption":"Algarve 7"},"image":{"@id":"https:\/\/algarve7.pt\/#\/schema\/logo\/image\/"},"sameAs":["https:\/\/www.facebook.com\/algarve7","https:\/\/x.com\/Algarvesete","https:\/\/www.instagram.com\/jornalalgarve7\/","https:\/\/www.linkedin.com\/company\/algarve7","https:\/\/www.pinterest.pt\/geral0939\/_created\/"]},{"@type":"Person","@id":"https:\/\/algarve7.pt\/#\/schema\/person\/23fa70681308e7b319a3204bcea45e0c","name":"Algarve 7","sameAs":["https:\/\/algarve7.pt","https:\/\/www.facebook.com\/algarve7"],"url":"https:\/\/algarve7.pt\/index.php\/author\/geralalgarve7-pt\/"}]}},"jetpack_publicize_connections":[],"jetpack_featured_media_url":"https:\/\/algarve7.pt\/wp-content\/uploads\/2025\/07\/VIII-Energy-e-Climate-Summit-em-Almancil-29-07-2025-53.jpg","jetpack_shortlink":"https:\/\/wp.me\/pcezmW-dLp","jetpack_sharing_enabled":true,"_links":{"self":[{"href":"https:\/\/algarve7.pt\/index.php\/wp-json\/wp\/v2\/posts\/52911","targetHints":{"allow":["GET"]}}],"collection":[{"href":"https:\/\/algarve7.pt\/index.php\/wp-json\/wp\/v2\/posts"}],"about":[{"href":"https:\/\/algarve7.pt\/index.php\/wp-json\/wp\/v2\/types\/post"}],"author":[{"embeddable":true,"href":"https:\/\/algarve7.pt\/index.php\/wp-json\/wp\/v2\/users\/1"}],"replies":[{"embeddable":true,"href":"https:\/\/algarve7.pt\/index.php\/wp-json\/wp\/v2\/comments?post=52911"}],"version-history":[{"count":0,"href":"https:\/\/algarve7.pt\/index.php\/wp-json\/wp\/v2\/posts\/52911\/revisions"}],"wp:featuredmedia":[{"embeddable":true,"href":"https:\/\/algarve7.pt\/index.php\/wp-json\/wp\/v2\/media\/52912"}],"wp:attachment":[{"href":"https:\/\/algarve7.pt\/index.php\/wp-json\/wp\/v2\/media?parent=52911"}],"wp:term":[{"taxonomy":"category","embeddable":true,"href":"https:\/\/algarve7.pt\/index.php\/wp-json\/wp\/v2\/categories?post=52911"},{"taxonomy":"post_tag","embeddable":true,"href":"https:\/\/algarve7.pt\/index.php\/wp-json\/wp\/v2\/tags?post=52911"}],"curies":[{"name":"wp","href":"https:\/\/api.w.org\/{rel}","templated":true}]}}