{"id":52907,"date":"2025-08-01T09:30:00","date_gmt":"2025-08-01T08:30:00","guid":{"rendered":"https:\/\/algarve7.pt\/?p=52907"},"modified":"2025-07-31T23:54:46","modified_gmt":"2025-07-31T22:54:46","slug":"premio-inovacao-regressa-a-feira-da-dieta-mediterranica-para-distinguir-produtos-agroalimentares","status":"publish","type":"post","link":"https:\/\/algarve7.pt\/index.php\/2025\/08\/premio-inovacao-regressa-a-feira-da-dieta-mediterranica-para-distinguir-produtos-agroalimentares\/atualidade\/09\/30\/","title":{"rendered":"Pr\u00e9mio Inova\u00e7\u00e3o regressa \u00e0 Feira da Dieta Mediterr\u00e2nica para distinguir produtos agroalimentares"},"content":{"rendered":"\n<p>O Pr\u00e9mio Inova\u00e7\u00e3o \u2013 Dieta Mediterr\u00e2nica volta a ser um dos grandes destaques da Feira da Dieta Mediterr\u00e2nica, que se realiza em Tavira, de 4 a 7 de setembro, com o objetivo de premiar e distinguir a inova\u00e7\u00e3o no setor agroalimentar presente no evento. A iniciativa resulta de uma colabora\u00e7\u00e3o entre a Comiss\u00e3o de Coordena\u00e7\u00e3o e Desenvolvimento Regional (CCDR) do Algarve, I.P., a Caixa de Cr\u00e9dito Agr\u00edcola M\u00fatuo do Sotavento Algarvio, a Associa\u00e7\u00e3o In Loco e o Munic\u00edpio de Tavira.<\/p>\n\n\n\n<p>A&nbsp;<strong>Dieta Mediterr\u00e2nica \u00e9 reconhecida pela Organiza\u00e7\u00e3o das Na\u00e7\u00f5es Unidas para a Educa\u00e7\u00e3o, a Ci\u00eancia e a Cultura (UNESCO)<\/strong>&nbsp;como um modelo social e cultural milenar que assenta num conjunto de compet\u00eancias, saberes, rituais, s\u00edmbolos e tradi\u00e7\u00f5es relativos a pr\u00e1ticas agr\u00edcolas, culturas, colheitas, cria\u00e7\u00e3o de animais, pesca, prepara\u00e7\u00e3o e, sobretudo, partilha e consumo de alimentos. Trata-se de um modo de vida que depende da utiliza\u00e7\u00e3o sustent\u00e1vel de recursos, guiando-se pelos ritmos do ambiente e pelo respeito pela biodiversidade.<\/p>\n\n\n\n<p><strong>Poder\u00e3o candidatar-se os produtores, projetos ou empresas<\/strong>&nbsp;que estejam representados na Feira da Dieta Mediterr\u00e2nica, possibilitando assim que, para al\u00e9m da avalia\u00e7\u00e3o do j\u00fari acreditado para o efeito, o p\u00fablico possa conhecer e votar no produto que considere merecedor, com uma quota de 30% na decis\u00e3o final.<\/p>\n\n\n\n<p>A\u00a0<strong>avalia\u00e7\u00e3o\u00a0<\/strong>inclui crit\u00e9rios como o grau de inova\u00e7\u00e3o, a viabilidade econ\u00f3mica e as necessidades do mercado e a sustentabilidade ambiental e social. Os pr\u00e9mios s\u00e3o monet\u00e1rios e destinam-se aos tr\u00eas melhores candidatos, nos termos definidos no\u00a0<a href=\"https:\/\/www.ccdr-alg.pt\/site\/sites\/default\/files\/inline-files\/20250730_CCDRALGARVE_Dieta%20Mediterr%C3%A2nica_Pr%C3%A9mioInovacao2025_Regulamento.pdf\" target=\"_blank\" rel=\"noreferrer noopener\"><strong>Regulamento<\/strong><\/a>\u00a0\u2013 1.\u00ba lugar: 1.000 euros; 2.\u00ba lugar: 500 euros; 3.\u00ba lugar: 250 euros.<\/p>\n\n\n\n<p>As\u00a0<strong>candidaturas<\/strong>\u00a0j\u00e1 est\u00e3o abertas e terminam \u00e0s 18h00 do dia 23 de agosto de 2025, estando dispon\u00edveis atrav\u00e9s do\u00a0<a href=\"https:\/\/www.ccdr-alg.pt\/site\/info\/premio-inovacao-regressa-feira-da-dieta-mediterranica-para-distinguir-produtos-agroalimentares\"><strong>fo<\/strong><\/a><strong><a href=\"https:\/\/www.ccdr-alg.pt\/site\/info\/premio-inovacao-regressa-feira-da-dieta-mediterranica-para-distinguir-produtos-agroalimentares\" target=\"_blank\" rel=\"noreferrer noopener\">r<\/a><\/strong><a href=\"https:\/\/www.ccdr-alg.pt\/site\/info\/premio-inovacao-regressa-feira-da-dieta-mediterranica-para-distinguir-produtos-agroalimentares\"><strong>mul\u00e1rio online<\/strong>.<\/a>\u00a0Para mais\u00a0<strong>esclarecimentos\u00a0<\/strong>sobre o processo de candidatura, disponibiliza-se o endere\u00e7o de correio eletr\u00f3nico\u00a0<a href=\"mailto:dietamediterranica@ccdr-alg.pt\" target=\"_blank\" rel=\"noreferrer noopener\"><strong>dietamediterranica@ccdr-alg.pt<\/strong><\/a>.<\/p>\n\n\n\n<p>Os vencedores ser\u00e3o anunciados no dia 7 de setembro, no palco do Jardim do Coreto da Feira da Dieta Mediterr\u00e2nica, pelas 18h30, numa cerim\u00f3nia p\u00fablica precedida de espet\u00e1culo de anima\u00e7\u00e3o itinerante com OS BOMBOS DO IMAGIN\u00c1RIO.<\/p>\n","protected":false},"excerpt":{"rendered":"<p>O Pr\u00e9mio Inova\u00e7\u00e3o \u2013 Dieta Mediterr\u00e2nica volta a ser um dos grandes destaques da Feira da Dieta Mediterr\u00e2nica, que se<\/p>\n","protected":false},"author":1,"featured_media":52908,"comment_status":"closed","ping_status":"closed","sticky":false,"template":"","format":"standard","meta":{"colormag_page_container_layout":"default_layout","colormag_page_sidebar_layout":"default_layout","_monsterinsights_skip_tracking":false,"_monsterinsights_sitenote_active":false,"_monsterinsights_sitenote_note":"","_monsterinsights_sitenote_category":0,"jetpack_post_was_ever_published":false,"_jetpack_newsletter_access":"","_jetpack_dont_email_post_to_subs":false,"_jetpack_newsletter_tier_id":0,"_jetpack_memberships_contains_paywalled_content":false,"_jetpack_memberships_contains_paid_content":false,"footnotes":"","jetpack_publicize_message":"","jetpack_publicize_feature_enabled":true,"jetpack_social_post_already_shared":false,"jetpack_social_options":{"image_generator_settings":{"template":"highway","default_image_id":0,"font":"","enabled":false},"version":2}},"categories":[11],"tags":[36,62,143,54],"class_list":["post-52907","post","type-post","status-publish","format-standard","has-post-thumbnail","hentry","category-atualidade","tag-algarve","tag-atualidade","tag-ccdr-algarve","tag-tavira"],"yoast_head":"<!-- This site is optimized with the Yoast SEO plugin v27.5 - https:\/\/yoast.com\/product\/yoast-seo-wordpress\/ -->\n<title>Pr\u00e9mio Inova\u00e7\u00e3o regressa \u00e0 Feira da Dieta Mediterr\u00e2nica para distinguir produtos agroalimentares - Algarve 7<\/title>\n<meta name=\"description\" content=\"Pr\u00e9mio Inova\u00e7\u00e3o regressa \u00e0 Feira da Dieta Mediterr\u00e2nica para distinguir produtos agroalimentares Atualidade\" \/>\n<meta name=\"robots\" content=\"index, follow, max-snippet:-1, max-image-preview:large, max-video-preview:-1\" \/>\n<link rel=\"canonical\" href=\"https:\/\/algarve7.pt\/index.php\/2025\/08\/premio-inovacao-regressa-a-feira-da-dieta-mediterranica-para-distinguir-produtos-agroalimentares\/atualidade\/09\/30\/\" \/>\n<meta property=\"og:locale\" content=\"pt_PT\" \/>\n<meta property=\"og:type\" content=\"article\" \/>\n<meta property=\"og:title\" content=\"Pr\u00e9mio Inova\u00e7\u00e3o regressa \u00e0 Feira da Dieta Mediterr\u00e2nica para distinguir produtos agroalimentares - Algarve 7\" \/>\n<meta property=\"og:description\" content=\"Pr\u00e9mio Inova\u00e7\u00e3o regressa \u00e0 Feira da Dieta Mediterr\u00e2nica para distinguir produtos agroalimentares Atualidade\" \/>\n<meta property=\"og:url\" content=\"https:\/\/algarve7.pt\/index.php\/2025\/08\/premio-inovacao-regressa-a-feira-da-dieta-mediterranica-para-distinguir-produtos-agroalimentares\/atualidade\/09\/30\/\" \/>\n<meta property=\"og:site_name\" content=\"Algarve 7\" \/>\n<meta property=\"article:publisher\" content=\"https:\/\/www.facebook.com\/algarve7\" \/>\n<meta property=\"article:author\" content=\"https:\/\/www.facebook.com\/algarve7\" \/>\n<meta property=\"article:published_time\" content=\"2025-08-01T08:30:00+00:00\" \/>\n<meta property=\"og:image\" content=\"https:\/\/algarve7.pt\/wp-content\/uploads\/2025\/07\/Dieta-Mediterranica_Premio-Inovacao.jpg\" \/>\n\t<meta property=\"og:image:width\" content=\"800\" \/>\n\t<meta property=\"og:image:height\" content=\"500\" \/>\n\t<meta property=\"og:image:type\" content=\"image\/jpeg\" \/>\n<meta name=\"author\" content=\"Algarve 7\" \/>\n<meta name=\"twitter:card\" content=\"summary_large_image\" \/>\n<meta name=\"twitter:creator\" content=\"@Algarvesete\" \/>\n<meta name=\"twitter:site\" content=\"@Algarvesete\" \/>\n<meta name=\"twitter:label1\" content=\"Escrito por\" \/>\n\t<meta name=\"twitter:data1\" content=\"Algarve 7\" \/>\n\t<meta name=\"twitter:label2\" content=\"Tempo estimado de leitura\" \/>\n\t<meta name=\"twitter:data2\" content=\"3 minutos\" \/>\n<script type=\"application\/ld+json\" class=\"yoast-schema-graph\">{\"@context\":\"https:\\\/\\\/schema.org\",\"@graph\":[{\"@type\":\"Article\",\"@id\":\"https:\\\/\\\/algarve7.pt\\\/index.php\\\/2025\\\/08\\\/premio-inovacao-regressa-a-feira-da-dieta-mediterranica-para-distinguir-produtos-agroalimentares\\\/atualidade\\\/09\\\/30\\\/#article\",\"isPartOf\":{\"@id\":\"https:\\\/\\\/algarve7.pt\\\/index.php\\\/2025\\\/08\\\/premio-inovacao-regressa-a-feira-da-dieta-mediterranica-para-distinguir-produtos-agroalimentares\\\/atualidade\\\/09\\\/30\\\/\"},\"author\":{\"name\":\"Algarve 7\",\"@id\":\"https:\\\/\\\/algarve7.pt\\\/#\\\/schema\\\/person\\\/23fa70681308e7b319a3204bcea45e0c\"},\"headline\":\"Pr\u00e9mio Inova\u00e7\u00e3o regressa \u00e0 Feira da Dieta Mediterr\u00e2nica para distinguir produtos agroalimentares\",\"datePublished\":\"2025-08-01T08:30:00+00:00\",\"mainEntityOfPage\":{\"@id\":\"https:\\\/\\\/algarve7.pt\\\/index.php\\\/2025\\\/08\\\/premio-inovacao-regressa-a-feira-da-dieta-mediterranica-para-distinguir-produtos-agroalimentares\\\/atualidade\\\/09\\\/30\\\/\"},\"wordCount\":391,\"publisher\":{\"@id\":\"https:\\\/\\\/algarve7.pt\\\/#organization\"},\"image\":{\"@id\":\"https:\\\/\\\/algarve7.pt\\\/index.php\\\/2025\\\/08\\\/premio-inovacao-regressa-a-feira-da-dieta-mediterranica-para-distinguir-produtos-agroalimentares\\\/atualidade\\\/09\\\/30\\\/#primaryimage\"},\"thumbnailUrl\":\"https:\\\/\\\/algarve7.pt\\\/wp-content\\\/uploads\\\/2025\\\/07\\\/Dieta-Mediterranica_Premio-Inovacao.jpg\",\"keywords\":[\"Algarve\",\"Atualidade\",\"CCDR Algarve\",\"Tavira\"],\"articleSection\":[\"Atualidade\"],\"inLanguage\":\"pt-PT\"},{\"@type\":\"WebPage\",\"@id\":\"https:\\\/\\\/algarve7.pt\\\/index.php\\\/2025\\\/08\\\/premio-inovacao-regressa-a-feira-da-dieta-mediterranica-para-distinguir-produtos-agroalimentares\\\/atualidade\\\/09\\\/30\\\/\",\"url\":\"https:\\\/\\\/algarve7.pt\\\/index.php\\\/2025\\\/08\\\/premio-inovacao-regressa-a-feira-da-dieta-mediterranica-para-distinguir-produtos-agroalimentares\\\/atualidade\\\/09\\\/30\\\/\",\"name\":\"Pr\u00e9mio Inova\u00e7\u00e3o regressa \u00e0 Feira da Dieta Mediterr\u00e2nica para distinguir produtos agroalimentares - Algarve 7\",\"isPartOf\":{\"@id\":\"https:\\\/\\\/algarve7.pt\\\/#website\"},\"primaryImageOfPage\":{\"@id\":\"https:\\\/\\\/algarve7.pt\\\/index.php\\\/2025\\\/08\\\/premio-inovacao-regressa-a-feira-da-dieta-mediterranica-para-distinguir-produtos-agroalimentares\\\/atualidade\\\/09\\\/30\\\/#primaryimage\"},\"image\":{\"@id\":\"https:\\\/\\\/algarve7.pt\\\/index.php\\\/2025\\\/08\\\/premio-inovacao-regressa-a-feira-da-dieta-mediterranica-para-distinguir-produtos-agroalimentares\\\/atualidade\\\/09\\\/30\\\/#primaryimage\"},\"thumbnailUrl\":\"https:\\\/\\\/algarve7.pt\\\/wp-content\\\/uploads\\\/2025\\\/07\\\/Dieta-Mediterranica_Premio-Inovacao.jpg\",\"datePublished\":\"2025-08-01T08:30:00+00:00\",\"description\":\"Pr\u00e9mio Inova\u00e7\u00e3o regressa \u00e0 Feira da Dieta Mediterr\u00e2nica para distinguir produtos agroalimentares Atualidade\",\"breadcrumb\":{\"@id\":\"https:\\\/\\\/algarve7.pt\\\/index.php\\\/2025\\\/08\\\/premio-inovacao-regressa-a-feira-da-dieta-mediterranica-para-distinguir-produtos-agroalimentares\\\/atualidade\\\/09\\\/30\\\/#breadcrumb\"},\"inLanguage\":\"pt-PT\",\"potentialAction\":[{\"@type\":\"ReadAction\",\"target\":[\"https:\\\/\\\/algarve7.pt\\\/index.php\\\/2025\\\/08\\\/premio-inovacao-regressa-a-feira-da-dieta-mediterranica-para-distinguir-produtos-agroalimentares\\\/atualidade\\\/09\\\/30\\\/\"]}]},{\"@type\":\"ImageObject\",\"inLanguage\":\"pt-PT\",\"@id\":\"https:\\\/\\\/algarve7.pt\\\/index.php\\\/2025\\\/08\\\/premio-inovacao-regressa-a-feira-da-dieta-mediterranica-para-distinguir-produtos-agroalimentares\\\/atualidade\\\/09\\\/30\\\/#primaryimage\",\"url\":\"https:\\\/\\\/algarve7.pt\\\/wp-content\\\/uploads\\\/2025\\\/07\\\/Dieta-Mediterranica_Premio-Inovacao.jpg\",\"contentUrl\":\"https:\\\/\\\/algarve7.pt\\\/wp-content\\\/uploads\\\/2025\\\/07\\\/Dieta-Mediterranica_Premio-Inovacao.jpg\",\"width\":800,\"height\":500},{\"@type\":\"BreadcrumbList\",\"@id\":\"https:\\\/\\\/algarve7.pt\\\/index.php\\\/2025\\\/08\\\/premio-inovacao-regressa-a-feira-da-dieta-mediterranica-para-distinguir-produtos-agroalimentares\\\/atualidade\\\/09\\\/30\\\/#breadcrumb\",\"itemListElement\":[{\"@type\":\"ListItem\",\"position\":1,\"name\":\"In\u00edcio\",\"item\":\"https:\\\/\\\/algarve7.pt\\\/\"},{\"@type\":\"ListItem\",\"position\":2,\"name\":\"Pr\u00e9mio Inova\u00e7\u00e3o regressa \u00e0 Feira da Dieta Mediterr\u00e2nica para distinguir produtos agroalimentares\"}]},{\"@type\":\"WebSite\",\"@id\":\"https:\\\/\\\/algarve7.pt\\\/#website\",\"url\":\"https:\\\/\\\/algarve7.pt\\\/\",\"name\":\"Algarve 7\",\"description\":\"Informa\u00e7\u00e3o sobre o Algarve\",\"publisher\":{\"@id\":\"https:\\\/\\\/algarve7.pt\\\/#organization\"},\"potentialAction\":[{\"@type\":\"SearchAction\",\"target\":{\"@type\":\"EntryPoint\",\"urlTemplate\":\"https:\\\/\\\/algarve7.pt\\\/?s={search_term_string}\"},\"query-input\":{\"@type\":\"PropertyValueSpecification\",\"valueRequired\":true,\"valueName\":\"search_term_string\"}}],\"inLanguage\":\"pt-PT\"},{\"@type\":\"Organization\",\"@id\":\"https:\\\/\\\/algarve7.pt\\\/#organization\",\"name\":\"Algarve 7\",\"url\":\"https:\\\/\\\/algarve7.pt\\\/\",\"logo\":{\"@type\":\"ImageObject\",\"inLanguage\":\"pt-PT\",\"@id\":\"https:\\\/\\\/algarve7.pt\\\/#\\\/schema\\\/logo\\\/image\\\/\",\"url\":\"https:\\\/\\\/algarve7.pt\\\/wp-content\\\/uploads\\\/2020\\\/10\\\/Logo-8.jpg\",\"contentUrl\":\"https:\\\/\\\/algarve7.pt\\\/wp-content\\\/uploads\\\/2020\\\/10\\\/Logo-8.jpg\",\"width\":1680,\"height\":1186,\"caption\":\"Algarve 7\"},\"image\":{\"@id\":\"https:\\\/\\\/algarve7.pt\\\/#\\\/schema\\\/logo\\\/image\\\/\"},\"sameAs\":[\"https:\\\/\\\/www.facebook.com\\\/algarve7\",\"https:\\\/\\\/x.com\\\/Algarvesete\",\"https:\\\/\\\/www.instagram.com\\\/jornalalgarve7\\\/\",\"https:\\\/\\\/www.linkedin.com\\\/company\\\/algarve7\",\"https:\\\/\\\/www.pinterest.pt\\\/geral0939\\\/_created\\\/\"]},{\"@type\":\"Person\",\"@id\":\"https:\\\/\\\/algarve7.pt\\\/#\\\/schema\\\/person\\\/23fa70681308e7b319a3204bcea45e0c\",\"name\":\"Algarve 7\",\"sameAs\":[\"https:\\\/\\\/algarve7.pt\",\"https:\\\/\\\/www.facebook.com\\\/algarve7\"],\"url\":\"https:\\\/\\\/algarve7.pt\\\/index.php\\\/author\\\/geralalgarve7-pt\\\/\"}]}<\/script>\n<!-- \/ Yoast SEO plugin. -->","yoast_head_json":{"title":"Pr\u00e9mio Inova\u00e7\u00e3o regressa \u00e0 Feira da Dieta Mediterr\u00e2nica para distinguir produtos agroalimentares - Algarve 7","description":"Pr\u00e9mio Inova\u00e7\u00e3o regressa \u00e0 Feira da Dieta Mediterr\u00e2nica para distinguir produtos agroalimentares Atualidade","robots":{"index":"index","follow":"follow","max-snippet":"max-snippet:-1","max-image-preview":"max-image-preview:large","max-video-preview":"max-video-preview:-1"},"canonical":"https:\/\/algarve7.pt\/index.php\/2025\/08\/premio-inovacao-regressa-a-feira-da-dieta-mediterranica-para-distinguir-produtos-agroalimentares\/atualidade\/09\/30\/","og_locale":"pt_PT","og_type":"article","og_title":"Pr\u00e9mio Inova\u00e7\u00e3o regressa \u00e0 Feira da Dieta Mediterr\u00e2nica para distinguir produtos agroalimentares - Algarve 7","og_description":"Pr\u00e9mio Inova\u00e7\u00e3o regressa \u00e0 Feira da Dieta Mediterr\u00e2nica para distinguir produtos agroalimentares Atualidade","og_url":"https:\/\/algarve7.pt\/index.php\/2025\/08\/premio-inovacao-regressa-a-feira-da-dieta-mediterranica-para-distinguir-produtos-agroalimentares\/atualidade\/09\/30\/","og_site_name":"Algarve 7","article_publisher":"https:\/\/www.facebook.com\/algarve7","article_author":"https:\/\/www.facebook.com\/algarve7","article_published_time":"2025-08-01T08:30:00+00:00","og_image":[{"width":800,"height":500,"url":"https:\/\/algarve7.pt\/wp-content\/uploads\/2025\/07\/Dieta-Mediterranica_Premio-Inovacao.jpg","type":"image\/jpeg"}],"author":"Algarve 7","twitter_card":"summary_large_image","twitter_creator":"@Algarvesete","twitter_site":"@Algarvesete","twitter_misc":{"Escrito por":"Algarve 7","Tempo estimado de leitura":"3 minutos"},"schema":{"@context":"https:\/\/schema.org","@graph":[{"@type":"Article","@id":"https:\/\/algarve7.pt\/index.php\/2025\/08\/premio-inovacao-regressa-a-feira-da-dieta-mediterranica-para-distinguir-produtos-agroalimentares\/atualidade\/09\/30\/#article","isPartOf":{"@id":"https:\/\/algarve7.pt\/index.php\/2025\/08\/premio-inovacao-regressa-a-feira-da-dieta-mediterranica-para-distinguir-produtos-agroalimentares\/atualidade\/09\/30\/"},"author":{"name":"Algarve 7","@id":"https:\/\/algarve7.pt\/#\/schema\/person\/23fa70681308e7b319a3204bcea45e0c"},"headline":"Pr\u00e9mio Inova\u00e7\u00e3o regressa \u00e0 Feira da Dieta Mediterr\u00e2nica para distinguir produtos agroalimentares","datePublished":"2025-08-01T08:30:00+00:00","mainEntityOfPage":{"@id":"https:\/\/algarve7.pt\/index.php\/2025\/08\/premio-inovacao-regressa-a-feira-da-dieta-mediterranica-para-distinguir-produtos-agroalimentares\/atualidade\/09\/30\/"},"wordCount":391,"publisher":{"@id":"https:\/\/algarve7.pt\/#organization"},"image":{"@id":"https:\/\/algarve7.pt\/index.php\/2025\/08\/premio-inovacao-regressa-a-feira-da-dieta-mediterranica-para-distinguir-produtos-agroalimentares\/atualidade\/09\/30\/#primaryimage"},"thumbnailUrl":"https:\/\/algarve7.pt\/wp-content\/uploads\/2025\/07\/Dieta-Mediterranica_Premio-Inovacao.jpg","keywords":["Algarve","Atualidade","CCDR Algarve","Tavira"],"articleSection":["Atualidade"],"inLanguage":"pt-PT"},{"@type":"WebPage","@id":"https:\/\/algarve7.pt\/index.php\/2025\/08\/premio-inovacao-regressa-a-feira-da-dieta-mediterranica-para-distinguir-produtos-agroalimentares\/atualidade\/09\/30\/","url":"https:\/\/algarve7.pt\/index.php\/2025\/08\/premio-inovacao-regressa-a-feira-da-dieta-mediterranica-para-distinguir-produtos-agroalimentares\/atualidade\/09\/30\/","name":"Pr\u00e9mio Inova\u00e7\u00e3o regressa \u00e0 Feira da Dieta Mediterr\u00e2nica para distinguir produtos agroalimentares - Algarve 7","isPartOf":{"@id":"https:\/\/algarve7.pt\/#website"},"primaryImageOfPage":{"@id":"https:\/\/algarve7.pt\/index.php\/2025\/08\/premio-inovacao-regressa-a-feira-da-dieta-mediterranica-para-distinguir-produtos-agroalimentares\/atualidade\/09\/30\/#primaryimage"},"image":{"@id":"https:\/\/algarve7.pt\/index.php\/2025\/08\/premio-inovacao-regressa-a-feira-da-dieta-mediterranica-para-distinguir-produtos-agroalimentares\/atualidade\/09\/30\/#primaryimage"},"thumbnailUrl":"https:\/\/algarve7.pt\/wp-content\/uploads\/2025\/07\/Dieta-Mediterranica_Premio-Inovacao.jpg","datePublished":"2025-08-01T08:30:00+00:00","description":"Pr\u00e9mio Inova\u00e7\u00e3o regressa \u00e0 Feira da Dieta Mediterr\u00e2nica para distinguir produtos agroalimentares Atualidade","breadcrumb":{"@id":"https:\/\/algarve7.pt\/index.php\/2025\/08\/premio-inovacao-regressa-a-feira-da-dieta-mediterranica-para-distinguir-produtos-agroalimentares\/atualidade\/09\/30\/#breadcrumb"},"inLanguage":"pt-PT","potentialAction":[{"@type":"ReadAction","target":["https:\/\/algarve7.pt\/index.php\/2025\/08\/premio-inovacao-regressa-a-feira-da-dieta-mediterranica-para-distinguir-produtos-agroalimentares\/atualidade\/09\/30\/"]}]},{"@type":"ImageObject","inLanguage":"pt-PT","@id":"https:\/\/algarve7.pt\/index.php\/2025\/08\/premio-inovacao-regressa-a-feira-da-dieta-mediterranica-para-distinguir-produtos-agroalimentares\/atualidade\/09\/30\/#primaryimage","url":"https:\/\/algarve7.pt\/wp-content\/uploads\/2025\/07\/Dieta-Mediterranica_Premio-Inovacao.jpg","contentUrl":"https:\/\/algarve7.pt\/wp-content\/uploads\/2025\/07\/Dieta-Mediterranica_Premio-Inovacao.jpg","width":800,"height":500},{"@type":"BreadcrumbList","@id":"https:\/\/algarve7.pt\/index.php\/2025\/08\/premio-inovacao-regressa-a-feira-da-dieta-mediterranica-para-distinguir-produtos-agroalimentares\/atualidade\/09\/30\/#breadcrumb","itemListElement":[{"@type":"ListItem","position":1,"name":"In\u00edcio","item":"https:\/\/algarve7.pt\/"},{"@type":"ListItem","position":2,"name":"Pr\u00e9mio Inova\u00e7\u00e3o regressa \u00e0 Feira da Dieta Mediterr\u00e2nica para distinguir produtos agroalimentares"}]},{"@type":"WebSite","@id":"https:\/\/algarve7.pt\/#website","url":"https:\/\/algarve7.pt\/","name":"Algarve 7","description":"Informa\u00e7\u00e3o sobre o Algarve","publisher":{"@id":"https:\/\/algarve7.pt\/#organization"},"potentialAction":[{"@type":"SearchAction","target":{"@type":"EntryPoint","urlTemplate":"https:\/\/algarve7.pt\/?s={search_term_string}"},"query-input":{"@type":"PropertyValueSpecification","valueRequired":true,"valueName":"search_term_string"}}],"inLanguage":"pt-PT"},{"@type":"Organization","@id":"https:\/\/algarve7.pt\/#organization","name":"Algarve 7","url":"https:\/\/algarve7.pt\/","logo":{"@type":"ImageObject","inLanguage":"pt-PT","@id":"https:\/\/algarve7.pt\/#\/schema\/logo\/image\/","url":"https:\/\/algarve7.pt\/wp-content\/uploads\/2020\/10\/Logo-8.jpg","contentUrl":"https:\/\/algarve7.pt\/wp-content\/uploads\/2020\/10\/Logo-8.jpg","width":1680,"height":1186,"caption":"Algarve 7"},"image":{"@id":"https:\/\/algarve7.pt\/#\/schema\/logo\/image\/"},"sameAs":["https:\/\/www.facebook.com\/algarve7","https:\/\/x.com\/Algarvesete","https:\/\/www.instagram.com\/jornalalgarve7\/","https:\/\/www.linkedin.com\/company\/algarve7","https:\/\/www.pinterest.pt\/geral0939\/_created\/"]},{"@type":"Person","@id":"https:\/\/algarve7.pt\/#\/schema\/person\/23fa70681308e7b319a3204bcea45e0c","name":"Algarve 7","sameAs":["https:\/\/algarve7.pt","https:\/\/www.facebook.com\/algarve7"],"url":"https:\/\/algarve7.pt\/index.php\/author\/geralalgarve7-pt\/"}]}},"jetpack_publicize_connections":[],"jetpack_featured_media_url":"https:\/\/algarve7.pt\/wp-content\/uploads\/2025\/07\/Dieta-Mediterranica_Premio-Inovacao.jpg","jetpack_shortlink":"https:\/\/wp.me\/pcezmW-dLl","jetpack_sharing_enabled":true,"_links":{"self":[{"href":"https:\/\/algarve7.pt\/index.php\/wp-json\/wp\/v2\/posts\/52907","targetHints":{"allow":["GET"]}}],"collection":[{"href":"https:\/\/algarve7.pt\/index.php\/wp-json\/wp\/v2\/posts"}],"about":[{"href":"https:\/\/algarve7.pt\/index.php\/wp-json\/wp\/v2\/types\/post"}],"author":[{"embeddable":true,"href":"https:\/\/algarve7.pt\/index.php\/wp-json\/wp\/v2\/users\/1"}],"replies":[{"embeddable":true,"href":"https:\/\/algarve7.pt\/index.php\/wp-json\/wp\/v2\/comments?post=52907"}],"version-history":[{"count":0,"href":"https:\/\/algarve7.pt\/index.php\/wp-json\/wp\/v2\/posts\/52907\/revisions"}],"wp:featuredmedia":[{"embeddable":true,"href":"https:\/\/algarve7.pt\/index.php\/wp-json\/wp\/v2\/media\/52908"}],"wp:attachment":[{"href":"https:\/\/algarve7.pt\/index.php\/wp-json\/wp\/v2\/media?parent=52907"}],"wp:term":[{"taxonomy":"category","embeddable":true,"href":"https:\/\/algarve7.pt\/index.php\/wp-json\/wp\/v2\/categories?post=52907"},{"taxonomy":"post_tag","embeddable":true,"href":"https:\/\/algarve7.pt\/index.php\/wp-json\/wp\/v2\/tags?post=52907"}],"curies":[{"name":"wp","href":"https:\/\/api.w.org\/{rel}","templated":true}]}}