{"id":52883,"date":"2025-07-31T09:40:00","date_gmt":"2025-07-31T08:40:00","guid":{"rendered":"https:\/\/algarve7.pt\/?p=52883"},"modified":"2025-07-30T18:35:37","modified_gmt":"2025-07-30T17:35:37","slug":"ja-sao-conhecidos-os-vencedores-das-primeiras-etapas-do-verao-desportivo-de-albufeira","status":"publish","type":"post","link":"https:\/\/algarve7.pt\/index.php\/2025\/07\/ja-sao-conhecidos-os-vencedores-das-primeiras-etapas-do-verao-desportivo-de-albufeira\/desporto\/09\/40\/","title":{"rendered":"J\u00e1 s\u00e3o conhecidos os vencedores das primeiras etapas do \u201cver\u00e3o desportivo\u201d de Albufeira"},"content":{"rendered":"\n<p>Chegou ao fim a primeira etapa dos Torneios de Voleibol e Futev\u00f3lei de Praia integrados na programa\u00e7\u00e3o do \u201cVer\u00e3o Desportivo Albufeira 2025\u201d. A iniciativa organizada pela C\u00e2mara Municipal de Albufeira trouxe, ao longo do m\u00eas de julho, tr\u00eas competi\u00e7\u00f5es que atra\u00edram centenas de turistas e residentes \u00e0 Praia dos Pescadores, um dos pontos mais emblem\u00e1ticos do concelho.&nbsp;<\/p>\n\n\n\n<p>David Dias e Nelson Brites foram os grandes vencedores do primeiro torneio de futev\u00f3lei depois de terem vencido Tiago Neves e Francisco Gon\u00e7alves. J\u00e1 na 2.\u00aa edi\u00e7\u00e3o, que decorreu no passado dia 26 de julho, o primeiro lugar no p\u00f3dio foi ocupado pela dupla Bruno Xavier e Alexandre Oliveira, depois de uma partida bem disputada contra os segundos classificados Tiago Neves e Alexandre Bentes.<\/p>\n\n\n\n<p>No voleibol, a competi\u00e7\u00e3o estreou a 20 de julho, com 32 duplas, 20 masculinas e 12 femininas. A I Etapa foi vencida pela dupla Ruben Rockets e Davi Brito e Carolina Carmo e Giada Ripa, nas categorias a concurso.<\/p>\n\n\n\n<p>A pr\u00f3xima etapa arranca no s\u00e1bado, dia 2 de agosto, no areal da Praia dos Pescadores. A participa\u00e7\u00e3o \u00e9 gratuita e as inscri\u00e7\u00f5es j\u00e1 est\u00e3o abertas.&nbsp;<\/p>\n\n\n\n<p>Os interessados devem enviar um email para desporto@cm-albufeira.pt com nome, data de nascimento, n\u00famero de identifica\u00e7\u00e3o fiscal, n\u00famero de telem\u00f3vel e o email dos participantes.&nbsp;<\/p>\n\n\n\n<p>Refira-se, igualmente, que a par dos torneios, o programa, que pretende incentivar \u00e0 pr\u00e1tica de exerc\u00edcio f\u00edsico e promover h\u00e1bitos de vida saud\u00e1veis junto dos veraneantes, oferece ainda aulas de fitness em v\u00e1rias praias do concelho. As sess\u00f5es do \u201cFitness na Praia\u201d decorrem sempre \u00e0s 18h00, \u00e0s segundas e quartas-feiras na Praia dos Pescadores; \u00e0s ter\u00e7as-feiras na Praia da Rocha Baixinha e \u00e0s quintas-feiras na Praia dos Salgados.<\/p>\n","protected":false},"excerpt":{"rendered":"<p>Chegou ao fim a primeira etapa dos Torneios de Voleibol e Futev\u00f3lei de Praia integrados na programa\u00e7\u00e3o do \u201cVer\u00e3o Desportivo<\/p>\n","protected":false},"author":1,"featured_media":52884,"comment_status":"closed","ping_status":"closed","sticky":false,"template":"","format":"standard","meta":{"colormag_page_container_layout":"default_layout","colormag_page_sidebar_layout":"default_layout","_monsterinsights_skip_tracking":false,"_monsterinsights_sitenote_active":false,"_monsterinsights_sitenote_note":"","_monsterinsights_sitenote_category":0,"jetpack_post_was_ever_published":false,"_jetpack_newsletter_access":"","_jetpack_dont_email_post_to_subs":false,"_jetpack_newsletter_tier_id":0,"_jetpack_memberships_contains_paywalled_content":false,"_jetpack_memberships_contains_paid_content":false,"footnotes":"","jetpack_publicize_message":"","jetpack_publicize_feature_enabled":true,"jetpack_social_post_already_shared":false,"jetpack_social_options":{"image_generator_settings":{"template":"highway","default_image_id":0,"font":"","enabled":false},"version":2}},"categories":[15],"tags":[155,36,40],"class_list":["post-52883","post","type-post","status-publish","format-standard","has-post-thumbnail","hentry","category-desporto","tag-albufeira","tag-algarve","tag-desporto"],"yoast_head":"<!-- This site is optimized with the Yoast SEO plugin v27.5 - https:\/\/yoast.com\/product\/yoast-seo-wordpress\/ -->\n<title>J\u00e1 s\u00e3o conhecidos os vencedores das primeiras etapas do \u201cver\u00e3o desportivo\u201d de Albufeira - Algarve 7<\/title>\n<meta name=\"description\" content=\"J\u00e1 s\u00e3o conhecidos os vencedores das primeiras etapas do \u201cver\u00e3o desportivo\u201d de Albufeira Desporto\" \/>\n<meta name=\"robots\" content=\"index, follow, max-snippet:-1, max-image-preview:large, max-video-preview:-1\" \/>\n<link rel=\"canonical\" href=\"https:\/\/algarve7.pt\/index.php\/2025\/07\/ja-sao-conhecidos-os-vencedores-das-primeiras-etapas-do-verao-desportivo-de-albufeira\/desporto\/09\/40\/\" \/>\n<meta property=\"og:locale\" content=\"pt_PT\" \/>\n<meta property=\"og:type\" content=\"article\" \/>\n<meta property=\"og:title\" content=\"J\u00e1 s\u00e3o conhecidos os vencedores das primeiras etapas do \u201cver\u00e3o desportivo\u201d de Albufeira - Algarve 7\" \/>\n<meta property=\"og:description\" content=\"J\u00e1 s\u00e3o conhecidos os vencedores das primeiras etapas do \u201cver\u00e3o desportivo\u201d de Albufeira Desporto\" \/>\n<meta property=\"og:url\" content=\"https:\/\/algarve7.pt\/index.php\/2025\/07\/ja-sao-conhecidos-os-vencedores-das-primeiras-etapas-do-verao-desportivo-de-albufeira\/desporto\/09\/40\/\" \/>\n<meta property=\"og:site_name\" content=\"Algarve 7\" \/>\n<meta property=\"article:publisher\" content=\"https:\/\/www.facebook.com\/algarve7\" \/>\n<meta property=\"article:author\" content=\"https:\/\/www.facebook.com\/algarve7\" \/>\n<meta property=\"article:published_time\" content=\"2025-07-31T08:40:00+00:00\" \/>\n<meta property=\"og:image\" content=\"https:\/\/algarve7.pt\/wp-content\/uploads\/2025\/07\/fitness-na-praia.jpg\" \/>\n\t<meta property=\"og:image:width\" content=\"800\" \/>\n\t<meta property=\"og:image:height\" content=\"500\" \/>\n\t<meta property=\"og:image:type\" content=\"image\/jpeg\" \/>\n<meta name=\"author\" content=\"Algarve 7\" \/>\n<meta name=\"twitter:card\" content=\"summary_large_image\" \/>\n<meta name=\"twitter:creator\" content=\"@Algarvesete\" \/>\n<meta name=\"twitter:site\" content=\"@Algarvesete\" \/>\n<meta name=\"twitter:label1\" content=\"Escrito por\" \/>\n\t<meta name=\"twitter:data1\" content=\"Algarve 7\" \/>\n\t<meta name=\"twitter:label2\" content=\"Tempo estimado de leitura\" \/>\n\t<meta name=\"twitter:data2\" content=\"2 minutos\" \/>\n<script type=\"application\/ld+json\" class=\"yoast-schema-graph\">{\"@context\":\"https:\\\/\\\/schema.org\",\"@graph\":[{\"@type\":\"Article\",\"@id\":\"https:\\\/\\\/algarve7.pt\\\/index.php\\\/2025\\\/07\\\/ja-sao-conhecidos-os-vencedores-das-primeiras-etapas-do-verao-desportivo-de-albufeira\\\/desporto\\\/09\\\/40\\\/#article\",\"isPartOf\":{\"@id\":\"https:\\\/\\\/algarve7.pt\\\/index.php\\\/2025\\\/07\\\/ja-sao-conhecidos-os-vencedores-das-primeiras-etapas-do-verao-desportivo-de-albufeira\\\/desporto\\\/09\\\/40\\\/\"},\"author\":{\"name\":\"Algarve 7\",\"@id\":\"https:\\\/\\\/algarve7.pt\\\/#\\\/schema\\\/person\\\/23fa70681308e7b319a3204bcea45e0c\"},\"headline\":\"J\u00e1 s\u00e3o conhecidos os vencedores das primeiras etapas do \u201cver\u00e3o desportivo\u201d de Albufeira\",\"datePublished\":\"2025-07-31T08:40:00+00:00\",\"mainEntityOfPage\":{\"@id\":\"https:\\\/\\\/algarve7.pt\\\/index.php\\\/2025\\\/07\\\/ja-sao-conhecidos-os-vencedores-das-primeiras-etapas-do-verao-desportivo-de-albufeira\\\/desporto\\\/09\\\/40\\\/\"},\"wordCount\":319,\"publisher\":{\"@id\":\"https:\\\/\\\/algarve7.pt\\\/#organization\"},\"image\":{\"@id\":\"https:\\\/\\\/algarve7.pt\\\/index.php\\\/2025\\\/07\\\/ja-sao-conhecidos-os-vencedores-das-primeiras-etapas-do-verao-desportivo-de-albufeira\\\/desporto\\\/09\\\/40\\\/#primaryimage\"},\"thumbnailUrl\":\"https:\\\/\\\/algarve7.pt\\\/wp-content\\\/uploads\\\/2025\\\/07\\\/fitness-na-praia.jpg\",\"keywords\":[\"Albufeira\",\"Algarve\",\"Desporto\"],\"articleSection\":[\"Desporto\"],\"inLanguage\":\"pt-PT\"},{\"@type\":\"WebPage\",\"@id\":\"https:\\\/\\\/algarve7.pt\\\/index.php\\\/2025\\\/07\\\/ja-sao-conhecidos-os-vencedores-das-primeiras-etapas-do-verao-desportivo-de-albufeira\\\/desporto\\\/09\\\/40\\\/\",\"url\":\"https:\\\/\\\/algarve7.pt\\\/index.php\\\/2025\\\/07\\\/ja-sao-conhecidos-os-vencedores-das-primeiras-etapas-do-verao-desportivo-de-albufeira\\\/desporto\\\/09\\\/40\\\/\",\"name\":\"J\u00e1 s\u00e3o conhecidos os vencedores das primeiras etapas do \u201cver\u00e3o desportivo\u201d de Albufeira - Algarve 7\",\"isPartOf\":{\"@id\":\"https:\\\/\\\/algarve7.pt\\\/#website\"},\"primaryImageOfPage\":{\"@id\":\"https:\\\/\\\/algarve7.pt\\\/index.php\\\/2025\\\/07\\\/ja-sao-conhecidos-os-vencedores-das-primeiras-etapas-do-verao-desportivo-de-albufeira\\\/desporto\\\/09\\\/40\\\/#primaryimage\"},\"image\":{\"@id\":\"https:\\\/\\\/algarve7.pt\\\/index.php\\\/2025\\\/07\\\/ja-sao-conhecidos-os-vencedores-das-primeiras-etapas-do-verao-desportivo-de-albufeira\\\/desporto\\\/09\\\/40\\\/#primaryimage\"},\"thumbnailUrl\":\"https:\\\/\\\/algarve7.pt\\\/wp-content\\\/uploads\\\/2025\\\/07\\\/fitness-na-praia.jpg\",\"datePublished\":\"2025-07-31T08:40:00+00:00\",\"description\":\"J\u00e1 s\u00e3o conhecidos os vencedores das primeiras etapas do \u201cver\u00e3o desportivo\u201d de Albufeira Desporto\",\"breadcrumb\":{\"@id\":\"https:\\\/\\\/algarve7.pt\\\/index.php\\\/2025\\\/07\\\/ja-sao-conhecidos-os-vencedores-das-primeiras-etapas-do-verao-desportivo-de-albufeira\\\/desporto\\\/09\\\/40\\\/#breadcrumb\"},\"inLanguage\":\"pt-PT\",\"potentialAction\":[{\"@type\":\"ReadAction\",\"target\":[\"https:\\\/\\\/algarve7.pt\\\/index.php\\\/2025\\\/07\\\/ja-sao-conhecidos-os-vencedores-das-primeiras-etapas-do-verao-desportivo-de-albufeira\\\/desporto\\\/09\\\/40\\\/\"]}]},{\"@type\":\"ImageObject\",\"inLanguage\":\"pt-PT\",\"@id\":\"https:\\\/\\\/algarve7.pt\\\/index.php\\\/2025\\\/07\\\/ja-sao-conhecidos-os-vencedores-das-primeiras-etapas-do-verao-desportivo-de-albufeira\\\/desporto\\\/09\\\/40\\\/#primaryimage\",\"url\":\"https:\\\/\\\/algarve7.pt\\\/wp-content\\\/uploads\\\/2025\\\/07\\\/fitness-na-praia.jpg\",\"contentUrl\":\"https:\\\/\\\/algarve7.pt\\\/wp-content\\\/uploads\\\/2025\\\/07\\\/fitness-na-praia.jpg\",\"width\":800,\"height\":500},{\"@type\":\"BreadcrumbList\",\"@id\":\"https:\\\/\\\/algarve7.pt\\\/index.php\\\/2025\\\/07\\\/ja-sao-conhecidos-os-vencedores-das-primeiras-etapas-do-verao-desportivo-de-albufeira\\\/desporto\\\/09\\\/40\\\/#breadcrumb\",\"itemListElement\":[{\"@type\":\"ListItem\",\"position\":1,\"name\":\"In\u00edcio\",\"item\":\"https:\\\/\\\/algarve7.pt\\\/\"},{\"@type\":\"ListItem\",\"position\":2,\"name\":\"J\u00e1 s\u00e3o conhecidos os vencedores das primeiras etapas do \u201cver\u00e3o desportivo\u201d de Albufeira\"}]},{\"@type\":\"WebSite\",\"@id\":\"https:\\\/\\\/algarve7.pt\\\/#website\",\"url\":\"https:\\\/\\\/algarve7.pt\\\/\",\"name\":\"Algarve 7\",\"description\":\"Informa\u00e7\u00e3o sobre o Algarve\",\"publisher\":{\"@id\":\"https:\\\/\\\/algarve7.pt\\\/#organization\"},\"potentialAction\":[{\"@type\":\"SearchAction\",\"target\":{\"@type\":\"EntryPoint\",\"urlTemplate\":\"https:\\\/\\\/algarve7.pt\\\/?s={search_term_string}\"},\"query-input\":{\"@type\":\"PropertyValueSpecification\",\"valueRequired\":true,\"valueName\":\"search_term_string\"}}],\"inLanguage\":\"pt-PT\"},{\"@type\":\"Organization\",\"@id\":\"https:\\\/\\\/algarve7.pt\\\/#organization\",\"name\":\"Algarve 7\",\"url\":\"https:\\\/\\\/algarve7.pt\\\/\",\"logo\":{\"@type\":\"ImageObject\",\"inLanguage\":\"pt-PT\",\"@id\":\"https:\\\/\\\/algarve7.pt\\\/#\\\/schema\\\/logo\\\/image\\\/\",\"url\":\"https:\\\/\\\/algarve7.pt\\\/wp-content\\\/uploads\\\/2020\\\/10\\\/Logo-8.jpg\",\"contentUrl\":\"https:\\\/\\\/algarve7.pt\\\/wp-content\\\/uploads\\\/2020\\\/10\\\/Logo-8.jpg\",\"width\":1680,\"height\":1186,\"caption\":\"Algarve 7\"},\"image\":{\"@id\":\"https:\\\/\\\/algarve7.pt\\\/#\\\/schema\\\/logo\\\/image\\\/\"},\"sameAs\":[\"https:\\\/\\\/www.facebook.com\\\/algarve7\",\"https:\\\/\\\/x.com\\\/Algarvesete\",\"https:\\\/\\\/www.instagram.com\\\/jornalalgarve7\\\/\",\"https:\\\/\\\/www.linkedin.com\\\/company\\\/algarve7\",\"https:\\\/\\\/www.pinterest.pt\\\/geral0939\\\/_created\\\/\"]},{\"@type\":\"Person\",\"@id\":\"https:\\\/\\\/algarve7.pt\\\/#\\\/schema\\\/person\\\/23fa70681308e7b319a3204bcea45e0c\",\"name\":\"Algarve 7\",\"sameAs\":[\"https:\\\/\\\/algarve7.pt\",\"https:\\\/\\\/www.facebook.com\\\/algarve7\"],\"url\":\"https:\\\/\\\/algarve7.pt\\\/index.php\\\/author\\\/geralalgarve7-pt\\\/\"}]}<\/script>\n<!-- \/ Yoast SEO plugin. -->","yoast_head_json":{"title":"J\u00e1 s\u00e3o conhecidos os vencedores das primeiras etapas do \u201cver\u00e3o desportivo\u201d de Albufeira - Algarve 7","description":"J\u00e1 s\u00e3o conhecidos os vencedores das primeiras etapas do \u201cver\u00e3o desportivo\u201d de Albufeira Desporto","robots":{"index":"index","follow":"follow","max-snippet":"max-snippet:-1","max-image-preview":"max-image-preview:large","max-video-preview":"max-video-preview:-1"},"canonical":"https:\/\/algarve7.pt\/index.php\/2025\/07\/ja-sao-conhecidos-os-vencedores-das-primeiras-etapas-do-verao-desportivo-de-albufeira\/desporto\/09\/40\/","og_locale":"pt_PT","og_type":"article","og_title":"J\u00e1 s\u00e3o conhecidos os vencedores das primeiras etapas do \u201cver\u00e3o desportivo\u201d de Albufeira - Algarve 7","og_description":"J\u00e1 s\u00e3o conhecidos os vencedores das primeiras etapas do \u201cver\u00e3o desportivo\u201d de Albufeira Desporto","og_url":"https:\/\/algarve7.pt\/index.php\/2025\/07\/ja-sao-conhecidos-os-vencedores-das-primeiras-etapas-do-verao-desportivo-de-albufeira\/desporto\/09\/40\/","og_site_name":"Algarve 7","article_publisher":"https:\/\/www.facebook.com\/algarve7","article_author":"https:\/\/www.facebook.com\/algarve7","article_published_time":"2025-07-31T08:40:00+00:00","og_image":[{"width":800,"height":500,"url":"https:\/\/algarve7.pt\/wp-content\/uploads\/2025\/07\/fitness-na-praia.jpg","type":"image\/jpeg"}],"author":"Algarve 7","twitter_card":"summary_large_image","twitter_creator":"@Algarvesete","twitter_site":"@Algarvesete","twitter_misc":{"Escrito por":"Algarve 7","Tempo estimado de leitura":"2 minutos"},"schema":{"@context":"https:\/\/schema.org","@graph":[{"@type":"Article","@id":"https:\/\/algarve7.pt\/index.php\/2025\/07\/ja-sao-conhecidos-os-vencedores-das-primeiras-etapas-do-verao-desportivo-de-albufeira\/desporto\/09\/40\/#article","isPartOf":{"@id":"https:\/\/algarve7.pt\/index.php\/2025\/07\/ja-sao-conhecidos-os-vencedores-das-primeiras-etapas-do-verao-desportivo-de-albufeira\/desporto\/09\/40\/"},"author":{"name":"Algarve 7","@id":"https:\/\/algarve7.pt\/#\/schema\/person\/23fa70681308e7b319a3204bcea45e0c"},"headline":"J\u00e1 s\u00e3o conhecidos os vencedores das primeiras etapas do \u201cver\u00e3o desportivo\u201d de Albufeira","datePublished":"2025-07-31T08:40:00+00:00","mainEntityOfPage":{"@id":"https:\/\/algarve7.pt\/index.php\/2025\/07\/ja-sao-conhecidos-os-vencedores-das-primeiras-etapas-do-verao-desportivo-de-albufeira\/desporto\/09\/40\/"},"wordCount":319,"publisher":{"@id":"https:\/\/algarve7.pt\/#organization"},"image":{"@id":"https:\/\/algarve7.pt\/index.php\/2025\/07\/ja-sao-conhecidos-os-vencedores-das-primeiras-etapas-do-verao-desportivo-de-albufeira\/desporto\/09\/40\/#primaryimage"},"thumbnailUrl":"https:\/\/algarve7.pt\/wp-content\/uploads\/2025\/07\/fitness-na-praia.jpg","keywords":["Albufeira","Algarve","Desporto"],"articleSection":["Desporto"],"inLanguage":"pt-PT"},{"@type":"WebPage","@id":"https:\/\/algarve7.pt\/index.php\/2025\/07\/ja-sao-conhecidos-os-vencedores-das-primeiras-etapas-do-verao-desportivo-de-albufeira\/desporto\/09\/40\/","url":"https:\/\/algarve7.pt\/index.php\/2025\/07\/ja-sao-conhecidos-os-vencedores-das-primeiras-etapas-do-verao-desportivo-de-albufeira\/desporto\/09\/40\/","name":"J\u00e1 s\u00e3o conhecidos os vencedores das primeiras etapas do \u201cver\u00e3o desportivo\u201d de Albufeira - Algarve 7","isPartOf":{"@id":"https:\/\/algarve7.pt\/#website"},"primaryImageOfPage":{"@id":"https:\/\/algarve7.pt\/index.php\/2025\/07\/ja-sao-conhecidos-os-vencedores-das-primeiras-etapas-do-verao-desportivo-de-albufeira\/desporto\/09\/40\/#primaryimage"},"image":{"@id":"https:\/\/algarve7.pt\/index.php\/2025\/07\/ja-sao-conhecidos-os-vencedores-das-primeiras-etapas-do-verao-desportivo-de-albufeira\/desporto\/09\/40\/#primaryimage"},"thumbnailUrl":"https:\/\/algarve7.pt\/wp-content\/uploads\/2025\/07\/fitness-na-praia.jpg","datePublished":"2025-07-31T08:40:00+00:00","description":"J\u00e1 s\u00e3o conhecidos os vencedores das primeiras etapas do \u201cver\u00e3o desportivo\u201d de Albufeira Desporto","breadcrumb":{"@id":"https:\/\/algarve7.pt\/index.php\/2025\/07\/ja-sao-conhecidos-os-vencedores-das-primeiras-etapas-do-verao-desportivo-de-albufeira\/desporto\/09\/40\/#breadcrumb"},"inLanguage":"pt-PT","potentialAction":[{"@type":"ReadAction","target":["https:\/\/algarve7.pt\/index.php\/2025\/07\/ja-sao-conhecidos-os-vencedores-das-primeiras-etapas-do-verao-desportivo-de-albufeira\/desporto\/09\/40\/"]}]},{"@type":"ImageObject","inLanguage":"pt-PT","@id":"https:\/\/algarve7.pt\/index.php\/2025\/07\/ja-sao-conhecidos-os-vencedores-das-primeiras-etapas-do-verao-desportivo-de-albufeira\/desporto\/09\/40\/#primaryimage","url":"https:\/\/algarve7.pt\/wp-content\/uploads\/2025\/07\/fitness-na-praia.jpg","contentUrl":"https:\/\/algarve7.pt\/wp-content\/uploads\/2025\/07\/fitness-na-praia.jpg","width":800,"height":500},{"@type":"BreadcrumbList","@id":"https:\/\/algarve7.pt\/index.php\/2025\/07\/ja-sao-conhecidos-os-vencedores-das-primeiras-etapas-do-verao-desportivo-de-albufeira\/desporto\/09\/40\/#breadcrumb","itemListElement":[{"@type":"ListItem","position":1,"name":"In\u00edcio","item":"https:\/\/algarve7.pt\/"},{"@type":"ListItem","position":2,"name":"J\u00e1 s\u00e3o conhecidos os vencedores das primeiras etapas do \u201cver\u00e3o desportivo\u201d de Albufeira"}]},{"@type":"WebSite","@id":"https:\/\/algarve7.pt\/#website","url":"https:\/\/algarve7.pt\/","name":"Algarve 7","description":"Informa\u00e7\u00e3o sobre o Algarve","publisher":{"@id":"https:\/\/algarve7.pt\/#organization"},"potentialAction":[{"@type":"SearchAction","target":{"@type":"EntryPoint","urlTemplate":"https:\/\/algarve7.pt\/?s={search_term_string}"},"query-input":{"@type":"PropertyValueSpecification","valueRequired":true,"valueName":"search_term_string"}}],"inLanguage":"pt-PT"},{"@type":"Organization","@id":"https:\/\/algarve7.pt\/#organization","name":"Algarve 7","url":"https:\/\/algarve7.pt\/","logo":{"@type":"ImageObject","inLanguage":"pt-PT","@id":"https:\/\/algarve7.pt\/#\/schema\/logo\/image\/","url":"https:\/\/algarve7.pt\/wp-content\/uploads\/2020\/10\/Logo-8.jpg","contentUrl":"https:\/\/algarve7.pt\/wp-content\/uploads\/2020\/10\/Logo-8.jpg","width":1680,"height":1186,"caption":"Algarve 7"},"image":{"@id":"https:\/\/algarve7.pt\/#\/schema\/logo\/image\/"},"sameAs":["https:\/\/www.facebook.com\/algarve7","https:\/\/x.com\/Algarvesete","https:\/\/www.instagram.com\/jornalalgarve7\/","https:\/\/www.linkedin.com\/company\/algarve7","https:\/\/www.pinterest.pt\/geral0939\/_created\/"]},{"@type":"Person","@id":"https:\/\/algarve7.pt\/#\/schema\/person\/23fa70681308e7b319a3204bcea45e0c","name":"Algarve 7","sameAs":["https:\/\/algarve7.pt","https:\/\/www.facebook.com\/algarve7"],"url":"https:\/\/algarve7.pt\/index.php\/author\/geralalgarve7-pt\/"}]}},"jetpack_publicize_connections":[],"jetpack_featured_media_url":"https:\/\/algarve7.pt\/wp-content\/uploads\/2025\/07\/fitness-na-praia.jpg","jetpack_shortlink":"https:\/\/wp.me\/pcezmW-dKX","jetpack_sharing_enabled":true,"_links":{"self":[{"href":"https:\/\/algarve7.pt\/index.php\/wp-json\/wp\/v2\/posts\/52883","targetHints":{"allow":["GET"]}}],"collection":[{"href":"https:\/\/algarve7.pt\/index.php\/wp-json\/wp\/v2\/posts"}],"about":[{"href":"https:\/\/algarve7.pt\/index.php\/wp-json\/wp\/v2\/types\/post"}],"author":[{"embeddable":true,"href":"https:\/\/algarve7.pt\/index.php\/wp-json\/wp\/v2\/users\/1"}],"replies":[{"embeddable":true,"href":"https:\/\/algarve7.pt\/index.php\/wp-json\/wp\/v2\/comments?post=52883"}],"version-history":[{"count":0,"href":"https:\/\/algarve7.pt\/index.php\/wp-json\/wp\/v2\/posts\/52883\/revisions"}],"wp:featuredmedia":[{"embeddable":true,"href":"https:\/\/algarve7.pt\/index.php\/wp-json\/wp\/v2\/media\/52884"}],"wp:attachment":[{"href":"https:\/\/algarve7.pt\/index.php\/wp-json\/wp\/v2\/media?parent=52883"}],"wp:term":[{"taxonomy":"category","embeddable":true,"href":"https:\/\/algarve7.pt\/index.php\/wp-json\/wp\/v2\/categories?post=52883"},{"taxonomy":"post_tag","embeddable":true,"href":"https:\/\/algarve7.pt\/index.php\/wp-json\/wp\/v2\/tags?post=52883"}],"curies":[{"name":"wp","href":"https:\/\/api.w.org\/{rel}","templated":true}]}}