{"id":52877,"date":"2025-07-31T09:14:00","date_gmt":"2025-07-31T08:14:00","guid":{"rendered":"https:\/\/algarve7.pt\/?p=52877"},"modified":"2025-07-30T18:16:02","modified_gmt":"2025-07-30T17:16:02","slug":"mais-investimento-mais-profissionais-o-compromisso-da-uls-algarve-com-a-saude","status":"publish","type":"post","link":"https:\/\/algarve7.pt\/index.php\/2025\/07\/mais-investimento-mais-profissionais-o-compromisso-da-uls-algarve-com-a-saude\/saude\/09\/14\/","title":{"rendered":"Mais Investimento, Mais Profissionais: O Compromisso da ULS Algarve com a Sa\u00fade"},"content":{"rendered":"\n<p>O atual Conselho de Administra\u00e7\u00e3o da Unidade Local de Sa\u00fade (ULS) do Algarve tem mantido, desde que tomou posse a 31 de outubro de 2024, constante di\u00e1logo atrav\u00e9s de reuni\u00f5es realizadas com as principais estruturas representativas dos v\u00e1rios setores profissionais, com total abertura para falar sobre os principais problemas, auscultar as suas reivindica\u00e7\u00f5es, acolher as suas sugest\u00f5es e acima de tudo trabalhar conjuntamente nas solu\u00e7\u00f5es em prol dos trabalhadores da sa\u00fade.<\/p>\n\n\n\n<p>A este prop\u00f3sito, e a t\u00edtulo de exemplo recente, o Conselho de Administra\u00e7\u00e3o da ULS Algarve teve oportunidade de reunir ainda no decurso deste m\u00eas de julho com os representantes da Ordem dos Enfermeiros e com o Secret\u00e1rio Geral do Sindicato Independente dos M\u00e9dicos em reuni\u00f5es de trabalho bastante prof\u00edcuas onde ficou bem patente a disponibilidade de todas as entidades para continuarem a trabalhar conjuntamente.<\/p>\n\n\n\n<p>Naturalmente que num setor como a Sa\u00fade existem sempre problemas para resolver e reivindica\u00e7\u00f5es dos v\u00e1rios setores profissionais. No entanto \u00e9 importante sublinhar todo o trabalho proactivo e empenhado que o atual Conselho de Administra\u00e7\u00e3o da ULS Algarve tem vindo a desenvolver ao longo deste \u00faltimo ano.<\/p>\n\n\n\n<p>Destaque para a \u00e1rea dos Recursos Humanos, onde a ULS tem trabalhado de forma ativa, alicer\u00e7ada no cumprimento dos compromissos de valoriza\u00e7\u00e3o profissional no SNS; na aplica\u00e7\u00e3o correta e rigorosa dos crit\u00e9rios do sistema de avalia\u00e7\u00e3o de desempenho \u2013 SIADAP \u2013 a todos os profissionais, como \u00e9 o caso dos enfermeiros da \u00e1rea hospitalar que ser\u00e3o em 2025 avaliados pelo m\u00e9todo padr\u00e3o (compet\u00eancias e objetivos), o que \u00e9 in\u00e9dito; nas medidas de valoriza\u00e7\u00e3o das carreiras ou na abertura de procedimentos p\u00fablicos para contrata\u00e7\u00e3o de novos profissionais nas mais variadas \u00e1reas.<\/p>\n\n\n\n<p>A t\u00edtulo de exemplo, e tal como j\u00e1 hav\u00edamos anunciado publicamente, a ULS Algarve pagou, entre os meses de janeiro e maio de 2025, mais 17,7 milh\u00f5es de euros aos profissionais afetos \u00e0 institui\u00e7\u00e3o, em compara\u00e7\u00e3o com igual per\u00edodo hom\u00f3logo de 2024.<\/p>\n\n\n\n<p>Em causa, um crescimento da despesa salarial de cerca de 17%, sendo o grupo profissional dos enfermeiros o que mais cresceu, com cerca de 11,5 milh\u00f5es de euros, ou seja, mais 26,5% no valor de remunera\u00e7\u00f5es pagas aos cerca de 2.350 profissionais desta \u00e1rea na institui\u00e7\u00e3o \u2013 mais 5 mil euros por enfermeiro \u2013 principalmente devido \u00e0 aplica\u00e7\u00e3o do regime legal aprovado pelo Governo no decreto-lei 111\/2024.<\/p>\n\n\n\n<p>Relativamente \u00e0 politica de recrutamento e contrata\u00e7\u00e3o de novos profissionais para as v\u00e1rias categorias, a ULS Algarve tem tamb\u00e9m nesta \u00e1rea mantido uma atitude muito proactiva atrav\u00e9s da abertura de diversas bolsas de recrutamento e de procedimentos concursais, dispon\u00edveis no website da institui\u00e7\u00e3o, com especial incid\u00eancia nas \u00e1reas mais carenciadas e para m\u00e9dicos e enfermeiros.<\/p>\n\n\n\n<p>A t\u00edtulo de exemplo e refletindo o empenho na contrata\u00e7\u00e3o de novos profissionais, a ULS Algarve assinou ainda em julho contratos com 13 m\u00e9dicos de Medicina Geral e Familiar (MGF) que v\u00e3o estar ao servi\u00e7o da popula\u00e7\u00e3o nos v\u00e1rios Centros de Sa\u00fade da regi\u00e3o.<\/p>\n\n\n\n<p>Em termos da contrata\u00e7\u00e3o de m\u00e9dicos e de enfermeiros foram recrutados para a \u00e1rea hospitalar, desde 1 de novembro do ano transato, 45 enfermeiros e 65 m\u00e9dicos.<\/p>\n\n\n\n<p>Em breve ser\u00e1 anunciado o maior pacote coerente de investimento em instala\u00e7\u00f5es e equipamentos de sempre na ULS Algarve, com financiamento comunit\u00e1rio, o que acompanha a vis\u00e3o de moderniza\u00e7\u00e3o e requalifica\u00e7\u00e3o do SNS no Algarve.<\/p>\n","protected":false},"excerpt":{"rendered":"<p>O atual Conselho de Administra\u00e7\u00e3o da Unidade Local de Sa\u00fade (ULS) do Algarve tem mantido, desde que tomou posse a<\/p>\n","protected":false},"author":1,"featured_media":19328,"comment_status":"closed","ping_status":"closed","sticky":false,"template":"","format":"standard","meta":{"colormag_page_container_layout":"default_layout","colormag_page_sidebar_layout":"default_layout","_monsterinsights_skip_tracking":false,"_monsterinsights_sitenote_active":false,"_monsterinsights_sitenote_note":"","_monsterinsights_sitenote_category":0,"jetpack_post_was_ever_published":false,"_jetpack_newsletter_access":"","_jetpack_dont_email_post_to_subs":false,"_jetpack_newsletter_tier_id":0,"_jetpack_memberships_contains_paywalled_content":false,"_jetpack_memberships_contains_paid_content":false,"footnotes":"","jetpack_publicize_message":"","jetpack_publicize_feature_enabled":true,"jetpack_social_post_already_shared":false,"jetpack_social_options":{"image_generator_settings":{"template":"highway","default_image_id":0,"font":"","enabled":false},"version":2}},"categories":[59],"tags":[36,58],"class_list":["post-52877","post","type-post","status-publish","format-standard","has-post-thumbnail","hentry","category-saude","tag-algarve","tag-saude"],"yoast_head":"<!-- This site is optimized with the Yoast SEO plugin v27.5 - https:\/\/yoast.com\/product\/yoast-seo-wordpress\/ -->\n<title>Mais Investimento, Mais Profissionais: O Compromisso da ULS Algarve com a Sa\u00fade - Algarve 7<\/title>\n<meta name=\"description\" content=\"Mais Investimento, Mais Profissionais: O Compromisso da ULS Algarve com a Sa\u00fade Sa\u00fade\" \/>\n<meta name=\"robots\" content=\"index, follow, max-snippet:-1, max-image-preview:large, max-video-preview:-1\" \/>\n<link rel=\"canonical\" href=\"https:\/\/algarve7.pt\/index.php\/2025\/07\/mais-investimento-mais-profissionais-o-compromisso-da-uls-algarve-com-a-saude\/saude\/09\/14\/\" \/>\n<meta property=\"og:locale\" content=\"pt_PT\" \/>\n<meta property=\"og:type\" content=\"article\" \/>\n<meta property=\"og:title\" content=\"Mais Investimento, Mais Profissionais: O Compromisso da ULS Algarve com a Sa\u00fade - Algarve 7\" \/>\n<meta property=\"og:description\" content=\"Mais Investimento, Mais Profissionais: O Compromisso da ULS Algarve com a Sa\u00fade Sa\u00fade\" \/>\n<meta property=\"og:url\" content=\"https:\/\/algarve7.pt\/index.php\/2025\/07\/mais-investimento-mais-profissionais-o-compromisso-da-uls-algarve-com-a-saude\/saude\/09\/14\/\" \/>\n<meta property=\"og:site_name\" content=\"Algarve 7\" \/>\n<meta property=\"article:publisher\" content=\"https:\/\/www.facebook.com\/algarve7\" \/>\n<meta property=\"article:author\" content=\"https:\/\/www.facebook.com\/algarve7\" \/>\n<meta property=\"article:published_time\" content=\"2025-07-31T08:14:00+00:00\" \/>\n<meta property=\"og:image\" content=\"https:\/\/algarve7.pt\/wp-content\/uploads\/2022\/06\/Hospital-de-Faro2-EDIT.jpg.webp\" \/>\n\t<meta property=\"og:image:width\" content=\"800\" \/>\n\t<meta property=\"og:image:height\" content=\"450\" \/>\n\t<meta property=\"og:image:type\" content=\"image\/webp\" \/>\n<meta name=\"author\" content=\"Algarve 7\" \/>\n<meta name=\"twitter:card\" content=\"summary_large_image\" \/>\n<meta name=\"twitter:creator\" content=\"@Algarvesete\" \/>\n<meta name=\"twitter:site\" content=\"@Algarvesete\" \/>\n<meta name=\"twitter:label1\" content=\"Escrito por\" \/>\n\t<meta name=\"twitter:data1\" content=\"Algarve 7\" \/>\n\t<meta name=\"twitter:label2\" content=\"Tempo estimado de leitura\" \/>\n\t<meta name=\"twitter:data2\" content=\"4 minutos\" \/>\n<script type=\"application\/ld+json\" class=\"yoast-schema-graph\">{\"@context\":\"https:\\\/\\\/schema.org\",\"@graph\":[{\"@type\":\"Article\",\"@id\":\"https:\\\/\\\/algarve7.pt\\\/index.php\\\/2025\\\/07\\\/mais-investimento-mais-profissionais-o-compromisso-da-uls-algarve-com-a-saude\\\/saude\\\/09\\\/14\\\/#article\",\"isPartOf\":{\"@id\":\"https:\\\/\\\/algarve7.pt\\\/index.php\\\/2025\\\/07\\\/mais-investimento-mais-profissionais-o-compromisso-da-uls-algarve-com-a-saude\\\/saude\\\/09\\\/14\\\/\"},\"author\":{\"name\":\"Algarve 7\",\"@id\":\"https:\\\/\\\/algarve7.pt\\\/#\\\/schema\\\/person\\\/23fa70681308e7b319a3204bcea45e0c\"},\"headline\":\"Mais Investimento, Mais Profissionais: O Compromisso da ULS Algarve com a Sa\u00fade\",\"datePublished\":\"2025-07-31T08:14:00+00:00\",\"mainEntityOfPage\":{\"@id\":\"https:\\\/\\\/algarve7.pt\\\/index.php\\\/2025\\\/07\\\/mais-investimento-mais-profissionais-o-compromisso-da-uls-algarve-com-a-saude\\\/saude\\\/09\\\/14\\\/\"},\"wordCount\":601,\"publisher\":{\"@id\":\"https:\\\/\\\/algarve7.pt\\\/#organization\"},\"image\":{\"@id\":\"https:\\\/\\\/algarve7.pt\\\/index.php\\\/2025\\\/07\\\/mais-investimento-mais-profissionais-o-compromisso-da-uls-algarve-com-a-saude\\\/saude\\\/09\\\/14\\\/#primaryimage\"},\"thumbnailUrl\":\"https:\\\/\\\/algarve7.pt\\\/wp-content\\\/uploads\\\/2022\\\/06\\\/Hospital-de-Faro2-EDIT.jpg.webp\",\"keywords\":[\"Algarve\",\"Sa\u00fade\"],\"articleSection\":[\"Sa\u00fade\"],\"inLanguage\":\"pt-PT\"},{\"@type\":\"WebPage\",\"@id\":\"https:\\\/\\\/algarve7.pt\\\/index.php\\\/2025\\\/07\\\/mais-investimento-mais-profissionais-o-compromisso-da-uls-algarve-com-a-saude\\\/saude\\\/09\\\/14\\\/\",\"url\":\"https:\\\/\\\/algarve7.pt\\\/index.php\\\/2025\\\/07\\\/mais-investimento-mais-profissionais-o-compromisso-da-uls-algarve-com-a-saude\\\/saude\\\/09\\\/14\\\/\",\"name\":\"Mais Investimento, Mais Profissionais: O Compromisso da ULS Algarve com a Sa\u00fade - Algarve 7\",\"isPartOf\":{\"@id\":\"https:\\\/\\\/algarve7.pt\\\/#website\"},\"primaryImageOfPage\":{\"@id\":\"https:\\\/\\\/algarve7.pt\\\/index.php\\\/2025\\\/07\\\/mais-investimento-mais-profissionais-o-compromisso-da-uls-algarve-com-a-saude\\\/saude\\\/09\\\/14\\\/#primaryimage\"},\"image\":{\"@id\":\"https:\\\/\\\/algarve7.pt\\\/index.php\\\/2025\\\/07\\\/mais-investimento-mais-profissionais-o-compromisso-da-uls-algarve-com-a-saude\\\/saude\\\/09\\\/14\\\/#primaryimage\"},\"thumbnailUrl\":\"https:\\\/\\\/algarve7.pt\\\/wp-content\\\/uploads\\\/2022\\\/06\\\/Hospital-de-Faro2-EDIT.jpg.webp\",\"datePublished\":\"2025-07-31T08:14:00+00:00\",\"description\":\"Mais Investimento, Mais Profissionais: O Compromisso da ULS Algarve com a Sa\u00fade Sa\u00fade\",\"breadcrumb\":{\"@id\":\"https:\\\/\\\/algarve7.pt\\\/index.php\\\/2025\\\/07\\\/mais-investimento-mais-profissionais-o-compromisso-da-uls-algarve-com-a-saude\\\/saude\\\/09\\\/14\\\/#breadcrumb\"},\"inLanguage\":\"pt-PT\",\"potentialAction\":[{\"@type\":\"ReadAction\",\"target\":[\"https:\\\/\\\/algarve7.pt\\\/index.php\\\/2025\\\/07\\\/mais-investimento-mais-profissionais-o-compromisso-da-uls-algarve-com-a-saude\\\/saude\\\/09\\\/14\\\/\"]}]},{\"@type\":\"ImageObject\",\"inLanguage\":\"pt-PT\",\"@id\":\"https:\\\/\\\/algarve7.pt\\\/index.php\\\/2025\\\/07\\\/mais-investimento-mais-profissionais-o-compromisso-da-uls-algarve-com-a-saude\\\/saude\\\/09\\\/14\\\/#primaryimage\",\"url\":\"https:\\\/\\\/algarve7.pt\\\/wp-content\\\/uploads\\\/2022\\\/06\\\/Hospital-de-Faro2-EDIT.jpg.webp\",\"contentUrl\":\"https:\\\/\\\/algarve7.pt\\\/wp-content\\\/uploads\\\/2022\\\/06\\\/Hospital-de-Faro2-EDIT.jpg.webp\",\"width\":800,\"height\":450},{\"@type\":\"BreadcrumbList\",\"@id\":\"https:\\\/\\\/algarve7.pt\\\/index.php\\\/2025\\\/07\\\/mais-investimento-mais-profissionais-o-compromisso-da-uls-algarve-com-a-saude\\\/saude\\\/09\\\/14\\\/#breadcrumb\",\"itemListElement\":[{\"@type\":\"ListItem\",\"position\":1,\"name\":\"In\u00edcio\",\"item\":\"https:\\\/\\\/algarve7.pt\\\/\"},{\"@type\":\"ListItem\",\"position\":2,\"name\":\"Mais Investimento, Mais Profissionais: O Compromisso da ULS Algarve com a Sa\u00fade\"}]},{\"@type\":\"WebSite\",\"@id\":\"https:\\\/\\\/algarve7.pt\\\/#website\",\"url\":\"https:\\\/\\\/algarve7.pt\\\/\",\"name\":\"Algarve 7\",\"description\":\"Informa\u00e7\u00e3o sobre o Algarve\",\"publisher\":{\"@id\":\"https:\\\/\\\/algarve7.pt\\\/#organization\"},\"potentialAction\":[{\"@type\":\"SearchAction\",\"target\":{\"@type\":\"EntryPoint\",\"urlTemplate\":\"https:\\\/\\\/algarve7.pt\\\/?s={search_term_string}\"},\"query-input\":{\"@type\":\"PropertyValueSpecification\",\"valueRequired\":true,\"valueName\":\"search_term_string\"}}],\"inLanguage\":\"pt-PT\"},{\"@type\":\"Organization\",\"@id\":\"https:\\\/\\\/algarve7.pt\\\/#organization\",\"name\":\"Algarve 7\",\"url\":\"https:\\\/\\\/algarve7.pt\\\/\",\"logo\":{\"@type\":\"ImageObject\",\"inLanguage\":\"pt-PT\",\"@id\":\"https:\\\/\\\/algarve7.pt\\\/#\\\/schema\\\/logo\\\/image\\\/\",\"url\":\"https:\\\/\\\/algarve7.pt\\\/wp-content\\\/uploads\\\/2020\\\/10\\\/Logo-8.jpg\",\"contentUrl\":\"https:\\\/\\\/algarve7.pt\\\/wp-content\\\/uploads\\\/2020\\\/10\\\/Logo-8.jpg\",\"width\":1680,\"height\":1186,\"caption\":\"Algarve 7\"},\"image\":{\"@id\":\"https:\\\/\\\/algarve7.pt\\\/#\\\/schema\\\/logo\\\/image\\\/\"},\"sameAs\":[\"https:\\\/\\\/www.facebook.com\\\/algarve7\",\"https:\\\/\\\/x.com\\\/Algarvesete\",\"https:\\\/\\\/www.instagram.com\\\/jornalalgarve7\\\/\",\"https:\\\/\\\/www.linkedin.com\\\/company\\\/algarve7\",\"https:\\\/\\\/www.pinterest.pt\\\/geral0939\\\/_created\\\/\"]},{\"@type\":\"Person\",\"@id\":\"https:\\\/\\\/algarve7.pt\\\/#\\\/schema\\\/person\\\/23fa70681308e7b319a3204bcea45e0c\",\"name\":\"Algarve 7\",\"sameAs\":[\"https:\\\/\\\/algarve7.pt\",\"https:\\\/\\\/www.facebook.com\\\/algarve7\"],\"url\":\"https:\\\/\\\/algarve7.pt\\\/index.php\\\/author\\\/geralalgarve7-pt\\\/\"}]}<\/script>\n<!-- \/ Yoast SEO plugin. -->","yoast_head_json":{"title":"Mais Investimento, Mais Profissionais: O Compromisso da ULS Algarve com a Sa\u00fade - Algarve 7","description":"Mais Investimento, Mais Profissionais: O Compromisso da ULS Algarve com a Sa\u00fade Sa\u00fade","robots":{"index":"index","follow":"follow","max-snippet":"max-snippet:-1","max-image-preview":"max-image-preview:large","max-video-preview":"max-video-preview:-1"},"canonical":"https:\/\/algarve7.pt\/index.php\/2025\/07\/mais-investimento-mais-profissionais-o-compromisso-da-uls-algarve-com-a-saude\/saude\/09\/14\/","og_locale":"pt_PT","og_type":"article","og_title":"Mais Investimento, Mais Profissionais: O Compromisso da ULS Algarve com a Sa\u00fade - Algarve 7","og_description":"Mais Investimento, Mais Profissionais: O Compromisso da ULS Algarve com a Sa\u00fade Sa\u00fade","og_url":"https:\/\/algarve7.pt\/index.php\/2025\/07\/mais-investimento-mais-profissionais-o-compromisso-da-uls-algarve-com-a-saude\/saude\/09\/14\/","og_site_name":"Algarve 7","article_publisher":"https:\/\/www.facebook.com\/algarve7","article_author":"https:\/\/www.facebook.com\/algarve7","article_published_time":"2025-07-31T08:14:00+00:00","og_image":[{"width":800,"height":450,"url":"https:\/\/algarve7.pt\/wp-content\/uploads\/2022\/06\/Hospital-de-Faro2-EDIT.jpg.webp","type":"image\/webp"}],"author":"Algarve 7","twitter_card":"summary_large_image","twitter_creator":"@Algarvesete","twitter_site":"@Algarvesete","twitter_misc":{"Escrito por":"Algarve 7","Tempo estimado de leitura":"4 minutos"},"schema":{"@context":"https:\/\/schema.org","@graph":[{"@type":"Article","@id":"https:\/\/algarve7.pt\/index.php\/2025\/07\/mais-investimento-mais-profissionais-o-compromisso-da-uls-algarve-com-a-saude\/saude\/09\/14\/#article","isPartOf":{"@id":"https:\/\/algarve7.pt\/index.php\/2025\/07\/mais-investimento-mais-profissionais-o-compromisso-da-uls-algarve-com-a-saude\/saude\/09\/14\/"},"author":{"name":"Algarve 7","@id":"https:\/\/algarve7.pt\/#\/schema\/person\/23fa70681308e7b319a3204bcea45e0c"},"headline":"Mais Investimento, Mais Profissionais: O Compromisso da ULS Algarve com a Sa\u00fade","datePublished":"2025-07-31T08:14:00+00:00","mainEntityOfPage":{"@id":"https:\/\/algarve7.pt\/index.php\/2025\/07\/mais-investimento-mais-profissionais-o-compromisso-da-uls-algarve-com-a-saude\/saude\/09\/14\/"},"wordCount":601,"publisher":{"@id":"https:\/\/algarve7.pt\/#organization"},"image":{"@id":"https:\/\/algarve7.pt\/index.php\/2025\/07\/mais-investimento-mais-profissionais-o-compromisso-da-uls-algarve-com-a-saude\/saude\/09\/14\/#primaryimage"},"thumbnailUrl":"https:\/\/algarve7.pt\/wp-content\/uploads\/2022\/06\/Hospital-de-Faro2-EDIT.jpg.webp","keywords":["Algarve","Sa\u00fade"],"articleSection":["Sa\u00fade"],"inLanguage":"pt-PT"},{"@type":"WebPage","@id":"https:\/\/algarve7.pt\/index.php\/2025\/07\/mais-investimento-mais-profissionais-o-compromisso-da-uls-algarve-com-a-saude\/saude\/09\/14\/","url":"https:\/\/algarve7.pt\/index.php\/2025\/07\/mais-investimento-mais-profissionais-o-compromisso-da-uls-algarve-com-a-saude\/saude\/09\/14\/","name":"Mais Investimento, Mais Profissionais: O Compromisso da ULS Algarve com a Sa\u00fade - Algarve 7","isPartOf":{"@id":"https:\/\/algarve7.pt\/#website"},"primaryImageOfPage":{"@id":"https:\/\/algarve7.pt\/index.php\/2025\/07\/mais-investimento-mais-profissionais-o-compromisso-da-uls-algarve-com-a-saude\/saude\/09\/14\/#primaryimage"},"image":{"@id":"https:\/\/algarve7.pt\/index.php\/2025\/07\/mais-investimento-mais-profissionais-o-compromisso-da-uls-algarve-com-a-saude\/saude\/09\/14\/#primaryimage"},"thumbnailUrl":"https:\/\/algarve7.pt\/wp-content\/uploads\/2022\/06\/Hospital-de-Faro2-EDIT.jpg.webp","datePublished":"2025-07-31T08:14:00+00:00","description":"Mais Investimento, Mais Profissionais: O Compromisso da ULS Algarve com a Sa\u00fade Sa\u00fade","breadcrumb":{"@id":"https:\/\/algarve7.pt\/index.php\/2025\/07\/mais-investimento-mais-profissionais-o-compromisso-da-uls-algarve-com-a-saude\/saude\/09\/14\/#breadcrumb"},"inLanguage":"pt-PT","potentialAction":[{"@type":"ReadAction","target":["https:\/\/algarve7.pt\/index.php\/2025\/07\/mais-investimento-mais-profissionais-o-compromisso-da-uls-algarve-com-a-saude\/saude\/09\/14\/"]}]},{"@type":"ImageObject","inLanguage":"pt-PT","@id":"https:\/\/algarve7.pt\/index.php\/2025\/07\/mais-investimento-mais-profissionais-o-compromisso-da-uls-algarve-com-a-saude\/saude\/09\/14\/#primaryimage","url":"https:\/\/algarve7.pt\/wp-content\/uploads\/2022\/06\/Hospital-de-Faro2-EDIT.jpg.webp","contentUrl":"https:\/\/algarve7.pt\/wp-content\/uploads\/2022\/06\/Hospital-de-Faro2-EDIT.jpg.webp","width":800,"height":450},{"@type":"BreadcrumbList","@id":"https:\/\/algarve7.pt\/index.php\/2025\/07\/mais-investimento-mais-profissionais-o-compromisso-da-uls-algarve-com-a-saude\/saude\/09\/14\/#breadcrumb","itemListElement":[{"@type":"ListItem","position":1,"name":"In\u00edcio","item":"https:\/\/algarve7.pt\/"},{"@type":"ListItem","position":2,"name":"Mais Investimento, Mais Profissionais: O Compromisso da ULS Algarve com a Sa\u00fade"}]},{"@type":"WebSite","@id":"https:\/\/algarve7.pt\/#website","url":"https:\/\/algarve7.pt\/","name":"Algarve 7","description":"Informa\u00e7\u00e3o sobre o Algarve","publisher":{"@id":"https:\/\/algarve7.pt\/#organization"},"potentialAction":[{"@type":"SearchAction","target":{"@type":"EntryPoint","urlTemplate":"https:\/\/algarve7.pt\/?s={search_term_string}"},"query-input":{"@type":"PropertyValueSpecification","valueRequired":true,"valueName":"search_term_string"}}],"inLanguage":"pt-PT"},{"@type":"Organization","@id":"https:\/\/algarve7.pt\/#organization","name":"Algarve 7","url":"https:\/\/algarve7.pt\/","logo":{"@type":"ImageObject","inLanguage":"pt-PT","@id":"https:\/\/algarve7.pt\/#\/schema\/logo\/image\/","url":"https:\/\/algarve7.pt\/wp-content\/uploads\/2020\/10\/Logo-8.jpg","contentUrl":"https:\/\/algarve7.pt\/wp-content\/uploads\/2020\/10\/Logo-8.jpg","width":1680,"height":1186,"caption":"Algarve 7"},"image":{"@id":"https:\/\/algarve7.pt\/#\/schema\/logo\/image\/"},"sameAs":["https:\/\/www.facebook.com\/algarve7","https:\/\/x.com\/Algarvesete","https:\/\/www.instagram.com\/jornalalgarve7\/","https:\/\/www.linkedin.com\/company\/algarve7","https:\/\/www.pinterest.pt\/geral0939\/_created\/"]},{"@type":"Person","@id":"https:\/\/algarve7.pt\/#\/schema\/person\/23fa70681308e7b319a3204bcea45e0c","name":"Algarve 7","sameAs":["https:\/\/algarve7.pt","https:\/\/www.facebook.com\/algarve7"],"url":"https:\/\/algarve7.pt\/index.php\/author\/geralalgarve7-pt\/"}]}},"jetpack_publicize_connections":[],"jetpack_featured_media_url":"https:\/\/algarve7.pt\/wp-content\/uploads\/2022\/06\/Hospital-de-Faro2-EDIT.jpg.webp","jetpack_shortlink":"https:\/\/wp.me\/pcezmW-dKR","jetpack_sharing_enabled":true,"_links":{"self":[{"href":"https:\/\/algarve7.pt\/index.php\/wp-json\/wp\/v2\/posts\/52877","targetHints":{"allow":["GET"]}}],"collection":[{"href":"https:\/\/algarve7.pt\/index.php\/wp-json\/wp\/v2\/posts"}],"about":[{"href":"https:\/\/algarve7.pt\/index.php\/wp-json\/wp\/v2\/types\/post"}],"author":[{"embeddable":true,"href":"https:\/\/algarve7.pt\/index.php\/wp-json\/wp\/v2\/users\/1"}],"replies":[{"embeddable":true,"href":"https:\/\/algarve7.pt\/index.php\/wp-json\/wp\/v2\/comments?post=52877"}],"version-history":[{"count":0,"href":"https:\/\/algarve7.pt\/index.php\/wp-json\/wp\/v2\/posts\/52877\/revisions"}],"wp:featuredmedia":[{"embeddable":true,"href":"https:\/\/algarve7.pt\/index.php\/wp-json\/wp\/v2\/media\/19328"}],"wp:attachment":[{"href":"https:\/\/algarve7.pt\/index.php\/wp-json\/wp\/v2\/media?parent=52877"}],"wp:term":[{"taxonomy":"category","embeddable":true,"href":"https:\/\/algarve7.pt\/index.php\/wp-json\/wp\/v2\/categories?post=52877"},{"taxonomy":"post_tag","embeddable":true,"href":"https:\/\/algarve7.pt\/index.php\/wp-json\/wp\/v2\/tags?post=52877"}],"curies":[{"name":"wp","href":"https:\/\/api.w.org\/{rel}","templated":true}]}}