{"id":52831,"date":"2025-07-30T08:00:00","date_gmt":"2025-07-30T07:00:00","guid":{"rendered":"https:\/\/algarve7.pt\/?p=52831"},"modified":"2025-07-29T22:17:56","modified_gmt":"2025-07-29T21:17:56","slug":"praias-entre-quarteira-e-quinta-do-lago-vao-ter-injecao-de-areia-e-requalificacao-dos-molhos","status":"publish","type":"post","link":"https:\/\/algarve7.pt\/index.php\/2025\/07\/praias-entre-quarteira-e-quinta-do-lago-vao-ter-injecao-de-areia-e-requalificacao-dos-molhos\/ambiente\/08\/00\/","title":{"rendered":"Praias entre Quarteira e Quinta do Lago v\u00e3o ter inje\u00e7\u00e3o de areia e requalifica\u00e7\u00e3o dos molhos"},"content":{"rendered":"\n<p>O litoral do concelho de Loul\u00e9 vai beneficiar de um investimento de mais de 14 milh\u00f5es de euros para alimenta\u00e7\u00e3o artificial de algumas praias, anunciou a Ministra do Ambiente e Energia, Maria da Gra\u00e7a Carvalho, que marcou presen\u00e7a esta ter\u00e7a-feira, neste munic\u00edpio algarvio.<\/p>\n\n\n\n<p>Em conversa com os jornalistas junto \u00e0 Praia do Forte Novo, na freguesia de Quarteira, espa\u00e7o balnear fustigado por uma intemp\u00e9rie no passado inverno que levou parte do areal, esta respons\u00e1vel governamental declarou que, numa \u00e1rea de 6,5 km entre Quarteira e a Quinta do Lago, passando por Vale do Lobo e Garr\u00e3o, ser\u00e1 feita a inje\u00e7\u00e3o de areia, num projeto que estava a desenvolver-se h\u00e1 j\u00e1 v\u00e1rios anos, mas que ir\u00e1 finalmente concretizar-se. \u201cH\u00e1 aqui uma falta enorme de areia, os passadi\u00e7os recuaram v\u00e1rios metros durante este inverno e, portanto, \u00e9 uma grande interven\u00e7\u00e3o\u201d, frisou a Ministra, adiantando o valor total da obra: 14,3 milh\u00f5es de euros.<\/p>\n\n\n\n<p>O concurso ir\u00e1 abrir em breve, uma vez que a verba est\u00e1 j\u00e1 aprovada, \u201cesperando que logo a seguir \u00e0 \u00e9poca balnear comecem as obras\u201d, adiantou a respons\u00e1vel governamental. Os trabalhos ter\u00e3o uma dura\u00e7\u00e3o de \u201c4 a 5 meses\u201d e espera-se que, quando tiver in\u00edcio a pr\u00f3xima \u00e9poca balnear, em 2026, a obra j\u00e1 esteja completa. Esta ser\u00e1, de resto \u201ca maior obra deste g\u00e9nero no Algarve\u201d.<\/p>\n\n\n\n<p>Por outro lado, no que respeita aos molhos, a parte do estudo de impacto ambiental est\u00e1 j\u00e1 a finalizar. Esta constituir\u00e1 uma interven\u00e7\u00e3o que tem como objetivo evitar que a situa\u00e7\u00e3o de diminui\u00e7\u00e3o do areal (ou praticamente o seu desaparecimento) se repita. Este investimento ser\u00e1 submetido ao Programa Operacional Sustent\u00e1vel, que tamb\u00e9m financia a parte da alimenta\u00e7\u00e3o do areal, podendo o seu arranque acontecer no fim da \u00e9poca balnear de 2026, garantindo, assim, que, em 2027, tamb\u00e9m esta quest\u00e3o j\u00e1 esteja completa. A interven\u00e7\u00e3o passar\u00e1 por \u201celiminar alguns os molhos e acrescentar os que ficam; \u00e9 uma geometria diferente para que n\u00e3o volte a acontecer o levar da areia\u201d, disse Maria da Gra\u00e7a Carvalho.<\/p>\n\n\n\n<p>De referir que outra das interven\u00e7\u00f5es previstas para o litoral do concelho de Loul\u00e9 \u00e9 a renaturaliza\u00e7\u00e3o da Praia do Anc\u00e3o<\/p>\n\n\n\n<p>Numa \u00e1rea perto do Forte Novo, a respons\u00e1vel da pasta do Ambiente falou tamb\u00e9m de uma mat\u00e9ria que tem preocupado o executivo municipal, a quest\u00e3o dos direitos adquiridos do loteamento que remonta aos anos 70 para constru\u00e7\u00e3o de um hotel em plena Reserva Natural Local da Foz do Almargem e Trafal. A Ministra anunciou que j\u00e1 deu indica\u00e7\u00f5es \u00e0 APA \u2013 Ag\u00eancia Portuguesa do Ambiente para levar a cabo um Estudo de Impacto Ambiental a esse projeto \u201cpara verificar todas as condi\u00e7\u00f5es\u201d, tal como em casos id\u00eanticos, algo que n\u00e3o estava previsto at\u00e9 aqui uma vez que \u201chavia uma s\u00e9rie de direitos adquiridos de uma \u00e9poca em que todas as preocupa\u00e7\u00f5es ambientais e com as altera\u00e7\u00f5es clim\u00e1ticas eram muito diferentes\u201d. Nesse sentido, a APA ter\u00e1 poder para dar a concess\u00e3o ou n\u00e3o do ponto de vista ambiental a estes projetos urban\u00edsticos.<\/p>\n\n\n\n<p>Esta tem sido uma mat\u00e9ria que tem merecido por parte do Munic\u00edpio de Loul\u00e9 particular aten\u00e7\u00e3o. Limitado pelas prerrogativas legais e pela falta de ferramentas para proceder a altera\u00e7\u00f5es, o autarca V\u00edtor Aleixo acredita que \u201co legislador, em algum momento, vai ter que olhar para os muitos loteamentos titulados, legais, ativos, que existem em zonas litorais de grande sensibilidade ambiental\u201d. \u201cPor mim este hotel n\u00e3o se fazia mas vivemos num Estado de Direito e as coisas come\u00e7am pelo legislador. Ou h\u00e1 pol\u00edticas para conter verdadeiras aberra\u00e7\u00f5es ou ent\u00e3o vamos continuar a assistir passivamente \u00e0 agress\u00e3o da natureza e destrui\u00e7\u00e3o da biodiversidade\u201d, notou ainda V\u00edtor Aleixo.&nbsp;<\/p>\n","protected":false},"excerpt":{"rendered":"<p>O litoral do concelho de Loul\u00e9 vai beneficiar de um investimento de mais de 14 milh\u00f5es de euros para alimenta\u00e7\u00e3o<\/p>\n","protected":false},"author":1,"featured_media":7365,"comment_status":"closed","ping_status":"closed","sticky":false,"template":"","format":"standard","meta":{"colormag_page_container_layout":"default_layout","colormag_page_sidebar_layout":"default_layout","_monsterinsights_skip_tracking":false,"_monsterinsights_sitenote_active":false,"_monsterinsights_sitenote_note":"","_monsterinsights_sitenote_category":0,"jetpack_post_was_ever_published":false,"_jetpack_newsletter_access":"","_jetpack_dont_email_post_to_subs":false,"_jetpack_newsletter_tier_id":0,"_jetpack_memberships_contains_paywalled_content":false,"_jetpack_memberships_contains_paid_content":false,"footnotes":"","jetpack_publicize_message":"","jetpack_publicize_feature_enabled":true,"jetpack_social_post_already_shared":false,"jetpack_social_options":{"image_generator_settings":{"template":"highway","default_image_id":0,"font":"","enabled":false},"version":2}},"categories":[5],"tags":[36,32,31],"class_list":["post-52831","post","type-post","status-publish","format-standard","has-post-thumbnail","hentry","category-ambiente","tag-algarve","tag-ambiente","tag-loule"],"yoast_head":"<!-- This site is optimized with the Yoast SEO plugin v27.5 - https:\/\/yoast.com\/product\/yoast-seo-wordpress\/ -->\n<title>Praias entre Quarteira e Quinta do Lago v\u00e3o ter inje\u00e7\u00e3o de areia e requalifica\u00e7\u00e3o dos molhos - Algarve 7<\/title>\n<meta name=\"description\" content=\"Praias entre Quarteira e Quinta do Lago v\u00e3o ter inje\u00e7\u00e3o de areia e requalifica\u00e7\u00e3o dos molhos Ambiente\" \/>\n<meta name=\"robots\" content=\"index, follow, max-snippet:-1, max-image-preview:large, max-video-preview:-1\" \/>\n<link rel=\"canonical\" href=\"https:\/\/algarve7.pt\/index.php\/2025\/07\/praias-entre-quarteira-e-quinta-do-lago-vao-ter-injecao-de-areia-e-requalificacao-dos-molhos\/ambiente\/08\/00\/\" \/>\n<meta property=\"og:locale\" content=\"pt_PT\" \/>\n<meta property=\"og:type\" content=\"article\" \/>\n<meta property=\"og:title\" content=\"Praias entre Quarteira e Quinta do Lago v\u00e3o ter inje\u00e7\u00e3o de areia e requalifica\u00e7\u00e3o dos molhos - Algarve 7\" \/>\n<meta property=\"og:description\" content=\"Praias entre Quarteira e Quinta do Lago v\u00e3o ter inje\u00e7\u00e3o de areia e requalifica\u00e7\u00e3o dos molhos Ambiente\" \/>\n<meta property=\"og:url\" content=\"https:\/\/algarve7.pt\/index.php\/2025\/07\/praias-entre-quarteira-e-quinta-do-lago-vao-ter-injecao-de-areia-e-requalificacao-dos-molhos\/ambiente\/08\/00\/\" \/>\n<meta property=\"og:site_name\" content=\"Algarve 7\" \/>\n<meta property=\"article:publisher\" content=\"https:\/\/www.facebook.com\/algarve7\" \/>\n<meta property=\"article:author\" content=\"https:\/\/www.facebook.com\/algarve7\" \/>\n<meta property=\"article:published_time\" content=\"2025-07-30T07:00:00+00:00\" \/>\n<meta property=\"og:image\" content=\"https:\/\/algarve7.pt\/wp-content\/uploads\/2021\/04\/Quarteira-02-08-2016-2.jpg\" \/>\n\t<meta property=\"og:image:width\" content=\"1920\" \/>\n\t<meta property=\"og:image:height\" content=\"1280\" \/>\n\t<meta property=\"og:image:type\" content=\"image\/jpeg\" \/>\n<meta name=\"author\" content=\"Algarve 7\" \/>\n<meta name=\"twitter:card\" content=\"summary_large_image\" \/>\n<meta name=\"twitter:creator\" content=\"@Algarvesete\" \/>\n<meta name=\"twitter:site\" content=\"@Algarvesete\" \/>\n<meta name=\"twitter:label1\" content=\"Escrito por\" \/>\n\t<meta name=\"twitter:data1\" content=\"Algarve 7\" \/>\n\t<meta name=\"twitter:label2\" content=\"Tempo estimado de leitura\" \/>\n\t<meta name=\"twitter:data2\" content=\"4 minutos\" \/>\n<script type=\"application\/ld+json\" class=\"yoast-schema-graph\">{\"@context\":\"https:\\\/\\\/schema.org\",\"@graph\":[{\"@type\":\"Article\",\"@id\":\"https:\\\/\\\/algarve7.pt\\\/index.php\\\/2025\\\/07\\\/praias-entre-quarteira-e-quinta-do-lago-vao-ter-injecao-de-areia-e-requalificacao-dos-molhos\\\/ambiente\\\/08\\\/00\\\/#article\",\"isPartOf\":{\"@id\":\"https:\\\/\\\/algarve7.pt\\\/index.php\\\/2025\\\/07\\\/praias-entre-quarteira-e-quinta-do-lago-vao-ter-injecao-de-areia-e-requalificacao-dos-molhos\\\/ambiente\\\/08\\\/00\\\/\"},\"author\":{\"name\":\"Algarve 7\",\"@id\":\"https:\\\/\\\/algarve7.pt\\\/#\\\/schema\\\/person\\\/23fa70681308e7b319a3204bcea45e0c\"},\"headline\":\"Praias entre Quarteira e Quinta do Lago v\u00e3o ter inje\u00e7\u00e3o de areia e requalifica\u00e7\u00e3o dos molhos\",\"datePublished\":\"2025-07-30T07:00:00+00:00\",\"mainEntityOfPage\":{\"@id\":\"https:\\\/\\\/algarve7.pt\\\/index.php\\\/2025\\\/07\\\/praias-entre-quarteira-e-quinta-do-lago-vao-ter-injecao-de-areia-e-requalificacao-dos-molhos\\\/ambiente\\\/08\\\/00\\\/\"},\"wordCount\":668,\"publisher\":{\"@id\":\"https:\\\/\\\/algarve7.pt\\\/#organization\"},\"image\":{\"@id\":\"https:\\\/\\\/algarve7.pt\\\/index.php\\\/2025\\\/07\\\/praias-entre-quarteira-e-quinta-do-lago-vao-ter-injecao-de-areia-e-requalificacao-dos-molhos\\\/ambiente\\\/08\\\/00\\\/#primaryimage\"},\"thumbnailUrl\":\"https:\\\/\\\/algarve7.pt\\\/wp-content\\\/uploads\\\/2021\\\/04\\\/Quarteira-02-08-2016-2.jpg\",\"keywords\":[\"Algarve\",\"Ambiente\",\"Loul\u00e9\"],\"articleSection\":[\"Ambiente\"],\"inLanguage\":\"pt-PT\"},{\"@type\":\"WebPage\",\"@id\":\"https:\\\/\\\/algarve7.pt\\\/index.php\\\/2025\\\/07\\\/praias-entre-quarteira-e-quinta-do-lago-vao-ter-injecao-de-areia-e-requalificacao-dos-molhos\\\/ambiente\\\/08\\\/00\\\/\",\"url\":\"https:\\\/\\\/algarve7.pt\\\/index.php\\\/2025\\\/07\\\/praias-entre-quarteira-e-quinta-do-lago-vao-ter-injecao-de-areia-e-requalificacao-dos-molhos\\\/ambiente\\\/08\\\/00\\\/\",\"name\":\"Praias entre Quarteira e Quinta do Lago v\u00e3o ter inje\u00e7\u00e3o de areia e requalifica\u00e7\u00e3o dos molhos - Algarve 7\",\"isPartOf\":{\"@id\":\"https:\\\/\\\/algarve7.pt\\\/#website\"},\"primaryImageOfPage\":{\"@id\":\"https:\\\/\\\/algarve7.pt\\\/index.php\\\/2025\\\/07\\\/praias-entre-quarteira-e-quinta-do-lago-vao-ter-injecao-de-areia-e-requalificacao-dos-molhos\\\/ambiente\\\/08\\\/00\\\/#primaryimage\"},\"image\":{\"@id\":\"https:\\\/\\\/algarve7.pt\\\/index.php\\\/2025\\\/07\\\/praias-entre-quarteira-e-quinta-do-lago-vao-ter-injecao-de-areia-e-requalificacao-dos-molhos\\\/ambiente\\\/08\\\/00\\\/#primaryimage\"},\"thumbnailUrl\":\"https:\\\/\\\/algarve7.pt\\\/wp-content\\\/uploads\\\/2021\\\/04\\\/Quarteira-02-08-2016-2.jpg\",\"datePublished\":\"2025-07-30T07:00:00+00:00\",\"description\":\"Praias entre Quarteira e Quinta do Lago v\u00e3o ter inje\u00e7\u00e3o de areia e requalifica\u00e7\u00e3o dos molhos Ambiente\",\"breadcrumb\":{\"@id\":\"https:\\\/\\\/algarve7.pt\\\/index.php\\\/2025\\\/07\\\/praias-entre-quarteira-e-quinta-do-lago-vao-ter-injecao-de-areia-e-requalificacao-dos-molhos\\\/ambiente\\\/08\\\/00\\\/#breadcrumb\"},\"inLanguage\":\"pt-PT\",\"potentialAction\":[{\"@type\":\"ReadAction\",\"target\":[\"https:\\\/\\\/algarve7.pt\\\/index.php\\\/2025\\\/07\\\/praias-entre-quarteira-e-quinta-do-lago-vao-ter-injecao-de-areia-e-requalificacao-dos-molhos\\\/ambiente\\\/08\\\/00\\\/\"]}]},{\"@type\":\"ImageObject\",\"inLanguage\":\"pt-PT\",\"@id\":\"https:\\\/\\\/algarve7.pt\\\/index.php\\\/2025\\\/07\\\/praias-entre-quarteira-e-quinta-do-lago-vao-ter-injecao-de-areia-e-requalificacao-dos-molhos\\\/ambiente\\\/08\\\/00\\\/#primaryimage\",\"url\":\"https:\\\/\\\/algarve7.pt\\\/wp-content\\\/uploads\\\/2021\\\/04\\\/Quarteira-02-08-2016-2.jpg\",\"contentUrl\":\"https:\\\/\\\/algarve7.pt\\\/wp-content\\\/uploads\\\/2021\\\/04\\\/Quarteira-02-08-2016-2.jpg\",\"width\":1920,\"height\":1280},{\"@type\":\"BreadcrumbList\",\"@id\":\"https:\\\/\\\/algarve7.pt\\\/index.php\\\/2025\\\/07\\\/praias-entre-quarteira-e-quinta-do-lago-vao-ter-injecao-de-areia-e-requalificacao-dos-molhos\\\/ambiente\\\/08\\\/00\\\/#breadcrumb\",\"itemListElement\":[{\"@type\":\"ListItem\",\"position\":1,\"name\":\"In\u00edcio\",\"item\":\"https:\\\/\\\/algarve7.pt\\\/\"},{\"@type\":\"ListItem\",\"position\":2,\"name\":\"Praias entre Quarteira e Quinta do Lago v\u00e3o ter inje\u00e7\u00e3o de areia e requalifica\u00e7\u00e3o dos molhos\"}]},{\"@type\":\"WebSite\",\"@id\":\"https:\\\/\\\/algarve7.pt\\\/#website\",\"url\":\"https:\\\/\\\/algarve7.pt\\\/\",\"name\":\"Algarve 7\",\"description\":\"Informa\u00e7\u00e3o sobre o Algarve\",\"publisher\":{\"@id\":\"https:\\\/\\\/algarve7.pt\\\/#organization\"},\"potentialAction\":[{\"@type\":\"SearchAction\",\"target\":{\"@type\":\"EntryPoint\",\"urlTemplate\":\"https:\\\/\\\/algarve7.pt\\\/?s={search_term_string}\"},\"query-input\":{\"@type\":\"PropertyValueSpecification\",\"valueRequired\":true,\"valueName\":\"search_term_string\"}}],\"inLanguage\":\"pt-PT\"},{\"@type\":\"Organization\",\"@id\":\"https:\\\/\\\/algarve7.pt\\\/#organization\",\"name\":\"Algarve 7\",\"url\":\"https:\\\/\\\/algarve7.pt\\\/\",\"logo\":{\"@type\":\"ImageObject\",\"inLanguage\":\"pt-PT\",\"@id\":\"https:\\\/\\\/algarve7.pt\\\/#\\\/schema\\\/logo\\\/image\\\/\",\"url\":\"https:\\\/\\\/algarve7.pt\\\/wp-content\\\/uploads\\\/2020\\\/10\\\/Logo-8.jpg\",\"contentUrl\":\"https:\\\/\\\/algarve7.pt\\\/wp-content\\\/uploads\\\/2020\\\/10\\\/Logo-8.jpg\",\"width\":1680,\"height\":1186,\"caption\":\"Algarve 7\"},\"image\":{\"@id\":\"https:\\\/\\\/algarve7.pt\\\/#\\\/schema\\\/logo\\\/image\\\/\"},\"sameAs\":[\"https:\\\/\\\/www.facebook.com\\\/algarve7\",\"https:\\\/\\\/x.com\\\/Algarvesete\",\"https:\\\/\\\/www.instagram.com\\\/jornalalgarve7\\\/\",\"https:\\\/\\\/www.linkedin.com\\\/company\\\/algarve7\",\"https:\\\/\\\/www.pinterest.pt\\\/geral0939\\\/_created\\\/\"]},{\"@type\":\"Person\",\"@id\":\"https:\\\/\\\/algarve7.pt\\\/#\\\/schema\\\/person\\\/23fa70681308e7b319a3204bcea45e0c\",\"name\":\"Algarve 7\",\"sameAs\":[\"https:\\\/\\\/algarve7.pt\",\"https:\\\/\\\/www.facebook.com\\\/algarve7\"],\"url\":\"https:\\\/\\\/algarve7.pt\\\/index.php\\\/author\\\/geralalgarve7-pt\\\/\"}]}<\/script>\n<!-- \/ Yoast SEO plugin. -->","yoast_head_json":{"title":"Praias entre Quarteira e Quinta do Lago v\u00e3o ter inje\u00e7\u00e3o de areia e requalifica\u00e7\u00e3o dos molhos - Algarve 7","description":"Praias entre Quarteira e Quinta do Lago v\u00e3o ter inje\u00e7\u00e3o de areia e requalifica\u00e7\u00e3o dos molhos Ambiente","robots":{"index":"index","follow":"follow","max-snippet":"max-snippet:-1","max-image-preview":"max-image-preview:large","max-video-preview":"max-video-preview:-1"},"canonical":"https:\/\/algarve7.pt\/index.php\/2025\/07\/praias-entre-quarteira-e-quinta-do-lago-vao-ter-injecao-de-areia-e-requalificacao-dos-molhos\/ambiente\/08\/00\/","og_locale":"pt_PT","og_type":"article","og_title":"Praias entre Quarteira e Quinta do Lago v\u00e3o ter inje\u00e7\u00e3o de areia e requalifica\u00e7\u00e3o dos molhos - Algarve 7","og_description":"Praias entre Quarteira e Quinta do Lago v\u00e3o ter inje\u00e7\u00e3o de areia e requalifica\u00e7\u00e3o dos molhos Ambiente","og_url":"https:\/\/algarve7.pt\/index.php\/2025\/07\/praias-entre-quarteira-e-quinta-do-lago-vao-ter-injecao-de-areia-e-requalificacao-dos-molhos\/ambiente\/08\/00\/","og_site_name":"Algarve 7","article_publisher":"https:\/\/www.facebook.com\/algarve7","article_author":"https:\/\/www.facebook.com\/algarve7","article_published_time":"2025-07-30T07:00:00+00:00","og_image":[{"width":1920,"height":1280,"url":"https:\/\/algarve7.pt\/wp-content\/uploads\/2021\/04\/Quarteira-02-08-2016-2.jpg","type":"image\/jpeg"}],"author":"Algarve 7","twitter_card":"summary_large_image","twitter_creator":"@Algarvesete","twitter_site":"@Algarvesete","twitter_misc":{"Escrito por":"Algarve 7","Tempo estimado de leitura":"4 minutos"},"schema":{"@context":"https:\/\/schema.org","@graph":[{"@type":"Article","@id":"https:\/\/algarve7.pt\/index.php\/2025\/07\/praias-entre-quarteira-e-quinta-do-lago-vao-ter-injecao-de-areia-e-requalificacao-dos-molhos\/ambiente\/08\/00\/#article","isPartOf":{"@id":"https:\/\/algarve7.pt\/index.php\/2025\/07\/praias-entre-quarteira-e-quinta-do-lago-vao-ter-injecao-de-areia-e-requalificacao-dos-molhos\/ambiente\/08\/00\/"},"author":{"name":"Algarve 7","@id":"https:\/\/algarve7.pt\/#\/schema\/person\/23fa70681308e7b319a3204bcea45e0c"},"headline":"Praias entre Quarteira e Quinta do Lago v\u00e3o ter inje\u00e7\u00e3o de areia e requalifica\u00e7\u00e3o dos molhos","datePublished":"2025-07-30T07:00:00+00:00","mainEntityOfPage":{"@id":"https:\/\/algarve7.pt\/index.php\/2025\/07\/praias-entre-quarteira-e-quinta-do-lago-vao-ter-injecao-de-areia-e-requalificacao-dos-molhos\/ambiente\/08\/00\/"},"wordCount":668,"publisher":{"@id":"https:\/\/algarve7.pt\/#organization"},"image":{"@id":"https:\/\/algarve7.pt\/index.php\/2025\/07\/praias-entre-quarteira-e-quinta-do-lago-vao-ter-injecao-de-areia-e-requalificacao-dos-molhos\/ambiente\/08\/00\/#primaryimage"},"thumbnailUrl":"https:\/\/algarve7.pt\/wp-content\/uploads\/2021\/04\/Quarteira-02-08-2016-2.jpg","keywords":["Algarve","Ambiente","Loul\u00e9"],"articleSection":["Ambiente"],"inLanguage":"pt-PT"},{"@type":"WebPage","@id":"https:\/\/algarve7.pt\/index.php\/2025\/07\/praias-entre-quarteira-e-quinta-do-lago-vao-ter-injecao-de-areia-e-requalificacao-dos-molhos\/ambiente\/08\/00\/","url":"https:\/\/algarve7.pt\/index.php\/2025\/07\/praias-entre-quarteira-e-quinta-do-lago-vao-ter-injecao-de-areia-e-requalificacao-dos-molhos\/ambiente\/08\/00\/","name":"Praias entre Quarteira e Quinta do Lago v\u00e3o ter inje\u00e7\u00e3o de areia e requalifica\u00e7\u00e3o dos molhos - Algarve 7","isPartOf":{"@id":"https:\/\/algarve7.pt\/#website"},"primaryImageOfPage":{"@id":"https:\/\/algarve7.pt\/index.php\/2025\/07\/praias-entre-quarteira-e-quinta-do-lago-vao-ter-injecao-de-areia-e-requalificacao-dos-molhos\/ambiente\/08\/00\/#primaryimage"},"image":{"@id":"https:\/\/algarve7.pt\/index.php\/2025\/07\/praias-entre-quarteira-e-quinta-do-lago-vao-ter-injecao-de-areia-e-requalificacao-dos-molhos\/ambiente\/08\/00\/#primaryimage"},"thumbnailUrl":"https:\/\/algarve7.pt\/wp-content\/uploads\/2021\/04\/Quarteira-02-08-2016-2.jpg","datePublished":"2025-07-30T07:00:00+00:00","description":"Praias entre Quarteira e Quinta do Lago v\u00e3o ter inje\u00e7\u00e3o de areia e requalifica\u00e7\u00e3o dos molhos Ambiente","breadcrumb":{"@id":"https:\/\/algarve7.pt\/index.php\/2025\/07\/praias-entre-quarteira-e-quinta-do-lago-vao-ter-injecao-de-areia-e-requalificacao-dos-molhos\/ambiente\/08\/00\/#breadcrumb"},"inLanguage":"pt-PT","potentialAction":[{"@type":"ReadAction","target":["https:\/\/algarve7.pt\/index.php\/2025\/07\/praias-entre-quarteira-e-quinta-do-lago-vao-ter-injecao-de-areia-e-requalificacao-dos-molhos\/ambiente\/08\/00\/"]}]},{"@type":"ImageObject","inLanguage":"pt-PT","@id":"https:\/\/algarve7.pt\/index.php\/2025\/07\/praias-entre-quarteira-e-quinta-do-lago-vao-ter-injecao-de-areia-e-requalificacao-dos-molhos\/ambiente\/08\/00\/#primaryimage","url":"https:\/\/algarve7.pt\/wp-content\/uploads\/2021\/04\/Quarteira-02-08-2016-2.jpg","contentUrl":"https:\/\/algarve7.pt\/wp-content\/uploads\/2021\/04\/Quarteira-02-08-2016-2.jpg","width":1920,"height":1280},{"@type":"BreadcrumbList","@id":"https:\/\/algarve7.pt\/index.php\/2025\/07\/praias-entre-quarteira-e-quinta-do-lago-vao-ter-injecao-de-areia-e-requalificacao-dos-molhos\/ambiente\/08\/00\/#breadcrumb","itemListElement":[{"@type":"ListItem","position":1,"name":"In\u00edcio","item":"https:\/\/algarve7.pt\/"},{"@type":"ListItem","position":2,"name":"Praias entre Quarteira e Quinta do Lago v\u00e3o ter inje\u00e7\u00e3o de areia e requalifica\u00e7\u00e3o dos molhos"}]},{"@type":"WebSite","@id":"https:\/\/algarve7.pt\/#website","url":"https:\/\/algarve7.pt\/","name":"Algarve 7","description":"Informa\u00e7\u00e3o sobre o Algarve","publisher":{"@id":"https:\/\/algarve7.pt\/#organization"},"potentialAction":[{"@type":"SearchAction","target":{"@type":"EntryPoint","urlTemplate":"https:\/\/algarve7.pt\/?s={search_term_string}"},"query-input":{"@type":"PropertyValueSpecification","valueRequired":true,"valueName":"search_term_string"}}],"inLanguage":"pt-PT"},{"@type":"Organization","@id":"https:\/\/algarve7.pt\/#organization","name":"Algarve 7","url":"https:\/\/algarve7.pt\/","logo":{"@type":"ImageObject","inLanguage":"pt-PT","@id":"https:\/\/algarve7.pt\/#\/schema\/logo\/image\/","url":"https:\/\/algarve7.pt\/wp-content\/uploads\/2020\/10\/Logo-8.jpg","contentUrl":"https:\/\/algarve7.pt\/wp-content\/uploads\/2020\/10\/Logo-8.jpg","width":1680,"height":1186,"caption":"Algarve 7"},"image":{"@id":"https:\/\/algarve7.pt\/#\/schema\/logo\/image\/"},"sameAs":["https:\/\/www.facebook.com\/algarve7","https:\/\/x.com\/Algarvesete","https:\/\/www.instagram.com\/jornalalgarve7\/","https:\/\/www.linkedin.com\/company\/algarve7","https:\/\/www.pinterest.pt\/geral0939\/_created\/"]},{"@type":"Person","@id":"https:\/\/algarve7.pt\/#\/schema\/person\/23fa70681308e7b319a3204bcea45e0c","name":"Algarve 7","sameAs":["https:\/\/algarve7.pt","https:\/\/www.facebook.com\/algarve7"],"url":"https:\/\/algarve7.pt\/index.php\/author\/geralalgarve7-pt\/"}]}},"jetpack_publicize_connections":[],"jetpack_featured_media_url":"https:\/\/algarve7.pt\/wp-content\/uploads\/2021\/04\/Quarteira-02-08-2016-2.jpg","jetpack_shortlink":"https:\/\/wp.me\/pcezmW-dK7","jetpack_sharing_enabled":true,"_links":{"self":[{"href":"https:\/\/algarve7.pt\/index.php\/wp-json\/wp\/v2\/posts\/52831","targetHints":{"allow":["GET"]}}],"collection":[{"href":"https:\/\/algarve7.pt\/index.php\/wp-json\/wp\/v2\/posts"}],"about":[{"href":"https:\/\/algarve7.pt\/index.php\/wp-json\/wp\/v2\/types\/post"}],"author":[{"embeddable":true,"href":"https:\/\/algarve7.pt\/index.php\/wp-json\/wp\/v2\/users\/1"}],"replies":[{"embeddable":true,"href":"https:\/\/algarve7.pt\/index.php\/wp-json\/wp\/v2\/comments?post=52831"}],"version-history":[{"count":0,"href":"https:\/\/algarve7.pt\/index.php\/wp-json\/wp\/v2\/posts\/52831\/revisions"}],"wp:featuredmedia":[{"embeddable":true,"href":"https:\/\/algarve7.pt\/index.php\/wp-json\/wp\/v2\/media\/7365"}],"wp:attachment":[{"href":"https:\/\/algarve7.pt\/index.php\/wp-json\/wp\/v2\/media?parent=52831"}],"wp:term":[{"taxonomy":"category","embeddable":true,"href":"https:\/\/algarve7.pt\/index.php\/wp-json\/wp\/v2\/categories?post=52831"},{"taxonomy":"post_tag","embeddable":true,"href":"https:\/\/algarve7.pt\/index.php\/wp-json\/wp\/v2\/tags?post=52831"}],"curies":[{"name":"wp","href":"https:\/\/api.w.org\/{rel}","templated":true}]}}