{"id":52792,"date":"2025-07-28T10:01:12","date_gmt":"2025-07-28T09:01:12","guid":{"rendered":"https:\/\/algarve7.pt\/?p=52792"},"modified":"2025-07-28T10:01:14","modified_gmt":"2025-07-28T09:01:14","slug":"alar-da-rede-e-novidade-na-recriacao-da-descarga-da-sardinha-do-museu-de-portimao-este-ano","status":"publish","type":"post","link":"https:\/\/algarve7.pt\/index.php\/2025\/07\/alar-da-rede-e-novidade-na-recriacao-da-descarga-da-sardinha-do-museu-de-portimao-este-ano\/cultura\/10\/01\/","title":{"rendered":"Alar da rede \u00e9 novidade na recria\u00e7\u00e3o da descarga da sardinha do Museu de Portim\u00e3o este ano"},"content":{"rendered":"\n<p>A recria\u00e7\u00e3o da descarga da sardinha no cais marca o arranque do Festival da Sardinha e leva muitas pessoas \u00e0 Zona Ribeirinha para viver a atmosfera vibrante da faina, desde 2019. No entanto, este ano, o Museu de Portim\u00e3o decidiu inovar e elevar esta experi\u00eancia cultural apresentando tamb\u00e9m o alar da rede, como um novo elemento deste regresso ao passado, que ter\u00e1 lugar na manh\u00e3 de 5 de agosto.&nbsp;<\/p>\n\n\n\n<p>A iniciativa prepara caminho para a 29\u00aa edi\u00e7\u00e3o do Festival da Sardinha, que inaugura ao final da tarde desse dia, e permite que, entre as 11h00 e as 12h30, a popula\u00e7\u00e3o vivencie uma experi\u00eancia enriquecedora, aut\u00eantica e envolvente, que est\u00e1 inegavelmente ligada \u00e0 origem da identidade portimonense.<\/p>\n\n\n\n<p>Promovida pelo Munic\u00edpio de Portim\u00e3o, atrav\u00e9s do Museu da cidade, todos, quer residentes, quer turistas, s\u00e3o convidados a assistir a esta recria\u00e7\u00e3o no Cais Gil Eanes, num cen\u00e1rio perfeito para recordar os tempos de chegada da sardinha ap\u00f3s a faina, com a acostagem das embarca\u00e7\u00f5es e a az\u00e1fama caracter\u00edstica da antiga lota. No entanto, quem n\u00e3o tiver possibilidade de se deslocar ao cais, poder\u00e1 assistir \u00e0 transmiss\u00e3o em direto na p\u00e1gina oficial de Facebook do Munic\u00edpio de Portim\u00e3o: Facebook\/portimaomunicipio.<\/p>\n\n\n\n<p><strong>Alar da rede \u00e9 o novo atrativo da edi\u00e7\u00e3o 2025<\/strong><\/p>\n\n\n\n<p>A popula\u00e7\u00e3o que se desloque \u00e0 Zona Ribeirinha de Portim\u00e3o para assistir \u00e0 recria\u00e7\u00e3o este ano ser\u00e1, portanto, surpreendida por mais um motivo de interesse. Isto porque, ter\u00e1 a possibilidade de reviver o alar da rede para bordo das embarca\u00e7\u00f5es, outro momento que, antigamente, marcava a \u201clufa-lufa\u201d pesqueira.<\/p>\n\n\n\n<p>Ao som do canto de trabalho do \u201cArribal\u00e9\u201d, a recria\u00e7\u00e3o mostrar\u00e1 a forma como um dos mais importantes instrumentos de trabalho da faina era puxado para dentro da embarca\u00e7\u00e3o pela tripula\u00e7\u00e3o. Esta atividade tem como base, o trabalho de campo de Michel Giacometti.<\/p>\n\n\n\n<p>Este epis\u00f3dio, que marcar\u00e1 a edi\u00e7\u00e3o de 2025 da recria\u00e7\u00e3o, contar\u00e1 com a participa\u00e7\u00e3o da comunidade, do Grupo Coral Ad\u00e1gio e com a tripula\u00e7\u00e3o do \u201cTravesso\u201d, embarca\u00e7\u00e3o ainda em atividade, que ap\u00f3s a conclus\u00e3o da descarga da sardinha, no Cais Gil Eanes, dar\u00e1 forma a este momento.<\/p>\n\n\n\n<p>A recria\u00e7\u00e3o continua a ser, por\u00e9m, uma experi\u00eancia sem igual, onde participam sete dezenas de elementos das associa\u00e7\u00f5es locais e volunt\u00e1rios, envergando trajes, empregando dizeres e usando meios de transporte da \u00e9poca. O grupo de figurantes est\u00e1 a ensaiar desde 14 de julho no espa\u00e7o do Museu de Portim\u00e3o, mais uma vez sob encena\u00e7\u00e3o do ator V\u00edtor Correia, para que este epis\u00f3dio seja memor\u00e1vel e um retrato daquela que \u00e9 uma importante atividade do passado do concelho.<\/p>\n\n\n\n<p>Para que tal aconte\u00e7a, al\u00e9m dos figurantes, roupas e equipamentos, \u00e9 sempre necess\u00e1ria uma grande quantidade de pescado. Por isso, ser\u00e3o utilizados tamb\u00e9m na recria\u00e7\u00e3o 600 quilos de sardinha fresca, oferecida no pr\u00f3prio dia pela Docapesca \u2013 Portos e Lotas S.A., parceira deste evento \u00e2ncora, quantidade que ser\u00e1 repartida pelas traineiras \u201cArrifana\u201d e \u201cPortugal Jovem\u201d, embarca\u00e7\u00f5es ainda em atividade e que tamb\u00e9m s\u00e3o elementos-chave para esta recria\u00e7\u00e3o.<\/p>\n\n\n\n<p>O Festival da Sardinha distribuir\u00e1 pelos espetadores 3.000 senhas de degusta\u00e7\u00e3o gratuita (600 por restaurante), que d\u00e3o direito a duas sardinhas no p\u00e3o e uma bebida. Podem depois ser utilizadas, de 5 a 10 agosto, num dos cinco espa\u00e7os de restaura\u00e7\u00e3o dinamizados pelo associativismo local no recinto do certame.<\/p>\n\n\n\n<p><strong>Recria\u00e7\u00e3o \u00e9 verdadeira viagem no tempo<\/strong><\/p>\n\n\n\n<p>A inten\u00e7\u00e3o \u00e9 recordar uma atividade bastante caracter\u00edstica de Portim\u00e3o, que se perdeu desde que o Porto de Pesca transitou para a margem oposta do Rio Arade. O esfor\u00e7o do Munic\u00edpio de Portim\u00e3o atrav\u00e9s do seu Museu em manter viva na mem\u00f3ria de toda a popula\u00e7\u00e3o esta importante vertente da hist\u00f3ria local foi reconhecida logo em 2020 com uma men\u00e7\u00e3o honrosa por parte da APOM \u2013 Associa\u00e7\u00e3o Portuguesa de Museologia, na categoria \u201cInova\u00e7\u00e3o e Criatividade\u201d.<\/p>\n\n\n\n<p>Assim, s\u00e3o evocadas neste dia as atividades da lota e da pesca do cerco, das quais se destaca a chegada da traineira carregada de sardinha, anunciada pela sirene que tinha como fun\u00e7\u00e3o chamar os compradores. Era acompanhada pelo bote com o homem que baldeava a embarca\u00e7\u00e3o, vendendo o \u201cpeixe da companha\u201d na muralha do cais.<\/p>\n\n\n\n<p>Pertencente aos pescadores, este peixe n\u00e3o passava pelo leil\u00e3o \u201coficial\u201d. Era levado para as escadas do cais, onde era vendido aos interessados que estavam de \u201colho\u201d no mesmo, por ser mais barato. Entretanto, os compradores, obedientes ao som da sirene, j\u00e1 se tinham dirigido ao pont\u00e3o para avaliar a qualidade do peixe. Seguia-se ent\u00e3o o leil\u00e3o \u201c\u00e0 boca\u201d, uma ladainha de n\u00fameros cantada por ordem decrescente, apenas interrompida com a ordem de compra \u201cChui!\u201d.<\/p>\n\n\n\n<p>Era nesta altura que se seguia a descarga do peixe, uma esp\u00e9cie de coreografia aperfei\u00e7oada pela experi\u00eancia, na qual os homens faziam voar canastras cheias de pescado, do conv\u00e9s da embarca\u00e7\u00e3o at\u00e9 ao recebedor que as apanhava na muralha, sendo este despejado em caixas de imediato. Era gelado ou salgado e transportado em bicicletas, carrinhas, triciclos e motorizadas para o seu destino, enquanto as crian\u00e7as desviavam sardinhas, gerando algazarra entre os presentes.<\/p>\n\n\n\n<p>Todo esse ambiente, com din\u00e2micas e intera\u00e7\u00f5es pr\u00f3prias, atra\u00eda curiosos e turistas, proporcionando o conv\u00edvio entre protagonistas e mirones, especialmente quando descarregadores de peixe assavam sardinhas para o almo\u00e7o e convidavam os visitantes a provar esta iguaria t\u00e3o t\u00edpica da regi\u00e3o.<\/p>\n\n\n\n<p>A lota, espa\u00e7o muito masculino, contou, no entanto, sempre com a presen\u00e7a feminina, quer fosse das mulheres que a\u00ed salgavam algum peixe, quer das que estavam ligadas \u00e0s primeiras tabernas e aluguer de fogareiros, de uma ou outra compradora de uma tecazinha de peixe ou turista que por l\u00e1 passava.<\/p>\n\n\n\n<p>A estes juntaram-se tamb\u00e9m os rapazes que tentavam furtar umas sardinhas, fosse para o consumo caseiro, fosse para tentar realizar pequenos neg\u00f3cios onde poderiam retirar proveitos para si e para as suas fam\u00edlias. Havia ainda algum apontamento de mendigagem e de figuras que \u201candavam ao cais\u201d, realizando pequenos trabalhos. E a acompanhar tudo isto a bonita melodia do \u201cFado de Portim\u00e3o\u201d.<\/p>\n\n\n\n<p>Todas estas personagens e a az\u00e1fama da lota est\u00e3o na base desta recria\u00e7\u00e3o, que, apesar de se desenrolar nos tempos modernos, conseguir\u00e1 levar o p\u00fablico a viajar at\u00e9 ao passado recente para experienciar este importante epis\u00f3dio da vida portimonense.<\/p>\n\n\n\n<p>Esta reconstitui\u00e7\u00e3o hist\u00f3rica \u00e9 um exemplo vivo de patrim\u00f3nio cultural, da mem\u00f3ria coletiva e da identidade portimonense, cuja preserva\u00e7\u00e3o tamb\u00e9m tem o objetivo de dinamizar o espa\u00e7o da Zona Ribeirinha de Portim\u00e3o, contribuindo paralelamente para o desenvolvimento da iniciativa local e da import\u00e2ncia do turismo cultural.<\/p>\n\n\n\n<p><strong>Manter viva uma importante vertente da hist\u00f3ria e da identidade local<\/strong><\/p>\n\n\n\n<p>E se h\u00e1 hist\u00f3rias que merecem ser contadas e bem registadas, a recria\u00e7\u00e3o da descarga da sardinha \u00e9 com certeza uma delas. A lota do cerco surge na Zona Ribeirinha de Portim\u00e3o no in\u00edcio do s\u00e9culo XX, primeiro com os gale\u00f5es e, mais tarde, com as traineiras. A\u00ed funcionou at\u00e9 1987, altura em que passa para a outra margem do Rio Arade.<\/p>\n\n\n\n<p>Por isso, a recria\u00e7\u00e3o da descarga do peixe \u00e9 uma celebra\u00e7\u00e3o dessa mem\u00f3ria, n\u00e3o correspondendo a uma d\u00e9cada espec\u00edfica, mas a um per\u00edodo em que se conjugam as principais hist\u00f3rias relatadas por quem trabalhou e conheceu bem a lota.<\/p>\n\n\n\n<p>Nesta edi\u00e7\u00e3o, a recria\u00e7\u00e3o envolve duas traineiras que est\u00e3o na atualidade em atividade &#8211; a \u201cArrifana\u201d e o \u201cPortugal Jovem\u201d, o \u201cTravesso\u201d e a nossa enviada \u201cMoira\u201d.<\/p>\n\n\n\n<p>Esta iniciativa e o Festival da Sardinha, que inaugurar\u00e1 ao final da tarde de 5 de agosto e contar\u00e1 com o concerto de Rui Veloso, s\u00e3o dois dos grandes destaques da agenda de programa\u00e7\u00e3o, promovida pelo Munic\u00edpio de Portim\u00e3o e denominada \u201c\u00c9 Ver\u00e3o, \u00e9 Portim\u00e3o\u201d. Toda a informa\u00e7\u00e3o relativa \u00e0 edi\u00e7\u00e3o deste ano do Festival da Sardinha pode ser consultada no site oficial do evento, em\u00a0<a href=\"http:\/\/www.festivaldasardinha.pt\/\" target=\"_blank\" rel=\"noreferrer noopener\">www.festivaldasardinha.pt<\/a><\/p>\n","protected":false},"excerpt":{"rendered":"<p>A recria\u00e7\u00e3o da descarga da sardinha no cais marca o arranque do Festival da Sardinha e leva muitas pessoas \u00e0<\/p>\n","protected":false},"author":1,"featured_media":52793,"comment_status":"closed","ping_status":"closed","sticky":false,"template":"","format":"standard","meta":{"colormag_page_container_layout":"default_layout","colormag_page_sidebar_layout":"default_layout","_monsterinsights_skip_tracking":false,"_monsterinsights_sitenote_active":false,"_monsterinsights_sitenote_note":"","_monsterinsights_sitenote_category":0,"jetpack_post_was_ever_published":false,"_jetpack_newsletter_access":"","_jetpack_dont_email_post_to_subs":false,"_jetpack_newsletter_tier_id":0,"_jetpack_memberships_contains_paywalled_content":false,"_jetpack_memberships_contains_paid_content":false,"footnotes":"","jetpack_publicize_message":"","jetpack_publicize_feature_enabled":true,"jetpack_social_post_already_shared":false,"jetpack_social_options":{"image_generator_settings":{"template":"highway","default_image_id":0,"font":"","enabled":false},"version":2}},"categories":[14],"tags":[36,35,72],"class_list":["post-52792","post","type-post","status-publish","format-standard","has-post-thumbnail","hentry","category-cultura","tag-algarve","tag-cultura","tag-portimao"],"yoast_head":"<!-- This site is optimized with the Yoast SEO plugin v27.5 - https:\/\/yoast.com\/product\/yoast-seo-wordpress\/ -->\n<title>Alar da rede \u00e9 novidade na recria\u00e7\u00e3o da descarga da sardinha do Museu de Portim\u00e3o este ano - Algarve 7<\/title>\n<meta name=\"description\" content=\"Alar da rede \u00e9 novidade na recria\u00e7\u00e3o da descarga da sardinha do Museu de Portim\u00e3o este ano Cultura\" \/>\n<meta name=\"robots\" content=\"index, follow, max-snippet:-1, max-image-preview:large, max-video-preview:-1\" \/>\n<link rel=\"canonical\" href=\"https:\/\/algarve7.pt\/index.php\/2025\/07\/alar-da-rede-e-novidade-na-recriacao-da-descarga-da-sardinha-do-museu-de-portimao-este-ano\/cultura\/10\/01\/\" \/>\n<meta property=\"og:locale\" content=\"pt_PT\" \/>\n<meta property=\"og:type\" content=\"article\" \/>\n<meta property=\"og:title\" content=\"Alar da rede \u00e9 novidade na recria\u00e7\u00e3o da descarga da sardinha do Museu de Portim\u00e3o este ano - Algarve 7\" \/>\n<meta property=\"og:description\" content=\"Alar da rede \u00e9 novidade na recria\u00e7\u00e3o da descarga da sardinha do Museu de Portim\u00e3o este ano Cultura\" \/>\n<meta property=\"og:url\" content=\"https:\/\/algarve7.pt\/index.php\/2025\/07\/alar-da-rede-e-novidade-na-recriacao-da-descarga-da-sardinha-do-museu-de-portimao-este-ano\/cultura\/10\/01\/\" \/>\n<meta property=\"og:site_name\" content=\"Algarve 7\" \/>\n<meta property=\"article:publisher\" content=\"https:\/\/www.facebook.com\/algarve7\" \/>\n<meta property=\"article:author\" content=\"https:\/\/www.facebook.com\/algarve7\" \/>\n<meta property=\"article:published_time\" content=\"2025-07-28T09:01:12+00:00\" \/>\n<meta property=\"article:modified_time\" content=\"2025-07-28T09:01:14+00:00\" \/>\n<meta property=\"og:image\" content=\"https:\/\/algarve7.pt\/wp-content\/uploads\/2025\/07\/Personagens-Descag-001.jpg\" \/>\n\t<meta property=\"og:image:width\" content=\"800\" \/>\n\t<meta property=\"og:image:height\" content=\"500\" \/>\n\t<meta property=\"og:image:type\" content=\"image\/jpeg\" \/>\n<meta name=\"author\" content=\"Algarve 7\" \/>\n<meta name=\"twitter:card\" content=\"summary_large_image\" \/>\n<meta name=\"twitter:creator\" content=\"@Algarvesete\" \/>\n<meta name=\"twitter:site\" content=\"@Algarvesete\" \/>\n<meta name=\"twitter:label1\" content=\"Escrito por\" \/>\n\t<meta name=\"twitter:data1\" content=\"Algarve 7\" \/>\n\t<meta name=\"twitter:label2\" content=\"Tempo estimado de leitura\" \/>\n\t<meta name=\"twitter:data2\" content=\"8 minutos\" \/>\n<script type=\"application\/ld+json\" class=\"yoast-schema-graph\">{\"@context\":\"https:\\\/\\\/schema.org\",\"@graph\":[{\"@type\":\"Article\",\"@id\":\"https:\\\/\\\/algarve7.pt\\\/index.php\\\/2025\\\/07\\\/alar-da-rede-e-novidade-na-recriacao-da-descarga-da-sardinha-do-museu-de-portimao-este-ano\\\/cultura\\\/10\\\/01\\\/#article\",\"isPartOf\":{\"@id\":\"https:\\\/\\\/algarve7.pt\\\/index.php\\\/2025\\\/07\\\/alar-da-rede-e-novidade-na-recriacao-da-descarga-da-sardinha-do-museu-de-portimao-este-ano\\\/cultura\\\/10\\\/01\\\/\"},\"author\":{\"name\":\"Algarve 7\",\"@id\":\"https:\\\/\\\/algarve7.pt\\\/#\\\/schema\\\/person\\\/23fa70681308e7b319a3204bcea45e0c\"},\"headline\":\"Alar da rede \u00e9 novidade na recria\u00e7\u00e3o da descarga da sardinha do Museu de Portim\u00e3o este ano\",\"datePublished\":\"2025-07-28T09:01:12+00:00\",\"dateModified\":\"2025-07-28T09:01:14+00:00\",\"mainEntityOfPage\":{\"@id\":\"https:\\\/\\\/algarve7.pt\\\/index.php\\\/2025\\\/07\\\/alar-da-rede-e-novidade-na-recriacao-da-descarga-da-sardinha-do-museu-de-portimao-este-ano\\\/cultura\\\/10\\\/01\\\/\"},\"wordCount\":1402,\"publisher\":{\"@id\":\"https:\\\/\\\/algarve7.pt\\\/#organization\"},\"image\":{\"@id\":\"https:\\\/\\\/algarve7.pt\\\/index.php\\\/2025\\\/07\\\/alar-da-rede-e-novidade-na-recriacao-da-descarga-da-sardinha-do-museu-de-portimao-este-ano\\\/cultura\\\/10\\\/01\\\/#primaryimage\"},\"thumbnailUrl\":\"https:\\\/\\\/algarve7.pt\\\/wp-content\\\/uploads\\\/2025\\\/07\\\/Personagens-Descag-001.jpg\",\"keywords\":[\"Algarve\",\"Cultura\",\"Portim\u00e3o\"],\"articleSection\":[\"Cultura\"],\"inLanguage\":\"pt-PT\"},{\"@type\":\"WebPage\",\"@id\":\"https:\\\/\\\/algarve7.pt\\\/index.php\\\/2025\\\/07\\\/alar-da-rede-e-novidade-na-recriacao-da-descarga-da-sardinha-do-museu-de-portimao-este-ano\\\/cultura\\\/10\\\/01\\\/\",\"url\":\"https:\\\/\\\/algarve7.pt\\\/index.php\\\/2025\\\/07\\\/alar-da-rede-e-novidade-na-recriacao-da-descarga-da-sardinha-do-museu-de-portimao-este-ano\\\/cultura\\\/10\\\/01\\\/\",\"name\":\"Alar da rede \u00e9 novidade na recria\u00e7\u00e3o da descarga da sardinha do Museu de Portim\u00e3o este ano - Algarve 7\",\"isPartOf\":{\"@id\":\"https:\\\/\\\/algarve7.pt\\\/#website\"},\"primaryImageOfPage\":{\"@id\":\"https:\\\/\\\/algarve7.pt\\\/index.php\\\/2025\\\/07\\\/alar-da-rede-e-novidade-na-recriacao-da-descarga-da-sardinha-do-museu-de-portimao-este-ano\\\/cultura\\\/10\\\/01\\\/#primaryimage\"},\"image\":{\"@id\":\"https:\\\/\\\/algarve7.pt\\\/index.php\\\/2025\\\/07\\\/alar-da-rede-e-novidade-na-recriacao-da-descarga-da-sardinha-do-museu-de-portimao-este-ano\\\/cultura\\\/10\\\/01\\\/#primaryimage\"},\"thumbnailUrl\":\"https:\\\/\\\/algarve7.pt\\\/wp-content\\\/uploads\\\/2025\\\/07\\\/Personagens-Descag-001.jpg\",\"datePublished\":\"2025-07-28T09:01:12+00:00\",\"dateModified\":\"2025-07-28T09:01:14+00:00\",\"description\":\"Alar da rede \u00e9 novidade na recria\u00e7\u00e3o da descarga da sardinha do Museu de Portim\u00e3o este ano Cultura\",\"breadcrumb\":{\"@id\":\"https:\\\/\\\/algarve7.pt\\\/index.php\\\/2025\\\/07\\\/alar-da-rede-e-novidade-na-recriacao-da-descarga-da-sardinha-do-museu-de-portimao-este-ano\\\/cultura\\\/10\\\/01\\\/#breadcrumb\"},\"inLanguage\":\"pt-PT\",\"potentialAction\":[{\"@type\":\"ReadAction\",\"target\":[\"https:\\\/\\\/algarve7.pt\\\/index.php\\\/2025\\\/07\\\/alar-da-rede-e-novidade-na-recriacao-da-descarga-da-sardinha-do-museu-de-portimao-este-ano\\\/cultura\\\/10\\\/01\\\/\"]}]},{\"@type\":\"ImageObject\",\"inLanguage\":\"pt-PT\",\"@id\":\"https:\\\/\\\/algarve7.pt\\\/index.php\\\/2025\\\/07\\\/alar-da-rede-e-novidade-na-recriacao-da-descarga-da-sardinha-do-museu-de-portimao-este-ano\\\/cultura\\\/10\\\/01\\\/#primaryimage\",\"url\":\"https:\\\/\\\/algarve7.pt\\\/wp-content\\\/uploads\\\/2025\\\/07\\\/Personagens-Descag-001.jpg\",\"contentUrl\":\"https:\\\/\\\/algarve7.pt\\\/wp-content\\\/uploads\\\/2025\\\/07\\\/Personagens-Descag-001.jpg\",\"width\":800,\"height\":500},{\"@type\":\"BreadcrumbList\",\"@id\":\"https:\\\/\\\/algarve7.pt\\\/index.php\\\/2025\\\/07\\\/alar-da-rede-e-novidade-na-recriacao-da-descarga-da-sardinha-do-museu-de-portimao-este-ano\\\/cultura\\\/10\\\/01\\\/#breadcrumb\",\"itemListElement\":[{\"@type\":\"ListItem\",\"position\":1,\"name\":\"In\u00edcio\",\"item\":\"https:\\\/\\\/algarve7.pt\\\/\"},{\"@type\":\"ListItem\",\"position\":2,\"name\":\"Alar da rede \u00e9 novidade na recria\u00e7\u00e3o da descarga da sardinha do Museu de Portim\u00e3o este ano\"}]},{\"@type\":\"WebSite\",\"@id\":\"https:\\\/\\\/algarve7.pt\\\/#website\",\"url\":\"https:\\\/\\\/algarve7.pt\\\/\",\"name\":\"Algarve 7\",\"description\":\"Informa\u00e7\u00e3o sobre o Algarve\",\"publisher\":{\"@id\":\"https:\\\/\\\/algarve7.pt\\\/#organization\"},\"potentialAction\":[{\"@type\":\"SearchAction\",\"target\":{\"@type\":\"EntryPoint\",\"urlTemplate\":\"https:\\\/\\\/algarve7.pt\\\/?s={search_term_string}\"},\"query-input\":{\"@type\":\"PropertyValueSpecification\",\"valueRequired\":true,\"valueName\":\"search_term_string\"}}],\"inLanguage\":\"pt-PT\"},{\"@type\":\"Organization\",\"@id\":\"https:\\\/\\\/algarve7.pt\\\/#organization\",\"name\":\"Algarve 7\",\"url\":\"https:\\\/\\\/algarve7.pt\\\/\",\"logo\":{\"@type\":\"ImageObject\",\"inLanguage\":\"pt-PT\",\"@id\":\"https:\\\/\\\/algarve7.pt\\\/#\\\/schema\\\/logo\\\/image\\\/\",\"url\":\"https:\\\/\\\/algarve7.pt\\\/wp-content\\\/uploads\\\/2020\\\/10\\\/Logo-8.jpg\",\"contentUrl\":\"https:\\\/\\\/algarve7.pt\\\/wp-content\\\/uploads\\\/2020\\\/10\\\/Logo-8.jpg\",\"width\":1680,\"height\":1186,\"caption\":\"Algarve 7\"},\"image\":{\"@id\":\"https:\\\/\\\/algarve7.pt\\\/#\\\/schema\\\/logo\\\/image\\\/\"},\"sameAs\":[\"https:\\\/\\\/www.facebook.com\\\/algarve7\",\"https:\\\/\\\/x.com\\\/Algarvesete\",\"https:\\\/\\\/www.instagram.com\\\/jornalalgarve7\\\/\",\"https:\\\/\\\/www.linkedin.com\\\/company\\\/algarve7\",\"https:\\\/\\\/www.pinterest.pt\\\/geral0939\\\/_created\\\/\"]},{\"@type\":\"Person\",\"@id\":\"https:\\\/\\\/algarve7.pt\\\/#\\\/schema\\\/person\\\/23fa70681308e7b319a3204bcea45e0c\",\"name\":\"Algarve 7\",\"sameAs\":[\"https:\\\/\\\/algarve7.pt\",\"https:\\\/\\\/www.facebook.com\\\/algarve7\"],\"url\":\"https:\\\/\\\/algarve7.pt\\\/index.php\\\/author\\\/geralalgarve7-pt\\\/\"}]}<\/script>\n<!-- \/ Yoast SEO plugin. -->","yoast_head_json":{"title":"Alar da rede \u00e9 novidade na recria\u00e7\u00e3o da descarga da sardinha do Museu de Portim\u00e3o este ano - Algarve 7","description":"Alar da rede \u00e9 novidade na recria\u00e7\u00e3o da descarga da sardinha do Museu de Portim\u00e3o este ano Cultura","robots":{"index":"index","follow":"follow","max-snippet":"max-snippet:-1","max-image-preview":"max-image-preview:large","max-video-preview":"max-video-preview:-1"},"canonical":"https:\/\/algarve7.pt\/index.php\/2025\/07\/alar-da-rede-e-novidade-na-recriacao-da-descarga-da-sardinha-do-museu-de-portimao-este-ano\/cultura\/10\/01\/","og_locale":"pt_PT","og_type":"article","og_title":"Alar da rede \u00e9 novidade na recria\u00e7\u00e3o da descarga da sardinha do Museu de Portim\u00e3o este ano - Algarve 7","og_description":"Alar da rede \u00e9 novidade na recria\u00e7\u00e3o da descarga da sardinha do Museu de Portim\u00e3o este ano Cultura","og_url":"https:\/\/algarve7.pt\/index.php\/2025\/07\/alar-da-rede-e-novidade-na-recriacao-da-descarga-da-sardinha-do-museu-de-portimao-este-ano\/cultura\/10\/01\/","og_site_name":"Algarve 7","article_publisher":"https:\/\/www.facebook.com\/algarve7","article_author":"https:\/\/www.facebook.com\/algarve7","article_published_time":"2025-07-28T09:01:12+00:00","article_modified_time":"2025-07-28T09:01:14+00:00","og_image":[{"width":800,"height":500,"url":"https:\/\/algarve7.pt\/wp-content\/uploads\/2025\/07\/Personagens-Descag-001.jpg","type":"image\/jpeg"}],"author":"Algarve 7","twitter_card":"summary_large_image","twitter_creator":"@Algarvesete","twitter_site":"@Algarvesete","twitter_misc":{"Escrito por":"Algarve 7","Tempo estimado de leitura":"8 minutos"},"schema":{"@context":"https:\/\/schema.org","@graph":[{"@type":"Article","@id":"https:\/\/algarve7.pt\/index.php\/2025\/07\/alar-da-rede-e-novidade-na-recriacao-da-descarga-da-sardinha-do-museu-de-portimao-este-ano\/cultura\/10\/01\/#article","isPartOf":{"@id":"https:\/\/algarve7.pt\/index.php\/2025\/07\/alar-da-rede-e-novidade-na-recriacao-da-descarga-da-sardinha-do-museu-de-portimao-este-ano\/cultura\/10\/01\/"},"author":{"name":"Algarve 7","@id":"https:\/\/algarve7.pt\/#\/schema\/person\/23fa70681308e7b319a3204bcea45e0c"},"headline":"Alar da rede \u00e9 novidade na recria\u00e7\u00e3o da descarga da sardinha do Museu de Portim\u00e3o este ano","datePublished":"2025-07-28T09:01:12+00:00","dateModified":"2025-07-28T09:01:14+00:00","mainEntityOfPage":{"@id":"https:\/\/algarve7.pt\/index.php\/2025\/07\/alar-da-rede-e-novidade-na-recriacao-da-descarga-da-sardinha-do-museu-de-portimao-este-ano\/cultura\/10\/01\/"},"wordCount":1402,"publisher":{"@id":"https:\/\/algarve7.pt\/#organization"},"image":{"@id":"https:\/\/algarve7.pt\/index.php\/2025\/07\/alar-da-rede-e-novidade-na-recriacao-da-descarga-da-sardinha-do-museu-de-portimao-este-ano\/cultura\/10\/01\/#primaryimage"},"thumbnailUrl":"https:\/\/algarve7.pt\/wp-content\/uploads\/2025\/07\/Personagens-Descag-001.jpg","keywords":["Algarve","Cultura","Portim\u00e3o"],"articleSection":["Cultura"],"inLanguage":"pt-PT"},{"@type":"WebPage","@id":"https:\/\/algarve7.pt\/index.php\/2025\/07\/alar-da-rede-e-novidade-na-recriacao-da-descarga-da-sardinha-do-museu-de-portimao-este-ano\/cultura\/10\/01\/","url":"https:\/\/algarve7.pt\/index.php\/2025\/07\/alar-da-rede-e-novidade-na-recriacao-da-descarga-da-sardinha-do-museu-de-portimao-este-ano\/cultura\/10\/01\/","name":"Alar da rede \u00e9 novidade na recria\u00e7\u00e3o da descarga da sardinha do Museu de Portim\u00e3o este ano - Algarve 7","isPartOf":{"@id":"https:\/\/algarve7.pt\/#website"},"primaryImageOfPage":{"@id":"https:\/\/algarve7.pt\/index.php\/2025\/07\/alar-da-rede-e-novidade-na-recriacao-da-descarga-da-sardinha-do-museu-de-portimao-este-ano\/cultura\/10\/01\/#primaryimage"},"image":{"@id":"https:\/\/algarve7.pt\/index.php\/2025\/07\/alar-da-rede-e-novidade-na-recriacao-da-descarga-da-sardinha-do-museu-de-portimao-este-ano\/cultura\/10\/01\/#primaryimage"},"thumbnailUrl":"https:\/\/algarve7.pt\/wp-content\/uploads\/2025\/07\/Personagens-Descag-001.jpg","datePublished":"2025-07-28T09:01:12+00:00","dateModified":"2025-07-28T09:01:14+00:00","description":"Alar da rede \u00e9 novidade na recria\u00e7\u00e3o da descarga da sardinha do Museu de Portim\u00e3o este ano Cultura","breadcrumb":{"@id":"https:\/\/algarve7.pt\/index.php\/2025\/07\/alar-da-rede-e-novidade-na-recriacao-da-descarga-da-sardinha-do-museu-de-portimao-este-ano\/cultura\/10\/01\/#breadcrumb"},"inLanguage":"pt-PT","potentialAction":[{"@type":"ReadAction","target":["https:\/\/algarve7.pt\/index.php\/2025\/07\/alar-da-rede-e-novidade-na-recriacao-da-descarga-da-sardinha-do-museu-de-portimao-este-ano\/cultura\/10\/01\/"]}]},{"@type":"ImageObject","inLanguage":"pt-PT","@id":"https:\/\/algarve7.pt\/index.php\/2025\/07\/alar-da-rede-e-novidade-na-recriacao-da-descarga-da-sardinha-do-museu-de-portimao-este-ano\/cultura\/10\/01\/#primaryimage","url":"https:\/\/algarve7.pt\/wp-content\/uploads\/2025\/07\/Personagens-Descag-001.jpg","contentUrl":"https:\/\/algarve7.pt\/wp-content\/uploads\/2025\/07\/Personagens-Descag-001.jpg","width":800,"height":500},{"@type":"BreadcrumbList","@id":"https:\/\/algarve7.pt\/index.php\/2025\/07\/alar-da-rede-e-novidade-na-recriacao-da-descarga-da-sardinha-do-museu-de-portimao-este-ano\/cultura\/10\/01\/#breadcrumb","itemListElement":[{"@type":"ListItem","position":1,"name":"In\u00edcio","item":"https:\/\/algarve7.pt\/"},{"@type":"ListItem","position":2,"name":"Alar da rede \u00e9 novidade na recria\u00e7\u00e3o da descarga da sardinha do Museu de Portim\u00e3o este ano"}]},{"@type":"WebSite","@id":"https:\/\/algarve7.pt\/#website","url":"https:\/\/algarve7.pt\/","name":"Algarve 7","description":"Informa\u00e7\u00e3o sobre o Algarve","publisher":{"@id":"https:\/\/algarve7.pt\/#organization"},"potentialAction":[{"@type":"SearchAction","target":{"@type":"EntryPoint","urlTemplate":"https:\/\/algarve7.pt\/?s={search_term_string}"},"query-input":{"@type":"PropertyValueSpecification","valueRequired":true,"valueName":"search_term_string"}}],"inLanguage":"pt-PT"},{"@type":"Organization","@id":"https:\/\/algarve7.pt\/#organization","name":"Algarve 7","url":"https:\/\/algarve7.pt\/","logo":{"@type":"ImageObject","inLanguage":"pt-PT","@id":"https:\/\/algarve7.pt\/#\/schema\/logo\/image\/","url":"https:\/\/algarve7.pt\/wp-content\/uploads\/2020\/10\/Logo-8.jpg","contentUrl":"https:\/\/algarve7.pt\/wp-content\/uploads\/2020\/10\/Logo-8.jpg","width":1680,"height":1186,"caption":"Algarve 7"},"image":{"@id":"https:\/\/algarve7.pt\/#\/schema\/logo\/image\/"},"sameAs":["https:\/\/www.facebook.com\/algarve7","https:\/\/x.com\/Algarvesete","https:\/\/www.instagram.com\/jornalalgarve7\/","https:\/\/www.linkedin.com\/company\/algarve7","https:\/\/www.pinterest.pt\/geral0939\/_created\/"]},{"@type":"Person","@id":"https:\/\/algarve7.pt\/#\/schema\/person\/23fa70681308e7b319a3204bcea45e0c","name":"Algarve 7","sameAs":["https:\/\/algarve7.pt","https:\/\/www.facebook.com\/algarve7"],"url":"https:\/\/algarve7.pt\/index.php\/author\/geralalgarve7-pt\/"}]}},"jetpack_publicize_connections":[],"jetpack_featured_media_url":"https:\/\/algarve7.pt\/wp-content\/uploads\/2025\/07\/Personagens-Descag-001.jpg","jetpack_shortlink":"https:\/\/wp.me\/pcezmW-dJu","jetpack_sharing_enabled":true,"_links":{"self":[{"href":"https:\/\/algarve7.pt\/index.php\/wp-json\/wp\/v2\/posts\/52792","targetHints":{"allow":["GET"]}}],"collection":[{"href":"https:\/\/algarve7.pt\/index.php\/wp-json\/wp\/v2\/posts"}],"about":[{"href":"https:\/\/algarve7.pt\/index.php\/wp-json\/wp\/v2\/types\/post"}],"author":[{"embeddable":true,"href":"https:\/\/algarve7.pt\/index.php\/wp-json\/wp\/v2\/users\/1"}],"replies":[{"embeddable":true,"href":"https:\/\/algarve7.pt\/index.php\/wp-json\/wp\/v2\/comments?post=52792"}],"version-history":[{"count":0,"href":"https:\/\/algarve7.pt\/index.php\/wp-json\/wp\/v2\/posts\/52792\/revisions"}],"wp:featuredmedia":[{"embeddable":true,"href":"https:\/\/algarve7.pt\/index.php\/wp-json\/wp\/v2\/media\/52793"}],"wp:attachment":[{"href":"https:\/\/algarve7.pt\/index.php\/wp-json\/wp\/v2\/media?parent=52792"}],"wp:term":[{"taxonomy":"category","embeddable":true,"href":"https:\/\/algarve7.pt\/index.php\/wp-json\/wp\/v2\/categories?post=52792"},{"taxonomy":"post_tag","embeddable":true,"href":"https:\/\/algarve7.pt\/index.php\/wp-json\/wp\/v2\/tags?post=52792"}],"curies":[{"name":"wp","href":"https:\/\/api.w.org\/{rel}","templated":true}]}}