{"id":52750,"date":"2025-07-27T10:34:00","date_gmt":"2025-07-27T09:34:00","guid":{"rendered":"https:\/\/algarve7.pt\/?p=52750"},"modified":"2025-07-25T17:38:37","modified_gmt":"2025-07-25T16:38:37","slug":"ao-natural-e-melhor-nova-campanha-celebra-a-autenticidade-do-sudoeste-alentejano-e-costa-vicentina","status":"publish","type":"post","link":"https:\/\/algarve7.pt\/index.php\/2025\/07\/ao-natural-e-melhor-nova-campanha-celebra-a-autenticidade-do-sudoeste-alentejano-e-costa-vicentina\/turismo\/10\/34\/","title":{"rendered":"&#8220;Ao Natural \u00e9 melhor&#8221;: nova campanha celebra a autenticidade do Sudoeste Alentejano e Costa Vicentina"},"content":{"rendered":"\n<p>Aljezur, Monchique e Odemira s\u00e3o os protagonistas da nova campanha promocional lan\u00e7ada pelas entidades regionais de turismo do Alentejo e do Algarve. Com o claim \u201cAo Natural \u00e9 melhor\u201d, esta iniciativa pretende afirmar estes concelhos como destinos \u00fanicos, onde a natureza, a autenticidade e a simplicidade ditam o ritmo da vida e das experi\u00eancias.<\/p>\n\n\n\n<p>Financiada pelo Turismo de Portugal e com um forte compromisso com a sustentabilidade, a campanha inspira-se na paisagem preservada, nas tradi\u00e7\u00f5es enraizadas e na viv\u00eancia n\u00e3o-digital que distingue este territ\u00f3rio. O objetivo \u00e9 atrair visitantes que procuram desligar-se do artificial e reconectar-se com o que \u00e9 genu\u00edno \u2014 seja nas montanhas de Monchique, nas praias de Odemira ou nas fal\u00e9sias de Aljezur.<\/p>\n\n\n\n<p>Mais do que um slogan, \u201cAo Natural \u00e9 melhor\u201d \u00e9 um convite a deixar para tr\u00e1s as press\u00f5es do quotidiano e mergulhar num ambiente onde o que \u00e9 simples ganha for\u00e7a. A campanha promove uma liga\u00e7\u00e3o sensorial e emocional com o territ\u00f3rio atrav\u00e9s de materiais visuais imersivos, iconografia artesanal e uma linguagem pr\u00f3xima e envolvente.<\/p>\n\n\n\n<p>A campanha, que surge no \u00e2mbito dos esfor\u00e7os de mitiga\u00e7\u00e3o dos efeitos dos inc\u00eandios do ver\u00e3o 2023, \u00e9 resultante de uma candidatura conjunta Entidade Regional de Turismo do Alentejo e a Regi\u00e3o de Turismo do Algarve \u00e0 LINHA + Interior Turismo &#8211; Aviso Regenerar Territ\u00f3rios. \u201cEste \u00e9 um projeto estrat\u00e9gico para a Turismo do Alentejo, para a valoriza\u00e7\u00e3o do Sudoeste Alentejano e para a divulga\u00e7\u00e3o dos seus principais ativos tur\u00edsticos. O fato de se desenvolver em parceria com a Regi\u00e3o de Turismo do Algarve permite uma vis\u00e3o mais integrada de abordagem ao territ\u00f3rio, que entre outros atrativos tem a Rota Vicentina\u201d, afirma Jos\u00e9 Manuel Santos, presidente do Turismo do Alentejo.<\/p>\n\n\n\n<p>O presidente da Regi\u00e3o de Turismo do Algarve, Andr\u00e9 Gomes, refere, por seu turno, que \u201co Algarve tem vindo a intensificar a sua aposta no turismo de natureza e na sustentabilidade, e esta campanha \u00e9 a prova viva desse empenho estrat\u00e9gico. O nosso foco \u00e9 proporcionar experi\u00eancias aut\u00eanticas, que convidam os visitantes a reconectarem-se com o que \u00e9 genu\u00edno, seja nas paisagens \u00fanicas de Monchique, nas praias de Odemira ou nas fal\u00e9sias imponentes de Aljezur. Esta parceria com o Turismo do Alentejo, em particular atrav\u00e9s da Rota Vicentina, \u00e9 fundamental para uma vis\u00e3o integrada do territ\u00f3rio, permitindo-nos divulgar o melhor que o Sudoeste Alentejano e Costa Vicentina t\u00eam para oferecer, promovendo uma liga\u00e7\u00e3o sensorial e emocional com esta regi\u00e3o \u00fanica&#8221;, afirma.<\/p>\n\n\n\n<p>A campanha decorrer\u00e1 at\u00e9 setembro de 2026. Os materiais promocionais ser\u00e3o produzidos com crit\u00e9rios ecol\u00f3gicos, refor\u00e7ando o compromisso com a natureza. No s\u00e1bado, dia 26 de julho, estreia o primeiro de tr\u00eas programas televisivos alusivos \u00e0 campanha \u201cAo Natural \u00c9 melhor\u201d a serem transmitidos na rubrica \u201cS\u00e1bado Viajante\u201d, do canal NOW.&nbsp;&nbsp;<\/p>\n","protected":false},"excerpt":{"rendered":"<p>Aljezur, Monchique e Odemira s\u00e3o os protagonistas da nova campanha promocional lan\u00e7ada pelas entidades regionais de turismo do Alentejo e<\/p>\n","protected":false},"author":1,"featured_media":52751,"comment_status":"closed","ping_status":"closed","sticky":false,"template":"","format":"standard","meta":{"colormag_page_container_layout":"default_layout","colormag_page_sidebar_layout":"default_layout","_monsterinsights_skip_tracking":false,"_monsterinsights_sitenote_active":false,"_monsterinsights_sitenote_note":"","_monsterinsights_sitenote_category":0,"jetpack_post_was_ever_published":false,"_jetpack_newsletter_access":"","_jetpack_dont_email_post_to_subs":false,"_jetpack_newsletter_tier_id":0,"_jetpack_memberships_contains_paywalled_content":false,"_jetpack_memberships_contains_paid_content":false,"footnotes":"","jetpack_publicize_message":"","jetpack_publicize_feature_enabled":true,"jetpack_social_post_already_shared":false,"jetpack_social_options":{"image_generator_settings":{"template":"highway","default_image_id":0,"font":"","enabled":false},"version":2}},"categories":[17],"tags":[36,238,45],"class_list":["post-52750","post","type-post","status-publish","format-standard","has-post-thumbnail","hentry","category-turismo","tag-algarve","tag-costa-vicentina","tag-turismo"],"yoast_head":"<!-- This site is optimized with the Yoast SEO plugin v27.4 - https:\/\/yoast.com\/product\/yoast-seo-wordpress\/ -->\n<title>&quot;Ao Natural \u00e9 melhor&quot;: nova campanha celebra a autenticidade do Sudoeste Alentejano e Costa Vicentina - Algarve 7<\/title>\n<meta name=\"description\" content=\"&quot;Ao Natural \u00e9 melhor&quot;: nova campanha celebra a autenticidade do Sudoeste Alentejano e Costa Vicentina Turismo\" \/>\n<meta name=\"robots\" content=\"index, follow, max-snippet:-1, max-image-preview:large, max-video-preview:-1\" \/>\n<link rel=\"canonical\" href=\"https:\/\/algarve7.pt\/index.php\/2025\/07\/ao-natural-e-melhor-nova-campanha-celebra-a-autenticidade-do-sudoeste-alentejano-e-costa-vicentina\/turismo\/10\/34\/\" \/>\n<meta property=\"og:locale\" content=\"pt_PT\" \/>\n<meta property=\"og:type\" content=\"article\" \/>\n<meta property=\"og:title\" content=\"&quot;Ao Natural \u00e9 melhor&quot;: nova campanha celebra a autenticidade do Sudoeste Alentejano e Costa Vicentina - Algarve 7\" \/>\n<meta property=\"og:description\" content=\"&quot;Ao Natural \u00e9 melhor&quot;: nova campanha celebra a autenticidade do Sudoeste Alentejano e Costa Vicentina Turismo\" \/>\n<meta property=\"og:url\" content=\"https:\/\/algarve7.pt\/index.php\/2025\/07\/ao-natural-e-melhor-nova-campanha-celebra-a-autenticidade-do-sudoeste-alentejano-e-costa-vicentina\/turismo\/10\/34\/\" \/>\n<meta property=\"og:site_name\" content=\"Algarve 7\" \/>\n<meta property=\"article:publisher\" content=\"https:\/\/www.facebook.com\/algarve7\" \/>\n<meta property=\"article:author\" content=\"https:\/\/www.facebook.com\/algarve7\" \/>\n<meta property=\"article:published_time\" content=\"2025-07-27T09:34:00+00:00\" \/>\n<meta property=\"og:image\" content=\"https:\/\/algarve7.pt\/wp-content\/uploads\/2025\/07\/Branding_SACV_.jpg\" \/>\n\t<meta property=\"og:image:width\" content=\"800\" \/>\n\t<meta property=\"og:image:height\" content=\"500\" \/>\n\t<meta property=\"og:image:type\" content=\"image\/jpeg\" \/>\n<meta name=\"author\" content=\"Algarve 7\" \/>\n<meta name=\"twitter:card\" content=\"summary_large_image\" \/>\n<meta name=\"twitter:creator\" content=\"@Algarvesete\" \/>\n<meta name=\"twitter:site\" content=\"@Algarvesete\" \/>\n<meta name=\"twitter:label1\" content=\"Escrito por\" \/>\n\t<meta name=\"twitter:data1\" content=\"Algarve 7\" \/>\n\t<meta name=\"twitter:label2\" content=\"Tempo estimado de leitura\" \/>\n\t<meta name=\"twitter:data2\" content=\"3 minutos\" \/>\n<script type=\"application\/ld+json\" class=\"yoast-schema-graph\">{\"@context\":\"https:\\\/\\\/schema.org\",\"@graph\":[{\"@type\":\"Article\",\"@id\":\"https:\\\/\\\/algarve7.pt\\\/index.php\\\/2025\\\/07\\\/ao-natural-e-melhor-nova-campanha-celebra-a-autenticidade-do-sudoeste-alentejano-e-costa-vicentina\\\/turismo\\\/10\\\/34\\\/#article\",\"isPartOf\":{\"@id\":\"https:\\\/\\\/algarve7.pt\\\/index.php\\\/2025\\\/07\\\/ao-natural-e-melhor-nova-campanha-celebra-a-autenticidade-do-sudoeste-alentejano-e-costa-vicentina\\\/turismo\\\/10\\\/34\\\/\"},\"author\":{\"name\":\"Algarve 7\",\"@id\":\"https:\\\/\\\/algarve7.pt\\\/#\\\/schema\\\/person\\\/23fa70681308e7b319a3204bcea45e0c\"},\"headline\":\"&#8220;Ao Natural \u00e9 melhor&#8221;: nova campanha celebra a autenticidade do Sudoeste Alentejano e Costa Vicentina\",\"datePublished\":\"2025-07-27T09:34:00+00:00\",\"mainEntityOfPage\":{\"@id\":\"https:\\\/\\\/algarve7.pt\\\/index.php\\\/2025\\\/07\\\/ao-natural-e-melhor-nova-campanha-celebra-a-autenticidade-do-sudoeste-alentejano-e-costa-vicentina\\\/turismo\\\/10\\\/34\\\/\"},\"wordCount\":497,\"publisher\":{\"@id\":\"https:\\\/\\\/algarve7.pt\\\/#organization\"},\"image\":{\"@id\":\"https:\\\/\\\/algarve7.pt\\\/index.php\\\/2025\\\/07\\\/ao-natural-e-melhor-nova-campanha-celebra-a-autenticidade-do-sudoeste-alentejano-e-costa-vicentina\\\/turismo\\\/10\\\/34\\\/#primaryimage\"},\"thumbnailUrl\":\"https:\\\/\\\/algarve7.pt\\\/wp-content\\\/uploads\\\/2025\\\/07\\\/Branding_SACV_.jpg\",\"keywords\":[\"Algarve\",\"Costa Vicentina\",\"Turismo\"],\"articleSection\":[\"Turismo\"],\"inLanguage\":\"pt-PT\"},{\"@type\":\"WebPage\",\"@id\":\"https:\\\/\\\/algarve7.pt\\\/index.php\\\/2025\\\/07\\\/ao-natural-e-melhor-nova-campanha-celebra-a-autenticidade-do-sudoeste-alentejano-e-costa-vicentina\\\/turismo\\\/10\\\/34\\\/\",\"url\":\"https:\\\/\\\/algarve7.pt\\\/index.php\\\/2025\\\/07\\\/ao-natural-e-melhor-nova-campanha-celebra-a-autenticidade-do-sudoeste-alentejano-e-costa-vicentina\\\/turismo\\\/10\\\/34\\\/\",\"name\":\"\\\"Ao Natural \u00e9 melhor\\\": nova campanha celebra a autenticidade do Sudoeste Alentejano e Costa Vicentina - Algarve 7\",\"isPartOf\":{\"@id\":\"https:\\\/\\\/algarve7.pt\\\/#website\"},\"primaryImageOfPage\":{\"@id\":\"https:\\\/\\\/algarve7.pt\\\/index.php\\\/2025\\\/07\\\/ao-natural-e-melhor-nova-campanha-celebra-a-autenticidade-do-sudoeste-alentejano-e-costa-vicentina\\\/turismo\\\/10\\\/34\\\/#primaryimage\"},\"image\":{\"@id\":\"https:\\\/\\\/algarve7.pt\\\/index.php\\\/2025\\\/07\\\/ao-natural-e-melhor-nova-campanha-celebra-a-autenticidade-do-sudoeste-alentejano-e-costa-vicentina\\\/turismo\\\/10\\\/34\\\/#primaryimage\"},\"thumbnailUrl\":\"https:\\\/\\\/algarve7.pt\\\/wp-content\\\/uploads\\\/2025\\\/07\\\/Branding_SACV_.jpg\",\"datePublished\":\"2025-07-27T09:34:00+00:00\",\"description\":\"\\\"Ao Natural \u00e9 melhor\\\": nova campanha celebra a autenticidade do Sudoeste Alentejano e Costa Vicentina Turismo\",\"breadcrumb\":{\"@id\":\"https:\\\/\\\/algarve7.pt\\\/index.php\\\/2025\\\/07\\\/ao-natural-e-melhor-nova-campanha-celebra-a-autenticidade-do-sudoeste-alentejano-e-costa-vicentina\\\/turismo\\\/10\\\/34\\\/#breadcrumb\"},\"inLanguage\":\"pt-PT\",\"potentialAction\":[{\"@type\":\"ReadAction\",\"target\":[\"https:\\\/\\\/algarve7.pt\\\/index.php\\\/2025\\\/07\\\/ao-natural-e-melhor-nova-campanha-celebra-a-autenticidade-do-sudoeste-alentejano-e-costa-vicentina\\\/turismo\\\/10\\\/34\\\/\"]}]},{\"@type\":\"ImageObject\",\"inLanguage\":\"pt-PT\",\"@id\":\"https:\\\/\\\/algarve7.pt\\\/index.php\\\/2025\\\/07\\\/ao-natural-e-melhor-nova-campanha-celebra-a-autenticidade-do-sudoeste-alentejano-e-costa-vicentina\\\/turismo\\\/10\\\/34\\\/#primaryimage\",\"url\":\"https:\\\/\\\/algarve7.pt\\\/wp-content\\\/uploads\\\/2025\\\/07\\\/Branding_SACV_.jpg\",\"contentUrl\":\"https:\\\/\\\/algarve7.pt\\\/wp-content\\\/uploads\\\/2025\\\/07\\\/Branding_SACV_.jpg\",\"width\":800,\"height\":500},{\"@type\":\"BreadcrumbList\",\"@id\":\"https:\\\/\\\/algarve7.pt\\\/index.php\\\/2025\\\/07\\\/ao-natural-e-melhor-nova-campanha-celebra-a-autenticidade-do-sudoeste-alentejano-e-costa-vicentina\\\/turismo\\\/10\\\/34\\\/#breadcrumb\",\"itemListElement\":[{\"@type\":\"ListItem\",\"position\":1,\"name\":\"In\u00edcio\",\"item\":\"https:\\\/\\\/algarve7.pt\\\/\"},{\"@type\":\"ListItem\",\"position\":2,\"name\":\"&#8220;Ao Natural \u00e9 melhor&#8221;: nova campanha celebra a autenticidade do Sudoeste Alentejano e Costa Vicentina\"}]},{\"@type\":\"WebSite\",\"@id\":\"https:\\\/\\\/algarve7.pt\\\/#website\",\"url\":\"https:\\\/\\\/algarve7.pt\\\/\",\"name\":\"Algarve 7\",\"description\":\"Informa\u00e7\u00e3o sobre o Algarve\",\"publisher\":{\"@id\":\"https:\\\/\\\/algarve7.pt\\\/#organization\"},\"potentialAction\":[{\"@type\":\"SearchAction\",\"target\":{\"@type\":\"EntryPoint\",\"urlTemplate\":\"https:\\\/\\\/algarve7.pt\\\/?s={search_term_string}\"},\"query-input\":{\"@type\":\"PropertyValueSpecification\",\"valueRequired\":true,\"valueName\":\"search_term_string\"}}],\"inLanguage\":\"pt-PT\"},{\"@type\":\"Organization\",\"@id\":\"https:\\\/\\\/algarve7.pt\\\/#organization\",\"name\":\"Algarve 7\",\"url\":\"https:\\\/\\\/algarve7.pt\\\/\",\"logo\":{\"@type\":\"ImageObject\",\"inLanguage\":\"pt-PT\",\"@id\":\"https:\\\/\\\/algarve7.pt\\\/#\\\/schema\\\/logo\\\/image\\\/\",\"url\":\"https:\\\/\\\/algarve7.pt\\\/wp-content\\\/uploads\\\/2020\\\/10\\\/Logo-8.jpg\",\"contentUrl\":\"https:\\\/\\\/algarve7.pt\\\/wp-content\\\/uploads\\\/2020\\\/10\\\/Logo-8.jpg\",\"width\":1680,\"height\":1186,\"caption\":\"Algarve 7\"},\"image\":{\"@id\":\"https:\\\/\\\/algarve7.pt\\\/#\\\/schema\\\/logo\\\/image\\\/\"},\"sameAs\":[\"https:\\\/\\\/www.facebook.com\\\/algarve7\",\"https:\\\/\\\/x.com\\\/Algarvesete\",\"https:\\\/\\\/www.instagram.com\\\/jornalalgarve7\\\/\",\"https:\\\/\\\/www.linkedin.com\\\/company\\\/algarve7\",\"https:\\\/\\\/www.pinterest.pt\\\/geral0939\\\/_created\\\/\"]},{\"@type\":\"Person\",\"@id\":\"https:\\\/\\\/algarve7.pt\\\/#\\\/schema\\\/person\\\/23fa70681308e7b319a3204bcea45e0c\",\"name\":\"Algarve 7\",\"sameAs\":[\"https:\\\/\\\/algarve7.pt\",\"https:\\\/\\\/www.facebook.com\\\/algarve7\"],\"url\":\"https:\\\/\\\/algarve7.pt\\\/index.php\\\/author\\\/geralalgarve7-pt\\\/\"}]}<\/script>\n<!-- \/ Yoast SEO plugin. -->","yoast_head_json":{"title":"\"Ao Natural \u00e9 melhor\": nova campanha celebra a autenticidade do Sudoeste Alentejano e Costa Vicentina - Algarve 7","description":"\"Ao Natural \u00e9 melhor\": nova campanha celebra a autenticidade do Sudoeste Alentejano e Costa Vicentina Turismo","robots":{"index":"index","follow":"follow","max-snippet":"max-snippet:-1","max-image-preview":"max-image-preview:large","max-video-preview":"max-video-preview:-1"},"canonical":"https:\/\/algarve7.pt\/index.php\/2025\/07\/ao-natural-e-melhor-nova-campanha-celebra-a-autenticidade-do-sudoeste-alentejano-e-costa-vicentina\/turismo\/10\/34\/","og_locale":"pt_PT","og_type":"article","og_title":"\"Ao Natural \u00e9 melhor\": nova campanha celebra a autenticidade do Sudoeste Alentejano e Costa Vicentina - Algarve 7","og_description":"\"Ao Natural \u00e9 melhor\": nova campanha celebra a autenticidade do Sudoeste Alentejano e Costa Vicentina Turismo","og_url":"https:\/\/algarve7.pt\/index.php\/2025\/07\/ao-natural-e-melhor-nova-campanha-celebra-a-autenticidade-do-sudoeste-alentejano-e-costa-vicentina\/turismo\/10\/34\/","og_site_name":"Algarve 7","article_publisher":"https:\/\/www.facebook.com\/algarve7","article_author":"https:\/\/www.facebook.com\/algarve7","article_published_time":"2025-07-27T09:34:00+00:00","og_image":[{"width":800,"height":500,"url":"https:\/\/algarve7.pt\/wp-content\/uploads\/2025\/07\/Branding_SACV_.jpg","type":"image\/jpeg"}],"author":"Algarve 7","twitter_card":"summary_large_image","twitter_creator":"@Algarvesete","twitter_site":"@Algarvesete","twitter_misc":{"Escrito por":"Algarve 7","Tempo estimado de leitura":"3 minutos"},"schema":{"@context":"https:\/\/schema.org","@graph":[{"@type":"Article","@id":"https:\/\/algarve7.pt\/index.php\/2025\/07\/ao-natural-e-melhor-nova-campanha-celebra-a-autenticidade-do-sudoeste-alentejano-e-costa-vicentina\/turismo\/10\/34\/#article","isPartOf":{"@id":"https:\/\/algarve7.pt\/index.php\/2025\/07\/ao-natural-e-melhor-nova-campanha-celebra-a-autenticidade-do-sudoeste-alentejano-e-costa-vicentina\/turismo\/10\/34\/"},"author":{"name":"Algarve 7","@id":"https:\/\/algarve7.pt\/#\/schema\/person\/23fa70681308e7b319a3204bcea45e0c"},"headline":"&#8220;Ao Natural \u00e9 melhor&#8221;: nova campanha celebra a autenticidade do Sudoeste Alentejano e Costa Vicentina","datePublished":"2025-07-27T09:34:00+00:00","mainEntityOfPage":{"@id":"https:\/\/algarve7.pt\/index.php\/2025\/07\/ao-natural-e-melhor-nova-campanha-celebra-a-autenticidade-do-sudoeste-alentejano-e-costa-vicentina\/turismo\/10\/34\/"},"wordCount":497,"publisher":{"@id":"https:\/\/algarve7.pt\/#organization"},"image":{"@id":"https:\/\/algarve7.pt\/index.php\/2025\/07\/ao-natural-e-melhor-nova-campanha-celebra-a-autenticidade-do-sudoeste-alentejano-e-costa-vicentina\/turismo\/10\/34\/#primaryimage"},"thumbnailUrl":"https:\/\/algarve7.pt\/wp-content\/uploads\/2025\/07\/Branding_SACV_.jpg","keywords":["Algarve","Costa Vicentina","Turismo"],"articleSection":["Turismo"],"inLanguage":"pt-PT"},{"@type":"WebPage","@id":"https:\/\/algarve7.pt\/index.php\/2025\/07\/ao-natural-e-melhor-nova-campanha-celebra-a-autenticidade-do-sudoeste-alentejano-e-costa-vicentina\/turismo\/10\/34\/","url":"https:\/\/algarve7.pt\/index.php\/2025\/07\/ao-natural-e-melhor-nova-campanha-celebra-a-autenticidade-do-sudoeste-alentejano-e-costa-vicentina\/turismo\/10\/34\/","name":"\"Ao Natural \u00e9 melhor\": nova campanha celebra a autenticidade do Sudoeste Alentejano e Costa Vicentina - Algarve 7","isPartOf":{"@id":"https:\/\/algarve7.pt\/#website"},"primaryImageOfPage":{"@id":"https:\/\/algarve7.pt\/index.php\/2025\/07\/ao-natural-e-melhor-nova-campanha-celebra-a-autenticidade-do-sudoeste-alentejano-e-costa-vicentina\/turismo\/10\/34\/#primaryimage"},"image":{"@id":"https:\/\/algarve7.pt\/index.php\/2025\/07\/ao-natural-e-melhor-nova-campanha-celebra-a-autenticidade-do-sudoeste-alentejano-e-costa-vicentina\/turismo\/10\/34\/#primaryimage"},"thumbnailUrl":"https:\/\/algarve7.pt\/wp-content\/uploads\/2025\/07\/Branding_SACV_.jpg","datePublished":"2025-07-27T09:34:00+00:00","description":"\"Ao Natural \u00e9 melhor\": nova campanha celebra a autenticidade do Sudoeste Alentejano e Costa Vicentina Turismo","breadcrumb":{"@id":"https:\/\/algarve7.pt\/index.php\/2025\/07\/ao-natural-e-melhor-nova-campanha-celebra-a-autenticidade-do-sudoeste-alentejano-e-costa-vicentina\/turismo\/10\/34\/#breadcrumb"},"inLanguage":"pt-PT","potentialAction":[{"@type":"ReadAction","target":["https:\/\/algarve7.pt\/index.php\/2025\/07\/ao-natural-e-melhor-nova-campanha-celebra-a-autenticidade-do-sudoeste-alentejano-e-costa-vicentina\/turismo\/10\/34\/"]}]},{"@type":"ImageObject","inLanguage":"pt-PT","@id":"https:\/\/algarve7.pt\/index.php\/2025\/07\/ao-natural-e-melhor-nova-campanha-celebra-a-autenticidade-do-sudoeste-alentejano-e-costa-vicentina\/turismo\/10\/34\/#primaryimage","url":"https:\/\/algarve7.pt\/wp-content\/uploads\/2025\/07\/Branding_SACV_.jpg","contentUrl":"https:\/\/algarve7.pt\/wp-content\/uploads\/2025\/07\/Branding_SACV_.jpg","width":800,"height":500},{"@type":"BreadcrumbList","@id":"https:\/\/algarve7.pt\/index.php\/2025\/07\/ao-natural-e-melhor-nova-campanha-celebra-a-autenticidade-do-sudoeste-alentejano-e-costa-vicentina\/turismo\/10\/34\/#breadcrumb","itemListElement":[{"@type":"ListItem","position":1,"name":"In\u00edcio","item":"https:\/\/algarve7.pt\/"},{"@type":"ListItem","position":2,"name":"&#8220;Ao Natural \u00e9 melhor&#8221;: nova campanha celebra a autenticidade do Sudoeste Alentejano e Costa Vicentina"}]},{"@type":"WebSite","@id":"https:\/\/algarve7.pt\/#website","url":"https:\/\/algarve7.pt\/","name":"Algarve 7","description":"Informa\u00e7\u00e3o sobre o Algarve","publisher":{"@id":"https:\/\/algarve7.pt\/#organization"},"potentialAction":[{"@type":"SearchAction","target":{"@type":"EntryPoint","urlTemplate":"https:\/\/algarve7.pt\/?s={search_term_string}"},"query-input":{"@type":"PropertyValueSpecification","valueRequired":true,"valueName":"search_term_string"}}],"inLanguage":"pt-PT"},{"@type":"Organization","@id":"https:\/\/algarve7.pt\/#organization","name":"Algarve 7","url":"https:\/\/algarve7.pt\/","logo":{"@type":"ImageObject","inLanguage":"pt-PT","@id":"https:\/\/algarve7.pt\/#\/schema\/logo\/image\/","url":"https:\/\/algarve7.pt\/wp-content\/uploads\/2020\/10\/Logo-8.jpg","contentUrl":"https:\/\/algarve7.pt\/wp-content\/uploads\/2020\/10\/Logo-8.jpg","width":1680,"height":1186,"caption":"Algarve 7"},"image":{"@id":"https:\/\/algarve7.pt\/#\/schema\/logo\/image\/"},"sameAs":["https:\/\/www.facebook.com\/algarve7","https:\/\/x.com\/Algarvesete","https:\/\/www.instagram.com\/jornalalgarve7\/","https:\/\/www.linkedin.com\/company\/algarve7","https:\/\/www.pinterest.pt\/geral0939\/_created\/"]},{"@type":"Person","@id":"https:\/\/algarve7.pt\/#\/schema\/person\/23fa70681308e7b319a3204bcea45e0c","name":"Algarve 7","sameAs":["https:\/\/algarve7.pt","https:\/\/www.facebook.com\/algarve7"],"url":"https:\/\/algarve7.pt\/index.php\/author\/geralalgarve7-pt\/"}]}},"jetpack_publicize_connections":[],"jetpack_featured_media_url":"https:\/\/algarve7.pt\/wp-content\/uploads\/2025\/07\/Branding_SACV_.jpg","jetpack_shortlink":"https:\/\/wp.me\/pcezmW-dIO","jetpack_sharing_enabled":true,"_links":{"self":[{"href":"https:\/\/algarve7.pt\/index.php\/wp-json\/wp\/v2\/posts\/52750","targetHints":{"allow":["GET"]}}],"collection":[{"href":"https:\/\/algarve7.pt\/index.php\/wp-json\/wp\/v2\/posts"}],"about":[{"href":"https:\/\/algarve7.pt\/index.php\/wp-json\/wp\/v2\/types\/post"}],"author":[{"embeddable":true,"href":"https:\/\/algarve7.pt\/index.php\/wp-json\/wp\/v2\/users\/1"}],"replies":[{"embeddable":true,"href":"https:\/\/algarve7.pt\/index.php\/wp-json\/wp\/v2\/comments?post=52750"}],"version-history":[{"count":0,"href":"https:\/\/algarve7.pt\/index.php\/wp-json\/wp\/v2\/posts\/52750\/revisions"}],"wp:featuredmedia":[{"embeddable":true,"href":"https:\/\/algarve7.pt\/index.php\/wp-json\/wp\/v2\/media\/52751"}],"wp:attachment":[{"href":"https:\/\/algarve7.pt\/index.php\/wp-json\/wp\/v2\/media?parent=52750"}],"wp:term":[{"taxonomy":"category","embeddable":true,"href":"https:\/\/algarve7.pt\/index.php\/wp-json\/wp\/v2\/categories?post=52750"},{"taxonomy":"post_tag","embeddable":true,"href":"https:\/\/algarve7.pt\/index.php\/wp-json\/wp\/v2\/tags?post=52750"}],"curies":[{"name":"wp","href":"https:\/\/api.w.org\/{rel}","templated":true}]}}