{"id":52715,"date":"2025-07-25T08:15:00","date_gmt":"2025-07-25T07:15:00","guid":{"rendered":"https:\/\/algarve7.pt\/?p=52715"},"modified":"2025-07-24T17:05:01","modified_gmt":"2025-07-24T16:05:01","slug":"turismo-reforca-formacao-estrategica-dos-profissionais-do-setor","status":"publish","type":"post","link":"https:\/\/algarve7.pt\/index.php\/2025\/07\/turismo-reforca-formacao-estrategica-dos-profissionais-do-setor\/turismo\/08\/15\/","title":{"rendered":"Turismo refor\u00e7a forma\u00e7\u00e3o estrat\u00e9gica dos profissionais do setor"},"content":{"rendered":"\n<p>Decorreu de 05 de fevereiro de 2024 a 02 de maio de 2025 a 1.\u00aa edi\u00e7\u00e3o do programa de forma\u00e7\u00e3o&nbsp;<strong>Compet\u00eancias do Futuro Algarve<\/strong>, iniciativa promovida numa parceria entre o Turismo do Algarve e o Turismo de Portugal, envolvendo as Escolas de Hotelaria e Turismo do Algarve (Faro), Portim\u00e3o e Vila Real de Santo Ant\u00f3nio, abrangendo assim todo o territ\u00f3rio algarvio.<\/p>\n\n\n\n<p>Este programa teve como principal objetivo qualificar os profissionais do setor tur\u00edstico regional, alinhando as suas compet\u00eancias com os objetivos estrat\u00e9gicos do Algarve e com as tend\u00eancias futuras da ind\u00fastria, contribuindo de forma decisiva para a sustentabilidade social do setor e valoriza\u00e7\u00e3o profissional.<\/p>\n\n\n\n<p>Dos 1465 profissionais do turismo que demonstraram interesse no programa, 791 conclu\u00edram a forma\u00e7\u00e3o, obtendo o respetivo certificado. Ao longo de mais de 500 horas distribu\u00eddas em duas fases, os formandos puderam aprofundar conhecimentos em mat\u00e9rias estrat\u00e9gicas como as novas tend\u00eancias no turismo; efici\u00eancia energ\u00e9tica e h\u00eddrica; economia circular e gest\u00e3o sustent\u00e1vel de recursos; inova\u00e7\u00e3o tecnol\u00f3gica e digitaliza\u00e7\u00e3o (incluindo marketing digital, intelig\u00eancia artificial,&nbsp;<em>big data<\/em>&nbsp;e realidade virtual); e ainda compet\u00eancias interpessoais e de gest\u00e3o, como lideran\u00e7a de equipas, atendimento e fideliza\u00e7\u00e3o do cliente. A componente online da forma\u00e7\u00e3o foi complementada por 64 horas presenciais em&nbsp;<em>bootcamps<\/em>&nbsp;que contaram com a participa\u00e7\u00e3o de 281 formandos, permitindo consolidar de forma pr\u00e1tica os conhecimentos adquiridos.<\/p>\n\n\n\n<p>A avalia\u00e7\u00e3o do programa por parte dos formandos, formadores, entidades organizadoras e empresas locais foi muito positiva, confirmando a relev\u00e2ncia desta iniciativa e motivando a realiza\u00e7\u00e3o de uma segunda edi\u00e7\u00e3o j\u00e1 em 2026. Esta pr\u00f3xima edi\u00e7\u00e3o incluir\u00e1 novos conte\u00fados como seguran\u00e7a no trabalho, forma\u00e7\u00e3o financeira e fiscal, desenvolvimento sustent\u00e1vel do destino, regulamentos setoriais, valor econ\u00f3mico da sustentabilidade, gest\u00e3o de conflitos, igualdade e diversidade.<\/p>\n\n\n\n<p>Carlos Abade, Presidente do Turismo de Portugal, sublinha que&nbsp;<strong><em>\u201co Algarve \u00e9 um dos principais destinos tur\u00edsticos do pa\u00eds, sendo os profissionais do setor determinantes para garantir a qualidade, a sustentabilidade e o continuado sucesso da atividade tur\u00edstica na regi\u00e3o. Tendo em considera\u00e7\u00e3o estes fatores, o Turismo de Portugal, em parceria com o Turismo do Algarve, lan\u00e7ou este programa que pretende criar, refor\u00e7ar e valorizar as compet\u00eancias destes profissionais. Esta primeira edi\u00e7\u00e3o foi n\u00e3o s\u00f3 um sucesso pelos resultados alcan\u00e7ados, mas representa tamb\u00e9m um ponto de partida essencial para, com base na experi\u00eancia adquirida, prepararmos uma segunda edi\u00e7\u00e3o em 2026, num caminho de melhoria cont\u00ednua.\u201d<\/em><\/strong><\/p>\n\n\n\n<p>Andr\u00e9 Gomes, Presidente do Turismo do Algarve, refor\u00e7a que&nbsp;<strong><em>\u201ca ades\u00e3o expressiva a este programa confirma o forte compromisso dos profissionais do turismo algarvio com a excel\u00eancia, a sustentabilidade e a inova\u00e7\u00e3o. Investir na capacita\u00e7\u00e3o das pessoas \u00e9 investir na qualidade do nosso destino e na prepara\u00e7\u00e3o do setor para os desafios futuros. A experi\u00eancia adquirida nesta primeira edi\u00e7\u00e3o refor\u00e7a a nossa determina\u00e7\u00e3o em continuar a apostar fortemente na forma\u00e7\u00e3o como elemento-chave para mantermos o Algarve como destino tur\u00edstico de refer\u00eancia internacional.\u201d<\/em><\/strong><\/p>\n","protected":false},"excerpt":{"rendered":"<p>Decorreu de 05 de fevereiro de 2024 a 02 de maio de 2025 a 1.\u00aa edi\u00e7\u00e3o do programa de forma\u00e7\u00e3o&nbsp;Compet\u00eancias<\/p>\n","protected":false},"author":1,"featured_media":52716,"comment_status":"closed","ping_status":"closed","sticky":false,"template":"","format":"standard","meta":{"colormag_page_container_layout":"default_layout","colormag_page_sidebar_layout":"default_layout","_monsterinsights_skip_tracking":false,"_monsterinsights_sitenote_active":false,"_monsterinsights_sitenote_note":"","_monsterinsights_sitenote_category":0,"jetpack_post_was_ever_published":false,"_jetpack_newsletter_access":"","_jetpack_dont_email_post_to_subs":false,"_jetpack_newsletter_tier_id":0,"_jetpack_memberships_contains_paywalled_content":false,"_jetpack_memberships_contains_paid_content":false,"footnotes":"","jetpack_publicize_message":"","jetpack_publicize_feature_enabled":true,"jetpack_social_post_already_shared":false,"jetpack_social_options":{"image_generator_settings":{"template":"highway","default_image_id":0,"font":"","enabled":false},"version":2}},"categories":[17],"tags":[36,45],"class_list":["post-52715","post","type-post","status-publish","format-standard","has-post-thumbnail","hentry","category-turismo","tag-algarve","tag-turismo"],"yoast_head":"<!-- This site is optimized with the Yoast SEO plugin v27.5 - https:\/\/yoast.com\/product\/yoast-seo-wordpress\/ -->\n<title>Turismo refor\u00e7a forma\u00e7\u00e3o estrat\u00e9gica dos profissionais do setor - Algarve 7<\/title>\n<meta name=\"description\" content=\"Turismo refor\u00e7a forma\u00e7\u00e3o estrat\u00e9gica dos profissionais do setor Turismo\" \/>\n<meta name=\"robots\" content=\"index, follow, max-snippet:-1, max-image-preview:large, max-video-preview:-1\" \/>\n<link rel=\"canonical\" href=\"https:\/\/algarve7.pt\/index.php\/2025\/07\/turismo-reforca-formacao-estrategica-dos-profissionais-do-setor\/turismo\/08\/15\/\" \/>\n<meta property=\"og:locale\" content=\"pt_PT\" \/>\n<meta property=\"og:type\" content=\"article\" \/>\n<meta property=\"og:title\" content=\"Turismo refor\u00e7a forma\u00e7\u00e3o estrat\u00e9gica dos profissionais do setor - Algarve 7\" \/>\n<meta property=\"og:description\" content=\"Turismo refor\u00e7a forma\u00e7\u00e3o estrat\u00e9gica dos profissionais do setor Turismo\" \/>\n<meta property=\"og:url\" content=\"https:\/\/algarve7.pt\/index.php\/2025\/07\/turismo-reforca-formacao-estrategica-dos-profissionais-do-setor\/turismo\/08\/15\/\" \/>\n<meta property=\"og:site_name\" content=\"Algarve 7\" \/>\n<meta property=\"article:publisher\" content=\"https:\/\/www.facebook.com\/algarve7\" \/>\n<meta property=\"article:author\" content=\"https:\/\/www.facebook.com\/algarve7\" \/>\n<meta property=\"article:published_time\" content=\"2025-07-25T07:15:00+00:00\" \/>\n<meta property=\"og:image\" content=\"https:\/\/algarve7.pt\/wp-content\/uploads\/2025\/07\/photo_chris-montgomery.jpg\" \/>\n\t<meta property=\"og:image:width\" content=\"800\" \/>\n\t<meta property=\"og:image:height\" content=\"500\" \/>\n\t<meta property=\"og:image:type\" content=\"image\/jpeg\" \/>\n<meta name=\"author\" content=\"Algarve 7\" \/>\n<meta name=\"twitter:card\" content=\"summary_large_image\" \/>\n<meta name=\"twitter:creator\" content=\"@Algarvesete\" \/>\n<meta name=\"twitter:site\" content=\"@Algarvesete\" \/>\n<meta name=\"twitter:label1\" content=\"Escrito por\" \/>\n\t<meta name=\"twitter:data1\" content=\"Algarve 7\" \/>\n\t<meta name=\"twitter:label2\" content=\"Tempo estimado de leitura\" \/>\n\t<meta name=\"twitter:data2\" content=\"3 minutos\" \/>\n<script type=\"application\/ld+json\" class=\"yoast-schema-graph\">{\"@context\":\"https:\\\/\\\/schema.org\",\"@graph\":[{\"@type\":\"Article\",\"@id\":\"https:\\\/\\\/algarve7.pt\\\/index.php\\\/2025\\\/07\\\/turismo-reforca-formacao-estrategica-dos-profissionais-do-setor\\\/turismo\\\/08\\\/15\\\/#article\",\"isPartOf\":{\"@id\":\"https:\\\/\\\/algarve7.pt\\\/index.php\\\/2025\\\/07\\\/turismo-reforca-formacao-estrategica-dos-profissionais-do-setor\\\/turismo\\\/08\\\/15\\\/\"},\"author\":{\"name\":\"Algarve 7\",\"@id\":\"https:\\\/\\\/algarve7.pt\\\/#\\\/schema\\\/person\\\/23fa70681308e7b319a3204bcea45e0c\"},\"headline\":\"Turismo refor\u00e7a forma\u00e7\u00e3o estrat\u00e9gica dos profissionais do setor\",\"datePublished\":\"2025-07-25T07:15:00+00:00\",\"mainEntityOfPage\":{\"@id\":\"https:\\\/\\\/algarve7.pt\\\/index.php\\\/2025\\\/07\\\/turismo-reforca-formacao-estrategica-dos-profissionais-do-setor\\\/turismo\\\/08\\\/15\\\/\"},\"wordCount\":545,\"publisher\":{\"@id\":\"https:\\\/\\\/algarve7.pt\\\/#organization\"},\"image\":{\"@id\":\"https:\\\/\\\/algarve7.pt\\\/index.php\\\/2025\\\/07\\\/turismo-reforca-formacao-estrategica-dos-profissionais-do-setor\\\/turismo\\\/08\\\/15\\\/#primaryimage\"},\"thumbnailUrl\":\"https:\\\/\\\/algarve7.pt\\\/wp-content\\\/uploads\\\/2025\\\/07\\\/photo_chris-montgomery.jpg\",\"keywords\":[\"Algarve\",\"Turismo\"],\"articleSection\":[\"Turismo\"],\"inLanguage\":\"pt-PT\"},{\"@type\":\"WebPage\",\"@id\":\"https:\\\/\\\/algarve7.pt\\\/index.php\\\/2025\\\/07\\\/turismo-reforca-formacao-estrategica-dos-profissionais-do-setor\\\/turismo\\\/08\\\/15\\\/\",\"url\":\"https:\\\/\\\/algarve7.pt\\\/index.php\\\/2025\\\/07\\\/turismo-reforca-formacao-estrategica-dos-profissionais-do-setor\\\/turismo\\\/08\\\/15\\\/\",\"name\":\"Turismo refor\u00e7a forma\u00e7\u00e3o estrat\u00e9gica dos profissionais do setor - Algarve 7\",\"isPartOf\":{\"@id\":\"https:\\\/\\\/algarve7.pt\\\/#website\"},\"primaryImageOfPage\":{\"@id\":\"https:\\\/\\\/algarve7.pt\\\/index.php\\\/2025\\\/07\\\/turismo-reforca-formacao-estrategica-dos-profissionais-do-setor\\\/turismo\\\/08\\\/15\\\/#primaryimage\"},\"image\":{\"@id\":\"https:\\\/\\\/algarve7.pt\\\/index.php\\\/2025\\\/07\\\/turismo-reforca-formacao-estrategica-dos-profissionais-do-setor\\\/turismo\\\/08\\\/15\\\/#primaryimage\"},\"thumbnailUrl\":\"https:\\\/\\\/algarve7.pt\\\/wp-content\\\/uploads\\\/2025\\\/07\\\/photo_chris-montgomery.jpg\",\"datePublished\":\"2025-07-25T07:15:00+00:00\",\"description\":\"Turismo refor\u00e7a forma\u00e7\u00e3o estrat\u00e9gica dos profissionais do setor Turismo\",\"breadcrumb\":{\"@id\":\"https:\\\/\\\/algarve7.pt\\\/index.php\\\/2025\\\/07\\\/turismo-reforca-formacao-estrategica-dos-profissionais-do-setor\\\/turismo\\\/08\\\/15\\\/#breadcrumb\"},\"inLanguage\":\"pt-PT\",\"potentialAction\":[{\"@type\":\"ReadAction\",\"target\":[\"https:\\\/\\\/algarve7.pt\\\/index.php\\\/2025\\\/07\\\/turismo-reforca-formacao-estrategica-dos-profissionais-do-setor\\\/turismo\\\/08\\\/15\\\/\"]}]},{\"@type\":\"ImageObject\",\"inLanguage\":\"pt-PT\",\"@id\":\"https:\\\/\\\/algarve7.pt\\\/index.php\\\/2025\\\/07\\\/turismo-reforca-formacao-estrategica-dos-profissionais-do-setor\\\/turismo\\\/08\\\/15\\\/#primaryimage\",\"url\":\"https:\\\/\\\/algarve7.pt\\\/wp-content\\\/uploads\\\/2025\\\/07\\\/photo_chris-montgomery.jpg\",\"contentUrl\":\"https:\\\/\\\/algarve7.pt\\\/wp-content\\\/uploads\\\/2025\\\/07\\\/photo_chris-montgomery.jpg\",\"width\":800,\"height\":500},{\"@type\":\"BreadcrumbList\",\"@id\":\"https:\\\/\\\/algarve7.pt\\\/index.php\\\/2025\\\/07\\\/turismo-reforca-formacao-estrategica-dos-profissionais-do-setor\\\/turismo\\\/08\\\/15\\\/#breadcrumb\",\"itemListElement\":[{\"@type\":\"ListItem\",\"position\":1,\"name\":\"In\u00edcio\",\"item\":\"https:\\\/\\\/algarve7.pt\\\/\"},{\"@type\":\"ListItem\",\"position\":2,\"name\":\"Turismo refor\u00e7a forma\u00e7\u00e3o estrat\u00e9gica dos profissionais do setor\"}]},{\"@type\":\"WebSite\",\"@id\":\"https:\\\/\\\/algarve7.pt\\\/#website\",\"url\":\"https:\\\/\\\/algarve7.pt\\\/\",\"name\":\"Algarve 7\",\"description\":\"Informa\u00e7\u00e3o sobre o Algarve\",\"publisher\":{\"@id\":\"https:\\\/\\\/algarve7.pt\\\/#organization\"},\"potentialAction\":[{\"@type\":\"SearchAction\",\"target\":{\"@type\":\"EntryPoint\",\"urlTemplate\":\"https:\\\/\\\/algarve7.pt\\\/?s={search_term_string}\"},\"query-input\":{\"@type\":\"PropertyValueSpecification\",\"valueRequired\":true,\"valueName\":\"search_term_string\"}}],\"inLanguage\":\"pt-PT\"},{\"@type\":\"Organization\",\"@id\":\"https:\\\/\\\/algarve7.pt\\\/#organization\",\"name\":\"Algarve 7\",\"url\":\"https:\\\/\\\/algarve7.pt\\\/\",\"logo\":{\"@type\":\"ImageObject\",\"inLanguage\":\"pt-PT\",\"@id\":\"https:\\\/\\\/algarve7.pt\\\/#\\\/schema\\\/logo\\\/image\\\/\",\"url\":\"https:\\\/\\\/algarve7.pt\\\/wp-content\\\/uploads\\\/2020\\\/10\\\/Logo-8.jpg\",\"contentUrl\":\"https:\\\/\\\/algarve7.pt\\\/wp-content\\\/uploads\\\/2020\\\/10\\\/Logo-8.jpg\",\"width\":1680,\"height\":1186,\"caption\":\"Algarve 7\"},\"image\":{\"@id\":\"https:\\\/\\\/algarve7.pt\\\/#\\\/schema\\\/logo\\\/image\\\/\"},\"sameAs\":[\"https:\\\/\\\/www.facebook.com\\\/algarve7\",\"https:\\\/\\\/x.com\\\/Algarvesete\",\"https:\\\/\\\/www.instagram.com\\\/jornalalgarve7\\\/\",\"https:\\\/\\\/www.linkedin.com\\\/company\\\/algarve7\",\"https:\\\/\\\/www.pinterest.pt\\\/geral0939\\\/_created\\\/\"]},{\"@type\":\"Person\",\"@id\":\"https:\\\/\\\/algarve7.pt\\\/#\\\/schema\\\/person\\\/23fa70681308e7b319a3204bcea45e0c\",\"name\":\"Algarve 7\",\"sameAs\":[\"https:\\\/\\\/algarve7.pt\",\"https:\\\/\\\/www.facebook.com\\\/algarve7\"],\"url\":\"https:\\\/\\\/algarve7.pt\\\/index.php\\\/author\\\/geralalgarve7-pt\\\/\"}]}<\/script>\n<!-- \/ Yoast SEO plugin. -->","yoast_head_json":{"title":"Turismo refor\u00e7a forma\u00e7\u00e3o estrat\u00e9gica dos profissionais do setor - Algarve 7","description":"Turismo refor\u00e7a forma\u00e7\u00e3o estrat\u00e9gica dos profissionais do setor Turismo","robots":{"index":"index","follow":"follow","max-snippet":"max-snippet:-1","max-image-preview":"max-image-preview:large","max-video-preview":"max-video-preview:-1"},"canonical":"https:\/\/algarve7.pt\/index.php\/2025\/07\/turismo-reforca-formacao-estrategica-dos-profissionais-do-setor\/turismo\/08\/15\/","og_locale":"pt_PT","og_type":"article","og_title":"Turismo refor\u00e7a forma\u00e7\u00e3o estrat\u00e9gica dos profissionais do setor - Algarve 7","og_description":"Turismo refor\u00e7a forma\u00e7\u00e3o estrat\u00e9gica dos profissionais do setor Turismo","og_url":"https:\/\/algarve7.pt\/index.php\/2025\/07\/turismo-reforca-formacao-estrategica-dos-profissionais-do-setor\/turismo\/08\/15\/","og_site_name":"Algarve 7","article_publisher":"https:\/\/www.facebook.com\/algarve7","article_author":"https:\/\/www.facebook.com\/algarve7","article_published_time":"2025-07-25T07:15:00+00:00","og_image":[{"width":800,"height":500,"url":"https:\/\/algarve7.pt\/wp-content\/uploads\/2025\/07\/photo_chris-montgomery.jpg","type":"image\/jpeg"}],"author":"Algarve 7","twitter_card":"summary_large_image","twitter_creator":"@Algarvesete","twitter_site":"@Algarvesete","twitter_misc":{"Escrito por":"Algarve 7","Tempo estimado de leitura":"3 minutos"},"schema":{"@context":"https:\/\/schema.org","@graph":[{"@type":"Article","@id":"https:\/\/algarve7.pt\/index.php\/2025\/07\/turismo-reforca-formacao-estrategica-dos-profissionais-do-setor\/turismo\/08\/15\/#article","isPartOf":{"@id":"https:\/\/algarve7.pt\/index.php\/2025\/07\/turismo-reforca-formacao-estrategica-dos-profissionais-do-setor\/turismo\/08\/15\/"},"author":{"name":"Algarve 7","@id":"https:\/\/algarve7.pt\/#\/schema\/person\/23fa70681308e7b319a3204bcea45e0c"},"headline":"Turismo refor\u00e7a forma\u00e7\u00e3o estrat\u00e9gica dos profissionais do setor","datePublished":"2025-07-25T07:15:00+00:00","mainEntityOfPage":{"@id":"https:\/\/algarve7.pt\/index.php\/2025\/07\/turismo-reforca-formacao-estrategica-dos-profissionais-do-setor\/turismo\/08\/15\/"},"wordCount":545,"publisher":{"@id":"https:\/\/algarve7.pt\/#organization"},"image":{"@id":"https:\/\/algarve7.pt\/index.php\/2025\/07\/turismo-reforca-formacao-estrategica-dos-profissionais-do-setor\/turismo\/08\/15\/#primaryimage"},"thumbnailUrl":"https:\/\/algarve7.pt\/wp-content\/uploads\/2025\/07\/photo_chris-montgomery.jpg","keywords":["Algarve","Turismo"],"articleSection":["Turismo"],"inLanguage":"pt-PT"},{"@type":"WebPage","@id":"https:\/\/algarve7.pt\/index.php\/2025\/07\/turismo-reforca-formacao-estrategica-dos-profissionais-do-setor\/turismo\/08\/15\/","url":"https:\/\/algarve7.pt\/index.php\/2025\/07\/turismo-reforca-formacao-estrategica-dos-profissionais-do-setor\/turismo\/08\/15\/","name":"Turismo refor\u00e7a forma\u00e7\u00e3o estrat\u00e9gica dos profissionais do setor - Algarve 7","isPartOf":{"@id":"https:\/\/algarve7.pt\/#website"},"primaryImageOfPage":{"@id":"https:\/\/algarve7.pt\/index.php\/2025\/07\/turismo-reforca-formacao-estrategica-dos-profissionais-do-setor\/turismo\/08\/15\/#primaryimage"},"image":{"@id":"https:\/\/algarve7.pt\/index.php\/2025\/07\/turismo-reforca-formacao-estrategica-dos-profissionais-do-setor\/turismo\/08\/15\/#primaryimage"},"thumbnailUrl":"https:\/\/algarve7.pt\/wp-content\/uploads\/2025\/07\/photo_chris-montgomery.jpg","datePublished":"2025-07-25T07:15:00+00:00","description":"Turismo refor\u00e7a forma\u00e7\u00e3o estrat\u00e9gica dos profissionais do setor Turismo","breadcrumb":{"@id":"https:\/\/algarve7.pt\/index.php\/2025\/07\/turismo-reforca-formacao-estrategica-dos-profissionais-do-setor\/turismo\/08\/15\/#breadcrumb"},"inLanguage":"pt-PT","potentialAction":[{"@type":"ReadAction","target":["https:\/\/algarve7.pt\/index.php\/2025\/07\/turismo-reforca-formacao-estrategica-dos-profissionais-do-setor\/turismo\/08\/15\/"]}]},{"@type":"ImageObject","inLanguage":"pt-PT","@id":"https:\/\/algarve7.pt\/index.php\/2025\/07\/turismo-reforca-formacao-estrategica-dos-profissionais-do-setor\/turismo\/08\/15\/#primaryimage","url":"https:\/\/algarve7.pt\/wp-content\/uploads\/2025\/07\/photo_chris-montgomery.jpg","contentUrl":"https:\/\/algarve7.pt\/wp-content\/uploads\/2025\/07\/photo_chris-montgomery.jpg","width":800,"height":500},{"@type":"BreadcrumbList","@id":"https:\/\/algarve7.pt\/index.php\/2025\/07\/turismo-reforca-formacao-estrategica-dos-profissionais-do-setor\/turismo\/08\/15\/#breadcrumb","itemListElement":[{"@type":"ListItem","position":1,"name":"In\u00edcio","item":"https:\/\/algarve7.pt\/"},{"@type":"ListItem","position":2,"name":"Turismo refor\u00e7a forma\u00e7\u00e3o estrat\u00e9gica dos profissionais do setor"}]},{"@type":"WebSite","@id":"https:\/\/algarve7.pt\/#website","url":"https:\/\/algarve7.pt\/","name":"Algarve 7","description":"Informa\u00e7\u00e3o sobre o Algarve","publisher":{"@id":"https:\/\/algarve7.pt\/#organization"},"potentialAction":[{"@type":"SearchAction","target":{"@type":"EntryPoint","urlTemplate":"https:\/\/algarve7.pt\/?s={search_term_string}"},"query-input":{"@type":"PropertyValueSpecification","valueRequired":true,"valueName":"search_term_string"}}],"inLanguage":"pt-PT"},{"@type":"Organization","@id":"https:\/\/algarve7.pt\/#organization","name":"Algarve 7","url":"https:\/\/algarve7.pt\/","logo":{"@type":"ImageObject","inLanguage":"pt-PT","@id":"https:\/\/algarve7.pt\/#\/schema\/logo\/image\/","url":"https:\/\/algarve7.pt\/wp-content\/uploads\/2020\/10\/Logo-8.jpg","contentUrl":"https:\/\/algarve7.pt\/wp-content\/uploads\/2020\/10\/Logo-8.jpg","width":1680,"height":1186,"caption":"Algarve 7"},"image":{"@id":"https:\/\/algarve7.pt\/#\/schema\/logo\/image\/"},"sameAs":["https:\/\/www.facebook.com\/algarve7","https:\/\/x.com\/Algarvesete","https:\/\/www.instagram.com\/jornalalgarve7\/","https:\/\/www.linkedin.com\/company\/algarve7","https:\/\/www.pinterest.pt\/geral0939\/_created\/"]},{"@type":"Person","@id":"https:\/\/algarve7.pt\/#\/schema\/person\/23fa70681308e7b319a3204bcea45e0c","name":"Algarve 7","sameAs":["https:\/\/algarve7.pt","https:\/\/www.facebook.com\/algarve7"],"url":"https:\/\/algarve7.pt\/index.php\/author\/geralalgarve7-pt\/"}]}},"jetpack_publicize_connections":[],"jetpack_featured_media_url":"https:\/\/algarve7.pt\/wp-content\/uploads\/2025\/07\/photo_chris-montgomery.jpg","jetpack_shortlink":"https:\/\/wp.me\/pcezmW-dIf","jetpack_sharing_enabled":true,"_links":{"self":[{"href":"https:\/\/algarve7.pt\/index.php\/wp-json\/wp\/v2\/posts\/52715","targetHints":{"allow":["GET"]}}],"collection":[{"href":"https:\/\/algarve7.pt\/index.php\/wp-json\/wp\/v2\/posts"}],"about":[{"href":"https:\/\/algarve7.pt\/index.php\/wp-json\/wp\/v2\/types\/post"}],"author":[{"embeddable":true,"href":"https:\/\/algarve7.pt\/index.php\/wp-json\/wp\/v2\/users\/1"}],"replies":[{"embeddable":true,"href":"https:\/\/algarve7.pt\/index.php\/wp-json\/wp\/v2\/comments?post=52715"}],"version-history":[{"count":0,"href":"https:\/\/algarve7.pt\/index.php\/wp-json\/wp\/v2\/posts\/52715\/revisions"}],"wp:featuredmedia":[{"embeddable":true,"href":"https:\/\/algarve7.pt\/index.php\/wp-json\/wp\/v2\/media\/52716"}],"wp:attachment":[{"href":"https:\/\/algarve7.pt\/index.php\/wp-json\/wp\/v2\/media?parent=52715"}],"wp:term":[{"taxonomy":"category","embeddable":true,"href":"https:\/\/algarve7.pt\/index.php\/wp-json\/wp\/v2\/categories?post=52715"},{"taxonomy":"post_tag","embeddable":true,"href":"https:\/\/algarve7.pt\/index.php\/wp-json\/wp\/v2\/tags?post=52715"}],"curies":[{"name":"wp","href":"https:\/\/api.w.org\/{rel}","templated":true}]}}