{"id":52650,"date":"2025-07-23T08:20:00","date_gmt":"2025-07-23T07:20:00","guid":{"rendered":"https:\/\/algarve7.pt\/?p=52650"},"modified":"2025-07-22T13:12:11","modified_gmt":"2025-07-22T12:12:11","slug":"tokyo-e-jamaica-pela-primeira-vez-no-algarve-as-iconicas-discotecas-do-cais-do-gas-tomam-a-pista-de-santa-eulalia","status":"publish","type":"post","link":"https:\/\/algarve7.pt\/index.php\/2025\/07\/tokyo-e-jamaica-pela-primeira-vez-no-algarve-as-iconicas-discotecas-do-cais-do-gas-tomam-a-pista-de-santa-eulalia\/cultura\/08\/20\/","title":{"rendered":"Tokyo e Jamaica pela primeira vez no Algarve: As ic\u00f3nicas discotecas do Cais do G\u00e1s &#8216;tomam&#8217; a pista de Santa Eul\u00e1lia"},"content":{"rendered":"\n<p>Este ver\u00e3o, as noites de Lisboa ganham sal, areia e uma vista impressionante, desta feita, para o mar da Praia de Santa Eul\u00e1lia. As m\u00edticas discotecas Tokyo e Jamaica, \u00edcones da cultura noturna de Lisboa, est\u00e3o a caminho do Sul e assumem a cabine de som do Le Club, com o DJ Bruno Dias e convidados especiais na frente das noites de 24 de julho a 23 de agosto.&nbsp;<\/p>\n\n\n\n<p>Esta iniciativa in\u00e9dita e cheia de personalidade assegura que o esp\u00edrito da cidade, clientes habituais e a equipa carism\u00e1tica das duas casas lisboetas lideradas por Fernando Pereira, encontram o esp\u00edrito algarvio, com os p\u00e9s na areia, reencontros em f\u00e9rias e ouvidos colados aos melhores hits das discotecas e esp\u00edrito que marcam o ritmo de Lisboa: A sul vamos ouvir desde os cl\u00e1ssicos do rock, reggae e ritmos que atravessam gera\u00e7\u00f5es do Jamaica, at\u00e9 ao Afrobeats, dancehall, Reggaeton, hip-hop e&nbsp; R&amp;B do Tokyo. J\u00e1 os&nbsp;<em>sunsets<\/em>&nbsp;e jantares no Le Club s\u00e3o, como sempre, harmonizados com o som do DJ residente, o Z\u00e9 Black, protagonizando uma tr\u00edade \u00fanica.<\/p>\n\n\n\n<p>Tudo arranca com a grande Festa de Abertura, dia 24 de julho, com DJ Bruno Dias a abrir a pista. A partir da\u00ed, Bruno assume o comando entre as 23h e as 2h durante toda a temporada, recebendo convidados de peso: Don Andre (26 a 31 de julho e de 10 a 22 de agosto) e Camboja Selecta (de 1 a 9 de agosto), que tomam conta da cabine at\u00e9 \u00e0s 5h. O encerramento, a 23 de agosto, promete ser \u00e9pico com a \u201cXuxuzinhos Party\u201d, uma batalha de DJs entre Fernando Alvim e o empreendedor Rui Paiva, que trocam as ideias de palco por&nbsp;<em>beats em loop<\/em>&nbsp;numa noite \u00fanica e imprevis\u00edvel de despedida.&nbsp;<\/p>\n\n\n\n<p><strong>Fernando Pereira, CEO do Jamaica e do Tokyo<\/strong>, assinala que \u201c\u00c9 simb\u00f3lico e entusiasmante estarmos, pela primeira vez, no Algarve precisamente no ano em que a soma dos anivers\u00e1rios do Jamaica e do Tokyo perfaz precisamente 100 anos. Cem anos de hist\u00f3rias, de noites inesquec\u00edveis, de m\u00fasica e de liberdade. Cem anos, mas&nbsp;<em>sem&nbsp;<\/em>barreiras geogr\u00e1ficas: vamos mesmo levar um pouco da nossa autenticidade, conv\u00edvio e momentos entre amigos a sul. \u00c9 isso que sempre fomos: lugares onde se dan\u00e7a, mas acima de tudo onde se pertence e criam mem\u00f3rias. Este ver\u00e3o, o Algarve tamb\u00e9m vai ser um bocadinho nosso.\u201d<\/p>\n","protected":false},"excerpt":{"rendered":"<p>Este ver\u00e3o, as noites de Lisboa ganham sal, areia e uma vista impressionante, desta feita, para o mar da Praia<\/p>\n","protected":false},"author":1,"featured_media":52651,"comment_status":"closed","ping_status":"closed","sticky":false,"template":"","format":"standard","meta":{"colormag_page_container_layout":"default_layout","colormag_page_sidebar_layout":"default_layout","_monsterinsights_skip_tracking":false,"_monsterinsights_sitenote_active":false,"_monsterinsights_sitenote_note":"","_monsterinsights_sitenote_category":0,"jetpack_post_was_ever_published":false,"_jetpack_newsletter_access":"","_jetpack_dont_email_post_to_subs":false,"_jetpack_newsletter_tier_id":0,"_jetpack_memberships_contains_paywalled_content":false,"_jetpack_memberships_contains_paid_content":false,"footnotes":"","jetpack_publicize_message":"","jetpack_publicize_feature_enabled":true,"jetpack_social_post_already_shared":false,"jetpack_social_options":{"image_generator_settings":{"template":"highway","default_image_id":0,"font":"","enabled":false},"version":2}},"categories":[14],"tags":[155,36,35],"class_list":["post-52650","post","type-post","status-publish","format-standard","has-post-thumbnail","hentry","category-cultura","tag-albufeira","tag-algarve","tag-cultura"],"yoast_head":"<!-- This site is optimized with the Yoast SEO plugin v27.5 - https:\/\/yoast.com\/product\/yoast-seo-wordpress\/ -->\n<title>Tokyo e Jamaica pela primeira vez no Algarve: As ic\u00f3nicas discotecas do Cais do G\u00e1s &#039;tomam&#039; a pista de Santa Eul\u00e1lia - Algarve 7<\/title>\n<meta name=\"description\" content=\"Tokyo e Jamaica pela primeira vez no Algarve: As ic\u00f3nicas discotecas do Cais do G\u00e1s &#039;tomam&#039; a pista de Santa Eul\u00e1lia Cultura\" \/>\n<meta name=\"robots\" content=\"index, follow, max-snippet:-1, max-image-preview:large, max-video-preview:-1\" \/>\n<link rel=\"canonical\" href=\"https:\/\/algarve7.pt\/index.php\/2025\/07\/tokyo-e-jamaica-pela-primeira-vez-no-algarve-as-iconicas-discotecas-do-cais-do-gas-tomam-a-pista-de-santa-eulalia\/cultura\/08\/20\/\" \/>\n<meta property=\"og:locale\" content=\"pt_PT\" \/>\n<meta property=\"og:type\" content=\"article\" \/>\n<meta property=\"og:title\" content=\"Tokyo e Jamaica pela primeira vez no Algarve: As ic\u00f3nicas discotecas do Cais do G\u00e1s &#039;tomam&#039; a pista de Santa Eul\u00e1lia - Algarve 7\" \/>\n<meta property=\"og:description\" content=\"Tokyo e Jamaica pela primeira vez no Algarve: As ic\u00f3nicas discotecas do Cais do G\u00e1s &#039;tomam&#039; a pista de Santa Eul\u00e1lia Cultura\" \/>\n<meta property=\"og:url\" content=\"https:\/\/algarve7.pt\/index.php\/2025\/07\/tokyo-e-jamaica-pela-primeira-vez-no-algarve-as-iconicas-discotecas-do-cais-do-gas-tomam-a-pista-de-santa-eulalia\/cultura\/08\/20\/\" \/>\n<meta property=\"og:site_name\" content=\"Algarve 7\" \/>\n<meta property=\"article:publisher\" content=\"https:\/\/www.facebook.com\/algarve7\" \/>\n<meta property=\"article:author\" content=\"https:\/\/www.facebook.com\/algarve7\" \/>\n<meta property=\"article:published_time\" content=\"2025-07-23T07:20:00+00:00\" \/>\n<meta property=\"og:image\" content=\"https:\/\/algarve7.pt\/wp-content\/uploads\/2025\/07\/JamaicaeTokyo.jpg\" \/>\n\t<meta property=\"og:image:width\" content=\"800\" \/>\n\t<meta property=\"og:image:height\" content=\"520\" \/>\n\t<meta property=\"og:image:type\" content=\"image\/jpeg\" \/>\n<meta name=\"author\" content=\"Algarve 7\" \/>\n<meta name=\"twitter:card\" content=\"summary_large_image\" \/>\n<meta name=\"twitter:creator\" content=\"@Algarvesete\" \/>\n<meta name=\"twitter:site\" content=\"@Algarvesete\" \/>\n<meta name=\"twitter:label1\" content=\"Escrito por\" \/>\n\t<meta name=\"twitter:data1\" content=\"Algarve 7\" \/>\n\t<meta name=\"twitter:label2\" content=\"Tempo estimado de leitura\" \/>\n\t<meta name=\"twitter:data2\" content=\"3 minutos\" \/>\n<script type=\"application\/ld+json\" class=\"yoast-schema-graph\">{\"@context\":\"https:\\\/\\\/schema.org\",\"@graph\":[{\"@type\":\"Article\",\"@id\":\"https:\\\/\\\/algarve7.pt\\\/index.php\\\/2025\\\/07\\\/tokyo-e-jamaica-pela-primeira-vez-no-algarve-as-iconicas-discotecas-do-cais-do-gas-tomam-a-pista-de-santa-eulalia\\\/cultura\\\/08\\\/20\\\/#article\",\"isPartOf\":{\"@id\":\"https:\\\/\\\/algarve7.pt\\\/index.php\\\/2025\\\/07\\\/tokyo-e-jamaica-pela-primeira-vez-no-algarve-as-iconicas-discotecas-do-cais-do-gas-tomam-a-pista-de-santa-eulalia\\\/cultura\\\/08\\\/20\\\/\"},\"author\":{\"name\":\"Algarve 7\",\"@id\":\"https:\\\/\\\/algarve7.pt\\\/#\\\/schema\\\/person\\\/23fa70681308e7b319a3204bcea45e0c\"},\"headline\":\"Tokyo e Jamaica pela primeira vez no Algarve: As ic\u00f3nicas discotecas do Cais do G\u00e1s &#8216;tomam&#8217; a pista de Santa Eul\u00e1lia\",\"datePublished\":\"2025-07-23T07:20:00+00:00\",\"mainEntityOfPage\":{\"@id\":\"https:\\\/\\\/algarve7.pt\\\/index.php\\\/2025\\\/07\\\/tokyo-e-jamaica-pela-primeira-vez-no-algarve-as-iconicas-discotecas-do-cais-do-gas-tomam-a-pista-de-santa-eulalia\\\/cultura\\\/08\\\/20\\\/\"},\"wordCount\":439,\"publisher\":{\"@id\":\"https:\\\/\\\/algarve7.pt\\\/#organization\"},\"image\":{\"@id\":\"https:\\\/\\\/algarve7.pt\\\/index.php\\\/2025\\\/07\\\/tokyo-e-jamaica-pela-primeira-vez-no-algarve-as-iconicas-discotecas-do-cais-do-gas-tomam-a-pista-de-santa-eulalia\\\/cultura\\\/08\\\/20\\\/#primaryimage\"},\"thumbnailUrl\":\"https:\\\/\\\/algarve7.pt\\\/wp-content\\\/uploads\\\/2025\\\/07\\\/JamaicaeTokyo.jpg\",\"keywords\":[\"Albufeira\",\"Algarve\",\"Cultura\"],\"articleSection\":[\"Cultura\"],\"inLanguage\":\"pt-PT\"},{\"@type\":\"WebPage\",\"@id\":\"https:\\\/\\\/algarve7.pt\\\/index.php\\\/2025\\\/07\\\/tokyo-e-jamaica-pela-primeira-vez-no-algarve-as-iconicas-discotecas-do-cais-do-gas-tomam-a-pista-de-santa-eulalia\\\/cultura\\\/08\\\/20\\\/\",\"url\":\"https:\\\/\\\/algarve7.pt\\\/index.php\\\/2025\\\/07\\\/tokyo-e-jamaica-pela-primeira-vez-no-algarve-as-iconicas-discotecas-do-cais-do-gas-tomam-a-pista-de-santa-eulalia\\\/cultura\\\/08\\\/20\\\/\",\"name\":\"Tokyo e Jamaica pela primeira vez no Algarve: As ic\u00f3nicas discotecas do Cais do G\u00e1s 'tomam' a pista de Santa Eul\u00e1lia - Algarve 7\",\"isPartOf\":{\"@id\":\"https:\\\/\\\/algarve7.pt\\\/#website\"},\"primaryImageOfPage\":{\"@id\":\"https:\\\/\\\/algarve7.pt\\\/index.php\\\/2025\\\/07\\\/tokyo-e-jamaica-pela-primeira-vez-no-algarve-as-iconicas-discotecas-do-cais-do-gas-tomam-a-pista-de-santa-eulalia\\\/cultura\\\/08\\\/20\\\/#primaryimage\"},\"image\":{\"@id\":\"https:\\\/\\\/algarve7.pt\\\/index.php\\\/2025\\\/07\\\/tokyo-e-jamaica-pela-primeira-vez-no-algarve-as-iconicas-discotecas-do-cais-do-gas-tomam-a-pista-de-santa-eulalia\\\/cultura\\\/08\\\/20\\\/#primaryimage\"},\"thumbnailUrl\":\"https:\\\/\\\/algarve7.pt\\\/wp-content\\\/uploads\\\/2025\\\/07\\\/JamaicaeTokyo.jpg\",\"datePublished\":\"2025-07-23T07:20:00+00:00\",\"description\":\"Tokyo e Jamaica pela primeira vez no Algarve: As ic\u00f3nicas discotecas do Cais do G\u00e1s 'tomam' a pista de Santa Eul\u00e1lia Cultura\",\"breadcrumb\":{\"@id\":\"https:\\\/\\\/algarve7.pt\\\/index.php\\\/2025\\\/07\\\/tokyo-e-jamaica-pela-primeira-vez-no-algarve-as-iconicas-discotecas-do-cais-do-gas-tomam-a-pista-de-santa-eulalia\\\/cultura\\\/08\\\/20\\\/#breadcrumb\"},\"inLanguage\":\"pt-PT\",\"potentialAction\":[{\"@type\":\"ReadAction\",\"target\":[\"https:\\\/\\\/algarve7.pt\\\/index.php\\\/2025\\\/07\\\/tokyo-e-jamaica-pela-primeira-vez-no-algarve-as-iconicas-discotecas-do-cais-do-gas-tomam-a-pista-de-santa-eulalia\\\/cultura\\\/08\\\/20\\\/\"]}]},{\"@type\":\"ImageObject\",\"inLanguage\":\"pt-PT\",\"@id\":\"https:\\\/\\\/algarve7.pt\\\/index.php\\\/2025\\\/07\\\/tokyo-e-jamaica-pela-primeira-vez-no-algarve-as-iconicas-discotecas-do-cais-do-gas-tomam-a-pista-de-santa-eulalia\\\/cultura\\\/08\\\/20\\\/#primaryimage\",\"url\":\"https:\\\/\\\/algarve7.pt\\\/wp-content\\\/uploads\\\/2025\\\/07\\\/JamaicaeTokyo.jpg\",\"contentUrl\":\"https:\\\/\\\/algarve7.pt\\\/wp-content\\\/uploads\\\/2025\\\/07\\\/JamaicaeTokyo.jpg\",\"width\":800,\"height\":520},{\"@type\":\"BreadcrumbList\",\"@id\":\"https:\\\/\\\/algarve7.pt\\\/index.php\\\/2025\\\/07\\\/tokyo-e-jamaica-pela-primeira-vez-no-algarve-as-iconicas-discotecas-do-cais-do-gas-tomam-a-pista-de-santa-eulalia\\\/cultura\\\/08\\\/20\\\/#breadcrumb\",\"itemListElement\":[{\"@type\":\"ListItem\",\"position\":1,\"name\":\"In\u00edcio\",\"item\":\"https:\\\/\\\/algarve7.pt\\\/\"},{\"@type\":\"ListItem\",\"position\":2,\"name\":\"Tokyo e Jamaica pela primeira vez no Algarve: As ic\u00f3nicas discotecas do Cais do G\u00e1s &#8216;tomam&#8217; a pista de Santa Eul\u00e1lia\"}]},{\"@type\":\"WebSite\",\"@id\":\"https:\\\/\\\/algarve7.pt\\\/#website\",\"url\":\"https:\\\/\\\/algarve7.pt\\\/\",\"name\":\"Algarve 7\",\"description\":\"Informa\u00e7\u00e3o sobre o Algarve\",\"publisher\":{\"@id\":\"https:\\\/\\\/algarve7.pt\\\/#organization\"},\"potentialAction\":[{\"@type\":\"SearchAction\",\"target\":{\"@type\":\"EntryPoint\",\"urlTemplate\":\"https:\\\/\\\/algarve7.pt\\\/?s={search_term_string}\"},\"query-input\":{\"@type\":\"PropertyValueSpecification\",\"valueRequired\":true,\"valueName\":\"search_term_string\"}}],\"inLanguage\":\"pt-PT\"},{\"@type\":\"Organization\",\"@id\":\"https:\\\/\\\/algarve7.pt\\\/#organization\",\"name\":\"Algarve 7\",\"url\":\"https:\\\/\\\/algarve7.pt\\\/\",\"logo\":{\"@type\":\"ImageObject\",\"inLanguage\":\"pt-PT\",\"@id\":\"https:\\\/\\\/algarve7.pt\\\/#\\\/schema\\\/logo\\\/image\\\/\",\"url\":\"https:\\\/\\\/algarve7.pt\\\/wp-content\\\/uploads\\\/2020\\\/10\\\/Logo-8.jpg\",\"contentUrl\":\"https:\\\/\\\/algarve7.pt\\\/wp-content\\\/uploads\\\/2020\\\/10\\\/Logo-8.jpg\",\"width\":1680,\"height\":1186,\"caption\":\"Algarve 7\"},\"image\":{\"@id\":\"https:\\\/\\\/algarve7.pt\\\/#\\\/schema\\\/logo\\\/image\\\/\"},\"sameAs\":[\"https:\\\/\\\/www.facebook.com\\\/algarve7\",\"https:\\\/\\\/x.com\\\/Algarvesete\",\"https:\\\/\\\/www.instagram.com\\\/jornalalgarve7\\\/\",\"https:\\\/\\\/www.linkedin.com\\\/company\\\/algarve7\",\"https:\\\/\\\/www.pinterest.pt\\\/geral0939\\\/_created\\\/\"]},{\"@type\":\"Person\",\"@id\":\"https:\\\/\\\/algarve7.pt\\\/#\\\/schema\\\/person\\\/23fa70681308e7b319a3204bcea45e0c\",\"name\":\"Algarve 7\",\"sameAs\":[\"https:\\\/\\\/algarve7.pt\",\"https:\\\/\\\/www.facebook.com\\\/algarve7\"],\"url\":\"https:\\\/\\\/algarve7.pt\\\/index.php\\\/author\\\/geralalgarve7-pt\\\/\"}]}<\/script>\n<!-- \/ Yoast SEO plugin. -->","yoast_head_json":{"title":"Tokyo e Jamaica pela primeira vez no Algarve: As ic\u00f3nicas discotecas do Cais do G\u00e1s 'tomam' a pista de Santa Eul\u00e1lia - Algarve 7","description":"Tokyo e Jamaica pela primeira vez no Algarve: As ic\u00f3nicas discotecas do Cais do G\u00e1s 'tomam' a pista de Santa Eul\u00e1lia Cultura","robots":{"index":"index","follow":"follow","max-snippet":"max-snippet:-1","max-image-preview":"max-image-preview:large","max-video-preview":"max-video-preview:-1"},"canonical":"https:\/\/algarve7.pt\/index.php\/2025\/07\/tokyo-e-jamaica-pela-primeira-vez-no-algarve-as-iconicas-discotecas-do-cais-do-gas-tomam-a-pista-de-santa-eulalia\/cultura\/08\/20\/","og_locale":"pt_PT","og_type":"article","og_title":"Tokyo e Jamaica pela primeira vez no Algarve: As ic\u00f3nicas discotecas do Cais do G\u00e1s 'tomam' a pista de Santa Eul\u00e1lia - Algarve 7","og_description":"Tokyo e Jamaica pela primeira vez no Algarve: As ic\u00f3nicas discotecas do Cais do G\u00e1s 'tomam' a pista de Santa Eul\u00e1lia Cultura","og_url":"https:\/\/algarve7.pt\/index.php\/2025\/07\/tokyo-e-jamaica-pela-primeira-vez-no-algarve-as-iconicas-discotecas-do-cais-do-gas-tomam-a-pista-de-santa-eulalia\/cultura\/08\/20\/","og_site_name":"Algarve 7","article_publisher":"https:\/\/www.facebook.com\/algarve7","article_author":"https:\/\/www.facebook.com\/algarve7","article_published_time":"2025-07-23T07:20:00+00:00","og_image":[{"width":800,"height":520,"url":"https:\/\/algarve7.pt\/wp-content\/uploads\/2025\/07\/JamaicaeTokyo.jpg","type":"image\/jpeg"}],"author":"Algarve 7","twitter_card":"summary_large_image","twitter_creator":"@Algarvesete","twitter_site":"@Algarvesete","twitter_misc":{"Escrito por":"Algarve 7","Tempo estimado de leitura":"3 minutos"},"schema":{"@context":"https:\/\/schema.org","@graph":[{"@type":"Article","@id":"https:\/\/algarve7.pt\/index.php\/2025\/07\/tokyo-e-jamaica-pela-primeira-vez-no-algarve-as-iconicas-discotecas-do-cais-do-gas-tomam-a-pista-de-santa-eulalia\/cultura\/08\/20\/#article","isPartOf":{"@id":"https:\/\/algarve7.pt\/index.php\/2025\/07\/tokyo-e-jamaica-pela-primeira-vez-no-algarve-as-iconicas-discotecas-do-cais-do-gas-tomam-a-pista-de-santa-eulalia\/cultura\/08\/20\/"},"author":{"name":"Algarve 7","@id":"https:\/\/algarve7.pt\/#\/schema\/person\/23fa70681308e7b319a3204bcea45e0c"},"headline":"Tokyo e Jamaica pela primeira vez no Algarve: As ic\u00f3nicas discotecas do Cais do G\u00e1s &#8216;tomam&#8217; a pista de Santa Eul\u00e1lia","datePublished":"2025-07-23T07:20:00+00:00","mainEntityOfPage":{"@id":"https:\/\/algarve7.pt\/index.php\/2025\/07\/tokyo-e-jamaica-pela-primeira-vez-no-algarve-as-iconicas-discotecas-do-cais-do-gas-tomam-a-pista-de-santa-eulalia\/cultura\/08\/20\/"},"wordCount":439,"publisher":{"@id":"https:\/\/algarve7.pt\/#organization"},"image":{"@id":"https:\/\/algarve7.pt\/index.php\/2025\/07\/tokyo-e-jamaica-pela-primeira-vez-no-algarve-as-iconicas-discotecas-do-cais-do-gas-tomam-a-pista-de-santa-eulalia\/cultura\/08\/20\/#primaryimage"},"thumbnailUrl":"https:\/\/algarve7.pt\/wp-content\/uploads\/2025\/07\/JamaicaeTokyo.jpg","keywords":["Albufeira","Algarve","Cultura"],"articleSection":["Cultura"],"inLanguage":"pt-PT"},{"@type":"WebPage","@id":"https:\/\/algarve7.pt\/index.php\/2025\/07\/tokyo-e-jamaica-pela-primeira-vez-no-algarve-as-iconicas-discotecas-do-cais-do-gas-tomam-a-pista-de-santa-eulalia\/cultura\/08\/20\/","url":"https:\/\/algarve7.pt\/index.php\/2025\/07\/tokyo-e-jamaica-pela-primeira-vez-no-algarve-as-iconicas-discotecas-do-cais-do-gas-tomam-a-pista-de-santa-eulalia\/cultura\/08\/20\/","name":"Tokyo e Jamaica pela primeira vez no Algarve: As ic\u00f3nicas discotecas do Cais do G\u00e1s 'tomam' a pista de Santa Eul\u00e1lia - Algarve 7","isPartOf":{"@id":"https:\/\/algarve7.pt\/#website"},"primaryImageOfPage":{"@id":"https:\/\/algarve7.pt\/index.php\/2025\/07\/tokyo-e-jamaica-pela-primeira-vez-no-algarve-as-iconicas-discotecas-do-cais-do-gas-tomam-a-pista-de-santa-eulalia\/cultura\/08\/20\/#primaryimage"},"image":{"@id":"https:\/\/algarve7.pt\/index.php\/2025\/07\/tokyo-e-jamaica-pela-primeira-vez-no-algarve-as-iconicas-discotecas-do-cais-do-gas-tomam-a-pista-de-santa-eulalia\/cultura\/08\/20\/#primaryimage"},"thumbnailUrl":"https:\/\/algarve7.pt\/wp-content\/uploads\/2025\/07\/JamaicaeTokyo.jpg","datePublished":"2025-07-23T07:20:00+00:00","description":"Tokyo e Jamaica pela primeira vez no Algarve: As ic\u00f3nicas discotecas do Cais do G\u00e1s 'tomam' a pista de Santa Eul\u00e1lia Cultura","breadcrumb":{"@id":"https:\/\/algarve7.pt\/index.php\/2025\/07\/tokyo-e-jamaica-pela-primeira-vez-no-algarve-as-iconicas-discotecas-do-cais-do-gas-tomam-a-pista-de-santa-eulalia\/cultura\/08\/20\/#breadcrumb"},"inLanguage":"pt-PT","potentialAction":[{"@type":"ReadAction","target":["https:\/\/algarve7.pt\/index.php\/2025\/07\/tokyo-e-jamaica-pela-primeira-vez-no-algarve-as-iconicas-discotecas-do-cais-do-gas-tomam-a-pista-de-santa-eulalia\/cultura\/08\/20\/"]}]},{"@type":"ImageObject","inLanguage":"pt-PT","@id":"https:\/\/algarve7.pt\/index.php\/2025\/07\/tokyo-e-jamaica-pela-primeira-vez-no-algarve-as-iconicas-discotecas-do-cais-do-gas-tomam-a-pista-de-santa-eulalia\/cultura\/08\/20\/#primaryimage","url":"https:\/\/algarve7.pt\/wp-content\/uploads\/2025\/07\/JamaicaeTokyo.jpg","contentUrl":"https:\/\/algarve7.pt\/wp-content\/uploads\/2025\/07\/JamaicaeTokyo.jpg","width":800,"height":520},{"@type":"BreadcrumbList","@id":"https:\/\/algarve7.pt\/index.php\/2025\/07\/tokyo-e-jamaica-pela-primeira-vez-no-algarve-as-iconicas-discotecas-do-cais-do-gas-tomam-a-pista-de-santa-eulalia\/cultura\/08\/20\/#breadcrumb","itemListElement":[{"@type":"ListItem","position":1,"name":"In\u00edcio","item":"https:\/\/algarve7.pt\/"},{"@type":"ListItem","position":2,"name":"Tokyo e Jamaica pela primeira vez no Algarve: As ic\u00f3nicas discotecas do Cais do G\u00e1s &#8216;tomam&#8217; a pista de Santa Eul\u00e1lia"}]},{"@type":"WebSite","@id":"https:\/\/algarve7.pt\/#website","url":"https:\/\/algarve7.pt\/","name":"Algarve 7","description":"Informa\u00e7\u00e3o sobre o Algarve","publisher":{"@id":"https:\/\/algarve7.pt\/#organization"},"potentialAction":[{"@type":"SearchAction","target":{"@type":"EntryPoint","urlTemplate":"https:\/\/algarve7.pt\/?s={search_term_string}"},"query-input":{"@type":"PropertyValueSpecification","valueRequired":true,"valueName":"search_term_string"}}],"inLanguage":"pt-PT"},{"@type":"Organization","@id":"https:\/\/algarve7.pt\/#organization","name":"Algarve 7","url":"https:\/\/algarve7.pt\/","logo":{"@type":"ImageObject","inLanguage":"pt-PT","@id":"https:\/\/algarve7.pt\/#\/schema\/logo\/image\/","url":"https:\/\/algarve7.pt\/wp-content\/uploads\/2020\/10\/Logo-8.jpg","contentUrl":"https:\/\/algarve7.pt\/wp-content\/uploads\/2020\/10\/Logo-8.jpg","width":1680,"height":1186,"caption":"Algarve 7"},"image":{"@id":"https:\/\/algarve7.pt\/#\/schema\/logo\/image\/"},"sameAs":["https:\/\/www.facebook.com\/algarve7","https:\/\/x.com\/Algarvesete","https:\/\/www.instagram.com\/jornalalgarve7\/","https:\/\/www.linkedin.com\/company\/algarve7","https:\/\/www.pinterest.pt\/geral0939\/_created\/"]},{"@type":"Person","@id":"https:\/\/algarve7.pt\/#\/schema\/person\/23fa70681308e7b319a3204bcea45e0c","name":"Algarve 7","sameAs":["https:\/\/algarve7.pt","https:\/\/www.facebook.com\/algarve7"],"url":"https:\/\/algarve7.pt\/index.php\/author\/geralalgarve7-pt\/"}]}},"jetpack_publicize_connections":[],"jetpack_featured_media_url":"https:\/\/algarve7.pt\/wp-content\/uploads\/2025\/07\/JamaicaeTokyo.jpg","jetpack_shortlink":"https:\/\/wp.me\/pcezmW-dHc","jetpack_sharing_enabled":true,"_links":{"self":[{"href":"https:\/\/algarve7.pt\/index.php\/wp-json\/wp\/v2\/posts\/52650","targetHints":{"allow":["GET"]}}],"collection":[{"href":"https:\/\/algarve7.pt\/index.php\/wp-json\/wp\/v2\/posts"}],"about":[{"href":"https:\/\/algarve7.pt\/index.php\/wp-json\/wp\/v2\/types\/post"}],"author":[{"embeddable":true,"href":"https:\/\/algarve7.pt\/index.php\/wp-json\/wp\/v2\/users\/1"}],"replies":[{"embeddable":true,"href":"https:\/\/algarve7.pt\/index.php\/wp-json\/wp\/v2\/comments?post=52650"}],"version-history":[{"count":0,"href":"https:\/\/algarve7.pt\/index.php\/wp-json\/wp\/v2\/posts\/52650\/revisions"}],"wp:featuredmedia":[{"embeddable":true,"href":"https:\/\/algarve7.pt\/index.php\/wp-json\/wp\/v2\/media\/52651"}],"wp:attachment":[{"href":"https:\/\/algarve7.pt\/index.php\/wp-json\/wp\/v2\/media?parent=52650"}],"wp:term":[{"taxonomy":"category","embeddable":true,"href":"https:\/\/algarve7.pt\/index.php\/wp-json\/wp\/v2\/categories?post=52650"},{"taxonomy":"post_tag","embeddable":true,"href":"https:\/\/algarve7.pt\/index.php\/wp-json\/wp\/v2\/tags?post=52650"}],"curies":[{"name":"wp","href":"https:\/\/api.w.org\/{rel}","templated":true}]}}