{"id":52647,"date":"2025-07-23T08:07:00","date_gmt":"2025-07-23T07:07:00","guid":{"rendered":"https:\/\/algarve7.pt\/?p=52647"},"modified":"2025-07-22T13:08:46","modified_gmt":"2025-07-22T12:08:46","slug":"arco-da-vila-reabre-portas-ao-patrimonio-e-a-cultura-apos-obras-de-conservacao","status":"publish","type":"post","link":"https:\/\/algarve7.pt\/index.php\/2025\/07\/arco-da-vila-reabre-portas-ao-patrimonio-e-a-cultura-apos-obras-de-conservacao\/cultura\/08\/07\/","title":{"rendered":"Arco da Vila reabre portas ao patrim\u00f3nio e \u00e0 cultura ap\u00f3s obras de conserva\u00e7\u00e3o"},"content":{"rendered":"\n<p>As obras de reabilita\u00e7\u00e3o do&nbsp;&nbsp;Arco da Vila foram inauguradas ontem, pelas 18h30, numa cerim\u00f3nia que reuniu autarcas, representantes de entidades oficiais, agentes culturais e a popula\u00e7\u00e3o.<\/p>\n\n\n\n<p>A cerim\u00f3nia, presidida pelo Presidente da C\u00e2mara Municipal de Faro, Rog\u00e9rio Bacalhau Coelho, contou com a presen\u00e7a da Ministra da Cultura, Juventude e Desporto, Margarida Balseiro Lopes, que, juntamente com o edil farense, descerrou a placa inaugural, assinalando a conclus\u00e3o da interven\u00e7\u00e3o de conserva\u00e7\u00e3o e restauro deste marco hist\u00f3rico. Contou, ainda, com a presen\u00e7a da Arquiteta Teresa Valente, que liderou a equipa multidisciplinar que efetuou estas obras e que fez uma resenha sobre como decorreram os trabalhos, dando nota do antes e depois desta reabilita\u00e7\u00e3o e da import\u00e2ncia que a mesma teve, no sentido de preservar um monumento que \u00e9 um dos s\u00edmbolos da cidade de Faro.<\/p>\n\n\n\n<p>Rog\u00e9rio Bacalhau sublinhou a import\u00e2ncia do monumento para a identidade farense, considerando que \u201cn\u00e3o \u00e9 apenas uma constru\u00e7\u00e3o de pedra e cal, fotografado por todos os que entram Vila-Adentro, mem\u00f3ria de dias bem passados. \u00c9 um espelho da nossa identidade e um testemunho vivo da nossa convic\u00e7\u00e3o de que a cultura deve ser transformada num motor econ\u00f3mico e social\u201d. O autarca refor\u00e7ou, mesmo, que \u201cpol\u00edticas integradas de gest\u00e3o, que nos levam a concretizar din\u00e2micas de preserva\u00e7\u00e3o da mem\u00f3ria coletiva e inova\u00e7\u00e3o\u201d comprovam que \u201ca cultura \u00e9 o projeto de futuro, que vai trazer mais-valias para o concelho\u201d e que a \u201ccidadania passa pelo acesso ao patrim\u00f3nio e implica que, quem governe, tenha uma vis\u00e3o integrada do Patrim\u00f3nio e da Cultura, vinculada a uma abordagem hol\u00edstica, na qual n\u00e3o existem fardos do passado, mas somente alavancas para o futuro\u201d. O Presidente da C\u00e2mara real\u00e7ou, ainda, o simbolismo do Arco como met\u00e1fora da pol\u00edtica cultural do munic\u00edpio: \u201cEste Arco convida-nos a atravessar, n\u00e3o apenas o limiar entre o passado e o futuro, mas encarna a vontade de transformar cada pedra da nossa hist\u00f3ria numa for\u00e7a viva de desenvolvimento, atrav\u00e9s da qual refor\u00e7amos a coes\u00e3o social e buscamos ser mais justos e mais rigorosos na utiliza\u00e7\u00e3o dos recursos p\u00fablicos\u201d.<\/p>\n\n\n\n<p>A ministra da Cultura referiu-se \u00e0 relev\u00e2ncia do restauro para o turismo sustent\u00e1vel e para a autoestima regional, considerando o Arco da Vila \u201cum portal que abre horizontes a quem c\u00e1 entra e a quem c\u00e1 vive\u201d, horizontes que permitem ter no Patrim\u00f3nio um bem consider\u00e1vel e proporcionador de desenvolvimento.<\/p>\n\n\n\n<p>Recordamos que a reabilita\u00e7\u00e3o do Arco da Vila resulta de um acordo entre a autarquia e o Fundo de Salvaguarda do Patrim\u00f3nio Cultural, ao abrigo do Plano de Recupera\u00e7\u00e3o e Resili\u00eancia, tendo representado um investimento global de 250 mil euros. O Arco da Vila, mandado erguer em 1812 sobre a antiga Porta \u00c1rabe, \u00e9 um s\u00edmbolo incontorn\u00e1vel da viv\u00eancia farense. Classificado como Monumento Nacional desde 1910, funciona como charneira entre o burgo medieval muralhado e a cidade contempor\u00e2nea.&nbsp;<\/p>\n\n\n\n<p>Ap\u00f3s os discursos e o descerramento da placa, os presentes foram convidados a visitar o interior do Arco da Vila, agora dotado de melhores condi\u00e7\u00f5es de preserva\u00e7\u00e3o e valoriza\u00e7\u00e3o patrimonial.<\/p>\n","protected":false},"excerpt":{"rendered":"<p>As obras de reabilita\u00e7\u00e3o do&nbsp;&nbsp;Arco da Vila foram inauguradas ontem, pelas 18h30, numa cerim\u00f3nia que reuniu autarcas, representantes de entidades<\/p>\n","protected":false},"author":1,"featured_media":52648,"comment_status":"closed","ping_status":"closed","sticky":false,"template":"","format":"standard","meta":{"colormag_page_container_layout":"default_layout","colormag_page_sidebar_layout":"default_layout","_monsterinsights_skip_tracking":false,"_monsterinsights_sitenote_active":false,"_monsterinsights_sitenote_note":"","_monsterinsights_sitenote_category":0,"jetpack_post_was_ever_published":false,"_jetpack_newsletter_access":"","_jetpack_dont_email_post_to_subs":false,"_jetpack_newsletter_tier_id":0,"_jetpack_memberships_contains_paywalled_content":false,"_jetpack_memberships_contains_paid_content":false,"footnotes":"","jetpack_publicize_message":"","jetpack_publicize_feature_enabled":true,"jetpack_social_post_already_shared":false,"jetpack_social_options":{"image_generator_settings":{"template":"highway","default_image_id":0,"font":"","enabled":false},"version":2}},"categories":[14],"tags":[36,35,57],"class_list":["post-52647","post","type-post","status-publish","format-standard","has-post-thumbnail","hentry","category-cultura","tag-algarve","tag-cultura","tag-faro"],"yoast_head":"<!-- This site is optimized with the Yoast SEO plugin v27.5 - https:\/\/yoast.com\/product\/yoast-seo-wordpress\/ -->\n<title>Arco da Vila reabre portas ao patrim\u00f3nio e \u00e0 cultura ap\u00f3s obras de conserva\u00e7\u00e3o - Algarve 7<\/title>\n<meta name=\"description\" content=\"Arco da Vila reabre portas ao patrim\u00f3nio e \u00e0 cultura ap\u00f3s obras de conserva\u00e7\u00e3o Cultura\" \/>\n<meta name=\"robots\" content=\"index, follow, max-snippet:-1, max-image-preview:large, max-video-preview:-1\" \/>\n<link rel=\"canonical\" href=\"https:\/\/algarve7.pt\/index.php\/2025\/07\/arco-da-vila-reabre-portas-ao-patrimonio-e-a-cultura-apos-obras-de-conservacao\/cultura\/08\/07\/\" \/>\n<meta property=\"og:locale\" content=\"pt_PT\" \/>\n<meta property=\"og:type\" content=\"article\" \/>\n<meta property=\"og:title\" content=\"Arco da Vila reabre portas ao patrim\u00f3nio e \u00e0 cultura ap\u00f3s obras de conserva\u00e7\u00e3o - Algarve 7\" \/>\n<meta property=\"og:description\" content=\"Arco da Vila reabre portas ao patrim\u00f3nio e \u00e0 cultura ap\u00f3s obras de conserva\u00e7\u00e3o Cultura\" \/>\n<meta property=\"og:url\" content=\"https:\/\/algarve7.pt\/index.php\/2025\/07\/arco-da-vila-reabre-portas-ao-patrimonio-e-a-cultura-apos-obras-de-conservacao\/cultura\/08\/07\/\" \/>\n<meta property=\"og:site_name\" content=\"Algarve 7\" \/>\n<meta property=\"article:publisher\" content=\"https:\/\/www.facebook.com\/algarve7\" \/>\n<meta property=\"article:author\" content=\"https:\/\/www.facebook.com\/algarve7\" \/>\n<meta property=\"article:published_time\" content=\"2025-07-23T07:07:00+00:00\" \/>\n<meta property=\"og:image\" content=\"https:\/\/algarve7.pt\/wp-content\/uploads\/2025\/07\/youragency-CMF-ArcodaVila_Min-Cultura-210725-06638-Web.jpg\" \/>\n\t<meta property=\"og:image:width\" content=\"800\" \/>\n\t<meta property=\"og:image:height\" content=\"520\" \/>\n\t<meta property=\"og:image:type\" content=\"image\/jpeg\" \/>\n<meta name=\"author\" content=\"Algarve 7\" \/>\n<meta name=\"twitter:card\" content=\"summary_large_image\" \/>\n<meta name=\"twitter:creator\" content=\"@Algarvesete\" \/>\n<meta name=\"twitter:site\" content=\"@Algarvesete\" \/>\n<meta name=\"twitter:label1\" content=\"Escrito por\" \/>\n\t<meta name=\"twitter:data1\" content=\"Algarve 7\" \/>\n\t<meta name=\"twitter:label2\" content=\"Tempo estimado de leitura\" \/>\n\t<meta name=\"twitter:data2\" content=\"3 minutos\" \/>\n<script type=\"application\/ld+json\" class=\"yoast-schema-graph\">{\"@context\":\"https:\\\/\\\/schema.org\",\"@graph\":[{\"@type\":\"Article\",\"@id\":\"https:\\\/\\\/algarve7.pt\\\/index.php\\\/2025\\\/07\\\/arco-da-vila-reabre-portas-ao-patrimonio-e-a-cultura-apos-obras-de-conservacao\\\/cultura\\\/08\\\/07\\\/#article\",\"isPartOf\":{\"@id\":\"https:\\\/\\\/algarve7.pt\\\/index.php\\\/2025\\\/07\\\/arco-da-vila-reabre-portas-ao-patrimonio-e-a-cultura-apos-obras-de-conservacao\\\/cultura\\\/08\\\/07\\\/\"},\"author\":{\"name\":\"Algarve 7\",\"@id\":\"https:\\\/\\\/algarve7.pt\\\/#\\\/schema\\\/person\\\/23fa70681308e7b319a3204bcea45e0c\"},\"headline\":\"Arco da Vila reabre portas ao patrim\u00f3nio e \u00e0 cultura ap\u00f3s obras de conserva\u00e7\u00e3o\",\"datePublished\":\"2025-07-23T07:07:00+00:00\",\"mainEntityOfPage\":{\"@id\":\"https:\\\/\\\/algarve7.pt\\\/index.php\\\/2025\\\/07\\\/arco-da-vila-reabre-portas-ao-patrimonio-e-a-cultura-apos-obras-de-conservacao\\\/cultura\\\/08\\\/07\\\/\"},\"wordCount\":571,\"publisher\":{\"@id\":\"https:\\\/\\\/algarve7.pt\\\/#organization\"},\"image\":{\"@id\":\"https:\\\/\\\/algarve7.pt\\\/index.php\\\/2025\\\/07\\\/arco-da-vila-reabre-portas-ao-patrimonio-e-a-cultura-apos-obras-de-conservacao\\\/cultura\\\/08\\\/07\\\/#primaryimage\"},\"thumbnailUrl\":\"https:\\\/\\\/algarve7.pt\\\/wp-content\\\/uploads\\\/2025\\\/07\\\/youragency-CMF-ArcodaVila_Min-Cultura-210725-06638-Web.jpg\",\"keywords\":[\"Algarve\",\"Cultura\",\"Faro\"],\"articleSection\":[\"Cultura\"],\"inLanguage\":\"pt-PT\"},{\"@type\":\"WebPage\",\"@id\":\"https:\\\/\\\/algarve7.pt\\\/index.php\\\/2025\\\/07\\\/arco-da-vila-reabre-portas-ao-patrimonio-e-a-cultura-apos-obras-de-conservacao\\\/cultura\\\/08\\\/07\\\/\",\"url\":\"https:\\\/\\\/algarve7.pt\\\/index.php\\\/2025\\\/07\\\/arco-da-vila-reabre-portas-ao-patrimonio-e-a-cultura-apos-obras-de-conservacao\\\/cultura\\\/08\\\/07\\\/\",\"name\":\"Arco da Vila reabre portas ao patrim\u00f3nio e \u00e0 cultura ap\u00f3s obras de conserva\u00e7\u00e3o - Algarve 7\",\"isPartOf\":{\"@id\":\"https:\\\/\\\/algarve7.pt\\\/#website\"},\"primaryImageOfPage\":{\"@id\":\"https:\\\/\\\/algarve7.pt\\\/index.php\\\/2025\\\/07\\\/arco-da-vila-reabre-portas-ao-patrimonio-e-a-cultura-apos-obras-de-conservacao\\\/cultura\\\/08\\\/07\\\/#primaryimage\"},\"image\":{\"@id\":\"https:\\\/\\\/algarve7.pt\\\/index.php\\\/2025\\\/07\\\/arco-da-vila-reabre-portas-ao-patrimonio-e-a-cultura-apos-obras-de-conservacao\\\/cultura\\\/08\\\/07\\\/#primaryimage\"},\"thumbnailUrl\":\"https:\\\/\\\/algarve7.pt\\\/wp-content\\\/uploads\\\/2025\\\/07\\\/youragency-CMF-ArcodaVila_Min-Cultura-210725-06638-Web.jpg\",\"datePublished\":\"2025-07-23T07:07:00+00:00\",\"description\":\"Arco da Vila reabre portas ao patrim\u00f3nio e \u00e0 cultura ap\u00f3s obras de conserva\u00e7\u00e3o Cultura\",\"breadcrumb\":{\"@id\":\"https:\\\/\\\/algarve7.pt\\\/index.php\\\/2025\\\/07\\\/arco-da-vila-reabre-portas-ao-patrimonio-e-a-cultura-apos-obras-de-conservacao\\\/cultura\\\/08\\\/07\\\/#breadcrumb\"},\"inLanguage\":\"pt-PT\",\"potentialAction\":[{\"@type\":\"ReadAction\",\"target\":[\"https:\\\/\\\/algarve7.pt\\\/index.php\\\/2025\\\/07\\\/arco-da-vila-reabre-portas-ao-patrimonio-e-a-cultura-apos-obras-de-conservacao\\\/cultura\\\/08\\\/07\\\/\"]}]},{\"@type\":\"ImageObject\",\"inLanguage\":\"pt-PT\",\"@id\":\"https:\\\/\\\/algarve7.pt\\\/index.php\\\/2025\\\/07\\\/arco-da-vila-reabre-portas-ao-patrimonio-e-a-cultura-apos-obras-de-conservacao\\\/cultura\\\/08\\\/07\\\/#primaryimage\",\"url\":\"https:\\\/\\\/algarve7.pt\\\/wp-content\\\/uploads\\\/2025\\\/07\\\/youragency-CMF-ArcodaVila_Min-Cultura-210725-06638-Web.jpg\",\"contentUrl\":\"https:\\\/\\\/algarve7.pt\\\/wp-content\\\/uploads\\\/2025\\\/07\\\/youragency-CMF-ArcodaVila_Min-Cultura-210725-06638-Web.jpg\",\"width\":800,\"height\":520},{\"@type\":\"BreadcrumbList\",\"@id\":\"https:\\\/\\\/algarve7.pt\\\/index.php\\\/2025\\\/07\\\/arco-da-vila-reabre-portas-ao-patrimonio-e-a-cultura-apos-obras-de-conservacao\\\/cultura\\\/08\\\/07\\\/#breadcrumb\",\"itemListElement\":[{\"@type\":\"ListItem\",\"position\":1,\"name\":\"In\u00edcio\",\"item\":\"https:\\\/\\\/algarve7.pt\\\/\"},{\"@type\":\"ListItem\",\"position\":2,\"name\":\"Arco da Vila reabre portas ao patrim\u00f3nio e \u00e0 cultura ap\u00f3s obras de conserva\u00e7\u00e3o\"}]},{\"@type\":\"WebSite\",\"@id\":\"https:\\\/\\\/algarve7.pt\\\/#website\",\"url\":\"https:\\\/\\\/algarve7.pt\\\/\",\"name\":\"Algarve 7\",\"description\":\"Informa\u00e7\u00e3o sobre o Algarve\",\"publisher\":{\"@id\":\"https:\\\/\\\/algarve7.pt\\\/#organization\"},\"potentialAction\":[{\"@type\":\"SearchAction\",\"target\":{\"@type\":\"EntryPoint\",\"urlTemplate\":\"https:\\\/\\\/algarve7.pt\\\/?s={search_term_string}\"},\"query-input\":{\"@type\":\"PropertyValueSpecification\",\"valueRequired\":true,\"valueName\":\"search_term_string\"}}],\"inLanguage\":\"pt-PT\"},{\"@type\":\"Organization\",\"@id\":\"https:\\\/\\\/algarve7.pt\\\/#organization\",\"name\":\"Algarve 7\",\"url\":\"https:\\\/\\\/algarve7.pt\\\/\",\"logo\":{\"@type\":\"ImageObject\",\"inLanguage\":\"pt-PT\",\"@id\":\"https:\\\/\\\/algarve7.pt\\\/#\\\/schema\\\/logo\\\/image\\\/\",\"url\":\"https:\\\/\\\/algarve7.pt\\\/wp-content\\\/uploads\\\/2020\\\/10\\\/Logo-8.jpg\",\"contentUrl\":\"https:\\\/\\\/algarve7.pt\\\/wp-content\\\/uploads\\\/2020\\\/10\\\/Logo-8.jpg\",\"width\":1680,\"height\":1186,\"caption\":\"Algarve 7\"},\"image\":{\"@id\":\"https:\\\/\\\/algarve7.pt\\\/#\\\/schema\\\/logo\\\/image\\\/\"},\"sameAs\":[\"https:\\\/\\\/www.facebook.com\\\/algarve7\",\"https:\\\/\\\/x.com\\\/Algarvesete\",\"https:\\\/\\\/www.instagram.com\\\/jornalalgarve7\\\/\",\"https:\\\/\\\/www.linkedin.com\\\/company\\\/algarve7\",\"https:\\\/\\\/www.pinterest.pt\\\/geral0939\\\/_created\\\/\"]},{\"@type\":\"Person\",\"@id\":\"https:\\\/\\\/algarve7.pt\\\/#\\\/schema\\\/person\\\/23fa70681308e7b319a3204bcea45e0c\",\"name\":\"Algarve 7\",\"sameAs\":[\"https:\\\/\\\/algarve7.pt\",\"https:\\\/\\\/www.facebook.com\\\/algarve7\"],\"url\":\"https:\\\/\\\/algarve7.pt\\\/index.php\\\/author\\\/geralalgarve7-pt\\\/\"}]}<\/script>\n<!-- \/ Yoast SEO plugin. -->","yoast_head_json":{"title":"Arco da Vila reabre portas ao patrim\u00f3nio e \u00e0 cultura ap\u00f3s obras de conserva\u00e7\u00e3o - Algarve 7","description":"Arco da Vila reabre portas ao patrim\u00f3nio e \u00e0 cultura ap\u00f3s obras de conserva\u00e7\u00e3o Cultura","robots":{"index":"index","follow":"follow","max-snippet":"max-snippet:-1","max-image-preview":"max-image-preview:large","max-video-preview":"max-video-preview:-1"},"canonical":"https:\/\/algarve7.pt\/index.php\/2025\/07\/arco-da-vila-reabre-portas-ao-patrimonio-e-a-cultura-apos-obras-de-conservacao\/cultura\/08\/07\/","og_locale":"pt_PT","og_type":"article","og_title":"Arco da Vila reabre portas ao patrim\u00f3nio e \u00e0 cultura ap\u00f3s obras de conserva\u00e7\u00e3o - Algarve 7","og_description":"Arco da Vila reabre portas ao patrim\u00f3nio e \u00e0 cultura ap\u00f3s obras de conserva\u00e7\u00e3o Cultura","og_url":"https:\/\/algarve7.pt\/index.php\/2025\/07\/arco-da-vila-reabre-portas-ao-patrimonio-e-a-cultura-apos-obras-de-conservacao\/cultura\/08\/07\/","og_site_name":"Algarve 7","article_publisher":"https:\/\/www.facebook.com\/algarve7","article_author":"https:\/\/www.facebook.com\/algarve7","article_published_time":"2025-07-23T07:07:00+00:00","og_image":[{"width":800,"height":520,"url":"https:\/\/algarve7.pt\/wp-content\/uploads\/2025\/07\/youragency-CMF-ArcodaVila_Min-Cultura-210725-06638-Web.jpg","type":"image\/jpeg"}],"author":"Algarve 7","twitter_card":"summary_large_image","twitter_creator":"@Algarvesete","twitter_site":"@Algarvesete","twitter_misc":{"Escrito por":"Algarve 7","Tempo estimado de leitura":"3 minutos"},"schema":{"@context":"https:\/\/schema.org","@graph":[{"@type":"Article","@id":"https:\/\/algarve7.pt\/index.php\/2025\/07\/arco-da-vila-reabre-portas-ao-patrimonio-e-a-cultura-apos-obras-de-conservacao\/cultura\/08\/07\/#article","isPartOf":{"@id":"https:\/\/algarve7.pt\/index.php\/2025\/07\/arco-da-vila-reabre-portas-ao-patrimonio-e-a-cultura-apos-obras-de-conservacao\/cultura\/08\/07\/"},"author":{"name":"Algarve 7","@id":"https:\/\/algarve7.pt\/#\/schema\/person\/23fa70681308e7b319a3204bcea45e0c"},"headline":"Arco da Vila reabre portas ao patrim\u00f3nio e \u00e0 cultura ap\u00f3s obras de conserva\u00e7\u00e3o","datePublished":"2025-07-23T07:07:00+00:00","mainEntityOfPage":{"@id":"https:\/\/algarve7.pt\/index.php\/2025\/07\/arco-da-vila-reabre-portas-ao-patrimonio-e-a-cultura-apos-obras-de-conservacao\/cultura\/08\/07\/"},"wordCount":571,"publisher":{"@id":"https:\/\/algarve7.pt\/#organization"},"image":{"@id":"https:\/\/algarve7.pt\/index.php\/2025\/07\/arco-da-vila-reabre-portas-ao-patrimonio-e-a-cultura-apos-obras-de-conservacao\/cultura\/08\/07\/#primaryimage"},"thumbnailUrl":"https:\/\/algarve7.pt\/wp-content\/uploads\/2025\/07\/youragency-CMF-ArcodaVila_Min-Cultura-210725-06638-Web.jpg","keywords":["Algarve","Cultura","Faro"],"articleSection":["Cultura"],"inLanguage":"pt-PT"},{"@type":"WebPage","@id":"https:\/\/algarve7.pt\/index.php\/2025\/07\/arco-da-vila-reabre-portas-ao-patrimonio-e-a-cultura-apos-obras-de-conservacao\/cultura\/08\/07\/","url":"https:\/\/algarve7.pt\/index.php\/2025\/07\/arco-da-vila-reabre-portas-ao-patrimonio-e-a-cultura-apos-obras-de-conservacao\/cultura\/08\/07\/","name":"Arco da Vila reabre portas ao patrim\u00f3nio e \u00e0 cultura ap\u00f3s obras de conserva\u00e7\u00e3o - Algarve 7","isPartOf":{"@id":"https:\/\/algarve7.pt\/#website"},"primaryImageOfPage":{"@id":"https:\/\/algarve7.pt\/index.php\/2025\/07\/arco-da-vila-reabre-portas-ao-patrimonio-e-a-cultura-apos-obras-de-conservacao\/cultura\/08\/07\/#primaryimage"},"image":{"@id":"https:\/\/algarve7.pt\/index.php\/2025\/07\/arco-da-vila-reabre-portas-ao-patrimonio-e-a-cultura-apos-obras-de-conservacao\/cultura\/08\/07\/#primaryimage"},"thumbnailUrl":"https:\/\/algarve7.pt\/wp-content\/uploads\/2025\/07\/youragency-CMF-ArcodaVila_Min-Cultura-210725-06638-Web.jpg","datePublished":"2025-07-23T07:07:00+00:00","description":"Arco da Vila reabre portas ao patrim\u00f3nio e \u00e0 cultura ap\u00f3s obras de conserva\u00e7\u00e3o Cultura","breadcrumb":{"@id":"https:\/\/algarve7.pt\/index.php\/2025\/07\/arco-da-vila-reabre-portas-ao-patrimonio-e-a-cultura-apos-obras-de-conservacao\/cultura\/08\/07\/#breadcrumb"},"inLanguage":"pt-PT","potentialAction":[{"@type":"ReadAction","target":["https:\/\/algarve7.pt\/index.php\/2025\/07\/arco-da-vila-reabre-portas-ao-patrimonio-e-a-cultura-apos-obras-de-conservacao\/cultura\/08\/07\/"]}]},{"@type":"ImageObject","inLanguage":"pt-PT","@id":"https:\/\/algarve7.pt\/index.php\/2025\/07\/arco-da-vila-reabre-portas-ao-patrimonio-e-a-cultura-apos-obras-de-conservacao\/cultura\/08\/07\/#primaryimage","url":"https:\/\/algarve7.pt\/wp-content\/uploads\/2025\/07\/youragency-CMF-ArcodaVila_Min-Cultura-210725-06638-Web.jpg","contentUrl":"https:\/\/algarve7.pt\/wp-content\/uploads\/2025\/07\/youragency-CMF-ArcodaVila_Min-Cultura-210725-06638-Web.jpg","width":800,"height":520},{"@type":"BreadcrumbList","@id":"https:\/\/algarve7.pt\/index.php\/2025\/07\/arco-da-vila-reabre-portas-ao-patrimonio-e-a-cultura-apos-obras-de-conservacao\/cultura\/08\/07\/#breadcrumb","itemListElement":[{"@type":"ListItem","position":1,"name":"In\u00edcio","item":"https:\/\/algarve7.pt\/"},{"@type":"ListItem","position":2,"name":"Arco da Vila reabre portas ao patrim\u00f3nio e \u00e0 cultura ap\u00f3s obras de conserva\u00e7\u00e3o"}]},{"@type":"WebSite","@id":"https:\/\/algarve7.pt\/#website","url":"https:\/\/algarve7.pt\/","name":"Algarve 7","description":"Informa\u00e7\u00e3o sobre o Algarve","publisher":{"@id":"https:\/\/algarve7.pt\/#organization"},"potentialAction":[{"@type":"SearchAction","target":{"@type":"EntryPoint","urlTemplate":"https:\/\/algarve7.pt\/?s={search_term_string}"},"query-input":{"@type":"PropertyValueSpecification","valueRequired":true,"valueName":"search_term_string"}}],"inLanguage":"pt-PT"},{"@type":"Organization","@id":"https:\/\/algarve7.pt\/#organization","name":"Algarve 7","url":"https:\/\/algarve7.pt\/","logo":{"@type":"ImageObject","inLanguage":"pt-PT","@id":"https:\/\/algarve7.pt\/#\/schema\/logo\/image\/","url":"https:\/\/algarve7.pt\/wp-content\/uploads\/2020\/10\/Logo-8.jpg","contentUrl":"https:\/\/algarve7.pt\/wp-content\/uploads\/2020\/10\/Logo-8.jpg","width":1680,"height":1186,"caption":"Algarve 7"},"image":{"@id":"https:\/\/algarve7.pt\/#\/schema\/logo\/image\/"},"sameAs":["https:\/\/www.facebook.com\/algarve7","https:\/\/x.com\/Algarvesete","https:\/\/www.instagram.com\/jornalalgarve7\/","https:\/\/www.linkedin.com\/company\/algarve7","https:\/\/www.pinterest.pt\/geral0939\/_created\/"]},{"@type":"Person","@id":"https:\/\/algarve7.pt\/#\/schema\/person\/23fa70681308e7b319a3204bcea45e0c","name":"Algarve 7","sameAs":["https:\/\/algarve7.pt","https:\/\/www.facebook.com\/algarve7"],"url":"https:\/\/algarve7.pt\/index.php\/author\/geralalgarve7-pt\/"}]}},"jetpack_publicize_connections":[],"jetpack_featured_media_url":"https:\/\/algarve7.pt\/wp-content\/uploads\/2025\/07\/youragency-CMF-ArcodaVila_Min-Cultura-210725-06638-Web.jpg","jetpack_shortlink":"https:\/\/wp.me\/pcezmW-dH9","jetpack_sharing_enabled":true,"_links":{"self":[{"href":"https:\/\/algarve7.pt\/index.php\/wp-json\/wp\/v2\/posts\/52647","targetHints":{"allow":["GET"]}}],"collection":[{"href":"https:\/\/algarve7.pt\/index.php\/wp-json\/wp\/v2\/posts"}],"about":[{"href":"https:\/\/algarve7.pt\/index.php\/wp-json\/wp\/v2\/types\/post"}],"author":[{"embeddable":true,"href":"https:\/\/algarve7.pt\/index.php\/wp-json\/wp\/v2\/users\/1"}],"replies":[{"embeddable":true,"href":"https:\/\/algarve7.pt\/index.php\/wp-json\/wp\/v2\/comments?post=52647"}],"version-history":[{"count":0,"href":"https:\/\/algarve7.pt\/index.php\/wp-json\/wp\/v2\/posts\/52647\/revisions"}],"wp:featuredmedia":[{"embeddable":true,"href":"https:\/\/algarve7.pt\/index.php\/wp-json\/wp\/v2\/media\/52648"}],"wp:attachment":[{"href":"https:\/\/algarve7.pt\/index.php\/wp-json\/wp\/v2\/media?parent=52647"}],"wp:term":[{"taxonomy":"category","embeddable":true,"href":"https:\/\/algarve7.pt\/index.php\/wp-json\/wp\/v2\/categories?post=52647"},{"taxonomy":"post_tag","embeddable":true,"href":"https:\/\/algarve7.pt\/index.php\/wp-json\/wp\/v2\/tags?post=52647"}],"curies":[{"name":"wp","href":"https:\/\/api.w.org\/{rel}","templated":true}]}}