{"id":52642,"date":"2025-07-23T07:20:00","date_gmt":"2025-07-23T06:20:00","guid":{"rendered":"https:\/\/algarve7.pt\/?p=52642"},"modified":"2025-07-22T10:46:56","modified_gmt":"2025-07-22T09:46:56","slug":"tatanka-abordo-pela-ria-formosa-acontece-de-24-a-27-de-julho-ao-anoitecer-nas-ilhas-da-capital-algarvia","status":"publish","type":"post","link":"https:\/\/algarve7.pt\/index.php\/2025\/07\/tatanka-abordo-pela-ria-formosa-acontece-de-24-a-27-de-julho-ao-anoitecer-nas-ilhas-da-capital-algarvia\/cultura\/07\/20\/","title":{"rendered":"Tatanka abordo pela ria formosa, acontece de 24 a 27 de julho, ao anoitecer nas ilhas da capital algarvia\u00a0"},"content":{"rendered":"\n<p>O cen\u00e1rio da Ria Formosa volta a ser o palco id\u00edlico para a m\u00fasica portuguesa em mais uma mini-digress\u00e3o do \u201cAbordo\u201d. O convidado desta edi\u00e7\u00e3o \u00e9 o cantor e m\u00fasico Tatanka, que vai apresentar-se em palcos inusitados nas ilhas-barreira da cidade de Faro. Os concertos acontecem de 24 a 27 de julho, sempre \u00e0s 19h00.<\/p>\n\n\n\n<p>A Ilha da Culatra \u00e9 o ponto de partida para o \u201cAbordo\u201d, com um concerto a ter lugar no dia 24 de julho. No dia seguinte, 25 de julho, o m\u00fasico ruma aos Hangares, seguindo depois para a Ilha do Farol, no dia 26, e para a Ilha Deserta no dia 27. Esta iniciativa do Teatro das Figuras procura levar a programa\u00e7\u00e3o do Teatro \u201cfora de portas\u201d e aliar a m\u00fasica portuguesa \u00e0 beleza natural das ilhas-barreira e ao m\u00e1gico p\u00f4r-do-sol do sul do pa\u00eds.&nbsp;<\/p>\n\n\n\n<p>Dono de uma voz inconfund\u00edvel, Tatanka tornou-se conhecido como vocalista do grupo The Black Mamba, vencedor do Festival da Can\u00e7\u00e3o em 2021, com o tema \u201cLove is on My Side\u201d. Este ver\u00e3o apresenta-se em nome pr\u00f3prio nos concertos do \u201cAbordo\u201d, um ciclo dedicado \u00e0 m\u00fasica portuguesa.<\/p>\n\n\n\n<p>Todos os concertos t\u00eam entrada gratuita e, para quem se quer deslocar \u00e0s ilhas propositadamente para a ocasi\u00e3o, haver\u00e1 uma carreira de barcos espec\u00edfica para o evento, com sa\u00eddas do cais das Portas do Mar \u00e0s 17h45, 18h00 e 18h45, cujos bilhetes podem ser adquiridos nos balc\u00f5es da Animaris ou no site\u00a0www.ilhadeserta.com\u00a0Para mais informa\u00e7\u00f5es contactar pelo telefone 918\u00a0779 155.<\/p>\n","protected":false},"excerpt":{"rendered":"<p>O cen\u00e1rio da Ria Formosa volta a ser o palco id\u00edlico para a m\u00fasica portuguesa em mais uma mini-digress\u00e3o do<\/p>\n","protected":false},"author":1,"featured_media":52643,"comment_status":"closed","ping_status":"closed","sticky":false,"template":"","format":"standard","meta":{"colormag_page_container_layout":"default_layout","colormag_page_sidebar_layout":"default_layout","_monsterinsights_skip_tracking":false,"_monsterinsights_sitenote_active":false,"_monsterinsights_sitenote_note":"","_monsterinsights_sitenote_category":0,"jetpack_post_was_ever_published":false,"_jetpack_newsletter_access":"","_jetpack_dont_email_post_to_subs":false,"_jetpack_newsletter_tier_id":0,"_jetpack_memberships_contains_paywalled_content":false,"_jetpack_memberships_contains_paid_content":false,"footnotes":"","jetpack_publicize_message":"","jetpack_publicize_feature_enabled":true,"jetpack_social_post_already_shared":false,"jetpack_social_options":{"image_generator_settings":{"template":"highway","default_image_id":0,"font":"","enabled":false},"version":2}},"categories":[14],"tags":[36,35,57],"class_list":["post-52642","post","type-post","status-publish","format-standard","has-post-thumbnail","hentry","category-cultura","tag-algarve","tag-cultura","tag-faro"],"yoast_head":"<!-- This site is optimized with the Yoast SEO plugin v27.5 - https:\/\/yoast.com\/product\/yoast-seo-wordpress\/ -->\n<title>Tatanka abordo pela ria formosa, acontece de 24 a 27 de julho, ao anoitecer nas ilhas da capital algarvia\u00a0 - Algarve 7<\/title>\n<meta name=\"description\" content=\"Tatanka abordo pela ria formosa, acontece de 24 a 27 de julho, ao anoitecer nas ilhas da capital algarvia\u00a0 Cultura\" \/>\n<meta name=\"robots\" content=\"index, follow, max-snippet:-1, max-image-preview:large, max-video-preview:-1\" \/>\n<link rel=\"canonical\" href=\"https:\/\/algarve7.pt\/index.php\/2025\/07\/tatanka-abordo-pela-ria-formosa-acontece-de-24-a-27-de-julho-ao-anoitecer-nas-ilhas-da-capital-algarvia\/cultura\/07\/20\/\" \/>\n<meta property=\"og:locale\" content=\"pt_PT\" \/>\n<meta property=\"og:type\" content=\"article\" \/>\n<meta property=\"og:title\" content=\"Tatanka abordo pela ria formosa, acontece de 24 a 27 de julho, ao anoitecer nas ilhas da capital algarvia\u00a0 - Algarve 7\" \/>\n<meta property=\"og:description\" content=\"Tatanka abordo pela ria formosa, acontece de 24 a 27 de julho, ao anoitecer nas ilhas da capital algarvia\u00a0 Cultura\" \/>\n<meta property=\"og:url\" content=\"https:\/\/algarve7.pt\/index.php\/2025\/07\/tatanka-abordo-pela-ria-formosa-acontece-de-24-a-27-de-julho-ao-anoitecer-nas-ilhas-da-capital-algarvia\/cultura\/07\/20\/\" \/>\n<meta property=\"og:site_name\" content=\"Algarve 7\" \/>\n<meta property=\"article:publisher\" content=\"https:\/\/www.facebook.com\/algarve7\" \/>\n<meta property=\"article:author\" content=\"https:\/\/www.facebook.com\/algarve7\" \/>\n<meta property=\"article:published_time\" content=\"2025-07-23T06:20:00+00:00\" \/>\n<meta property=\"og:image\" content=\"https:\/\/algarve7.pt\/wp-content\/uploads\/2025\/07\/Captura-de-ecra-2025-07-22-as-10.44.02.png\" \/>\n\t<meta property=\"og:image:width\" content=\"800\" \/>\n\t<meta property=\"og:image:height\" content=\"500\" \/>\n\t<meta property=\"og:image:type\" content=\"image\/png\" \/>\n<meta name=\"author\" content=\"Algarve 7\" \/>\n<meta name=\"twitter:card\" content=\"summary_large_image\" \/>\n<meta name=\"twitter:creator\" content=\"@Algarvesete\" \/>\n<meta name=\"twitter:site\" content=\"@Algarvesete\" \/>\n<meta name=\"twitter:label1\" content=\"Escrito por\" \/>\n\t<meta name=\"twitter:data1\" content=\"Algarve 7\" \/>\n\t<meta name=\"twitter:label2\" content=\"Tempo estimado de leitura\" \/>\n\t<meta name=\"twitter:data2\" content=\"2 minutos\" \/>\n<script type=\"application\/ld+json\" class=\"yoast-schema-graph\">{\"@context\":\"https:\\\/\\\/schema.org\",\"@graph\":[{\"@type\":\"Article\",\"@id\":\"https:\\\/\\\/algarve7.pt\\\/index.php\\\/2025\\\/07\\\/tatanka-abordo-pela-ria-formosa-acontece-de-24-a-27-de-julho-ao-anoitecer-nas-ilhas-da-capital-algarvia\\\/cultura\\\/07\\\/20\\\/#article\",\"isPartOf\":{\"@id\":\"https:\\\/\\\/algarve7.pt\\\/index.php\\\/2025\\\/07\\\/tatanka-abordo-pela-ria-formosa-acontece-de-24-a-27-de-julho-ao-anoitecer-nas-ilhas-da-capital-algarvia\\\/cultura\\\/07\\\/20\\\/\"},\"author\":{\"name\":\"Algarve 7\",\"@id\":\"https:\\\/\\\/algarve7.pt\\\/#\\\/schema\\\/person\\\/23fa70681308e7b319a3204bcea45e0c\"},\"headline\":\"Tatanka abordo pela ria formosa, acontece de 24 a 27 de julho, ao anoitecer nas ilhas da capital algarvia\u00a0\",\"datePublished\":\"2025-07-23T06:20:00+00:00\",\"mainEntityOfPage\":{\"@id\":\"https:\\\/\\\/algarve7.pt\\\/index.php\\\/2025\\\/07\\\/tatanka-abordo-pela-ria-formosa-acontece-de-24-a-27-de-julho-ao-anoitecer-nas-ilhas-da-capital-algarvia\\\/cultura\\\/07\\\/20\\\/\"},\"wordCount\":277,\"publisher\":{\"@id\":\"https:\\\/\\\/algarve7.pt\\\/#organization\"},\"image\":{\"@id\":\"https:\\\/\\\/algarve7.pt\\\/index.php\\\/2025\\\/07\\\/tatanka-abordo-pela-ria-formosa-acontece-de-24-a-27-de-julho-ao-anoitecer-nas-ilhas-da-capital-algarvia\\\/cultura\\\/07\\\/20\\\/#primaryimage\"},\"thumbnailUrl\":\"https:\\\/\\\/algarve7.pt\\\/wp-content\\\/uploads\\\/2025\\\/07\\\/Captura-de-ecra-2025-07-22-as-10.44.02.png\",\"keywords\":[\"Algarve\",\"Cultura\",\"Faro\"],\"articleSection\":[\"Cultura\"],\"inLanguage\":\"pt-PT\"},{\"@type\":\"WebPage\",\"@id\":\"https:\\\/\\\/algarve7.pt\\\/index.php\\\/2025\\\/07\\\/tatanka-abordo-pela-ria-formosa-acontece-de-24-a-27-de-julho-ao-anoitecer-nas-ilhas-da-capital-algarvia\\\/cultura\\\/07\\\/20\\\/\",\"url\":\"https:\\\/\\\/algarve7.pt\\\/index.php\\\/2025\\\/07\\\/tatanka-abordo-pela-ria-formosa-acontece-de-24-a-27-de-julho-ao-anoitecer-nas-ilhas-da-capital-algarvia\\\/cultura\\\/07\\\/20\\\/\",\"name\":\"Tatanka abordo pela ria formosa, acontece de 24 a 27 de julho, ao anoitecer nas ilhas da capital algarvia\u00a0 - Algarve 7\",\"isPartOf\":{\"@id\":\"https:\\\/\\\/algarve7.pt\\\/#website\"},\"primaryImageOfPage\":{\"@id\":\"https:\\\/\\\/algarve7.pt\\\/index.php\\\/2025\\\/07\\\/tatanka-abordo-pela-ria-formosa-acontece-de-24-a-27-de-julho-ao-anoitecer-nas-ilhas-da-capital-algarvia\\\/cultura\\\/07\\\/20\\\/#primaryimage\"},\"image\":{\"@id\":\"https:\\\/\\\/algarve7.pt\\\/index.php\\\/2025\\\/07\\\/tatanka-abordo-pela-ria-formosa-acontece-de-24-a-27-de-julho-ao-anoitecer-nas-ilhas-da-capital-algarvia\\\/cultura\\\/07\\\/20\\\/#primaryimage\"},\"thumbnailUrl\":\"https:\\\/\\\/algarve7.pt\\\/wp-content\\\/uploads\\\/2025\\\/07\\\/Captura-de-ecra-2025-07-22-as-10.44.02.png\",\"datePublished\":\"2025-07-23T06:20:00+00:00\",\"description\":\"Tatanka abordo pela ria formosa, acontece de 24 a 27 de julho, ao anoitecer nas ilhas da capital algarvia\u00a0 Cultura\",\"breadcrumb\":{\"@id\":\"https:\\\/\\\/algarve7.pt\\\/index.php\\\/2025\\\/07\\\/tatanka-abordo-pela-ria-formosa-acontece-de-24-a-27-de-julho-ao-anoitecer-nas-ilhas-da-capital-algarvia\\\/cultura\\\/07\\\/20\\\/#breadcrumb\"},\"inLanguage\":\"pt-PT\",\"potentialAction\":[{\"@type\":\"ReadAction\",\"target\":[\"https:\\\/\\\/algarve7.pt\\\/index.php\\\/2025\\\/07\\\/tatanka-abordo-pela-ria-formosa-acontece-de-24-a-27-de-julho-ao-anoitecer-nas-ilhas-da-capital-algarvia\\\/cultura\\\/07\\\/20\\\/\"]}]},{\"@type\":\"ImageObject\",\"inLanguage\":\"pt-PT\",\"@id\":\"https:\\\/\\\/algarve7.pt\\\/index.php\\\/2025\\\/07\\\/tatanka-abordo-pela-ria-formosa-acontece-de-24-a-27-de-julho-ao-anoitecer-nas-ilhas-da-capital-algarvia\\\/cultura\\\/07\\\/20\\\/#primaryimage\",\"url\":\"https:\\\/\\\/algarve7.pt\\\/wp-content\\\/uploads\\\/2025\\\/07\\\/Captura-de-ecra-2025-07-22-as-10.44.02.png\",\"contentUrl\":\"https:\\\/\\\/algarve7.pt\\\/wp-content\\\/uploads\\\/2025\\\/07\\\/Captura-de-ecra-2025-07-22-as-10.44.02.png\",\"width\":800,\"height\":500},{\"@type\":\"BreadcrumbList\",\"@id\":\"https:\\\/\\\/algarve7.pt\\\/index.php\\\/2025\\\/07\\\/tatanka-abordo-pela-ria-formosa-acontece-de-24-a-27-de-julho-ao-anoitecer-nas-ilhas-da-capital-algarvia\\\/cultura\\\/07\\\/20\\\/#breadcrumb\",\"itemListElement\":[{\"@type\":\"ListItem\",\"position\":1,\"name\":\"In\u00edcio\",\"item\":\"https:\\\/\\\/algarve7.pt\\\/\"},{\"@type\":\"ListItem\",\"position\":2,\"name\":\"Tatanka abordo pela ria formosa, acontece de 24 a 27 de julho, ao anoitecer nas ilhas da capital algarvia\u00a0\"}]},{\"@type\":\"WebSite\",\"@id\":\"https:\\\/\\\/algarve7.pt\\\/#website\",\"url\":\"https:\\\/\\\/algarve7.pt\\\/\",\"name\":\"Algarve 7\",\"description\":\"Informa\u00e7\u00e3o sobre o Algarve\",\"publisher\":{\"@id\":\"https:\\\/\\\/algarve7.pt\\\/#organization\"},\"potentialAction\":[{\"@type\":\"SearchAction\",\"target\":{\"@type\":\"EntryPoint\",\"urlTemplate\":\"https:\\\/\\\/algarve7.pt\\\/?s={search_term_string}\"},\"query-input\":{\"@type\":\"PropertyValueSpecification\",\"valueRequired\":true,\"valueName\":\"search_term_string\"}}],\"inLanguage\":\"pt-PT\"},{\"@type\":\"Organization\",\"@id\":\"https:\\\/\\\/algarve7.pt\\\/#organization\",\"name\":\"Algarve 7\",\"url\":\"https:\\\/\\\/algarve7.pt\\\/\",\"logo\":{\"@type\":\"ImageObject\",\"inLanguage\":\"pt-PT\",\"@id\":\"https:\\\/\\\/algarve7.pt\\\/#\\\/schema\\\/logo\\\/image\\\/\",\"url\":\"https:\\\/\\\/algarve7.pt\\\/wp-content\\\/uploads\\\/2020\\\/10\\\/Logo-8.jpg\",\"contentUrl\":\"https:\\\/\\\/algarve7.pt\\\/wp-content\\\/uploads\\\/2020\\\/10\\\/Logo-8.jpg\",\"width\":1680,\"height\":1186,\"caption\":\"Algarve 7\"},\"image\":{\"@id\":\"https:\\\/\\\/algarve7.pt\\\/#\\\/schema\\\/logo\\\/image\\\/\"},\"sameAs\":[\"https:\\\/\\\/www.facebook.com\\\/algarve7\",\"https:\\\/\\\/x.com\\\/Algarvesete\",\"https:\\\/\\\/www.instagram.com\\\/jornalalgarve7\\\/\",\"https:\\\/\\\/www.linkedin.com\\\/company\\\/algarve7\",\"https:\\\/\\\/www.pinterest.pt\\\/geral0939\\\/_created\\\/\"]},{\"@type\":\"Person\",\"@id\":\"https:\\\/\\\/algarve7.pt\\\/#\\\/schema\\\/person\\\/23fa70681308e7b319a3204bcea45e0c\",\"name\":\"Algarve 7\",\"sameAs\":[\"https:\\\/\\\/algarve7.pt\",\"https:\\\/\\\/www.facebook.com\\\/algarve7\"],\"url\":\"https:\\\/\\\/algarve7.pt\\\/index.php\\\/author\\\/geralalgarve7-pt\\\/\"}]}<\/script>\n<!-- \/ Yoast SEO plugin. -->","yoast_head_json":{"title":"Tatanka abordo pela ria formosa, acontece de 24 a 27 de julho, ao anoitecer nas ilhas da capital algarvia\u00a0 - Algarve 7","description":"Tatanka abordo pela ria formosa, acontece de 24 a 27 de julho, ao anoitecer nas ilhas da capital algarvia\u00a0 Cultura","robots":{"index":"index","follow":"follow","max-snippet":"max-snippet:-1","max-image-preview":"max-image-preview:large","max-video-preview":"max-video-preview:-1"},"canonical":"https:\/\/algarve7.pt\/index.php\/2025\/07\/tatanka-abordo-pela-ria-formosa-acontece-de-24-a-27-de-julho-ao-anoitecer-nas-ilhas-da-capital-algarvia\/cultura\/07\/20\/","og_locale":"pt_PT","og_type":"article","og_title":"Tatanka abordo pela ria formosa, acontece de 24 a 27 de julho, ao anoitecer nas ilhas da capital algarvia\u00a0 - Algarve 7","og_description":"Tatanka abordo pela ria formosa, acontece de 24 a 27 de julho, ao anoitecer nas ilhas da capital algarvia\u00a0 Cultura","og_url":"https:\/\/algarve7.pt\/index.php\/2025\/07\/tatanka-abordo-pela-ria-formosa-acontece-de-24-a-27-de-julho-ao-anoitecer-nas-ilhas-da-capital-algarvia\/cultura\/07\/20\/","og_site_name":"Algarve 7","article_publisher":"https:\/\/www.facebook.com\/algarve7","article_author":"https:\/\/www.facebook.com\/algarve7","article_published_time":"2025-07-23T06:20:00+00:00","og_image":[{"width":800,"height":500,"url":"https:\/\/algarve7.pt\/wp-content\/uploads\/2025\/07\/Captura-de-ecra-2025-07-22-as-10.44.02.png","type":"image\/png"}],"author":"Algarve 7","twitter_card":"summary_large_image","twitter_creator":"@Algarvesete","twitter_site":"@Algarvesete","twitter_misc":{"Escrito por":"Algarve 7","Tempo estimado de leitura":"2 minutos"},"schema":{"@context":"https:\/\/schema.org","@graph":[{"@type":"Article","@id":"https:\/\/algarve7.pt\/index.php\/2025\/07\/tatanka-abordo-pela-ria-formosa-acontece-de-24-a-27-de-julho-ao-anoitecer-nas-ilhas-da-capital-algarvia\/cultura\/07\/20\/#article","isPartOf":{"@id":"https:\/\/algarve7.pt\/index.php\/2025\/07\/tatanka-abordo-pela-ria-formosa-acontece-de-24-a-27-de-julho-ao-anoitecer-nas-ilhas-da-capital-algarvia\/cultura\/07\/20\/"},"author":{"name":"Algarve 7","@id":"https:\/\/algarve7.pt\/#\/schema\/person\/23fa70681308e7b319a3204bcea45e0c"},"headline":"Tatanka abordo pela ria formosa, acontece de 24 a 27 de julho, ao anoitecer nas ilhas da capital algarvia\u00a0","datePublished":"2025-07-23T06:20:00+00:00","mainEntityOfPage":{"@id":"https:\/\/algarve7.pt\/index.php\/2025\/07\/tatanka-abordo-pela-ria-formosa-acontece-de-24-a-27-de-julho-ao-anoitecer-nas-ilhas-da-capital-algarvia\/cultura\/07\/20\/"},"wordCount":277,"publisher":{"@id":"https:\/\/algarve7.pt\/#organization"},"image":{"@id":"https:\/\/algarve7.pt\/index.php\/2025\/07\/tatanka-abordo-pela-ria-formosa-acontece-de-24-a-27-de-julho-ao-anoitecer-nas-ilhas-da-capital-algarvia\/cultura\/07\/20\/#primaryimage"},"thumbnailUrl":"https:\/\/algarve7.pt\/wp-content\/uploads\/2025\/07\/Captura-de-ecra-2025-07-22-as-10.44.02.png","keywords":["Algarve","Cultura","Faro"],"articleSection":["Cultura"],"inLanguage":"pt-PT"},{"@type":"WebPage","@id":"https:\/\/algarve7.pt\/index.php\/2025\/07\/tatanka-abordo-pela-ria-formosa-acontece-de-24-a-27-de-julho-ao-anoitecer-nas-ilhas-da-capital-algarvia\/cultura\/07\/20\/","url":"https:\/\/algarve7.pt\/index.php\/2025\/07\/tatanka-abordo-pela-ria-formosa-acontece-de-24-a-27-de-julho-ao-anoitecer-nas-ilhas-da-capital-algarvia\/cultura\/07\/20\/","name":"Tatanka abordo pela ria formosa, acontece de 24 a 27 de julho, ao anoitecer nas ilhas da capital algarvia\u00a0 - Algarve 7","isPartOf":{"@id":"https:\/\/algarve7.pt\/#website"},"primaryImageOfPage":{"@id":"https:\/\/algarve7.pt\/index.php\/2025\/07\/tatanka-abordo-pela-ria-formosa-acontece-de-24-a-27-de-julho-ao-anoitecer-nas-ilhas-da-capital-algarvia\/cultura\/07\/20\/#primaryimage"},"image":{"@id":"https:\/\/algarve7.pt\/index.php\/2025\/07\/tatanka-abordo-pela-ria-formosa-acontece-de-24-a-27-de-julho-ao-anoitecer-nas-ilhas-da-capital-algarvia\/cultura\/07\/20\/#primaryimage"},"thumbnailUrl":"https:\/\/algarve7.pt\/wp-content\/uploads\/2025\/07\/Captura-de-ecra-2025-07-22-as-10.44.02.png","datePublished":"2025-07-23T06:20:00+00:00","description":"Tatanka abordo pela ria formosa, acontece de 24 a 27 de julho, ao anoitecer nas ilhas da capital algarvia\u00a0 Cultura","breadcrumb":{"@id":"https:\/\/algarve7.pt\/index.php\/2025\/07\/tatanka-abordo-pela-ria-formosa-acontece-de-24-a-27-de-julho-ao-anoitecer-nas-ilhas-da-capital-algarvia\/cultura\/07\/20\/#breadcrumb"},"inLanguage":"pt-PT","potentialAction":[{"@type":"ReadAction","target":["https:\/\/algarve7.pt\/index.php\/2025\/07\/tatanka-abordo-pela-ria-formosa-acontece-de-24-a-27-de-julho-ao-anoitecer-nas-ilhas-da-capital-algarvia\/cultura\/07\/20\/"]}]},{"@type":"ImageObject","inLanguage":"pt-PT","@id":"https:\/\/algarve7.pt\/index.php\/2025\/07\/tatanka-abordo-pela-ria-formosa-acontece-de-24-a-27-de-julho-ao-anoitecer-nas-ilhas-da-capital-algarvia\/cultura\/07\/20\/#primaryimage","url":"https:\/\/algarve7.pt\/wp-content\/uploads\/2025\/07\/Captura-de-ecra-2025-07-22-as-10.44.02.png","contentUrl":"https:\/\/algarve7.pt\/wp-content\/uploads\/2025\/07\/Captura-de-ecra-2025-07-22-as-10.44.02.png","width":800,"height":500},{"@type":"BreadcrumbList","@id":"https:\/\/algarve7.pt\/index.php\/2025\/07\/tatanka-abordo-pela-ria-formosa-acontece-de-24-a-27-de-julho-ao-anoitecer-nas-ilhas-da-capital-algarvia\/cultura\/07\/20\/#breadcrumb","itemListElement":[{"@type":"ListItem","position":1,"name":"In\u00edcio","item":"https:\/\/algarve7.pt\/"},{"@type":"ListItem","position":2,"name":"Tatanka abordo pela ria formosa, acontece de 24 a 27 de julho, ao anoitecer nas ilhas da capital algarvia\u00a0"}]},{"@type":"WebSite","@id":"https:\/\/algarve7.pt\/#website","url":"https:\/\/algarve7.pt\/","name":"Algarve 7","description":"Informa\u00e7\u00e3o sobre o Algarve","publisher":{"@id":"https:\/\/algarve7.pt\/#organization"},"potentialAction":[{"@type":"SearchAction","target":{"@type":"EntryPoint","urlTemplate":"https:\/\/algarve7.pt\/?s={search_term_string}"},"query-input":{"@type":"PropertyValueSpecification","valueRequired":true,"valueName":"search_term_string"}}],"inLanguage":"pt-PT"},{"@type":"Organization","@id":"https:\/\/algarve7.pt\/#organization","name":"Algarve 7","url":"https:\/\/algarve7.pt\/","logo":{"@type":"ImageObject","inLanguage":"pt-PT","@id":"https:\/\/algarve7.pt\/#\/schema\/logo\/image\/","url":"https:\/\/algarve7.pt\/wp-content\/uploads\/2020\/10\/Logo-8.jpg","contentUrl":"https:\/\/algarve7.pt\/wp-content\/uploads\/2020\/10\/Logo-8.jpg","width":1680,"height":1186,"caption":"Algarve 7"},"image":{"@id":"https:\/\/algarve7.pt\/#\/schema\/logo\/image\/"},"sameAs":["https:\/\/www.facebook.com\/algarve7","https:\/\/x.com\/Algarvesete","https:\/\/www.instagram.com\/jornalalgarve7\/","https:\/\/www.linkedin.com\/company\/algarve7","https:\/\/www.pinterest.pt\/geral0939\/_created\/"]},{"@type":"Person","@id":"https:\/\/algarve7.pt\/#\/schema\/person\/23fa70681308e7b319a3204bcea45e0c","name":"Algarve 7","sameAs":["https:\/\/algarve7.pt","https:\/\/www.facebook.com\/algarve7"],"url":"https:\/\/algarve7.pt\/index.php\/author\/geralalgarve7-pt\/"}]}},"jetpack_publicize_connections":[],"jetpack_featured_media_url":"https:\/\/algarve7.pt\/wp-content\/uploads\/2025\/07\/Captura-de-ecra-2025-07-22-as-10.44.02.png","jetpack_shortlink":"https:\/\/wp.me\/pcezmW-dH4","jetpack_sharing_enabled":true,"_links":{"self":[{"href":"https:\/\/algarve7.pt\/index.php\/wp-json\/wp\/v2\/posts\/52642","targetHints":{"allow":["GET"]}}],"collection":[{"href":"https:\/\/algarve7.pt\/index.php\/wp-json\/wp\/v2\/posts"}],"about":[{"href":"https:\/\/algarve7.pt\/index.php\/wp-json\/wp\/v2\/types\/post"}],"author":[{"embeddable":true,"href":"https:\/\/algarve7.pt\/index.php\/wp-json\/wp\/v2\/users\/1"}],"replies":[{"embeddable":true,"href":"https:\/\/algarve7.pt\/index.php\/wp-json\/wp\/v2\/comments?post=52642"}],"version-history":[{"count":0,"href":"https:\/\/algarve7.pt\/index.php\/wp-json\/wp\/v2\/posts\/52642\/revisions"}],"wp:featuredmedia":[{"embeddable":true,"href":"https:\/\/algarve7.pt\/index.php\/wp-json\/wp\/v2\/media\/52643"}],"wp:attachment":[{"href":"https:\/\/algarve7.pt\/index.php\/wp-json\/wp\/v2\/media?parent=52642"}],"wp:term":[{"taxonomy":"category","embeddable":true,"href":"https:\/\/algarve7.pt\/index.php\/wp-json\/wp\/v2\/categories?post=52642"},{"taxonomy":"post_tag","embeddable":true,"href":"https:\/\/algarve7.pt\/index.php\/wp-json\/wp\/v2\/tags?post=52642"}],"curies":[{"name":"wp","href":"https:\/\/api.w.org\/{rel}","templated":true}]}}