{"id":52596,"date":"2025-07-20T11:20:00","date_gmt":"2025-07-20T10:20:00","guid":{"rendered":"https:\/\/algarve7.pt\/?p=52596"},"modified":"2025-07-19T11:41:21","modified_gmt":"2025-07-19T10:41:21","slug":"feira-da-serra-de-sao-bras-de-alportel-adoca-o-verao-algarvio-com-o-sabor-da-tradicao-e-da-inovacao","status":"publish","type":"post","link":"https:\/\/algarve7.pt\/index.php\/2025\/07\/feira-da-serra-de-sao-bras-de-alportel-adoca-o-verao-algarvio-com-o-sabor-da-tradicao-e-da-inovacao\/cultura\/11\/20\/","title":{"rendered":"Feira da Serra de S\u00e3o Br\u00e1s de Alportel ado\u00e7a o ver\u00e3o algarvio com o sabor da tradi\u00e7\u00e3o e da inova\u00e7\u00e3o"},"content":{"rendered":"\n<p><strong>\u201cTemos aqui todos os motivos para nos virem visitar\u201d de 24 a 27 de julho na Feira da Serra, garantiu o presidente da C\u00e2mara Municipal de S\u00e3o Br\u00e1s de Alportel, Vitor Guerreiro, durante a confer\u00eancia de imprensa de apresenta\u00e7\u00e3o da edi\u00e7\u00e3o de 2025 deste certame que j\u00e1 tem lugar de destaque no calend\u00e1rio de eventos de ver\u00e3o do Algarve.<\/strong><\/p>\n\n\n\n<p>Um evento \u201ccompletamente diferenciador\u201d com propostas para todas as idades e prefer\u00eancias, onde o visitante tem oportunidade de conhecer a cultura, as tradi\u00e7\u00f5es, as artes e of\u00edcios, a potencialidade do territ\u00f3rio, das suas gentes e dos seus empreendedores, assim como produtos genu\u00ednos de grande qualidade, explicou Vitor Guerreiro aos jornalistas destacando ainda a forma como toda a comunidade se envolve de forma intensa para a concretiza\u00e7\u00e3o deste evento que j\u00e1 conta com mais de tr\u00eas d\u00e9cadas.<\/p>\n\n\n\n<p>Entre 24 e 27 de julho, a Feira da Serra de S\u00e3o Br\u00e1s de Alportel volta a abrir portas para dar a conhecer a ess\u00eancia do Algarve, numa ponte entre a tradi\u00e7\u00e3o e a inova\u00e7\u00e3o, com muita anima\u00e7\u00e3o \u00e0 mistura e com Matias Dam\u00e1sio (24 jul), Emanuel (25 jul), Pedro Abrunhosa (26 jul) e Carolina Deslandes (27 jul) no Grande Palco, que a cada noite \u00e9 aberto por uma banda com ADN s\u00e3o-brasense.<\/p>\n\n\n\n<p>Nesta edi\u00e7\u00e3o, o mel \u00e9 o produto em destaque, com rela\u00e7\u00e3o \u00edntima com o Algarve, com a sua cultura e a sua gastronomia e que inspira os 22 espa\u00e7os tem\u00e1ticos distribu\u00eddos pelos mais de quatro hectares do recinto, localizado na Escola EB 2,3 Poeta Bernardo de Passos.<\/p>\n\n\n\n<p>Um evento \u00e2ncora do concelho, com impacto direto e indireto na economia local durante o certame e ao longo de todo o ano, explicou Vitor Guerreiro, motivo que justifica o empenho do Munic\u00edpio ano ap\u00f3s ano.<\/p>\n\n\n\n<p><strong>A ponte perfeita entre a tradi\u00e7\u00e3o, a juventude e a inova\u00e7\u00e3o<\/strong><\/p>\n\n\n\n<p>A Presidente da Comiss\u00e3o Organizadora e Vice-Presidente da C\u00e2mara Municipal, Marlene Guerreiro, destacou como uma das grandes conquistas deste evento o facto de cada vez mais suscitar o interesse das empresas que reconhecem o potencial e a qualidade do evento e nele querem marcar presen\u00e7a. Esse interesse fez nascer um novo espa\u00e7o tem\u00e1tico no recinto: a Serra Tech. Um espa\u00e7o onde a tecnologia, a inova\u00e7\u00e3o e o empreendedorismo andam lado-a-lado e cujas empresas provam que \u00e9 poss\u00edvel empreender e investir no interior algarvio com conhecimento e vis\u00e3o de futuro.<\/p>\n\n\n\n<p>Outra das novidades deste ano \u00e9 o projeto \u201cSopa da Serra\u201d que vai oferecer op\u00e7\u00f5es gastron\u00f3micas aos visitantes com diferentes necessidades ou regimes alimentares.<\/p>\n\n\n\n<p>&nbsp;\u201cUma feira com mais de tr\u00eas d\u00e9cadas \u00e9 muito feliz quando os jovens mostram cada vez mais interesse, se envolvem e a sentem como sua\u201d vincou Marlene Guerreiro destacando a intergeracionalidade deste evento que conta com um grande envolvimento dos jovens, como visitantes , mas tamb\u00e9m como participantes nos diversos projetos que lhes d\u00e3o palco e atrav\u00e9s do Programa de Voluntariado Jovem que continua a bater recordes de participantes com mais de 100 jovens na prepara\u00e7\u00e3o do certame nas mais diversas tarefas e a\u00e7\u00f5es de divulga\u00e7\u00e3o, promo\u00e7\u00e3o, montagem e at\u00e9 com projetos criativos.<\/p>\n\n\n\n<p>Desde 2023, a Feira da Serra conta com a Banda Feira da Serra Jovem que d\u00e1 oportunidade aos jovens s\u00e3o-brasenses para subirem ao palco pela primeira vez acompanhados por uma banda coordenada por Ricardo Silva.&nbsp;<\/p>\n\n\n\n<p>Este ano, vamos ter oportunidade de conhecer um dos resultados deste projeto com a apresenta\u00e7\u00e3o de um videoclipe de Oliver Sean que, no ano passado, apadrinhou a Banda da Feira da Serra e que gravou uma m\u00fasica sua com jovens talentos s\u00e3o-brasenses. Cantor, compositor e produtor musical Luso-americano, Oliver Sean j\u00e1 foi nomeado para os MTV EMA, com v\u00e1rios \u00eaxitos no top 10 da Billboard World Charts, \u00e9 fundador do WOA Entertainment Group, uma editora que apoia artistas independentes em todo o mundo e \u00e9 membro votante dos Grammy h\u00e1 mais de uma d\u00e9cada e mentor dos Grammy U.&nbsp;<\/p>\n\n\n\n<p><strong>Aposta na Seguran\u00e7a e na Acessibilidade<\/strong><\/p>\n\n\n\n<p>A Presidente da Comiss\u00e3o Organizadora da Feira da Serra partilhou ainda outras conquistas da Feira da Serra \u201ccada vez mais acess\u00edvel e mais segura\u201d, \u201catenta \u00e0s necessidades dos seus visitantes e sempre a tentar proporcionar a melhor experi\u00eancia a todos quantos entram no recinto. Continuamos a apostar na melhoria do recinto para que seja acess\u00edvel a todos\u201d.&nbsp;<\/p>\n\n\n\n<p>Neste sentido, o Vereador David Gon\u00e7alves explicou que para esta edi\u00e7\u00e3o houve um refor\u00e7o tanto ao n\u00edvel de elementos no recinto e da articula\u00e7\u00e3o com as for\u00e7as de seguran\u00e7a p\u00fablica,&nbsp;&nbsp;como ao n\u00edvel da comunica\u00e7\u00e3o de seguran\u00e7a e planos de emerg\u00eancia junto dos visitantes e, ainda, com a manuten\u00e7\u00e3o de desfibrilhadores no recinto, a unidade de primeiros socorros e um novo posto de comando da Prote\u00e7\u00e3o Civil.<\/p>\n\n\n\n<p>Importa ainda destacar que a Feira da Serra de S\u00e3o Br\u00e1s de Alportel continua a pautar-se como um evento acess\u00edvel para todos os cidad\u00e3os, mantendo a parceria com entidades locais para acolher as pessoas com dificuldades de locomo\u00e7\u00e3o e ajud\u00e1-las a tirar o melhor partido de todas as experi\u00eancias.&nbsp;<\/p>\n\n\n\n<p>Exemplo disso, \u00e9 a zona reservada junto ao Grande Palco para que os visitantes com dificuldades motoras, visuais ou auditivas possam assistir aos espet\u00e1culos com maior comodidade.&nbsp;<\/p>\n\n\n\n<p>Durante a sua interven\u00e7\u00e3o, o vereador aproveitou para fazer um reconhecimento p\u00fablico do esfor\u00e7o e empenho de todos os colaboradores do Munic\u00edpio que, nas suas mais diversas \u00e1reas de atua\u00e7\u00e3o, d\u00e3o contributos imprescind\u00edveis para que este evento possa continuar a ter a sua din\u00e2mica e receber da melhor forma os seus visitantes.<\/p>\n\n\n\n<p><strong>Feira da Serra 2025| Sensibiliza\u00e7\u00e3o ambiental com toda a do\u00e7ura do mel<\/strong><\/p>\n\n\n\n<p>O mel \u00e9 convidado especial desta edi\u00e7\u00e3o e juntamente com as abelhas e a atividade apicultora inspira esta edi\u00e7\u00e3o.<\/p>\n\n\n\n<p>Os visitantes v\u00e3o ter oportunidade de conhecer projetos, empresas e ideias empreendedoras ligadas ao que de mais tradicional o territ\u00f3rio algarvio tem para dar. A Feira da Serra continua a manter a tradi\u00e7\u00e3o e a procurar valorizar os saberes, os sabores e a cultura da Serra Algarvia e este ano vai ter a sua \u201cAldeia Serrana\u201d e o \u201cEncontro de Of\u00edcios\u201d ainda mais animados com mais artes\u00e3os a trabalhar ao vivo.<\/p>\n\n\n\n<p>Pelo Palco Sabores v\u00e3o passar diversas demonstra\u00e7\u00f5es gastron\u00f3micas e apresenta\u00e7\u00f5es de projetos interessantes e inovadores inspirados no mel, que prometem dar a conhecer todo o seu potencial no \u201cS\u00edtio do Mel\u201d.<\/p>\n\n\n\n<p>Convidados para a Confer\u00eancia de Imprensa, o presidente da Associa\u00e7\u00e3o de Apicultores do Sotavento Algarvio, Manuel Francisco Dias, e o t\u00e9cnico desta associa\u00e7\u00e3o, Paulo Ventura, afirmaram que a escolha do tema do mel para esta edi\u00e7\u00e3o da Feira da Serra \u00e9 muito importante porque oferece uma oportunidade para proporcionar educa\u00e7\u00e3o ambiental e explicar a import\u00e2ncia das abelhas para a sobreviv\u00eancia do nosso planeta e todos os seus contributos a v\u00e1rios n\u00edveis como por exemplo alimentar e terap\u00eautico. \u00c9 tamb\u00e9m uma oportunidade para dar a conhecer os desafios que as abelhas enfrentam no dia-a-dia e promover a reflex\u00e3o sobre a forma como todos podem ajudar as abelhas e o planeta, ao mesmo tempo que promove a atividade dos apicultores que s\u00e3o verdadeiros guardi\u00f5es destas guerreiras da natureza.<\/p>\n\n\n\n<p><strong>A liga\u00e7\u00e3o pessoas e animais \u00e9 especial na Feira da Serra 2025<\/strong><\/p>\n\n\n\n<p>Muito mais que um festival de artesanato e gastronomia ou de um cartaz de anima\u00e7\u00e3o, a Feira da Serra procura, ano ap\u00f3s ano, proporcionar uma experi\u00eancia inesquec\u00edvel aos seus visitantes com anima\u00e7\u00e3o para toda a fam\u00edlia numa diversidade de espa\u00e7os e atividades para todos.<\/p>\n\n\n\n<p>Exemplo disso, \u00e9 o S\u00edtio dos Curiosos onde os mais novos v\u00e3o ter muitas surpresas e divertidas atividades l\u00fadicas para experimentar, ou ainda o s\u00edtio dos animais, dinamizado pelo Centro de Interpreta\u00e7\u00e3o e Educa\u00e7\u00e3o Ambiental \u2013 Quinta do Peral que contar\u00e1 com v\u00e1rias esp\u00e9cies aut\u00f3ctones do territ\u00f3rio algarvio. Para os mais jovens fica a sugest\u00e3o para visitarem a capoeira onde v\u00e3o nascer pintainhos!<\/p>\n\n\n\n<p>O Picadeiro abre diariamente com as sess\u00f5es de batismo de equita\u00e7\u00e3o para crian\u00e7as seguidas de espet\u00e1culos equestres.<\/p>\n\n\n\n<p>O Palco Patudos est\u00e1 de volta com demonstra\u00e7\u00f5es de treino de obedi\u00eancia canina da Associa\u00e7\u00e3o Algharbravo e outras atua\u00e7\u00f5es com os melhores amigos do Homem!<\/p>\n\n\n\n<p><strong>Feira da Serra | Um motor de valoriza\u00e7\u00e3o do interior algarvio<\/strong><\/p>\n\n\n\n<p>Assumindo-se naturalmente, ano ap\u00f3s ano, como um motor promotor do interior algarvio, a Feira da Serra conta com um cartaz para o Grande Palco totalmente nacional e que este ano se prepara para receber os concertos de Matias Dam\u00e1sio (24 jul), Emanuel (25 jul), Pedro Abrulhosa (26 jul) e Carolina Deslandes (27 jul).&nbsp;<\/p>\n\n\n\n<p>As portas da Feira da Serra de S\u00e3o Br\u00e1s de Alportel abrem diariamente \u00e0s 19h00 e os bilhetes podem ser adquiridos no recinto a partir das 18h30, ou antecipadamente na Meo Blueticket e nos dias \u00fateis na Tesouraria da C\u00e2mara Municipal. A par dos bilhetes di\u00e1rios \u00e9 poss\u00edvel adquirir pacotes de bilhetes&nbsp;&nbsp;de 3 ou 4 dias e familiares, com descontos convidativos.<\/p>\n","protected":false},"excerpt":{"rendered":"<p>\u201cTemos aqui todos os motivos para nos virem visitar\u201d de 24 a 27 de julho na Feira da Serra, garantiu<\/p>\n","protected":false},"author":1,"featured_media":52597,"comment_status":"closed","ping_status":"closed","sticky":false,"template":"","format":"standard","meta":{"colormag_page_container_layout":"default_layout","colormag_page_sidebar_layout":"default_layout","_monsterinsights_skip_tracking":false,"_monsterinsights_sitenote_active":false,"_monsterinsights_sitenote_note":"","_monsterinsights_sitenote_category":0,"jetpack_post_was_ever_published":false,"_jetpack_newsletter_access":"","_jetpack_dont_email_post_to_subs":false,"_jetpack_newsletter_tier_id":0,"_jetpack_memberships_contains_paywalled_content":false,"_jetpack_memberships_contains_paid_content":false,"footnotes":"","jetpack_publicize_message":"","jetpack_publicize_feature_enabled":true,"jetpack_social_post_already_shared":false,"jetpack_social_options":{"image_generator_settings":{"template":"highway","default_image_id":0,"font":"","enabled":false},"version":2}},"categories":[14],"tags":[36,35,63],"class_list":["post-52596","post","type-post","status-publish","format-standard","has-post-thumbnail","hentry","category-cultura","tag-algarve","tag-cultura","tag-sao-bras-de-alportel"],"yoast_head":"<!-- This site is optimized with the Yoast SEO plugin v27.5 - https:\/\/yoast.com\/product\/yoast-seo-wordpress\/ -->\n<title>Feira da Serra de S\u00e3o Br\u00e1s de Alportel ado\u00e7a o ver\u00e3o algarvio com o sabor da tradi\u00e7\u00e3o e da inova\u00e7\u00e3o - Algarve 7<\/title>\n<meta name=\"description\" content=\"Feira da Serra de S\u00e3o Br\u00e1s de Alportel ado\u00e7a o ver\u00e3o algarvio com o sabor da tradi\u00e7\u00e3o e da inova\u00e7\u00e3o Cultura\" \/>\n<meta name=\"robots\" content=\"index, follow, max-snippet:-1, max-image-preview:large, max-video-preview:-1\" \/>\n<link rel=\"canonical\" href=\"https:\/\/algarve7.pt\/index.php\/2025\/07\/feira-da-serra-de-sao-bras-de-alportel-adoca-o-verao-algarvio-com-o-sabor-da-tradicao-e-da-inovacao\/cultura\/11\/20\/\" \/>\n<meta property=\"og:locale\" content=\"pt_PT\" \/>\n<meta property=\"og:type\" content=\"article\" \/>\n<meta property=\"og:title\" content=\"Feira da Serra de S\u00e3o Br\u00e1s de Alportel ado\u00e7a o ver\u00e3o algarvio com o sabor da tradi\u00e7\u00e3o e da inova\u00e7\u00e3o - Algarve 7\" \/>\n<meta property=\"og:description\" content=\"Feira da Serra de S\u00e3o Br\u00e1s de Alportel ado\u00e7a o ver\u00e3o algarvio com o sabor da tradi\u00e7\u00e3o e da inova\u00e7\u00e3o Cultura\" \/>\n<meta property=\"og:url\" content=\"https:\/\/algarve7.pt\/index.php\/2025\/07\/feira-da-serra-de-sao-bras-de-alportel-adoca-o-verao-algarvio-com-o-sabor-da-tradicao-e-da-inovacao\/cultura\/11\/20\/\" \/>\n<meta property=\"og:site_name\" content=\"Algarve 7\" \/>\n<meta property=\"article:publisher\" content=\"https:\/\/www.facebook.com\/algarve7\" \/>\n<meta property=\"article:author\" content=\"https:\/\/www.facebook.com\/algarve7\" \/>\n<meta property=\"article:published_time\" content=\"2025-07-20T10:20:00+00:00\" \/>\n<meta property=\"og:image\" content=\"https:\/\/algarve7.pt\/wp-content\/uploads\/2025\/07\/Apresentacao-da-Feira-da-Serra-em-SBA-17-07-2025-13.jpg\" \/>\n\t<meta property=\"og:image:width\" content=\"800\" \/>\n\t<meta property=\"og:image:height\" content=\"500\" \/>\n\t<meta property=\"og:image:type\" content=\"image\/jpeg\" \/>\n<meta name=\"author\" content=\"Algarve 7\" \/>\n<meta name=\"twitter:card\" content=\"summary_large_image\" \/>\n<meta name=\"twitter:creator\" content=\"@Algarvesete\" \/>\n<meta name=\"twitter:site\" content=\"@Algarvesete\" \/>\n<meta name=\"twitter:label1\" content=\"Escrito por\" \/>\n\t<meta name=\"twitter:data1\" content=\"Algarve 7\" \/>\n\t<meta name=\"twitter:label2\" content=\"Tempo estimado de leitura\" \/>\n\t<meta name=\"twitter:data2\" content=\"9 minutos\" \/>\n<script type=\"application\/ld+json\" class=\"yoast-schema-graph\">{\"@context\":\"https:\\\/\\\/schema.org\",\"@graph\":[{\"@type\":\"Article\",\"@id\":\"https:\\\/\\\/algarve7.pt\\\/index.php\\\/2025\\\/07\\\/feira-da-serra-de-sao-bras-de-alportel-adoca-o-verao-algarvio-com-o-sabor-da-tradicao-e-da-inovacao\\\/cultura\\\/11\\\/20\\\/#article\",\"isPartOf\":{\"@id\":\"https:\\\/\\\/algarve7.pt\\\/index.php\\\/2025\\\/07\\\/feira-da-serra-de-sao-bras-de-alportel-adoca-o-verao-algarvio-com-o-sabor-da-tradicao-e-da-inovacao\\\/cultura\\\/11\\\/20\\\/\"},\"author\":{\"name\":\"Algarve 7\",\"@id\":\"https:\\\/\\\/algarve7.pt\\\/#\\\/schema\\\/person\\\/23fa70681308e7b319a3204bcea45e0c\"},\"headline\":\"Feira da Serra de S\u00e3o Br\u00e1s de Alportel ado\u00e7a o ver\u00e3o algarvio com o sabor da tradi\u00e7\u00e3o e da inova\u00e7\u00e3o\",\"datePublished\":\"2025-07-20T10:20:00+00:00\",\"mainEntityOfPage\":{\"@id\":\"https:\\\/\\\/algarve7.pt\\\/index.php\\\/2025\\\/07\\\/feira-da-serra-de-sao-bras-de-alportel-adoca-o-verao-algarvio-com-o-sabor-da-tradicao-e-da-inovacao\\\/cultura\\\/11\\\/20\\\/\"},\"wordCount\":1602,\"publisher\":{\"@id\":\"https:\\\/\\\/algarve7.pt\\\/#organization\"},\"image\":{\"@id\":\"https:\\\/\\\/algarve7.pt\\\/index.php\\\/2025\\\/07\\\/feira-da-serra-de-sao-bras-de-alportel-adoca-o-verao-algarvio-com-o-sabor-da-tradicao-e-da-inovacao\\\/cultura\\\/11\\\/20\\\/#primaryimage\"},\"thumbnailUrl\":\"https:\\\/\\\/algarve7.pt\\\/wp-content\\\/uploads\\\/2025\\\/07\\\/Apresentacao-da-Feira-da-Serra-em-SBA-17-07-2025-13.jpg\",\"keywords\":[\"Algarve\",\"Cultura\",\"S\u00e3o Br\u00e1s de Alportel\"],\"articleSection\":[\"Cultura\"],\"inLanguage\":\"pt-PT\"},{\"@type\":\"WebPage\",\"@id\":\"https:\\\/\\\/algarve7.pt\\\/index.php\\\/2025\\\/07\\\/feira-da-serra-de-sao-bras-de-alportel-adoca-o-verao-algarvio-com-o-sabor-da-tradicao-e-da-inovacao\\\/cultura\\\/11\\\/20\\\/\",\"url\":\"https:\\\/\\\/algarve7.pt\\\/index.php\\\/2025\\\/07\\\/feira-da-serra-de-sao-bras-de-alportel-adoca-o-verao-algarvio-com-o-sabor-da-tradicao-e-da-inovacao\\\/cultura\\\/11\\\/20\\\/\",\"name\":\"Feira da Serra de S\u00e3o Br\u00e1s de Alportel ado\u00e7a o ver\u00e3o algarvio com o sabor da tradi\u00e7\u00e3o e da inova\u00e7\u00e3o - Algarve 7\",\"isPartOf\":{\"@id\":\"https:\\\/\\\/algarve7.pt\\\/#website\"},\"primaryImageOfPage\":{\"@id\":\"https:\\\/\\\/algarve7.pt\\\/index.php\\\/2025\\\/07\\\/feira-da-serra-de-sao-bras-de-alportel-adoca-o-verao-algarvio-com-o-sabor-da-tradicao-e-da-inovacao\\\/cultura\\\/11\\\/20\\\/#primaryimage\"},\"image\":{\"@id\":\"https:\\\/\\\/algarve7.pt\\\/index.php\\\/2025\\\/07\\\/feira-da-serra-de-sao-bras-de-alportel-adoca-o-verao-algarvio-com-o-sabor-da-tradicao-e-da-inovacao\\\/cultura\\\/11\\\/20\\\/#primaryimage\"},\"thumbnailUrl\":\"https:\\\/\\\/algarve7.pt\\\/wp-content\\\/uploads\\\/2025\\\/07\\\/Apresentacao-da-Feira-da-Serra-em-SBA-17-07-2025-13.jpg\",\"datePublished\":\"2025-07-20T10:20:00+00:00\",\"description\":\"Feira da Serra de S\u00e3o Br\u00e1s de Alportel ado\u00e7a o ver\u00e3o algarvio com o sabor da tradi\u00e7\u00e3o e da inova\u00e7\u00e3o Cultura\",\"breadcrumb\":{\"@id\":\"https:\\\/\\\/algarve7.pt\\\/index.php\\\/2025\\\/07\\\/feira-da-serra-de-sao-bras-de-alportel-adoca-o-verao-algarvio-com-o-sabor-da-tradicao-e-da-inovacao\\\/cultura\\\/11\\\/20\\\/#breadcrumb\"},\"inLanguage\":\"pt-PT\",\"potentialAction\":[{\"@type\":\"ReadAction\",\"target\":[\"https:\\\/\\\/algarve7.pt\\\/index.php\\\/2025\\\/07\\\/feira-da-serra-de-sao-bras-de-alportel-adoca-o-verao-algarvio-com-o-sabor-da-tradicao-e-da-inovacao\\\/cultura\\\/11\\\/20\\\/\"]}]},{\"@type\":\"ImageObject\",\"inLanguage\":\"pt-PT\",\"@id\":\"https:\\\/\\\/algarve7.pt\\\/index.php\\\/2025\\\/07\\\/feira-da-serra-de-sao-bras-de-alportel-adoca-o-verao-algarvio-com-o-sabor-da-tradicao-e-da-inovacao\\\/cultura\\\/11\\\/20\\\/#primaryimage\",\"url\":\"https:\\\/\\\/algarve7.pt\\\/wp-content\\\/uploads\\\/2025\\\/07\\\/Apresentacao-da-Feira-da-Serra-em-SBA-17-07-2025-13.jpg\",\"contentUrl\":\"https:\\\/\\\/algarve7.pt\\\/wp-content\\\/uploads\\\/2025\\\/07\\\/Apresentacao-da-Feira-da-Serra-em-SBA-17-07-2025-13.jpg\",\"width\":800,\"height\":500},{\"@type\":\"BreadcrumbList\",\"@id\":\"https:\\\/\\\/algarve7.pt\\\/index.php\\\/2025\\\/07\\\/feira-da-serra-de-sao-bras-de-alportel-adoca-o-verao-algarvio-com-o-sabor-da-tradicao-e-da-inovacao\\\/cultura\\\/11\\\/20\\\/#breadcrumb\",\"itemListElement\":[{\"@type\":\"ListItem\",\"position\":1,\"name\":\"In\u00edcio\",\"item\":\"https:\\\/\\\/algarve7.pt\\\/\"},{\"@type\":\"ListItem\",\"position\":2,\"name\":\"Feira da Serra de S\u00e3o Br\u00e1s de Alportel ado\u00e7a o ver\u00e3o algarvio com o sabor da tradi\u00e7\u00e3o e da inova\u00e7\u00e3o\"}]},{\"@type\":\"WebSite\",\"@id\":\"https:\\\/\\\/algarve7.pt\\\/#website\",\"url\":\"https:\\\/\\\/algarve7.pt\\\/\",\"name\":\"Algarve 7\",\"description\":\"Informa\u00e7\u00e3o sobre o Algarve\",\"publisher\":{\"@id\":\"https:\\\/\\\/algarve7.pt\\\/#organization\"},\"potentialAction\":[{\"@type\":\"SearchAction\",\"target\":{\"@type\":\"EntryPoint\",\"urlTemplate\":\"https:\\\/\\\/algarve7.pt\\\/?s={search_term_string}\"},\"query-input\":{\"@type\":\"PropertyValueSpecification\",\"valueRequired\":true,\"valueName\":\"search_term_string\"}}],\"inLanguage\":\"pt-PT\"},{\"@type\":\"Organization\",\"@id\":\"https:\\\/\\\/algarve7.pt\\\/#organization\",\"name\":\"Algarve 7\",\"url\":\"https:\\\/\\\/algarve7.pt\\\/\",\"logo\":{\"@type\":\"ImageObject\",\"inLanguage\":\"pt-PT\",\"@id\":\"https:\\\/\\\/algarve7.pt\\\/#\\\/schema\\\/logo\\\/image\\\/\",\"url\":\"https:\\\/\\\/algarve7.pt\\\/wp-content\\\/uploads\\\/2020\\\/10\\\/Logo-8.jpg\",\"contentUrl\":\"https:\\\/\\\/algarve7.pt\\\/wp-content\\\/uploads\\\/2020\\\/10\\\/Logo-8.jpg\",\"width\":1680,\"height\":1186,\"caption\":\"Algarve 7\"},\"image\":{\"@id\":\"https:\\\/\\\/algarve7.pt\\\/#\\\/schema\\\/logo\\\/image\\\/\"},\"sameAs\":[\"https:\\\/\\\/www.facebook.com\\\/algarve7\",\"https:\\\/\\\/x.com\\\/Algarvesete\",\"https:\\\/\\\/www.instagram.com\\\/jornalalgarve7\\\/\",\"https:\\\/\\\/www.linkedin.com\\\/company\\\/algarve7\",\"https:\\\/\\\/www.pinterest.pt\\\/geral0939\\\/_created\\\/\"]},{\"@type\":\"Person\",\"@id\":\"https:\\\/\\\/algarve7.pt\\\/#\\\/schema\\\/person\\\/23fa70681308e7b319a3204bcea45e0c\",\"name\":\"Algarve 7\",\"sameAs\":[\"https:\\\/\\\/algarve7.pt\",\"https:\\\/\\\/www.facebook.com\\\/algarve7\"],\"url\":\"https:\\\/\\\/algarve7.pt\\\/index.php\\\/author\\\/geralalgarve7-pt\\\/\"}]}<\/script>\n<!-- \/ Yoast SEO plugin. -->","yoast_head_json":{"title":"Feira da Serra de S\u00e3o Br\u00e1s de Alportel ado\u00e7a o ver\u00e3o algarvio com o sabor da tradi\u00e7\u00e3o e da inova\u00e7\u00e3o - Algarve 7","description":"Feira da Serra de S\u00e3o Br\u00e1s de Alportel ado\u00e7a o ver\u00e3o algarvio com o sabor da tradi\u00e7\u00e3o e da inova\u00e7\u00e3o Cultura","robots":{"index":"index","follow":"follow","max-snippet":"max-snippet:-1","max-image-preview":"max-image-preview:large","max-video-preview":"max-video-preview:-1"},"canonical":"https:\/\/algarve7.pt\/index.php\/2025\/07\/feira-da-serra-de-sao-bras-de-alportel-adoca-o-verao-algarvio-com-o-sabor-da-tradicao-e-da-inovacao\/cultura\/11\/20\/","og_locale":"pt_PT","og_type":"article","og_title":"Feira da Serra de S\u00e3o Br\u00e1s de Alportel ado\u00e7a o ver\u00e3o algarvio com o sabor da tradi\u00e7\u00e3o e da inova\u00e7\u00e3o - Algarve 7","og_description":"Feira da Serra de S\u00e3o Br\u00e1s de Alportel ado\u00e7a o ver\u00e3o algarvio com o sabor da tradi\u00e7\u00e3o e da inova\u00e7\u00e3o Cultura","og_url":"https:\/\/algarve7.pt\/index.php\/2025\/07\/feira-da-serra-de-sao-bras-de-alportel-adoca-o-verao-algarvio-com-o-sabor-da-tradicao-e-da-inovacao\/cultura\/11\/20\/","og_site_name":"Algarve 7","article_publisher":"https:\/\/www.facebook.com\/algarve7","article_author":"https:\/\/www.facebook.com\/algarve7","article_published_time":"2025-07-20T10:20:00+00:00","og_image":[{"width":800,"height":500,"url":"https:\/\/algarve7.pt\/wp-content\/uploads\/2025\/07\/Apresentacao-da-Feira-da-Serra-em-SBA-17-07-2025-13.jpg","type":"image\/jpeg"}],"author":"Algarve 7","twitter_card":"summary_large_image","twitter_creator":"@Algarvesete","twitter_site":"@Algarvesete","twitter_misc":{"Escrito por":"Algarve 7","Tempo estimado de leitura":"9 minutos"},"schema":{"@context":"https:\/\/schema.org","@graph":[{"@type":"Article","@id":"https:\/\/algarve7.pt\/index.php\/2025\/07\/feira-da-serra-de-sao-bras-de-alportel-adoca-o-verao-algarvio-com-o-sabor-da-tradicao-e-da-inovacao\/cultura\/11\/20\/#article","isPartOf":{"@id":"https:\/\/algarve7.pt\/index.php\/2025\/07\/feira-da-serra-de-sao-bras-de-alportel-adoca-o-verao-algarvio-com-o-sabor-da-tradicao-e-da-inovacao\/cultura\/11\/20\/"},"author":{"name":"Algarve 7","@id":"https:\/\/algarve7.pt\/#\/schema\/person\/23fa70681308e7b319a3204bcea45e0c"},"headline":"Feira da Serra de S\u00e3o Br\u00e1s de Alportel ado\u00e7a o ver\u00e3o algarvio com o sabor da tradi\u00e7\u00e3o e da inova\u00e7\u00e3o","datePublished":"2025-07-20T10:20:00+00:00","mainEntityOfPage":{"@id":"https:\/\/algarve7.pt\/index.php\/2025\/07\/feira-da-serra-de-sao-bras-de-alportel-adoca-o-verao-algarvio-com-o-sabor-da-tradicao-e-da-inovacao\/cultura\/11\/20\/"},"wordCount":1602,"publisher":{"@id":"https:\/\/algarve7.pt\/#organization"},"image":{"@id":"https:\/\/algarve7.pt\/index.php\/2025\/07\/feira-da-serra-de-sao-bras-de-alportel-adoca-o-verao-algarvio-com-o-sabor-da-tradicao-e-da-inovacao\/cultura\/11\/20\/#primaryimage"},"thumbnailUrl":"https:\/\/algarve7.pt\/wp-content\/uploads\/2025\/07\/Apresentacao-da-Feira-da-Serra-em-SBA-17-07-2025-13.jpg","keywords":["Algarve","Cultura","S\u00e3o Br\u00e1s de Alportel"],"articleSection":["Cultura"],"inLanguage":"pt-PT"},{"@type":"WebPage","@id":"https:\/\/algarve7.pt\/index.php\/2025\/07\/feira-da-serra-de-sao-bras-de-alportel-adoca-o-verao-algarvio-com-o-sabor-da-tradicao-e-da-inovacao\/cultura\/11\/20\/","url":"https:\/\/algarve7.pt\/index.php\/2025\/07\/feira-da-serra-de-sao-bras-de-alportel-adoca-o-verao-algarvio-com-o-sabor-da-tradicao-e-da-inovacao\/cultura\/11\/20\/","name":"Feira da Serra de S\u00e3o Br\u00e1s de Alportel ado\u00e7a o ver\u00e3o algarvio com o sabor da tradi\u00e7\u00e3o e da inova\u00e7\u00e3o - Algarve 7","isPartOf":{"@id":"https:\/\/algarve7.pt\/#website"},"primaryImageOfPage":{"@id":"https:\/\/algarve7.pt\/index.php\/2025\/07\/feira-da-serra-de-sao-bras-de-alportel-adoca-o-verao-algarvio-com-o-sabor-da-tradicao-e-da-inovacao\/cultura\/11\/20\/#primaryimage"},"image":{"@id":"https:\/\/algarve7.pt\/index.php\/2025\/07\/feira-da-serra-de-sao-bras-de-alportel-adoca-o-verao-algarvio-com-o-sabor-da-tradicao-e-da-inovacao\/cultura\/11\/20\/#primaryimage"},"thumbnailUrl":"https:\/\/algarve7.pt\/wp-content\/uploads\/2025\/07\/Apresentacao-da-Feira-da-Serra-em-SBA-17-07-2025-13.jpg","datePublished":"2025-07-20T10:20:00+00:00","description":"Feira da Serra de S\u00e3o Br\u00e1s de Alportel ado\u00e7a o ver\u00e3o algarvio com o sabor da tradi\u00e7\u00e3o e da inova\u00e7\u00e3o Cultura","breadcrumb":{"@id":"https:\/\/algarve7.pt\/index.php\/2025\/07\/feira-da-serra-de-sao-bras-de-alportel-adoca-o-verao-algarvio-com-o-sabor-da-tradicao-e-da-inovacao\/cultura\/11\/20\/#breadcrumb"},"inLanguage":"pt-PT","potentialAction":[{"@type":"ReadAction","target":["https:\/\/algarve7.pt\/index.php\/2025\/07\/feira-da-serra-de-sao-bras-de-alportel-adoca-o-verao-algarvio-com-o-sabor-da-tradicao-e-da-inovacao\/cultura\/11\/20\/"]}]},{"@type":"ImageObject","inLanguage":"pt-PT","@id":"https:\/\/algarve7.pt\/index.php\/2025\/07\/feira-da-serra-de-sao-bras-de-alportel-adoca-o-verao-algarvio-com-o-sabor-da-tradicao-e-da-inovacao\/cultura\/11\/20\/#primaryimage","url":"https:\/\/algarve7.pt\/wp-content\/uploads\/2025\/07\/Apresentacao-da-Feira-da-Serra-em-SBA-17-07-2025-13.jpg","contentUrl":"https:\/\/algarve7.pt\/wp-content\/uploads\/2025\/07\/Apresentacao-da-Feira-da-Serra-em-SBA-17-07-2025-13.jpg","width":800,"height":500},{"@type":"BreadcrumbList","@id":"https:\/\/algarve7.pt\/index.php\/2025\/07\/feira-da-serra-de-sao-bras-de-alportel-adoca-o-verao-algarvio-com-o-sabor-da-tradicao-e-da-inovacao\/cultura\/11\/20\/#breadcrumb","itemListElement":[{"@type":"ListItem","position":1,"name":"In\u00edcio","item":"https:\/\/algarve7.pt\/"},{"@type":"ListItem","position":2,"name":"Feira da Serra de S\u00e3o Br\u00e1s de Alportel ado\u00e7a o ver\u00e3o algarvio com o sabor da tradi\u00e7\u00e3o e da inova\u00e7\u00e3o"}]},{"@type":"WebSite","@id":"https:\/\/algarve7.pt\/#website","url":"https:\/\/algarve7.pt\/","name":"Algarve 7","description":"Informa\u00e7\u00e3o sobre o Algarve","publisher":{"@id":"https:\/\/algarve7.pt\/#organization"},"potentialAction":[{"@type":"SearchAction","target":{"@type":"EntryPoint","urlTemplate":"https:\/\/algarve7.pt\/?s={search_term_string}"},"query-input":{"@type":"PropertyValueSpecification","valueRequired":true,"valueName":"search_term_string"}}],"inLanguage":"pt-PT"},{"@type":"Organization","@id":"https:\/\/algarve7.pt\/#organization","name":"Algarve 7","url":"https:\/\/algarve7.pt\/","logo":{"@type":"ImageObject","inLanguage":"pt-PT","@id":"https:\/\/algarve7.pt\/#\/schema\/logo\/image\/","url":"https:\/\/algarve7.pt\/wp-content\/uploads\/2020\/10\/Logo-8.jpg","contentUrl":"https:\/\/algarve7.pt\/wp-content\/uploads\/2020\/10\/Logo-8.jpg","width":1680,"height":1186,"caption":"Algarve 7"},"image":{"@id":"https:\/\/algarve7.pt\/#\/schema\/logo\/image\/"},"sameAs":["https:\/\/www.facebook.com\/algarve7","https:\/\/x.com\/Algarvesete","https:\/\/www.instagram.com\/jornalalgarve7\/","https:\/\/www.linkedin.com\/company\/algarve7","https:\/\/www.pinterest.pt\/geral0939\/_created\/"]},{"@type":"Person","@id":"https:\/\/algarve7.pt\/#\/schema\/person\/23fa70681308e7b319a3204bcea45e0c","name":"Algarve 7","sameAs":["https:\/\/algarve7.pt","https:\/\/www.facebook.com\/algarve7"],"url":"https:\/\/algarve7.pt\/index.php\/author\/geralalgarve7-pt\/"}]}},"jetpack_publicize_connections":[],"jetpack_featured_media_url":"https:\/\/algarve7.pt\/wp-content\/uploads\/2025\/07\/Apresentacao-da-Feira-da-Serra-em-SBA-17-07-2025-13.jpg","jetpack_shortlink":"https:\/\/wp.me\/pcezmW-dGk","jetpack_sharing_enabled":true,"_links":{"self":[{"href":"https:\/\/algarve7.pt\/index.php\/wp-json\/wp\/v2\/posts\/52596","targetHints":{"allow":["GET"]}}],"collection":[{"href":"https:\/\/algarve7.pt\/index.php\/wp-json\/wp\/v2\/posts"}],"about":[{"href":"https:\/\/algarve7.pt\/index.php\/wp-json\/wp\/v2\/types\/post"}],"author":[{"embeddable":true,"href":"https:\/\/algarve7.pt\/index.php\/wp-json\/wp\/v2\/users\/1"}],"replies":[{"embeddable":true,"href":"https:\/\/algarve7.pt\/index.php\/wp-json\/wp\/v2\/comments?post=52596"}],"version-history":[{"count":0,"href":"https:\/\/algarve7.pt\/index.php\/wp-json\/wp\/v2\/posts\/52596\/revisions"}],"wp:featuredmedia":[{"embeddable":true,"href":"https:\/\/algarve7.pt\/index.php\/wp-json\/wp\/v2\/media\/52597"}],"wp:attachment":[{"href":"https:\/\/algarve7.pt\/index.php\/wp-json\/wp\/v2\/media?parent=52596"}],"wp:term":[{"taxonomy":"category","embeddable":true,"href":"https:\/\/algarve7.pt\/index.php\/wp-json\/wp\/v2\/categories?post=52596"},{"taxonomy":"post_tag","embeddable":true,"href":"https:\/\/algarve7.pt\/index.php\/wp-json\/wp\/v2\/tags?post=52596"}],"curies":[{"name":"wp","href":"https:\/\/api.w.org\/{rel}","templated":true}]}}