{"id":52592,"date":"2025-07-20T11:00:00","date_gmt":"2025-07-20T10:00:00","guid":{"rendered":"https:\/\/algarve7.pt\/?p=52592"},"modified":"2025-07-19T11:36:43","modified_gmt":"2025-07-19T10:36:43","slug":"gnr-reforca-a-seguranca-rodoviaria-com-65-novos-guardas-na-especialidade-de-transito","status":"publish","type":"post","link":"https:\/\/algarve7.pt\/index.php\/2025\/07\/gnr-reforca-a-seguranca-rodoviaria-com-65-novos-guardas-na-especialidade-de-transito\/nacional\/11\/00\/","title":{"rendered":"GNR refor\u00e7a a seguran\u00e7a rodovi\u00e1ria com 65 novos Guardas na especialidade de Tr\u00e2nsito"},"content":{"rendered":"\n<p>A Guarda Nacional Republicana (GNR), realizou se no passado, dia 18 de julho, pelas 10h00, a cerim\u00f3nia de encerramento do 53.\u00ba Curso de Tr\u00e2nsito e Seguran\u00e7a Rodovi\u00e1ria para Guardas, na Figueira da Foz.<\/p>\n\n\n\n<p>A cerim\u00f3nia contou com a presen\u00e7a de diversas entidades militares e civis, entre as quais o Comandante-Geral da GNR, Tenente-General Rui Alberto Ribeiro Veloso, que presidiu ao evento. O encerramento deste curso assinala o culminar de uma forma\u00e7\u00e3o altamente especializada na \u00e1rea da seguran\u00e7a rodovi\u00e1ria, que teve in\u00edcio no dia 3 de fevereiro.<\/p>\n\n\n\n<p>Ao longo de cinco meses de forma\u00e7\u00e3o, a qual teve lugar na Escola da Guarda (EG), tanto em Queluz como no Centro de Forma\u00e7\u00e3o da Figueira da Foz, os formandos percorreram as diversas fases com um forte grau de exig\u00eancia t\u00e9cnica e operacional, tendo a mesma contemplado um total de 571 tempos letivos.<\/p>\n\n\n\n<p>Este curso iniciou com uma fase dedicada \u00e0 consolida\u00e7\u00e3o dos conhecimentos t\u00e9cnicos de condu\u00e7\u00e3o e \u00e0 metodologia da fiscaliza\u00e7\u00e3o rodovi\u00e1ria. Seguiu-se uma componente te\u00f3rico-pr\u00e1tica, que integrou conte\u00fados jur\u00eddico-operacionais e de forma\u00e7\u00e3o t\u00e9cnica de condu\u00e7\u00e3o em ve\u00edculos de duas rodas, indispens\u00e1vel \u00e0 execu\u00e7\u00e3o de miss\u00f5es policiais espec\u00edficas, como opera\u00e7\u00f5es de abertura de itiner\u00e1rios e patrulhamento din\u00e2mico rodovi\u00e1rio. A forma\u00e7\u00e3o incluiu tamb\u00e9m uma consciencializa\u00e7\u00e3o permanente dos formandos para a import\u00e2ncia do seu papel na redu\u00e7\u00e3o da sinistralidade rodovi\u00e1ria, especialmente associada ao consumo de \u00e1lcool e subst\u00e2ncias estupefacientes, tanto na vertente da preven\u00e7\u00e3o como da fiscaliza\u00e7\u00e3o \u2014 enquanto complemento essencial \u00e0 a\u00e7\u00e3o preventiva. A fase final decorreu em contexto real de trabalho, nos Destacamentos de Tr\u00e2nsito dos Comandos Territoriais da GNR e nos Destacamentos de A\u00e7\u00e3o de Conjunto da Unidade Nacional de Tr\u00e2nsito (UNT), estruturas operacionais que integram a especializa\u00e7\u00e3o de tr\u00e2nsito e asseguram o policiamento da Rede Nacional Fundamental e da Rede Nacional Complementar.<\/p>\n\n\n\n<p>Parte significativa da forma\u00e7\u00e3o foi ministrada por formadores da UNT, Unidade Especializada da GNR em mat\u00e9ria de tr\u00e2nsito e seguran\u00e7a rodovi\u00e1ria, tanto na vertente da preven\u00e7\u00e3o, como da fiscaliza\u00e7\u00e3o, forma\u00e7\u00e3o t\u00e9cnica e pr\u00e1tica e ainda na inova\u00e7\u00e3o das pr\u00e1ticas procedimentais e uniformiza\u00e7\u00e3o dos procedimentos operacionais. Esta interven\u00e7\u00e3o refor\u00e7a a aposta institucional na especializa\u00e7\u00e3o operacional dos seus efetivos, com base em pr\u00e1ticas atualizadas e exigentes, alinhadas com os mais elevados padr\u00f5es t\u00e9cnico-operacionais.<\/p>\n\n\n\n<p>A forma\u00e7\u00e3o especializada, que foi conclu\u00edda com sucesso por 65 Guardas, agora habilitados a refor\u00e7ar a capacidade operacional da Guarda na vertente da fiscaliza\u00e7\u00e3o e seguran\u00e7a rodovi\u00e1ria, assume-se como um instrumento estruturante de capacita\u00e7\u00e3o dos recursos humanos da Guarda enquanto pilares fundamentais na salvaguarda da vida humana em ambiente rodovi\u00e1rio, contribuindo para uma resposta mais eficaz, coerente e integrada aos diversos fen\u00f3menos que afetam a seguran\u00e7a nas estradas, refor\u00e7ando o papel da GNR enquanto institui\u00e7\u00e3o central no combate \u00e0 sinistralidade rodovi\u00e1ria em Portugal.<\/p>\n","protected":false},"excerpt":{"rendered":"<p>A Guarda Nacional Republicana (GNR), realizou se no passado, dia 18 de julho, pelas 10h00, a cerim\u00f3nia de encerramento do<\/p>\n","protected":false},"author":1,"featured_media":52593,"comment_status":"closed","ping_status":"closed","sticky":false,"template":"","format":"standard","meta":{"colormag_page_container_layout":"default_layout","colormag_page_sidebar_layout":"default_layout","_monsterinsights_skip_tracking":false,"_monsterinsights_sitenote_active":false,"_monsterinsights_sitenote_note":"","_monsterinsights_sitenote_category":0,"jetpack_post_was_ever_published":false,"_jetpack_newsletter_access":"","_jetpack_dont_email_post_to_subs":false,"_jetpack_newsletter_tier_id":0,"_jetpack_memberships_contains_paywalled_content":false,"_jetpack_memberships_contains_paid_content":false,"footnotes":"","jetpack_publicize_message":"","jetpack_publicize_feature_enabled":true,"jetpack_social_post_already_shared":false,"jetpack_social_options":{"image_generator_settings":{"template":"highway","default_image_id":0,"font":"","enabled":false},"version":2}},"categories":[189],"tags":[140,98],"class_list":["post-52592","post","type-post","status-publish","format-standard","has-post-thumbnail","hentry","category-nacional","tag-gnr","tag-nacional"],"yoast_head":"<!-- This site is optimized with the Yoast SEO plugin v27.5 - https:\/\/yoast.com\/product\/yoast-seo-wordpress\/ -->\n<title>GNR refor\u00e7a a seguran\u00e7a rodovi\u00e1ria com 65 novos Guardas na especialidade de Tr\u00e2nsito - Algarve 7<\/title>\n<meta name=\"description\" content=\"GNR refor\u00e7a a seguran\u00e7a rodovi\u00e1ria com 65 novos Guardas na especialidade de Tr\u00e2nsito Nacional\" \/>\n<meta name=\"robots\" content=\"index, follow, max-snippet:-1, max-image-preview:large, max-video-preview:-1\" \/>\n<link rel=\"canonical\" href=\"https:\/\/algarve7.pt\/index.php\/2025\/07\/gnr-reforca-a-seguranca-rodoviaria-com-65-novos-guardas-na-especialidade-de-transito\/nacional\/11\/00\/\" \/>\n<meta property=\"og:locale\" content=\"pt_PT\" \/>\n<meta property=\"og:type\" content=\"article\" \/>\n<meta property=\"og:title\" content=\"GNR refor\u00e7a a seguran\u00e7a rodovi\u00e1ria com 65 novos Guardas na especialidade de Tr\u00e2nsito - Algarve 7\" \/>\n<meta property=\"og:description\" content=\"GNR refor\u00e7a a seguran\u00e7a rodovi\u00e1ria com 65 novos Guardas na especialidade de Tr\u00e2nsito Nacional\" \/>\n<meta property=\"og:url\" content=\"https:\/\/algarve7.pt\/index.php\/2025\/07\/gnr-reforca-a-seguranca-rodoviaria-com-65-novos-guardas-na-especialidade-de-transito\/nacional\/11\/00\/\" \/>\n<meta property=\"og:site_name\" content=\"Algarve 7\" \/>\n<meta property=\"article:publisher\" content=\"https:\/\/www.facebook.com\/algarve7\" \/>\n<meta property=\"article:author\" content=\"https:\/\/www.facebook.com\/algarve7\" \/>\n<meta property=\"article:published_time\" content=\"2025-07-20T10:00:00+00:00\" \/>\n<meta property=\"og:image\" content=\"https:\/\/algarve7.pt\/wp-content\/uploads\/2025\/07\/GNR-Transito_2.png\" \/>\n\t<meta property=\"og:image:width\" content=\"800\" \/>\n\t<meta property=\"og:image:height\" content=\"500\" \/>\n\t<meta property=\"og:image:type\" content=\"image\/png\" \/>\n<meta name=\"author\" content=\"Algarve 7\" \/>\n<meta name=\"twitter:card\" content=\"summary_large_image\" \/>\n<meta name=\"twitter:creator\" content=\"@Algarvesete\" \/>\n<meta name=\"twitter:site\" content=\"@Algarvesete\" \/>\n<meta name=\"twitter:label1\" content=\"Escrito por\" \/>\n\t<meta name=\"twitter:data1\" content=\"Algarve 7\" \/>\n\t<meta name=\"twitter:label2\" content=\"Tempo estimado de leitura\" \/>\n\t<meta name=\"twitter:data2\" content=\"3 minutos\" \/>\n<script type=\"application\/ld+json\" class=\"yoast-schema-graph\">{\"@context\":\"https:\\\/\\\/schema.org\",\"@graph\":[{\"@type\":\"Article\",\"@id\":\"https:\\\/\\\/algarve7.pt\\\/index.php\\\/2025\\\/07\\\/gnr-reforca-a-seguranca-rodoviaria-com-65-novos-guardas-na-especialidade-de-transito\\\/nacional\\\/11\\\/00\\\/#article\",\"isPartOf\":{\"@id\":\"https:\\\/\\\/algarve7.pt\\\/index.php\\\/2025\\\/07\\\/gnr-reforca-a-seguranca-rodoviaria-com-65-novos-guardas-na-especialidade-de-transito\\\/nacional\\\/11\\\/00\\\/\"},\"author\":{\"name\":\"Algarve 7\",\"@id\":\"https:\\\/\\\/algarve7.pt\\\/#\\\/schema\\\/person\\\/23fa70681308e7b319a3204bcea45e0c\"},\"headline\":\"GNR refor\u00e7a a seguran\u00e7a rodovi\u00e1ria com 65 novos Guardas na especialidade de Tr\u00e2nsito\",\"datePublished\":\"2025-07-20T10:00:00+00:00\",\"mainEntityOfPage\":{\"@id\":\"https:\\\/\\\/algarve7.pt\\\/index.php\\\/2025\\\/07\\\/gnr-reforca-a-seguranca-rodoviaria-com-65-novos-guardas-na-especialidade-de-transito\\\/nacional\\\/11\\\/00\\\/\"},\"wordCount\":532,\"publisher\":{\"@id\":\"https:\\\/\\\/algarve7.pt\\\/#organization\"},\"image\":{\"@id\":\"https:\\\/\\\/algarve7.pt\\\/index.php\\\/2025\\\/07\\\/gnr-reforca-a-seguranca-rodoviaria-com-65-novos-guardas-na-especialidade-de-transito\\\/nacional\\\/11\\\/00\\\/#primaryimage\"},\"thumbnailUrl\":\"https:\\\/\\\/algarve7.pt\\\/wp-content\\\/uploads\\\/2025\\\/07\\\/GNR-Transito_2.png\",\"keywords\":[\"GNR\",\"Nacional\"],\"articleSection\":[\"Nacional\"],\"inLanguage\":\"pt-PT\"},{\"@type\":\"WebPage\",\"@id\":\"https:\\\/\\\/algarve7.pt\\\/index.php\\\/2025\\\/07\\\/gnr-reforca-a-seguranca-rodoviaria-com-65-novos-guardas-na-especialidade-de-transito\\\/nacional\\\/11\\\/00\\\/\",\"url\":\"https:\\\/\\\/algarve7.pt\\\/index.php\\\/2025\\\/07\\\/gnr-reforca-a-seguranca-rodoviaria-com-65-novos-guardas-na-especialidade-de-transito\\\/nacional\\\/11\\\/00\\\/\",\"name\":\"GNR refor\u00e7a a seguran\u00e7a rodovi\u00e1ria com 65 novos Guardas na especialidade de Tr\u00e2nsito - Algarve 7\",\"isPartOf\":{\"@id\":\"https:\\\/\\\/algarve7.pt\\\/#website\"},\"primaryImageOfPage\":{\"@id\":\"https:\\\/\\\/algarve7.pt\\\/index.php\\\/2025\\\/07\\\/gnr-reforca-a-seguranca-rodoviaria-com-65-novos-guardas-na-especialidade-de-transito\\\/nacional\\\/11\\\/00\\\/#primaryimage\"},\"image\":{\"@id\":\"https:\\\/\\\/algarve7.pt\\\/index.php\\\/2025\\\/07\\\/gnr-reforca-a-seguranca-rodoviaria-com-65-novos-guardas-na-especialidade-de-transito\\\/nacional\\\/11\\\/00\\\/#primaryimage\"},\"thumbnailUrl\":\"https:\\\/\\\/algarve7.pt\\\/wp-content\\\/uploads\\\/2025\\\/07\\\/GNR-Transito_2.png\",\"datePublished\":\"2025-07-20T10:00:00+00:00\",\"description\":\"GNR refor\u00e7a a seguran\u00e7a rodovi\u00e1ria com 65 novos Guardas na especialidade de Tr\u00e2nsito Nacional\",\"breadcrumb\":{\"@id\":\"https:\\\/\\\/algarve7.pt\\\/index.php\\\/2025\\\/07\\\/gnr-reforca-a-seguranca-rodoviaria-com-65-novos-guardas-na-especialidade-de-transito\\\/nacional\\\/11\\\/00\\\/#breadcrumb\"},\"inLanguage\":\"pt-PT\",\"potentialAction\":[{\"@type\":\"ReadAction\",\"target\":[\"https:\\\/\\\/algarve7.pt\\\/index.php\\\/2025\\\/07\\\/gnr-reforca-a-seguranca-rodoviaria-com-65-novos-guardas-na-especialidade-de-transito\\\/nacional\\\/11\\\/00\\\/\"]}]},{\"@type\":\"ImageObject\",\"inLanguage\":\"pt-PT\",\"@id\":\"https:\\\/\\\/algarve7.pt\\\/index.php\\\/2025\\\/07\\\/gnr-reforca-a-seguranca-rodoviaria-com-65-novos-guardas-na-especialidade-de-transito\\\/nacional\\\/11\\\/00\\\/#primaryimage\",\"url\":\"https:\\\/\\\/algarve7.pt\\\/wp-content\\\/uploads\\\/2025\\\/07\\\/GNR-Transito_2.png\",\"contentUrl\":\"https:\\\/\\\/algarve7.pt\\\/wp-content\\\/uploads\\\/2025\\\/07\\\/GNR-Transito_2.png\",\"width\":800,\"height\":500},{\"@type\":\"BreadcrumbList\",\"@id\":\"https:\\\/\\\/algarve7.pt\\\/index.php\\\/2025\\\/07\\\/gnr-reforca-a-seguranca-rodoviaria-com-65-novos-guardas-na-especialidade-de-transito\\\/nacional\\\/11\\\/00\\\/#breadcrumb\",\"itemListElement\":[{\"@type\":\"ListItem\",\"position\":1,\"name\":\"In\u00edcio\",\"item\":\"https:\\\/\\\/algarve7.pt\\\/\"},{\"@type\":\"ListItem\",\"position\":2,\"name\":\"GNR refor\u00e7a a seguran\u00e7a rodovi\u00e1ria com 65 novos Guardas na especialidade de Tr\u00e2nsito\"}]},{\"@type\":\"WebSite\",\"@id\":\"https:\\\/\\\/algarve7.pt\\\/#website\",\"url\":\"https:\\\/\\\/algarve7.pt\\\/\",\"name\":\"Algarve 7\",\"description\":\"Informa\u00e7\u00e3o sobre o Algarve\",\"publisher\":{\"@id\":\"https:\\\/\\\/algarve7.pt\\\/#organization\"},\"potentialAction\":[{\"@type\":\"SearchAction\",\"target\":{\"@type\":\"EntryPoint\",\"urlTemplate\":\"https:\\\/\\\/algarve7.pt\\\/?s={search_term_string}\"},\"query-input\":{\"@type\":\"PropertyValueSpecification\",\"valueRequired\":true,\"valueName\":\"search_term_string\"}}],\"inLanguage\":\"pt-PT\"},{\"@type\":\"Organization\",\"@id\":\"https:\\\/\\\/algarve7.pt\\\/#organization\",\"name\":\"Algarve 7\",\"url\":\"https:\\\/\\\/algarve7.pt\\\/\",\"logo\":{\"@type\":\"ImageObject\",\"inLanguage\":\"pt-PT\",\"@id\":\"https:\\\/\\\/algarve7.pt\\\/#\\\/schema\\\/logo\\\/image\\\/\",\"url\":\"https:\\\/\\\/algarve7.pt\\\/wp-content\\\/uploads\\\/2020\\\/10\\\/Logo-8.jpg\",\"contentUrl\":\"https:\\\/\\\/algarve7.pt\\\/wp-content\\\/uploads\\\/2020\\\/10\\\/Logo-8.jpg\",\"width\":1680,\"height\":1186,\"caption\":\"Algarve 7\"},\"image\":{\"@id\":\"https:\\\/\\\/algarve7.pt\\\/#\\\/schema\\\/logo\\\/image\\\/\"},\"sameAs\":[\"https:\\\/\\\/www.facebook.com\\\/algarve7\",\"https:\\\/\\\/x.com\\\/Algarvesete\",\"https:\\\/\\\/www.instagram.com\\\/jornalalgarve7\\\/\",\"https:\\\/\\\/www.linkedin.com\\\/company\\\/algarve7\",\"https:\\\/\\\/www.pinterest.pt\\\/geral0939\\\/_created\\\/\"]},{\"@type\":\"Person\",\"@id\":\"https:\\\/\\\/algarve7.pt\\\/#\\\/schema\\\/person\\\/23fa70681308e7b319a3204bcea45e0c\",\"name\":\"Algarve 7\",\"sameAs\":[\"https:\\\/\\\/algarve7.pt\",\"https:\\\/\\\/www.facebook.com\\\/algarve7\"],\"url\":\"https:\\\/\\\/algarve7.pt\\\/index.php\\\/author\\\/geralalgarve7-pt\\\/\"}]}<\/script>\n<!-- \/ Yoast SEO plugin. -->","yoast_head_json":{"title":"GNR refor\u00e7a a seguran\u00e7a rodovi\u00e1ria com 65 novos Guardas na especialidade de Tr\u00e2nsito - Algarve 7","description":"GNR refor\u00e7a a seguran\u00e7a rodovi\u00e1ria com 65 novos Guardas na especialidade de Tr\u00e2nsito Nacional","robots":{"index":"index","follow":"follow","max-snippet":"max-snippet:-1","max-image-preview":"max-image-preview:large","max-video-preview":"max-video-preview:-1"},"canonical":"https:\/\/algarve7.pt\/index.php\/2025\/07\/gnr-reforca-a-seguranca-rodoviaria-com-65-novos-guardas-na-especialidade-de-transito\/nacional\/11\/00\/","og_locale":"pt_PT","og_type":"article","og_title":"GNR refor\u00e7a a seguran\u00e7a rodovi\u00e1ria com 65 novos Guardas na especialidade de Tr\u00e2nsito - Algarve 7","og_description":"GNR refor\u00e7a a seguran\u00e7a rodovi\u00e1ria com 65 novos Guardas na especialidade de Tr\u00e2nsito Nacional","og_url":"https:\/\/algarve7.pt\/index.php\/2025\/07\/gnr-reforca-a-seguranca-rodoviaria-com-65-novos-guardas-na-especialidade-de-transito\/nacional\/11\/00\/","og_site_name":"Algarve 7","article_publisher":"https:\/\/www.facebook.com\/algarve7","article_author":"https:\/\/www.facebook.com\/algarve7","article_published_time":"2025-07-20T10:00:00+00:00","og_image":[{"width":800,"height":500,"url":"https:\/\/algarve7.pt\/wp-content\/uploads\/2025\/07\/GNR-Transito_2.png","type":"image\/png"}],"author":"Algarve 7","twitter_card":"summary_large_image","twitter_creator":"@Algarvesete","twitter_site":"@Algarvesete","twitter_misc":{"Escrito por":"Algarve 7","Tempo estimado de leitura":"3 minutos"},"schema":{"@context":"https:\/\/schema.org","@graph":[{"@type":"Article","@id":"https:\/\/algarve7.pt\/index.php\/2025\/07\/gnr-reforca-a-seguranca-rodoviaria-com-65-novos-guardas-na-especialidade-de-transito\/nacional\/11\/00\/#article","isPartOf":{"@id":"https:\/\/algarve7.pt\/index.php\/2025\/07\/gnr-reforca-a-seguranca-rodoviaria-com-65-novos-guardas-na-especialidade-de-transito\/nacional\/11\/00\/"},"author":{"name":"Algarve 7","@id":"https:\/\/algarve7.pt\/#\/schema\/person\/23fa70681308e7b319a3204bcea45e0c"},"headline":"GNR refor\u00e7a a seguran\u00e7a rodovi\u00e1ria com 65 novos Guardas na especialidade de Tr\u00e2nsito","datePublished":"2025-07-20T10:00:00+00:00","mainEntityOfPage":{"@id":"https:\/\/algarve7.pt\/index.php\/2025\/07\/gnr-reforca-a-seguranca-rodoviaria-com-65-novos-guardas-na-especialidade-de-transito\/nacional\/11\/00\/"},"wordCount":532,"publisher":{"@id":"https:\/\/algarve7.pt\/#organization"},"image":{"@id":"https:\/\/algarve7.pt\/index.php\/2025\/07\/gnr-reforca-a-seguranca-rodoviaria-com-65-novos-guardas-na-especialidade-de-transito\/nacional\/11\/00\/#primaryimage"},"thumbnailUrl":"https:\/\/algarve7.pt\/wp-content\/uploads\/2025\/07\/GNR-Transito_2.png","keywords":["GNR","Nacional"],"articleSection":["Nacional"],"inLanguage":"pt-PT"},{"@type":"WebPage","@id":"https:\/\/algarve7.pt\/index.php\/2025\/07\/gnr-reforca-a-seguranca-rodoviaria-com-65-novos-guardas-na-especialidade-de-transito\/nacional\/11\/00\/","url":"https:\/\/algarve7.pt\/index.php\/2025\/07\/gnr-reforca-a-seguranca-rodoviaria-com-65-novos-guardas-na-especialidade-de-transito\/nacional\/11\/00\/","name":"GNR refor\u00e7a a seguran\u00e7a rodovi\u00e1ria com 65 novos Guardas na especialidade de Tr\u00e2nsito - Algarve 7","isPartOf":{"@id":"https:\/\/algarve7.pt\/#website"},"primaryImageOfPage":{"@id":"https:\/\/algarve7.pt\/index.php\/2025\/07\/gnr-reforca-a-seguranca-rodoviaria-com-65-novos-guardas-na-especialidade-de-transito\/nacional\/11\/00\/#primaryimage"},"image":{"@id":"https:\/\/algarve7.pt\/index.php\/2025\/07\/gnr-reforca-a-seguranca-rodoviaria-com-65-novos-guardas-na-especialidade-de-transito\/nacional\/11\/00\/#primaryimage"},"thumbnailUrl":"https:\/\/algarve7.pt\/wp-content\/uploads\/2025\/07\/GNR-Transito_2.png","datePublished":"2025-07-20T10:00:00+00:00","description":"GNR refor\u00e7a a seguran\u00e7a rodovi\u00e1ria com 65 novos Guardas na especialidade de Tr\u00e2nsito Nacional","breadcrumb":{"@id":"https:\/\/algarve7.pt\/index.php\/2025\/07\/gnr-reforca-a-seguranca-rodoviaria-com-65-novos-guardas-na-especialidade-de-transito\/nacional\/11\/00\/#breadcrumb"},"inLanguage":"pt-PT","potentialAction":[{"@type":"ReadAction","target":["https:\/\/algarve7.pt\/index.php\/2025\/07\/gnr-reforca-a-seguranca-rodoviaria-com-65-novos-guardas-na-especialidade-de-transito\/nacional\/11\/00\/"]}]},{"@type":"ImageObject","inLanguage":"pt-PT","@id":"https:\/\/algarve7.pt\/index.php\/2025\/07\/gnr-reforca-a-seguranca-rodoviaria-com-65-novos-guardas-na-especialidade-de-transito\/nacional\/11\/00\/#primaryimage","url":"https:\/\/algarve7.pt\/wp-content\/uploads\/2025\/07\/GNR-Transito_2.png","contentUrl":"https:\/\/algarve7.pt\/wp-content\/uploads\/2025\/07\/GNR-Transito_2.png","width":800,"height":500},{"@type":"BreadcrumbList","@id":"https:\/\/algarve7.pt\/index.php\/2025\/07\/gnr-reforca-a-seguranca-rodoviaria-com-65-novos-guardas-na-especialidade-de-transito\/nacional\/11\/00\/#breadcrumb","itemListElement":[{"@type":"ListItem","position":1,"name":"In\u00edcio","item":"https:\/\/algarve7.pt\/"},{"@type":"ListItem","position":2,"name":"GNR refor\u00e7a a seguran\u00e7a rodovi\u00e1ria com 65 novos Guardas na especialidade de Tr\u00e2nsito"}]},{"@type":"WebSite","@id":"https:\/\/algarve7.pt\/#website","url":"https:\/\/algarve7.pt\/","name":"Algarve 7","description":"Informa\u00e7\u00e3o sobre o Algarve","publisher":{"@id":"https:\/\/algarve7.pt\/#organization"},"potentialAction":[{"@type":"SearchAction","target":{"@type":"EntryPoint","urlTemplate":"https:\/\/algarve7.pt\/?s={search_term_string}"},"query-input":{"@type":"PropertyValueSpecification","valueRequired":true,"valueName":"search_term_string"}}],"inLanguage":"pt-PT"},{"@type":"Organization","@id":"https:\/\/algarve7.pt\/#organization","name":"Algarve 7","url":"https:\/\/algarve7.pt\/","logo":{"@type":"ImageObject","inLanguage":"pt-PT","@id":"https:\/\/algarve7.pt\/#\/schema\/logo\/image\/","url":"https:\/\/algarve7.pt\/wp-content\/uploads\/2020\/10\/Logo-8.jpg","contentUrl":"https:\/\/algarve7.pt\/wp-content\/uploads\/2020\/10\/Logo-8.jpg","width":1680,"height":1186,"caption":"Algarve 7"},"image":{"@id":"https:\/\/algarve7.pt\/#\/schema\/logo\/image\/"},"sameAs":["https:\/\/www.facebook.com\/algarve7","https:\/\/x.com\/Algarvesete","https:\/\/www.instagram.com\/jornalalgarve7\/","https:\/\/www.linkedin.com\/company\/algarve7","https:\/\/www.pinterest.pt\/geral0939\/_created\/"]},{"@type":"Person","@id":"https:\/\/algarve7.pt\/#\/schema\/person\/23fa70681308e7b319a3204bcea45e0c","name":"Algarve 7","sameAs":["https:\/\/algarve7.pt","https:\/\/www.facebook.com\/algarve7"],"url":"https:\/\/algarve7.pt\/index.php\/author\/geralalgarve7-pt\/"}]}},"jetpack_publicize_connections":[],"jetpack_featured_media_url":"https:\/\/algarve7.pt\/wp-content\/uploads\/2025\/07\/GNR-Transito_2.png","jetpack_shortlink":"https:\/\/wp.me\/pcezmW-dGg","jetpack_sharing_enabled":true,"_links":{"self":[{"href":"https:\/\/algarve7.pt\/index.php\/wp-json\/wp\/v2\/posts\/52592","targetHints":{"allow":["GET"]}}],"collection":[{"href":"https:\/\/algarve7.pt\/index.php\/wp-json\/wp\/v2\/posts"}],"about":[{"href":"https:\/\/algarve7.pt\/index.php\/wp-json\/wp\/v2\/types\/post"}],"author":[{"embeddable":true,"href":"https:\/\/algarve7.pt\/index.php\/wp-json\/wp\/v2\/users\/1"}],"replies":[{"embeddable":true,"href":"https:\/\/algarve7.pt\/index.php\/wp-json\/wp\/v2\/comments?post=52592"}],"version-history":[{"count":0,"href":"https:\/\/algarve7.pt\/index.php\/wp-json\/wp\/v2\/posts\/52592\/revisions"}],"wp:featuredmedia":[{"embeddable":true,"href":"https:\/\/algarve7.pt\/index.php\/wp-json\/wp\/v2\/media\/52593"}],"wp:attachment":[{"href":"https:\/\/algarve7.pt\/index.php\/wp-json\/wp\/v2\/media?parent=52592"}],"wp:term":[{"taxonomy":"category","embeddable":true,"href":"https:\/\/algarve7.pt\/index.php\/wp-json\/wp\/v2\/categories?post=52592"},{"taxonomy":"post_tag","embeddable":true,"href":"https:\/\/algarve7.pt\/index.php\/wp-json\/wp\/v2\/tags?post=52592"}],"curies":[{"name":"wp","href":"https:\/\/api.w.org\/{rel}","templated":true}]}}