{"id":52583,"date":"2025-07-20T10:27:00","date_gmt":"2025-07-20T09:27:00","guid":{"rendered":"https:\/\/algarve7.pt\/?p=52583"},"modified":"2025-07-18T17:29:14","modified_gmt":"2025-07-18T16:29:14","slug":"lagos-apresentou-o-seu-relatorio-voluntario-local","status":"publish","type":"post","link":"https:\/\/algarve7.pt\/index.php\/2025\/07\/lagos-apresentou-o-seu-relatorio-voluntario-local\/atualidade\/10\/27\/","title":{"rendered":"Lagos apresentou o seu Relat\u00f3rio Volunt\u00e1rio Local"},"content":{"rendered":"\n<p>O Relat\u00f3rio Volunt\u00e1rio Local (RVL) \u201cAgenda Lagos 2030\u201d \u2013 documento estrat\u00e9gico que avalia o progresso do munic\u00edpio no alcance dos Objetivos de Desenvolvimento Sustent\u00e1vel (ODS) e permite compreender onde Lagos se posiciona no momento atual para tra\u00e7ar o caminho futuro \u2013 foi, ontem, publicamente apresentado no audit\u00f3rio do Edif\u00edcio Pa\u00e7os do Concelho S\u00e9c. XXI, contando com a presen\u00e7a, entre outras entidades locais e regionais, dos parceiros que colaboraram na sua elabora\u00e7\u00e3o.&nbsp;<\/p>\n\n\n\n<p>Na sess\u00e3o de abertura, o presidente da C\u00e2mara Municipal reiterou o compromisso do munic\u00edpio para com as metas locais dos ODS e da Agenda 2030, manifestando a disponibilidade da autarquia para, \u201csem receios, mostrar como \u00e9 que estamos face a essas metas e o que temos coletivamente de fazer para melhorar esse desempenho nos indicadores mais cr\u00edticos, com vista a alcan\u00e7ar benef\u00edcios para a comunidade e tornar Lagos um destino ainda melhor\u201d.&nbsp;<\/p>\n\n\n\n<p>Cristina Gomes Silva,&nbsp;<em>Senior Manager&nbsp;<\/em>na EY-Parthenon, consultora que apoiou o munic\u00edpio no processo de elabora\u00e7\u00e3o do Relat\u00f3rio Volunt\u00e1rio Local, fez um breve enquadramento sobre o trabalho desenvolvido, explicando que o relat\u00f3rio resulta do envolvimento de todos os auscultados e pretende ser um documento acess\u00edvel, que marca o in\u00edcio de novas etapas com ainda maior ambi\u00e7\u00e3o. Recordar que a sustentabilidade n\u00e3o se esgota na dimens\u00e3o ambiental, compreendendo, igualmente, as dimens\u00f5es econ\u00f3mica e social, assim como a import\u00e2ncia deste trabalho, que personaliza a an\u00e1lise de sustentabilidade ao territ\u00f3rio onde a mesma \u00e9 feita, foram aspetos igualmente sublinhados nesta interven\u00e7\u00e3o.&nbsp;<\/p>\n\n\n\n<p>Coube a Joana Abreu, Coordenadora do Projeto Territ\u00f3rios Sustent\u00e1veis do CESOP-Local, revisitar o trabalho de monitoriza\u00e7\u00e3o que tem sido feito com Lagos e outros munic\u00edpios no \u00e2mbito da rede CESOP Local, criada em 2017, a qual nasceu da necessidade de criar metodologias e ferramentas t\u00e9cnicas que ajudassem os autarcas a implementar a Agenda 2030 \u00e0 escala local, capacitando as respetivas equipas internas. O \u00cdndice de Sustentabilidade Municipal (ISM) \u00e9 uma dessas ferramentas, surgida em 2018 e anualmente atualizada, que, apesar de permitir alguma comparabilidade, n\u00e3o tem como objetivo fazer rankings.<\/p>\n\n\n\n<p>Algumas das boas pr\u00e1ticas locais rumo \u00e0 Agenda 2030 existentes no territ\u00f3rio lacobrigense foram apresentadas pela voz dos representantes do Agrupamento de Escolas J\u00falio Dantas (Jos\u00e9 Lopes) e da Junta de Freguesia de S\u00e3o Gon\u00e7alo de Lagos (Carlos Sa\u00fade), entidades empenhadas e distinguidas no \u00e2mbito dos programas Eco-Escola e Eco-freguesia, ambos muito suportados nas quest\u00f5es do envolvimento, participa\u00e7\u00e3o, cidadania e parcerias.<\/p>\n\n\n\n<p>A sess\u00e3o de apresenta\u00e7\u00e3o contou, ainda, com a realiza\u00e7\u00e3o de uma mesa redonda moderada por V\u00e2nia Rosa (<em>Executive Director&nbsp;<\/em>na EY-Parthenon), que teve a participa\u00e7\u00e3o de Jos\u00e9 Apolin\u00e1rio (presidente da CCDRAlgarve),&nbsp;&nbsp;F\u00e1tima Catarino (vice-presidente da Regi\u00e3o de Turismo do Algarve), Jo\u00e3o Ant\u00f3nio (diretor do Centro de Estudos e Sondagens de Opini\u00e3o da Universidade Cat\u00f3lica, representando o CESOP-Local) e Joana Rodrigues (munic\u00edpio de Torres Vedras), que partilharam o seu contributo de reflex\u00e3o sobre o tema \u201cDesenvolvimento sustent\u00e1vel em a\u00e7\u00e3o: Parcerias locais para um territ\u00f3rio mais inclusivo, verde e resiliente\u201d. Um momento que permitiu colocar o enfoque em conceitos-chave como \u201cGovernan\u00e7a\u201d, \u201cCapacita\u00e7\u00e3o\u201d e \u201cParticipa\u00e7\u00e3o\u201d e recordar a necessidade de garantir a articula\u00e7\u00e3o dos v\u00e1rios n\u00edveis de decis\u00e3o (local\/municipal, regional e nacional), de envolver todos os atores (pol\u00edticos, sociais e econ\u00f3micos) e de disseminar de modo mais eficaz a informa\u00e7\u00e3o, utilizando, nomeadamente, as plataformas j\u00e1 existentes para fazer chegar esse conhecimento \u00e0s pessoas.<\/p>\n\n\n\n<p>Consulte\u00a0<a href=\"https:\/\/www.cm-lagos.pt\/municipio\/noticias\/14286-lagos-apresentou-o-seu-relatorio-voluntario-local\" target=\"_blank\" rel=\"noreferrer noopener\">aqui<\/a>\u00a0o Relat\u00f3rio Volunt\u00e1rio Local<\/p>\n","protected":false},"excerpt":{"rendered":"<p>O Relat\u00f3rio Volunt\u00e1rio Local (RVL) \u201cAgenda Lagos 2030\u201d \u2013 documento estrat\u00e9gico que avalia o progresso do munic\u00edpio no alcance dos<\/p>\n","protected":false},"author":1,"featured_media":52584,"comment_status":"closed","ping_status":"closed","sticky":false,"template":"","format":"standard","meta":{"colormag_page_container_layout":"default_layout","colormag_page_sidebar_layout":"default_layout","_monsterinsights_skip_tracking":false,"_monsterinsights_sitenote_active":false,"_monsterinsights_sitenote_note":"","_monsterinsights_sitenote_category":0,"jetpack_post_was_ever_published":false,"_jetpack_newsletter_access":"","_jetpack_dont_email_post_to_subs":false,"_jetpack_newsletter_tier_id":0,"_jetpack_memberships_contains_paywalled_content":false,"_jetpack_memberships_contains_paid_content":false,"footnotes":"","jetpack_publicize_message":"","jetpack_publicize_feature_enabled":true,"jetpack_social_post_already_shared":false,"jetpack_social_options":{"image_generator_settings":{"template":"highway","default_image_id":0,"font":"","enabled":false},"version":2}},"categories":[11],"tags":[36,62,68],"class_list":["post-52583","post","type-post","status-publish","format-standard","has-post-thumbnail","hentry","category-atualidade","tag-algarve","tag-atualidade","tag-lagos"],"yoast_head":"<!-- This site is optimized with the Yoast SEO plugin v27.5 - https:\/\/yoast.com\/product\/yoast-seo-wordpress\/ -->\n<title>Lagos apresentou o seu Relat\u00f3rio Volunt\u00e1rio Local - Algarve 7<\/title>\n<meta name=\"description\" content=\"Lagos apresentou o seu Relat\u00f3rio Volunt\u00e1rio Local Atualidade\" \/>\n<meta name=\"robots\" content=\"index, follow, max-snippet:-1, max-image-preview:large, max-video-preview:-1\" \/>\n<link rel=\"canonical\" href=\"https:\/\/algarve7.pt\/index.php\/2025\/07\/lagos-apresentou-o-seu-relatorio-voluntario-local\/atualidade\/10\/27\/\" \/>\n<meta property=\"og:locale\" content=\"pt_PT\" \/>\n<meta property=\"og:type\" content=\"article\" \/>\n<meta property=\"og:title\" content=\"Lagos apresentou o seu Relat\u00f3rio Volunt\u00e1rio Local - Algarve 7\" \/>\n<meta property=\"og:description\" content=\"Lagos apresentou o seu Relat\u00f3rio Volunt\u00e1rio Local Atualidade\" \/>\n<meta property=\"og:url\" content=\"https:\/\/algarve7.pt\/index.php\/2025\/07\/lagos-apresentou-o-seu-relatorio-voluntario-local\/atualidade\/10\/27\/\" \/>\n<meta property=\"og:site_name\" content=\"Algarve 7\" \/>\n<meta property=\"article:publisher\" content=\"https:\/\/www.facebook.com\/algarve7\" \/>\n<meta property=\"article:author\" content=\"https:\/\/www.facebook.com\/algarve7\" \/>\n<meta property=\"article:published_time\" content=\"2025-07-20T09:27:00+00:00\" \/>\n<meta property=\"og:image\" content=\"https:\/\/algarve7.pt\/wp-content\/uploads\/2025\/07\/Relatorio-Voluntario-Local-5-OCS.jpg\" \/>\n\t<meta property=\"og:image:width\" content=\"800\" \/>\n\t<meta property=\"og:image:height\" content=\"500\" \/>\n\t<meta property=\"og:image:type\" content=\"image\/jpeg\" \/>\n<meta name=\"author\" content=\"Algarve 7\" \/>\n<meta name=\"twitter:card\" content=\"summary_large_image\" \/>\n<meta name=\"twitter:creator\" content=\"@Algarvesete\" \/>\n<meta name=\"twitter:site\" content=\"@Algarvesete\" \/>\n<meta name=\"twitter:label1\" content=\"Escrito por\" \/>\n\t<meta name=\"twitter:data1\" content=\"Algarve 7\" \/>\n\t<meta name=\"twitter:label2\" content=\"Tempo estimado de leitura\" \/>\n\t<meta name=\"twitter:data2\" content=\"4 minutos\" \/>\n<script type=\"application\/ld+json\" class=\"yoast-schema-graph\">{\"@context\":\"https:\\\/\\\/schema.org\",\"@graph\":[{\"@type\":\"Article\",\"@id\":\"https:\\\/\\\/algarve7.pt\\\/index.php\\\/2025\\\/07\\\/lagos-apresentou-o-seu-relatorio-voluntario-local\\\/atualidade\\\/10\\\/27\\\/#article\",\"isPartOf\":{\"@id\":\"https:\\\/\\\/algarve7.pt\\\/index.php\\\/2025\\\/07\\\/lagos-apresentou-o-seu-relatorio-voluntario-local\\\/atualidade\\\/10\\\/27\\\/\"},\"author\":{\"name\":\"Algarve 7\",\"@id\":\"https:\\\/\\\/algarve7.pt\\\/#\\\/schema\\\/person\\\/23fa70681308e7b319a3204bcea45e0c\"},\"headline\":\"Lagos apresentou o seu Relat\u00f3rio Volunt\u00e1rio Local\",\"datePublished\":\"2025-07-20T09:27:00+00:00\",\"mainEntityOfPage\":{\"@id\":\"https:\\\/\\\/algarve7.pt\\\/index.php\\\/2025\\\/07\\\/lagos-apresentou-o-seu-relatorio-voluntario-local\\\/atualidade\\\/10\\\/27\\\/\"},\"wordCount\":630,\"publisher\":{\"@id\":\"https:\\\/\\\/algarve7.pt\\\/#organization\"},\"image\":{\"@id\":\"https:\\\/\\\/algarve7.pt\\\/index.php\\\/2025\\\/07\\\/lagos-apresentou-o-seu-relatorio-voluntario-local\\\/atualidade\\\/10\\\/27\\\/#primaryimage\"},\"thumbnailUrl\":\"https:\\\/\\\/algarve7.pt\\\/wp-content\\\/uploads\\\/2025\\\/07\\\/Relatorio-Voluntario-Local-5-OCS.jpg\",\"keywords\":[\"Algarve\",\"Atualidade\",\"Lagos\"],\"articleSection\":[\"Atualidade\"],\"inLanguage\":\"pt-PT\"},{\"@type\":\"WebPage\",\"@id\":\"https:\\\/\\\/algarve7.pt\\\/index.php\\\/2025\\\/07\\\/lagos-apresentou-o-seu-relatorio-voluntario-local\\\/atualidade\\\/10\\\/27\\\/\",\"url\":\"https:\\\/\\\/algarve7.pt\\\/index.php\\\/2025\\\/07\\\/lagos-apresentou-o-seu-relatorio-voluntario-local\\\/atualidade\\\/10\\\/27\\\/\",\"name\":\"Lagos apresentou o seu Relat\u00f3rio Volunt\u00e1rio Local - Algarve 7\",\"isPartOf\":{\"@id\":\"https:\\\/\\\/algarve7.pt\\\/#website\"},\"primaryImageOfPage\":{\"@id\":\"https:\\\/\\\/algarve7.pt\\\/index.php\\\/2025\\\/07\\\/lagos-apresentou-o-seu-relatorio-voluntario-local\\\/atualidade\\\/10\\\/27\\\/#primaryimage\"},\"image\":{\"@id\":\"https:\\\/\\\/algarve7.pt\\\/index.php\\\/2025\\\/07\\\/lagos-apresentou-o-seu-relatorio-voluntario-local\\\/atualidade\\\/10\\\/27\\\/#primaryimage\"},\"thumbnailUrl\":\"https:\\\/\\\/algarve7.pt\\\/wp-content\\\/uploads\\\/2025\\\/07\\\/Relatorio-Voluntario-Local-5-OCS.jpg\",\"datePublished\":\"2025-07-20T09:27:00+00:00\",\"description\":\"Lagos apresentou o seu Relat\u00f3rio Volunt\u00e1rio Local Atualidade\",\"breadcrumb\":{\"@id\":\"https:\\\/\\\/algarve7.pt\\\/index.php\\\/2025\\\/07\\\/lagos-apresentou-o-seu-relatorio-voluntario-local\\\/atualidade\\\/10\\\/27\\\/#breadcrumb\"},\"inLanguage\":\"pt-PT\",\"potentialAction\":[{\"@type\":\"ReadAction\",\"target\":[\"https:\\\/\\\/algarve7.pt\\\/index.php\\\/2025\\\/07\\\/lagos-apresentou-o-seu-relatorio-voluntario-local\\\/atualidade\\\/10\\\/27\\\/\"]}]},{\"@type\":\"ImageObject\",\"inLanguage\":\"pt-PT\",\"@id\":\"https:\\\/\\\/algarve7.pt\\\/index.php\\\/2025\\\/07\\\/lagos-apresentou-o-seu-relatorio-voluntario-local\\\/atualidade\\\/10\\\/27\\\/#primaryimage\",\"url\":\"https:\\\/\\\/algarve7.pt\\\/wp-content\\\/uploads\\\/2025\\\/07\\\/Relatorio-Voluntario-Local-5-OCS.jpg\",\"contentUrl\":\"https:\\\/\\\/algarve7.pt\\\/wp-content\\\/uploads\\\/2025\\\/07\\\/Relatorio-Voluntario-Local-5-OCS.jpg\",\"width\":800,\"height\":500,\"caption\":\"Apresenta\u00e7\u00e3o Relatorio Voluntario Local\"},{\"@type\":\"BreadcrumbList\",\"@id\":\"https:\\\/\\\/algarve7.pt\\\/index.php\\\/2025\\\/07\\\/lagos-apresentou-o-seu-relatorio-voluntario-local\\\/atualidade\\\/10\\\/27\\\/#breadcrumb\",\"itemListElement\":[{\"@type\":\"ListItem\",\"position\":1,\"name\":\"In\u00edcio\",\"item\":\"https:\\\/\\\/algarve7.pt\\\/\"},{\"@type\":\"ListItem\",\"position\":2,\"name\":\"Lagos apresentou o seu Relat\u00f3rio Volunt\u00e1rio Local\"}]},{\"@type\":\"WebSite\",\"@id\":\"https:\\\/\\\/algarve7.pt\\\/#website\",\"url\":\"https:\\\/\\\/algarve7.pt\\\/\",\"name\":\"Algarve 7\",\"description\":\"Informa\u00e7\u00e3o sobre o Algarve\",\"publisher\":{\"@id\":\"https:\\\/\\\/algarve7.pt\\\/#organization\"},\"potentialAction\":[{\"@type\":\"SearchAction\",\"target\":{\"@type\":\"EntryPoint\",\"urlTemplate\":\"https:\\\/\\\/algarve7.pt\\\/?s={search_term_string}\"},\"query-input\":{\"@type\":\"PropertyValueSpecification\",\"valueRequired\":true,\"valueName\":\"search_term_string\"}}],\"inLanguage\":\"pt-PT\"},{\"@type\":\"Organization\",\"@id\":\"https:\\\/\\\/algarve7.pt\\\/#organization\",\"name\":\"Algarve 7\",\"url\":\"https:\\\/\\\/algarve7.pt\\\/\",\"logo\":{\"@type\":\"ImageObject\",\"inLanguage\":\"pt-PT\",\"@id\":\"https:\\\/\\\/algarve7.pt\\\/#\\\/schema\\\/logo\\\/image\\\/\",\"url\":\"https:\\\/\\\/algarve7.pt\\\/wp-content\\\/uploads\\\/2020\\\/10\\\/Logo-8.jpg\",\"contentUrl\":\"https:\\\/\\\/algarve7.pt\\\/wp-content\\\/uploads\\\/2020\\\/10\\\/Logo-8.jpg\",\"width\":1680,\"height\":1186,\"caption\":\"Algarve 7\"},\"image\":{\"@id\":\"https:\\\/\\\/algarve7.pt\\\/#\\\/schema\\\/logo\\\/image\\\/\"},\"sameAs\":[\"https:\\\/\\\/www.facebook.com\\\/algarve7\",\"https:\\\/\\\/x.com\\\/Algarvesete\",\"https:\\\/\\\/www.instagram.com\\\/jornalalgarve7\\\/\",\"https:\\\/\\\/www.linkedin.com\\\/company\\\/algarve7\",\"https:\\\/\\\/www.pinterest.pt\\\/geral0939\\\/_created\\\/\"]},{\"@type\":\"Person\",\"@id\":\"https:\\\/\\\/algarve7.pt\\\/#\\\/schema\\\/person\\\/23fa70681308e7b319a3204bcea45e0c\",\"name\":\"Algarve 7\",\"sameAs\":[\"https:\\\/\\\/algarve7.pt\",\"https:\\\/\\\/www.facebook.com\\\/algarve7\"],\"url\":\"https:\\\/\\\/algarve7.pt\\\/index.php\\\/author\\\/geralalgarve7-pt\\\/\"}]}<\/script>\n<!-- \/ Yoast SEO plugin. -->","yoast_head_json":{"title":"Lagos apresentou o seu Relat\u00f3rio Volunt\u00e1rio Local - Algarve 7","description":"Lagos apresentou o seu Relat\u00f3rio Volunt\u00e1rio Local Atualidade","robots":{"index":"index","follow":"follow","max-snippet":"max-snippet:-1","max-image-preview":"max-image-preview:large","max-video-preview":"max-video-preview:-1"},"canonical":"https:\/\/algarve7.pt\/index.php\/2025\/07\/lagos-apresentou-o-seu-relatorio-voluntario-local\/atualidade\/10\/27\/","og_locale":"pt_PT","og_type":"article","og_title":"Lagos apresentou o seu Relat\u00f3rio Volunt\u00e1rio Local - Algarve 7","og_description":"Lagos apresentou o seu Relat\u00f3rio Volunt\u00e1rio Local Atualidade","og_url":"https:\/\/algarve7.pt\/index.php\/2025\/07\/lagos-apresentou-o-seu-relatorio-voluntario-local\/atualidade\/10\/27\/","og_site_name":"Algarve 7","article_publisher":"https:\/\/www.facebook.com\/algarve7","article_author":"https:\/\/www.facebook.com\/algarve7","article_published_time":"2025-07-20T09:27:00+00:00","og_image":[{"width":800,"height":500,"url":"https:\/\/algarve7.pt\/wp-content\/uploads\/2025\/07\/Relatorio-Voluntario-Local-5-OCS.jpg","type":"image\/jpeg"}],"author":"Algarve 7","twitter_card":"summary_large_image","twitter_creator":"@Algarvesete","twitter_site":"@Algarvesete","twitter_misc":{"Escrito por":"Algarve 7","Tempo estimado de leitura":"4 minutos"},"schema":{"@context":"https:\/\/schema.org","@graph":[{"@type":"Article","@id":"https:\/\/algarve7.pt\/index.php\/2025\/07\/lagos-apresentou-o-seu-relatorio-voluntario-local\/atualidade\/10\/27\/#article","isPartOf":{"@id":"https:\/\/algarve7.pt\/index.php\/2025\/07\/lagos-apresentou-o-seu-relatorio-voluntario-local\/atualidade\/10\/27\/"},"author":{"name":"Algarve 7","@id":"https:\/\/algarve7.pt\/#\/schema\/person\/23fa70681308e7b319a3204bcea45e0c"},"headline":"Lagos apresentou o seu Relat\u00f3rio Volunt\u00e1rio Local","datePublished":"2025-07-20T09:27:00+00:00","mainEntityOfPage":{"@id":"https:\/\/algarve7.pt\/index.php\/2025\/07\/lagos-apresentou-o-seu-relatorio-voluntario-local\/atualidade\/10\/27\/"},"wordCount":630,"publisher":{"@id":"https:\/\/algarve7.pt\/#organization"},"image":{"@id":"https:\/\/algarve7.pt\/index.php\/2025\/07\/lagos-apresentou-o-seu-relatorio-voluntario-local\/atualidade\/10\/27\/#primaryimage"},"thumbnailUrl":"https:\/\/algarve7.pt\/wp-content\/uploads\/2025\/07\/Relatorio-Voluntario-Local-5-OCS.jpg","keywords":["Algarve","Atualidade","Lagos"],"articleSection":["Atualidade"],"inLanguage":"pt-PT"},{"@type":"WebPage","@id":"https:\/\/algarve7.pt\/index.php\/2025\/07\/lagos-apresentou-o-seu-relatorio-voluntario-local\/atualidade\/10\/27\/","url":"https:\/\/algarve7.pt\/index.php\/2025\/07\/lagos-apresentou-o-seu-relatorio-voluntario-local\/atualidade\/10\/27\/","name":"Lagos apresentou o seu Relat\u00f3rio Volunt\u00e1rio Local - Algarve 7","isPartOf":{"@id":"https:\/\/algarve7.pt\/#website"},"primaryImageOfPage":{"@id":"https:\/\/algarve7.pt\/index.php\/2025\/07\/lagos-apresentou-o-seu-relatorio-voluntario-local\/atualidade\/10\/27\/#primaryimage"},"image":{"@id":"https:\/\/algarve7.pt\/index.php\/2025\/07\/lagos-apresentou-o-seu-relatorio-voluntario-local\/atualidade\/10\/27\/#primaryimage"},"thumbnailUrl":"https:\/\/algarve7.pt\/wp-content\/uploads\/2025\/07\/Relatorio-Voluntario-Local-5-OCS.jpg","datePublished":"2025-07-20T09:27:00+00:00","description":"Lagos apresentou o seu Relat\u00f3rio Volunt\u00e1rio Local Atualidade","breadcrumb":{"@id":"https:\/\/algarve7.pt\/index.php\/2025\/07\/lagos-apresentou-o-seu-relatorio-voluntario-local\/atualidade\/10\/27\/#breadcrumb"},"inLanguage":"pt-PT","potentialAction":[{"@type":"ReadAction","target":["https:\/\/algarve7.pt\/index.php\/2025\/07\/lagos-apresentou-o-seu-relatorio-voluntario-local\/atualidade\/10\/27\/"]}]},{"@type":"ImageObject","inLanguage":"pt-PT","@id":"https:\/\/algarve7.pt\/index.php\/2025\/07\/lagos-apresentou-o-seu-relatorio-voluntario-local\/atualidade\/10\/27\/#primaryimage","url":"https:\/\/algarve7.pt\/wp-content\/uploads\/2025\/07\/Relatorio-Voluntario-Local-5-OCS.jpg","contentUrl":"https:\/\/algarve7.pt\/wp-content\/uploads\/2025\/07\/Relatorio-Voluntario-Local-5-OCS.jpg","width":800,"height":500,"caption":"Apresenta\u00e7\u00e3o Relatorio Voluntario Local"},{"@type":"BreadcrumbList","@id":"https:\/\/algarve7.pt\/index.php\/2025\/07\/lagos-apresentou-o-seu-relatorio-voluntario-local\/atualidade\/10\/27\/#breadcrumb","itemListElement":[{"@type":"ListItem","position":1,"name":"In\u00edcio","item":"https:\/\/algarve7.pt\/"},{"@type":"ListItem","position":2,"name":"Lagos apresentou o seu Relat\u00f3rio Volunt\u00e1rio Local"}]},{"@type":"WebSite","@id":"https:\/\/algarve7.pt\/#website","url":"https:\/\/algarve7.pt\/","name":"Algarve 7","description":"Informa\u00e7\u00e3o sobre o Algarve","publisher":{"@id":"https:\/\/algarve7.pt\/#organization"},"potentialAction":[{"@type":"SearchAction","target":{"@type":"EntryPoint","urlTemplate":"https:\/\/algarve7.pt\/?s={search_term_string}"},"query-input":{"@type":"PropertyValueSpecification","valueRequired":true,"valueName":"search_term_string"}}],"inLanguage":"pt-PT"},{"@type":"Organization","@id":"https:\/\/algarve7.pt\/#organization","name":"Algarve 7","url":"https:\/\/algarve7.pt\/","logo":{"@type":"ImageObject","inLanguage":"pt-PT","@id":"https:\/\/algarve7.pt\/#\/schema\/logo\/image\/","url":"https:\/\/algarve7.pt\/wp-content\/uploads\/2020\/10\/Logo-8.jpg","contentUrl":"https:\/\/algarve7.pt\/wp-content\/uploads\/2020\/10\/Logo-8.jpg","width":1680,"height":1186,"caption":"Algarve 7"},"image":{"@id":"https:\/\/algarve7.pt\/#\/schema\/logo\/image\/"},"sameAs":["https:\/\/www.facebook.com\/algarve7","https:\/\/x.com\/Algarvesete","https:\/\/www.instagram.com\/jornalalgarve7\/","https:\/\/www.linkedin.com\/company\/algarve7","https:\/\/www.pinterest.pt\/geral0939\/_created\/"]},{"@type":"Person","@id":"https:\/\/algarve7.pt\/#\/schema\/person\/23fa70681308e7b319a3204bcea45e0c","name":"Algarve 7","sameAs":["https:\/\/algarve7.pt","https:\/\/www.facebook.com\/algarve7"],"url":"https:\/\/algarve7.pt\/index.php\/author\/geralalgarve7-pt\/"}]}},"jetpack_publicize_connections":[],"jetpack_featured_media_url":"https:\/\/algarve7.pt\/wp-content\/uploads\/2025\/07\/Relatorio-Voluntario-Local-5-OCS.jpg","jetpack_shortlink":"https:\/\/wp.me\/pcezmW-dG7","jetpack_sharing_enabled":true,"_links":{"self":[{"href":"https:\/\/algarve7.pt\/index.php\/wp-json\/wp\/v2\/posts\/52583","targetHints":{"allow":["GET"]}}],"collection":[{"href":"https:\/\/algarve7.pt\/index.php\/wp-json\/wp\/v2\/posts"}],"about":[{"href":"https:\/\/algarve7.pt\/index.php\/wp-json\/wp\/v2\/types\/post"}],"author":[{"embeddable":true,"href":"https:\/\/algarve7.pt\/index.php\/wp-json\/wp\/v2\/users\/1"}],"replies":[{"embeddable":true,"href":"https:\/\/algarve7.pt\/index.php\/wp-json\/wp\/v2\/comments?post=52583"}],"version-history":[{"count":0,"href":"https:\/\/algarve7.pt\/index.php\/wp-json\/wp\/v2\/posts\/52583\/revisions"}],"wp:featuredmedia":[{"embeddable":true,"href":"https:\/\/algarve7.pt\/index.php\/wp-json\/wp\/v2\/media\/52584"}],"wp:attachment":[{"href":"https:\/\/algarve7.pt\/index.php\/wp-json\/wp\/v2\/media?parent=52583"}],"wp:term":[{"taxonomy":"category","embeddable":true,"href":"https:\/\/algarve7.pt\/index.php\/wp-json\/wp\/v2\/categories?post=52583"},{"taxonomy":"post_tag","embeddable":true,"href":"https:\/\/algarve7.pt\/index.php\/wp-json\/wp\/v2\/tags?post=52583"}],"curies":[{"name":"wp","href":"https:\/\/api.w.org\/{rel}","templated":true}]}}