{"id":52514,"date":"2025-07-16T12:51:26","date_gmt":"2025-07-16T11:51:26","guid":{"rendered":"https:\/\/algarve7.pt\/?p=52514"},"modified":"2025-07-16T12:51:29","modified_gmt":"2025-07-16T11:51:29","slug":"sao-bras-de-alportel-reforca-defesa-da-floresta-com-trabalhos-de-silvicultura-e-beneficiacao-da-rede-viaria-florestal","status":"publish","type":"post","link":"https:\/\/algarve7.pt\/index.php\/2025\/07\/sao-bras-de-alportel-reforca-defesa-da-floresta-com-trabalhos-de-silvicultura-e-beneficiacao-da-rede-viaria-florestal\/ambiente\/12\/51\/","title":{"rendered":"S\u00e3o Br\u00e1s de Alportel refor\u00e7a defesa da floresta com trabalhos de silvicultura e beneficia\u00e7\u00e3o da rede vi\u00e1ria florestal"},"content":{"rendered":"\n<p><strong>A C\u00e2mara Municipal de S\u00e3o Br\u00e1s de Alportel continua a investir na preven\u00e7\u00e3o dos inc\u00eandios e na seguran\u00e7a da popula\u00e7\u00e3o, com uma estrat\u00e9gia anual que integra um conjunto de a\u00e7\u00f5es que visam prevenir inc\u00eandios rurais e garantir melhores condi\u00e7\u00f5es de acessibilidade no territ\u00f3rio rural e florestal.<\/strong><\/p>\n\n\n\n<p>Estas a\u00e7\u00f5es abrangem, entre outros trabalhos, a repara\u00e7\u00e3o de mais de 54 quil\u00f3metros de caminhos rurais e a realiza\u00e7\u00e3o de silvicultura preventiva em mais de 160 hectares (limpeza de vegeta\u00e7\u00e3o).<\/p>\n\n\n\n<p>Apesar da forte pluviosidade que se fez sentir at\u00e9 ao m\u00eas de maio e que condicionou o calend\u00e1rio previsto, a maior parte das interven\u00e7\u00f5es j\u00e1 se encontra executada, encontrando-se os trabalhos atualmente em fase de conclus\u00e3o.<\/p>\n\n\n\n<p>Por administra\u00e7\u00e3o direta, est\u00e1 a ser realizada a limpeza de bermas em diversos caminhos municipais, uma a\u00e7\u00e3o essencial para a seguran\u00e7a rodovi\u00e1ria, o acesso a zonas agr\u00edcolas e florestais, bem como para a cria\u00e7\u00e3o de faixas de gest\u00e3o de combust\u00edvel que dificultam a propaga\u00e7\u00e3o de inc\u00eandios.<\/p>\n\n\n\n<p>Paralelamente, foi adjudicada \u00e0 empresa Mateus de Brito Constru\u00e7\u00f5es LDA a manuten\u00e7\u00e3o da rede vi\u00e1ria florestal, numa extens\u00e3o aproximada de 54 quil\u00f3metros, com um investimento de 33.150,00 euros, acrescidos de IVA. Esta opera\u00e7\u00e3o \u00e9 vital para garantir acessos em seguran\u00e7a aos meios de socorro, facilitando a vigil\u00e2ncia e o combate a eventuais focos de inc\u00eandio.<\/p>\n\n\n\n<p>Importa recordar que, este ano, a limpeza de bermas abrangeu um total de 227 quil\u00f3metros assegurados entre recursos pr\u00f3prios do Munic\u00edpio e empresas contratadas.<\/p>\n\n\n\n<p>A par dos benef\u00edcios not\u00f3rios para a atua\u00e7\u00e3o dos agentes de prote\u00e7\u00e3o civil em caso de emerg\u00eancia, esta interven\u00e7\u00e3o proporciona tamb\u00e9m vantagens significativas para os produtores florestais, apicultores e operadores tur\u00edsticos, ao melhorar os acessos \u00e0s \u00e1reas rurais e de montanha, potenciando assim a dinamiza\u00e7\u00e3o econ\u00f3mica e a valoriza\u00e7\u00e3o sustent\u00e1vel do territ\u00f3rio.<\/p>\n\n\n\n<p>A cria\u00e7\u00e3o de faixas de gest\u00e3o de combust\u00edvel abrangeu um total de 121 hectares, destinadas \u00e0 prote\u00e7\u00e3o da rede vi\u00e1ria florestal e de tr\u00eas aglomerados populacionais localizados em Outeiro, Cova da Muda e Javali, com um investimento na ordem dos 50 mil euros.<\/p>\n\n\n\n<p>A Associa\u00e7\u00e3o de Produtores Florestais da Serra do Caldeir\u00e3o (APFSC) \u00e9 um parceiro fundamental na preven\u00e7\u00e3o e combate aos inc\u00eandios florestais. Para al\u00e9m do importante trabalho que realiza ao n\u00edvel da silvicultura preventiva, da limpeza de caminhos e da gest\u00e3o de faixas de combust\u00edvel \u2014 a\u00e7\u00f5es essenciais para reduzir o risco de inc\u00eandio \u2014 a associa\u00e7\u00e3o mant\u00e9m, durante o per\u00edodo cr\u00edtico, a sua equipa de sapadores florestais permanentemente no terreno, em vigil\u00e2ncia e equipada com um kit de primeira interven\u00e7\u00e3o. Este ano, a APFSC est\u00e1 a colaborar na execu\u00e7\u00e3o de aproximadamente 38,84 hectares de faixas de gest\u00e3o de combust\u00edvel, representando um investimento de 22.000 euros.&nbsp;<\/p>\n\n\n\n<p>Importa referir que a faixa de gest\u00e3o prim\u00e1ria \u00e9 realizada num setor diferente a cada ano, seguindo um ciclo rotativo que recome\u00e7a do in\u00edcio ap\u00f3s a conclus\u00e3o de todos os setores.<\/p>\n\n\n\n<p>Neste esfor\u00e7o cont\u00ednuo de prote\u00e7\u00e3o, o Munic\u00edpio conta com a sua Equipa de Sapadores Florestais, que realiza importantes trabalhos de silvicultura preventiva em caminhos e terrenos municipais, bem como na envolvente de habita\u00e7\u00f5es.&nbsp;<\/p>\n\n\n\n<p>Em dias com estado de prontid\u00e3o especial, esta equipa assegura tamb\u00e9m a\u00e7\u00f5es de vigil\u00e2ncia e est\u00e1 preparada para uma primeira interven\u00e7\u00e3o em caso de ocorr\u00eancias no concelho.<\/p>\n\n\n\n<p>Estas a\u00e7\u00f5es integram a Estrat\u00e9gia Municipal de Preven\u00e7\u00e3o e Defesa da Floresta Contra Inc\u00eandios e refletem a estrat\u00e9gia cont\u00ednua do Munic\u00edpio para refor\u00e7ar a resili\u00eancia dos ecossistemas, apoiar a economia local e proteger o patrim\u00f3nio natural e humano de S\u00e3o Br\u00e1s de Alportel.<\/p>\n","protected":false},"excerpt":{"rendered":"<p>A C\u00e2mara Municipal de S\u00e3o Br\u00e1s de Alportel continua a investir na preven\u00e7\u00e3o dos inc\u00eandios e na seguran\u00e7a da popula\u00e7\u00e3o,<\/p>\n","protected":false},"author":1,"featured_media":52515,"comment_status":"closed","ping_status":"closed","sticky":false,"template":"","format":"standard","meta":{"colormag_page_container_layout":"default_layout","colormag_page_sidebar_layout":"default_layout","_monsterinsights_skip_tracking":false,"_monsterinsights_sitenote_active":false,"_monsterinsights_sitenote_note":"","_monsterinsights_sitenote_category":0,"jetpack_post_was_ever_published":false,"_jetpack_newsletter_access":"","_jetpack_dont_email_post_to_subs":false,"_jetpack_newsletter_tier_id":0,"_jetpack_memberships_contains_paywalled_content":false,"_jetpack_memberships_contains_paid_content":false,"footnotes":"","jetpack_publicize_message":"","jetpack_publicize_feature_enabled":true,"jetpack_social_post_already_shared":false,"jetpack_social_options":{"image_generator_settings":{"template":"highway","default_image_id":0,"font":"","enabled":false},"version":2}},"categories":[5],"tags":[36,32,63],"class_list":["post-52514","post","type-post","status-publish","format-standard","has-post-thumbnail","hentry","category-ambiente","tag-algarve","tag-ambiente","tag-sao-bras-de-alportel"],"yoast_head":"<!-- This site is optimized with the Yoast SEO plugin v27.5 - https:\/\/yoast.com\/product\/yoast-seo-wordpress\/ -->\n<title>S\u00e3o Br\u00e1s de Alportel refor\u00e7a defesa da floresta com trabalhos de silvicultura e beneficia\u00e7\u00e3o da rede vi\u00e1ria florestal - Algarve 7<\/title>\n<meta name=\"description\" content=\"S\u00e3o Br\u00e1s de Alportel refor\u00e7a defesa da floresta com trabalhos de silvicultura e beneficia\u00e7\u00e3o da rede vi\u00e1ria florestal Ambiente\" \/>\n<meta name=\"robots\" content=\"index, follow, max-snippet:-1, max-image-preview:large, max-video-preview:-1\" \/>\n<link rel=\"canonical\" href=\"https:\/\/algarve7.pt\/index.php\/2025\/07\/sao-bras-de-alportel-reforca-defesa-da-floresta-com-trabalhos-de-silvicultura-e-beneficiacao-da-rede-viaria-florestal\/ambiente\/12\/51\/\" \/>\n<meta property=\"og:locale\" content=\"pt_PT\" \/>\n<meta property=\"og:type\" content=\"article\" \/>\n<meta property=\"og:title\" content=\"S\u00e3o Br\u00e1s de Alportel refor\u00e7a defesa da floresta com trabalhos de silvicultura e beneficia\u00e7\u00e3o da rede vi\u00e1ria florestal - Algarve 7\" \/>\n<meta property=\"og:description\" content=\"S\u00e3o Br\u00e1s de Alportel refor\u00e7a defesa da floresta com trabalhos de silvicultura e beneficia\u00e7\u00e3o da rede vi\u00e1ria florestal Ambiente\" \/>\n<meta property=\"og:url\" content=\"https:\/\/algarve7.pt\/index.php\/2025\/07\/sao-bras-de-alportel-reforca-defesa-da-floresta-com-trabalhos-de-silvicultura-e-beneficiacao-da-rede-viaria-florestal\/ambiente\/12\/51\/\" \/>\n<meta property=\"og:site_name\" content=\"Algarve 7\" \/>\n<meta property=\"article:publisher\" content=\"https:\/\/www.facebook.com\/algarve7\" \/>\n<meta property=\"article:author\" content=\"https:\/\/www.facebook.com\/algarve7\" \/>\n<meta property=\"article:published_time\" content=\"2025-07-16T11:51:26+00:00\" \/>\n<meta property=\"article:modified_time\" content=\"2025-07-16T11:51:29+00:00\" \/>\n<meta property=\"og:image\" content=\"https:\/\/algarve7.pt\/wp-content\/uploads\/2025\/07\/Defesa-Florestal-1.jpeg\" \/>\n\t<meta property=\"og:image:width\" content=\"800\" \/>\n\t<meta property=\"og:image:height\" content=\"520\" \/>\n\t<meta property=\"og:image:type\" content=\"image\/jpeg\" \/>\n<meta name=\"author\" content=\"Algarve 7\" \/>\n<meta name=\"twitter:card\" content=\"summary_large_image\" \/>\n<meta name=\"twitter:creator\" content=\"@Algarvesete\" \/>\n<meta name=\"twitter:site\" content=\"@Algarvesete\" \/>\n<meta name=\"twitter:label1\" content=\"Escrito por\" \/>\n\t<meta name=\"twitter:data1\" content=\"Algarve 7\" \/>\n\t<meta name=\"twitter:label2\" content=\"Tempo estimado de leitura\" \/>\n\t<meta name=\"twitter:data2\" content=\"4 minutos\" \/>\n<script type=\"application\/ld+json\" class=\"yoast-schema-graph\">{\"@context\":\"https:\\\/\\\/schema.org\",\"@graph\":[{\"@type\":\"Article\",\"@id\":\"https:\\\/\\\/algarve7.pt\\\/index.php\\\/2025\\\/07\\\/sao-bras-de-alportel-reforca-defesa-da-floresta-com-trabalhos-de-silvicultura-e-beneficiacao-da-rede-viaria-florestal\\\/ambiente\\\/12\\\/51\\\/#article\",\"isPartOf\":{\"@id\":\"https:\\\/\\\/algarve7.pt\\\/index.php\\\/2025\\\/07\\\/sao-bras-de-alportel-reforca-defesa-da-floresta-com-trabalhos-de-silvicultura-e-beneficiacao-da-rede-viaria-florestal\\\/ambiente\\\/12\\\/51\\\/\"},\"author\":{\"name\":\"Algarve 7\",\"@id\":\"https:\\\/\\\/algarve7.pt\\\/#\\\/schema\\\/person\\\/23fa70681308e7b319a3204bcea45e0c\"},\"headline\":\"S\u00e3o Br\u00e1s de Alportel refor\u00e7a defesa da floresta com trabalhos de silvicultura e beneficia\u00e7\u00e3o da rede vi\u00e1ria florestal\",\"datePublished\":\"2025-07-16T11:51:26+00:00\",\"dateModified\":\"2025-07-16T11:51:29+00:00\",\"mainEntityOfPage\":{\"@id\":\"https:\\\/\\\/algarve7.pt\\\/index.php\\\/2025\\\/07\\\/sao-bras-de-alportel-reforca-defesa-da-floresta-com-trabalhos-de-silvicultura-e-beneficiacao-da-rede-viaria-florestal\\\/ambiente\\\/12\\\/51\\\/\"},\"wordCount\":690,\"publisher\":{\"@id\":\"https:\\\/\\\/algarve7.pt\\\/#organization\"},\"image\":{\"@id\":\"https:\\\/\\\/algarve7.pt\\\/index.php\\\/2025\\\/07\\\/sao-bras-de-alportel-reforca-defesa-da-floresta-com-trabalhos-de-silvicultura-e-beneficiacao-da-rede-viaria-florestal\\\/ambiente\\\/12\\\/51\\\/#primaryimage\"},\"thumbnailUrl\":\"https:\\\/\\\/algarve7.pt\\\/wp-content\\\/uploads\\\/2025\\\/07\\\/Defesa-Florestal-1.jpeg\",\"keywords\":[\"Algarve\",\"Ambiente\",\"S\u00e3o Br\u00e1s de Alportel\"],\"articleSection\":[\"Ambiente\"],\"inLanguage\":\"pt-PT\"},{\"@type\":\"WebPage\",\"@id\":\"https:\\\/\\\/algarve7.pt\\\/index.php\\\/2025\\\/07\\\/sao-bras-de-alportel-reforca-defesa-da-floresta-com-trabalhos-de-silvicultura-e-beneficiacao-da-rede-viaria-florestal\\\/ambiente\\\/12\\\/51\\\/\",\"url\":\"https:\\\/\\\/algarve7.pt\\\/index.php\\\/2025\\\/07\\\/sao-bras-de-alportel-reforca-defesa-da-floresta-com-trabalhos-de-silvicultura-e-beneficiacao-da-rede-viaria-florestal\\\/ambiente\\\/12\\\/51\\\/\",\"name\":\"S\u00e3o Br\u00e1s de Alportel refor\u00e7a defesa da floresta com trabalhos de silvicultura e beneficia\u00e7\u00e3o da rede vi\u00e1ria florestal - Algarve 7\",\"isPartOf\":{\"@id\":\"https:\\\/\\\/algarve7.pt\\\/#website\"},\"primaryImageOfPage\":{\"@id\":\"https:\\\/\\\/algarve7.pt\\\/index.php\\\/2025\\\/07\\\/sao-bras-de-alportel-reforca-defesa-da-floresta-com-trabalhos-de-silvicultura-e-beneficiacao-da-rede-viaria-florestal\\\/ambiente\\\/12\\\/51\\\/#primaryimage\"},\"image\":{\"@id\":\"https:\\\/\\\/algarve7.pt\\\/index.php\\\/2025\\\/07\\\/sao-bras-de-alportel-reforca-defesa-da-floresta-com-trabalhos-de-silvicultura-e-beneficiacao-da-rede-viaria-florestal\\\/ambiente\\\/12\\\/51\\\/#primaryimage\"},\"thumbnailUrl\":\"https:\\\/\\\/algarve7.pt\\\/wp-content\\\/uploads\\\/2025\\\/07\\\/Defesa-Florestal-1.jpeg\",\"datePublished\":\"2025-07-16T11:51:26+00:00\",\"dateModified\":\"2025-07-16T11:51:29+00:00\",\"description\":\"S\u00e3o Br\u00e1s de Alportel refor\u00e7a defesa da floresta com trabalhos de silvicultura e beneficia\u00e7\u00e3o da rede vi\u00e1ria florestal Ambiente\",\"breadcrumb\":{\"@id\":\"https:\\\/\\\/algarve7.pt\\\/index.php\\\/2025\\\/07\\\/sao-bras-de-alportel-reforca-defesa-da-floresta-com-trabalhos-de-silvicultura-e-beneficiacao-da-rede-viaria-florestal\\\/ambiente\\\/12\\\/51\\\/#breadcrumb\"},\"inLanguage\":\"pt-PT\",\"potentialAction\":[{\"@type\":\"ReadAction\",\"target\":[\"https:\\\/\\\/algarve7.pt\\\/index.php\\\/2025\\\/07\\\/sao-bras-de-alportel-reforca-defesa-da-floresta-com-trabalhos-de-silvicultura-e-beneficiacao-da-rede-viaria-florestal\\\/ambiente\\\/12\\\/51\\\/\"]}]},{\"@type\":\"ImageObject\",\"inLanguage\":\"pt-PT\",\"@id\":\"https:\\\/\\\/algarve7.pt\\\/index.php\\\/2025\\\/07\\\/sao-bras-de-alportel-reforca-defesa-da-floresta-com-trabalhos-de-silvicultura-e-beneficiacao-da-rede-viaria-florestal\\\/ambiente\\\/12\\\/51\\\/#primaryimage\",\"url\":\"https:\\\/\\\/algarve7.pt\\\/wp-content\\\/uploads\\\/2025\\\/07\\\/Defesa-Florestal-1.jpeg\",\"contentUrl\":\"https:\\\/\\\/algarve7.pt\\\/wp-content\\\/uploads\\\/2025\\\/07\\\/Defesa-Florestal-1.jpeg\",\"width\":800,\"height\":520},{\"@type\":\"BreadcrumbList\",\"@id\":\"https:\\\/\\\/algarve7.pt\\\/index.php\\\/2025\\\/07\\\/sao-bras-de-alportel-reforca-defesa-da-floresta-com-trabalhos-de-silvicultura-e-beneficiacao-da-rede-viaria-florestal\\\/ambiente\\\/12\\\/51\\\/#breadcrumb\",\"itemListElement\":[{\"@type\":\"ListItem\",\"position\":1,\"name\":\"In\u00edcio\",\"item\":\"https:\\\/\\\/algarve7.pt\\\/\"},{\"@type\":\"ListItem\",\"position\":2,\"name\":\"S\u00e3o Br\u00e1s de Alportel refor\u00e7a defesa da floresta com trabalhos de silvicultura e beneficia\u00e7\u00e3o da rede vi\u00e1ria florestal\"}]},{\"@type\":\"WebSite\",\"@id\":\"https:\\\/\\\/algarve7.pt\\\/#website\",\"url\":\"https:\\\/\\\/algarve7.pt\\\/\",\"name\":\"Algarve 7\",\"description\":\"Informa\u00e7\u00e3o sobre o Algarve\",\"publisher\":{\"@id\":\"https:\\\/\\\/algarve7.pt\\\/#organization\"},\"potentialAction\":[{\"@type\":\"SearchAction\",\"target\":{\"@type\":\"EntryPoint\",\"urlTemplate\":\"https:\\\/\\\/algarve7.pt\\\/?s={search_term_string}\"},\"query-input\":{\"@type\":\"PropertyValueSpecification\",\"valueRequired\":true,\"valueName\":\"search_term_string\"}}],\"inLanguage\":\"pt-PT\"},{\"@type\":\"Organization\",\"@id\":\"https:\\\/\\\/algarve7.pt\\\/#organization\",\"name\":\"Algarve 7\",\"url\":\"https:\\\/\\\/algarve7.pt\\\/\",\"logo\":{\"@type\":\"ImageObject\",\"inLanguage\":\"pt-PT\",\"@id\":\"https:\\\/\\\/algarve7.pt\\\/#\\\/schema\\\/logo\\\/image\\\/\",\"url\":\"https:\\\/\\\/algarve7.pt\\\/wp-content\\\/uploads\\\/2020\\\/10\\\/Logo-8.jpg\",\"contentUrl\":\"https:\\\/\\\/algarve7.pt\\\/wp-content\\\/uploads\\\/2020\\\/10\\\/Logo-8.jpg\",\"width\":1680,\"height\":1186,\"caption\":\"Algarve 7\"},\"image\":{\"@id\":\"https:\\\/\\\/algarve7.pt\\\/#\\\/schema\\\/logo\\\/image\\\/\"},\"sameAs\":[\"https:\\\/\\\/www.facebook.com\\\/algarve7\",\"https:\\\/\\\/x.com\\\/Algarvesete\",\"https:\\\/\\\/www.instagram.com\\\/jornalalgarve7\\\/\",\"https:\\\/\\\/www.linkedin.com\\\/company\\\/algarve7\",\"https:\\\/\\\/www.pinterest.pt\\\/geral0939\\\/_created\\\/\"]},{\"@type\":\"Person\",\"@id\":\"https:\\\/\\\/algarve7.pt\\\/#\\\/schema\\\/person\\\/23fa70681308e7b319a3204bcea45e0c\",\"name\":\"Algarve 7\",\"sameAs\":[\"https:\\\/\\\/algarve7.pt\",\"https:\\\/\\\/www.facebook.com\\\/algarve7\"],\"url\":\"https:\\\/\\\/algarve7.pt\\\/index.php\\\/author\\\/geralalgarve7-pt\\\/\"}]}<\/script>\n<!-- \/ Yoast SEO plugin. -->","yoast_head_json":{"title":"S\u00e3o Br\u00e1s de Alportel refor\u00e7a defesa da floresta com trabalhos de silvicultura e beneficia\u00e7\u00e3o da rede vi\u00e1ria florestal - Algarve 7","description":"S\u00e3o Br\u00e1s de Alportel refor\u00e7a defesa da floresta com trabalhos de silvicultura e beneficia\u00e7\u00e3o da rede vi\u00e1ria florestal Ambiente","robots":{"index":"index","follow":"follow","max-snippet":"max-snippet:-1","max-image-preview":"max-image-preview:large","max-video-preview":"max-video-preview:-1"},"canonical":"https:\/\/algarve7.pt\/index.php\/2025\/07\/sao-bras-de-alportel-reforca-defesa-da-floresta-com-trabalhos-de-silvicultura-e-beneficiacao-da-rede-viaria-florestal\/ambiente\/12\/51\/","og_locale":"pt_PT","og_type":"article","og_title":"S\u00e3o Br\u00e1s de Alportel refor\u00e7a defesa da floresta com trabalhos de silvicultura e beneficia\u00e7\u00e3o da rede vi\u00e1ria florestal - Algarve 7","og_description":"S\u00e3o Br\u00e1s de Alportel refor\u00e7a defesa da floresta com trabalhos de silvicultura e beneficia\u00e7\u00e3o da rede vi\u00e1ria florestal Ambiente","og_url":"https:\/\/algarve7.pt\/index.php\/2025\/07\/sao-bras-de-alportel-reforca-defesa-da-floresta-com-trabalhos-de-silvicultura-e-beneficiacao-da-rede-viaria-florestal\/ambiente\/12\/51\/","og_site_name":"Algarve 7","article_publisher":"https:\/\/www.facebook.com\/algarve7","article_author":"https:\/\/www.facebook.com\/algarve7","article_published_time":"2025-07-16T11:51:26+00:00","article_modified_time":"2025-07-16T11:51:29+00:00","og_image":[{"width":800,"height":520,"url":"https:\/\/algarve7.pt\/wp-content\/uploads\/2025\/07\/Defesa-Florestal-1.jpeg","type":"image\/jpeg"}],"author":"Algarve 7","twitter_card":"summary_large_image","twitter_creator":"@Algarvesete","twitter_site":"@Algarvesete","twitter_misc":{"Escrito por":"Algarve 7","Tempo estimado de leitura":"4 minutos"},"schema":{"@context":"https:\/\/schema.org","@graph":[{"@type":"Article","@id":"https:\/\/algarve7.pt\/index.php\/2025\/07\/sao-bras-de-alportel-reforca-defesa-da-floresta-com-trabalhos-de-silvicultura-e-beneficiacao-da-rede-viaria-florestal\/ambiente\/12\/51\/#article","isPartOf":{"@id":"https:\/\/algarve7.pt\/index.php\/2025\/07\/sao-bras-de-alportel-reforca-defesa-da-floresta-com-trabalhos-de-silvicultura-e-beneficiacao-da-rede-viaria-florestal\/ambiente\/12\/51\/"},"author":{"name":"Algarve 7","@id":"https:\/\/algarve7.pt\/#\/schema\/person\/23fa70681308e7b319a3204bcea45e0c"},"headline":"S\u00e3o Br\u00e1s de Alportel refor\u00e7a defesa da floresta com trabalhos de silvicultura e beneficia\u00e7\u00e3o da rede vi\u00e1ria florestal","datePublished":"2025-07-16T11:51:26+00:00","dateModified":"2025-07-16T11:51:29+00:00","mainEntityOfPage":{"@id":"https:\/\/algarve7.pt\/index.php\/2025\/07\/sao-bras-de-alportel-reforca-defesa-da-floresta-com-trabalhos-de-silvicultura-e-beneficiacao-da-rede-viaria-florestal\/ambiente\/12\/51\/"},"wordCount":690,"publisher":{"@id":"https:\/\/algarve7.pt\/#organization"},"image":{"@id":"https:\/\/algarve7.pt\/index.php\/2025\/07\/sao-bras-de-alportel-reforca-defesa-da-floresta-com-trabalhos-de-silvicultura-e-beneficiacao-da-rede-viaria-florestal\/ambiente\/12\/51\/#primaryimage"},"thumbnailUrl":"https:\/\/algarve7.pt\/wp-content\/uploads\/2025\/07\/Defesa-Florestal-1.jpeg","keywords":["Algarve","Ambiente","S\u00e3o Br\u00e1s de Alportel"],"articleSection":["Ambiente"],"inLanguage":"pt-PT"},{"@type":"WebPage","@id":"https:\/\/algarve7.pt\/index.php\/2025\/07\/sao-bras-de-alportel-reforca-defesa-da-floresta-com-trabalhos-de-silvicultura-e-beneficiacao-da-rede-viaria-florestal\/ambiente\/12\/51\/","url":"https:\/\/algarve7.pt\/index.php\/2025\/07\/sao-bras-de-alportel-reforca-defesa-da-floresta-com-trabalhos-de-silvicultura-e-beneficiacao-da-rede-viaria-florestal\/ambiente\/12\/51\/","name":"S\u00e3o Br\u00e1s de Alportel refor\u00e7a defesa da floresta com trabalhos de silvicultura e beneficia\u00e7\u00e3o da rede vi\u00e1ria florestal - Algarve 7","isPartOf":{"@id":"https:\/\/algarve7.pt\/#website"},"primaryImageOfPage":{"@id":"https:\/\/algarve7.pt\/index.php\/2025\/07\/sao-bras-de-alportel-reforca-defesa-da-floresta-com-trabalhos-de-silvicultura-e-beneficiacao-da-rede-viaria-florestal\/ambiente\/12\/51\/#primaryimage"},"image":{"@id":"https:\/\/algarve7.pt\/index.php\/2025\/07\/sao-bras-de-alportel-reforca-defesa-da-floresta-com-trabalhos-de-silvicultura-e-beneficiacao-da-rede-viaria-florestal\/ambiente\/12\/51\/#primaryimage"},"thumbnailUrl":"https:\/\/algarve7.pt\/wp-content\/uploads\/2025\/07\/Defesa-Florestal-1.jpeg","datePublished":"2025-07-16T11:51:26+00:00","dateModified":"2025-07-16T11:51:29+00:00","description":"S\u00e3o Br\u00e1s de Alportel refor\u00e7a defesa da floresta com trabalhos de silvicultura e beneficia\u00e7\u00e3o da rede vi\u00e1ria florestal Ambiente","breadcrumb":{"@id":"https:\/\/algarve7.pt\/index.php\/2025\/07\/sao-bras-de-alportel-reforca-defesa-da-floresta-com-trabalhos-de-silvicultura-e-beneficiacao-da-rede-viaria-florestal\/ambiente\/12\/51\/#breadcrumb"},"inLanguage":"pt-PT","potentialAction":[{"@type":"ReadAction","target":["https:\/\/algarve7.pt\/index.php\/2025\/07\/sao-bras-de-alportel-reforca-defesa-da-floresta-com-trabalhos-de-silvicultura-e-beneficiacao-da-rede-viaria-florestal\/ambiente\/12\/51\/"]}]},{"@type":"ImageObject","inLanguage":"pt-PT","@id":"https:\/\/algarve7.pt\/index.php\/2025\/07\/sao-bras-de-alportel-reforca-defesa-da-floresta-com-trabalhos-de-silvicultura-e-beneficiacao-da-rede-viaria-florestal\/ambiente\/12\/51\/#primaryimage","url":"https:\/\/algarve7.pt\/wp-content\/uploads\/2025\/07\/Defesa-Florestal-1.jpeg","contentUrl":"https:\/\/algarve7.pt\/wp-content\/uploads\/2025\/07\/Defesa-Florestal-1.jpeg","width":800,"height":520},{"@type":"BreadcrumbList","@id":"https:\/\/algarve7.pt\/index.php\/2025\/07\/sao-bras-de-alportel-reforca-defesa-da-floresta-com-trabalhos-de-silvicultura-e-beneficiacao-da-rede-viaria-florestal\/ambiente\/12\/51\/#breadcrumb","itemListElement":[{"@type":"ListItem","position":1,"name":"In\u00edcio","item":"https:\/\/algarve7.pt\/"},{"@type":"ListItem","position":2,"name":"S\u00e3o Br\u00e1s de Alportel refor\u00e7a defesa da floresta com trabalhos de silvicultura e beneficia\u00e7\u00e3o da rede vi\u00e1ria florestal"}]},{"@type":"WebSite","@id":"https:\/\/algarve7.pt\/#website","url":"https:\/\/algarve7.pt\/","name":"Algarve 7","description":"Informa\u00e7\u00e3o sobre o Algarve","publisher":{"@id":"https:\/\/algarve7.pt\/#organization"},"potentialAction":[{"@type":"SearchAction","target":{"@type":"EntryPoint","urlTemplate":"https:\/\/algarve7.pt\/?s={search_term_string}"},"query-input":{"@type":"PropertyValueSpecification","valueRequired":true,"valueName":"search_term_string"}}],"inLanguage":"pt-PT"},{"@type":"Organization","@id":"https:\/\/algarve7.pt\/#organization","name":"Algarve 7","url":"https:\/\/algarve7.pt\/","logo":{"@type":"ImageObject","inLanguage":"pt-PT","@id":"https:\/\/algarve7.pt\/#\/schema\/logo\/image\/","url":"https:\/\/algarve7.pt\/wp-content\/uploads\/2020\/10\/Logo-8.jpg","contentUrl":"https:\/\/algarve7.pt\/wp-content\/uploads\/2020\/10\/Logo-8.jpg","width":1680,"height":1186,"caption":"Algarve 7"},"image":{"@id":"https:\/\/algarve7.pt\/#\/schema\/logo\/image\/"},"sameAs":["https:\/\/www.facebook.com\/algarve7","https:\/\/x.com\/Algarvesete","https:\/\/www.instagram.com\/jornalalgarve7\/","https:\/\/www.linkedin.com\/company\/algarve7","https:\/\/www.pinterest.pt\/geral0939\/_created\/"]},{"@type":"Person","@id":"https:\/\/algarve7.pt\/#\/schema\/person\/23fa70681308e7b319a3204bcea45e0c","name":"Algarve 7","sameAs":["https:\/\/algarve7.pt","https:\/\/www.facebook.com\/algarve7"],"url":"https:\/\/algarve7.pt\/index.php\/author\/geralalgarve7-pt\/"}]}},"jetpack_publicize_connections":[],"jetpack_featured_media_url":"https:\/\/algarve7.pt\/wp-content\/uploads\/2025\/07\/Defesa-Florestal-1.jpeg","jetpack_shortlink":"https:\/\/wp.me\/pcezmW-dF0","jetpack_sharing_enabled":true,"_links":{"self":[{"href":"https:\/\/algarve7.pt\/index.php\/wp-json\/wp\/v2\/posts\/52514","targetHints":{"allow":["GET"]}}],"collection":[{"href":"https:\/\/algarve7.pt\/index.php\/wp-json\/wp\/v2\/posts"}],"about":[{"href":"https:\/\/algarve7.pt\/index.php\/wp-json\/wp\/v2\/types\/post"}],"author":[{"embeddable":true,"href":"https:\/\/algarve7.pt\/index.php\/wp-json\/wp\/v2\/users\/1"}],"replies":[{"embeddable":true,"href":"https:\/\/algarve7.pt\/index.php\/wp-json\/wp\/v2\/comments?post=52514"}],"version-history":[{"count":0,"href":"https:\/\/algarve7.pt\/index.php\/wp-json\/wp\/v2\/posts\/52514\/revisions"}],"wp:featuredmedia":[{"embeddable":true,"href":"https:\/\/algarve7.pt\/index.php\/wp-json\/wp\/v2\/media\/52515"}],"wp:attachment":[{"href":"https:\/\/algarve7.pt\/index.php\/wp-json\/wp\/v2\/media?parent=52514"}],"wp:term":[{"taxonomy":"category","embeddable":true,"href":"https:\/\/algarve7.pt\/index.php\/wp-json\/wp\/v2\/categories?post=52514"},{"taxonomy":"post_tag","embeddable":true,"href":"https:\/\/algarve7.pt\/index.php\/wp-json\/wp\/v2\/tags?post=52514"}],"curies":[{"name":"wp","href":"https:\/\/api.w.org\/{rel}","templated":true}]}}