{"id":52511,"date":"2025-07-16T12:39:13","date_gmt":"2025-07-16T11:39:13","guid":{"rendered":"https:\/\/algarve7.pt\/?p=52511"},"modified":"2025-07-16T12:39:16","modified_gmt":"2025-07-16T11:39:16","slug":"algarve-mobiliza-esforcos-para-qualificar-mais-e-melhor","status":"publish","type":"post","link":"https:\/\/algarve7.pt\/index.php\/2025\/07\/algarve-mobiliza-esforcos-para-qualificar-mais-e-melhor\/educacao\/12\/39\/","title":{"rendered":"Algarve mobiliza esfor\u00e7os para qualificar mais e melhor"},"content":{"rendered":"\n<p><strong>A Universidade do Algarve (UAlg), a Comiss\u00e3o de Coordena\u00e7\u00e3o e Desenvolvimento Regional (CCDR) do Algarve, a Dire\u00e7\u00e3o-Geral dos Estabelecimentos Escolares (DGEsTE) e v\u00e1rios Agrupamentos de Escolas da regi\u00e3o, reuniram esta segunda-feira (14 de julho), unindo esfor\u00e7os para refor\u00e7ar a aposta na qualifica\u00e7\u00e3o dos jovens, com o objetivo de aumentar o n\u00famero de alunos inscritos em Cursos T\u00e9cnicos Superiores Profissionais (CTeSP) apoiados pelos fundos europeus atrav\u00e9s do Programa Regional ALGARVE 2030.<\/strong><\/p>\n\n\n\n<p>A capacita\u00e7\u00e3o de recursos humanos, atrav\u00e9s da educa\u00e7\u00e3o e da forma\u00e7\u00e3o, \u00e9 um fator importante para o crescimento econ\u00f3mico. Num contexto em que o Algarve necessita aumentar as qualifica\u00e7\u00f5es dos recursos humanos, em particular com mais oferta no ensino superior, esta parceria visa&nbsp;<strong>ultrapassar os atuais cerca de 290 alunos por ano letivo em CTeSP<\/strong>&nbsp;<strong>alinhados com a Estrat\u00e9gia Regional de Especializa\u00e7\u00e3o Inteligente (EREI Algarve 2030), para alcan\u00e7ar 400 alunos apoiados anualmente pelo Programa Regional ALGARVE 2030<\/strong>.<\/p>\n\n\n\n<p>Este esfor\u00e7o conjunto surge da necessidade de inverter o d\u00e9fice de qualifica\u00e7\u00e3o, que penaliza a diversifica\u00e7\u00e3o da base econ\u00f3mica e reduz a capacidade de resposta aos desafios da transi\u00e7\u00e3o digital e clim\u00e1tica. A promo\u00e7\u00e3o do ensino superior, sobretudo atrav\u00e9s de vias profissionalizantes como os CTeSP, surge assim como uma prioridade estrat\u00e9gica.<\/p>\n\n\n\n<p>Desde a cria\u00e7\u00e3o dos CTeSP em 2015\/16, a Universidade do Algarve tem vindo a consolidar e expandir a sua oferta formativa, com particular enfoque nas \u00e1reas priorit\u00e1rias da EREI Algarve 2030, como o Turismo, a Economia do Mar, a Sa\u00fade, a Sustentabilidade Ambiental e as Tecnologias Digitais.<\/p>\n\n\n\n<p>A evolu\u00e7\u00e3o tem sido significativa:<\/p>\n\n\n\n<ul class=\"wp-block-list\">\n<li>De 5 CTeSP alinhados com a EREI em 2019\/20, a UAlg oferece agora 13 cursos (2024\/25), com previs\u00e3o de 15 j\u00e1 no pr\u00f3ximo ano letivo (2025\/26).<\/li>\n\n\n\n<li>O n\u00famero de estudantes inscritos no 1.\u00ba ano, pela primeira vez, aumentou de 78 (2019\/20) para 231 (2024\/25), um crescimento de mais de 250%.<\/li>\n\n\n\n<li>O n\u00famero total de estudantes em CTeSP (inclui os apoiados pelo ALGARVE 2030 e alinhados com a EREI) passou de 163 para 424 no mesmo per\u00edodo e prev\u00ea-se que atinja os 460 no ano letivo 2025\/26.<\/li>\n\n\n\n<li>A oferta, antes limitada ao Campus da Penha, foi estendida ao Campus de Gambelas e a Portim\u00e3o.\u00a0<\/li>\n<\/ul>\n\n\n\n<p>Mas o objetivo \u00e9 ser mais ambicioso.&nbsp;<\/p>\n\n\n\n<p>Todos os cursos incluem est\u00e1gios curriculares obrigat\u00f3rios, o que permite uma forte articula\u00e7\u00e3o com as necessidades do tecido empresarial regional, garantindo a empregabilidade dos diplomados.<\/p>\n\n\n\n<p>O Programa Regional ALGARVE 2030 prev\u00ea o apoio a Cursos T\u00e9cnicos Superiores Profissionais, tendo em vista aumentar a taxa de escolariza\u00e7\u00e3o de n\u00edvel superior nos jovens, prioritariamente nos dom\u00ednios estrat\u00e9gicos da EREI Algarve, e que concorram para a diversifica\u00e7\u00e3o da base econ\u00f3mica regional ou respondam aos novos desafios societais. Neste sentido, o<strong>&nbsp;Programa prev\u00ea que seja lan\u00e7ado, j\u00e1 em outubro, um novo Aviso de Concurso<\/strong>, destinado a apoiar institui\u00e7\u00f5es de ensino superior na regi\u00e3o legalmente habilitadas para a oferta de CTeSP.&nbsp;<\/p>\n\n\n\n<p>Esta medida visa consolidar os avan\u00e7os j\u00e1 registados e continuar a mobilizar recursos e parcerias em prol de mais e melhores qualifica\u00e7\u00f5es para os jovens do Algarve, refor\u00e7ando a liga\u00e7\u00e3o entre o sistema educativo e o tecido econ\u00f3mico regional.<\/p>\n\n\n\n<p>O investimento em qualifica\u00e7\u00f5es superiores de curta dura\u00e7\u00e3o \u00e9, assim, uma alavanca essencial para a transforma\u00e7\u00e3o econ\u00f3mica e social da regi\u00e3o, promovendo uma especializa\u00e7\u00e3o inteligente, baseada no conhecimento, na inova\u00e7\u00e3o e na resposta \u00e0s necessidades reais do mercado de trabalho.<\/p>\n\n\n\n<p><br>O Presidente da CCDR Algarve, Jos\u00e9 Apolin\u00e1rio, sublinha que<em>&nbsp;\u201ca qualifica\u00e7\u00e3o dos jovens \u00e9 um des\u00edgnio regional. Para sermos competitivos e enfrentarmos os desafios da transi\u00e7\u00e3o digital e clim\u00e1tica, precisamos de mais jovens qualificados, alinhados com as necessidades do territ\u00f3rio e das empresas. Os CTeSP s\u00e3o uma resposta estrat\u00e9gica, e os fundos europeus geridos no Programa Regional 2030 pretendem justamente responder a esta aposta na qualifica\u00e7\u00e3o \u201c.&nbsp;<\/em><\/p>\n\n\n\n<p><strong>Este investimento representa uma aposta clara na forma\u00e7\u00e3o dos jovens, no combate \u00e0s desigualdades e na valoriza\u00e7\u00e3o do potencial econ\u00f3mico do Algarve.<\/strong><strong><\/strong><\/p>\n","protected":false},"excerpt":{"rendered":"<p>A Universidade do Algarve (UAlg), a Comiss\u00e3o de Coordena\u00e7\u00e3o e Desenvolvimento Regional (CCDR) do Algarve, a Dire\u00e7\u00e3o-Geral dos Estabelecimentos Escolares<\/p>\n","protected":false},"author":1,"featured_media":52512,"comment_status":"closed","ping_status":"closed","sticky":false,"template":"","format":"standard","meta":{"colormag_page_container_layout":"default_layout","colormag_page_sidebar_layout":"default_layout","_monsterinsights_skip_tracking":false,"_monsterinsights_sitenote_active":false,"_monsterinsights_sitenote_note":"","_monsterinsights_sitenote_category":0,"jetpack_post_was_ever_published":false,"_jetpack_newsletter_access":"","_jetpack_dont_email_post_to_subs":false,"_jetpack_newsletter_tier_id":0,"_jetpack_memberships_contains_paywalled_content":false,"_jetpack_memberships_contains_paid_content":false,"footnotes":"","jetpack_publicize_message":"","jetpack_publicize_feature_enabled":true,"jetpack_social_post_already_shared":false,"jetpack_social_options":{"image_generator_settings":{"template":"highway","default_image_id":0,"font":"","enabled":false},"version":2}},"categories":[93],"tags":[36,143,74,182],"class_list":["post-52511","post","type-post","status-publish","format-standard","has-post-thumbnail","hentry","category-educacao","tag-algarve","tag-ccdr-algarve","tag-educacao","tag-ualg"],"yoast_head":"<!-- This site is optimized with the Yoast SEO plugin v27.5 - https:\/\/yoast.com\/product\/yoast-seo-wordpress\/ -->\n<title>Algarve mobiliza esfor\u00e7os para qualificar mais e melhor - Algarve 7<\/title>\n<meta name=\"description\" content=\"Algarve mobiliza esfor\u00e7os para qualificar mais e melhor Educa\u00e7\u00e3o\" \/>\n<meta name=\"robots\" content=\"index, follow, max-snippet:-1, max-image-preview:large, max-video-preview:-1\" \/>\n<link rel=\"canonical\" href=\"https:\/\/algarve7.pt\/index.php\/2025\/07\/algarve-mobiliza-esforcos-para-qualificar-mais-e-melhor\/educacao\/12\/39\/\" \/>\n<meta property=\"og:locale\" content=\"pt_PT\" \/>\n<meta property=\"og:type\" content=\"article\" \/>\n<meta property=\"og:title\" content=\"Algarve mobiliza esfor\u00e7os para qualificar mais e melhor - Algarve 7\" \/>\n<meta property=\"og:description\" content=\"Algarve mobiliza esfor\u00e7os para qualificar mais e melhor Educa\u00e7\u00e3o\" \/>\n<meta property=\"og:url\" content=\"https:\/\/algarve7.pt\/index.php\/2025\/07\/algarve-mobiliza-esforcos-para-qualificar-mais-e-melhor\/educacao\/12\/39\/\" \/>\n<meta property=\"og:site_name\" content=\"Algarve 7\" \/>\n<meta property=\"article:publisher\" content=\"https:\/\/www.facebook.com\/algarve7\" \/>\n<meta property=\"article:author\" content=\"https:\/\/www.facebook.com\/algarve7\" \/>\n<meta property=\"article:published_time\" content=\"2025-07-16T11:39:13+00:00\" \/>\n<meta property=\"article:modified_time\" content=\"2025-07-16T11:39:16+00:00\" \/>\n<meta property=\"og:image\" content=\"https:\/\/algarve7.pt\/wp-content\/uploads\/2025\/07\/CTESP.jpg\" \/>\n\t<meta property=\"og:image:width\" content=\"800\" \/>\n\t<meta property=\"og:image:height\" content=\"520\" \/>\n\t<meta property=\"og:image:type\" content=\"image\/jpeg\" \/>\n<meta name=\"author\" content=\"Algarve 7\" \/>\n<meta name=\"twitter:card\" content=\"summary_large_image\" \/>\n<meta name=\"twitter:creator\" content=\"@Algarvesete\" \/>\n<meta name=\"twitter:site\" content=\"@Algarvesete\" \/>\n<meta name=\"twitter:label1\" content=\"Escrito por\" \/>\n\t<meta name=\"twitter:data1\" content=\"Algarve 7\" \/>\n\t<meta name=\"twitter:label2\" content=\"Tempo estimado de leitura\" \/>\n\t<meta name=\"twitter:data2\" content=\"4 minutos\" \/>\n<script type=\"application\/ld+json\" class=\"yoast-schema-graph\">{\"@context\":\"https:\\\/\\\/schema.org\",\"@graph\":[{\"@type\":\"Article\",\"@id\":\"https:\\\/\\\/algarve7.pt\\\/index.php\\\/2025\\\/07\\\/algarve-mobiliza-esforcos-para-qualificar-mais-e-melhor\\\/educacao\\\/12\\\/39\\\/#article\",\"isPartOf\":{\"@id\":\"https:\\\/\\\/algarve7.pt\\\/index.php\\\/2025\\\/07\\\/algarve-mobiliza-esforcos-para-qualificar-mais-e-melhor\\\/educacao\\\/12\\\/39\\\/\"},\"author\":{\"name\":\"Algarve 7\",\"@id\":\"https:\\\/\\\/algarve7.pt\\\/#\\\/schema\\\/person\\\/23fa70681308e7b319a3204bcea45e0c\"},\"headline\":\"Algarve mobiliza esfor\u00e7os para qualificar mais e melhor\",\"datePublished\":\"2025-07-16T11:39:13+00:00\",\"dateModified\":\"2025-07-16T11:39:16+00:00\",\"mainEntityOfPage\":{\"@id\":\"https:\\\/\\\/algarve7.pt\\\/index.php\\\/2025\\\/07\\\/algarve-mobiliza-esforcos-para-qualificar-mais-e-melhor\\\/educacao\\\/12\\\/39\\\/\"},\"wordCount\":696,\"publisher\":{\"@id\":\"https:\\\/\\\/algarve7.pt\\\/#organization\"},\"image\":{\"@id\":\"https:\\\/\\\/algarve7.pt\\\/index.php\\\/2025\\\/07\\\/algarve-mobiliza-esforcos-para-qualificar-mais-e-melhor\\\/educacao\\\/12\\\/39\\\/#primaryimage\"},\"thumbnailUrl\":\"https:\\\/\\\/algarve7.pt\\\/wp-content\\\/uploads\\\/2025\\\/07\\\/CTESP.jpg\",\"keywords\":[\"Algarve\",\"CCDR Algarve\",\"Educa\u00e7\u00e3o\",\"UALG\"],\"articleSection\":[\"Educa\u00e7\u00e3o\"],\"inLanguage\":\"pt-PT\"},{\"@type\":\"WebPage\",\"@id\":\"https:\\\/\\\/algarve7.pt\\\/index.php\\\/2025\\\/07\\\/algarve-mobiliza-esforcos-para-qualificar-mais-e-melhor\\\/educacao\\\/12\\\/39\\\/\",\"url\":\"https:\\\/\\\/algarve7.pt\\\/index.php\\\/2025\\\/07\\\/algarve-mobiliza-esforcos-para-qualificar-mais-e-melhor\\\/educacao\\\/12\\\/39\\\/\",\"name\":\"Algarve mobiliza esfor\u00e7os para qualificar mais e melhor - Algarve 7\",\"isPartOf\":{\"@id\":\"https:\\\/\\\/algarve7.pt\\\/#website\"},\"primaryImageOfPage\":{\"@id\":\"https:\\\/\\\/algarve7.pt\\\/index.php\\\/2025\\\/07\\\/algarve-mobiliza-esforcos-para-qualificar-mais-e-melhor\\\/educacao\\\/12\\\/39\\\/#primaryimage\"},\"image\":{\"@id\":\"https:\\\/\\\/algarve7.pt\\\/index.php\\\/2025\\\/07\\\/algarve-mobiliza-esforcos-para-qualificar-mais-e-melhor\\\/educacao\\\/12\\\/39\\\/#primaryimage\"},\"thumbnailUrl\":\"https:\\\/\\\/algarve7.pt\\\/wp-content\\\/uploads\\\/2025\\\/07\\\/CTESP.jpg\",\"datePublished\":\"2025-07-16T11:39:13+00:00\",\"dateModified\":\"2025-07-16T11:39:16+00:00\",\"description\":\"Algarve mobiliza esfor\u00e7os para qualificar mais e melhor Educa\u00e7\u00e3o\",\"breadcrumb\":{\"@id\":\"https:\\\/\\\/algarve7.pt\\\/index.php\\\/2025\\\/07\\\/algarve-mobiliza-esforcos-para-qualificar-mais-e-melhor\\\/educacao\\\/12\\\/39\\\/#breadcrumb\"},\"inLanguage\":\"pt-PT\",\"potentialAction\":[{\"@type\":\"ReadAction\",\"target\":[\"https:\\\/\\\/algarve7.pt\\\/index.php\\\/2025\\\/07\\\/algarve-mobiliza-esforcos-para-qualificar-mais-e-melhor\\\/educacao\\\/12\\\/39\\\/\"]}]},{\"@type\":\"ImageObject\",\"inLanguage\":\"pt-PT\",\"@id\":\"https:\\\/\\\/algarve7.pt\\\/index.php\\\/2025\\\/07\\\/algarve-mobiliza-esforcos-para-qualificar-mais-e-melhor\\\/educacao\\\/12\\\/39\\\/#primaryimage\",\"url\":\"https:\\\/\\\/algarve7.pt\\\/wp-content\\\/uploads\\\/2025\\\/07\\\/CTESP.jpg\",\"contentUrl\":\"https:\\\/\\\/algarve7.pt\\\/wp-content\\\/uploads\\\/2025\\\/07\\\/CTESP.jpg\",\"width\":800,\"height\":520},{\"@type\":\"BreadcrumbList\",\"@id\":\"https:\\\/\\\/algarve7.pt\\\/index.php\\\/2025\\\/07\\\/algarve-mobiliza-esforcos-para-qualificar-mais-e-melhor\\\/educacao\\\/12\\\/39\\\/#breadcrumb\",\"itemListElement\":[{\"@type\":\"ListItem\",\"position\":1,\"name\":\"In\u00edcio\",\"item\":\"https:\\\/\\\/algarve7.pt\\\/\"},{\"@type\":\"ListItem\",\"position\":2,\"name\":\"Algarve mobiliza esfor\u00e7os para qualificar mais e melhor\"}]},{\"@type\":\"WebSite\",\"@id\":\"https:\\\/\\\/algarve7.pt\\\/#website\",\"url\":\"https:\\\/\\\/algarve7.pt\\\/\",\"name\":\"Algarve 7\",\"description\":\"Informa\u00e7\u00e3o sobre o Algarve\",\"publisher\":{\"@id\":\"https:\\\/\\\/algarve7.pt\\\/#organization\"},\"potentialAction\":[{\"@type\":\"SearchAction\",\"target\":{\"@type\":\"EntryPoint\",\"urlTemplate\":\"https:\\\/\\\/algarve7.pt\\\/?s={search_term_string}\"},\"query-input\":{\"@type\":\"PropertyValueSpecification\",\"valueRequired\":true,\"valueName\":\"search_term_string\"}}],\"inLanguage\":\"pt-PT\"},{\"@type\":\"Organization\",\"@id\":\"https:\\\/\\\/algarve7.pt\\\/#organization\",\"name\":\"Algarve 7\",\"url\":\"https:\\\/\\\/algarve7.pt\\\/\",\"logo\":{\"@type\":\"ImageObject\",\"inLanguage\":\"pt-PT\",\"@id\":\"https:\\\/\\\/algarve7.pt\\\/#\\\/schema\\\/logo\\\/image\\\/\",\"url\":\"https:\\\/\\\/algarve7.pt\\\/wp-content\\\/uploads\\\/2020\\\/10\\\/Logo-8.jpg\",\"contentUrl\":\"https:\\\/\\\/algarve7.pt\\\/wp-content\\\/uploads\\\/2020\\\/10\\\/Logo-8.jpg\",\"width\":1680,\"height\":1186,\"caption\":\"Algarve 7\"},\"image\":{\"@id\":\"https:\\\/\\\/algarve7.pt\\\/#\\\/schema\\\/logo\\\/image\\\/\"},\"sameAs\":[\"https:\\\/\\\/www.facebook.com\\\/algarve7\",\"https:\\\/\\\/x.com\\\/Algarvesete\",\"https:\\\/\\\/www.instagram.com\\\/jornalalgarve7\\\/\",\"https:\\\/\\\/www.linkedin.com\\\/company\\\/algarve7\",\"https:\\\/\\\/www.pinterest.pt\\\/geral0939\\\/_created\\\/\"]},{\"@type\":\"Person\",\"@id\":\"https:\\\/\\\/algarve7.pt\\\/#\\\/schema\\\/person\\\/23fa70681308e7b319a3204bcea45e0c\",\"name\":\"Algarve 7\",\"sameAs\":[\"https:\\\/\\\/algarve7.pt\",\"https:\\\/\\\/www.facebook.com\\\/algarve7\"],\"url\":\"https:\\\/\\\/algarve7.pt\\\/index.php\\\/author\\\/geralalgarve7-pt\\\/\"}]}<\/script>\n<!-- \/ Yoast SEO plugin. -->","yoast_head_json":{"title":"Algarve mobiliza esfor\u00e7os para qualificar mais e melhor - Algarve 7","description":"Algarve mobiliza esfor\u00e7os para qualificar mais e melhor Educa\u00e7\u00e3o","robots":{"index":"index","follow":"follow","max-snippet":"max-snippet:-1","max-image-preview":"max-image-preview:large","max-video-preview":"max-video-preview:-1"},"canonical":"https:\/\/algarve7.pt\/index.php\/2025\/07\/algarve-mobiliza-esforcos-para-qualificar-mais-e-melhor\/educacao\/12\/39\/","og_locale":"pt_PT","og_type":"article","og_title":"Algarve mobiliza esfor\u00e7os para qualificar mais e melhor - Algarve 7","og_description":"Algarve mobiliza esfor\u00e7os para qualificar mais e melhor Educa\u00e7\u00e3o","og_url":"https:\/\/algarve7.pt\/index.php\/2025\/07\/algarve-mobiliza-esforcos-para-qualificar-mais-e-melhor\/educacao\/12\/39\/","og_site_name":"Algarve 7","article_publisher":"https:\/\/www.facebook.com\/algarve7","article_author":"https:\/\/www.facebook.com\/algarve7","article_published_time":"2025-07-16T11:39:13+00:00","article_modified_time":"2025-07-16T11:39:16+00:00","og_image":[{"width":800,"height":520,"url":"https:\/\/algarve7.pt\/wp-content\/uploads\/2025\/07\/CTESP.jpg","type":"image\/jpeg"}],"author":"Algarve 7","twitter_card":"summary_large_image","twitter_creator":"@Algarvesete","twitter_site":"@Algarvesete","twitter_misc":{"Escrito por":"Algarve 7","Tempo estimado de leitura":"4 minutos"},"schema":{"@context":"https:\/\/schema.org","@graph":[{"@type":"Article","@id":"https:\/\/algarve7.pt\/index.php\/2025\/07\/algarve-mobiliza-esforcos-para-qualificar-mais-e-melhor\/educacao\/12\/39\/#article","isPartOf":{"@id":"https:\/\/algarve7.pt\/index.php\/2025\/07\/algarve-mobiliza-esforcos-para-qualificar-mais-e-melhor\/educacao\/12\/39\/"},"author":{"name":"Algarve 7","@id":"https:\/\/algarve7.pt\/#\/schema\/person\/23fa70681308e7b319a3204bcea45e0c"},"headline":"Algarve mobiliza esfor\u00e7os para qualificar mais e melhor","datePublished":"2025-07-16T11:39:13+00:00","dateModified":"2025-07-16T11:39:16+00:00","mainEntityOfPage":{"@id":"https:\/\/algarve7.pt\/index.php\/2025\/07\/algarve-mobiliza-esforcos-para-qualificar-mais-e-melhor\/educacao\/12\/39\/"},"wordCount":696,"publisher":{"@id":"https:\/\/algarve7.pt\/#organization"},"image":{"@id":"https:\/\/algarve7.pt\/index.php\/2025\/07\/algarve-mobiliza-esforcos-para-qualificar-mais-e-melhor\/educacao\/12\/39\/#primaryimage"},"thumbnailUrl":"https:\/\/algarve7.pt\/wp-content\/uploads\/2025\/07\/CTESP.jpg","keywords":["Algarve","CCDR Algarve","Educa\u00e7\u00e3o","UALG"],"articleSection":["Educa\u00e7\u00e3o"],"inLanguage":"pt-PT"},{"@type":"WebPage","@id":"https:\/\/algarve7.pt\/index.php\/2025\/07\/algarve-mobiliza-esforcos-para-qualificar-mais-e-melhor\/educacao\/12\/39\/","url":"https:\/\/algarve7.pt\/index.php\/2025\/07\/algarve-mobiliza-esforcos-para-qualificar-mais-e-melhor\/educacao\/12\/39\/","name":"Algarve mobiliza esfor\u00e7os para qualificar mais e melhor - Algarve 7","isPartOf":{"@id":"https:\/\/algarve7.pt\/#website"},"primaryImageOfPage":{"@id":"https:\/\/algarve7.pt\/index.php\/2025\/07\/algarve-mobiliza-esforcos-para-qualificar-mais-e-melhor\/educacao\/12\/39\/#primaryimage"},"image":{"@id":"https:\/\/algarve7.pt\/index.php\/2025\/07\/algarve-mobiliza-esforcos-para-qualificar-mais-e-melhor\/educacao\/12\/39\/#primaryimage"},"thumbnailUrl":"https:\/\/algarve7.pt\/wp-content\/uploads\/2025\/07\/CTESP.jpg","datePublished":"2025-07-16T11:39:13+00:00","dateModified":"2025-07-16T11:39:16+00:00","description":"Algarve mobiliza esfor\u00e7os para qualificar mais e melhor Educa\u00e7\u00e3o","breadcrumb":{"@id":"https:\/\/algarve7.pt\/index.php\/2025\/07\/algarve-mobiliza-esforcos-para-qualificar-mais-e-melhor\/educacao\/12\/39\/#breadcrumb"},"inLanguage":"pt-PT","potentialAction":[{"@type":"ReadAction","target":["https:\/\/algarve7.pt\/index.php\/2025\/07\/algarve-mobiliza-esforcos-para-qualificar-mais-e-melhor\/educacao\/12\/39\/"]}]},{"@type":"ImageObject","inLanguage":"pt-PT","@id":"https:\/\/algarve7.pt\/index.php\/2025\/07\/algarve-mobiliza-esforcos-para-qualificar-mais-e-melhor\/educacao\/12\/39\/#primaryimage","url":"https:\/\/algarve7.pt\/wp-content\/uploads\/2025\/07\/CTESP.jpg","contentUrl":"https:\/\/algarve7.pt\/wp-content\/uploads\/2025\/07\/CTESP.jpg","width":800,"height":520},{"@type":"BreadcrumbList","@id":"https:\/\/algarve7.pt\/index.php\/2025\/07\/algarve-mobiliza-esforcos-para-qualificar-mais-e-melhor\/educacao\/12\/39\/#breadcrumb","itemListElement":[{"@type":"ListItem","position":1,"name":"In\u00edcio","item":"https:\/\/algarve7.pt\/"},{"@type":"ListItem","position":2,"name":"Algarve mobiliza esfor\u00e7os para qualificar mais e melhor"}]},{"@type":"WebSite","@id":"https:\/\/algarve7.pt\/#website","url":"https:\/\/algarve7.pt\/","name":"Algarve 7","description":"Informa\u00e7\u00e3o sobre o Algarve","publisher":{"@id":"https:\/\/algarve7.pt\/#organization"},"potentialAction":[{"@type":"SearchAction","target":{"@type":"EntryPoint","urlTemplate":"https:\/\/algarve7.pt\/?s={search_term_string}"},"query-input":{"@type":"PropertyValueSpecification","valueRequired":true,"valueName":"search_term_string"}}],"inLanguage":"pt-PT"},{"@type":"Organization","@id":"https:\/\/algarve7.pt\/#organization","name":"Algarve 7","url":"https:\/\/algarve7.pt\/","logo":{"@type":"ImageObject","inLanguage":"pt-PT","@id":"https:\/\/algarve7.pt\/#\/schema\/logo\/image\/","url":"https:\/\/algarve7.pt\/wp-content\/uploads\/2020\/10\/Logo-8.jpg","contentUrl":"https:\/\/algarve7.pt\/wp-content\/uploads\/2020\/10\/Logo-8.jpg","width":1680,"height":1186,"caption":"Algarve 7"},"image":{"@id":"https:\/\/algarve7.pt\/#\/schema\/logo\/image\/"},"sameAs":["https:\/\/www.facebook.com\/algarve7","https:\/\/x.com\/Algarvesete","https:\/\/www.instagram.com\/jornalalgarve7\/","https:\/\/www.linkedin.com\/company\/algarve7","https:\/\/www.pinterest.pt\/geral0939\/_created\/"]},{"@type":"Person","@id":"https:\/\/algarve7.pt\/#\/schema\/person\/23fa70681308e7b319a3204bcea45e0c","name":"Algarve 7","sameAs":["https:\/\/algarve7.pt","https:\/\/www.facebook.com\/algarve7"],"url":"https:\/\/algarve7.pt\/index.php\/author\/geralalgarve7-pt\/"}]}},"jetpack_publicize_connections":[],"jetpack_featured_media_url":"https:\/\/algarve7.pt\/wp-content\/uploads\/2025\/07\/CTESP.jpg","jetpack_shortlink":"https:\/\/wp.me\/pcezmW-dEX","jetpack_sharing_enabled":true,"_links":{"self":[{"href":"https:\/\/algarve7.pt\/index.php\/wp-json\/wp\/v2\/posts\/52511","targetHints":{"allow":["GET"]}}],"collection":[{"href":"https:\/\/algarve7.pt\/index.php\/wp-json\/wp\/v2\/posts"}],"about":[{"href":"https:\/\/algarve7.pt\/index.php\/wp-json\/wp\/v2\/types\/post"}],"author":[{"embeddable":true,"href":"https:\/\/algarve7.pt\/index.php\/wp-json\/wp\/v2\/users\/1"}],"replies":[{"embeddable":true,"href":"https:\/\/algarve7.pt\/index.php\/wp-json\/wp\/v2\/comments?post=52511"}],"version-history":[{"count":0,"href":"https:\/\/algarve7.pt\/index.php\/wp-json\/wp\/v2\/posts\/52511\/revisions"}],"wp:featuredmedia":[{"embeddable":true,"href":"https:\/\/algarve7.pt\/index.php\/wp-json\/wp\/v2\/media\/52512"}],"wp:attachment":[{"href":"https:\/\/algarve7.pt\/index.php\/wp-json\/wp\/v2\/media?parent=52511"}],"wp:term":[{"taxonomy":"category","embeddable":true,"href":"https:\/\/algarve7.pt\/index.php\/wp-json\/wp\/v2\/categories?post=52511"},{"taxonomy":"post_tag","embeddable":true,"href":"https:\/\/algarve7.pt\/index.php\/wp-json\/wp\/v2\/tags?post=52511"}],"curies":[{"name":"wp","href":"https:\/\/api.w.org\/{rel}","templated":true}]}}