{"id":52462,"date":"2025-07-15T08:18:00","date_gmt":"2025-07-15T07:18:00","guid":{"rendered":"https:\/\/algarve7.pt\/?p=52462"},"modified":"2025-07-14T18:20:39","modified_gmt":"2025-07-14T17:20:39","slug":"mundial-sbk-2026-campeonato-regressa-ao-algarve-entre-27-e-29-de-marco","status":"publish","type":"post","link":"https:\/\/algarve7.pt\/index.php\/2025\/07\/mundial-sbk-2026-campeonato-regressa-ao-algarve-entre-27-e-29-de-marco\/desporto\/08\/18\/","title":{"rendered":"Mundial SBK 2026\u00a0Campeonato regressa ao Algarve\u00a0entre 27 e 29 de Mar\u00e7o\u00a0"},"content":{"rendered":"\n<p>A data est\u00e1 marcada\u2026as&nbsp;<strong>Superbike<\/strong>&nbsp;regressam ao&nbsp;<strong>Aut\u00f3dromo Internacional do Algarve<\/strong>&nbsp;nos dias&nbsp;<strong>27, 28 e 29 de Mar\u00e7o de 2026<\/strong>e os bilhetes j\u00e1 est\u00e3o \u00e0 venda.<\/p>\n\n\n\n<p>A grande festa das&nbsp;<strong>Superbike<\/strong>&nbsp;vai novamente encher o paddock e bancadas do&nbsp;<strong>Aut\u00f3dromo Internacional do Algarve<\/strong>&nbsp;para uma ronda que promete mais uma vez ser de grande espect\u00e1culo, emo\u00e7\u00e3o e com muitas novidades em pista no xadr\u00eaz das equipas pois o mercado est\u00e1 mais quente que o Ver\u00e3o algarvio.<\/p>\n\n\n\n<p>Os bilhetes para a prova j\u00e1 est\u00e3o \u00e0 venda no site oficial do&nbsp;<strong>Aut\u00f3dromo Internacional do Algarve<\/strong>(<a href=\"https:\/\/autodromodoalgarve.us1.list-manage.com\/track\/click?u=a1737f178fd2a4922d249d78d&amp;id=91f4b51927&amp;e=e924ba5778\">www.autodromodoalgarve.com<\/a>) com venda em duas fases e pre\u00e7os distintos que ir\u00e3o favorecer aqueles que adquiram o seu acesso at\u00e9&nbsp;<strong>45<\/strong>&nbsp;dias antes da prova, variando entre os&nbsp;<strong>27,5 euros e os 225 euros<\/strong>&nbsp;de acordo com o local escolhido para acompanhar a prova.<\/p>\n\n\n\n<p>Dispon\u00edvel estar\u00e1 novamente a sempre desejada e concorrida&nbsp;<strong>Fan Bike Parade<\/strong>, que ter\u00e1 um custo de&nbsp;<strong>20 euros<\/strong>&nbsp;ao longo de todo o per\u00edodo de vendas e as crian\u00e7as entre os&nbsp;<strong>3 e os 16 anos<\/strong>&nbsp;ter\u00e3o mais uma vez&nbsp;<strong>acesso gratuito<\/strong>&nbsp;desde que acompanhadas por portador de bilhete v\u00e1lido.<\/p>\n","protected":false},"excerpt":{"rendered":"<p>A data est\u00e1 marcada\u2026as&nbsp;Superbike&nbsp;regressam ao&nbsp;Aut\u00f3dromo Internacional do Algarve&nbsp;nos dias&nbsp;27, 28 e 29 de Mar\u00e7o de 2026e os bilhetes j\u00e1 est\u00e3o<\/p>\n","protected":false},"author":1,"featured_media":52463,"comment_status":"closed","ping_status":"closed","sticky":false,"template":"","format":"standard","meta":{"colormag_page_container_layout":"default_layout","colormag_page_sidebar_layout":"default_layout","_monsterinsights_skip_tracking":false,"_monsterinsights_sitenote_active":false,"_monsterinsights_sitenote_note":"","_monsterinsights_sitenote_category":0,"jetpack_post_was_ever_published":false,"_jetpack_newsletter_access":"","_jetpack_dont_email_post_to_subs":false,"_jetpack_newsletter_tier_id":0,"_jetpack_memberships_contains_paywalled_content":false,"_jetpack_memberships_contains_paid_content":false,"footnotes":"","jetpack_publicize_message":"","jetpack_publicize_feature_enabled":true,"jetpack_social_post_already_shared":false,"jetpack_social_options":{"image_generator_settings":{"template":"highway","default_image_id":0,"font":"","enabled":false},"version":2}},"categories":[15],"tags":[36,239,40,72,1063],"class_list":["post-52462","post","type-post","status-publish","format-standard","has-post-thumbnail","hentry","category-desporto","tag-algarve","tag-autodromo-internacional-do-algarve","tag-desporto","tag-portimao","tag-sbk"],"yoast_head":"<!-- This site is optimized with the Yoast SEO plugin v27.5 - https:\/\/yoast.com\/product\/yoast-seo-wordpress\/ -->\n<title>Mundial SBK 2026\u00a0Campeonato regressa ao Algarve\u00a0entre 27 e 29 de Mar\u00e7o\u00a0 - Algarve 7<\/title>\n<meta name=\"description\" content=\"Mundial SBK 2026\u00a0Campeonato regressa ao Algarve\u00a0entre 27 e 29 de Mar\u00e7o\u00a0 Desporto\" \/>\n<meta name=\"robots\" content=\"index, follow, max-snippet:-1, max-image-preview:large, max-video-preview:-1\" \/>\n<link rel=\"canonical\" href=\"https:\/\/algarve7.pt\/index.php\/2025\/07\/mundial-sbk-2026-campeonato-regressa-ao-algarve-entre-27-e-29-de-marco\/desporto\/08\/18\/\" \/>\n<meta property=\"og:locale\" content=\"pt_PT\" \/>\n<meta property=\"og:type\" content=\"article\" \/>\n<meta property=\"og:title\" content=\"Mundial SBK 2026\u00a0Campeonato regressa ao Algarve\u00a0entre 27 e 29 de Mar\u00e7o\u00a0 - Algarve 7\" \/>\n<meta property=\"og:description\" content=\"Mundial SBK 2026\u00a0Campeonato regressa ao Algarve\u00a0entre 27 e 29 de Mar\u00e7o\u00a0 Desporto\" \/>\n<meta property=\"og:url\" content=\"https:\/\/algarve7.pt\/index.php\/2025\/07\/mundial-sbk-2026-campeonato-regressa-ao-algarve-entre-27-e-29-de-marco\/desporto\/08\/18\/\" \/>\n<meta property=\"og:site_name\" content=\"Algarve 7\" \/>\n<meta property=\"article:publisher\" content=\"https:\/\/www.facebook.com\/algarve7\" \/>\n<meta property=\"article:author\" content=\"https:\/\/www.facebook.com\/algarve7\" \/>\n<meta property=\"article:published_time\" content=\"2025-07-15T07:18:00+00:00\" \/>\n<meta property=\"og:image\" content=\"https:\/\/algarve7.pt\/wp-content\/uploads\/2025\/07\/6a627874-6d5d-0da6-f923-14b3633baa12.jpg\" \/>\n\t<meta property=\"og:image:width\" content=\"800\" \/>\n\t<meta property=\"og:image:height\" content=\"520\" \/>\n\t<meta property=\"og:image:type\" content=\"image\/jpeg\" \/>\n<meta name=\"author\" content=\"Algarve 7\" \/>\n<meta name=\"twitter:card\" content=\"summary_large_image\" \/>\n<meta name=\"twitter:creator\" content=\"@Algarvesete\" \/>\n<meta name=\"twitter:site\" content=\"@Algarvesete\" \/>\n<meta name=\"twitter:label1\" content=\"Escrito por\" \/>\n\t<meta name=\"twitter:data1\" content=\"Algarve 7\" \/>\n\t<meta name=\"twitter:label2\" content=\"Tempo estimado de leitura\" \/>\n\t<meta name=\"twitter:data2\" content=\"2 minutos\" \/>\n<script type=\"application\/ld+json\" class=\"yoast-schema-graph\">{\"@context\":\"https:\\\/\\\/schema.org\",\"@graph\":[{\"@type\":\"Article\",\"@id\":\"https:\\\/\\\/algarve7.pt\\\/index.php\\\/2025\\\/07\\\/mundial-sbk-2026-campeonato-regressa-ao-algarve-entre-27-e-29-de-marco\\\/desporto\\\/08\\\/18\\\/#article\",\"isPartOf\":{\"@id\":\"https:\\\/\\\/algarve7.pt\\\/index.php\\\/2025\\\/07\\\/mundial-sbk-2026-campeonato-regressa-ao-algarve-entre-27-e-29-de-marco\\\/desporto\\\/08\\\/18\\\/\"},\"author\":{\"name\":\"Algarve 7\",\"@id\":\"https:\\\/\\\/algarve7.pt\\\/#\\\/schema\\\/person\\\/23fa70681308e7b319a3204bcea45e0c\"},\"headline\":\"Mundial SBK 2026\u00a0Campeonato regressa ao Algarve\u00a0entre 27 e 29 de Mar\u00e7o\u00a0\",\"datePublished\":\"2025-07-15T07:18:00+00:00\",\"mainEntityOfPage\":{\"@id\":\"https:\\\/\\\/algarve7.pt\\\/index.php\\\/2025\\\/07\\\/mundial-sbk-2026-campeonato-regressa-ao-algarve-entre-27-e-29-de-marco\\\/desporto\\\/08\\\/18\\\/\"},\"wordCount\":228,\"publisher\":{\"@id\":\"https:\\\/\\\/algarve7.pt\\\/#organization\"},\"image\":{\"@id\":\"https:\\\/\\\/algarve7.pt\\\/index.php\\\/2025\\\/07\\\/mundial-sbk-2026-campeonato-regressa-ao-algarve-entre-27-e-29-de-marco\\\/desporto\\\/08\\\/18\\\/#primaryimage\"},\"thumbnailUrl\":\"https:\\\/\\\/algarve7.pt\\\/wp-content\\\/uploads\\\/2025\\\/07\\\/6a627874-6d5d-0da6-f923-14b3633baa12.jpg\",\"keywords\":[\"Algarve\",\"Aut\u00f3dromo Internacional do Algarve\",\"Desporto\",\"Portim\u00e3o\",\"SBK\"],\"articleSection\":[\"Desporto\"],\"inLanguage\":\"pt-PT\"},{\"@type\":\"WebPage\",\"@id\":\"https:\\\/\\\/algarve7.pt\\\/index.php\\\/2025\\\/07\\\/mundial-sbk-2026-campeonato-regressa-ao-algarve-entre-27-e-29-de-marco\\\/desporto\\\/08\\\/18\\\/\",\"url\":\"https:\\\/\\\/algarve7.pt\\\/index.php\\\/2025\\\/07\\\/mundial-sbk-2026-campeonato-regressa-ao-algarve-entre-27-e-29-de-marco\\\/desporto\\\/08\\\/18\\\/\",\"name\":\"Mundial SBK 2026\u00a0Campeonato regressa ao Algarve\u00a0entre 27 e 29 de Mar\u00e7o\u00a0 - Algarve 7\",\"isPartOf\":{\"@id\":\"https:\\\/\\\/algarve7.pt\\\/#website\"},\"primaryImageOfPage\":{\"@id\":\"https:\\\/\\\/algarve7.pt\\\/index.php\\\/2025\\\/07\\\/mundial-sbk-2026-campeonato-regressa-ao-algarve-entre-27-e-29-de-marco\\\/desporto\\\/08\\\/18\\\/#primaryimage\"},\"image\":{\"@id\":\"https:\\\/\\\/algarve7.pt\\\/index.php\\\/2025\\\/07\\\/mundial-sbk-2026-campeonato-regressa-ao-algarve-entre-27-e-29-de-marco\\\/desporto\\\/08\\\/18\\\/#primaryimage\"},\"thumbnailUrl\":\"https:\\\/\\\/algarve7.pt\\\/wp-content\\\/uploads\\\/2025\\\/07\\\/6a627874-6d5d-0da6-f923-14b3633baa12.jpg\",\"datePublished\":\"2025-07-15T07:18:00+00:00\",\"description\":\"Mundial SBK 2026\u00a0Campeonato regressa ao Algarve\u00a0entre 27 e 29 de Mar\u00e7o\u00a0 Desporto\",\"breadcrumb\":{\"@id\":\"https:\\\/\\\/algarve7.pt\\\/index.php\\\/2025\\\/07\\\/mundial-sbk-2026-campeonato-regressa-ao-algarve-entre-27-e-29-de-marco\\\/desporto\\\/08\\\/18\\\/#breadcrumb\"},\"inLanguage\":\"pt-PT\",\"potentialAction\":[{\"@type\":\"ReadAction\",\"target\":[\"https:\\\/\\\/algarve7.pt\\\/index.php\\\/2025\\\/07\\\/mundial-sbk-2026-campeonato-regressa-ao-algarve-entre-27-e-29-de-marco\\\/desporto\\\/08\\\/18\\\/\"]}]},{\"@type\":\"ImageObject\",\"inLanguage\":\"pt-PT\",\"@id\":\"https:\\\/\\\/algarve7.pt\\\/index.php\\\/2025\\\/07\\\/mundial-sbk-2026-campeonato-regressa-ao-algarve-entre-27-e-29-de-marco\\\/desporto\\\/08\\\/18\\\/#primaryimage\",\"url\":\"https:\\\/\\\/algarve7.pt\\\/wp-content\\\/uploads\\\/2025\\\/07\\\/6a627874-6d5d-0da6-f923-14b3633baa12.jpg\",\"contentUrl\":\"https:\\\/\\\/algarve7.pt\\\/wp-content\\\/uploads\\\/2025\\\/07\\\/6a627874-6d5d-0da6-f923-14b3633baa12.jpg\",\"width\":800,\"height\":520},{\"@type\":\"BreadcrumbList\",\"@id\":\"https:\\\/\\\/algarve7.pt\\\/index.php\\\/2025\\\/07\\\/mundial-sbk-2026-campeonato-regressa-ao-algarve-entre-27-e-29-de-marco\\\/desporto\\\/08\\\/18\\\/#breadcrumb\",\"itemListElement\":[{\"@type\":\"ListItem\",\"position\":1,\"name\":\"In\u00edcio\",\"item\":\"https:\\\/\\\/algarve7.pt\\\/\"},{\"@type\":\"ListItem\",\"position\":2,\"name\":\"Mundial SBK 2026\u00a0Campeonato regressa ao Algarve\u00a0entre 27 e 29 de Mar\u00e7o\u00a0\"}]},{\"@type\":\"WebSite\",\"@id\":\"https:\\\/\\\/algarve7.pt\\\/#website\",\"url\":\"https:\\\/\\\/algarve7.pt\\\/\",\"name\":\"Algarve 7\",\"description\":\"Informa\u00e7\u00e3o sobre o Algarve\",\"publisher\":{\"@id\":\"https:\\\/\\\/algarve7.pt\\\/#organization\"},\"potentialAction\":[{\"@type\":\"SearchAction\",\"target\":{\"@type\":\"EntryPoint\",\"urlTemplate\":\"https:\\\/\\\/algarve7.pt\\\/?s={search_term_string}\"},\"query-input\":{\"@type\":\"PropertyValueSpecification\",\"valueRequired\":true,\"valueName\":\"search_term_string\"}}],\"inLanguage\":\"pt-PT\"},{\"@type\":\"Organization\",\"@id\":\"https:\\\/\\\/algarve7.pt\\\/#organization\",\"name\":\"Algarve 7\",\"url\":\"https:\\\/\\\/algarve7.pt\\\/\",\"logo\":{\"@type\":\"ImageObject\",\"inLanguage\":\"pt-PT\",\"@id\":\"https:\\\/\\\/algarve7.pt\\\/#\\\/schema\\\/logo\\\/image\\\/\",\"url\":\"https:\\\/\\\/algarve7.pt\\\/wp-content\\\/uploads\\\/2020\\\/10\\\/Logo-8.jpg\",\"contentUrl\":\"https:\\\/\\\/algarve7.pt\\\/wp-content\\\/uploads\\\/2020\\\/10\\\/Logo-8.jpg\",\"width\":1680,\"height\":1186,\"caption\":\"Algarve 7\"},\"image\":{\"@id\":\"https:\\\/\\\/algarve7.pt\\\/#\\\/schema\\\/logo\\\/image\\\/\"},\"sameAs\":[\"https:\\\/\\\/www.facebook.com\\\/algarve7\",\"https:\\\/\\\/x.com\\\/Algarvesete\",\"https:\\\/\\\/www.instagram.com\\\/jornalalgarve7\\\/\",\"https:\\\/\\\/www.linkedin.com\\\/company\\\/algarve7\",\"https:\\\/\\\/www.pinterest.pt\\\/geral0939\\\/_created\\\/\"]},{\"@type\":\"Person\",\"@id\":\"https:\\\/\\\/algarve7.pt\\\/#\\\/schema\\\/person\\\/23fa70681308e7b319a3204bcea45e0c\",\"name\":\"Algarve 7\",\"sameAs\":[\"https:\\\/\\\/algarve7.pt\",\"https:\\\/\\\/www.facebook.com\\\/algarve7\"],\"url\":\"https:\\\/\\\/algarve7.pt\\\/index.php\\\/author\\\/geralalgarve7-pt\\\/\"}]}<\/script>\n<!-- \/ Yoast SEO plugin. -->","yoast_head_json":{"title":"Mundial SBK 2026\u00a0Campeonato regressa ao Algarve\u00a0entre 27 e 29 de Mar\u00e7o\u00a0 - Algarve 7","description":"Mundial SBK 2026\u00a0Campeonato regressa ao Algarve\u00a0entre 27 e 29 de Mar\u00e7o\u00a0 Desporto","robots":{"index":"index","follow":"follow","max-snippet":"max-snippet:-1","max-image-preview":"max-image-preview:large","max-video-preview":"max-video-preview:-1"},"canonical":"https:\/\/algarve7.pt\/index.php\/2025\/07\/mundial-sbk-2026-campeonato-regressa-ao-algarve-entre-27-e-29-de-marco\/desporto\/08\/18\/","og_locale":"pt_PT","og_type":"article","og_title":"Mundial SBK 2026\u00a0Campeonato regressa ao Algarve\u00a0entre 27 e 29 de Mar\u00e7o\u00a0 - Algarve 7","og_description":"Mundial SBK 2026\u00a0Campeonato regressa ao Algarve\u00a0entre 27 e 29 de Mar\u00e7o\u00a0 Desporto","og_url":"https:\/\/algarve7.pt\/index.php\/2025\/07\/mundial-sbk-2026-campeonato-regressa-ao-algarve-entre-27-e-29-de-marco\/desporto\/08\/18\/","og_site_name":"Algarve 7","article_publisher":"https:\/\/www.facebook.com\/algarve7","article_author":"https:\/\/www.facebook.com\/algarve7","article_published_time":"2025-07-15T07:18:00+00:00","og_image":[{"width":800,"height":520,"url":"https:\/\/algarve7.pt\/wp-content\/uploads\/2025\/07\/6a627874-6d5d-0da6-f923-14b3633baa12.jpg","type":"image\/jpeg"}],"author":"Algarve 7","twitter_card":"summary_large_image","twitter_creator":"@Algarvesete","twitter_site":"@Algarvesete","twitter_misc":{"Escrito por":"Algarve 7","Tempo estimado de leitura":"2 minutos"},"schema":{"@context":"https:\/\/schema.org","@graph":[{"@type":"Article","@id":"https:\/\/algarve7.pt\/index.php\/2025\/07\/mundial-sbk-2026-campeonato-regressa-ao-algarve-entre-27-e-29-de-marco\/desporto\/08\/18\/#article","isPartOf":{"@id":"https:\/\/algarve7.pt\/index.php\/2025\/07\/mundial-sbk-2026-campeonato-regressa-ao-algarve-entre-27-e-29-de-marco\/desporto\/08\/18\/"},"author":{"name":"Algarve 7","@id":"https:\/\/algarve7.pt\/#\/schema\/person\/23fa70681308e7b319a3204bcea45e0c"},"headline":"Mundial SBK 2026\u00a0Campeonato regressa ao Algarve\u00a0entre 27 e 29 de Mar\u00e7o\u00a0","datePublished":"2025-07-15T07:18:00+00:00","mainEntityOfPage":{"@id":"https:\/\/algarve7.pt\/index.php\/2025\/07\/mundial-sbk-2026-campeonato-regressa-ao-algarve-entre-27-e-29-de-marco\/desporto\/08\/18\/"},"wordCount":228,"publisher":{"@id":"https:\/\/algarve7.pt\/#organization"},"image":{"@id":"https:\/\/algarve7.pt\/index.php\/2025\/07\/mundial-sbk-2026-campeonato-regressa-ao-algarve-entre-27-e-29-de-marco\/desporto\/08\/18\/#primaryimage"},"thumbnailUrl":"https:\/\/algarve7.pt\/wp-content\/uploads\/2025\/07\/6a627874-6d5d-0da6-f923-14b3633baa12.jpg","keywords":["Algarve","Aut\u00f3dromo Internacional do Algarve","Desporto","Portim\u00e3o","SBK"],"articleSection":["Desporto"],"inLanguage":"pt-PT"},{"@type":"WebPage","@id":"https:\/\/algarve7.pt\/index.php\/2025\/07\/mundial-sbk-2026-campeonato-regressa-ao-algarve-entre-27-e-29-de-marco\/desporto\/08\/18\/","url":"https:\/\/algarve7.pt\/index.php\/2025\/07\/mundial-sbk-2026-campeonato-regressa-ao-algarve-entre-27-e-29-de-marco\/desporto\/08\/18\/","name":"Mundial SBK 2026\u00a0Campeonato regressa ao Algarve\u00a0entre 27 e 29 de Mar\u00e7o\u00a0 - Algarve 7","isPartOf":{"@id":"https:\/\/algarve7.pt\/#website"},"primaryImageOfPage":{"@id":"https:\/\/algarve7.pt\/index.php\/2025\/07\/mundial-sbk-2026-campeonato-regressa-ao-algarve-entre-27-e-29-de-marco\/desporto\/08\/18\/#primaryimage"},"image":{"@id":"https:\/\/algarve7.pt\/index.php\/2025\/07\/mundial-sbk-2026-campeonato-regressa-ao-algarve-entre-27-e-29-de-marco\/desporto\/08\/18\/#primaryimage"},"thumbnailUrl":"https:\/\/algarve7.pt\/wp-content\/uploads\/2025\/07\/6a627874-6d5d-0da6-f923-14b3633baa12.jpg","datePublished":"2025-07-15T07:18:00+00:00","description":"Mundial SBK 2026\u00a0Campeonato regressa ao Algarve\u00a0entre 27 e 29 de Mar\u00e7o\u00a0 Desporto","breadcrumb":{"@id":"https:\/\/algarve7.pt\/index.php\/2025\/07\/mundial-sbk-2026-campeonato-regressa-ao-algarve-entre-27-e-29-de-marco\/desporto\/08\/18\/#breadcrumb"},"inLanguage":"pt-PT","potentialAction":[{"@type":"ReadAction","target":["https:\/\/algarve7.pt\/index.php\/2025\/07\/mundial-sbk-2026-campeonato-regressa-ao-algarve-entre-27-e-29-de-marco\/desporto\/08\/18\/"]}]},{"@type":"ImageObject","inLanguage":"pt-PT","@id":"https:\/\/algarve7.pt\/index.php\/2025\/07\/mundial-sbk-2026-campeonato-regressa-ao-algarve-entre-27-e-29-de-marco\/desporto\/08\/18\/#primaryimage","url":"https:\/\/algarve7.pt\/wp-content\/uploads\/2025\/07\/6a627874-6d5d-0da6-f923-14b3633baa12.jpg","contentUrl":"https:\/\/algarve7.pt\/wp-content\/uploads\/2025\/07\/6a627874-6d5d-0da6-f923-14b3633baa12.jpg","width":800,"height":520},{"@type":"BreadcrumbList","@id":"https:\/\/algarve7.pt\/index.php\/2025\/07\/mundial-sbk-2026-campeonato-regressa-ao-algarve-entre-27-e-29-de-marco\/desporto\/08\/18\/#breadcrumb","itemListElement":[{"@type":"ListItem","position":1,"name":"In\u00edcio","item":"https:\/\/algarve7.pt\/"},{"@type":"ListItem","position":2,"name":"Mundial SBK 2026\u00a0Campeonato regressa ao Algarve\u00a0entre 27 e 29 de Mar\u00e7o\u00a0"}]},{"@type":"WebSite","@id":"https:\/\/algarve7.pt\/#website","url":"https:\/\/algarve7.pt\/","name":"Algarve 7","description":"Informa\u00e7\u00e3o sobre o Algarve","publisher":{"@id":"https:\/\/algarve7.pt\/#organization"},"potentialAction":[{"@type":"SearchAction","target":{"@type":"EntryPoint","urlTemplate":"https:\/\/algarve7.pt\/?s={search_term_string}"},"query-input":{"@type":"PropertyValueSpecification","valueRequired":true,"valueName":"search_term_string"}}],"inLanguage":"pt-PT"},{"@type":"Organization","@id":"https:\/\/algarve7.pt\/#organization","name":"Algarve 7","url":"https:\/\/algarve7.pt\/","logo":{"@type":"ImageObject","inLanguage":"pt-PT","@id":"https:\/\/algarve7.pt\/#\/schema\/logo\/image\/","url":"https:\/\/algarve7.pt\/wp-content\/uploads\/2020\/10\/Logo-8.jpg","contentUrl":"https:\/\/algarve7.pt\/wp-content\/uploads\/2020\/10\/Logo-8.jpg","width":1680,"height":1186,"caption":"Algarve 7"},"image":{"@id":"https:\/\/algarve7.pt\/#\/schema\/logo\/image\/"},"sameAs":["https:\/\/www.facebook.com\/algarve7","https:\/\/x.com\/Algarvesete","https:\/\/www.instagram.com\/jornalalgarve7\/","https:\/\/www.linkedin.com\/company\/algarve7","https:\/\/www.pinterest.pt\/geral0939\/_created\/"]},{"@type":"Person","@id":"https:\/\/algarve7.pt\/#\/schema\/person\/23fa70681308e7b319a3204bcea45e0c","name":"Algarve 7","sameAs":["https:\/\/algarve7.pt","https:\/\/www.facebook.com\/algarve7"],"url":"https:\/\/algarve7.pt\/index.php\/author\/geralalgarve7-pt\/"}]}},"jetpack_publicize_connections":[],"jetpack_featured_media_url":"https:\/\/algarve7.pt\/wp-content\/uploads\/2025\/07\/6a627874-6d5d-0da6-f923-14b3633baa12.jpg","jetpack_shortlink":"https:\/\/wp.me\/pcezmW-dEa","jetpack_sharing_enabled":true,"_links":{"self":[{"href":"https:\/\/algarve7.pt\/index.php\/wp-json\/wp\/v2\/posts\/52462","targetHints":{"allow":["GET"]}}],"collection":[{"href":"https:\/\/algarve7.pt\/index.php\/wp-json\/wp\/v2\/posts"}],"about":[{"href":"https:\/\/algarve7.pt\/index.php\/wp-json\/wp\/v2\/types\/post"}],"author":[{"embeddable":true,"href":"https:\/\/algarve7.pt\/index.php\/wp-json\/wp\/v2\/users\/1"}],"replies":[{"embeddable":true,"href":"https:\/\/algarve7.pt\/index.php\/wp-json\/wp\/v2\/comments?post=52462"}],"version-history":[{"count":0,"href":"https:\/\/algarve7.pt\/index.php\/wp-json\/wp\/v2\/posts\/52462\/revisions"}],"wp:featuredmedia":[{"embeddable":true,"href":"https:\/\/algarve7.pt\/index.php\/wp-json\/wp\/v2\/media\/52463"}],"wp:attachment":[{"href":"https:\/\/algarve7.pt\/index.php\/wp-json\/wp\/v2\/media?parent=52462"}],"wp:term":[{"taxonomy":"category","embeddable":true,"href":"https:\/\/algarve7.pt\/index.php\/wp-json\/wp\/v2\/categories?post=52462"},{"taxonomy":"post_tag","embeddable":true,"href":"https:\/\/algarve7.pt\/index.php\/wp-json\/wp\/v2\/tags?post=52462"}],"curies":[{"name":"wp","href":"https:\/\/api.w.org\/{rel}","templated":true}]}}