{"id":52370,"date":"2025-07-12T09:20:00","date_gmt":"2025-07-12T08:20:00","guid":{"rendered":"https:\/\/algarve7.pt\/?p=52370"},"modified":"2025-07-11T14:49:50","modified_gmt":"2025-07-11T13:49:50","slug":"militar-portimonense-inicia-importante-missao-em-mocambique","status":"publish","type":"post","link":"https:\/\/algarve7.pt\/index.php\/2025\/07\/militar-portimonense-inicia-importante-missao-em-mocambique\/atualidade\/09\/20\/","title":{"rendered":"Militar portimonense inicia importante miss\u00e3o em Mo\u00e7ambique"},"content":{"rendered":"\n<p>O Major Marco Sequeira \u00e9 o novo oficial de liga\u00e7\u00e3o \u00e0s entidades mo\u00e7ambicanas da Miss\u00e3o de Assist\u00eancia Militar da Uni\u00e3o Europeia (EUMAM MOZ).<\/p>\n\n\n\n<p>Nascido em Portim\u00e3o, praticou BTT e futebol no clube GADAG durante a juventude, antes de ingressar na Academia Militar em 2000, movido por um desejo de crian\u00e7a: servir Portugal no Ex\u00e9rcito. Ao longo de mais de vinte anos de carreira, o Major Sequeira desempenhou diversas fun\u00e7\u00f5es, entre as quais se destacam a de Adjunto no Centro de Opera\u00e7\u00f5es Terrestres (CFT), Comandante de Companhia na Academia Militar e Instrutor de Treino F\u00edsico naquela unidade do Ex\u00e9rcito.<\/p>\n\n\n\n<p>Inicia agora uma nova miss\u00e3o, em Mo\u00e7ambique assumir\u00e1 as importantes fun\u00e7\u00f5es de oficial de liga\u00e7\u00e3o entre a EUMAM MOZ e as entidades locais. Encarando este desafio com grande expetativa, afirma que o seu objetivo \u00e9 \u201ccontribuir para o sucesso da miss\u00e3o\u201d. Para al\u00e9m da vertente profissional, considera que a experi\u00eancia ser\u00e1 tamb\u00e9m pessoalmente enriquecedora, pela oportunidade de representar Portugal, atrav\u00e9s da Uni\u00e3o Europeia, noutro pa\u00eds e de trabalhar e contactar com uma nova cultura.<\/p>\n\n\n\n<p>O Major Sequeira integra um contingente de mais de 80 militares de 11 nacionalidades atualmente destacados em Mo\u00e7ambique no \u00e2mbito da miss\u00e3o europeia. A EUMAM MOZ \u00e9 comandada pelo Brigadeiro-General portugu\u00eas Lu\u00eds Barroso e conta com 47 militares portugueses oriundos da Marinha, Ex\u00e9rcito, For\u00e7a A\u00e9rea e GNR.<\/p>\n\n\n\n<p>A EUMAM MOZ \u00e9 uma miss\u00e3o n\u00e3o executiva e tem como miss\u00e3o apoiar as For\u00e7as Armadas de Defesa de Mo\u00e7ambique (FADM) no desenvolvimento e refor\u00e7o de capacidades, com o objetivo de melhorar a sustentabilidade das For\u00e7as de Rea\u00e7\u00e3o R\u00e1pidas, integradas num ciclo operacional robusto e aut\u00f3nomo, em conformidade com o Direito Internacional Humanit\u00e1rio e o Direito Internacional dos Direitos Humanos, at\u00e9 junho de 2026.&nbsp;<\/p>\n","protected":false},"excerpt":{"rendered":"<p>O Major Marco Sequeira \u00e9 o novo oficial de liga\u00e7\u00e3o \u00e0s entidades mo\u00e7ambicanas da Miss\u00e3o de Assist\u00eancia Militar da Uni\u00e3o<\/p>\n","protected":false},"author":1,"featured_media":52371,"comment_status":"closed","ping_status":"closed","sticky":false,"template":"","format":"standard","meta":{"colormag_page_container_layout":"default_layout","colormag_page_sidebar_layout":"default_layout","_monsterinsights_skip_tracking":false,"_monsterinsights_sitenote_active":false,"_monsterinsights_sitenote_note":"","_monsterinsights_sitenote_category":0,"jetpack_post_was_ever_published":false,"_jetpack_newsletter_access":"","_jetpack_dont_email_post_to_subs":false,"_jetpack_newsletter_tier_id":0,"_jetpack_memberships_contains_paywalled_content":false,"_jetpack_memberships_contains_paid_content":false,"footnotes":"","jetpack_publicize_message":"","jetpack_publicize_feature_enabled":true,"jetpack_social_post_already_shared":false,"jetpack_social_options":{"image_generator_settings":{"template":"highway","default_image_id":0,"font":"","enabled":false},"version":2}},"categories":[11],"tags":[36,62,35],"class_list":["post-52370","post","type-post","status-publish","format-standard","has-post-thumbnail","hentry","category-atualidade","tag-algarve","tag-atualidade","tag-cultura"],"yoast_head":"<!-- This site is optimized with the Yoast SEO plugin v27.5 - https:\/\/yoast.com\/product\/yoast-seo-wordpress\/ -->\n<title>Militar portimonense inicia importante miss\u00e3o em Mo\u00e7ambique - Algarve 7<\/title>\n<meta name=\"description\" content=\"Militar portimonense inicia importante miss\u00e3o em Mo\u00e7ambique Atualidade\" \/>\n<meta name=\"robots\" content=\"index, follow, max-snippet:-1, max-image-preview:large, max-video-preview:-1\" \/>\n<link rel=\"canonical\" href=\"https:\/\/algarve7.pt\/index.php\/2025\/07\/militar-portimonense-inicia-importante-missao-em-mocambique\/atualidade\/09\/20\/\" \/>\n<meta property=\"og:locale\" content=\"pt_PT\" \/>\n<meta property=\"og:type\" content=\"article\" \/>\n<meta property=\"og:title\" content=\"Militar portimonense inicia importante miss\u00e3o em Mo\u00e7ambique - Algarve 7\" \/>\n<meta property=\"og:description\" content=\"Militar portimonense inicia importante miss\u00e3o em Mo\u00e7ambique Atualidade\" \/>\n<meta property=\"og:url\" content=\"https:\/\/algarve7.pt\/index.php\/2025\/07\/militar-portimonense-inicia-importante-missao-em-mocambique\/atualidade\/09\/20\/\" \/>\n<meta property=\"og:site_name\" content=\"Algarve 7\" \/>\n<meta property=\"article:publisher\" content=\"https:\/\/www.facebook.com\/algarve7\" \/>\n<meta property=\"article:author\" content=\"https:\/\/www.facebook.com\/algarve7\" \/>\n<meta property=\"article:published_time\" content=\"2025-07-12T08:20:00+00:00\" \/>\n<meta property=\"og:image\" content=\"https:\/\/algarve7.pt\/wp-content\/uploads\/2025\/07\/Major-Sequeira.jpg\" \/>\n\t<meta property=\"og:image:width\" content=\"800\" \/>\n\t<meta property=\"og:image:height\" content=\"500\" \/>\n\t<meta property=\"og:image:type\" content=\"image\/jpeg\" \/>\n<meta name=\"author\" content=\"Algarve 7\" \/>\n<meta name=\"twitter:card\" content=\"summary_large_image\" \/>\n<meta name=\"twitter:creator\" content=\"@Algarvesete\" \/>\n<meta name=\"twitter:site\" content=\"@Algarvesete\" \/>\n<meta name=\"twitter:label1\" content=\"Escrito por\" \/>\n\t<meta name=\"twitter:data1\" content=\"Algarve 7\" \/>\n\t<meta name=\"twitter:label2\" content=\"Tempo estimado de leitura\" \/>\n\t<meta name=\"twitter:data2\" content=\"2 minutos\" \/>\n<script type=\"application\/ld+json\" class=\"yoast-schema-graph\">{\"@context\":\"https:\\\/\\\/schema.org\",\"@graph\":[{\"@type\":\"Article\",\"@id\":\"https:\\\/\\\/algarve7.pt\\\/index.php\\\/2025\\\/07\\\/militar-portimonense-inicia-importante-missao-em-mocambique\\\/atualidade\\\/09\\\/20\\\/#article\",\"isPartOf\":{\"@id\":\"https:\\\/\\\/algarve7.pt\\\/index.php\\\/2025\\\/07\\\/militar-portimonense-inicia-importante-missao-em-mocambique\\\/atualidade\\\/09\\\/20\\\/\"},\"author\":{\"name\":\"Algarve 7\",\"@id\":\"https:\\\/\\\/algarve7.pt\\\/#\\\/schema\\\/person\\\/23fa70681308e7b319a3204bcea45e0c\"},\"headline\":\"Militar portimonense inicia importante miss\u00e3o em Mo\u00e7ambique\",\"datePublished\":\"2025-07-12T08:20:00+00:00\",\"mainEntityOfPage\":{\"@id\":\"https:\\\/\\\/algarve7.pt\\\/index.php\\\/2025\\\/07\\\/militar-portimonense-inicia-importante-missao-em-mocambique\\\/atualidade\\\/09\\\/20\\\/\"},\"wordCount\":325,\"publisher\":{\"@id\":\"https:\\\/\\\/algarve7.pt\\\/#organization\"},\"image\":{\"@id\":\"https:\\\/\\\/algarve7.pt\\\/index.php\\\/2025\\\/07\\\/militar-portimonense-inicia-importante-missao-em-mocambique\\\/atualidade\\\/09\\\/20\\\/#primaryimage\"},\"thumbnailUrl\":\"https:\\\/\\\/algarve7.pt\\\/wp-content\\\/uploads\\\/2025\\\/07\\\/Major-Sequeira.jpg\",\"keywords\":[\"Algarve\",\"Atualidade\",\"Cultura\"],\"articleSection\":[\"Atualidade\"],\"inLanguage\":\"pt-PT\"},{\"@type\":\"WebPage\",\"@id\":\"https:\\\/\\\/algarve7.pt\\\/index.php\\\/2025\\\/07\\\/militar-portimonense-inicia-importante-missao-em-mocambique\\\/atualidade\\\/09\\\/20\\\/\",\"url\":\"https:\\\/\\\/algarve7.pt\\\/index.php\\\/2025\\\/07\\\/militar-portimonense-inicia-importante-missao-em-mocambique\\\/atualidade\\\/09\\\/20\\\/\",\"name\":\"Militar portimonense inicia importante miss\u00e3o em Mo\u00e7ambique - Algarve 7\",\"isPartOf\":{\"@id\":\"https:\\\/\\\/algarve7.pt\\\/#website\"},\"primaryImageOfPage\":{\"@id\":\"https:\\\/\\\/algarve7.pt\\\/index.php\\\/2025\\\/07\\\/militar-portimonense-inicia-importante-missao-em-mocambique\\\/atualidade\\\/09\\\/20\\\/#primaryimage\"},\"image\":{\"@id\":\"https:\\\/\\\/algarve7.pt\\\/index.php\\\/2025\\\/07\\\/militar-portimonense-inicia-importante-missao-em-mocambique\\\/atualidade\\\/09\\\/20\\\/#primaryimage\"},\"thumbnailUrl\":\"https:\\\/\\\/algarve7.pt\\\/wp-content\\\/uploads\\\/2025\\\/07\\\/Major-Sequeira.jpg\",\"datePublished\":\"2025-07-12T08:20:00+00:00\",\"description\":\"Militar portimonense inicia importante miss\u00e3o em Mo\u00e7ambique Atualidade\",\"breadcrumb\":{\"@id\":\"https:\\\/\\\/algarve7.pt\\\/index.php\\\/2025\\\/07\\\/militar-portimonense-inicia-importante-missao-em-mocambique\\\/atualidade\\\/09\\\/20\\\/#breadcrumb\"},\"inLanguage\":\"pt-PT\",\"potentialAction\":[{\"@type\":\"ReadAction\",\"target\":[\"https:\\\/\\\/algarve7.pt\\\/index.php\\\/2025\\\/07\\\/militar-portimonense-inicia-importante-missao-em-mocambique\\\/atualidade\\\/09\\\/20\\\/\"]}]},{\"@type\":\"ImageObject\",\"inLanguage\":\"pt-PT\",\"@id\":\"https:\\\/\\\/algarve7.pt\\\/index.php\\\/2025\\\/07\\\/militar-portimonense-inicia-importante-missao-em-mocambique\\\/atualidade\\\/09\\\/20\\\/#primaryimage\",\"url\":\"https:\\\/\\\/algarve7.pt\\\/wp-content\\\/uploads\\\/2025\\\/07\\\/Major-Sequeira.jpg\",\"contentUrl\":\"https:\\\/\\\/algarve7.pt\\\/wp-content\\\/uploads\\\/2025\\\/07\\\/Major-Sequeira.jpg\",\"width\":800,\"height\":500},{\"@type\":\"BreadcrumbList\",\"@id\":\"https:\\\/\\\/algarve7.pt\\\/index.php\\\/2025\\\/07\\\/militar-portimonense-inicia-importante-missao-em-mocambique\\\/atualidade\\\/09\\\/20\\\/#breadcrumb\",\"itemListElement\":[{\"@type\":\"ListItem\",\"position\":1,\"name\":\"In\u00edcio\",\"item\":\"https:\\\/\\\/algarve7.pt\\\/\"},{\"@type\":\"ListItem\",\"position\":2,\"name\":\"Militar portimonense inicia importante miss\u00e3o em Mo\u00e7ambique\"}]},{\"@type\":\"WebSite\",\"@id\":\"https:\\\/\\\/algarve7.pt\\\/#website\",\"url\":\"https:\\\/\\\/algarve7.pt\\\/\",\"name\":\"Algarve 7\",\"description\":\"Informa\u00e7\u00e3o sobre o Algarve\",\"publisher\":{\"@id\":\"https:\\\/\\\/algarve7.pt\\\/#organization\"},\"potentialAction\":[{\"@type\":\"SearchAction\",\"target\":{\"@type\":\"EntryPoint\",\"urlTemplate\":\"https:\\\/\\\/algarve7.pt\\\/?s={search_term_string}\"},\"query-input\":{\"@type\":\"PropertyValueSpecification\",\"valueRequired\":true,\"valueName\":\"search_term_string\"}}],\"inLanguage\":\"pt-PT\"},{\"@type\":\"Organization\",\"@id\":\"https:\\\/\\\/algarve7.pt\\\/#organization\",\"name\":\"Algarve 7\",\"url\":\"https:\\\/\\\/algarve7.pt\\\/\",\"logo\":{\"@type\":\"ImageObject\",\"inLanguage\":\"pt-PT\",\"@id\":\"https:\\\/\\\/algarve7.pt\\\/#\\\/schema\\\/logo\\\/image\\\/\",\"url\":\"https:\\\/\\\/algarve7.pt\\\/wp-content\\\/uploads\\\/2020\\\/10\\\/Logo-8.jpg\",\"contentUrl\":\"https:\\\/\\\/algarve7.pt\\\/wp-content\\\/uploads\\\/2020\\\/10\\\/Logo-8.jpg\",\"width\":1680,\"height\":1186,\"caption\":\"Algarve 7\"},\"image\":{\"@id\":\"https:\\\/\\\/algarve7.pt\\\/#\\\/schema\\\/logo\\\/image\\\/\"},\"sameAs\":[\"https:\\\/\\\/www.facebook.com\\\/algarve7\",\"https:\\\/\\\/x.com\\\/Algarvesete\",\"https:\\\/\\\/www.instagram.com\\\/jornalalgarve7\\\/\",\"https:\\\/\\\/www.linkedin.com\\\/company\\\/algarve7\",\"https:\\\/\\\/www.pinterest.pt\\\/geral0939\\\/_created\\\/\"]},{\"@type\":\"Person\",\"@id\":\"https:\\\/\\\/algarve7.pt\\\/#\\\/schema\\\/person\\\/23fa70681308e7b319a3204bcea45e0c\",\"name\":\"Algarve 7\",\"sameAs\":[\"https:\\\/\\\/algarve7.pt\",\"https:\\\/\\\/www.facebook.com\\\/algarve7\"],\"url\":\"https:\\\/\\\/algarve7.pt\\\/index.php\\\/author\\\/geralalgarve7-pt\\\/\"}]}<\/script>\n<!-- \/ Yoast SEO plugin. -->","yoast_head_json":{"title":"Militar portimonense inicia importante miss\u00e3o em Mo\u00e7ambique - Algarve 7","description":"Militar portimonense inicia importante miss\u00e3o em Mo\u00e7ambique Atualidade","robots":{"index":"index","follow":"follow","max-snippet":"max-snippet:-1","max-image-preview":"max-image-preview:large","max-video-preview":"max-video-preview:-1"},"canonical":"https:\/\/algarve7.pt\/index.php\/2025\/07\/militar-portimonense-inicia-importante-missao-em-mocambique\/atualidade\/09\/20\/","og_locale":"pt_PT","og_type":"article","og_title":"Militar portimonense inicia importante miss\u00e3o em Mo\u00e7ambique - Algarve 7","og_description":"Militar portimonense inicia importante miss\u00e3o em Mo\u00e7ambique Atualidade","og_url":"https:\/\/algarve7.pt\/index.php\/2025\/07\/militar-portimonense-inicia-importante-missao-em-mocambique\/atualidade\/09\/20\/","og_site_name":"Algarve 7","article_publisher":"https:\/\/www.facebook.com\/algarve7","article_author":"https:\/\/www.facebook.com\/algarve7","article_published_time":"2025-07-12T08:20:00+00:00","og_image":[{"width":800,"height":500,"url":"https:\/\/algarve7.pt\/wp-content\/uploads\/2025\/07\/Major-Sequeira.jpg","type":"image\/jpeg"}],"author":"Algarve 7","twitter_card":"summary_large_image","twitter_creator":"@Algarvesete","twitter_site":"@Algarvesete","twitter_misc":{"Escrito por":"Algarve 7","Tempo estimado de leitura":"2 minutos"},"schema":{"@context":"https:\/\/schema.org","@graph":[{"@type":"Article","@id":"https:\/\/algarve7.pt\/index.php\/2025\/07\/militar-portimonense-inicia-importante-missao-em-mocambique\/atualidade\/09\/20\/#article","isPartOf":{"@id":"https:\/\/algarve7.pt\/index.php\/2025\/07\/militar-portimonense-inicia-importante-missao-em-mocambique\/atualidade\/09\/20\/"},"author":{"name":"Algarve 7","@id":"https:\/\/algarve7.pt\/#\/schema\/person\/23fa70681308e7b319a3204bcea45e0c"},"headline":"Militar portimonense inicia importante miss\u00e3o em Mo\u00e7ambique","datePublished":"2025-07-12T08:20:00+00:00","mainEntityOfPage":{"@id":"https:\/\/algarve7.pt\/index.php\/2025\/07\/militar-portimonense-inicia-importante-missao-em-mocambique\/atualidade\/09\/20\/"},"wordCount":325,"publisher":{"@id":"https:\/\/algarve7.pt\/#organization"},"image":{"@id":"https:\/\/algarve7.pt\/index.php\/2025\/07\/militar-portimonense-inicia-importante-missao-em-mocambique\/atualidade\/09\/20\/#primaryimage"},"thumbnailUrl":"https:\/\/algarve7.pt\/wp-content\/uploads\/2025\/07\/Major-Sequeira.jpg","keywords":["Algarve","Atualidade","Cultura"],"articleSection":["Atualidade"],"inLanguage":"pt-PT"},{"@type":"WebPage","@id":"https:\/\/algarve7.pt\/index.php\/2025\/07\/militar-portimonense-inicia-importante-missao-em-mocambique\/atualidade\/09\/20\/","url":"https:\/\/algarve7.pt\/index.php\/2025\/07\/militar-portimonense-inicia-importante-missao-em-mocambique\/atualidade\/09\/20\/","name":"Militar portimonense inicia importante miss\u00e3o em Mo\u00e7ambique - Algarve 7","isPartOf":{"@id":"https:\/\/algarve7.pt\/#website"},"primaryImageOfPage":{"@id":"https:\/\/algarve7.pt\/index.php\/2025\/07\/militar-portimonense-inicia-importante-missao-em-mocambique\/atualidade\/09\/20\/#primaryimage"},"image":{"@id":"https:\/\/algarve7.pt\/index.php\/2025\/07\/militar-portimonense-inicia-importante-missao-em-mocambique\/atualidade\/09\/20\/#primaryimage"},"thumbnailUrl":"https:\/\/algarve7.pt\/wp-content\/uploads\/2025\/07\/Major-Sequeira.jpg","datePublished":"2025-07-12T08:20:00+00:00","description":"Militar portimonense inicia importante miss\u00e3o em Mo\u00e7ambique Atualidade","breadcrumb":{"@id":"https:\/\/algarve7.pt\/index.php\/2025\/07\/militar-portimonense-inicia-importante-missao-em-mocambique\/atualidade\/09\/20\/#breadcrumb"},"inLanguage":"pt-PT","potentialAction":[{"@type":"ReadAction","target":["https:\/\/algarve7.pt\/index.php\/2025\/07\/militar-portimonense-inicia-importante-missao-em-mocambique\/atualidade\/09\/20\/"]}]},{"@type":"ImageObject","inLanguage":"pt-PT","@id":"https:\/\/algarve7.pt\/index.php\/2025\/07\/militar-portimonense-inicia-importante-missao-em-mocambique\/atualidade\/09\/20\/#primaryimage","url":"https:\/\/algarve7.pt\/wp-content\/uploads\/2025\/07\/Major-Sequeira.jpg","contentUrl":"https:\/\/algarve7.pt\/wp-content\/uploads\/2025\/07\/Major-Sequeira.jpg","width":800,"height":500},{"@type":"BreadcrumbList","@id":"https:\/\/algarve7.pt\/index.php\/2025\/07\/militar-portimonense-inicia-importante-missao-em-mocambique\/atualidade\/09\/20\/#breadcrumb","itemListElement":[{"@type":"ListItem","position":1,"name":"In\u00edcio","item":"https:\/\/algarve7.pt\/"},{"@type":"ListItem","position":2,"name":"Militar portimonense inicia importante miss\u00e3o em Mo\u00e7ambique"}]},{"@type":"WebSite","@id":"https:\/\/algarve7.pt\/#website","url":"https:\/\/algarve7.pt\/","name":"Algarve 7","description":"Informa\u00e7\u00e3o sobre o Algarve","publisher":{"@id":"https:\/\/algarve7.pt\/#organization"},"potentialAction":[{"@type":"SearchAction","target":{"@type":"EntryPoint","urlTemplate":"https:\/\/algarve7.pt\/?s={search_term_string}"},"query-input":{"@type":"PropertyValueSpecification","valueRequired":true,"valueName":"search_term_string"}}],"inLanguage":"pt-PT"},{"@type":"Organization","@id":"https:\/\/algarve7.pt\/#organization","name":"Algarve 7","url":"https:\/\/algarve7.pt\/","logo":{"@type":"ImageObject","inLanguage":"pt-PT","@id":"https:\/\/algarve7.pt\/#\/schema\/logo\/image\/","url":"https:\/\/algarve7.pt\/wp-content\/uploads\/2020\/10\/Logo-8.jpg","contentUrl":"https:\/\/algarve7.pt\/wp-content\/uploads\/2020\/10\/Logo-8.jpg","width":1680,"height":1186,"caption":"Algarve 7"},"image":{"@id":"https:\/\/algarve7.pt\/#\/schema\/logo\/image\/"},"sameAs":["https:\/\/www.facebook.com\/algarve7","https:\/\/x.com\/Algarvesete","https:\/\/www.instagram.com\/jornalalgarve7\/","https:\/\/www.linkedin.com\/company\/algarve7","https:\/\/www.pinterest.pt\/geral0939\/_created\/"]},{"@type":"Person","@id":"https:\/\/algarve7.pt\/#\/schema\/person\/23fa70681308e7b319a3204bcea45e0c","name":"Algarve 7","sameAs":["https:\/\/algarve7.pt","https:\/\/www.facebook.com\/algarve7"],"url":"https:\/\/algarve7.pt\/index.php\/author\/geralalgarve7-pt\/"}]}},"jetpack_publicize_connections":[],"jetpack_featured_media_url":"https:\/\/algarve7.pt\/wp-content\/uploads\/2025\/07\/Major-Sequeira.jpg","jetpack_shortlink":"https:\/\/wp.me\/pcezmW-dCG","jetpack_sharing_enabled":true,"_links":{"self":[{"href":"https:\/\/algarve7.pt\/index.php\/wp-json\/wp\/v2\/posts\/52370","targetHints":{"allow":["GET"]}}],"collection":[{"href":"https:\/\/algarve7.pt\/index.php\/wp-json\/wp\/v2\/posts"}],"about":[{"href":"https:\/\/algarve7.pt\/index.php\/wp-json\/wp\/v2\/types\/post"}],"author":[{"embeddable":true,"href":"https:\/\/algarve7.pt\/index.php\/wp-json\/wp\/v2\/users\/1"}],"replies":[{"embeddable":true,"href":"https:\/\/algarve7.pt\/index.php\/wp-json\/wp\/v2\/comments?post=52370"}],"version-history":[{"count":0,"href":"https:\/\/algarve7.pt\/index.php\/wp-json\/wp\/v2\/posts\/52370\/revisions"}],"wp:featuredmedia":[{"embeddable":true,"href":"https:\/\/algarve7.pt\/index.php\/wp-json\/wp\/v2\/media\/52371"}],"wp:attachment":[{"href":"https:\/\/algarve7.pt\/index.php\/wp-json\/wp\/v2\/media?parent=52370"}],"wp:term":[{"taxonomy":"category","embeddable":true,"href":"https:\/\/algarve7.pt\/index.php\/wp-json\/wp\/v2\/categories?post=52370"},{"taxonomy":"post_tag","embeddable":true,"href":"https:\/\/algarve7.pt\/index.php\/wp-json\/wp\/v2\/tags?post=52370"}],"curies":[{"name":"wp","href":"https:\/\/api.w.org\/{rel}","templated":true}]}}