{"id":52343,"date":"2025-07-10T12:49:51","date_gmt":"2025-07-10T11:49:51","guid":{"rendered":"https:\/\/algarve7.pt\/?p=52343"},"modified":"2025-07-10T12:49:53","modified_gmt":"2025-07-10T11:49:53","slug":"esclarecimento-sobre-a-atualizacao-do-valor-do-imi-no-concelho-de-sao-bras-de-alportel","status":"publish","type":"post","link":"https:\/\/algarve7.pt\/index.php\/2025\/07\/esclarecimento-sobre-a-atualizacao-do-valor-do-imi-no-concelho-de-sao-bras-de-alportel\/economia\/12\/49\/","title":{"rendered":"Esclarecimento sobre a atualiza\u00e7\u00e3o do valor do IMI no concelho de S\u00e3o Br\u00e1s de Alportel"},"content":{"rendered":"\n<p><strong>Dado havermos recebido quest\u00f5es por parte de alguns mun\u00edcipes, a C\u00e2mara Municipal vem&nbsp;&nbsp;esclarecer os motivos pelos quais poder\u00e3o alguns&nbsp;&nbsp;mun\u00edcipes ter verificado um aumento no valor do Imposto Municipal sobre Im\u00f3veis (IMI) a pagar em 2025, o que nada ficou a dever-se \u00e0 autarquia, mas t\u00e3o s\u00f3 e apenas \u00e0 atualiza\u00e7\u00e3o do valor patrimonial dos im\u00f3veis, que \u00e9 realizada regularmente.<\/strong><\/p>\n\n\n\n<p>Importa, desde logo, sublinhar que o&nbsp;<strong>Munic\u00edpio n\u00e3o procedeu a qualquer altera\u00e7\u00e3o da taxa de IMI, que lhe compete fixar, dentro de uma margem. Desde o ano de 2020<\/strong>, a taxa de IMI para pr\u00e9dios urbanos no concelho mant\u00e9m-se est\u00e1vel nos 0,41%, refletindo o compromisso da autarquia em garantir uma gest\u00e3o respons\u00e1vel e equilibrada das finan\u00e7as municipais. Lamentavelmente, dado que o munic\u00edpio possui poucas receitas pr\u00f3prias, e de modo a fazer face a todos os custos com a qualidade de vida da popula\u00e7\u00e3o, n\u00e3o \u00e9 vi\u00e1vel realizar a baixa desta taxa como seria desej\u00e1vel.<\/p>\n\n\n\n<p>\u00c9 importante no entanto recordar que o valor do IMI resulta da conjuga\u00e7\u00e3o de tr\u00eas fatores distintos:<\/p>\n\n\n\n<p>&nbsp;1. O Valor Patrimonial Tribut\u00e1rio (VPT) do im\u00f3vel \u2014 calculado e atualizado pelas Finan\u00e7as &#8211; Autoridade Tribut\u00e1ria e Aduaneira (AT);<\/p>\n\n\n\n<p>&nbsp;&nbsp;2. O \u00edndice de localiza\u00e7\u00e3o (zonamento) \u2014 que define o valor em fun\u00e7\u00e3o da zona onde se situa o im\u00f3vel, o que muitas vezes faz com que apesar de uma taxa baixa o valor final possa ser mais alto, igualmente determinado pelas Finan\u00e7as;<\/p>\n\n\n\n<p>&nbsp;&nbsp;3. A taxa do imposto a aplicar \u2014 este \u00e9 o \u00fanico elemento definido pelas autarquias e aprovado em Assembleia Municipal.<\/p>\n\n\n\n<p>Assim, eventuais aumentos verificados no valor do IMI pago em 2025 resultam, exclusivamente, de uma reavalia\u00e7\u00e3o autom\u00e1tica do valor patrimonial dos im\u00f3veis, levada a cabo pela Autoridade Tribut\u00e1ria &#8211; Finan\u00e7as- no final de 2024, de acordo com os crit\u00e9rios t\u00e9cnicos legalmente previstos, como a valoriza\u00e7\u00e3o do mercado imobili\u00e1rio, localiza\u00e7\u00e3o e caracter\u00edsticas dos im\u00f3veis.<\/p>\n\n\n\n<p>Esta atualiza\u00e7\u00e3o que acontece com uma regularidade fixada pelas finan\u00e7as, da responsabilidade da administra\u00e7\u00e3o central, pode ter originado um aumento do valor sobre o qual incide a taxa de IMI, refletindo-se assim num imposto mais elevado para alguns propriet\u00e1rios \u2014 sem que tal se deva a qualquer decis\u00e3o local do Munic\u00edpio.<\/p>\n\n\n\n<p>O Munic\u00edpio de S\u00e3o Br\u00e1s de Alportel reafirma o seu empenho em manter uma taxa equilibrada, essencial para garantir a sustentabilidade financeira da autarquia e continuar a investir em \u00e1reas-chave como a educa\u00e7\u00e3o, os servi\u00e7os sociais, a requalifica\u00e7\u00e3o urbana e a qualidade de vida de todos os s\u00e3o-brasenses.<\/p>\n\n\n\n<p>Para qualquer esclarecimento adicional, os servi\u00e7os municipais est\u00e3o dispon\u00edveis para apoiar e responder a todas as d\u00favidas.<\/p>\n\n\n\n<p>Relativamente ao valor patrimonial dos im\u00f3veis dever\u00e1 ser contactada a Autoridade Tribut\u00e1ria.<\/p>\n","protected":false},"excerpt":{"rendered":"<p>Dado havermos recebido quest\u00f5es por parte de alguns mun\u00edcipes, a C\u00e2mara Municipal vem&nbsp;&nbsp;esclarecer os motivos pelos quais poder\u00e3o alguns&nbsp;&nbsp;mun\u00edcipes ter<\/p>\n","protected":false},"author":1,"featured_media":45785,"comment_status":"closed","ping_status":"closed","sticky":false,"template":"","format":"standard","meta":{"colormag_page_container_layout":"default_layout","colormag_page_sidebar_layout":"default_layout","_monsterinsights_skip_tracking":false,"_monsterinsights_sitenote_active":false,"_monsterinsights_sitenote_note":"","_monsterinsights_sitenote_category":0,"jetpack_post_was_ever_published":false,"_jetpack_newsletter_access":"","_jetpack_dont_email_post_to_subs":false,"_jetpack_newsletter_tier_id":0,"_jetpack_memberships_contains_paywalled_content":false,"_jetpack_memberships_contains_paid_content":false,"footnotes":"","jetpack_publicize_message":"","jetpack_publicize_feature_enabled":true,"jetpack_social_post_already_shared":false,"jetpack_social_options":{"image_generator_settings":{"template":"highway","default_image_id":0,"font":"","enabled":false},"version":2}},"categories":[151],"tags":[36,153,63],"class_list":["post-52343","post","type-post","status-publish","format-standard","has-post-thumbnail","hentry","category-economia","tag-algarve","tag-economia","tag-sao-bras-de-alportel"],"yoast_head":"<!-- This site is optimized with the Yoast SEO plugin v27.5 - https:\/\/yoast.com\/product\/yoast-seo-wordpress\/ -->\n<title>Esclarecimento sobre a atualiza\u00e7\u00e3o do valor do IMI no concelho de S\u00e3o Br\u00e1s de Alportel - Algarve 7<\/title>\n<meta name=\"description\" content=\"Esclarecimento sobre a atualiza\u00e7\u00e3o do valor do IMI no concelho de S\u00e3o Br\u00e1s de Alportel Economia\" \/>\n<meta name=\"robots\" content=\"index, follow, max-snippet:-1, max-image-preview:large, max-video-preview:-1\" \/>\n<link rel=\"canonical\" href=\"https:\/\/algarve7.pt\/index.php\/2025\/07\/esclarecimento-sobre-a-atualizacao-do-valor-do-imi-no-concelho-de-sao-bras-de-alportel\/economia\/12\/49\/\" \/>\n<meta property=\"og:locale\" content=\"pt_PT\" \/>\n<meta property=\"og:type\" content=\"article\" \/>\n<meta property=\"og:title\" content=\"Esclarecimento sobre a atualiza\u00e7\u00e3o do valor do IMI no concelho de S\u00e3o Br\u00e1s de Alportel - Algarve 7\" \/>\n<meta property=\"og:description\" content=\"Esclarecimento sobre a atualiza\u00e7\u00e3o do valor do IMI no concelho de S\u00e3o Br\u00e1s de Alportel Economia\" \/>\n<meta property=\"og:url\" content=\"https:\/\/algarve7.pt\/index.php\/2025\/07\/esclarecimento-sobre-a-atualizacao-do-valor-do-imi-no-concelho-de-sao-bras-de-alportel\/economia\/12\/49\/\" \/>\n<meta property=\"og:site_name\" content=\"Algarve 7\" \/>\n<meta property=\"article:publisher\" content=\"https:\/\/www.facebook.com\/algarve7\" \/>\n<meta property=\"article:author\" content=\"https:\/\/www.facebook.com\/algarve7\" \/>\n<meta property=\"article:published_time\" content=\"2025-07-10T11:49:51+00:00\" \/>\n<meta property=\"article:modified_time\" content=\"2025-07-10T11:49:53+00:00\" \/>\n<meta property=\"og:image\" content=\"https:\/\/algarve7.pt\/wp-content\/uploads\/2024\/12\/SaoBrasAlportel.jpg\" \/>\n\t<meta property=\"og:image:width\" content=\"800\" \/>\n\t<meta property=\"og:image:height\" content=\"500\" \/>\n\t<meta property=\"og:image:type\" content=\"image\/jpeg\" \/>\n<meta name=\"author\" content=\"Algarve 7\" \/>\n<meta name=\"twitter:card\" content=\"summary_large_image\" \/>\n<meta name=\"twitter:creator\" content=\"@Algarvesete\" \/>\n<meta name=\"twitter:site\" content=\"@Algarvesete\" \/>\n<meta name=\"twitter:label1\" content=\"Escrito por\" \/>\n\t<meta name=\"twitter:data1\" content=\"Algarve 7\" \/>\n\t<meta name=\"twitter:label2\" content=\"Tempo estimado de leitura\" \/>\n\t<meta name=\"twitter:data2\" content=\"3 minutos\" \/>\n<script type=\"application\/ld+json\" class=\"yoast-schema-graph\">{\"@context\":\"https:\\\/\\\/schema.org\",\"@graph\":[{\"@type\":\"Article\",\"@id\":\"https:\\\/\\\/algarve7.pt\\\/index.php\\\/2025\\\/07\\\/esclarecimento-sobre-a-atualizacao-do-valor-do-imi-no-concelho-de-sao-bras-de-alportel\\\/economia\\\/12\\\/49\\\/#article\",\"isPartOf\":{\"@id\":\"https:\\\/\\\/algarve7.pt\\\/index.php\\\/2025\\\/07\\\/esclarecimento-sobre-a-atualizacao-do-valor-do-imi-no-concelho-de-sao-bras-de-alportel\\\/economia\\\/12\\\/49\\\/\"},\"author\":{\"name\":\"Algarve 7\",\"@id\":\"https:\\\/\\\/algarve7.pt\\\/#\\\/schema\\\/person\\\/23fa70681308e7b319a3204bcea45e0c\"},\"headline\":\"Esclarecimento sobre a atualiza\u00e7\u00e3o do valor do IMI no concelho de S\u00e3o Br\u00e1s de Alportel\",\"datePublished\":\"2025-07-10T11:49:51+00:00\",\"dateModified\":\"2025-07-10T11:49:53+00:00\",\"mainEntityOfPage\":{\"@id\":\"https:\\\/\\\/algarve7.pt\\\/index.php\\\/2025\\\/07\\\/esclarecimento-sobre-a-atualizacao-do-valor-do-imi-no-concelho-de-sao-bras-de-alportel\\\/economia\\\/12\\\/49\\\/\"},\"wordCount\":512,\"publisher\":{\"@id\":\"https:\\\/\\\/algarve7.pt\\\/#organization\"},\"image\":{\"@id\":\"https:\\\/\\\/algarve7.pt\\\/index.php\\\/2025\\\/07\\\/esclarecimento-sobre-a-atualizacao-do-valor-do-imi-no-concelho-de-sao-bras-de-alportel\\\/economia\\\/12\\\/49\\\/#primaryimage\"},\"thumbnailUrl\":\"https:\\\/\\\/algarve7.pt\\\/wp-content\\\/uploads\\\/2024\\\/12\\\/SaoBrasAlportel.jpg\",\"keywords\":[\"Algarve\",\"Economia\",\"S\u00e3o Br\u00e1s de Alportel\"],\"articleSection\":[\"Economia\"],\"inLanguage\":\"pt-PT\"},{\"@type\":\"WebPage\",\"@id\":\"https:\\\/\\\/algarve7.pt\\\/index.php\\\/2025\\\/07\\\/esclarecimento-sobre-a-atualizacao-do-valor-do-imi-no-concelho-de-sao-bras-de-alportel\\\/economia\\\/12\\\/49\\\/\",\"url\":\"https:\\\/\\\/algarve7.pt\\\/index.php\\\/2025\\\/07\\\/esclarecimento-sobre-a-atualizacao-do-valor-do-imi-no-concelho-de-sao-bras-de-alportel\\\/economia\\\/12\\\/49\\\/\",\"name\":\"Esclarecimento sobre a atualiza\u00e7\u00e3o do valor do IMI no concelho de S\u00e3o Br\u00e1s de Alportel - Algarve 7\",\"isPartOf\":{\"@id\":\"https:\\\/\\\/algarve7.pt\\\/#website\"},\"primaryImageOfPage\":{\"@id\":\"https:\\\/\\\/algarve7.pt\\\/index.php\\\/2025\\\/07\\\/esclarecimento-sobre-a-atualizacao-do-valor-do-imi-no-concelho-de-sao-bras-de-alportel\\\/economia\\\/12\\\/49\\\/#primaryimage\"},\"image\":{\"@id\":\"https:\\\/\\\/algarve7.pt\\\/index.php\\\/2025\\\/07\\\/esclarecimento-sobre-a-atualizacao-do-valor-do-imi-no-concelho-de-sao-bras-de-alportel\\\/economia\\\/12\\\/49\\\/#primaryimage\"},\"thumbnailUrl\":\"https:\\\/\\\/algarve7.pt\\\/wp-content\\\/uploads\\\/2024\\\/12\\\/SaoBrasAlportel.jpg\",\"datePublished\":\"2025-07-10T11:49:51+00:00\",\"dateModified\":\"2025-07-10T11:49:53+00:00\",\"description\":\"Esclarecimento sobre a atualiza\u00e7\u00e3o do valor do IMI no concelho de S\u00e3o Br\u00e1s de Alportel Economia\",\"breadcrumb\":{\"@id\":\"https:\\\/\\\/algarve7.pt\\\/index.php\\\/2025\\\/07\\\/esclarecimento-sobre-a-atualizacao-do-valor-do-imi-no-concelho-de-sao-bras-de-alportel\\\/economia\\\/12\\\/49\\\/#breadcrumb\"},\"inLanguage\":\"pt-PT\",\"potentialAction\":[{\"@type\":\"ReadAction\",\"target\":[\"https:\\\/\\\/algarve7.pt\\\/index.php\\\/2025\\\/07\\\/esclarecimento-sobre-a-atualizacao-do-valor-do-imi-no-concelho-de-sao-bras-de-alportel\\\/economia\\\/12\\\/49\\\/\"]}]},{\"@type\":\"ImageObject\",\"inLanguage\":\"pt-PT\",\"@id\":\"https:\\\/\\\/algarve7.pt\\\/index.php\\\/2025\\\/07\\\/esclarecimento-sobre-a-atualizacao-do-valor-do-imi-no-concelho-de-sao-bras-de-alportel\\\/economia\\\/12\\\/49\\\/#primaryimage\",\"url\":\"https:\\\/\\\/algarve7.pt\\\/wp-content\\\/uploads\\\/2024\\\/12\\\/SaoBrasAlportel.jpg\",\"contentUrl\":\"https:\\\/\\\/algarve7.pt\\\/wp-content\\\/uploads\\\/2024\\\/12\\\/SaoBrasAlportel.jpg\",\"width\":800,\"height\":500},{\"@type\":\"BreadcrumbList\",\"@id\":\"https:\\\/\\\/algarve7.pt\\\/index.php\\\/2025\\\/07\\\/esclarecimento-sobre-a-atualizacao-do-valor-do-imi-no-concelho-de-sao-bras-de-alportel\\\/economia\\\/12\\\/49\\\/#breadcrumb\",\"itemListElement\":[{\"@type\":\"ListItem\",\"position\":1,\"name\":\"In\u00edcio\",\"item\":\"https:\\\/\\\/algarve7.pt\\\/\"},{\"@type\":\"ListItem\",\"position\":2,\"name\":\"Esclarecimento sobre a atualiza\u00e7\u00e3o do valor do IMI no concelho de S\u00e3o Br\u00e1s de Alportel\"}]},{\"@type\":\"WebSite\",\"@id\":\"https:\\\/\\\/algarve7.pt\\\/#website\",\"url\":\"https:\\\/\\\/algarve7.pt\\\/\",\"name\":\"Algarve 7\",\"description\":\"Informa\u00e7\u00e3o sobre o Algarve\",\"publisher\":{\"@id\":\"https:\\\/\\\/algarve7.pt\\\/#organization\"},\"potentialAction\":[{\"@type\":\"SearchAction\",\"target\":{\"@type\":\"EntryPoint\",\"urlTemplate\":\"https:\\\/\\\/algarve7.pt\\\/?s={search_term_string}\"},\"query-input\":{\"@type\":\"PropertyValueSpecification\",\"valueRequired\":true,\"valueName\":\"search_term_string\"}}],\"inLanguage\":\"pt-PT\"},{\"@type\":\"Organization\",\"@id\":\"https:\\\/\\\/algarve7.pt\\\/#organization\",\"name\":\"Algarve 7\",\"url\":\"https:\\\/\\\/algarve7.pt\\\/\",\"logo\":{\"@type\":\"ImageObject\",\"inLanguage\":\"pt-PT\",\"@id\":\"https:\\\/\\\/algarve7.pt\\\/#\\\/schema\\\/logo\\\/image\\\/\",\"url\":\"https:\\\/\\\/algarve7.pt\\\/wp-content\\\/uploads\\\/2020\\\/10\\\/Logo-8.jpg\",\"contentUrl\":\"https:\\\/\\\/algarve7.pt\\\/wp-content\\\/uploads\\\/2020\\\/10\\\/Logo-8.jpg\",\"width\":1680,\"height\":1186,\"caption\":\"Algarve 7\"},\"image\":{\"@id\":\"https:\\\/\\\/algarve7.pt\\\/#\\\/schema\\\/logo\\\/image\\\/\"},\"sameAs\":[\"https:\\\/\\\/www.facebook.com\\\/algarve7\",\"https:\\\/\\\/x.com\\\/Algarvesete\",\"https:\\\/\\\/www.instagram.com\\\/jornalalgarve7\\\/\",\"https:\\\/\\\/www.linkedin.com\\\/company\\\/algarve7\",\"https:\\\/\\\/www.pinterest.pt\\\/geral0939\\\/_created\\\/\"]},{\"@type\":\"Person\",\"@id\":\"https:\\\/\\\/algarve7.pt\\\/#\\\/schema\\\/person\\\/23fa70681308e7b319a3204bcea45e0c\",\"name\":\"Algarve 7\",\"sameAs\":[\"https:\\\/\\\/algarve7.pt\",\"https:\\\/\\\/www.facebook.com\\\/algarve7\"],\"url\":\"https:\\\/\\\/algarve7.pt\\\/index.php\\\/author\\\/geralalgarve7-pt\\\/\"}]}<\/script>\n<!-- \/ Yoast SEO plugin. -->","yoast_head_json":{"title":"Esclarecimento sobre a atualiza\u00e7\u00e3o do valor do IMI no concelho de S\u00e3o Br\u00e1s de Alportel - Algarve 7","description":"Esclarecimento sobre a atualiza\u00e7\u00e3o do valor do IMI no concelho de S\u00e3o Br\u00e1s de Alportel Economia","robots":{"index":"index","follow":"follow","max-snippet":"max-snippet:-1","max-image-preview":"max-image-preview:large","max-video-preview":"max-video-preview:-1"},"canonical":"https:\/\/algarve7.pt\/index.php\/2025\/07\/esclarecimento-sobre-a-atualizacao-do-valor-do-imi-no-concelho-de-sao-bras-de-alportel\/economia\/12\/49\/","og_locale":"pt_PT","og_type":"article","og_title":"Esclarecimento sobre a atualiza\u00e7\u00e3o do valor do IMI no concelho de S\u00e3o Br\u00e1s de Alportel - Algarve 7","og_description":"Esclarecimento sobre a atualiza\u00e7\u00e3o do valor do IMI no concelho de S\u00e3o Br\u00e1s de Alportel Economia","og_url":"https:\/\/algarve7.pt\/index.php\/2025\/07\/esclarecimento-sobre-a-atualizacao-do-valor-do-imi-no-concelho-de-sao-bras-de-alportel\/economia\/12\/49\/","og_site_name":"Algarve 7","article_publisher":"https:\/\/www.facebook.com\/algarve7","article_author":"https:\/\/www.facebook.com\/algarve7","article_published_time":"2025-07-10T11:49:51+00:00","article_modified_time":"2025-07-10T11:49:53+00:00","og_image":[{"width":800,"height":500,"url":"https:\/\/algarve7.pt\/wp-content\/uploads\/2024\/12\/SaoBrasAlportel.jpg","type":"image\/jpeg"}],"author":"Algarve 7","twitter_card":"summary_large_image","twitter_creator":"@Algarvesete","twitter_site":"@Algarvesete","twitter_misc":{"Escrito por":"Algarve 7","Tempo estimado de leitura":"3 minutos"},"schema":{"@context":"https:\/\/schema.org","@graph":[{"@type":"Article","@id":"https:\/\/algarve7.pt\/index.php\/2025\/07\/esclarecimento-sobre-a-atualizacao-do-valor-do-imi-no-concelho-de-sao-bras-de-alportel\/economia\/12\/49\/#article","isPartOf":{"@id":"https:\/\/algarve7.pt\/index.php\/2025\/07\/esclarecimento-sobre-a-atualizacao-do-valor-do-imi-no-concelho-de-sao-bras-de-alportel\/economia\/12\/49\/"},"author":{"name":"Algarve 7","@id":"https:\/\/algarve7.pt\/#\/schema\/person\/23fa70681308e7b319a3204bcea45e0c"},"headline":"Esclarecimento sobre a atualiza\u00e7\u00e3o do valor do IMI no concelho de S\u00e3o Br\u00e1s de Alportel","datePublished":"2025-07-10T11:49:51+00:00","dateModified":"2025-07-10T11:49:53+00:00","mainEntityOfPage":{"@id":"https:\/\/algarve7.pt\/index.php\/2025\/07\/esclarecimento-sobre-a-atualizacao-do-valor-do-imi-no-concelho-de-sao-bras-de-alportel\/economia\/12\/49\/"},"wordCount":512,"publisher":{"@id":"https:\/\/algarve7.pt\/#organization"},"image":{"@id":"https:\/\/algarve7.pt\/index.php\/2025\/07\/esclarecimento-sobre-a-atualizacao-do-valor-do-imi-no-concelho-de-sao-bras-de-alportel\/economia\/12\/49\/#primaryimage"},"thumbnailUrl":"https:\/\/algarve7.pt\/wp-content\/uploads\/2024\/12\/SaoBrasAlportel.jpg","keywords":["Algarve","Economia","S\u00e3o Br\u00e1s de Alportel"],"articleSection":["Economia"],"inLanguage":"pt-PT"},{"@type":"WebPage","@id":"https:\/\/algarve7.pt\/index.php\/2025\/07\/esclarecimento-sobre-a-atualizacao-do-valor-do-imi-no-concelho-de-sao-bras-de-alportel\/economia\/12\/49\/","url":"https:\/\/algarve7.pt\/index.php\/2025\/07\/esclarecimento-sobre-a-atualizacao-do-valor-do-imi-no-concelho-de-sao-bras-de-alportel\/economia\/12\/49\/","name":"Esclarecimento sobre a atualiza\u00e7\u00e3o do valor do IMI no concelho de S\u00e3o Br\u00e1s de Alportel - Algarve 7","isPartOf":{"@id":"https:\/\/algarve7.pt\/#website"},"primaryImageOfPage":{"@id":"https:\/\/algarve7.pt\/index.php\/2025\/07\/esclarecimento-sobre-a-atualizacao-do-valor-do-imi-no-concelho-de-sao-bras-de-alportel\/economia\/12\/49\/#primaryimage"},"image":{"@id":"https:\/\/algarve7.pt\/index.php\/2025\/07\/esclarecimento-sobre-a-atualizacao-do-valor-do-imi-no-concelho-de-sao-bras-de-alportel\/economia\/12\/49\/#primaryimage"},"thumbnailUrl":"https:\/\/algarve7.pt\/wp-content\/uploads\/2024\/12\/SaoBrasAlportel.jpg","datePublished":"2025-07-10T11:49:51+00:00","dateModified":"2025-07-10T11:49:53+00:00","description":"Esclarecimento sobre a atualiza\u00e7\u00e3o do valor do IMI no concelho de S\u00e3o Br\u00e1s de Alportel Economia","breadcrumb":{"@id":"https:\/\/algarve7.pt\/index.php\/2025\/07\/esclarecimento-sobre-a-atualizacao-do-valor-do-imi-no-concelho-de-sao-bras-de-alportel\/economia\/12\/49\/#breadcrumb"},"inLanguage":"pt-PT","potentialAction":[{"@type":"ReadAction","target":["https:\/\/algarve7.pt\/index.php\/2025\/07\/esclarecimento-sobre-a-atualizacao-do-valor-do-imi-no-concelho-de-sao-bras-de-alportel\/economia\/12\/49\/"]}]},{"@type":"ImageObject","inLanguage":"pt-PT","@id":"https:\/\/algarve7.pt\/index.php\/2025\/07\/esclarecimento-sobre-a-atualizacao-do-valor-do-imi-no-concelho-de-sao-bras-de-alportel\/economia\/12\/49\/#primaryimage","url":"https:\/\/algarve7.pt\/wp-content\/uploads\/2024\/12\/SaoBrasAlportel.jpg","contentUrl":"https:\/\/algarve7.pt\/wp-content\/uploads\/2024\/12\/SaoBrasAlportel.jpg","width":800,"height":500},{"@type":"BreadcrumbList","@id":"https:\/\/algarve7.pt\/index.php\/2025\/07\/esclarecimento-sobre-a-atualizacao-do-valor-do-imi-no-concelho-de-sao-bras-de-alportel\/economia\/12\/49\/#breadcrumb","itemListElement":[{"@type":"ListItem","position":1,"name":"In\u00edcio","item":"https:\/\/algarve7.pt\/"},{"@type":"ListItem","position":2,"name":"Esclarecimento sobre a atualiza\u00e7\u00e3o do valor do IMI no concelho de S\u00e3o Br\u00e1s de Alportel"}]},{"@type":"WebSite","@id":"https:\/\/algarve7.pt\/#website","url":"https:\/\/algarve7.pt\/","name":"Algarve 7","description":"Informa\u00e7\u00e3o sobre o Algarve","publisher":{"@id":"https:\/\/algarve7.pt\/#organization"},"potentialAction":[{"@type":"SearchAction","target":{"@type":"EntryPoint","urlTemplate":"https:\/\/algarve7.pt\/?s={search_term_string}"},"query-input":{"@type":"PropertyValueSpecification","valueRequired":true,"valueName":"search_term_string"}}],"inLanguage":"pt-PT"},{"@type":"Organization","@id":"https:\/\/algarve7.pt\/#organization","name":"Algarve 7","url":"https:\/\/algarve7.pt\/","logo":{"@type":"ImageObject","inLanguage":"pt-PT","@id":"https:\/\/algarve7.pt\/#\/schema\/logo\/image\/","url":"https:\/\/algarve7.pt\/wp-content\/uploads\/2020\/10\/Logo-8.jpg","contentUrl":"https:\/\/algarve7.pt\/wp-content\/uploads\/2020\/10\/Logo-8.jpg","width":1680,"height":1186,"caption":"Algarve 7"},"image":{"@id":"https:\/\/algarve7.pt\/#\/schema\/logo\/image\/"},"sameAs":["https:\/\/www.facebook.com\/algarve7","https:\/\/x.com\/Algarvesete","https:\/\/www.instagram.com\/jornalalgarve7\/","https:\/\/www.linkedin.com\/company\/algarve7","https:\/\/www.pinterest.pt\/geral0939\/_created\/"]},{"@type":"Person","@id":"https:\/\/algarve7.pt\/#\/schema\/person\/23fa70681308e7b319a3204bcea45e0c","name":"Algarve 7","sameAs":["https:\/\/algarve7.pt","https:\/\/www.facebook.com\/algarve7"],"url":"https:\/\/algarve7.pt\/index.php\/author\/geralalgarve7-pt\/"}]}},"jetpack_publicize_connections":[],"jetpack_featured_media_url":"https:\/\/algarve7.pt\/wp-content\/uploads\/2024\/12\/SaoBrasAlportel.jpg","jetpack_shortlink":"https:\/\/wp.me\/pcezmW-dCf","jetpack_sharing_enabled":true,"_links":{"self":[{"href":"https:\/\/algarve7.pt\/index.php\/wp-json\/wp\/v2\/posts\/52343","targetHints":{"allow":["GET"]}}],"collection":[{"href":"https:\/\/algarve7.pt\/index.php\/wp-json\/wp\/v2\/posts"}],"about":[{"href":"https:\/\/algarve7.pt\/index.php\/wp-json\/wp\/v2\/types\/post"}],"author":[{"embeddable":true,"href":"https:\/\/algarve7.pt\/index.php\/wp-json\/wp\/v2\/users\/1"}],"replies":[{"embeddable":true,"href":"https:\/\/algarve7.pt\/index.php\/wp-json\/wp\/v2\/comments?post=52343"}],"version-history":[{"count":0,"href":"https:\/\/algarve7.pt\/index.php\/wp-json\/wp\/v2\/posts\/52343\/revisions"}],"wp:featuredmedia":[{"embeddable":true,"href":"https:\/\/algarve7.pt\/index.php\/wp-json\/wp\/v2\/media\/45785"}],"wp:attachment":[{"href":"https:\/\/algarve7.pt\/index.php\/wp-json\/wp\/v2\/media?parent=52343"}],"wp:term":[{"taxonomy":"category","embeddable":true,"href":"https:\/\/algarve7.pt\/index.php\/wp-json\/wp\/v2\/categories?post=52343"},{"taxonomy":"post_tag","embeddable":true,"href":"https:\/\/algarve7.pt\/index.php\/wp-json\/wp\/v2\/tags?post=52343"}],"curies":[{"name":"wp","href":"https:\/\/api.w.org\/{rel}","templated":true}]}}