{"id":52339,"date":"2025-07-10T12:45:45","date_gmt":"2025-07-10T11:45:45","guid":{"rendered":"https:\/\/algarve7.pt\/?p=52339"},"modified":"2025-07-10T12:45:48","modified_gmt":"2025-07-10T11:45:48","slug":"fullmoon-regressa-a-praia-da-gale-a-10-de-julho-e-8-de-agosto","status":"publish","type":"post","link":"https:\/\/algarve7.pt\/index.php\/2025\/07\/fullmoon-regressa-a-praia-da-gale-a-10-de-julho-e-8-de-agosto\/cultura\/12\/45\/","title":{"rendered":"\u201cFullmoon\u201d regressa \u00e0 praia da Gal\u00e9 a 10 de julho e 8 de agosto"},"content":{"rendered":"\n<p>\u00c9 j\u00e1 hoje 10 de julho que as celebra\u00e7\u00f5es das noites de lua cheia regressam \u00e0 Praia da Gal\u00e9. Os festejos v\u00e3o j\u00e1 na 27\u00aa edi\u00e7\u00e3o, e integram o cartaz cultural do concelho de Albufeira para mais uma \u00e9poca tur\u00edstica. A iniciativa \u201cFULLMOON\u201d \u00e9 organizada pelo Munic\u00edpio de Albufeira, e realiza-se tamb\u00e9m no dia 8 de agosto.<\/p>\n\n\n\n<p>Esta quinta-feira, dia 10 de julho, as portas do recinto t\u00eam abertura prevista para as 18h00. No local, podem ser visitados expositores de artes\u00e3o locais, que v\u00e3o poder mostrar os seus trabalhos aos visitantes. O espa\u00e7o conta tamb\u00e9m com anima\u00e7\u00e3o de rua, m\u00fasica, cabines fotogr\u00e1ficas, e demonstra\u00e7\u00f5es de artes circenses.<\/p>\n\n\n\n<p>As atua\u00e7\u00f5es musicais t\u00eam in\u00edcio previsto para as 20h30. Isabel Carvalhaes vai abrir a programa\u00e7\u00e3o com o espet\u00e1culo \u201cViolin\u201d, que vai acompanhar o p\u00f4r do sol em pleno areal. Seguem-se as atua\u00e7\u00f5es de DJ China, John Andrews 1st, Jay Martin e DJ Gorelha. Ao longo da noite, h\u00e1 ainda espa\u00e7o para as atua\u00e7\u00f5es de Gil Abrantes e Singer Supaglow, bem como para um \u201cFire Show\u201d a cargo de Sofia Brito.<\/p>\n\n\n\n<p>A 2.\u00aa noite de \u201cFULLMOON\u201d acontece no dia 8 de agosto, com um programa semelhante. Os artistas DJ China, Sofia Brito e Isabel Carvalhaes repetem as atua\u00e7\u00f5es previstas para a primeira noite. Ao cartaz juntam-se ainda nomes como Z\u00e9 Balck B2B Gonazelez, Bruno Zarra, e Estela Mota.<\/p>\n\n\n\n<p>O \u201cFULLMOON\u201d realiza-se na Praia da Gal\u00e9, em Albufeira. O evento conta j\u00e1 com quase 3 d\u00e9cadas de exist\u00eancia, e tem contribu\u00eddo para animar as noites de ver\u00e3o no concelho, em plena \u00e9poca alta da ind\u00fastria tur\u00edstica. Em 2025, a iniciativa realiza-se nos dias 10 de julho e 8 de agosto. A entrada \u00e9 gratuita.<\/p>\n","protected":false},"excerpt":{"rendered":"<p>\u00c9 j\u00e1 hoje 10 de julho que as celebra\u00e7\u00f5es das noites de lua cheia regressam \u00e0 Praia da Gal\u00e9. Os<\/p>\n","protected":false},"author":1,"featured_media":52340,"comment_status":"closed","ping_status":"closed","sticky":false,"template":"","format":"standard","meta":{"colormag_page_container_layout":"default_layout","colormag_page_sidebar_layout":"default_layout","_monsterinsights_skip_tracking":false,"_monsterinsights_sitenote_active":false,"_monsterinsights_sitenote_note":"","_monsterinsights_sitenote_category":0,"jetpack_post_was_ever_published":false,"_jetpack_newsletter_access":"","_jetpack_dont_email_post_to_subs":false,"_jetpack_newsletter_tier_id":0,"_jetpack_memberships_contains_paywalled_content":false,"_jetpack_memberships_contains_paid_content":false,"footnotes":"","jetpack_publicize_message":"","jetpack_publicize_feature_enabled":true,"jetpack_social_post_already_shared":false,"jetpack_social_options":{"image_generator_settings":{"template":"highway","default_image_id":0,"font":"","enabled":false},"version":2}},"categories":[14],"tags":[155,36,35],"class_list":["post-52339","post","type-post","status-publish","format-standard","has-post-thumbnail","hentry","category-cultura","tag-albufeira","tag-algarve","tag-cultura"],"yoast_head":"<!-- This site is optimized with the Yoast SEO plugin v27.5 - https:\/\/yoast.com\/product\/yoast-seo-wordpress\/ -->\n<title>\u201cFullmoon\u201d regressa \u00e0 praia da Gal\u00e9 a 10 de julho e 8 de agosto - Algarve 7<\/title>\n<meta name=\"description\" content=\"\u201cFullmoon\u201d regressa \u00e0 praia da Gal\u00e9 a 10 de julho e 8 de agosto Cultura\" \/>\n<meta name=\"robots\" content=\"index, follow, max-snippet:-1, max-image-preview:large, max-video-preview:-1\" \/>\n<link rel=\"canonical\" href=\"https:\/\/algarve7.pt\/index.php\/2025\/07\/fullmoon-regressa-a-praia-da-gale-a-10-de-julho-e-8-de-agosto\/cultura\/12\/45\/\" \/>\n<meta property=\"og:locale\" content=\"pt_PT\" \/>\n<meta property=\"og:type\" content=\"article\" \/>\n<meta property=\"og:title\" content=\"\u201cFullmoon\u201d regressa \u00e0 praia da Gal\u00e9 a 10 de julho e 8 de agosto - Algarve 7\" \/>\n<meta property=\"og:description\" content=\"\u201cFullmoon\u201d regressa \u00e0 praia da Gal\u00e9 a 10 de julho e 8 de agosto Cultura\" \/>\n<meta property=\"og:url\" content=\"https:\/\/algarve7.pt\/index.php\/2025\/07\/fullmoon-regressa-a-praia-da-gale-a-10-de-julho-e-8-de-agosto\/cultura\/12\/45\/\" \/>\n<meta property=\"og:site_name\" content=\"Algarve 7\" \/>\n<meta property=\"article:publisher\" content=\"https:\/\/www.facebook.com\/algarve7\" \/>\n<meta property=\"article:author\" content=\"https:\/\/www.facebook.com\/algarve7\" \/>\n<meta property=\"article:published_time\" content=\"2025-07-10T11:45:45+00:00\" \/>\n<meta property=\"article:modified_time\" content=\"2025-07-10T11:45:48+00:00\" \/>\n<meta property=\"og:image\" content=\"https:\/\/algarve7.pt\/wp-content\/uploads\/2025\/07\/Captura-de-ecra-2025-07-10-as-12.42.15.png\" \/>\n\t<meta property=\"og:image:width\" content=\"800\" \/>\n\t<meta property=\"og:image:height\" content=\"500\" \/>\n\t<meta property=\"og:image:type\" content=\"image\/png\" \/>\n<meta name=\"author\" content=\"Algarve 7\" \/>\n<meta name=\"twitter:card\" content=\"summary_large_image\" \/>\n<meta name=\"twitter:creator\" content=\"@Algarvesete\" \/>\n<meta name=\"twitter:site\" content=\"@Algarvesete\" \/>\n<meta name=\"twitter:label1\" content=\"Escrito por\" \/>\n\t<meta name=\"twitter:data1\" content=\"Algarve 7\" \/>\n\t<meta name=\"twitter:label2\" content=\"Tempo estimado de leitura\" \/>\n\t<meta name=\"twitter:data2\" content=\"2 minutos\" \/>\n<script type=\"application\/ld+json\" class=\"yoast-schema-graph\">{\"@context\":\"https:\\\/\\\/schema.org\",\"@graph\":[{\"@type\":\"Article\",\"@id\":\"https:\\\/\\\/algarve7.pt\\\/index.php\\\/2025\\\/07\\\/fullmoon-regressa-a-praia-da-gale-a-10-de-julho-e-8-de-agosto\\\/cultura\\\/12\\\/45\\\/#article\",\"isPartOf\":{\"@id\":\"https:\\\/\\\/algarve7.pt\\\/index.php\\\/2025\\\/07\\\/fullmoon-regressa-a-praia-da-gale-a-10-de-julho-e-8-de-agosto\\\/cultura\\\/12\\\/45\\\/\"},\"author\":{\"name\":\"Algarve 7\",\"@id\":\"https:\\\/\\\/algarve7.pt\\\/#\\\/schema\\\/person\\\/23fa70681308e7b319a3204bcea45e0c\"},\"headline\":\"\u201cFullmoon\u201d regressa \u00e0 praia da Gal\u00e9 a 10 de julho e 8 de agosto\",\"datePublished\":\"2025-07-10T11:45:45+00:00\",\"dateModified\":\"2025-07-10T11:45:48+00:00\",\"mainEntityOfPage\":{\"@id\":\"https:\\\/\\\/algarve7.pt\\\/index.php\\\/2025\\\/07\\\/fullmoon-regressa-a-praia-da-gale-a-10-de-julho-e-8-de-agosto\\\/cultura\\\/12\\\/45\\\/\"},\"wordCount\":308,\"publisher\":{\"@id\":\"https:\\\/\\\/algarve7.pt\\\/#organization\"},\"image\":{\"@id\":\"https:\\\/\\\/algarve7.pt\\\/index.php\\\/2025\\\/07\\\/fullmoon-regressa-a-praia-da-gale-a-10-de-julho-e-8-de-agosto\\\/cultura\\\/12\\\/45\\\/#primaryimage\"},\"thumbnailUrl\":\"https:\\\/\\\/algarve7.pt\\\/wp-content\\\/uploads\\\/2025\\\/07\\\/Captura-de-ecra-2025-07-10-as-12.42.15.png\",\"keywords\":[\"Albufeira\",\"Algarve\",\"Cultura\"],\"articleSection\":[\"Cultura\"],\"inLanguage\":\"pt-PT\"},{\"@type\":\"WebPage\",\"@id\":\"https:\\\/\\\/algarve7.pt\\\/index.php\\\/2025\\\/07\\\/fullmoon-regressa-a-praia-da-gale-a-10-de-julho-e-8-de-agosto\\\/cultura\\\/12\\\/45\\\/\",\"url\":\"https:\\\/\\\/algarve7.pt\\\/index.php\\\/2025\\\/07\\\/fullmoon-regressa-a-praia-da-gale-a-10-de-julho-e-8-de-agosto\\\/cultura\\\/12\\\/45\\\/\",\"name\":\"\u201cFullmoon\u201d regressa \u00e0 praia da Gal\u00e9 a 10 de julho e 8 de agosto - Algarve 7\",\"isPartOf\":{\"@id\":\"https:\\\/\\\/algarve7.pt\\\/#website\"},\"primaryImageOfPage\":{\"@id\":\"https:\\\/\\\/algarve7.pt\\\/index.php\\\/2025\\\/07\\\/fullmoon-regressa-a-praia-da-gale-a-10-de-julho-e-8-de-agosto\\\/cultura\\\/12\\\/45\\\/#primaryimage\"},\"image\":{\"@id\":\"https:\\\/\\\/algarve7.pt\\\/index.php\\\/2025\\\/07\\\/fullmoon-regressa-a-praia-da-gale-a-10-de-julho-e-8-de-agosto\\\/cultura\\\/12\\\/45\\\/#primaryimage\"},\"thumbnailUrl\":\"https:\\\/\\\/algarve7.pt\\\/wp-content\\\/uploads\\\/2025\\\/07\\\/Captura-de-ecra-2025-07-10-as-12.42.15.png\",\"datePublished\":\"2025-07-10T11:45:45+00:00\",\"dateModified\":\"2025-07-10T11:45:48+00:00\",\"description\":\"\u201cFullmoon\u201d regressa \u00e0 praia da Gal\u00e9 a 10 de julho e 8 de agosto Cultura\",\"breadcrumb\":{\"@id\":\"https:\\\/\\\/algarve7.pt\\\/index.php\\\/2025\\\/07\\\/fullmoon-regressa-a-praia-da-gale-a-10-de-julho-e-8-de-agosto\\\/cultura\\\/12\\\/45\\\/#breadcrumb\"},\"inLanguage\":\"pt-PT\",\"potentialAction\":[{\"@type\":\"ReadAction\",\"target\":[\"https:\\\/\\\/algarve7.pt\\\/index.php\\\/2025\\\/07\\\/fullmoon-regressa-a-praia-da-gale-a-10-de-julho-e-8-de-agosto\\\/cultura\\\/12\\\/45\\\/\"]}]},{\"@type\":\"ImageObject\",\"inLanguage\":\"pt-PT\",\"@id\":\"https:\\\/\\\/algarve7.pt\\\/index.php\\\/2025\\\/07\\\/fullmoon-regressa-a-praia-da-gale-a-10-de-julho-e-8-de-agosto\\\/cultura\\\/12\\\/45\\\/#primaryimage\",\"url\":\"https:\\\/\\\/algarve7.pt\\\/wp-content\\\/uploads\\\/2025\\\/07\\\/Captura-de-ecra-2025-07-10-as-12.42.15.png\",\"contentUrl\":\"https:\\\/\\\/algarve7.pt\\\/wp-content\\\/uploads\\\/2025\\\/07\\\/Captura-de-ecra-2025-07-10-as-12.42.15.png\",\"width\":800,\"height\":500},{\"@type\":\"BreadcrumbList\",\"@id\":\"https:\\\/\\\/algarve7.pt\\\/index.php\\\/2025\\\/07\\\/fullmoon-regressa-a-praia-da-gale-a-10-de-julho-e-8-de-agosto\\\/cultura\\\/12\\\/45\\\/#breadcrumb\",\"itemListElement\":[{\"@type\":\"ListItem\",\"position\":1,\"name\":\"In\u00edcio\",\"item\":\"https:\\\/\\\/algarve7.pt\\\/\"},{\"@type\":\"ListItem\",\"position\":2,\"name\":\"\u201cFullmoon\u201d regressa \u00e0 praia da Gal\u00e9 a 10 de julho e 8 de agosto\"}]},{\"@type\":\"WebSite\",\"@id\":\"https:\\\/\\\/algarve7.pt\\\/#website\",\"url\":\"https:\\\/\\\/algarve7.pt\\\/\",\"name\":\"Algarve 7\",\"description\":\"Informa\u00e7\u00e3o sobre o Algarve\",\"publisher\":{\"@id\":\"https:\\\/\\\/algarve7.pt\\\/#organization\"},\"potentialAction\":[{\"@type\":\"SearchAction\",\"target\":{\"@type\":\"EntryPoint\",\"urlTemplate\":\"https:\\\/\\\/algarve7.pt\\\/?s={search_term_string}\"},\"query-input\":{\"@type\":\"PropertyValueSpecification\",\"valueRequired\":true,\"valueName\":\"search_term_string\"}}],\"inLanguage\":\"pt-PT\"},{\"@type\":\"Organization\",\"@id\":\"https:\\\/\\\/algarve7.pt\\\/#organization\",\"name\":\"Algarve 7\",\"url\":\"https:\\\/\\\/algarve7.pt\\\/\",\"logo\":{\"@type\":\"ImageObject\",\"inLanguage\":\"pt-PT\",\"@id\":\"https:\\\/\\\/algarve7.pt\\\/#\\\/schema\\\/logo\\\/image\\\/\",\"url\":\"https:\\\/\\\/algarve7.pt\\\/wp-content\\\/uploads\\\/2020\\\/10\\\/Logo-8.jpg\",\"contentUrl\":\"https:\\\/\\\/algarve7.pt\\\/wp-content\\\/uploads\\\/2020\\\/10\\\/Logo-8.jpg\",\"width\":1680,\"height\":1186,\"caption\":\"Algarve 7\"},\"image\":{\"@id\":\"https:\\\/\\\/algarve7.pt\\\/#\\\/schema\\\/logo\\\/image\\\/\"},\"sameAs\":[\"https:\\\/\\\/www.facebook.com\\\/algarve7\",\"https:\\\/\\\/x.com\\\/Algarvesete\",\"https:\\\/\\\/www.instagram.com\\\/jornalalgarve7\\\/\",\"https:\\\/\\\/www.linkedin.com\\\/company\\\/algarve7\",\"https:\\\/\\\/www.pinterest.pt\\\/geral0939\\\/_created\\\/\"]},{\"@type\":\"Person\",\"@id\":\"https:\\\/\\\/algarve7.pt\\\/#\\\/schema\\\/person\\\/23fa70681308e7b319a3204bcea45e0c\",\"name\":\"Algarve 7\",\"sameAs\":[\"https:\\\/\\\/algarve7.pt\",\"https:\\\/\\\/www.facebook.com\\\/algarve7\"],\"url\":\"https:\\\/\\\/algarve7.pt\\\/index.php\\\/author\\\/geralalgarve7-pt\\\/\"}]}<\/script>\n<!-- \/ Yoast SEO plugin. -->","yoast_head_json":{"title":"\u201cFullmoon\u201d regressa \u00e0 praia da Gal\u00e9 a 10 de julho e 8 de agosto - Algarve 7","description":"\u201cFullmoon\u201d regressa \u00e0 praia da Gal\u00e9 a 10 de julho e 8 de agosto Cultura","robots":{"index":"index","follow":"follow","max-snippet":"max-snippet:-1","max-image-preview":"max-image-preview:large","max-video-preview":"max-video-preview:-1"},"canonical":"https:\/\/algarve7.pt\/index.php\/2025\/07\/fullmoon-regressa-a-praia-da-gale-a-10-de-julho-e-8-de-agosto\/cultura\/12\/45\/","og_locale":"pt_PT","og_type":"article","og_title":"\u201cFullmoon\u201d regressa \u00e0 praia da Gal\u00e9 a 10 de julho e 8 de agosto - Algarve 7","og_description":"\u201cFullmoon\u201d regressa \u00e0 praia da Gal\u00e9 a 10 de julho e 8 de agosto Cultura","og_url":"https:\/\/algarve7.pt\/index.php\/2025\/07\/fullmoon-regressa-a-praia-da-gale-a-10-de-julho-e-8-de-agosto\/cultura\/12\/45\/","og_site_name":"Algarve 7","article_publisher":"https:\/\/www.facebook.com\/algarve7","article_author":"https:\/\/www.facebook.com\/algarve7","article_published_time":"2025-07-10T11:45:45+00:00","article_modified_time":"2025-07-10T11:45:48+00:00","og_image":[{"width":800,"height":500,"url":"https:\/\/algarve7.pt\/wp-content\/uploads\/2025\/07\/Captura-de-ecra-2025-07-10-as-12.42.15.png","type":"image\/png"}],"author":"Algarve 7","twitter_card":"summary_large_image","twitter_creator":"@Algarvesete","twitter_site":"@Algarvesete","twitter_misc":{"Escrito por":"Algarve 7","Tempo estimado de leitura":"2 minutos"},"schema":{"@context":"https:\/\/schema.org","@graph":[{"@type":"Article","@id":"https:\/\/algarve7.pt\/index.php\/2025\/07\/fullmoon-regressa-a-praia-da-gale-a-10-de-julho-e-8-de-agosto\/cultura\/12\/45\/#article","isPartOf":{"@id":"https:\/\/algarve7.pt\/index.php\/2025\/07\/fullmoon-regressa-a-praia-da-gale-a-10-de-julho-e-8-de-agosto\/cultura\/12\/45\/"},"author":{"name":"Algarve 7","@id":"https:\/\/algarve7.pt\/#\/schema\/person\/23fa70681308e7b319a3204bcea45e0c"},"headline":"\u201cFullmoon\u201d regressa \u00e0 praia da Gal\u00e9 a 10 de julho e 8 de agosto","datePublished":"2025-07-10T11:45:45+00:00","dateModified":"2025-07-10T11:45:48+00:00","mainEntityOfPage":{"@id":"https:\/\/algarve7.pt\/index.php\/2025\/07\/fullmoon-regressa-a-praia-da-gale-a-10-de-julho-e-8-de-agosto\/cultura\/12\/45\/"},"wordCount":308,"publisher":{"@id":"https:\/\/algarve7.pt\/#organization"},"image":{"@id":"https:\/\/algarve7.pt\/index.php\/2025\/07\/fullmoon-regressa-a-praia-da-gale-a-10-de-julho-e-8-de-agosto\/cultura\/12\/45\/#primaryimage"},"thumbnailUrl":"https:\/\/algarve7.pt\/wp-content\/uploads\/2025\/07\/Captura-de-ecra-2025-07-10-as-12.42.15.png","keywords":["Albufeira","Algarve","Cultura"],"articleSection":["Cultura"],"inLanguage":"pt-PT"},{"@type":"WebPage","@id":"https:\/\/algarve7.pt\/index.php\/2025\/07\/fullmoon-regressa-a-praia-da-gale-a-10-de-julho-e-8-de-agosto\/cultura\/12\/45\/","url":"https:\/\/algarve7.pt\/index.php\/2025\/07\/fullmoon-regressa-a-praia-da-gale-a-10-de-julho-e-8-de-agosto\/cultura\/12\/45\/","name":"\u201cFullmoon\u201d regressa \u00e0 praia da Gal\u00e9 a 10 de julho e 8 de agosto - Algarve 7","isPartOf":{"@id":"https:\/\/algarve7.pt\/#website"},"primaryImageOfPage":{"@id":"https:\/\/algarve7.pt\/index.php\/2025\/07\/fullmoon-regressa-a-praia-da-gale-a-10-de-julho-e-8-de-agosto\/cultura\/12\/45\/#primaryimage"},"image":{"@id":"https:\/\/algarve7.pt\/index.php\/2025\/07\/fullmoon-regressa-a-praia-da-gale-a-10-de-julho-e-8-de-agosto\/cultura\/12\/45\/#primaryimage"},"thumbnailUrl":"https:\/\/algarve7.pt\/wp-content\/uploads\/2025\/07\/Captura-de-ecra-2025-07-10-as-12.42.15.png","datePublished":"2025-07-10T11:45:45+00:00","dateModified":"2025-07-10T11:45:48+00:00","description":"\u201cFullmoon\u201d regressa \u00e0 praia da Gal\u00e9 a 10 de julho e 8 de agosto Cultura","breadcrumb":{"@id":"https:\/\/algarve7.pt\/index.php\/2025\/07\/fullmoon-regressa-a-praia-da-gale-a-10-de-julho-e-8-de-agosto\/cultura\/12\/45\/#breadcrumb"},"inLanguage":"pt-PT","potentialAction":[{"@type":"ReadAction","target":["https:\/\/algarve7.pt\/index.php\/2025\/07\/fullmoon-regressa-a-praia-da-gale-a-10-de-julho-e-8-de-agosto\/cultura\/12\/45\/"]}]},{"@type":"ImageObject","inLanguage":"pt-PT","@id":"https:\/\/algarve7.pt\/index.php\/2025\/07\/fullmoon-regressa-a-praia-da-gale-a-10-de-julho-e-8-de-agosto\/cultura\/12\/45\/#primaryimage","url":"https:\/\/algarve7.pt\/wp-content\/uploads\/2025\/07\/Captura-de-ecra-2025-07-10-as-12.42.15.png","contentUrl":"https:\/\/algarve7.pt\/wp-content\/uploads\/2025\/07\/Captura-de-ecra-2025-07-10-as-12.42.15.png","width":800,"height":500},{"@type":"BreadcrumbList","@id":"https:\/\/algarve7.pt\/index.php\/2025\/07\/fullmoon-regressa-a-praia-da-gale-a-10-de-julho-e-8-de-agosto\/cultura\/12\/45\/#breadcrumb","itemListElement":[{"@type":"ListItem","position":1,"name":"In\u00edcio","item":"https:\/\/algarve7.pt\/"},{"@type":"ListItem","position":2,"name":"\u201cFullmoon\u201d regressa \u00e0 praia da Gal\u00e9 a 10 de julho e 8 de agosto"}]},{"@type":"WebSite","@id":"https:\/\/algarve7.pt\/#website","url":"https:\/\/algarve7.pt\/","name":"Algarve 7","description":"Informa\u00e7\u00e3o sobre o Algarve","publisher":{"@id":"https:\/\/algarve7.pt\/#organization"},"potentialAction":[{"@type":"SearchAction","target":{"@type":"EntryPoint","urlTemplate":"https:\/\/algarve7.pt\/?s={search_term_string}"},"query-input":{"@type":"PropertyValueSpecification","valueRequired":true,"valueName":"search_term_string"}}],"inLanguage":"pt-PT"},{"@type":"Organization","@id":"https:\/\/algarve7.pt\/#organization","name":"Algarve 7","url":"https:\/\/algarve7.pt\/","logo":{"@type":"ImageObject","inLanguage":"pt-PT","@id":"https:\/\/algarve7.pt\/#\/schema\/logo\/image\/","url":"https:\/\/algarve7.pt\/wp-content\/uploads\/2020\/10\/Logo-8.jpg","contentUrl":"https:\/\/algarve7.pt\/wp-content\/uploads\/2020\/10\/Logo-8.jpg","width":1680,"height":1186,"caption":"Algarve 7"},"image":{"@id":"https:\/\/algarve7.pt\/#\/schema\/logo\/image\/"},"sameAs":["https:\/\/www.facebook.com\/algarve7","https:\/\/x.com\/Algarvesete","https:\/\/www.instagram.com\/jornalalgarve7\/","https:\/\/www.linkedin.com\/company\/algarve7","https:\/\/www.pinterest.pt\/geral0939\/_created\/"]},{"@type":"Person","@id":"https:\/\/algarve7.pt\/#\/schema\/person\/23fa70681308e7b319a3204bcea45e0c","name":"Algarve 7","sameAs":["https:\/\/algarve7.pt","https:\/\/www.facebook.com\/algarve7"],"url":"https:\/\/algarve7.pt\/index.php\/author\/geralalgarve7-pt\/"}]}},"jetpack_publicize_connections":[],"jetpack_featured_media_url":"https:\/\/algarve7.pt\/wp-content\/uploads\/2025\/07\/Captura-de-ecra-2025-07-10-as-12.42.15.png","jetpack_shortlink":"https:\/\/wp.me\/pcezmW-dCb","jetpack_sharing_enabled":true,"_links":{"self":[{"href":"https:\/\/algarve7.pt\/index.php\/wp-json\/wp\/v2\/posts\/52339","targetHints":{"allow":["GET"]}}],"collection":[{"href":"https:\/\/algarve7.pt\/index.php\/wp-json\/wp\/v2\/posts"}],"about":[{"href":"https:\/\/algarve7.pt\/index.php\/wp-json\/wp\/v2\/types\/post"}],"author":[{"embeddable":true,"href":"https:\/\/algarve7.pt\/index.php\/wp-json\/wp\/v2\/users\/1"}],"replies":[{"embeddable":true,"href":"https:\/\/algarve7.pt\/index.php\/wp-json\/wp\/v2\/comments?post=52339"}],"version-history":[{"count":0,"href":"https:\/\/algarve7.pt\/index.php\/wp-json\/wp\/v2\/posts\/52339\/revisions"}],"wp:featuredmedia":[{"embeddable":true,"href":"https:\/\/algarve7.pt\/index.php\/wp-json\/wp\/v2\/media\/52340"}],"wp:attachment":[{"href":"https:\/\/algarve7.pt\/index.php\/wp-json\/wp\/v2\/media?parent=52339"}],"wp:term":[{"taxonomy":"category","embeddable":true,"href":"https:\/\/algarve7.pt\/index.php\/wp-json\/wp\/v2\/categories?post=52339"},{"taxonomy":"post_tag","embeddable":true,"href":"https:\/\/algarve7.pt\/index.php\/wp-json\/wp\/v2\/tags?post=52339"}],"curies":[{"name":"wp","href":"https:\/\/api.w.org\/{rel}","templated":true}]}}