{"id":52336,"date":"2025-07-10T12:34:27","date_gmt":"2025-07-10T11:34:27","guid":{"rendered":"https:\/\/algarve7.pt\/?p=52336"},"modified":"2025-07-10T12:34:30","modified_gmt":"2025-07-10T11:34:30","slug":"executivo-da-junta-de-freguesia-de-boliqueime-apoia-mocao-de-protesto-pela-melhoria-dos-cuidados-de-saude","status":"publish","type":"post","link":"https:\/\/algarve7.pt\/index.php\/2025\/07\/executivo-da-junta-de-freguesia-de-boliqueime-apoia-mocao-de-protesto-pela-melhoria-dos-cuidados-de-saude\/saude\/12\/34\/","title":{"rendered":"Executivo da Junta de Freguesia de Boliqueime apoia mo\u00e7\u00e3o de protesto pela melhoria dos cuidados de sa\u00fade"},"content":{"rendered":"\n<p>O Executivo da Junta de Freguesia de Boliqueime manifesta publicamente a sua total solidariedade com a mo\u00e7\u00e3o de protesto aprovada na sess\u00e3o da Assembleia de Freguesia de Boliqueime, realizada no dia 25 de junho de 2025, por proposta do Grupo do Partido Socialista, relativamente \u00e0 situa\u00e7\u00e3o cr\u00edtica do P\u00f3lo de Sa\u00fade de Boliqueime, integrado na UCSP Almancil\/Boliqueime.<\/p>\n\n\n\n<p>A mo\u00e7\u00e3o aprovada reflete uma realidade sentida diariamente pela popula\u00e7\u00e3o e pelo Executivo da Junta: a escassez de profissionais de sa\u00fade, a falta de transportes p\u00fablicos adequados, a cont\u00ednua perda de utentes, e os constrangimentos log\u00edsticos e operacionais decorrentes da atual organiza\u00e7\u00e3o administrativa conjunta com a unidade de Almancil.<\/p>\n\n\n\n<p>O Executivo da Junta de Freguesia reconhece que todas as preocupa\u00e7\u00f5es e necessidades invocadas na mo\u00e7\u00e3o correspondem a dificuldades reais e persistentes da popula\u00e7\u00e3o boliqueimense. A descontinuidade dos cuidados, a dificuldade de acesso a m\u00e9dico de fam\u00edlia e a insatisfa\u00e7\u00e3o crescente da comunidade com a degrada\u00e7\u00e3o dos servi\u00e7os de sa\u00fade exigem uma resposta imediata.<\/p>\n\n\n\n<p>O Executivo da Junta de Freguesia pretende posicionar-se como parte da solu\u00e7\u00e3o e disponibiliza-se para colaborar ativamente com todas as entidades competentes, incluindo a Administra\u00e7\u00e3o Regional de Sa\u00fade do Algarve, o Minist\u00e9rio da Sa\u00fade e o Munic\u00edpio de Loul\u00e9, na procura de solu\u00e7\u00f5es que garantam um servi\u00e7o de sa\u00fade de proximidade, est\u00e1vel e eficaz para Boliqueime.<\/p>\n","protected":false},"excerpt":{"rendered":"<p>O Executivo da Junta de Freguesia de Boliqueime manifesta publicamente a sua total solidariedade com a mo\u00e7\u00e3o de protesto aprovada<\/p>\n","protected":false},"author":1,"featured_media":52337,"comment_status":"closed","ping_status":"closed","sticky":false,"template":"","format":"standard","meta":{"colormag_page_container_layout":"default_layout","colormag_page_sidebar_layout":"default_layout","_monsterinsights_skip_tracking":false,"_monsterinsights_sitenote_active":false,"_monsterinsights_sitenote_note":"","_monsterinsights_sitenote_category":0,"jetpack_post_was_ever_published":false,"_jetpack_newsletter_access":"","_jetpack_dont_email_post_to_subs":false,"_jetpack_newsletter_tier_id":0,"_jetpack_memberships_contains_paywalled_content":false,"_jetpack_memberships_contains_paid_content":false,"footnotes":"","jetpack_publicize_message":"","jetpack_publicize_feature_enabled":true,"jetpack_social_post_already_shared":false,"jetpack_social_options":{"image_generator_settings":{"template":"highway","default_image_id":0,"font":"","enabled":false},"version":2}},"categories":[59],"tags":[36,133,58],"class_list":["post-52336","post","type-post","status-publish","format-standard","has-post-thumbnail","hentry","category-saude","tag-algarve","tag-boliqueime","tag-saude"],"yoast_head":"<!-- This site is optimized with the Yoast SEO plugin v27.5 - https:\/\/yoast.com\/product\/yoast-seo-wordpress\/ -->\n<title>Executivo da Junta de Freguesia de Boliqueime apoia mo\u00e7\u00e3o de protesto pela melhoria dos cuidados de sa\u00fade - Algarve 7<\/title>\n<meta name=\"description\" content=\"Executivo da Junta de Freguesia de Boliqueime apoia mo\u00e7\u00e3o de protesto pela melhoria dos cuidados de sa\u00fade Sa\u00fade\" \/>\n<meta name=\"robots\" content=\"index, follow, max-snippet:-1, max-image-preview:large, max-video-preview:-1\" \/>\n<link rel=\"canonical\" href=\"https:\/\/algarve7.pt\/index.php\/2025\/07\/executivo-da-junta-de-freguesia-de-boliqueime-apoia-mocao-de-protesto-pela-melhoria-dos-cuidados-de-saude\/saude\/12\/34\/\" \/>\n<meta property=\"og:locale\" content=\"pt_PT\" \/>\n<meta property=\"og:type\" content=\"article\" \/>\n<meta property=\"og:title\" content=\"Executivo da Junta de Freguesia de Boliqueime apoia mo\u00e7\u00e3o de protesto pela melhoria dos cuidados de sa\u00fade - Algarve 7\" \/>\n<meta property=\"og:description\" content=\"Executivo da Junta de Freguesia de Boliqueime apoia mo\u00e7\u00e3o de protesto pela melhoria dos cuidados de sa\u00fade Sa\u00fade\" \/>\n<meta property=\"og:url\" content=\"https:\/\/algarve7.pt\/index.php\/2025\/07\/executivo-da-junta-de-freguesia-de-boliqueime-apoia-mocao-de-protesto-pela-melhoria-dos-cuidados-de-saude\/saude\/12\/34\/\" \/>\n<meta property=\"og:site_name\" content=\"Algarve 7\" \/>\n<meta property=\"article:publisher\" content=\"https:\/\/www.facebook.com\/algarve7\" \/>\n<meta property=\"article:author\" content=\"https:\/\/www.facebook.com\/algarve7\" \/>\n<meta property=\"article:published_time\" content=\"2025-07-10T11:34:27+00:00\" \/>\n<meta property=\"article:modified_time\" content=\"2025-07-10T11:34:30+00:00\" \/>\n<meta property=\"og:image\" content=\"https:\/\/algarve7.pt\/wp-content\/uploads\/2025\/07\/Centro-de-saude.png\" \/>\n\t<meta property=\"og:image:width\" content=\"800\" \/>\n\t<meta property=\"og:image:height\" content=\"500\" \/>\n\t<meta property=\"og:image:type\" content=\"image\/png\" \/>\n<meta name=\"author\" content=\"Algarve 7\" \/>\n<meta name=\"twitter:card\" content=\"summary_large_image\" \/>\n<meta name=\"twitter:creator\" content=\"@Algarvesete\" \/>\n<meta name=\"twitter:site\" content=\"@Algarvesete\" \/>\n<meta name=\"twitter:label1\" content=\"Escrito por\" \/>\n\t<meta name=\"twitter:data1\" content=\"Algarve 7\" \/>\n\t<meta name=\"twitter:label2\" content=\"Tempo estimado de leitura\" \/>\n\t<meta name=\"twitter:data2\" content=\"2 minutos\" \/>\n<script type=\"application\/ld+json\" class=\"yoast-schema-graph\">{\"@context\":\"https:\\\/\\\/schema.org\",\"@graph\":[{\"@type\":\"Article\",\"@id\":\"https:\\\/\\\/algarve7.pt\\\/index.php\\\/2025\\\/07\\\/executivo-da-junta-de-freguesia-de-boliqueime-apoia-mocao-de-protesto-pela-melhoria-dos-cuidados-de-saude\\\/saude\\\/12\\\/34\\\/#article\",\"isPartOf\":{\"@id\":\"https:\\\/\\\/algarve7.pt\\\/index.php\\\/2025\\\/07\\\/executivo-da-junta-de-freguesia-de-boliqueime-apoia-mocao-de-protesto-pela-melhoria-dos-cuidados-de-saude\\\/saude\\\/12\\\/34\\\/\"},\"author\":{\"name\":\"Algarve 7\",\"@id\":\"https:\\\/\\\/algarve7.pt\\\/#\\\/schema\\\/person\\\/23fa70681308e7b319a3204bcea45e0c\"},\"headline\":\"Executivo da Junta de Freguesia de Boliqueime apoia mo\u00e7\u00e3o de protesto pela melhoria dos cuidados de sa\u00fade\",\"datePublished\":\"2025-07-10T11:34:27+00:00\",\"dateModified\":\"2025-07-10T11:34:30+00:00\",\"mainEntityOfPage\":{\"@id\":\"https:\\\/\\\/algarve7.pt\\\/index.php\\\/2025\\\/07\\\/executivo-da-junta-de-freguesia-de-boliqueime-apoia-mocao-de-protesto-pela-melhoria-dos-cuidados-de-saude\\\/saude\\\/12\\\/34\\\/\"},\"wordCount\":265,\"publisher\":{\"@id\":\"https:\\\/\\\/algarve7.pt\\\/#organization\"},\"image\":{\"@id\":\"https:\\\/\\\/algarve7.pt\\\/index.php\\\/2025\\\/07\\\/executivo-da-junta-de-freguesia-de-boliqueime-apoia-mocao-de-protesto-pela-melhoria-dos-cuidados-de-saude\\\/saude\\\/12\\\/34\\\/#primaryimage\"},\"thumbnailUrl\":\"https:\\\/\\\/algarve7.pt\\\/wp-content\\\/uploads\\\/2025\\\/07\\\/Centro-de-saude.png\",\"keywords\":[\"Algarve\",\"Boliqueime\",\"Sa\u00fade\"],\"articleSection\":[\"Sa\u00fade\"],\"inLanguage\":\"pt-PT\"},{\"@type\":\"WebPage\",\"@id\":\"https:\\\/\\\/algarve7.pt\\\/index.php\\\/2025\\\/07\\\/executivo-da-junta-de-freguesia-de-boliqueime-apoia-mocao-de-protesto-pela-melhoria-dos-cuidados-de-saude\\\/saude\\\/12\\\/34\\\/\",\"url\":\"https:\\\/\\\/algarve7.pt\\\/index.php\\\/2025\\\/07\\\/executivo-da-junta-de-freguesia-de-boliqueime-apoia-mocao-de-protesto-pela-melhoria-dos-cuidados-de-saude\\\/saude\\\/12\\\/34\\\/\",\"name\":\"Executivo da Junta de Freguesia de Boliqueime apoia mo\u00e7\u00e3o de protesto pela melhoria dos cuidados de sa\u00fade - Algarve 7\",\"isPartOf\":{\"@id\":\"https:\\\/\\\/algarve7.pt\\\/#website\"},\"primaryImageOfPage\":{\"@id\":\"https:\\\/\\\/algarve7.pt\\\/index.php\\\/2025\\\/07\\\/executivo-da-junta-de-freguesia-de-boliqueime-apoia-mocao-de-protesto-pela-melhoria-dos-cuidados-de-saude\\\/saude\\\/12\\\/34\\\/#primaryimage\"},\"image\":{\"@id\":\"https:\\\/\\\/algarve7.pt\\\/index.php\\\/2025\\\/07\\\/executivo-da-junta-de-freguesia-de-boliqueime-apoia-mocao-de-protesto-pela-melhoria-dos-cuidados-de-saude\\\/saude\\\/12\\\/34\\\/#primaryimage\"},\"thumbnailUrl\":\"https:\\\/\\\/algarve7.pt\\\/wp-content\\\/uploads\\\/2025\\\/07\\\/Centro-de-saude.png\",\"datePublished\":\"2025-07-10T11:34:27+00:00\",\"dateModified\":\"2025-07-10T11:34:30+00:00\",\"description\":\"Executivo da Junta de Freguesia de Boliqueime apoia mo\u00e7\u00e3o de protesto pela melhoria dos cuidados de sa\u00fade Sa\u00fade\",\"breadcrumb\":{\"@id\":\"https:\\\/\\\/algarve7.pt\\\/index.php\\\/2025\\\/07\\\/executivo-da-junta-de-freguesia-de-boliqueime-apoia-mocao-de-protesto-pela-melhoria-dos-cuidados-de-saude\\\/saude\\\/12\\\/34\\\/#breadcrumb\"},\"inLanguage\":\"pt-PT\",\"potentialAction\":[{\"@type\":\"ReadAction\",\"target\":[\"https:\\\/\\\/algarve7.pt\\\/index.php\\\/2025\\\/07\\\/executivo-da-junta-de-freguesia-de-boliqueime-apoia-mocao-de-protesto-pela-melhoria-dos-cuidados-de-saude\\\/saude\\\/12\\\/34\\\/\"]}]},{\"@type\":\"ImageObject\",\"inLanguage\":\"pt-PT\",\"@id\":\"https:\\\/\\\/algarve7.pt\\\/index.php\\\/2025\\\/07\\\/executivo-da-junta-de-freguesia-de-boliqueime-apoia-mocao-de-protesto-pela-melhoria-dos-cuidados-de-saude\\\/saude\\\/12\\\/34\\\/#primaryimage\",\"url\":\"https:\\\/\\\/algarve7.pt\\\/wp-content\\\/uploads\\\/2025\\\/07\\\/Centro-de-saude.png\",\"contentUrl\":\"https:\\\/\\\/algarve7.pt\\\/wp-content\\\/uploads\\\/2025\\\/07\\\/Centro-de-saude.png\",\"width\":800,\"height\":500},{\"@type\":\"BreadcrumbList\",\"@id\":\"https:\\\/\\\/algarve7.pt\\\/index.php\\\/2025\\\/07\\\/executivo-da-junta-de-freguesia-de-boliqueime-apoia-mocao-de-protesto-pela-melhoria-dos-cuidados-de-saude\\\/saude\\\/12\\\/34\\\/#breadcrumb\",\"itemListElement\":[{\"@type\":\"ListItem\",\"position\":1,\"name\":\"In\u00edcio\",\"item\":\"https:\\\/\\\/algarve7.pt\\\/\"},{\"@type\":\"ListItem\",\"position\":2,\"name\":\"Executivo da Junta de Freguesia de Boliqueime apoia mo\u00e7\u00e3o de protesto pela melhoria dos cuidados de sa\u00fade\"}]},{\"@type\":\"WebSite\",\"@id\":\"https:\\\/\\\/algarve7.pt\\\/#website\",\"url\":\"https:\\\/\\\/algarve7.pt\\\/\",\"name\":\"Algarve 7\",\"description\":\"Informa\u00e7\u00e3o sobre o Algarve\",\"publisher\":{\"@id\":\"https:\\\/\\\/algarve7.pt\\\/#organization\"},\"potentialAction\":[{\"@type\":\"SearchAction\",\"target\":{\"@type\":\"EntryPoint\",\"urlTemplate\":\"https:\\\/\\\/algarve7.pt\\\/?s={search_term_string}\"},\"query-input\":{\"@type\":\"PropertyValueSpecification\",\"valueRequired\":true,\"valueName\":\"search_term_string\"}}],\"inLanguage\":\"pt-PT\"},{\"@type\":\"Organization\",\"@id\":\"https:\\\/\\\/algarve7.pt\\\/#organization\",\"name\":\"Algarve 7\",\"url\":\"https:\\\/\\\/algarve7.pt\\\/\",\"logo\":{\"@type\":\"ImageObject\",\"inLanguage\":\"pt-PT\",\"@id\":\"https:\\\/\\\/algarve7.pt\\\/#\\\/schema\\\/logo\\\/image\\\/\",\"url\":\"https:\\\/\\\/algarve7.pt\\\/wp-content\\\/uploads\\\/2020\\\/10\\\/Logo-8.jpg\",\"contentUrl\":\"https:\\\/\\\/algarve7.pt\\\/wp-content\\\/uploads\\\/2020\\\/10\\\/Logo-8.jpg\",\"width\":1680,\"height\":1186,\"caption\":\"Algarve 7\"},\"image\":{\"@id\":\"https:\\\/\\\/algarve7.pt\\\/#\\\/schema\\\/logo\\\/image\\\/\"},\"sameAs\":[\"https:\\\/\\\/www.facebook.com\\\/algarve7\",\"https:\\\/\\\/x.com\\\/Algarvesete\",\"https:\\\/\\\/www.instagram.com\\\/jornalalgarve7\\\/\",\"https:\\\/\\\/www.linkedin.com\\\/company\\\/algarve7\",\"https:\\\/\\\/www.pinterest.pt\\\/geral0939\\\/_created\\\/\"]},{\"@type\":\"Person\",\"@id\":\"https:\\\/\\\/algarve7.pt\\\/#\\\/schema\\\/person\\\/23fa70681308e7b319a3204bcea45e0c\",\"name\":\"Algarve 7\",\"sameAs\":[\"https:\\\/\\\/algarve7.pt\",\"https:\\\/\\\/www.facebook.com\\\/algarve7\"],\"url\":\"https:\\\/\\\/algarve7.pt\\\/index.php\\\/author\\\/geralalgarve7-pt\\\/\"}]}<\/script>\n<!-- \/ Yoast SEO plugin. -->","yoast_head_json":{"title":"Executivo da Junta de Freguesia de Boliqueime apoia mo\u00e7\u00e3o de protesto pela melhoria dos cuidados de sa\u00fade - Algarve 7","description":"Executivo da Junta de Freguesia de Boliqueime apoia mo\u00e7\u00e3o de protesto pela melhoria dos cuidados de sa\u00fade Sa\u00fade","robots":{"index":"index","follow":"follow","max-snippet":"max-snippet:-1","max-image-preview":"max-image-preview:large","max-video-preview":"max-video-preview:-1"},"canonical":"https:\/\/algarve7.pt\/index.php\/2025\/07\/executivo-da-junta-de-freguesia-de-boliqueime-apoia-mocao-de-protesto-pela-melhoria-dos-cuidados-de-saude\/saude\/12\/34\/","og_locale":"pt_PT","og_type":"article","og_title":"Executivo da Junta de Freguesia de Boliqueime apoia mo\u00e7\u00e3o de protesto pela melhoria dos cuidados de sa\u00fade - Algarve 7","og_description":"Executivo da Junta de Freguesia de Boliqueime apoia mo\u00e7\u00e3o de protesto pela melhoria dos cuidados de sa\u00fade Sa\u00fade","og_url":"https:\/\/algarve7.pt\/index.php\/2025\/07\/executivo-da-junta-de-freguesia-de-boliqueime-apoia-mocao-de-protesto-pela-melhoria-dos-cuidados-de-saude\/saude\/12\/34\/","og_site_name":"Algarve 7","article_publisher":"https:\/\/www.facebook.com\/algarve7","article_author":"https:\/\/www.facebook.com\/algarve7","article_published_time":"2025-07-10T11:34:27+00:00","article_modified_time":"2025-07-10T11:34:30+00:00","og_image":[{"width":800,"height":500,"url":"https:\/\/algarve7.pt\/wp-content\/uploads\/2025\/07\/Centro-de-saude.png","type":"image\/png"}],"author":"Algarve 7","twitter_card":"summary_large_image","twitter_creator":"@Algarvesete","twitter_site":"@Algarvesete","twitter_misc":{"Escrito por":"Algarve 7","Tempo estimado de leitura":"2 minutos"},"schema":{"@context":"https:\/\/schema.org","@graph":[{"@type":"Article","@id":"https:\/\/algarve7.pt\/index.php\/2025\/07\/executivo-da-junta-de-freguesia-de-boliqueime-apoia-mocao-de-protesto-pela-melhoria-dos-cuidados-de-saude\/saude\/12\/34\/#article","isPartOf":{"@id":"https:\/\/algarve7.pt\/index.php\/2025\/07\/executivo-da-junta-de-freguesia-de-boliqueime-apoia-mocao-de-protesto-pela-melhoria-dos-cuidados-de-saude\/saude\/12\/34\/"},"author":{"name":"Algarve 7","@id":"https:\/\/algarve7.pt\/#\/schema\/person\/23fa70681308e7b319a3204bcea45e0c"},"headline":"Executivo da Junta de Freguesia de Boliqueime apoia mo\u00e7\u00e3o de protesto pela melhoria dos cuidados de sa\u00fade","datePublished":"2025-07-10T11:34:27+00:00","dateModified":"2025-07-10T11:34:30+00:00","mainEntityOfPage":{"@id":"https:\/\/algarve7.pt\/index.php\/2025\/07\/executivo-da-junta-de-freguesia-de-boliqueime-apoia-mocao-de-protesto-pela-melhoria-dos-cuidados-de-saude\/saude\/12\/34\/"},"wordCount":265,"publisher":{"@id":"https:\/\/algarve7.pt\/#organization"},"image":{"@id":"https:\/\/algarve7.pt\/index.php\/2025\/07\/executivo-da-junta-de-freguesia-de-boliqueime-apoia-mocao-de-protesto-pela-melhoria-dos-cuidados-de-saude\/saude\/12\/34\/#primaryimage"},"thumbnailUrl":"https:\/\/algarve7.pt\/wp-content\/uploads\/2025\/07\/Centro-de-saude.png","keywords":["Algarve","Boliqueime","Sa\u00fade"],"articleSection":["Sa\u00fade"],"inLanguage":"pt-PT"},{"@type":"WebPage","@id":"https:\/\/algarve7.pt\/index.php\/2025\/07\/executivo-da-junta-de-freguesia-de-boliqueime-apoia-mocao-de-protesto-pela-melhoria-dos-cuidados-de-saude\/saude\/12\/34\/","url":"https:\/\/algarve7.pt\/index.php\/2025\/07\/executivo-da-junta-de-freguesia-de-boliqueime-apoia-mocao-de-protesto-pela-melhoria-dos-cuidados-de-saude\/saude\/12\/34\/","name":"Executivo da Junta de Freguesia de Boliqueime apoia mo\u00e7\u00e3o de protesto pela melhoria dos cuidados de sa\u00fade - Algarve 7","isPartOf":{"@id":"https:\/\/algarve7.pt\/#website"},"primaryImageOfPage":{"@id":"https:\/\/algarve7.pt\/index.php\/2025\/07\/executivo-da-junta-de-freguesia-de-boliqueime-apoia-mocao-de-protesto-pela-melhoria-dos-cuidados-de-saude\/saude\/12\/34\/#primaryimage"},"image":{"@id":"https:\/\/algarve7.pt\/index.php\/2025\/07\/executivo-da-junta-de-freguesia-de-boliqueime-apoia-mocao-de-protesto-pela-melhoria-dos-cuidados-de-saude\/saude\/12\/34\/#primaryimage"},"thumbnailUrl":"https:\/\/algarve7.pt\/wp-content\/uploads\/2025\/07\/Centro-de-saude.png","datePublished":"2025-07-10T11:34:27+00:00","dateModified":"2025-07-10T11:34:30+00:00","description":"Executivo da Junta de Freguesia de Boliqueime apoia mo\u00e7\u00e3o de protesto pela melhoria dos cuidados de sa\u00fade Sa\u00fade","breadcrumb":{"@id":"https:\/\/algarve7.pt\/index.php\/2025\/07\/executivo-da-junta-de-freguesia-de-boliqueime-apoia-mocao-de-protesto-pela-melhoria-dos-cuidados-de-saude\/saude\/12\/34\/#breadcrumb"},"inLanguage":"pt-PT","potentialAction":[{"@type":"ReadAction","target":["https:\/\/algarve7.pt\/index.php\/2025\/07\/executivo-da-junta-de-freguesia-de-boliqueime-apoia-mocao-de-protesto-pela-melhoria-dos-cuidados-de-saude\/saude\/12\/34\/"]}]},{"@type":"ImageObject","inLanguage":"pt-PT","@id":"https:\/\/algarve7.pt\/index.php\/2025\/07\/executivo-da-junta-de-freguesia-de-boliqueime-apoia-mocao-de-protesto-pela-melhoria-dos-cuidados-de-saude\/saude\/12\/34\/#primaryimage","url":"https:\/\/algarve7.pt\/wp-content\/uploads\/2025\/07\/Centro-de-saude.png","contentUrl":"https:\/\/algarve7.pt\/wp-content\/uploads\/2025\/07\/Centro-de-saude.png","width":800,"height":500},{"@type":"BreadcrumbList","@id":"https:\/\/algarve7.pt\/index.php\/2025\/07\/executivo-da-junta-de-freguesia-de-boliqueime-apoia-mocao-de-protesto-pela-melhoria-dos-cuidados-de-saude\/saude\/12\/34\/#breadcrumb","itemListElement":[{"@type":"ListItem","position":1,"name":"In\u00edcio","item":"https:\/\/algarve7.pt\/"},{"@type":"ListItem","position":2,"name":"Executivo da Junta de Freguesia de Boliqueime apoia mo\u00e7\u00e3o de protesto pela melhoria dos cuidados de sa\u00fade"}]},{"@type":"WebSite","@id":"https:\/\/algarve7.pt\/#website","url":"https:\/\/algarve7.pt\/","name":"Algarve 7","description":"Informa\u00e7\u00e3o sobre o Algarve","publisher":{"@id":"https:\/\/algarve7.pt\/#organization"},"potentialAction":[{"@type":"SearchAction","target":{"@type":"EntryPoint","urlTemplate":"https:\/\/algarve7.pt\/?s={search_term_string}"},"query-input":{"@type":"PropertyValueSpecification","valueRequired":true,"valueName":"search_term_string"}}],"inLanguage":"pt-PT"},{"@type":"Organization","@id":"https:\/\/algarve7.pt\/#organization","name":"Algarve 7","url":"https:\/\/algarve7.pt\/","logo":{"@type":"ImageObject","inLanguage":"pt-PT","@id":"https:\/\/algarve7.pt\/#\/schema\/logo\/image\/","url":"https:\/\/algarve7.pt\/wp-content\/uploads\/2020\/10\/Logo-8.jpg","contentUrl":"https:\/\/algarve7.pt\/wp-content\/uploads\/2020\/10\/Logo-8.jpg","width":1680,"height":1186,"caption":"Algarve 7"},"image":{"@id":"https:\/\/algarve7.pt\/#\/schema\/logo\/image\/"},"sameAs":["https:\/\/www.facebook.com\/algarve7","https:\/\/x.com\/Algarvesete","https:\/\/www.instagram.com\/jornalalgarve7\/","https:\/\/www.linkedin.com\/company\/algarve7","https:\/\/www.pinterest.pt\/geral0939\/_created\/"]},{"@type":"Person","@id":"https:\/\/algarve7.pt\/#\/schema\/person\/23fa70681308e7b319a3204bcea45e0c","name":"Algarve 7","sameAs":["https:\/\/algarve7.pt","https:\/\/www.facebook.com\/algarve7"],"url":"https:\/\/algarve7.pt\/index.php\/author\/geralalgarve7-pt\/"}]}},"jetpack_publicize_connections":[],"jetpack_featured_media_url":"https:\/\/algarve7.pt\/wp-content\/uploads\/2025\/07\/Centro-de-saude.png","jetpack_shortlink":"https:\/\/wp.me\/pcezmW-dC8","jetpack_sharing_enabled":true,"_links":{"self":[{"href":"https:\/\/algarve7.pt\/index.php\/wp-json\/wp\/v2\/posts\/52336","targetHints":{"allow":["GET"]}}],"collection":[{"href":"https:\/\/algarve7.pt\/index.php\/wp-json\/wp\/v2\/posts"}],"about":[{"href":"https:\/\/algarve7.pt\/index.php\/wp-json\/wp\/v2\/types\/post"}],"author":[{"embeddable":true,"href":"https:\/\/algarve7.pt\/index.php\/wp-json\/wp\/v2\/users\/1"}],"replies":[{"embeddable":true,"href":"https:\/\/algarve7.pt\/index.php\/wp-json\/wp\/v2\/comments?post=52336"}],"version-history":[{"count":0,"href":"https:\/\/algarve7.pt\/index.php\/wp-json\/wp\/v2\/posts\/52336\/revisions"}],"wp:featuredmedia":[{"embeddable":true,"href":"https:\/\/algarve7.pt\/index.php\/wp-json\/wp\/v2\/media\/52337"}],"wp:attachment":[{"href":"https:\/\/algarve7.pt\/index.php\/wp-json\/wp\/v2\/media?parent=52336"}],"wp:term":[{"taxonomy":"category","embeddable":true,"href":"https:\/\/algarve7.pt\/index.php\/wp-json\/wp\/v2\/categories?post=52336"},{"taxonomy":"post_tag","embeddable":true,"href":"https:\/\/algarve7.pt\/index.php\/wp-json\/wp\/v2\/tags?post=52336"}],"curies":[{"name":"wp","href":"https:\/\/api.w.org\/{rel}","templated":true}]}}