{"id":52178,"date":"2025-07-07T07:40:00","date_gmt":"2025-07-07T06:40:00","guid":{"rendered":"https:\/\/algarve7.pt\/?p=52178"},"modified":"2025-07-05T10:40:23","modified_gmt":"2025-07-05T09:40:23","slug":"lota-cool-market-regressa-ao-verao-de-portimao-com-edicao-especial-de-10-anos-e-espirito-sustentavel","status":"publish","type":"post","link":"https:\/\/algarve7.pt\/index.php\/2025\/07\/lota-cool-market-regressa-ao-verao-de-portimao-com-edicao-especial-de-10-anos-e-espirito-sustentavel\/cultura\/07\/40\/","title":{"rendered":"Lota Cool Market regressa ao ver\u00e3o de Portim\u00e3o com edi\u00e7\u00e3o especial de 10 anos e esp\u00edrito sustent\u00e1vel"},"content":{"rendered":"\n<p>Numa edi\u00e7\u00e3o especial em que assinala 10 anos, o Lota Cool Market regressa \u00e0 Zona Ribeirinha de Portim\u00e3o, entre 16 e 20 de julho, para mostrar mais uma vez o melhor do artesanato, design e gastronomia nacional.<\/p>\n\n\n\n<p>Sempre com enfoque na criatividade e nos talentos locais ou regionais, uma d\u00e9cada ap\u00f3s a estreia em 2014, esta iniciativa da Associa\u00e7\u00e3o Teia D\u2019Impulsos consolidou-se como \u201co mercado de ver\u00e3o do Algarve\u201d, contribuindo para colocar Portim\u00e3o num patamar de refer\u00eancia da criatividade, mas tamb\u00e9m dos sabores \u00fanicos, da inova\u00e7\u00e3o e da sustentabilidade.<\/p>\n\n\n\n<p>Apoiado pelo Munic\u00edpio de Portim\u00e3o, por este mercado j\u00e1 passaram dezenas de criadores de pequenas marcas, artes\u00e3os, designers e produtores, transformando a cidade numa verdadeira montra de objetos t\u00e3o alternativos quanto pe\u00e7as de madeira reciclada, t\u00eaxteis sustent\u00e1veis, joalharia ou cer\u00e2mica.<\/p>\n\n\n\n<p>Agora, este mercado \u2018pop up\u2019 \u00e0 beira-rio, junto \u00e0 Antiga Lota, promete ser, mais uma vez, durante cinco dias, entre as 18h00 e as 2h00, um ponto de encontro para residentes e turistas, fam\u00edlias, crian\u00e7as e jovens, que v\u00e3o poder desfrutar de muita anima\u00e7\u00e3o musical e de um ambiente inclusivo, bem como de v\u00e1rias novidades.<\/p>\n\n\n\n<p>Oficinas de malabarismo, jogos ou a possibilidade de experimentar diferentes instrumentos musicais s\u00e3o algumas das sugest\u00f5es da Teia D\u2019Impulsos para esta edi\u00e7\u00e3o comemorativa.<\/p>\n\n\n\n<p>Em paralelo, como \u00e9 habitual, o Lota Cool Market continua a concretizar o objetivo de valorizar as marcas e os produtores portugueses, dando visibilidade e gerando novas possibilidades de neg\u00f3cio. Haver\u00e1 assim espa\u00e7o tamb\u00e9m para os habituais \u201cfood trucks\u201d, com propostas diferenciadas na gastronomia, que v\u00e3o desde os pratos internacionais aos tradicionais petiscos portugueses.<\/p>\n\n\n\n<p>Recorde-se ainda que o Lota Cool Market \u00e9 um dos v\u00e1rios destaques da programa\u00e7\u00e3o \u201c\u00c9 Ver\u00e3o, \u00e9 Portim\u00e3o&#8230;\u201d, da C\u00e2mara Municipal de Portim\u00e3o, agenda na qual s\u00e3o divulgadas as v\u00e1rias iniciativas que animam o concelho at\u00e9 setembro.<\/p>\n\n\n\n<p><strong>M\u00fasica com selo de qualidade \u201cChoque Frontal\u201d<\/strong><\/p>\n\n\n\n<p>Dando espa\u00e7o \u00e0 parceria com a R\u00e1dio Alvor, o Lota Cool Market reserva o Palco Choque Frontal para as atua\u00e7\u00f5es di\u00e1rias de artistas do panorama regional, entre as 22h00 e as 00h00, seguidas de sess\u00f5es animadas por DJ at\u00e9 \u00e0s 2h00.<\/p>\n\n\n\n<p>Por este espa\u00e7o privilegiado passar\u00e3o, no dia 16 de julho, os artistas Fernando Leal, com um concerto especial de 10 anos de carreira (23h00 \u00e0s 00h00), seguindo-se o DJ Bruno Lopes (00h00 \u00e0s 2h00). No segundo dia, o palco abre mais cedo para os alunos da School of Rock Portim\u00e3o mostrarem o seu talento (20h00 \u00e0s 22h00), seguindo-se Um Dia Destes (22h00 \u00e0s 23h00), o talento portimonense Jos\u00e9 Francisco (23h00 \u00e0s 00h00) e o DJ AN_DRE (00h00 \u00e0s 2h00).<\/p>\n\n\n\n<p>Os Recante (23h00 \u00e0s 00h00) e os Gaiatos Capote (00h00 \u00e0s 2h00) animam a terceira noite do Lota Cool Market, enquanto os The Black Teddys (23h00 \u00e0s 00h00) e VIRID!S (00h00 \u00e0s 2h00) ficam respons\u00e1veis pelos espet\u00e1culos do dia 19 de julho. No \u00faltimo dia, o evento encerra com as atua\u00e7\u00f5es dos 5ex Banda (23h00 \u00e0s 00h00) e do portimonense DJ Nuno Silva (00h00 \u00e0s 2h00).<\/p>\n\n\n\n<p><strong>Oficinas de circo, jogos e School of Rock s\u00e3o novidade<\/strong><\/p>\n\n\n\n<p>Com um ambiente descontra\u00eddo, \u00e0 beira rio, o Lota Cool Market sempre foi um encontro de gera\u00e7\u00f5es, onde as fam\u00edlias, jovens e turistas descobrem o que de melhor se produz em Portugal.<\/p>\n\n\n\n<p>Por ser um evento ecl\u00e9tico, a Associa\u00e7\u00e3o Teia D\u2019Impulsos d\u00e1 tamb\u00e9m nova roupagem ao espa\u00e7o familiar no Jardim Visconde Bivar com algumas novidades. Uma das quais ser\u00e1 apresentada pelo \u201cCirco Vagabundo\u201d e consiste em oficinas de malabarismo e espet\u00e1culos interativos. Em complemento, est\u00e3o ainda previstos jogos tradicionais portugueses em vers\u00e3o gigante e atividades art\u00edsticas para crian\u00e7as.<\/p>\n\n\n\n<p>Outra das novidades surge em parceria com a School of Rock de Portim\u00e3o, aberta h\u00e1 poucos meses na cidade, e que vai permitir que os mais novos experimentem instrumentos e formem a sua primeira banda, tomando assim contacto com a m\u00fasica.&nbsp;<\/p>\n\n\n\n<p><strong>Desenvolvimento sustent\u00e1vel continua a ser prioridade<\/strong><\/p>\n\n\n\n<p>O evento, que conta com uma m\u00e9dia di\u00e1ria de 4.000 visitantes nas \u00faltimas edi\u00e7\u00f5es, reveste-se de diversas medidas que pretendem manter o compromisso para com a concretiza\u00e7\u00e3o de diferentes Objetivos de Desenvolvimento Sustent\u00e1vel (ODS), tais como a Erradi\u00e7\u00e3o da Pobreza (ODS 1), a Fome Zero (ODS 2), o Consumo Respons\u00e1vel (ODS 12), as Cidades Sustent\u00e1veis (ODS 11) e a A\u00e7\u00e3o Clim\u00e1tica (ODS 13).<\/p>\n\n\n\n<p>Neste contexto, o mercado mais \u201ccool\u201d do Algarve, como \u00e9 caracterizado pela Associa\u00e7\u00e3o Teia D\u2019Impulsos, volta a dar prioridade ao combate do desperd\u00edcio alimentar, \u00e0 promo\u00e7\u00e3o da reciclagem e \u00e0 reutiliza\u00e7\u00e3o de materiais.<\/p>\n\n\n\n<p>Entre outras medidas, os visitantes s\u00e3o incentivados a levar os copos adquiridos em edi\u00e7\u00f5es anteriores e desafiados a participar em iniciativas ligadas a esta tem\u00e1tica da sustentabilidade.<\/p>\n\n\n\n<p>Com o apoio da C\u00e2mara Municipal de Portim\u00e3o e da Regi\u00e3o de Turismo do Algarve, o evento organizado pela Teia D\u2019Impulsos conta com as parcerias da Algar, da EMARP, Prime Digital, Super Bock e o programa Choque Frontal, sendo parceiros media o Sul Informa\u00e7\u00e3o e Alvor FM.<\/p>\n","protected":false},"excerpt":{"rendered":"<p>Numa edi\u00e7\u00e3o especial em que assinala 10 anos, o Lota Cool Market regressa \u00e0 Zona Ribeirinha de Portim\u00e3o, entre 16<\/p>\n","protected":false},"author":1,"featured_media":52179,"comment_status":"closed","ping_status":"closed","sticky":false,"template":"","format":"standard","meta":{"colormag_page_container_layout":"default_layout","colormag_page_sidebar_layout":"default_layout","_monsterinsights_skip_tracking":false,"_monsterinsights_sitenote_active":false,"_monsterinsights_sitenote_note":"","_monsterinsights_sitenote_category":0,"jetpack_post_was_ever_published":false,"_jetpack_newsletter_access":"","_jetpack_dont_email_post_to_subs":false,"_jetpack_newsletter_tier_id":0,"_jetpack_memberships_contains_paywalled_content":false,"_jetpack_memberships_contains_paid_content":false,"footnotes":"","jetpack_publicize_message":"","jetpack_publicize_feature_enabled":true,"jetpack_social_post_already_shared":false,"jetpack_social_options":{"image_generator_settings":{"template":"highway","default_image_id":0,"font":"","enabled":false},"version":2}},"categories":[14],"tags":[36,35,72],"class_list":["post-52178","post","type-post","status-publish","format-standard","has-post-thumbnail","hentry","category-cultura","tag-algarve","tag-cultura","tag-portimao"],"yoast_head":"<!-- This site is optimized with the Yoast SEO plugin v27.5 - https:\/\/yoast.com\/product\/yoast-seo-wordpress\/ -->\n<title>Lota Cool Market regressa ao ver\u00e3o de Portim\u00e3o com edi\u00e7\u00e3o especial de 10 anos e esp\u00edrito sustent\u00e1vel - Algarve 7<\/title>\n<meta name=\"description\" content=\"Lota Cool Market regressa ao ver\u00e3o de Portim\u00e3o com edi\u00e7\u00e3o especial de 10 anos e esp\u00edrito sustent\u00e1vel Cultura\" \/>\n<meta name=\"robots\" content=\"index, follow, max-snippet:-1, max-image-preview:large, max-video-preview:-1\" \/>\n<link rel=\"canonical\" href=\"https:\/\/algarve7.pt\/index.php\/2025\/07\/lota-cool-market-regressa-ao-verao-de-portimao-com-edicao-especial-de-10-anos-e-espirito-sustentavel\/cultura\/07\/40\/\" \/>\n<meta property=\"og:locale\" content=\"pt_PT\" \/>\n<meta property=\"og:type\" content=\"article\" \/>\n<meta property=\"og:title\" content=\"Lota Cool Market regressa ao ver\u00e3o de Portim\u00e3o com edi\u00e7\u00e3o especial de 10 anos e esp\u00edrito sustent\u00e1vel - Algarve 7\" \/>\n<meta property=\"og:description\" content=\"Lota Cool Market regressa ao ver\u00e3o de Portim\u00e3o com edi\u00e7\u00e3o especial de 10 anos e esp\u00edrito sustent\u00e1vel Cultura\" \/>\n<meta property=\"og:url\" content=\"https:\/\/algarve7.pt\/index.php\/2025\/07\/lota-cool-market-regressa-ao-verao-de-portimao-com-edicao-especial-de-10-anos-e-espirito-sustentavel\/cultura\/07\/40\/\" \/>\n<meta property=\"og:site_name\" content=\"Algarve 7\" \/>\n<meta property=\"article:publisher\" content=\"https:\/\/www.facebook.com\/algarve7\" \/>\n<meta property=\"article:author\" content=\"https:\/\/www.facebook.com\/algarve7\" \/>\n<meta property=\"article:published_time\" content=\"2025-07-07T06:40:00+00:00\" \/>\n<meta property=\"og:image\" content=\"https:\/\/algarve7.pt\/wp-content\/uploads\/2025\/07\/LOTAC1.jpg\" \/>\n\t<meta property=\"og:image:width\" content=\"800\" \/>\n\t<meta property=\"og:image:height\" content=\"500\" \/>\n\t<meta property=\"og:image:type\" content=\"image\/jpeg\" \/>\n<meta name=\"author\" content=\"Algarve 7\" \/>\n<meta name=\"twitter:card\" content=\"summary_large_image\" \/>\n<meta name=\"twitter:creator\" content=\"@Algarvesete\" \/>\n<meta name=\"twitter:site\" content=\"@Algarvesete\" \/>\n<meta name=\"twitter:label1\" content=\"Escrito por\" \/>\n\t<meta name=\"twitter:data1\" content=\"Algarve 7\" \/>\n\t<meta name=\"twitter:label2\" content=\"Tempo estimado de leitura\" \/>\n\t<meta name=\"twitter:data2\" content=\"5 minutos\" \/>\n<script type=\"application\/ld+json\" class=\"yoast-schema-graph\">{\"@context\":\"https:\\\/\\\/schema.org\",\"@graph\":[{\"@type\":\"Article\",\"@id\":\"https:\\\/\\\/algarve7.pt\\\/index.php\\\/2025\\\/07\\\/lota-cool-market-regressa-ao-verao-de-portimao-com-edicao-especial-de-10-anos-e-espirito-sustentavel\\\/cultura\\\/07\\\/40\\\/#article\",\"isPartOf\":{\"@id\":\"https:\\\/\\\/algarve7.pt\\\/index.php\\\/2025\\\/07\\\/lota-cool-market-regressa-ao-verao-de-portimao-com-edicao-especial-de-10-anos-e-espirito-sustentavel\\\/cultura\\\/07\\\/40\\\/\"},\"author\":{\"name\":\"Algarve 7\",\"@id\":\"https:\\\/\\\/algarve7.pt\\\/#\\\/schema\\\/person\\\/23fa70681308e7b319a3204bcea45e0c\"},\"headline\":\"Lota Cool Market regressa ao ver\u00e3o de Portim\u00e3o com edi\u00e7\u00e3o especial de 10 anos e esp\u00edrito sustent\u00e1vel\",\"datePublished\":\"2025-07-07T06:40:00+00:00\",\"mainEntityOfPage\":{\"@id\":\"https:\\\/\\\/algarve7.pt\\\/index.php\\\/2025\\\/07\\\/lota-cool-market-regressa-ao-verao-de-portimao-com-edicao-especial-de-10-anos-e-espirito-sustentavel\\\/cultura\\\/07\\\/40\\\/\"},\"wordCount\":897,\"publisher\":{\"@id\":\"https:\\\/\\\/algarve7.pt\\\/#organization\"},\"image\":{\"@id\":\"https:\\\/\\\/algarve7.pt\\\/index.php\\\/2025\\\/07\\\/lota-cool-market-regressa-ao-verao-de-portimao-com-edicao-especial-de-10-anos-e-espirito-sustentavel\\\/cultura\\\/07\\\/40\\\/#primaryimage\"},\"thumbnailUrl\":\"https:\\\/\\\/algarve7.pt\\\/wp-content\\\/uploads\\\/2025\\\/07\\\/LOTAC1.jpg\",\"keywords\":[\"Algarve\",\"Cultura\",\"Portim\u00e3o\"],\"articleSection\":[\"Cultura\"],\"inLanguage\":\"pt-PT\"},{\"@type\":\"WebPage\",\"@id\":\"https:\\\/\\\/algarve7.pt\\\/index.php\\\/2025\\\/07\\\/lota-cool-market-regressa-ao-verao-de-portimao-com-edicao-especial-de-10-anos-e-espirito-sustentavel\\\/cultura\\\/07\\\/40\\\/\",\"url\":\"https:\\\/\\\/algarve7.pt\\\/index.php\\\/2025\\\/07\\\/lota-cool-market-regressa-ao-verao-de-portimao-com-edicao-especial-de-10-anos-e-espirito-sustentavel\\\/cultura\\\/07\\\/40\\\/\",\"name\":\"Lota Cool Market regressa ao ver\u00e3o de Portim\u00e3o com edi\u00e7\u00e3o especial de 10 anos e esp\u00edrito sustent\u00e1vel - Algarve 7\",\"isPartOf\":{\"@id\":\"https:\\\/\\\/algarve7.pt\\\/#website\"},\"primaryImageOfPage\":{\"@id\":\"https:\\\/\\\/algarve7.pt\\\/index.php\\\/2025\\\/07\\\/lota-cool-market-regressa-ao-verao-de-portimao-com-edicao-especial-de-10-anos-e-espirito-sustentavel\\\/cultura\\\/07\\\/40\\\/#primaryimage\"},\"image\":{\"@id\":\"https:\\\/\\\/algarve7.pt\\\/index.php\\\/2025\\\/07\\\/lota-cool-market-regressa-ao-verao-de-portimao-com-edicao-especial-de-10-anos-e-espirito-sustentavel\\\/cultura\\\/07\\\/40\\\/#primaryimage\"},\"thumbnailUrl\":\"https:\\\/\\\/algarve7.pt\\\/wp-content\\\/uploads\\\/2025\\\/07\\\/LOTAC1.jpg\",\"datePublished\":\"2025-07-07T06:40:00+00:00\",\"description\":\"Lota Cool Market regressa ao ver\u00e3o de Portim\u00e3o com edi\u00e7\u00e3o especial de 10 anos e esp\u00edrito sustent\u00e1vel Cultura\",\"breadcrumb\":{\"@id\":\"https:\\\/\\\/algarve7.pt\\\/index.php\\\/2025\\\/07\\\/lota-cool-market-regressa-ao-verao-de-portimao-com-edicao-especial-de-10-anos-e-espirito-sustentavel\\\/cultura\\\/07\\\/40\\\/#breadcrumb\"},\"inLanguage\":\"pt-PT\",\"potentialAction\":[{\"@type\":\"ReadAction\",\"target\":[\"https:\\\/\\\/algarve7.pt\\\/index.php\\\/2025\\\/07\\\/lota-cool-market-regressa-ao-verao-de-portimao-com-edicao-especial-de-10-anos-e-espirito-sustentavel\\\/cultura\\\/07\\\/40\\\/\"]}]},{\"@type\":\"ImageObject\",\"inLanguage\":\"pt-PT\",\"@id\":\"https:\\\/\\\/algarve7.pt\\\/index.php\\\/2025\\\/07\\\/lota-cool-market-regressa-ao-verao-de-portimao-com-edicao-especial-de-10-anos-e-espirito-sustentavel\\\/cultura\\\/07\\\/40\\\/#primaryimage\",\"url\":\"https:\\\/\\\/algarve7.pt\\\/wp-content\\\/uploads\\\/2025\\\/07\\\/LOTAC1.jpg\",\"contentUrl\":\"https:\\\/\\\/algarve7.pt\\\/wp-content\\\/uploads\\\/2025\\\/07\\\/LOTAC1.jpg\",\"width\":800,\"height\":500},{\"@type\":\"BreadcrumbList\",\"@id\":\"https:\\\/\\\/algarve7.pt\\\/index.php\\\/2025\\\/07\\\/lota-cool-market-regressa-ao-verao-de-portimao-com-edicao-especial-de-10-anos-e-espirito-sustentavel\\\/cultura\\\/07\\\/40\\\/#breadcrumb\",\"itemListElement\":[{\"@type\":\"ListItem\",\"position\":1,\"name\":\"In\u00edcio\",\"item\":\"https:\\\/\\\/algarve7.pt\\\/\"},{\"@type\":\"ListItem\",\"position\":2,\"name\":\"Lota Cool Market regressa ao ver\u00e3o de Portim\u00e3o com edi\u00e7\u00e3o especial de 10 anos e esp\u00edrito sustent\u00e1vel\"}]},{\"@type\":\"WebSite\",\"@id\":\"https:\\\/\\\/algarve7.pt\\\/#website\",\"url\":\"https:\\\/\\\/algarve7.pt\\\/\",\"name\":\"Algarve 7\",\"description\":\"Informa\u00e7\u00e3o sobre o Algarve\",\"publisher\":{\"@id\":\"https:\\\/\\\/algarve7.pt\\\/#organization\"},\"potentialAction\":[{\"@type\":\"SearchAction\",\"target\":{\"@type\":\"EntryPoint\",\"urlTemplate\":\"https:\\\/\\\/algarve7.pt\\\/?s={search_term_string}\"},\"query-input\":{\"@type\":\"PropertyValueSpecification\",\"valueRequired\":true,\"valueName\":\"search_term_string\"}}],\"inLanguage\":\"pt-PT\"},{\"@type\":\"Organization\",\"@id\":\"https:\\\/\\\/algarve7.pt\\\/#organization\",\"name\":\"Algarve 7\",\"url\":\"https:\\\/\\\/algarve7.pt\\\/\",\"logo\":{\"@type\":\"ImageObject\",\"inLanguage\":\"pt-PT\",\"@id\":\"https:\\\/\\\/algarve7.pt\\\/#\\\/schema\\\/logo\\\/image\\\/\",\"url\":\"https:\\\/\\\/algarve7.pt\\\/wp-content\\\/uploads\\\/2020\\\/10\\\/Logo-8.jpg\",\"contentUrl\":\"https:\\\/\\\/algarve7.pt\\\/wp-content\\\/uploads\\\/2020\\\/10\\\/Logo-8.jpg\",\"width\":1680,\"height\":1186,\"caption\":\"Algarve 7\"},\"image\":{\"@id\":\"https:\\\/\\\/algarve7.pt\\\/#\\\/schema\\\/logo\\\/image\\\/\"},\"sameAs\":[\"https:\\\/\\\/www.facebook.com\\\/algarve7\",\"https:\\\/\\\/x.com\\\/Algarvesete\",\"https:\\\/\\\/www.instagram.com\\\/jornalalgarve7\\\/\",\"https:\\\/\\\/www.linkedin.com\\\/company\\\/algarve7\",\"https:\\\/\\\/www.pinterest.pt\\\/geral0939\\\/_created\\\/\"]},{\"@type\":\"Person\",\"@id\":\"https:\\\/\\\/algarve7.pt\\\/#\\\/schema\\\/person\\\/23fa70681308e7b319a3204bcea45e0c\",\"name\":\"Algarve 7\",\"sameAs\":[\"https:\\\/\\\/algarve7.pt\",\"https:\\\/\\\/www.facebook.com\\\/algarve7\"],\"url\":\"https:\\\/\\\/algarve7.pt\\\/index.php\\\/author\\\/geralalgarve7-pt\\\/\"}]}<\/script>\n<!-- \/ Yoast SEO plugin. -->","yoast_head_json":{"title":"Lota Cool Market regressa ao ver\u00e3o de Portim\u00e3o com edi\u00e7\u00e3o especial de 10 anos e esp\u00edrito sustent\u00e1vel - Algarve 7","description":"Lota Cool Market regressa ao ver\u00e3o de Portim\u00e3o com edi\u00e7\u00e3o especial de 10 anos e esp\u00edrito sustent\u00e1vel Cultura","robots":{"index":"index","follow":"follow","max-snippet":"max-snippet:-1","max-image-preview":"max-image-preview:large","max-video-preview":"max-video-preview:-1"},"canonical":"https:\/\/algarve7.pt\/index.php\/2025\/07\/lota-cool-market-regressa-ao-verao-de-portimao-com-edicao-especial-de-10-anos-e-espirito-sustentavel\/cultura\/07\/40\/","og_locale":"pt_PT","og_type":"article","og_title":"Lota Cool Market regressa ao ver\u00e3o de Portim\u00e3o com edi\u00e7\u00e3o especial de 10 anos e esp\u00edrito sustent\u00e1vel - Algarve 7","og_description":"Lota Cool Market regressa ao ver\u00e3o de Portim\u00e3o com edi\u00e7\u00e3o especial de 10 anos e esp\u00edrito sustent\u00e1vel Cultura","og_url":"https:\/\/algarve7.pt\/index.php\/2025\/07\/lota-cool-market-regressa-ao-verao-de-portimao-com-edicao-especial-de-10-anos-e-espirito-sustentavel\/cultura\/07\/40\/","og_site_name":"Algarve 7","article_publisher":"https:\/\/www.facebook.com\/algarve7","article_author":"https:\/\/www.facebook.com\/algarve7","article_published_time":"2025-07-07T06:40:00+00:00","og_image":[{"width":800,"height":500,"url":"https:\/\/algarve7.pt\/wp-content\/uploads\/2025\/07\/LOTAC1.jpg","type":"image\/jpeg"}],"author":"Algarve 7","twitter_card":"summary_large_image","twitter_creator":"@Algarvesete","twitter_site":"@Algarvesete","twitter_misc":{"Escrito por":"Algarve 7","Tempo estimado de leitura":"5 minutos"},"schema":{"@context":"https:\/\/schema.org","@graph":[{"@type":"Article","@id":"https:\/\/algarve7.pt\/index.php\/2025\/07\/lota-cool-market-regressa-ao-verao-de-portimao-com-edicao-especial-de-10-anos-e-espirito-sustentavel\/cultura\/07\/40\/#article","isPartOf":{"@id":"https:\/\/algarve7.pt\/index.php\/2025\/07\/lota-cool-market-regressa-ao-verao-de-portimao-com-edicao-especial-de-10-anos-e-espirito-sustentavel\/cultura\/07\/40\/"},"author":{"name":"Algarve 7","@id":"https:\/\/algarve7.pt\/#\/schema\/person\/23fa70681308e7b319a3204bcea45e0c"},"headline":"Lota Cool Market regressa ao ver\u00e3o de Portim\u00e3o com edi\u00e7\u00e3o especial de 10 anos e esp\u00edrito sustent\u00e1vel","datePublished":"2025-07-07T06:40:00+00:00","mainEntityOfPage":{"@id":"https:\/\/algarve7.pt\/index.php\/2025\/07\/lota-cool-market-regressa-ao-verao-de-portimao-com-edicao-especial-de-10-anos-e-espirito-sustentavel\/cultura\/07\/40\/"},"wordCount":897,"publisher":{"@id":"https:\/\/algarve7.pt\/#organization"},"image":{"@id":"https:\/\/algarve7.pt\/index.php\/2025\/07\/lota-cool-market-regressa-ao-verao-de-portimao-com-edicao-especial-de-10-anos-e-espirito-sustentavel\/cultura\/07\/40\/#primaryimage"},"thumbnailUrl":"https:\/\/algarve7.pt\/wp-content\/uploads\/2025\/07\/LOTAC1.jpg","keywords":["Algarve","Cultura","Portim\u00e3o"],"articleSection":["Cultura"],"inLanguage":"pt-PT"},{"@type":"WebPage","@id":"https:\/\/algarve7.pt\/index.php\/2025\/07\/lota-cool-market-regressa-ao-verao-de-portimao-com-edicao-especial-de-10-anos-e-espirito-sustentavel\/cultura\/07\/40\/","url":"https:\/\/algarve7.pt\/index.php\/2025\/07\/lota-cool-market-regressa-ao-verao-de-portimao-com-edicao-especial-de-10-anos-e-espirito-sustentavel\/cultura\/07\/40\/","name":"Lota Cool Market regressa ao ver\u00e3o de Portim\u00e3o com edi\u00e7\u00e3o especial de 10 anos e esp\u00edrito sustent\u00e1vel - Algarve 7","isPartOf":{"@id":"https:\/\/algarve7.pt\/#website"},"primaryImageOfPage":{"@id":"https:\/\/algarve7.pt\/index.php\/2025\/07\/lota-cool-market-regressa-ao-verao-de-portimao-com-edicao-especial-de-10-anos-e-espirito-sustentavel\/cultura\/07\/40\/#primaryimage"},"image":{"@id":"https:\/\/algarve7.pt\/index.php\/2025\/07\/lota-cool-market-regressa-ao-verao-de-portimao-com-edicao-especial-de-10-anos-e-espirito-sustentavel\/cultura\/07\/40\/#primaryimage"},"thumbnailUrl":"https:\/\/algarve7.pt\/wp-content\/uploads\/2025\/07\/LOTAC1.jpg","datePublished":"2025-07-07T06:40:00+00:00","description":"Lota Cool Market regressa ao ver\u00e3o de Portim\u00e3o com edi\u00e7\u00e3o especial de 10 anos e esp\u00edrito sustent\u00e1vel Cultura","breadcrumb":{"@id":"https:\/\/algarve7.pt\/index.php\/2025\/07\/lota-cool-market-regressa-ao-verao-de-portimao-com-edicao-especial-de-10-anos-e-espirito-sustentavel\/cultura\/07\/40\/#breadcrumb"},"inLanguage":"pt-PT","potentialAction":[{"@type":"ReadAction","target":["https:\/\/algarve7.pt\/index.php\/2025\/07\/lota-cool-market-regressa-ao-verao-de-portimao-com-edicao-especial-de-10-anos-e-espirito-sustentavel\/cultura\/07\/40\/"]}]},{"@type":"ImageObject","inLanguage":"pt-PT","@id":"https:\/\/algarve7.pt\/index.php\/2025\/07\/lota-cool-market-regressa-ao-verao-de-portimao-com-edicao-especial-de-10-anos-e-espirito-sustentavel\/cultura\/07\/40\/#primaryimage","url":"https:\/\/algarve7.pt\/wp-content\/uploads\/2025\/07\/LOTAC1.jpg","contentUrl":"https:\/\/algarve7.pt\/wp-content\/uploads\/2025\/07\/LOTAC1.jpg","width":800,"height":500},{"@type":"BreadcrumbList","@id":"https:\/\/algarve7.pt\/index.php\/2025\/07\/lota-cool-market-regressa-ao-verao-de-portimao-com-edicao-especial-de-10-anos-e-espirito-sustentavel\/cultura\/07\/40\/#breadcrumb","itemListElement":[{"@type":"ListItem","position":1,"name":"In\u00edcio","item":"https:\/\/algarve7.pt\/"},{"@type":"ListItem","position":2,"name":"Lota Cool Market regressa ao ver\u00e3o de Portim\u00e3o com edi\u00e7\u00e3o especial de 10 anos e esp\u00edrito sustent\u00e1vel"}]},{"@type":"WebSite","@id":"https:\/\/algarve7.pt\/#website","url":"https:\/\/algarve7.pt\/","name":"Algarve 7","description":"Informa\u00e7\u00e3o sobre o Algarve","publisher":{"@id":"https:\/\/algarve7.pt\/#organization"},"potentialAction":[{"@type":"SearchAction","target":{"@type":"EntryPoint","urlTemplate":"https:\/\/algarve7.pt\/?s={search_term_string}"},"query-input":{"@type":"PropertyValueSpecification","valueRequired":true,"valueName":"search_term_string"}}],"inLanguage":"pt-PT"},{"@type":"Organization","@id":"https:\/\/algarve7.pt\/#organization","name":"Algarve 7","url":"https:\/\/algarve7.pt\/","logo":{"@type":"ImageObject","inLanguage":"pt-PT","@id":"https:\/\/algarve7.pt\/#\/schema\/logo\/image\/","url":"https:\/\/algarve7.pt\/wp-content\/uploads\/2020\/10\/Logo-8.jpg","contentUrl":"https:\/\/algarve7.pt\/wp-content\/uploads\/2020\/10\/Logo-8.jpg","width":1680,"height":1186,"caption":"Algarve 7"},"image":{"@id":"https:\/\/algarve7.pt\/#\/schema\/logo\/image\/"},"sameAs":["https:\/\/www.facebook.com\/algarve7","https:\/\/x.com\/Algarvesete","https:\/\/www.instagram.com\/jornalalgarve7\/","https:\/\/www.linkedin.com\/company\/algarve7","https:\/\/www.pinterest.pt\/geral0939\/_created\/"]},{"@type":"Person","@id":"https:\/\/algarve7.pt\/#\/schema\/person\/23fa70681308e7b319a3204bcea45e0c","name":"Algarve 7","sameAs":["https:\/\/algarve7.pt","https:\/\/www.facebook.com\/algarve7"],"url":"https:\/\/algarve7.pt\/index.php\/author\/geralalgarve7-pt\/"}]}},"jetpack_publicize_connections":[],"jetpack_featured_media_url":"https:\/\/algarve7.pt\/wp-content\/uploads\/2025\/07\/LOTAC1.jpg","jetpack_shortlink":"https:\/\/wp.me\/pcezmW-dzA","jetpack_sharing_enabled":true,"_links":{"self":[{"href":"https:\/\/algarve7.pt\/index.php\/wp-json\/wp\/v2\/posts\/52178","targetHints":{"allow":["GET"]}}],"collection":[{"href":"https:\/\/algarve7.pt\/index.php\/wp-json\/wp\/v2\/posts"}],"about":[{"href":"https:\/\/algarve7.pt\/index.php\/wp-json\/wp\/v2\/types\/post"}],"author":[{"embeddable":true,"href":"https:\/\/algarve7.pt\/index.php\/wp-json\/wp\/v2\/users\/1"}],"replies":[{"embeddable":true,"href":"https:\/\/algarve7.pt\/index.php\/wp-json\/wp\/v2\/comments?post=52178"}],"version-history":[{"count":0,"href":"https:\/\/algarve7.pt\/index.php\/wp-json\/wp\/v2\/posts\/52178\/revisions"}],"wp:featuredmedia":[{"embeddable":true,"href":"https:\/\/algarve7.pt\/index.php\/wp-json\/wp\/v2\/media\/52179"}],"wp:attachment":[{"href":"https:\/\/algarve7.pt\/index.php\/wp-json\/wp\/v2\/media?parent=52178"}],"wp:term":[{"taxonomy":"category","embeddable":true,"href":"https:\/\/algarve7.pt\/index.php\/wp-json\/wp\/v2\/categories?post=52178"},{"taxonomy":"post_tag","embeddable":true,"href":"https:\/\/algarve7.pt\/index.php\/wp-json\/wp\/v2\/tags?post=52178"}],"curies":[{"name":"wp","href":"https:\/\/api.w.org\/{rel}","templated":true}]}}