{"id":52142,"date":"2025-07-05T10:30:00","date_gmt":"2025-07-05T09:30:00","guid":{"rendered":"https:\/\/algarve7.pt\/?p=52142"},"modified":"2025-07-04T18:24:30","modified_gmt":"2025-07-04T17:24:30","slug":"patrulhas-do-exercito-reforcam-seguranca-na-serra-de-sao-bras-de-alportel","status":"publish","type":"post","link":"https:\/\/algarve7.pt\/index.php\/2025\/07\/patrulhas-do-exercito-reforcam-seguranca-na-serra-de-sao-bras-de-alportel\/ambiente\/10\/30\/","title":{"rendered":"Patrulhas do Ex\u00e9rcito refor\u00e7am seguran\u00e7a na Serra de S\u00e3o Br\u00e1s de Alportel"},"content":{"rendered":"\n<p><strong>Este ver\u00e3o, a serra s\u00e3o-brasense volta a contar com um refor\u00e7o de peso na miss\u00e3o de proteger a floresta e as comunidades locais: as patrulhas do Ex\u00e9rcito Portugu\u00eas.&nbsp;<\/strong><\/p>\n\n\n\n<p>Fruto de uma parceria que j\u00e1 soma 13 anos, o Munic\u00edpio de S\u00e3o Br\u00e1s de Alportel e o Ex\u00e9rcito renovaram o protocolo que garante a\u00e7\u00f5es de vigil\u00e2ncia e preven\u00e7\u00e3o de inc\u00eandios rurais desde 1 de julho at\u00e9 30 de setembro.<\/p>\n\n\n\n<p>Com dois ter\u00e7os do concelho integrados na \u00e1rea serrana, esta colabora\u00e7\u00e3o \u00e9 uma pe\u00e7a-chave na Estrat\u00e9gia Municipal de Preven\u00e7\u00e3o de Inc\u00eandios Rurais. As patrulhas militares garantem presen\u00e7a no terreno em zonas remotas e de dif\u00edcil acesso, contribuindo para prevenir comportamentos de risco e identificar situa\u00e7\u00f5es de perigo antes que se tornem inc\u00eandios.<\/p>\n\n\n\n<p>\u201cEste trabalho conjunto tem sido essencial para manter a nossa serra mais segura. A presen\u00e7a do Ex\u00e9rcito no terreno, aliada ao esfor\u00e7o incans\u00e1vel dos nossos bombeiros, sapadores e da comunidade, reflete a nossa aposta firme na preven\u00e7\u00e3o como melhor arma contra os inc\u00eandios\u201d, reagiu o Presidente da C\u00e2mara Municipal de S\u00e3o Br\u00e1s de Alportel, afirma Vitor Guerreiro.<\/p>\n\n\n\n<p>Al\u00e9m do apoio do Ex\u00e9rcito, o Munic\u00edpio conta com tr\u00eas Equipas de Interven\u00e7\u00e3o Permanente dos Bombeiros Volunt\u00e1rios de S\u00e3o Br\u00e1s de Alportel, refor\u00e7adas no per\u00edodo cr\u00edtico de ver\u00e3o com mais uma equipa dedicada ao Dispositivo Especial de Combate a Inc\u00eandios Rurais (DECIR). Esta equipa adicional \u00e9 destacada estrategicamente para a serra em dias de risco muito elevado, garantindo uma resposta mais r\u00e1pida e eficaz.<\/p>\n\n\n\n<p>Esta estrat\u00e9gia de proximidade e vigil\u00e2ncia ativa \u00e9 parte integrante do compromisso assumido pela autarquia com a prote\u00e7\u00e3o do territ\u00f3rio, a seguran\u00e7a das popula\u00e7\u00f5es e a valoriza\u00e7\u00e3o de um patrim\u00f3nio natural que \u00e9, tamb\u00e9m, fonte de identidade e riqueza para o concelho.<\/p>\n","protected":false},"excerpt":{"rendered":"<p>Este ver\u00e3o, a serra s\u00e3o-brasense volta a contar com um refor\u00e7o de peso na miss\u00e3o de proteger a floresta e<\/p>\n","protected":false},"author":1,"featured_media":52143,"comment_status":"closed","ping_status":"closed","sticky":false,"template":"","format":"standard","meta":{"colormag_page_container_layout":"default_layout","colormag_page_sidebar_layout":"default_layout","_monsterinsights_skip_tracking":false,"_monsterinsights_sitenote_active":false,"_monsterinsights_sitenote_note":"","_monsterinsights_sitenote_category":0,"jetpack_post_was_ever_published":false,"_jetpack_newsletter_access":"","_jetpack_dont_email_post_to_subs":false,"_jetpack_newsletter_tier_id":0,"_jetpack_memberships_contains_paywalled_content":false,"_jetpack_memberships_contains_paid_content":false,"footnotes":"","jetpack_publicize_message":"","jetpack_publicize_feature_enabled":true,"jetpack_social_post_already_shared":false,"jetpack_social_options":{"image_generator_settings":{"template":"highway","default_image_id":0,"font":"","enabled":false},"version":2}},"categories":[5],"tags":[36,32,63],"class_list":["post-52142","post","type-post","status-publish","format-standard","has-post-thumbnail","hentry","category-ambiente","tag-algarve","tag-ambiente","tag-sao-bras-de-alportel"],"yoast_head":"<!-- This site is optimized with the Yoast SEO plugin v27.5 - https:\/\/yoast.com\/product\/yoast-seo-wordpress\/ -->\n<title>Patrulhas do Ex\u00e9rcito refor\u00e7am seguran\u00e7a na Serra de S\u00e3o Br\u00e1s de Alportel - Algarve 7<\/title>\n<meta name=\"description\" content=\"Patrulhas do Ex\u00e9rcito refor\u00e7am seguran\u00e7a na Serra de S\u00e3o Br\u00e1s de Alportel Ambiente\" \/>\n<meta name=\"robots\" content=\"index, follow, max-snippet:-1, max-image-preview:large, max-video-preview:-1\" \/>\n<link rel=\"canonical\" href=\"https:\/\/algarve7.pt\/index.php\/2025\/07\/patrulhas-do-exercito-reforcam-seguranca-na-serra-de-sao-bras-de-alportel\/ambiente\/10\/30\/\" \/>\n<meta property=\"og:locale\" content=\"pt_PT\" \/>\n<meta property=\"og:type\" content=\"article\" \/>\n<meta property=\"og:title\" content=\"Patrulhas do Ex\u00e9rcito refor\u00e7am seguran\u00e7a na Serra de S\u00e3o Br\u00e1s de Alportel - Algarve 7\" \/>\n<meta property=\"og:description\" content=\"Patrulhas do Ex\u00e9rcito refor\u00e7am seguran\u00e7a na Serra de S\u00e3o Br\u00e1s de Alportel Ambiente\" \/>\n<meta property=\"og:url\" content=\"https:\/\/algarve7.pt\/index.php\/2025\/07\/patrulhas-do-exercito-reforcam-seguranca-na-serra-de-sao-bras-de-alportel\/ambiente\/10\/30\/\" \/>\n<meta property=\"og:site_name\" content=\"Algarve 7\" \/>\n<meta property=\"article:publisher\" content=\"https:\/\/www.facebook.com\/algarve7\" \/>\n<meta property=\"article:author\" content=\"https:\/\/www.facebook.com\/algarve7\" \/>\n<meta property=\"article:published_time\" content=\"2025-07-05T09:30:00+00:00\" \/>\n<meta property=\"og:image\" content=\"https:\/\/algarve7.pt\/wp-content\/uploads\/2025\/07\/Protocolo_exercito_SBA-2.jpeg\" \/>\n\t<meta property=\"og:image:width\" content=\"800\" \/>\n\t<meta property=\"og:image:height\" content=\"500\" \/>\n\t<meta property=\"og:image:type\" content=\"image\/jpeg\" \/>\n<meta name=\"author\" content=\"Algarve 7\" \/>\n<meta name=\"twitter:card\" content=\"summary_large_image\" \/>\n<meta name=\"twitter:creator\" content=\"@Algarvesete\" \/>\n<meta name=\"twitter:site\" content=\"@Algarvesete\" \/>\n<meta name=\"twitter:label1\" content=\"Escrito por\" \/>\n\t<meta name=\"twitter:data1\" content=\"Algarve 7\" \/>\n\t<meta name=\"twitter:label2\" content=\"Tempo estimado de leitura\" \/>\n\t<meta name=\"twitter:data2\" content=\"2 minutos\" \/>\n<script type=\"application\/ld+json\" class=\"yoast-schema-graph\">{\"@context\":\"https:\\\/\\\/schema.org\",\"@graph\":[{\"@type\":\"Article\",\"@id\":\"https:\\\/\\\/algarve7.pt\\\/index.php\\\/2025\\\/07\\\/patrulhas-do-exercito-reforcam-seguranca-na-serra-de-sao-bras-de-alportel\\\/ambiente\\\/10\\\/30\\\/#article\",\"isPartOf\":{\"@id\":\"https:\\\/\\\/algarve7.pt\\\/index.php\\\/2025\\\/07\\\/patrulhas-do-exercito-reforcam-seguranca-na-serra-de-sao-bras-de-alportel\\\/ambiente\\\/10\\\/30\\\/\"},\"author\":{\"name\":\"Algarve 7\",\"@id\":\"https:\\\/\\\/algarve7.pt\\\/#\\\/schema\\\/person\\\/23fa70681308e7b319a3204bcea45e0c\"},\"headline\":\"Patrulhas do Ex\u00e9rcito refor\u00e7am seguran\u00e7a na Serra de S\u00e3o Br\u00e1s de Alportel\",\"datePublished\":\"2025-07-05T09:30:00+00:00\",\"mainEntityOfPage\":{\"@id\":\"https:\\\/\\\/algarve7.pt\\\/index.php\\\/2025\\\/07\\\/patrulhas-do-exercito-reforcam-seguranca-na-serra-de-sao-bras-de-alportel\\\/ambiente\\\/10\\\/30\\\/\"},\"wordCount\":350,\"publisher\":{\"@id\":\"https:\\\/\\\/algarve7.pt\\\/#organization\"},\"image\":{\"@id\":\"https:\\\/\\\/algarve7.pt\\\/index.php\\\/2025\\\/07\\\/patrulhas-do-exercito-reforcam-seguranca-na-serra-de-sao-bras-de-alportel\\\/ambiente\\\/10\\\/30\\\/#primaryimage\"},\"thumbnailUrl\":\"https:\\\/\\\/algarve7.pt\\\/wp-content\\\/uploads\\\/2025\\\/07\\\/Protocolo_exercito_SBA-2.jpeg\",\"keywords\":[\"Algarve\",\"Ambiente\",\"S\u00e3o Br\u00e1s de Alportel\"],\"articleSection\":[\"Ambiente\"],\"inLanguage\":\"pt-PT\"},{\"@type\":\"WebPage\",\"@id\":\"https:\\\/\\\/algarve7.pt\\\/index.php\\\/2025\\\/07\\\/patrulhas-do-exercito-reforcam-seguranca-na-serra-de-sao-bras-de-alportel\\\/ambiente\\\/10\\\/30\\\/\",\"url\":\"https:\\\/\\\/algarve7.pt\\\/index.php\\\/2025\\\/07\\\/patrulhas-do-exercito-reforcam-seguranca-na-serra-de-sao-bras-de-alportel\\\/ambiente\\\/10\\\/30\\\/\",\"name\":\"Patrulhas do Ex\u00e9rcito refor\u00e7am seguran\u00e7a na Serra de S\u00e3o Br\u00e1s de Alportel - Algarve 7\",\"isPartOf\":{\"@id\":\"https:\\\/\\\/algarve7.pt\\\/#website\"},\"primaryImageOfPage\":{\"@id\":\"https:\\\/\\\/algarve7.pt\\\/index.php\\\/2025\\\/07\\\/patrulhas-do-exercito-reforcam-seguranca-na-serra-de-sao-bras-de-alportel\\\/ambiente\\\/10\\\/30\\\/#primaryimage\"},\"image\":{\"@id\":\"https:\\\/\\\/algarve7.pt\\\/index.php\\\/2025\\\/07\\\/patrulhas-do-exercito-reforcam-seguranca-na-serra-de-sao-bras-de-alportel\\\/ambiente\\\/10\\\/30\\\/#primaryimage\"},\"thumbnailUrl\":\"https:\\\/\\\/algarve7.pt\\\/wp-content\\\/uploads\\\/2025\\\/07\\\/Protocolo_exercito_SBA-2.jpeg\",\"datePublished\":\"2025-07-05T09:30:00+00:00\",\"description\":\"Patrulhas do Ex\u00e9rcito refor\u00e7am seguran\u00e7a na Serra de S\u00e3o Br\u00e1s de Alportel Ambiente\",\"breadcrumb\":{\"@id\":\"https:\\\/\\\/algarve7.pt\\\/index.php\\\/2025\\\/07\\\/patrulhas-do-exercito-reforcam-seguranca-na-serra-de-sao-bras-de-alportel\\\/ambiente\\\/10\\\/30\\\/#breadcrumb\"},\"inLanguage\":\"pt-PT\",\"potentialAction\":[{\"@type\":\"ReadAction\",\"target\":[\"https:\\\/\\\/algarve7.pt\\\/index.php\\\/2025\\\/07\\\/patrulhas-do-exercito-reforcam-seguranca-na-serra-de-sao-bras-de-alportel\\\/ambiente\\\/10\\\/30\\\/\"]}]},{\"@type\":\"ImageObject\",\"inLanguage\":\"pt-PT\",\"@id\":\"https:\\\/\\\/algarve7.pt\\\/index.php\\\/2025\\\/07\\\/patrulhas-do-exercito-reforcam-seguranca-na-serra-de-sao-bras-de-alportel\\\/ambiente\\\/10\\\/30\\\/#primaryimage\",\"url\":\"https:\\\/\\\/algarve7.pt\\\/wp-content\\\/uploads\\\/2025\\\/07\\\/Protocolo_exercito_SBA-2.jpeg\",\"contentUrl\":\"https:\\\/\\\/algarve7.pt\\\/wp-content\\\/uploads\\\/2025\\\/07\\\/Protocolo_exercito_SBA-2.jpeg\",\"width\":800,\"height\":500},{\"@type\":\"BreadcrumbList\",\"@id\":\"https:\\\/\\\/algarve7.pt\\\/index.php\\\/2025\\\/07\\\/patrulhas-do-exercito-reforcam-seguranca-na-serra-de-sao-bras-de-alportel\\\/ambiente\\\/10\\\/30\\\/#breadcrumb\",\"itemListElement\":[{\"@type\":\"ListItem\",\"position\":1,\"name\":\"In\u00edcio\",\"item\":\"https:\\\/\\\/algarve7.pt\\\/\"},{\"@type\":\"ListItem\",\"position\":2,\"name\":\"Patrulhas do Ex\u00e9rcito refor\u00e7am seguran\u00e7a na Serra de S\u00e3o Br\u00e1s de Alportel\"}]},{\"@type\":\"WebSite\",\"@id\":\"https:\\\/\\\/algarve7.pt\\\/#website\",\"url\":\"https:\\\/\\\/algarve7.pt\\\/\",\"name\":\"Algarve 7\",\"description\":\"Informa\u00e7\u00e3o sobre o Algarve\",\"publisher\":{\"@id\":\"https:\\\/\\\/algarve7.pt\\\/#organization\"},\"potentialAction\":[{\"@type\":\"SearchAction\",\"target\":{\"@type\":\"EntryPoint\",\"urlTemplate\":\"https:\\\/\\\/algarve7.pt\\\/?s={search_term_string}\"},\"query-input\":{\"@type\":\"PropertyValueSpecification\",\"valueRequired\":true,\"valueName\":\"search_term_string\"}}],\"inLanguage\":\"pt-PT\"},{\"@type\":\"Organization\",\"@id\":\"https:\\\/\\\/algarve7.pt\\\/#organization\",\"name\":\"Algarve 7\",\"url\":\"https:\\\/\\\/algarve7.pt\\\/\",\"logo\":{\"@type\":\"ImageObject\",\"inLanguage\":\"pt-PT\",\"@id\":\"https:\\\/\\\/algarve7.pt\\\/#\\\/schema\\\/logo\\\/image\\\/\",\"url\":\"https:\\\/\\\/algarve7.pt\\\/wp-content\\\/uploads\\\/2020\\\/10\\\/Logo-8.jpg\",\"contentUrl\":\"https:\\\/\\\/algarve7.pt\\\/wp-content\\\/uploads\\\/2020\\\/10\\\/Logo-8.jpg\",\"width\":1680,\"height\":1186,\"caption\":\"Algarve 7\"},\"image\":{\"@id\":\"https:\\\/\\\/algarve7.pt\\\/#\\\/schema\\\/logo\\\/image\\\/\"},\"sameAs\":[\"https:\\\/\\\/www.facebook.com\\\/algarve7\",\"https:\\\/\\\/x.com\\\/Algarvesete\",\"https:\\\/\\\/www.instagram.com\\\/jornalalgarve7\\\/\",\"https:\\\/\\\/www.linkedin.com\\\/company\\\/algarve7\",\"https:\\\/\\\/www.pinterest.pt\\\/geral0939\\\/_created\\\/\"]},{\"@type\":\"Person\",\"@id\":\"https:\\\/\\\/algarve7.pt\\\/#\\\/schema\\\/person\\\/23fa70681308e7b319a3204bcea45e0c\",\"name\":\"Algarve 7\",\"sameAs\":[\"https:\\\/\\\/algarve7.pt\",\"https:\\\/\\\/www.facebook.com\\\/algarve7\"],\"url\":\"https:\\\/\\\/algarve7.pt\\\/index.php\\\/author\\\/geralalgarve7-pt\\\/\"}]}<\/script>\n<!-- \/ Yoast SEO plugin. -->","yoast_head_json":{"title":"Patrulhas do Ex\u00e9rcito refor\u00e7am seguran\u00e7a na Serra de S\u00e3o Br\u00e1s de Alportel - Algarve 7","description":"Patrulhas do Ex\u00e9rcito refor\u00e7am seguran\u00e7a na Serra de S\u00e3o Br\u00e1s de Alportel Ambiente","robots":{"index":"index","follow":"follow","max-snippet":"max-snippet:-1","max-image-preview":"max-image-preview:large","max-video-preview":"max-video-preview:-1"},"canonical":"https:\/\/algarve7.pt\/index.php\/2025\/07\/patrulhas-do-exercito-reforcam-seguranca-na-serra-de-sao-bras-de-alportel\/ambiente\/10\/30\/","og_locale":"pt_PT","og_type":"article","og_title":"Patrulhas do Ex\u00e9rcito refor\u00e7am seguran\u00e7a na Serra de S\u00e3o Br\u00e1s de Alportel - Algarve 7","og_description":"Patrulhas do Ex\u00e9rcito refor\u00e7am seguran\u00e7a na Serra de S\u00e3o Br\u00e1s de Alportel Ambiente","og_url":"https:\/\/algarve7.pt\/index.php\/2025\/07\/patrulhas-do-exercito-reforcam-seguranca-na-serra-de-sao-bras-de-alportel\/ambiente\/10\/30\/","og_site_name":"Algarve 7","article_publisher":"https:\/\/www.facebook.com\/algarve7","article_author":"https:\/\/www.facebook.com\/algarve7","article_published_time":"2025-07-05T09:30:00+00:00","og_image":[{"width":800,"height":500,"url":"https:\/\/algarve7.pt\/wp-content\/uploads\/2025\/07\/Protocolo_exercito_SBA-2.jpeg","type":"image\/jpeg"}],"author":"Algarve 7","twitter_card":"summary_large_image","twitter_creator":"@Algarvesete","twitter_site":"@Algarvesete","twitter_misc":{"Escrito por":"Algarve 7","Tempo estimado de leitura":"2 minutos"},"schema":{"@context":"https:\/\/schema.org","@graph":[{"@type":"Article","@id":"https:\/\/algarve7.pt\/index.php\/2025\/07\/patrulhas-do-exercito-reforcam-seguranca-na-serra-de-sao-bras-de-alportel\/ambiente\/10\/30\/#article","isPartOf":{"@id":"https:\/\/algarve7.pt\/index.php\/2025\/07\/patrulhas-do-exercito-reforcam-seguranca-na-serra-de-sao-bras-de-alportel\/ambiente\/10\/30\/"},"author":{"name":"Algarve 7","@id":"https:\/\/algarve7.pt\/#\/schema\/person\/23fa70681308e7b319a3204bcea45e0c"},"headline":"Patrulhas do Ex\u00e9rcito refor\u00e7am seguran\u00e7a na Serra de S\u00e3o Br\u00e1s de Alportel","datePublished":"2025-07-05T09:30:00+00:00","mainEntityOfPage":{"@id":"https:\/\/algarve7.pt\/index.php\/2025\/07\/patrulhas-do-exercito-reforcam-seguranca-na-serra-de-sao-bras-de-alportel\/ambiente\/10\/30\/"},"wordCount":350,"publisher":{"@id":"https:\/\/algarve7.pt\/#organization"},"image":{"@id":"https:\/\/algarve7.pt\/index.php\/2025\/07\/patrulhas-do-exercito-reforcam-seguranca-na-serra-de-sao-bras-de-alportel\/ambiente\/10\/30\/#primaryimage"},"thumbnailUrl":"https:\/\/algarve7.pt\/wp-content\/uploads\/2025\/07\/Protocolo_exercito_SBA-2.jpeg","keywords":["Algarve","Ambiente","S\u00e3o Br\u00e1s de Alportel"],"articleSection":["Ambiente"],"inLanguage":"pt-PT"},{"@type":"WebPage","@id":"https:\/\/algarve7.pt\/index.php\/2025\/07\/patrulhas-do-exercito-reforcam-seguranca-na-serra-de-sao-bras-de-alportel\/ambiente\/10\/30\/","url":"https:\/\/algarve7.pt\/index.php\/2025\/07\/patrulhas-do-exercito-reforcam-seguranca-na-serra-de-sao-bras-de-alportel\/ambiente\/10\/30\/","name":"Patrulhas do Ex\u00e9rcito refor\u00e7am seguran\u00e7a na Serra de S\u00e3o Br\u00e1s de Alportel - Algarve 7","isPartOf":{"@id":"https:\/\/algarve7.pt\/#website"},"primaryImageOfPage":{"@id":"https:\/\/algarve7.pt\/index.php\/2025\/07\/patrulhas-do-exercito-reforcam-seguranca-na-serra-de-sao-bras-de-alportel\/ambiente\/10\/30\/#primaryimage"},"image":{"@id":"https:\/\/algarve7.pt\/index.php\/2025\/07\/patrulhas-do-exercito-reforcam-seguranca-na-serra-de-sao-bras-de-alportel\/ambiente\/10\/30\/#primaryimage"},"thumbnailUrl":"https:\/\/algarve7.pt\/wp-content\/uploads\/2025\/07\/Protocolo_exercito_SBA-2.jpeg","datePublished":"2025-07-05T09:30:00+00:00","description":"Patrulhas do Ex\u00e9rcito refor\u00e7am seguran\u00e7a na Serra de S\u00e3o Br\u00e1s de Alportel Ambiente","breadcrumb":{"@id":"https:\/\/algarve7.pt\/index.php\/2025\/07\/patrulhas-do-exercito-reforcam-seguranca-na-serra-de-sao-bras-de-alportel\/ambiente\/10\/30\/#breadcrumb"},"inLanguage":"pt-PT","potentialAction":[{"@type":"ReadAction","target":["https:\/\/algarve7.pt\/index.php\/2025\/07\/patrulhas-do-exercito-reforcam-seguranca-na-serra-de-sao-bras-de-alportel\/ambiente\/10\/30\/"]}]},{"@type":"ImageObject","inLanguage":"pt-PT","@id":"https:\/\/algarve7.pt\/index.php\/2025\/07\/patrulhas-do-exercito-reforcam-seguranca-na-serra-de-sao-bras-de-alportel\/ambiente\/10\/30\/#primaryimage","url":"https:\/\/algarve7.pt\/wp-content\/uploads\/2025\/07\/Protocolo_exercito_SBA-2.jpeg","contentUrl":"https:\/\/algarve7.pt\/wp-content\/uploads\/2025\/07\/Protocolo_exercito_SBA-2.jpeg","width":800,"height":500},{"@type":"BreadcrumbList","@id":"https:\/\/algarve7.pt\/index.php\/2025\/07\/patrulhas-do-exercito-reforcam-seguranca-na-serra-de-sao-bras-de-alportel\/ambiente\/10\/30\/#breadcrumb","itemListElement":[{"@type":"ListItem","position":1,"name":"In\u00edcio","item":"https:\/\/algarve7.pt\/"},{"@type":"ListItem","position":2,"name":"Patrulhas do Ex\u00e9rcito refor\u00e7am seguran\u00e7a na Serra de S\u00e3o Br\u00e1s de Alportel"}]},{"@type":"WebSite","@id":"https:\/\/algarve7.pt\/#website","url":"https:\/\/algarve7.pt\/","name":"Algarve 7","description":"Informa\u00e7\u00e3o sobre o Algarve","publisher":{"@id":"https:\/\/algarve7.pt\/#organization"},"potentialAction":[{"@type":"SearchAction","target":{"@type":"EntryPoint","urlTemplate":"https:\/\/algarve7.pt\/?s={search_term_string}"},"query-input":{"@type":"PropertyValueSpecification","valueRequired":true,"valueName":"search_term_string"}}],"inLanguage":"pt-PT"},{"@type":"Organization","@id":"https:\/\/algarve7.pt\/#organization","name":"Algarve 7","url":"https:\/\/algarve7.pt\/","logo":{"@type":"ImageObject","inLanguage":"pt-PT","@id":"https:\/\/algarve7.pt\/#\/schema\/logo\/image\/","url":"https:\/\/algarve7.pt\/wp-content\/uploads\/2020\/10\/Logo-8.jpg","contentUrl":"https:\/\/algarve7.pt\/wp-content\/uploads\/2020\/10\/Logo-8.jpg","width":1680,"height":1186,"caption":"Algarve 7"},"image":{"@id":"https:\/\/algarve7.pt\/#\/schema\/logo\/image\/"},"sameAs":["https:\/\/www.facebook.com\/algarve7","https:\/\/x.com\/Algarvesete","https:\/\/www.instagram.com\/jornalalgarve7\/","https:\/\/www.linkedin.com\/company\/algarve7","https:\/\/www.pinterest.pt\/geral0939\/_created\/"]},{"@type":"Person","@id":"https:\/\/algarve7.pt\/#\/schema\/person\/23fa70681308e7b319a3204bcea45e0c","name":"Algarve 7","sameAs":["https:\/\/algarve7.pt","https:\/\/www.facebook.com\/algarve7"],"url":"https:\/\/algarve7.pt\/index.php\/author\/geralalgarve7-pt\/"}]}},"jetpack_publicize_connections":[],"jetpack_featured_media_url":"https:\/\/algarve7.pt\/wp-content\/uploads\/2025\/07\/Protocolo_exercito_SBA-2.jpeg","jetpack_shortlink":"https:\/\/wp.me\/pcezmW-dz0","jetpack_sharing_enabled":true,"_links":{"self":[{"href":"https:\/\/algarve7.pt\/index.php\/wp-json\/wp\/v2\/posts\/52142","targetHints":{"allow":["GET"]}}],"collection":[{"href":"https:\/\/algarve7.pt\/index.php\/wp-json\/wp\/v2\/posts"}],"about":[{"href":"https:\/\/algarve7.pt\/index.php\/wp-json\/wp\/v2\/types\/post"}],"author":[{"embeddable":true,"href":"https:\/\/algarve7.pt\/index.php\/wp-json\/wp\/v2\/users\/1"}],"replies":[{"embeddable":true,"href":"https:\/\/algarve7.pt\/index.php\/wp-json\/wp\/v2\/comments?post=52142"}],"version-history":[{"count":0,"href":"https:\/\/algarve7.pt\/index.php\/wp-json\/wp\/v2\/posts\/52142\/revisions"}],"wp:featuredmedia":[{"embeddable":true,"href":"https:\/\/algarve7.pt\/index.php\/wp-json\/wp\/v2\/media\/52143"}],"wp:attachment":[{"href":"https:\/\/algarve7.pt\/index.php\/wp-json\/wp\/v2\/media?parent=52142"}],"wp:term":[{"taxonomy":"category","embeddable":true,"href":"https:\/\/algarve7.pt\/index.php\/wp-json\/wp\/v2\/categories?post=52142"},{"taxonomy":"post_tag","embeddable":true,"href":"https:\/\/algarve7.pt\/index.php\/wp-json\/wp\/v2\/tags?post=52142"}],"curies":[{"name":"wp","href":"https:\/\/api.w.org\/{rel}","templated":true}]}}