{"id":52090,"date":"2025-07-04T08:00:00","date_gmt":"2025-07-04T07:00:00","guid":{"rendered":"https:\/\/algarve7.pt\/?p=52090"},"modified":"2025-07-03T13:09:33","modified_gmt":"2025-07-03T12:09:33","slug":"premio-cinco-estrelas-volta-a-distinguir-projeto-municipal-de-lagos","status":"publish","type":"post","link":"https:\/\/algarve7.pt\/index.php\/2025\/07\/premio-cinco-estrelas-volta-a-distinguir-projeto-municipal-de-lagos\/atualidade\/08\/00\/","title":{"rendered":"Pr\u00e9mio Cinco Estrelas volta a distinguir projeto municipal de Lagos"},"content":{"rendered":"\n<p><strong>O munic\u00edpio de Lagos marcou presen\u00e7a na cerim\u00f3nia oficial de entrega dos Pr\u00e9mios Cinco Estrelas Regi\u00f5es 2025, que decorreu no passado dia 27 de junho, no emblem\u00e1tico Espa\u00e7o Miguel Torga, em Sabrosa, na pessoa da vereadora Sandra Oliveira, que det\u00e9m o pelouro do Empreendedorismo, tendo sido acompanhada por um elemento do Servi\u00e7o de Empreendedorismo e Turismo e por um representante da (A)Garra \u2013 Associa\u00e7\u00e3o Jovem de Lagos. Pelo 3.\u00ba ano consecutivo, o Espa\u00e7o de Cowork Municipal \u2013 CoLagos \u00e9 distinguido como marca vencedora na categoria de Coworking da regi\u00e3o do Algarve, consolidando o reconhecimento do trabalho que tem vindo a ser desenvolvido pela entidade respons\u00e1vel pela gest\u00e3o e dinamiza\u00e7\u00e3o do espa\u00e7o, a (A)Garra, em prol da inova\u00e7\u00e3o, empreendedorismo e apoio \u00e0 comunidade local.<\/strong><\/p>\n\n\n\n<p>A cerim\u00f3nia contou com um programa diversificado, o qual contemplou uma rece\u00e7\u00e3o aos participantes com visita ao Museu e \u00e0 Casa Miguel Torga, a entrega de trof\u00e9us aos \u00edcones regionais eleitos pela popula\u00e7\u00e3o e a distin\u00e7\u00e3o das marcas vencedoras por categoria por via das escolhas dos consumidores, uma&nbsp;<em>talk<\/em>&nbsp;inspiradora conduzida por Yvan Mendes, autor do projeto \u201cViajar em Portugal\u201d, e v\u00e1rios momentos de conv\u00edvio,&nbsp;<em>networking<\/em>&nbsp;e valoriza\u00e7\u00e3o da gastronomia local, com degusta\u00e7\u00f5es de produtos t\u00edpicos da regi\u00e3o.<\/p>\n\n\n\n<p>O Pr\u00e9mio Cinco Estrelas Regi\u00f5es \u00e9 um sistema de avalia\u00e7\u00e3o que mede o grau de satisfa\u00e7\u00e3o dos consumidores relativamente a produtos, servi\u00e7os e marcas de origem portuguesa. Os crit\u00e9rios de avalia\u00e7\u00e3o \u2013 como a confian\u00e7a, inova\u00e7\u00e3o e rela\u00e7\u00e3o qualidade-pre\u00e7o \u2013 tornam esta distin\u00e7\u00e3o uma refer\u00eancia de excel\u00eancia a n\u00edvel nacional. Com uma metodologia rigorosa e transparente, este pr\u00e9mio afirma-se como o mais reconhecido entre os selos de avalia\u00e7\u00e3o nacionais, sendo identificado espontaneamente por 34,8% dos inquiridos. Para os consumidores, o selo \u201cPr\u00e9mio Cinco Estrelas\u201d representa uma garantia de qualidade e confian\u00e7a nas suas escolhas de consumo. Para as marcas vencedoras, como o CoLagos, este reconhecimento traduz-se numa ferramenta valiosa de comunica\u00e7\u00e3o, diferencia\u00e7\u00e3o no mercado e valoriza\u00e7\u00e3o junto das comunidades.<\/p>\n\n\n\n<p>Entre os principais benef\u00edcios para os vencedores, destaca-se a possibilidade de utiliza\u00e7\u00e3o do selo \u201cPr\u00e9mio Cinco Estrelas\u201d em todas as plataformas de comunica\u00e7\u00e3o durante 12 meses, o acesso a um plano de comunica\u00e7\u00e3o (TV, r\u00e1dio, imprensa, digital), bem como um relat\u00f3rio completo de&nbsp;<em>benchmarking<\/em>&nbsp;com dados do setor.<\/p>\n\n\n\n<p>Os resultados alcan\u00e7ados e as sucessivas conquistas realizadas pelo CoLagos vincam o compromisso e a sustentabilidade do projeto e o sucesso da forte aposta estrat\u00e9gica do munic\u00edpio no empreendedorismo, na cria\u00e7\u00e3o de espa\u00e7os modernos, funcionais e integrados na comunidade, que contribuem para o desenvolvimento econ\u00f3mico, social e criativo do territ\u00f3rio e da regi\u00e3o.<\/p>\n","protected":false},"excerpt":{"rendered":"<p>O munic\u00edpio de Lagos marcou presen\u00e7a na cerim\u00f3nia oficial de entrega dos Pr\u00e9mios Cinco Estrelas Regi\u00f5es 2025, que decorreu no<\/p>\n","protected":false},"author":1,"featured_media":52091,"comment_status":"closed","ping_status":"closed","sticky":false,"template":"","format":"standard","meta":{"colormag_page_container_layout":"default_layout","colormag_page_sidebar_layout":"default_layout","_monsterinsights_skip_tracking":false,"_monsterinsights_sitenote_active":false,"_monsterinsights_sitenote_note":"","_monsterinsights_sitenote_category":0,"jetpack_post_was_ever_published":false,"_jetpack_newsletter_access":"","_jetpack_dont_email_post_to_subs":false,"_jetpack_newsletter_tier_id":0,"_jetpack_memberships_contains_paywalled_content":false,"_jetpack_memberships_contains_paid_content":false,"footnotes":"","jetpack_publicize_message":"","jetpack_publicize_feature_enabled":true,"jetpack_social_post_already_shared":false,"jetpack_social_options":{"image_generator_settings":{"template":"highway","default_image_id":0,"font":"","enabled":false},"version":2}},"categories":[11],"tags":[36,62,68],"class_list":["post-52090","post","type-post","status-publish","format-standard","has-post-thumbnail","hentry","category-atualidade","tag-algarve","tag-atualidade","tag-lagos"],"yoast_head":"<!-- This site is optimized with the Yoast SEO plugin v27.5 - https:\/\/yoast.com\/product\/yoast-seo-wordpress\/ -->\n<title>Pr\u00e9mio Cinco Estrelas volta a distinguir projeto municipal de Lagos - Algarve 7<\/title>\n<meta name=\"description\" content=\"Pr\u00e9mio Cinco Estrelas volta a distinguir projeto municipal de Lagos Atualidade\" \/>\n<meta name=\"robots\" content=\"index, follow, max-snippet:-1, max-image-preview:large, max-video-preview:-1\" \/>\n<link rel=\"canonical\" href=\"https:\/\/algarve7.pt\/index.php\/2025\/07\/premio-cinco-estrelas-volta-a-distinguir-projeto-municipal-de-lagos\/atualidade\/08\/00\/\" \/>\n<meta property=\"og:locale\" content=\"pt_PT\" \/>\n<meta property=\"og:type\" content=\"article\" \/>\n<meta property=\"og:title\" content=\"Pr\u00e9mio Cinco Estrelas volta a distinguir projeto municipal de Lagos - Algarve 7\" \/>\n<meta property=\"og:description\" content=\"Pr\u00e9mio Cinco Estrelas volta a distinguir projeto municipal de Lagos Atualidade\" \/>\n<meta property=\"og:url\" content=\"https:\/\/algarve7.pt\/index.php\/2025\/07\/premio-cinco-estrelas-volta-a-distinguir-projeto-municipal-de-lagos\/atualidade\/08\/00\/\" \/>\n<meta property=\"og:site_name\" content=\"Algarve 7\" \/>\n<meta property=\"article:publisher\" content=\"https:\/\/www.facebook.com\/algarve7\" \/>\n<meta property=\"article:author\" content=\"https:\/\/www.facebook.com\/algarve7\" \/>\n<meta property=\"article:published_time\" content=\"2025-07-04T07:00:00+00:00\" \/>\n<meta property=\"og:image\" content=\"https:\/\/algarve7.pt\/wp-content\/uploads\/2025\/07\/Premio-5-Estrelas-Regioes-Lagos.jpg\" \/>\n\t<meta property=\"og:image:width\" content=\"800\" \/>\n\t<meta property=\"og:image:height\" content=\"500\" \/>\n\t<meta property=\"og:image:type\" content=\"image\/jpeg\" \/>\n<meta name=\"author\" content=\"Algarve 7\" \/>\n<meta name=\"twitter:card\" content=\"summary_large_image\" \/>\n<meta name=\"twitter:creator\" content=\"@Algarvesete\" \/>\n<meta name=\"twitter:site\" content=\"@Algarvesete\" \/>\n<meta name=\"twitter:label1\" content=\"Escrito por\" \/>\n\t<meta name=\"twitter:data1\" content=\"Algarve 7\" \/>\n\t<meta name=\"twitter:label2\" content=\"Tempo estimado de leitura\" \/>\n\t<meta name=\"twitter:data2\" content=\"3 minutos\" \/>\n<script type=\"application\/ld+json\" class=\"yoast-schema-graph\">{\"@context\":\"https:\\\/\\\/schema.org\",\"@graph\":[{\"@type\":\"Article\",\"@id\":\"https:\\\/\\\/algarve7.pt\\\/index.php\\\/2025\\\/07\\\/premio-cinco-estrelas-volta-a-distinguir-projeto-municipal-de-lagos\\\/atualidade\\\/08\\\/00\\\/#article\",\"isPartOf\":{\"@id\":\"https:\\\/\\\/algarve7.pt\\\/index.php\\\/2025\\\/07\\\/premio-cinco-estrelas-volta-a-distinguir-projeto-municipal-de-lagos\\\/atualidade\\\/08\\\/00\\\/\"},\"author\":{\"name\":\"Algarve 7\",\"@id\":\"https:\\\/\\\/algarve7.pt\\\/#\\\/schema\\\/person\\\/23fa70681308e7b319a3204bcea45e0c\"},\"headline\":\"Pr\u00e9mio Cinco Estrelas volta a distinguir projeto municipal de Lagos\",\"datePublished\":\"2025-07-04T07:00:00+00:00\",\"mainEntityOfPage\":{\"@id\":\"https:\\\/\\\/algarve7.pt\\\/index.php\\\/2025\\\/07\\\/premio-cinco-estrelas-volta-a-distinguir-projeto-municipal-de-lagos\\\/atualidade\\\/08\\\/00\\\/\"},\"wordCount\":492,\"publisher\":{\"@id\":\"https:\\\/\\\/algarve7.pt\\\/#organization\"},\"image\":{\"@id\":\"https:\\\/\\\/algarve7.pt\\\/index.php\\\/2025\\\/07\\\/premio-cinco-estrelas-volta-a-distinguir-projeto-municipal-de-lagos\\\/atualidade\\\/08\\\/00\\\/#primaryimage\"},\"thumbnailUrl\":\"https:\\\/\\\/algarve7.pt\\\/wp-content\\\/uploads\\\/2025\\\/07\\\/Premio-5-Estrelas-Regioes-Lagos.jpg\",\"keywords\":[\"Algarve\",\"Atualidade\",\"Lagos\"],\"articleSection\":[\"Atualidade\"],\"inLanguage\":\"pt-PT\"},{\"@type\":\"WebPage\",\"@id\":\"https:\\\/\\\/algarve7.pt\\\/index.php\\\/2025\\\/07\\\/premio-cinco-estrelas-volta-a-distinguir-projeto-municipal-de-lagos\\\/atualidade\\\/08\\\/00\\\/\",\"url\":\"https:\\\/\\\/algarve7.pt\\\/index.php\\\/2025\\\/07\\\/premio-cinco-estrelas-volta-a-distinguir-projeto-municipal-de-lagos\\\/atualidade\\\/08\\\/00\\\/\",\"name\":\"Pr\u00e9mio Cinco Estrelas volta a distinguir projeto municipal de Lagos - Algarve 7\",\"isPartOf\":{\"@id\":\"https:\\\/\\\/algarve7.pt\\\/#website\"},\"primaryImageOfPage\":{\"@id\":\"https:\\\/\\\/algarve7.pt\\\/index.php\\\/2025\\\/07\\\/premio-cinco-estrelas-volta-a-distinguir-projeto-municipal-de-lagos\\\/atualidade\\\/08\\\/00\\\/#primaryimage\"},\"image\":{\"@id\":\"https:\\\/\\\/algarve7.pt\\\/index.php\\\/2025\\\/07\\\/premio-cinco-estrelas-volta-a-distinguir-projeto-municipal-de-lagos\\\/atualidade\\\/08\\\/00\\\/#primaryimage\"},\"thumbnailUrl\":\"https:\\\/\\\/algarve7.pt\\\/wp-content\\\/uploads\\\/2025\\\/07\\\/Premio-5-Estrelas-Regioes-Lagos.jpg\",\"datePublished\":\"2025-07-04T07:00:00+00:00\",\"description\":\"Pr\u00e9mio Cinco Estrelas volta a distinguir projeto municipal de Lagos Atualidade\",\"breadcrumb\":{\"@id\":\"https:\\\/\\\/algarve7.pt\\\/index.php\\\/2025\\\/07\\\/premio-cinco-estrelas-volta-a-distinguir-projeto-municipal-de-lagos\\\/atualidade\\\/08\\\/00\\\/#breadcrumb\"},\"inLanguage\":\"pt-PT\",\"potentialAction\":[{\"@type\":\"ReadAction\",\"target\":[\"https:\\\/\\\/algarve7.pt\\\/index.php\\\/2025\\\/07\\\/premio-cinco-estrelas-volta-a-distinguir-projeto-municipal-de-lagos\\\/atualidade\\\/08\\\/00\\\/\"]}]},{\"@type\":\"ImageObject\",\"inLanguage\":\"pt-PT\",\"@id\":\"https:\\\/\\\/algarve7.pt\\\/index.php\\\/2025\\\/07\\\/premio-cinco-estrelas-volta-a-distinguir-projeto-municipal-de-lagos\\\/atualidade\\\/08\\\/00\\\/#primaryimage\",\"url\":\"https:\\\/\\\/algarve7.pt\\\/wp-content\\\/uploads\\\/2025\\\/07\\\/Premio-5-Estrelas-Regioes-Lagos.jpg\",\"contentUrl\":\"https:\\\/\\\/algarve7.pt\\\/wp-content\\\/uploads\\\/2025\\\/07\\\/Premio-5-Estrelas-Regioes-Lagos.jpg\",\"width\":800,\"height\":500},{\"@type\":\"BreadcrumbList\",\"@id\":\"https:\\\/\\\/algarve7.pt\\\/index.php\\\/2025\\\/07\\\/premio-cinco-estrelas-volta-a-distinguir-projeto-municipal-de-lagos\\\/atualidade\\\/08\\\/00\\\/#breadcrumb\",\"itemListElement\":[{\"@type\":\"ListItem\",\"position\":1,\"name\":\"In\u00edcio\",\"item\":\"https:\\\/\\\/algarve7.pt\\\/\"},{\"@type\":\"ListItem\",\"position\":2,\"name\":\"Pr\u00e9mio Cinco Estrelas volta a distinguir projeto municipal de Lagos\"}]},{\"@type\":\"WebSite\",\"@id\":\"https:\\\/\\\/algarve7.pt\\\/#website\",\"url\":\"https:\\\/\\\/algarve7.pt\\\/\",\"name\":\"Algarve 7\",\"description\":\"Informa\u00e7\u00e3o sobre o Algarve\",\"publisher\":{\"@id\":\"https:\\\/\\\/algarve7.pt\\\/#organization\"},\"potentialAction\":[{\"@type\":\"SearchAction\",\"target\":{\"@type\":\"EntryPoint\",\"urlTemplate\":\"https:\\\/\\\/algarve7.pt\\\/?s={search_term_string}\"},\"query-input\":{\"@type\":\"PropertyValueSpecification\",\"valueRequired\":true,\"valueName\":\"search_term_string\"}}],\"inLanguage\":\"pt-PT\"},{\"@type\":\"Organization\",\"@id\":\"https:\\\/\\\/algarve7.pt\\\/#organization\",\"name\":\"Algarve 7\",\"url\":\"https:\\\/\\\/algarve7.pt\\\/\",\"logo\":{\"@type\":\"ImageObject\",\"inLanguage\":\"pt-PT\",\"@id\":\"https:\\\/\\\/algarve7.pt\\\/#\\\/schema\\\/logo\\\/image\\\/\",\"url\":\"https:\\\/\\\/algarve7.pt\\\/wp-content\\\/uploads\\\/2020\\\/10\\\/Logo-8.jpg\",\"contentUrl\":\"https:\\\/\\\/algarve7.pt\\\/wp-content\\\/uploads\\\/2020\\\/10\\\/Logo-8.jpg\",\"width\":1680,\"height\":1186,\"caption\":\"Algarve 7\"},\"image\":{\"@id\":\"https:\\\/\\\/algarve7.pt\\\/#\\\/schema\\\/logo\\\/image\\\/\"},\"sameAs\":[\"https:\\\/\\\/www.facebook.com\\\/algarve7\",\"https:\\\/\\\/x.com\\\/Algarvesete\",\"https:\\\/\\\/www.instagram.com\\\/jornalalgarve7\\\/\",\"https:\\\/\\\/www.linkedin.com\\\/company\\\/algarve7\",\"https:\\\/\\\/www.pinterest.pt\\\/geral0939\\\/_created\\\/\"]},{\"@type\":\"Person\",\"@id\":\"https:\\\/\\\/algarve7.pt\\\/#\\\/schema\\\/person\\\/23fa70681308e7b319a3204bcea45e0c\",\"name\":\"Algarve 7\",\"sameAs\":[\"https:\\\/\\\/algarve7.pt\",\"https:\\\/\\\/www.facebook.com\\\/algarve7\"],\"url\":\"https:\\\/\\\/algarve7.pt\\\/index.php\\\/author\\\/geralalgarve7-pt\\\/\"}]}<\/script>\n<!-- \/ Yoast SEO plugin. -->","yoast_head_json":{"title":"Pr\u00e9mio Cinco Estrelas volta a distinguir projeto municipal de Lagos - Algarve 7","description":"Pr\u00e9mio Cinco Estrelas volta a distinguir projeto municipal de Lagos Atualidade","robots":{"index":"index","follow":"follow","max-snippet":"max-snippet:-1","max-image-preview":"max-image-preview:large","max-video-preview":"max-video-preview:-1"},"canonical":"https:\/\/algarve7.pt\/index.php\/2025\/07\/premio-cinco-estrelas-volta-a-distinguir-projeto-municipal-de-lagos\/atualidade\/08\/00\/","og_locale":"pt_PT","og_type":"article","og_title":"Pr\u00e9mio Cinco Estrelas volta a distinguir projeto municipal de Lagos - Algarve 7","og_description":"Pr\u00e9mio Cinco Estrelas volta a distinguir projeto municipal de Lagos Atualidade","og_url":"https:\/\/algarve7.pt\/index.php\/2025\/07\/premio-cinco-estrelas-volta-a-distinguir-projeto-municipal-de-lagos\/atualidade\/08\/00\/","og_site_name":"Algarve 7","article_publisher":"https:\/\/www.facebook.com\/algarve7","article_author":"https:\/\/www.facebook.com\/algarve7","article_published_time":"2025-07-04T07:00:00+00:00","og_image":[{"width":800,"height":500,"url":"https:\/\/algarve7.pt\/wp-content\/uploads\/2025\/07\/Premio-5-Estrelas-Regioes-Lagos.jpg","type":"image\/jpeg"}],"author":"Algarve 7","twitter_card":"summary_large_image","twitter_creator":"@Algarvesete","twitter_site":"@Algarvesete","twitter_misc":{"Escrito por":"Algarve 7","Tempo estimado de leitura":"3 minutos"},"schema":{"@context":"https:\/\/schema.org","@graph":[{"@type":"Article","@id":"https:\/\/algarve7.pt\/index.php\/2025\/07\/premio-cinco-estrelas-volta-a-distinguir-projeto-municipal-de-lagos\/atualidade\/08\/00\/#article","isPartOf":{"@id":"https:\/\/algarve7.pt\/index.php\/2025\/07\/premio-cinco-estrelas-volta-a-distinguir-projeto-municipal-de-lagos\/atualidade\/08\/00\/"},"author":{"name":"Algarve 7","@id":"https:\/\/algarve7.pt\/#\/schema\/person\/23fa70681308e7b319a3204bcea45e0c"},"headline":"Pr\u00e9mio Cinco Estrelas volta a distinguir projeto municipal de Lagos","datePublished":"2025-07-04T07:00:00+00:00","mainEntityOfPage":{"@id":"https:\/\/algarve7.pt\/index.php\/2025\/07\/premio-cinco-estrelas-volta-a-distinguir-projeto-municipal-de-lagos\/atualidade\/08\/00\/"},"wordCount":492,"publisher":{"@id":"https:\/\/algarve7.pt\/#organization"},"image":{"@id":"https:\/\/algarve7.pt\/index.php\/2025\/07\/premio-cinco-estrelas-volta-a-distinguir-projeto-municipal-de-lagos\/atualidade\/08\/00\/#primaryimage"},"thumbnailUrl":"https:\/\/algarve7.pt\/wp-content\/uploads\/2025\/07\/Premio-5-Estrelas-Regioes-Lagos.jpg","keywords":["Algarve","Atualidade","Lagos"],"articleSection":["Atualidade"],"inLanguage":"pt-PT"},{"@type":"WebPage","@id":"https:\/\/algarve7.pt\/index.php\/2025\/07\/premio-cinco-estrelas-volta-a-distinguir-projeto-municipal-de-lagos\/atualidade\/08\/00\/","url":"https:\/\/algarve7.pt\/index.php\/2025\/07\/premio-cinco-estrelas-volta-a-distinguir-projeto-municipal-de-lagos\/atualidade\/08\/00\/","name":"Pr\u00e9mio Cinco Estrelas volta a distinguir projeto municipal de Lagos - Algarve 7","isPartOf":{"@id":"https:\/\/algarve7.pt\/#website"},"primaryImageOfPage":{"@id":"https:\/\/algarve7.pt\/index.php\/2025\/07\/premio-cinco-estrelas-volta-a-distinguir-projeto-municipal-de-lagos\/atualidade\/08\/00\/#primaryimage"},"image":{"@id":"https:\/\/algarve7.pt\/index.php\/2025\/07\/premio-cinco-estrelas-volta-a-distinguir-projeto-municipal-de-lagos\/atualidade\/08\/00\/#primaryimage"},"thumbnailUrl":"https:\/\/algarve7.pt\/wp-content\/uploads\/2025\/07\/Premio-5-Estrelas-Regioes-Lagos.jpg","datePublished":"2025-07-04T07:00:00+00:00","description":"Pr\u00e9mio Cinco Estrelas volta a distinguir projeto municipal de Lagos Atualidade","breadcrumb":{"@id":"https:\/\/algarve7.pt\/index.php\/2025\/07\/premio-cinco-estrelas-volta-a-distinguir-projeto-municipal-de-lagos\/atualidade\/08\/00\/#breadcrumb"},"inLanguage":"pt-PT","potentialAction":[{"@type":"ReadAction","target":["https:\/\/algarve7.pt\/index.php\/2025\/07\/premio-cinco-estrelas-volta-a-distinguir-projeto-municipal-de-lagos\/atualidade\/08\/00\/"]}]},{"@type":"ImageObject","inLanguage":"pt-PT","@id":"https:\/\/algarve7.pt\/index.php\/2025\/07\/premio-cinco-estrelas-volta-a-distinguir-projeto-municipal-de-lagos\/atualidade\/08\/00\/#primaryimage","url":"https:\/\/algarve7.pt\/wp-content\/uploads\/2025\/07\/Premio-5-Estrelas-Regioes-Lagos.jpg","contentUrl":"https:\/\/algarve7.pt\/wp-content\/uploads\/2025\/07\/Premio-5-Estrelas-Regioes-Lagos.jpg","width":800,"height":500},{"@type":"BreadcrumbList","@id":"https:\/\/algarve7.pt\/index.php\/2025\/07\/premio-cinco-estrelas-volta-a-distinguir-projeto-municipal-de-lagos\/atualidade\/08\/00\/#breadcrumb","itemListElement":[{"@type":"ListItem","position":1,"name":"In\u00edcio","item":"https:\/\/algarve7.pt\/"},{"@type":"ListItem","position":2,"name":"Pr\u00e9mio Cinco Estrelas volta a distinguir projeto municipal de Lagos"}]},{"@type":"WebSite","@id":"https:\/\/algarve7.pt\/#website","url":"https:\/\/algarve7.pt\/","name":"Algarve 7","description":"Informa\u00e7\u00e3o sobre o Algarve","publisher":{"@id":"https:\/\/algarve7.pt\/#organization"},"potentialAction":[{"@type":"SearchAction","target":{"@type":"EntryPoint","urlTemplate":"https:\/\/algarve7.pt\/?s={search_term_string}"},"query-input":{"@type":"PropertyValueSpecification","valueRequired":true,"valueName":"search_term_string"}}],"inLanguage":"pt-PT"},{"@type":"Organization","@id":"https:\/\/algarve7.pt\/#organization","name":"Algarve 7","url":"https:\/\/algarve7.pt\/","logo":{"@type":"ImageObject","inLanguage":"pt-PT","@id":"https:\/\/algarve7.pt\/#\/schema\/logo\/image\/","url":"https:\/\/algarve7.pt\/wp-content\/uploads\/2020\/10\/Logo-8.jpg","contentUrl":"https:\/\/algarve7.pt\/wp-content\/uploads\/2020\/10\/Logo-8.jpg","width":1680,"height":1186,"caption":"Algarve 7"},"image":{"@id":"https:\/\/algarve7.pt\/#\/schema\/logo\/image\/"},"sameAs":["https:\/\/www.facebook.com\/algarve7","https:\/\/x.com\/Algarvesete","https:\/\/www.instagram.com\/jornalalgarve7\/","https:\/\/www.linkedin.com\/company\/algarve7","https:\/\/www.pinterest.pt\/geral0939\/_created\/"]},{"@type":"Person","@id":"https:\/\/algarve7.pt\/#\/schema\/person\/23fa70681308e7b319a3204bcea45e0c","name":"Algarve 7","sameAs":["https:\/\/algarve7.pt","https:\/\/www.facebook.com\/algarve7"],"url":"https:\/\/algarve7.pt\/index.php\/author\/geralalgarve7-pt\/"}]}},"jetpack_publicize_connections":[],"jetpack_featured_media_url":"https:\/\/algarve7.pt\/wp-content\/uploads\/2025\/07\/Premio-5-Estrelas-Regioes-Lagos.jpg","jetpack_shortlink":"https:\/\/wp.me\/pcezmW-dya","jetpack_sharing_enabled":true,"_links":{"self":[{"href":"https:\/\/algarve7.pt\/index.php\/wp-json\/wp\/v2\/posts\/52090","targetHints":{"allow":["GET"]}}],"collection":[{"href":"https:\/\/algarve7.pt\/index.php\/wp-json\/wp\/v2\/posts"}],"about":[{"href":"https:\/\/algarve7.pt\/index.php\/wp-json\/wp\/v2\/types\/post"}],"author":[{"embeddable":true,"href":"https:\/\/algarve7.pt\/index.php\/wp-json\/wp\/v2\/users\/1"}],"replies":[{"embeddable":true,"href":"https:\/\/algarve7.pt\/index.php\/wp-json\/wp\/v2\/comments?post=52090"}],"version-history":[{"count":0,"href":"https:\/\/algarve7.pt\/index.php\/wp-json\/wp\/v2\/posts\/52090\/revisions"}],"wp:featuredmedia":[{"embeddable":true,"href":"https:\/\/algarve7.pt\/index.php\/wp-json\/wp\/v2\/media\/52091"}],"wp:attachment":[{"href":"https:\/\/algarve7.pt\/index.php\/wp-json\/wp\/v2\/media?parent=52090"}],"wp:term":[{"taxonomy":"category","embeddable":true,"href":"https:\/\/algarve7.pt\/index.php\/wp-json\/wp\/v2\/categories?post=52090"},{"taxonomy":"post_tag","embeddable":true,"href":"https:\/\/algarve7.pt\/index.php\/wp-json\/wp\/v2\/tags?post=52090"}],"curies":[{"name":"wp","href":"https:\/\/api.w.org\/{rel}","templated":true}]}}