{"id":52072,"date":"2025-07-03T09:05:58","date_gmt":"2025-07-03T08:05:58","guid":{"rendered":"https:\/\/algarve7.pt\/?p=52072"},"modified":"2025-07-03T09:06:01","modified_gmt":"2025-07-03T08:06:01","slug":"mandato-termina-com-investimento-recorde-em-obras-publicas-em-albufeira","status":"publish","type":"post","link":"https:\/\/algarve7.pt\/index.php\/2025\/07\/mandato-termina-com-investimento-recorde-em-obras-publicas-em-albufeira\/atualidade\/09\/05\/","title":{"rendered":"Mandato termina com investimento recorde em obras p\u00fablicas em Albufeira"},"content":{"rendered":"\n<p>Com o final de mais um ciclo aut\u00e1rquico, chegou o momento de fazer o balan\u00e7o do mandato que entra agora na reta final. Foi isso mesmo que aconteceu esta tarde (02), no Sal\u00e3o Nobre dos Pa\u00e7os do Concelho de Albufeira, que se encheu para ouvir o presidente do Munic\u00edpio defender o \u201cmaior volume de investimento registado no concelho desde que h\u00e1 mem\u00f3ria\u201d.&nbsp;<\/p>\n\n\n\n<p>Jos\u00e9 Carlos Rolo come\u00e7ou por destacar as \u201cdificuldades excecionais que enfrent\u00e1mos nos \u00faltimos anos, fruto dos efeitos da pandemia, das consequ\u00eancias do aumento significativo da infla\u00e7\u00e3o, e da escassez de m\u00e3o de obra especializada\u201d. Embora reconhe\u00e7a que \u201cpersistem v\u00e1rios desafios a que \u00e9 necess\u00e1rio dar resposta\u201d, o autarca salientou \u201co enorme esfor\u00e7o levado a cabo pelo executivo para resolver car\u00eancias em \u00e1reas cr\u00edticas como a seguran\u00e7a, a a\u00e7\u00e3o social, a educa\u00e7\u00e3o, e a habita\u00e7\u00e3o\u201d.<\/p>\n\n\n\n<p>Na sess\u00e3o desta quarta-feira, foi apresentado o livro \u201cObras 2021-2025\u201d. O documento contempla informa\u00e7\u00e3o detalhada sobre todas as empreitadas realizadas ao longo dos \u00faltimos 4 anos, e est\u00e1 dividido em v\u00e1rias \u00e1reas setoriais. Com um investimento total de mais de 41 milh\u00f5es de euros, o setor \u201cEscolas e Equipamentos Escolares\u201d ocupa o topo da lista, seguido do montante canalizado para \u201cA\u00e7\u00e3o Social e Sa\u00fade\u201d (25 milh\u00f5es de euros), e Habita\u00e7\u00e3o (24 milh\u00f5es de euros). No total, foram investidos pelo Munic\u00edpio perto de 144 milh\u00f5es de euros nos \u00faltimos 4 anos.Da lista de 277 empreitadas constam diversos trabalhos de manuten\u00e7\u00e3o com car\u00e1ter regular, em infraestruturas ligadas \u00e0 rede vi\u00e1ria, ao abastecimento de \u00e1gua, ou aos espa\u00e7os desportivos do concelho. Neste \u00e2mbito, importa destacar obras como a requalifica\u00e7\u00e3o do Polidesportivo de Ferreiras, bem como o conjunto amplo de interven\u00e7\u00f5es em diversos espa\u00e7os p\u00fablicos do concelho \u2013 onde se insere, por exemplo, a constru\u00e7\u00e3o do Cemit\u00e9rios de Ferreiras (em fase de concurso p\u00fablico, com uma dota\u00e7\u00e3o or\u00e7amental superior a 1,5 milh\u00f5es de euros). Al\u00e9m disso, o cat\u00e1logo de empreitadas inclui tamb\u00e9m obras de car\u00e1ter estrutural que v\u00e3o permitir colmatar lacunas em setores fundamentais.&nbsp;<\/p>\n\n\n\n<p>Na Sa\u00fade, o destaque vai para a cria\u00e7\u00e3o da nova Unidade de Cuidados Continuados da Guia. Com um investimento superior a 4 milh\u00f5es de euros, a obra vai contribuir para duplicar a capacidade de presta\u00e7\u00e3o de cuidados de sa\u00fade a pessoas em situa\u00e7\u00e3o de depend\u00eancia. Os trabalhos j\u00e1 se encontram em curso, e espera-se que a conclus\u00e3o da obra ocorra at\u00e9 ao final de 2025, ano em que ser\u00e1 tamb\u00e9m lan\u00e7ado um novo concurso para a reabilita\u00e7\u00e3o do atual edif\u00edcio do Centro de Sa\u00fade de Albufeira, bem como para a edifica\u00e7\u00e3o de um novo bloco. A obra j\u00e1 est\u00e1 aprovada, e conta com um volume de financiamento a rondar os 7 milh\u00f5es de euros.&nbsp;<\/p>\n\n\n\n<p>J\u00e1 no que diz respeito \u00e0 A\u00e7\u00e3o Social, a aposta passou pela constru\u00e7\u00e3o do Lar, Creche e Centro de Dia de Olhos de \u00c1gua, conclu\u00edda em 2023. O investimento aproximou-se dos 6 milh\u00f5es de euros, ao qual se junta uma nova empreitada para constru\u00e7\u00e3o do Lar e Centro de Dia das Fontainhas, por um valor pr\u00f3ximo dos 8 milh\u00f5es de euros. Espera-se que, tamb\u00e9m neste caso, o equipamento esteja conclu\u00eddo at\u00e9 ao final do ano.<\/p>\n\n\n\n<p>Na Educa\u00e7\u00e3o, o per\u00edodo entre 2021 e 2025 coincidiu com a requalifica\u00e7\u00e3o de v\u00e1rios espa\u00e7os, com o objetivo de melhorar os equipamentos escolares e as condi\u00e7\u00f5es proporcionadas aos alunos do concelho. O setor foi mesmo o que maior volume de investimento recebeu, fruto dos trabalhos realizados em diversos estabelecimentos de ensino do concelho. O destaque vai para as interven\u00e7\u00f5es na Escola EB 2,3 Prof.\u00aa Diamantina Negr\u00e3o (com um investimento na ordem dos 2,3 milh\u00f5es de euros), e para a amplia\u00e7\u00e3o da Escola B\u00e1sica de Ferreiras (com a aloca\u00e7\u00e3o de 5,6 milh\u00f5es de euros). Prestes a entrar em fase de concurso, est\u00e1 tamb\u00e9m a empreitada de amplia\u00e7\u00e3o e remodela\u00e7\u00e3o da Escola Secund\u00e1ria de Albufeira, com uma dota\u00e7\u00e3o de 15 milh\u00f5es de euros.<\/p>\n\n\n\n<p>Num momento marcado pelo aumento dos custos de acesso \u00e0 habita\u00e7\u00e3o, o Munic\u00edpio procurou tamb\u00e9m refor\u00e7ar o investimento canalizado para esta \u00e1rea. Como consequ\u00eancia, encontram-se j\u00e1 habitados os 40 fogos constru\u00eddos na Ladeira da Fonte, em Paderne. A empreitada custou quase 5 milh\u00f5es de euros ao Munic\u00edpio, que tem j\u00e1 em marcha concursos p\u00fablicos para projetos de constru\u00e7\u00e3o nas Fontainhas (com um investimento de mais de 13 milh\u00f5es de euros), e na Quinta dos Barros (com quase 6 milh\u00f5es de euros previstos em or\u00e7amento).Para o presidente do executivo municipal, \u201co livro que hoje apresentamos \u00e9 mais do que um exerc\u00edcio de balan\u00e7o, \u00e9 mesmo um ato de transpar\u00eancia que devemos aos mun\u00edcipes\u201d. Jos\u00e9 Carlos Rolo admitiu que \u201ch\u00e1 ainda muito trabalho por fazer, e este livro \u00e9 tamb\u00e9m um ponto de partida para a discuss\u00e3o sobre o futuro do concelho, onde queremos incluir todos aqueles que se preocupam com os destinos da comunidade\u201d.<\/p>\n","protected":false},"excerpt":{"rendered":"<p>Com o final de mais um ciclo aut\u00e1rquico, chegou o momento de fazer o balan\u00e7o do mandato que entra agora<\/p>\n","protected":false},"author":1,"featured_media":52073,"comment_status":"closed","ping_status":"closed","sticky":false,"template":"","format":"standard","meta":{"colormag_page_container_layout":"default_layout","colormag_page_sidebar_layout":"default_layout","_monsterinsights_skip_tracking":false,"_monsterinsights_sitenote_active":false,"_monsterinsights_sitenote_note":"","_monsterinsights_sitenote_category":0,"jetpack_post_was_ever_published":false,"_jetpack_newsletter_access":"","_jetpack_dont_email_post_to_subs":false,"_jetpack_newsletter_tier_id":0,"_jetpack_memberships_contains_paywalled_content":false,"_jetpack_memberships_contains_paid_content":false,"footnotes":"","jetpack_publicize_message":"","jetpack_publicize_feature_enabled":true,"jetpack_social_post_already_shared":false,"jetpack_social_options":{"image_generator_settings":{"template":"highway","default_image_id":0,"font":"","enabled":false},"version":2}},"categories":[11],"tags":[155,36,62],"class_list":["post-52072","post","type-post","status-publish","format-standard","has-post-thumbnail","hentry","category-atualidade","tag-albufeira","tag-algarve","tag-atualidade"],"yoast_head":"<!-- This site is optimized with the Yoast SEO plugin v27.5 - https:\/\/yoast.com\/product\/yoast-seo-wordpress\/ -->\n<title>Mandato termina com investimento recorde em obras p\u00fablicas em Albufeira - Algarve 7<\/title>\n<meta name=\"description\" content=\"Mandato termina com investimento recorde em obras p\u00fablicas em Albufeira Atualidade\" \/>\n<meta name=\"robots\" content=\"index, follow, max-snippet:-1, max-image-preview:large, max-video-preview:-1\" \/>\n<link rel=\"canonical\" href=\"https:\/\/algarve7.pt\/index.php\/2025\/07\/mandato-termina-com-investimento-recorde-em-obras-publicas-em-albufeira\/atualidade\/09\/05\/\" \/>\n<meta property=\"og:locale\" content=\"pt_PT\" \/>\n<meta property=\"og:type\" content=\"article\" \/>\n<meta property=\"og:title\" content=\"Mandato termina com investimento recorde em obras p\u00fablicas em Albufeira - Algarve 7\" \/>\n<meta property=\"og:description\" content=\"Mandato termina com investimento recorde em obras p\u00fablicas em Albufeira Atualidade\" \/>\n<meta property=\"og:url\" content=\"https:\/\/algarve7.pt\/index.php\/2025\/07\/mandato-termina-com-investimento-recorde-em-obras-publicas-em-albufeira\/atualidade\/09\/05\/\" \/>\n<meta property=\"og:site_name\" content=\"Algarve 7\" \/>\n<meta property=\"article:publisher\" content=\"https:\/\/www.facebook.com\/algarve7\" \/>\n<meta property=\"article:author\" content=\"https:\/\/www.facebook.com\/algarve7\" \/>\n<meta property=\"article:published_time\" content=\"2025-07-03T08:05:58+00:00\" \/>\n<meta property=\"article:modified_time\" content=\"2025-07-03T08:06:01+00:00\" \/>\n<meta property=\"og:image\" content=\"https:\/\/algarve7.pt\/wp-content\/uploads\/2025\/07\/Captura-de-ecra-2025-07-03-as-09.02.44.png\" \/>\n\t<meta property=\"og:image:width\" content=\"800\" \/>\n\t<meta property=\"og:image:height\" content=\"520\" \/>\n\t<meta property=\"og:image:type\" content=\"image\/png\" \/>\n<meta name=\"author\" content=\"Algarve 7\" \/>\n<meta name=\"twitter:card\" content=\"summary_large_image\" \/>\n<meta name=\"twitter:creator\" content=\"@Algarvesete\" \/>\n<meta name=\"twitter:site\" content=\"@Algarvesete\" \/>\n<meta name=\"twitter:label1\" content=\"Escrito por\" \/>\n\t<meta name=\"twitter:data1\" content=\"Algarve 7\" \/>\n\t<meta name=\"twitter:label2\" content=\"Tempo estimado de leitura\" \/>\n\t<meta name=\"twitter:data2\" content=\"5 minutos\" \/>\n<script type=\"application\/ld+json\" class=\"yoast-schema-graph\">{\"@context\":\"https:\\\/\\\/schema.org\",\"@graph\":[{\"@type\":\"Article\",\"@id\":\"https:\\\/\\\/algarve7.pt\\\/index.php\\\/2025\\\/07\\\/mandato-termina-com-investimento-recorde-em-obras-publicas-em-albufeira\\\/atualidade\\\/09\\\/05\\\/#article\",\"isPartOf\":{\"@id\":\"https:\\\/\\\/algarve7.pt\\\/index.php\\\/2025\\\/07\\\/mandato-termina-com-investimento-recorde-em-obras-publicas-em-albufeira\\\/atualidade\\\/09\\\/05\\\/\"},\"author\":{\"name\":\"Algarve 7\",\"@id\":\"https:\\\/\\\/algarve7.pt\\\/#\\\/schema\\\/person\\\/23fa70681308e7b319a3204bcea45e0c\"},\"headline\":\"Mandato termina com investimento recorde em obras p\u00fablicas em Albufeira\",\"datePublished\":\"2025-07-03T08:05:58+00:00\",\"dateModified\":\"2025-07-03T08:06:01+00:00\",\"mainEntityOfPage\":{\"@id\":\"https:\\\/\\\/algarve7.pt\\\/index.php\\\/2025\\\/07\\\/mandato-termina-com-investimento-recorde-em-obras-publicas-em-albufeira\\\/atualidade\\\/09\\\/05\\\/\"},\"wordCount\":885,\"publisher\":{\"@id\":\"https:\\\/\\\/algarve7.pt\\\/#organization\"},\"image\":{\"@id\":\"https:\\\/\\\/algarve7.pt\\\/index.php\\\/2025\\\/07\\\/mandato-termina-com-investimento-recorde-em-obras-publicas-em-albufeira\\\/atualidade\\\/09\\\/05\\\/#primaryimage\"},\"thumbnailUrl\":\"https:\\\/\\\/algarve7.pt\\\/wp-content\\\/uploads\\\/2025\\\/07\\\/Captura-de-ecra-2025-07-03-as-09.02.44.png\",\"keywords\":[\"Albufeira\",\"Algarve\",\"Atualidade\"],\"articleSection\":[\"Atualidade\"],\"inLanguage\":\"pt-PT\"},{\"@type\":\"WebPage\",\"@id\":\"https:\\\/\\\/algarve7.pt\\\/index.php\\\/2025\\\/07\\\/mandato-termina-com-investimento-recorde-em-obras-publicas-em-albufeira\\\/atualidade\\\/09\\\/05\\\/\",\"url\":\"https:\\\/\\\/algarve7.pt\\\/index.php\\\/2025\\\/07\\\/mandato-termina-com-investimento-recorde-em-obras-publicas-em-albufeira\\\/atualidade\\\/09\\\/05\\\/\",\"name\":\"Mandato termina com investimento recorde em obras p\u00fablicas em Albufeira - Algarve 7\",\"isPartOf\":{\"@id\":\"https:\\\/\\\/algarve7.pt\\\/#website\"},\"primaryImageOfPage\":{\"@id\":\"https:\\\/\\\/algarve7.pt\\\/index.php\\\/2025\\\/07\\\/mandato-termina-com-investimento-recorde-em-obras-publicas-em-albufeira\\\/atualidade\\\/09\\\/05\\\/#primaryimage\"},\"image\":{\"@id\":\"https:\\\/\\\/algarve7.pt\\\/index.php\\\/2025\\\/07\\\/mandato-termina-com-investimento-recorde-em-obras-publicas-em-albufeira\\\/atualidade\\\/09\\\/05\\\/#primaryimage\"},\"thumbnailUrl\":\"https:\\\/\\\/algarve7.pt\\\/wp-content\\\/uploads\\\/2025\\\/07\\\/Captura-de-ecra-2025-07-03-as-09.02.44.png\",\"datePublished\":\"2025-07-03T08:05:58+00:00\",\"dateModified\":\"2025-07-03T08:06:01+00:00\",\"description\":\"Mandato termina com investimento recorde em obras p\u00fablicas em Albufeira Atualidade\",\"breadcrumb\":{\"@id\":\"https:\\\/\\\/algarve7.pt\\\/index.php\\\/2025\\\/07\\\/mandato-termina-com-investimento-recorde-em-obras-publicas-em-albufeira\\\/atualidade\\\/09\\\/05\\\/#breadcrumb\"},\"inLanguage\":\"pt-PT\",\"potentialAction\":[{\"@type\":\"ReadAction\",\"target\":[\"https:\\\/\\\/algarve7.pt\\\/index.php\\\/2025\\\/07\\\/mandato-termina-com-investimento-recorde-em-obras-publicas-em-albufeira\\\/atualidade\\\/09\\\/05\\\/\"]}]},{\"@type\":\"ImageObject\",\"inLanguage\":\"pt-PT\",\"@id\":\"https:\\\/\\\/algarve7.pt\\\/index.php\\\/2025\\\/07\\\/mandato-termina-com-investimento-recorde-em-obras-publicas-em-albufeira\\\/atualidade\\\/09\\\/05\\\/#primaryimage\",\"url\":\"https:\\\/\\\/algarve7.pt\\\/wp-content\\\/uploads\\\/2025\\\/07\\\/Captura-de-ecra-2025-07-03-as-09.02.44.png\",\"contentUrl\":\"https:\\\/\\\/algarve7.pt\\\/wp-content\\\/uploads\\\/2025\\\/07\\\/Captura-de-ecra-2025-07-03-as-09.02.44.png\",\"width\":800,\"height\":520},{\"@type\":\"BreadcrumbList\",\"@id\":\"https:\\\/\\\/algarve7.pt\\\/index.php\\\/2025\\\/07\\\/mandato-termina-com-investimento-recorde-em-obras-publicas-em-albufeira\\\/atualidade\\\/09\\\/05\\\/#breadcrumb\",\"itemListElement\":[{\"@type\":\"ListItem\",\"position\":1,\"name\":\"In\u00edcio\",\"item\":\"https:\\\/\\\/algarve7.pt\\\/\"},{\"@type\":\"ListItem\",\"position\":2,\"name\":\"Mandato termina com investimento recorde em obras p\u00fablicas em Albufeira\"}]},{\"@type\":\"WebSite\",\"@id\":\"https:\\\/\\\/algarve7.pt\\\/#website\",\"url\":\"https:\\\/\\\/algarve7.pt\\\/\",\"name\":\"Algarve 7\",\"description\":\"Informa\u00e7\u00e3o sobre o Algarve\",\"publisher\":{\"@id\":\"https:\\\/\\\/algarve7.pt\\\/#organization\"},\"potentialAction\":[{\"@type\":\"SearchAction\",\"target\":{\"@type\":\"EntryPoint\",\"urlTemplate\":\"https:\\\/\\\/algarve7.pt\\\/?s={search_term_string}\"},\"query-input\":{\"@type\":\"PropertyValueSpecification\",\"valueRequired\":true,\"valueName\":\"search_term_string\"}}],\"inLanguage\":\"pt-PT\"},{\"@type\":\"Organization\",\"@id\":\"https:\\\/\\\/algarve7.pt\\\/#organization\",\"name\":\"Algarve 7\",\"url\":\"https:\\\/\\\/algarve7.pt\\\/\",\"logo\":{\"@type\":\"ImageObject\",\"inLanguage\":\"pt-PT\",\"@id\":\"https:\\\/\\\/algarve7.pt\\\/#\\\/schema\\\/logo\\\/image\\\/\",\"url\":\"https:\\\/\\\/algarve7.pt\\\/wp-content\\\/uploads\\\/2020\\\/10\\\/Logo-8.jpg\",\"contentUrl\":\"https:\\\/\\\/algarve7.pt\\\/wp-content\\\/uploads\\\/2020\\\/10\\\/Logo-8.jpg\",\"width\":1680,\"height\":1186,\"caption\":\"Algarve 7\"},\"image\":{\"@id\":\"https:\\\/\\\/algarve7.pt\\\/#\\\/schema\\\/logo\\\/image\\\/\"},\"sameAs\":[\"https:\\\/\\\/www.facebook.com\\\/algarve7\",\"https:\\\/\\\/x.com\\\/Algarvesete\",\"https:\\\/\\\/www.instagram.com\\\/jornalalgarve7\\\/\",\"https:\\\/\\\/www.linkedin.com\\\/company\\\/algarve7\",\"https:\\\/\\\/www.pinterest.pt\\\/geral0939\\\/_created\\\/\"]},{\"@type\":\"Person\",\"@id\":\"https:\\\/\\\/algarve7.pt\\\/#\\\/schema\\\/person\\\/23fa70681308e7b319a3204bcea45e0c\",\"name\":\"Algarve 7\",\"sameAs\":[\"https:\\\/\\\/algarve7.pt\",\"https:\\\/\\\/www.facebook.com\\\/algarve7\"],\"url\":\"https:\\\/\\\/algarve7.pt\\\/index.php\\\/author\\\/geralalgarve7-pt\\\/\"}]}<\/script>\n<!-- \/ Yoast SEO plugin. -->","yoast_head_json":{"title":"Mandato termina com investimento recorde em obras p\u00fablicas em Albufeira - Algarve 7","description":"Mandato termina com investimento recorde em obras p\u00fablicas em Albufeira Atualidade","robots":{"index":"index","follow":"follow","max-snippet":"max-snippet:-1","max-image-preview":"max-image-preview:large","max-video-preview":"max-video-preview:-1"},"canonical":"https:\/\/algarve7.pt\/index.php\/2025\/07\/mandato-termina-com-investimento-recorde-em-obras-publicas-em-albufeira\/atualidade\/09\/05\/","og_locale":"pt_PT","og_type":"article","og_title":"Mandato termina com investimento recorde em obras p\u00fablicas em Albufeira - Algarve 7","og_description":"Mandato termina com investimento recorde em obras p\u00fablicas em Albufeira Atualidade","og_url":"https:\/\/algarve7.pt\/index.php\/2025\/07\/mandato-termina-com-investimento-recorde-em-obras-publicas-em-albufeira\/atualidade\/09\/05\/","og_site_name":"Algarve 7","article_publisher":"https:\/\/www.facebook.com\/algarve7","article_author":"https:\/\/www.facebook.com\/algarve7","article_published_time":"2025-07-03T08:05:58+00:00","article_modified_time":"2025-07-03T08:06:01+00:00","og_image":[{"width":800,"height":520,"url":"https:\/\/algarve7.pt\/wp-content\/uploads\/2025\/07\/Captura-de-ecra-2025-07-03-as-09.02.44.png","type":"image\/png"}],"author":"Algarve 7","twitter_card":"summary_large_image","twitter_creator":"@Algarvesete","twitter_site":"@Algarvesete","twitter_misc":{"Escrito por":"Algarve 7","Tempo estimado de leitura":"5 minutos"},"schema":{"@context":"https:\/\/schema.org","@graph":[{"@type":"Article","@id":"https:\/\/algarve7.pt\/index.php\/2025\/07\/mandato-termina-com-investimento-recorde-em-obras-publicas-em-albufeira\/atualidade\/09\/05\/#article","isPartOf":{"@id":"https:\/\/algarve7.pt\/index.php\/2025\/07\/mandato-termina-com-investimento-recorde-em-obras-publicas-em-albufeira\/atualidade\/09\/05\/"},"author":{"name":"Algarve 7","@id":"https:\/\/algarve7.pt\/#\/schema\/person\/23fa70681308e7b319a3204bcea45e0c"},"headline":"Mandato termina com investimento recorde em obras p\u00fablicas em Albufeira","datePublished":"2025-07-03T08:05:58+00:00","dateModified":"2025-07-03T08:06:01+00:00","mainEntityOfPage":{"@id":"https:\/\/algarve7.pt\/index.php\/2025\/07\/mandato-termina-com-investimento-recorde-em-obras-publicas-em-albufeira\/atualidade\/09\/05\/"},"wordCount":885,"publisher":{"@id":"https:\/\/algarve7.pt\/#organization"},"image":{"@id":"https:\/\/algarve7.pt\/index.php\/2025\/07\/mandato-termina-com-investimento-recorde-em-obras-publicas-em-albufeira\/atualidade\/09\/05\/#primaryimage"},"thumbnailUrl":"https:\/\/algarve7.pt\/wp-content\/uploads\/2025\/07\/Captura-de-ecra-2025-07-03-as-09.02.44.png","keywords":["Albufeira","Algarve","Atualidade"],"articleSection":["Atualidade"],"inLanguage":"pt-PT"},{"@type":"WebPage","@id":"https:\/\/algarve7.pt\/index.php\/2025\/07\/mandato-termina-com-investimento-recorde-em-obras-publicas-em-albufeira\/atualidade\/09\/05\/","url":"https:\/\/algarve7.pt\/index.php\/2025\/07\/mandato-termina-com-investimento-recorde-em-obras-publicas-em-albufeira\/atualidade\/09\/05\/","name":"Mandato termina com investimento recorde em obras p\u00fablicas em Albufeira - Algarve 7","isPartOf":{"@id":"https:\/\/algarve7.pt\/#website"},"primaryImageOfPage":{"@id":"https:\/\/algarve7.pt\/index.php\/2025\/07\/mandato-termina-com-investimento-recorde-em-obras-publicas-em-albufeira\/atualidade\/09\/05\/#primaryimage"},"image":{"@id":"https:\/\/algarve7.pt\/index.php\/2025\/07\/mandato-termina-com-investimento-recorde-em-obras-publicas-em-albufeira\/atualidade\/09\/05\/#primaryimage"},"thumbnailUrl":"https:\/\/algarve7.pt\/wp-content\/uploads\/2025\/07\/Captura-de-ecra-2025-07-03-as-09.02.44.png","datePublished":"2025-07-03T08:05:58+00:00","dateModified":"2025-07-03T08:06:01+00:00","description":"Mandato termina com investimento recorde em obras p\u00fablicas em Albufeira Atualidade","breadcrumb":{"@id":"https:\/\/algarve7.pt\/index.php\/2025\/07\/mandato-termina-com-investimento-recorde-em-obras-publicas-em-albufeira\/atualidade\/09\/05\/#breadcrumb"},"inLanguage":"pt-PT","potentialAction":[{"@type":"ReadAction","target":["https:\/\/algarve7.pt\/index.php\/2025\/07\/mandato-termina-com-investimento-recorde-em-obras-publicas-em-albufeira\/atualidade\/09\/05\/"]}]},{"@type":"ImageObject","inLanguage":"pt-PT","@id":"https:\/\/algarve7.pt\/index.php\/2025\/07\/mandato-termina-com-investimento-recorde-em-obras-publicas-em-albufeira\/atualidade\/09\/05\/#primaryimage","url":"https:\/\/algarve7.pt\/wp-content\/uploads\/2025\/07\/Captura-de-ecra-2025-07-03-as-09.02.44.png","contentUrl":"https:\/\/algarve7.pt\/wp-content\/uploads\/2025\/07\/Captura-de-ecra-2025-07-03-as-09.02.44.png","width":800,"height":520},{"@type":"BreadcrumbList","@id":"https:\/\/algarve7.pt\/index.php\/2025\/07\/mandato-termina-com-investimento-recorde-em-obras-publicas-em-albufeira\/atualidade\/09\/05\/#breadcrumb","itemListElement":[{"@type":"ListItem","position":1,"name":"In\u00edcio","item":"https:\/\/algarve7.pt\/"},{"@type":"ListItem","position":2,"name":"Mandato termina com investimento recorde em obras p\u00fablicas em Albufeira"}]},{"@type":"WebSite","@id":"https:\/\/algarve7.pt\/#website","url":"https:\/\/algarve7.pt\/","name":"Algarve 7","description":"Informa\u00e7\u00e3o sobre o Algarve","publisher":{"@id":"https:\/\/algarve7.pt\/#organization"},"potentialAction":[{"@type":"SearchAction","target":{"@type":"EntryPoint","urlTemplate":"https:\/\/algarve7.pt\/?s={search_term_string}"},"query-input":{"@type":"PropertyValueSpecification","valueRequired":true,"valueName":"search_term_string"}}],"inLanguage":"pt-PT"},{"@type":"Organization","@id":"https:\/\/algarve7.pt\/#organization","name":"Algarve 7","url":"https:\/\/algarve7.pt\/","logo":{"@type":"ImageObject","inLanguage":"pt-PT","@id":"https:\/\/algarve7.pt\/#\/schema\/logo\/image\/","url":"https:\/\/algarve7.pt\/wp-content\/uploads\/2020\/10\/Logo-8.jpg","contentUrl":"https:\/\/algarve7.pt\/wp-content\/uploads\/2020\/10\/Logo-8.jpg","width":1680,"height":1186,"caption":"Algarve 7"},"image":{"@id":"https:\/\/algarve7.pt\/#\/schema\/logo\/image\/"},"sameAs":["https:\/\/www.facebook.com\/algarve7","https:\/\/x.com\/Algarvesete","https:\/\/www.instagram.com\/jornalalgarve7\/","https:\/\/www.linkedin.com\/company\/algarve7","https:\/\/www.pinterest.pt\/geral0939\/_created\/"]},{"@type":"Person","@id":"https:\/\/algarve7.pt\/#\/schema\/person\/23fa70681308e7b319a3204bcea45e0c","name":"Algarve 7","sameAs":["https:\/\/algarve7.pt","https:\/\/www.facebook.com\/algarve7"],"url":"https:\/\/algarve7.pt\/index.php\/author\/geralalgarve7-pt\/"}]}},"jetpack_publicize_connections":[],"jetpack_featured_media_url":"https:\/\/algarve7.pt\/wp-content\/uploads\/2025\/07\/Captura-de-ecra-2025-07-03-as-09.02.44.png","jetpack_shortlink":"https:\/\/wp.me\/pcezmW-dxS","jetpack_sharing_enabled":true,"_links":{"self":[{"href":"https:\/\/algarve7.pt\/index.php\/wp-json\/wp\/v2\/posts\/52072","targetHints":{"allow":["GET"]}}],"collection":[{"href":"https:\/\/algarve7.pt\/index.php\/wp-json\/wp\/v2\/posts"}],"about":[{"href":"https:\/\/algarve7.pt\/index.php\/wp-json\/wp\/v2\/types\/post"}],"author":[{"embeddable":true,"href":"https:\/\/algarve7.pt\/index.php\/wp-json\/wp\/v2\/users\/1"}],"replies":[{"embeddable":true,"href":"https:\/\/algarve7.pt\/index.php\/wp-json\/wp\/v2\/comments?post=52072"}],"version-history":[{"count":0,"href":"https:\/\/algarve7.pt\/index.php\/wp-json\/wp\/v2\/posts\/52072\/revisions"}],"wp:featuredmedia":[{"embeddable":true,"href":"https:\/\/algarve7.pt\/index.php\/wp-json\/wp\/v2\/media\/52073"}],"wp:attachment":[{"href":"https:\/\/algarve7.pt\/index.php\/wp-json\/wp\/v2\/media?parent=52072"}],"wp:term":[{"taxonomy":"category","embeddable":true,"href":"https:\/\/algarve7.pt\/index.php\/wp-json\/wp\/v2\/categories?post=52072"},{"taxonomy":"post_tag","embeddable":true,"href":"https:\/\/algarve7.pt\/index.php\/wp-json\/wp\/v2\/tags?post=52072"}],"curies":[{"name":"wp","href":"https:\/\/api.w.org\/{rel}","templated":true}]}}