{"id":52022,"date":"2025-07-02T09:35:00","date_gmt":"2025-07-02T08:35:00","guid":{"rendered":"https:\/\/algarve7.pt\/?p=52022"},"modified":"2025-07-01T20:39:04","modified_gmt":"2025-07-01T19:39:04","slug":"ada-apresenta-magical-stories-no-teatro-das-figuras","status":"publish","type":"post","link":"https:\/\/algarve7.pt\/index.php\/2025\/07\/ada-apresenta-magical-stories-no-teatro-das-figuras\/cultura\/09\/35\/","title":{"rendered":"ADA apresenta &#8220;Magical Stories&#8221; no Teatro das Figuras"},"content":{"rendered":"\n<p>A ADA \u2013 Academia de Dan\u00e7a do Algarve volta a subir ao palco com toda a magia, energia e talento dos seus bailarinos, no espet\u00e1culo de fim de \u00e9poca &#8220;Magical Stories&#8221;, a acontecer no pr\u00f3ximo dia 9 de julho, no emblem\u00e1tico Teatro das Figuras, em Faro.<\/p>\n\n\n\n<p>Esta \u00e9 uma data ainda mais especial por marcar tamb\u00e9m o 18\u00ba anivers\u00e1rio da exist\u00eancia da ADA.<\/p>\n\n\n\n<p>Um duplo motivo para celebrar o talento, o crescimento e a energia contagiante dos nossos bailarinos.<\/p>\n\n\n\n<p>Este espet\u00e1culo especial \u00e9 muito mais do que uma mostra de coreografias \u2014 \u00e9 a celebra\u00e7\u00e3o do esfor\u00e7o, dedica\u00e7\u00e3o e crescimento dos nossos alunos ao longo da \u00e9poca. \u00c9 tamb\u00e9m o momento em que pais, familiares, amigos e encarregados de educa\u00e7\u00e3o se juntam para aplaudir de p\u00e9 o percurso de quem dan\u00e7a com o corpo&#8230; e com o cora\u00e7\u00e3o.<\/p>\n\n\n\n<p>Dois momentos, uma s\u00f3 emo\u00e7\u00e3o:<\/p>\n\n\n\n<ul class=\"wp-block-list\">\n<li>18h30 \u2013 Showcase dos mais novos<\/li>\n\n\n\n<li>21h30 \u2013 Showcase dos mais crescidos<\/li>\n<\/ul>\n\n\n\n<p>Com performances pensadas ao detalhe e preparadas com muito carinho, prometemos um final de tarde e uma noite cheios de brilho, talento e hist\u00f3rias m\u00e1gicas que v\u00e3o emocionar e fazer vibrar todos os que ajudaram a tornar esta \u00e9poca t\u00e3o especial.<\/p>\n\n\n\n<p>Os bilhetes j\u00e1 est\u00e3o \u00e0 venda em:\u00a0\u00a0<a href=\"https:\/\/teatrodasfiguras.bol.pt\/\" target=\"_blank\" rel=\"noreferrer noopener\">https:\/\/teatrodasfiguras.bol.pt\/<br><\/a>Ou diretamente na bilheteira do Teatro das Figuras.<\/p>\n\n\n\n<p>Este espet\u00e1culo conta com o apoio imprescind\u00edvel da C\u00e2mara Municipal de Faro e com a fant\u00e1stica colabora\u00e7\u00e3o da equipa do Teatro das Figuras \u2013 a quem agradecemos desde j\u00e1 toda a simpatia e profissionalismo.<\/p>\n\n\n\n<p>&nbsp;&#8220;Magical Stories&#8221; e o 18\u00ba Anivers\u00e1rio ADA, uma festa de dan\u00e7a e de vida que n\u00e3o vais querer perder!<\/p>\n","protected":false},"excerpt":{"rendered":"<p>A ADA \u2013 Academia de Dan\u00e7a do Algarve volta a subir ao palco com toda a magia, energia e talento<\/p>\n","protected":false},"author":1,"featured_media":52023,"comment_status":"closed","ping_status":"closed","sticky":false,"template":"","format":"standard","meta":{"colormag_page_container_layout":"default_layout","colormag_page_sidebar_layout":"default_layout","_monsterinsights_skip_tracking":false,"_monsterinsights_sitenote_active":false,"_monsterinsights_sitenote_note":"","_monsterinsights_sitenote_category":0,"jetpack_post_was_ever_published":false,"_jetpack_newsletter_access":"","_jetpack_dont_email_post_to_subs":false,"_jetpack_newsletter_tier_id":0,"_jetpack_memberships_contains_paywalled_content":false,"_jetpack_memberships_contains_paid_content":false,"footnotes":"","jetpack_publicize_message":"","jetpack_publicize_feature_enabled":true,"jetpack_social_post_already_shared":false,"jetpack_social_options":{"image_generator_settings":{"template":"highway","default_image_id":0,"font":"","enabled":false},"version":2}},"categories":[14],"tags":[881,36,35,57],"class_list":["post-52022","post","type-post","status-publish","format-standard","has-post-thumbnail","hentry","category-cultura","tag-academia-de-danca-do-algarve","tag-algarve","tag-cultura","tag-faro"],"yoast_head":"<!-- This site is optimized with the Yoast SEO plugin v27.5 - https:\/\/yoast.com\/product\/yoast-seo-wordpress\/ -->\n<title>ADA apresenta &quot;Magical Stories&quot; no Teatro das Figuras - Algarve 7<\/title>\n<meta name=\"description\" content=\"ADA apresenta &quot;Magical Stories&quot; no Teatro das Figuras Cultura\" \/>\n<meta name=\"robots\" content=\"index, follow, max-snippet:-1, max-image-preview:large, max-video-preview:-1\" \/>\n<link rel=\"canonical\" href=\"https:\/\/algarve7.pt\/index.php\/2025\/07\/ada-apresenta-magical-stories-no-teatro-das-figuras\/cultura\/09\/35\/\" \/>\n<meta property=\"og:locale\" content=\"pt_PT\" \/>\n<meta property=\"og:type\" content=\"article\" \/>\n<meta property=\"og:title\" content=\"ADA apresenta &quot;Magical Stories&quot; no Teatro das Figuras - Algarve 7\" \/>\n<meta property=\"og:description\" content=\"ADA apresenta &quot;Magical Stories&quot; no Teatro das Figuras Cultura\" \/>\n<meta property=\"og:url\" content=\"https:\/\/algarve7.pt\/index.php\/2025\/07\/ada-apresenta-magical-stories-no-teatro-das-figuras\/cultura\/09\/35\/\" \/>\n<meta property=\"og:site_name\" content=\"Algarve 7\" \/>\n<meta property=\"article:publisher\" content=\"https:\/\/www.facebook.com\/algarve7\" \/>\n<meta property=\"article:author\" content=\"https:\/\/www.facebook.com\/algarve7\" \/>\n<meta property=\"article:published_time\" content=\"2025-07-02T08:35:00+00:00\" \/>\n<meta property=\"og:image\" content=\"https:\/\/algarve7.pt\/wp-content\/uploads\/2025\/07\/PR22-ADA_GALA-3092.jpg\" \/>\n\t<meta property=\"og:image:width\" content=\"800\" \/>\n\t<meta property=\"og:image:height\" content=\"500\" \/>\n\t<meta property=\"og:image:type\" content=\"image\/jpeg\" \/>\n<meta name=\"author\" content=\"Algarve 7\" \/>\n<meta name=\"twitter:card\" content=\"summary_large_image\" \/>\n<meta name=\"twitter:creator\" content=\"@Algarvesete\" \/>\n<meta name=\"twitter:site\" content=\"@Algarvesete\" \/>\n<meta name=\"twitter:label1\" content=\"Escrito por\" \/>\n\t<meta name=\"twitter:data1\" content=\"Algarve 7\" \/>\n\t<meta name=\"twitter:label2\" content=\"Tempo estimado de leitura\" \/>\n\t<meta name=\"twitter:data2\" content=\"2 minutos\" \/>\n<script type=\"application\/ld+json\" class=\"yoast-schema-graph\">{\"@context\":\"https:\\\/\\\/schema.org\",\"@graph\":[{\"@type\":\"Article\",\"@id\":\"https:\\\/\\\/algarve7.pt\\\/index.php\\\/2025\\\/07\\\/ada-apresenta-magical-stories-no-teatro-das-figuras\\\/cultura\\\/09\\\/35\\\/#article\",\"isPartOf\":{\"@id\":\"https:\\\/\\\/algarve7.pt\\\/index.php\\\/2025\\\/07\\\/ada-apresenta-magical-stories-no-teatro-das-figuras\\\/cultura\\\/09\\\/35\\\/\"},\"author\":{\"name\":\"Algarve 7\",\"@id\":\"https:\\\/\\\/algarve7.pt\\\/#\\\/schema\\\/person\\\/23fa70681308e7b319a3204bcea45e0c\"},\"headline\":\"ADA apresenta &#8220;Magical Stories&#8221; no Teatro das Figuras\",\"datePublished\":\"2025-07-02T08:35:00+00:00\",\"mainEntityOfPage\":{\"@id\":\"https:\\\/\\\/algarve7.pt\\\/index.php\\\/2025\\\/07\\\/ada-apresenta-magical-stories-no-teatro-das-figuras\\\/cultura\\\/09\\\/35\\\/\"},\"wordCount\":293,\"publisher\":{\"@id\":\"https:\\\/\\\/algarve7.pt\\\/#organization\"},\"image\":{\"@id\":\"https:\\\/\\\/algarve7.pt\\\/index.php\\\/2025\\\/07\\\/ada-apresenta-magical-stories-no-teatro-das-figuras\\\/cultura\\\/09\\\/35\\\/#primaryimage\"},\"thumbnailUrl\":\"https:\\\/\\\/algarve7.pt\\\/wp-content\\\/uploads\\\/2025\\\/07\\\/PR22-ADA_GALA-3092.jpg\",\"keywords\":[\"Academia de Dan\u00e7a do Algarve\",\"Algarve\",\"Cultura\",\"Faro\"],\"articleSection\":[\"Cultura\"],\"inLanguage\":\"pt-PT\"},{\"@type\":\"WebPage\",\"@id\":\"https:\\\/\\\/algarve7.pt\\\/index.php\\\/2025\\\/07\\\/ada-apresenta-magical-stories-no-teatro-das-figuras\\\/cultura\\\/09\\\/35\\\/\",\"url\":\"https:\\\/\\\/algarve7.pt\\\/index.php\\\/2025\\\/07\\\/ada-apresenta-magical-stories-no-teatro-das-figuras\\\/cultura\\\/09\\\/35\\\/\",\"name\":\"ADA apresenta \\\"Magical Stories\\\" no Teatro das Figuras - Algarve 7\",\"isPartOf\":{\"@id\":\"https:\\\/\\\/algarve7.pt\\\/#website\"},\"primaryImageOfPage\":{\"@id\":\"https:\\\/\\\/algarve7.pt\\\/index.php\\\/2025\\\/07\\\/ada-apresenta-magical-stories-no-teatro-das-figuras\\\/cultura\\\/09\\\/35\\\/#primaryimage\"},\"image\":{\"@id\":\"https:\\\/\\\/algarve7.pt\\\/index.php\\\/2025\\\/07\\\/ada-apresenta-magical-stories-no-teatro-das-figuras\\\/cultura\\\/09\\\/35\\\/#primaryimage\"},\"thumbnailUrl\":\"https:\\\/\\\/algarve7.pt\\\/wp-content\\\/uploads\\\/2025\\\/07\\\/PR22-ADA_GALA-3092.jpg\",\"datePublished\":\"2025-07-02T08:35:00+00:00\",\"description\":\"ADA apresenta \\\"Magical Stories\\\" no Teatro das Figuras Cultura\",\"breadcrumb\":{\"@id\":\"https:\\\/\\\/algarve7.pt\\\/index.php\\\/2025\\\/07\\\/ada-apresenta-magical-stories-no-teatro-das-figuras\\\/cultura\\\/09\\\/35\\\/#breadcrumb\"},\"inLanguage\":\"pt-PT\",\"potentialAction\":[{\"@type\":\"ReadAction\",\"target\":[\"https:\\\/\\\/algarve7.pt\\\/index.php\\\/2025\\\/07\\\/ada-apresenta-magical-stories-no-teatro-das-figuras\\\/cultura\\\/09\\\/35\\\/\"]}]},{\"@type\":\"ImageObject\",\"inLanguage\":\"pt-PT\",\"@id\":\"https:\\\/\\\/algarve7.pt\\\/index.php\\\/2025\\\/07\\\/ada-apresenta-magical-stories-no-teatro-das-figuras\\\/cultura\\\/09\\\/35\\\/#primaryimage\",\"url\":\"https:\\\/\\\/algarve7.pt\\\/wp-content\\\/uploads\\\/2025\\\/07\\\/PR22-ADA_GALA-3092.jpg\",\"contentUrl\":\"https:\\\/\\\/algarve7.pt\\\/wp-content\\\/uploads\\\/2025\\\/07\\\/PR22-ADA_GALA-3092.jpg\",\"width\":800,\"height\":500},{\"@type\":\"BreadcrumbList\",\"@id\":\"https:\\\/\\\/algarve7.pt\\\/index.php\\\/2025\\\/07\\\/ada-apresenta-magical-stories-no-teatro-das-figuras\\\/cultura\\\/09\\\/35\\\/#breadcrumb\",\"itemListElement\":[{\"@type\":\"ListItem\",\"position\":1,\"name\":\"In\u00edcio\",\"item\":\"https:\\\/\\\/algarve7.pt\\\/\"},{\"@type\":\"ListItem\",\"position\":2,\"name\":\"ADA apresenta &#8220;Magical Stories&#8221; no Teatro das Figuras\"}]},{\"@type\":\"WebSite\",\"@id\":\"https:\\\/\\\/algarve7.pt\\\/#website\",\"url\":\"https:\\\/\\\/algarve7.pt\\\/\",\"name\":\"Algarve 7\",\"description\":\"Informa\u00e7\u00e3o sobre o Algarve\",\"publisher\":{\"@id\":\"https:\\\/\\\/algarve7.pt\\\/#organization\"},\"potentialAction\":[{\"@type\":\"SearchAction\",\"target\":{\"@type\":\"EntryPoint\",\"urlTemplate\":\"https:\\\/\\\/algarve7.pt\\\/?s={search_term_string}\"},\"query-input\":{\"@type\":\"PropertyValueSpecification\",\"valueRequired\":true,\"valueName\":\"search_term_string\"}}],\"inLanguage\":\"pt-PT\"},{\"@type\":\"Organization\",\"@id\":\"https:\\\/\\\/algarve7.pt\\\/#organization\",\"name\":\"Algarve 7\",\"url\":\"https:\\\/\\\/algarve7.pt\\\/\",\"logo\":{\"@type\":\"ImageObject\",\"inLanguage\":\"pt-PT\",\"@id\":\"https:\\\/\\\/algarve7.pt\\\/#\\\/schema\\\/logo\\\/image\\\/\",\"url\":\"https:\\\/\\\/algarve7.pt\\\/wp-content\\\/uploads\\\/2020\\\/10\\\/Logo-8.jpg\",\"contentUrl\":\"https:\\\/\\\/algarve7.pt\\\/wp-content\\\/uploads\\\/2020\\\/10\\\/Logo-8.jpg\",\"width\":1680,\"height\":1186,\"caption\":\"Algarve 7\"},\"image\":{\"@id\":\"https:\\\/\\\/algarve7.pt\\\/#\\\/schema\\\/logo\\\/image\\\/\"},\"sameAs\":[\"https:\\\/\\\/www.facebook.com\\\/algarve7\",\"https:\\\/\\\/x.com\\\/Algarvesete\",\"https:\\\/\\\/www.instagram.com\\\/jornalalgarve7\\\/\",\"https:\\\/\\\/www.linkedin.com\\\/company\\\/algarve7\",\"https:\\\/\\\/www.pinterest.pt\\\/geral0939\\\/_created\\\/\"]},{\"@type\":\"Person\",\"@id\":\"https:\\\/\\\/algarve7.pt\\\/#\\\/schema\\\/person\\\/23fa70681308e7b319a3204bcea45e0c\",\"name\":\"Algarve 7\",\"sameAs\":[\"https:\\\/\\\/algarve7.pt\",\"https:\\\/\\\/www.facebook.com\\\/algarve7\"],\"url\":\"https:\\\/\\\/algarve7.pt\\\/index.php\\\/author\\\/geralalgarve7-pt\\\/\"}]}<\/script>\n<!-- \/ Yoast SEO plugin. -->","yoast_head_json":{"title":"ADA apresenta \"Magical Stories\" no Teatro das Figuras - Algarve 7","description":"ADA apresenta \"Magical Stories\" no Teatro das Figuras Cultura","robots":{"index":"index","follow":"follow","max-snippet":"max-snippet:-1","max-image-preview":"max-image-preview:large","max-video-preview":"max-video-preview:-1"},"canonical":"https:\/\/algarve7.pt\/index.php\/2025\/07\/ada-apresenta-magical-stories-no-teatro-das-figuras\/cultura\/09\/35\/","og_locale":"pt_PT","og_type":"article","og_title":"ADA apresenta \"Magical Stories\" no Teatro das Figuras - Algarve 7","og_description":"ADA apresenta \"Magical Stories\" no Teatro das Figuras Cultura","og_url":"https:\/\/algarve7.pt\/index.php\/2025\/07\/ada-apresenta-magical-stories-no-teatro-das-figuras\/cultura\/09\/35\/","og_site_name":"Algarve 7","article_publisher":"https:\/\/www.facebook.com\/algarve7","article_author":"https:\/\/www.facebook.com\/algarve7","article_published_time":"2025-07-02T08:35:00+00:00","og_image":[{"width":800,"height":500,"url":"https:\/\/algarve7.pt\/wp-content\/uploads\/2025\/07\/PR22-ADA_GALA-3092.jpg","type":"image\/jpeg"}],"author":"Algarve 7","twitter_card":"summary_large_image","twitter_creator":"@Algarvesete","twitter_site":"@Algarvesete","twitter_misc":{"Escrito por":"Algarve 7","Tempo estimado de leitura":"2 minutos"},"schema":{"@context":"https:\/\/schema.org","@graph":[{"@type":"Article","@id":"https:\/\/algarve7.pt\/index.php\/2025\/07\/ada-apresenta-magical-stories-no-teatro-das-figuras\/cultura\/09\/35\/#article","isPartOf":{"@id":"https:\/\/algarve7.pt\/index.php\/2025\/07\/ada-apresenta-magical-stories-no-teatro-das-figuras\/cultura\/09\/35\/"},"author":{"name":"Algarve 7","@id":"https:\/\/algarve7.pt\/#\/schema\/person\/23fa70681308e7b319a3204bcea45e0c"},"headline":"ADA apresenta &#8220;Magical Stories&#8221; no Teatro das Figuras","datePublished":"2025-07-02T08:35:00+00:00","mainEntityOfPage":{"@id":"https:\/\/algarve7.pt\/index.php\/2025\/07\/ada-apresenta-magical-stories-no-teatro-das-figuras\/cultura\/09\/35\/"},"wordCount":293,"publisher":{"@id":"https:\/\/algarve7.pt\/#organization"},"image":{"@id":"https:\/\/algarve7.pt\/index.php\/2025\/07\/ada-apresenta-magical-stories-no-teatro-das-figuras\/cultura\/09\/35\/#primaryimage"},"thumbnailUrl":"https:\/\/algarve7.pt\/wp-content\/uploads\/2025\/07\/PR22-ADA_GALA-3092.jpg","keywords":["Academia de Dan\u00e7a do Algarve","Algarve","Cultura","Faro"],"articleSection":["Cultura"],"inLanguage":"pt-PT"},{"@type":"WebPage","@id":"https:\/\/algarve7.pt\/index.php\/2025\/07\/ada-apresenta-magical-stories-no-teatro-das-figuras\/cultura\/09\/35\/","url":"https:\/\/algarve7.pt\/index.php\/2025\/07\/ada-apresenta-magical-stories-no-teatro-das-figuras\/cultura\/09\/35\/","name":"ADA apresenta \"Magical Stories\" no Teatro das Figuras - Algarve 7","isPartOf":{"@id":"https:\/\/algarve7.pt\/#website"},"primaryImageOfPage":{"@id":"https:\/\/algarve7.pt\/index.php\/2025\/07\/ada-apresenta-magical-stories-no-teatro-das-figuras\/cultura\/09\/35\/#primaryimage"},"image":{"@id":"https:\/\/algarve7.pt\/index.php\/2025\/07\/ada-apresenta-magical-stories-no-teatro-das-figuras\/cultura\/09\/35\/#primaryimage"},"thumbnailUrl":"https:\/\/algarve7.pt\/wp-content\/uploads\/2025\/07\/PR22-ADA_GALA-3092.jpg","datePublished":"2025-07-02T08:35:00+00:00","description":"ADA apresenta \"Magical Stories\" no Teatro das Figuras Cultura","breadcrumb":{"@id":"https:\/\/algarve7.pt\/index.php\/2025\/07\/ada-apresenta-magical-stories-no-teatro-das-figuras\/cultura\/09\/35\/#breadcrumb"},"inLanguage":"pt-PT","potentialAction":[{"@type":"ReadAction","target":["https:\/\/algarve7.pt\/index.php\/2025\/07\/ada-apresenta-magical-stories-no-teatro-das-figuras\/cultura\/09\/35\/"]}]},{"@type":"ImageObject","inLanguage":"pt-PT","@id":"https:\/\/algarve7.pt\/index.php\/2025\/07\/ada-apresenta-magical-stories-no-teatro-das-figuras\/cultura\/09\/35\/#primaryimage","url":"https:\/\/algarve7.pt\/wp-content\/uploads\/2025\/07\/PR22-ADA_GALA-3092.jpg","contentUrl":"https:\/\/algarve7.pt\/wp-content\/uploads\/2025\/07\/PR22-ADA_GALA-3092.jpg","width":800,"height":500},{"@type":"BreadcrumbList","@id":"https:\/\/algarve7.pt\/index.php\/2025\/07\/ada-apresenta-magical-stories-no-teatro-das-figuras\/cultura\/09\/35\/#breadcrumb","itemListElement":[{"@type":"ListItem","position":1,"name":"In\u00edcio","item":"https:\/\/algarve7.pt\/"},{"@type":"ListItem","position":2,"name":"ADA apresenta &#8220;Magical Stories&#8221; no Teatro das Figuras"}]},{"@type":"WebSite","@id":"https:\/\/algarve7.pt\/#website","url":"https:\/\/algarve7.pt\/","name":"Algarve 7","description":"Informa\u00e7\u00e3o sobre o Algarve","publisher":{"@id":"https:\/\/algarve7.pt\/#organization"},"potentialAction":[{"@type":"SearchAction","target":{"@type":"EntryPoint","urlTemplate":"https:\/\/algarve7.pt\/?s={search_term_string}"},"query-input":{"@type":"PropertyValueSpecification","valueRequired":true,"valueName":"search_term_string"}}],"inLanguage":"pt-PT"},{"@type":"Organization","@id":"https:\/\/algarve7.pt\/#organization","name":"Algarve 7","url":"https:\/\/algarve7.pt\/","logo":{"@type":"ImageObject","inLanguage":"pt-PT","@id":"https:\/\/algarve7.pt\/#\/schema\/logo\/image\/","url":"https:\/\/algarve7.pt\/wp-content\/uploads\/2020\/10\/Logo-8.jpg","contentUrl":"https:\/\/algarve7.pt\/wp-content\/uploads\/2020\/10\/Logo-8.jpg","width":1680,"height":1186,"caption":"Algarve 7"},"image":{"@id":"https:\/\/algarve7.pt\/#\/schema\/logo\/image\/"},"sameAs":["https:\/\/www.facebook.com\/algarve7","https:\/\/x.com\/Algarvesete","https:\/\/www.instagram.com\/jornalalgarve7\/","https:\/\/www.linkedin.com\/company\/algarve7","https:\/\/www.pinterest.pt\/geral0939\/_created\/"]},{"@type":"Person","@id":"https:\/\/algarve7.pt\/#\/schema\/person\/23fa70681308e7b319a3204bcea45e0c","name":"Algarve 7","sameAs":["https:\/\/algarve7.pt","https:\/\/www.facebook.com\/algarve7"],"url":"https:\/\/algarve7.pt\/index.php\/author\/geralalgarve7-pt\/"}]}},"jetpack_publicize_connections":[],"jetpack_featured_media_url":"https:\/\/algarve7.pt\/wp-content\/uploads\/2025\/07\/PR22-ADA_GALA-3092.jpg","jetpack_shortlink":"https:\/\/wp.me\/pcezmW-dx4","jetpack_sharing_enabled":true,"_links":{"self":[{"href":"https:\/\/algarve7.pt\/index.php\/wp-json\/wp\/v2\/posts\/52022","targetHints":{"allow":["GET"]}}],"collection":[{"href":"https:\/\/algarve7.pt\/index.php\/wp-json\/wp\/v2\/posts"}],"about":[{"href":"https:\/\/algarve7.pt\/index.php\/wp-json\/wp\/v2\/types\/post"}],"author":[{"embeddable":true,"href":"https:\/\/algarve7.pt\/index.php\/wp-json\/wp\/v2\/users\/1"}],"replies":[{"embeddable":true,"href":"https:\/\/algarve7.pt\/index.php\/wp-json\/wp\/v2\/comments?post=52022"}],"version-history":[{"count":0,"href":"https:\/\/algarve7.pt\/index.php\/wp-json\/wp\/v2\/posts\/52022\/revisions"}],"wp:featuredmedia":[{"embeddable":true,"href":"https:\/\/algarve7.pt\/index.php\/wp-json\/wp\/v2\/media\/52023"}],"wp:attachment":[{"href":"https:\/\/algarve7.pt\/index.php\/wp-json\/wp\/v2\/media?parent=52022"}],"wp:term":[{"taxonomy":"category","embeddable":true,"href":"https:\/\/algarve7.pt\/index.php\/wp-json\/wp\/v2\/categories?post=52022"},{"taxonomy":"post_tag","embeddable":true,"href":"https:\/\/algarve7.pt\/index.php\/wp-json\/wp\/v2\/tags?post=52022"}],"curies":[{"name":"wp","href":"https:\/\/api.w.org\/{rel}","templated":true}]}}