{"id":52019,"date":"2025-07-01T20:35:00","date_gmt":"2025-07-01T19:35:00","guid":{"rendered":"https:\/\/algarve7.pt\/?p=52019"},"modified":"2025-07-01T20:35:02","modified_gmt":"2025-07-01T19:35:02","slug":"alunos-do-11o-ano-do-colegio-internacional-de-vilamoura-levam-projeto-vamos-todos-chatear-o-camoes-fora-portas","status":"publish","type":"post","link":"https:\/\/algarve7.pt\/index.php\/2025\/07\/alunos-do-11o-ano-do-colegio-internacional-de-vilamoura-levam-projeto-vamos-todos-chatear-o-camoes-fora-portas\/educacao\/20\/35\/","title":{"rendered":"Alunos do 11\u00ba ano do Col\u00e9gio Internacional de Vilamoura levam projeto &#8220;Vamos TODOS chatear o Cam\u00f5es!&#8221; fora portas"},"content":{"rendered":"\n<p>Em 2023-24, os alunos do ensino Secund\u00e1rio dinamizaram para os colegas mais novos (turmas do Jardim de Inf\u00e2ncia ao 9.\u00ba ano) sess\u00f5es sobre curiosidades da vida e obra do grande poeta Lu\u00eds Vaz de Cam\u00f5es. O projeto surgiu como forma de protesto pelo parco e constantemente adiado programa das comemora\u00e7\u00f5es dos 500 anos do poeta e teve simbolicamente o seu in\u00edcio a 12 de mar\u00e7o, data em que era suposto terem sido oficialmente inauguradas as comemora\u00e7\u00f5es do V centen\u00e1rio de Cam\u00f5es.&nbsp;<\/p>\n\n\n\n<p>No corrente ano letivo, continuando as comemora\u00e7\u00f5es do V centen\u00e1rio de Cam\u00f5es, com uma agenda aqu\u00e9m do merecido pelo pr\u00edncipe dos poetas da l\u00edngua portuguesa, a professora de Portugu\u00eas do Ensino Secund\u00e1rio do CIV, Alexandrina Louren\u00e7o, insistiu no desafio feito aos seus alunos, convidando-os a partilhar o seu conhecimento com os mais novos, fora do col\u00e9gio.&nbsp;<\/p>\n\n\n\n<p>O projeto recebeu o acolhimento da Rede de Bibliotecas do Concelho de Loul\u00e9 (RBCL) e contou com o apoio log\u00edstico da C\u00e2mara Municipal de Loul\u00e9. O di\u00e1logo entre as bibliotecas da Rede e a Biblioteca do CIV, atrav\u00e9s da sua representante, Dina Ad\u00e3o, permitiu conciliar os convites oriundos das v\u00e1rias escolas, conciliando datas e roteiros.<\/p>\n\n\n\n<p>Os alunos de 11.\u00ba ano estrearam a apresenta\u00e7\u00e3o do seu projeto a 5 de maio, dia em que se comemora a L\u00edngua Portuguesa, na E.B.1 Prof. Sebasti\u00e3o Teixeira (Salir), e na E.B.1 de Queren\u00e7a (na presen\u00e7a de um grupo de idosos, fazendo desta partilha de saberes entre v\u00e1rias gera\u00e7\u00f5es uma experi\u00eancia ainda mais interessante). J\u00e1 na manh\u00e3 do dia 8 de maio, os alunos do CIV visitaram a E.B.1 de Vale Judeu, a E.B.1 Hortas de Santo Ant\u00f3nio e a E.B.1 M\u00e3e Soberana.<\/p>\n\n\n\n<p>Por todos os locais por onde passaram, os alunos do CIV foram recebidos pelos colegas mais novos com grande entusiasmo. Dinamizaram sess\u00f5es l\u00fadicas com grande variedade e imagina\u00e7\u00e3o: desde pe\u00e7as de teatro a jogos, atividades de pintura e apresenta\u00e7\u00f5es din\u00e2micas&#8230; O poeta foi celebrado nos mais variados formatos, ficando em todos os intervenientes uma sensa\u00e7\u00e3o de grande satisfa\u00e7\u00e3o, miss\u00e3o cumprida e vontade de repetir a experi\u00eancia.&nbsp;<\/p>\n\n\n\n<p>&#8220;O envolvimento da escola em projetos liter\u00e1rios \u00e9 essencial para cultivar o pensamento cr\u00edtico, a sensibilidade est\u00e9tica e o orgulho cultural dos nossos alunos. Ao celebrar os 500 anos do nascimento de Lu\u00eds de Cam\u00f5es &#8211; figura \u00edmpar do c\u00e2none liter\u00e1rio ocidental &#8211; reafirmamos o nosso compromisso com a valoriza\u00e7\u00e3o da literatura portuguesa e com a forma\u00e7\u00e3o de leitores conscientes da riqueza do nosso patrim\u00f3nio\u201d, reiterou a diretora pedag\u00f3gica, Cid\u00e1lia Bicho.<\/p>\n","protected":false},"excerpt":{"rendered":"<p>Em 2023-24, os alunos do ensino Secund\u00e1rio dinamizaram para os colegas mais novos (turmas do Jardim de Inf\u00e2ncia ao 9.\u00ba<\/p>\n","protected":false},"author":1,"featured_media":52020,"comment_status":"closed","ping_status":"closed","sticky":false,"template":"","format":"standard","meta":{"colormag_page_container_layout":"default_layout","colormag_page_sidebar_layout":"default_layout","_monsterinsights_skip_tracking":false,"_monsterinsights_sitenote_active":false,"_monsterinsights_sitenote_note":"","_monsterinsights_sitenote_category":0,"jetpack_post_was_ever_published":false,"_jetpack_newsletter_access":"","_jetpack_dont_email_post_to_subs":false,"_jetpack_newsletter_tier_id":0,"_jetpack_memberships_contains_paywalled_content":false,"_jetpack_memberships_contains_paid_content":false,"footnotes":"","jetpack_publicize_message":"","jetpack_publicize_feature_enabled":true,"jetpack_social_post_already_shared":false,"jetpack_social_options":{"image_generator_settings":{"template":"highway","default_image_id":0,"font":"","enabled":false},"version":2}},"categories":[93],"tags":[36,74,121],"class_list":["post-52019","post","type-post","status-publish","format-standard","has-post-thumbnail","hentry","category-educacao","tag-algarve","tag-educacao","tag-vilamoura"],"yoast_head":"<!-- This site is optimized with the Yoast SEO plugin v27.5 - https:\/\/yoast.com\/product\/yoast-seo-wordpress\/ -->\n<title>Alunos do 11\u00ba ano do Col\u00e9gio Internacional de Vilamoura levam projeto &quot;Vamos TODOS chatear o Cam\u00f5es!&quot; fora portas - Algarve 7<\/title>\n<meta name=\"description\" content=\"Alunos do 11\u00ba ano do Col\u00e9gio Internacional de Vilamoura levam projeto &quot;Vamos TODOS chatear o Cam\u00f5es!&quot; fora portas Educa\u00e7\u00e3o\" \/>\n<meta name=\"robots\" content=\"index, follow, max-snippet:-1, max-image-preview:large, max-video-preview:-1\" \/>\n<link rel=\"canonical\" href=\"https:\/\/algarve7.pt\/index.php\/2025\/07\/alunos-do-11o-ano-do-colegio-internacional-de-vilamoura-levam-projeto-vamos-todos-chatear-o-camoes-fora-portas\/educacao\/20\/35\/\" \/>\n<meta property=\"og:locale\" content=\"pt_PT\" \/>\n<meta property=\"og:type\" content=\"article\" \/>\n<meta property=\"og:title\" content=\"Alunos do 11\u00ba ano do Col\u00e9gio Internacional de Vilamoura levam projeto &quot;Vamos TODOS chatear o Cam\u00f5es!&quot; fora portas - Algarve 7\" \/>\n<meta property=\"og:description\" content=\"Alunos do 11\u00ba ano do Col\u00e9gio Internacional de Vilamoura levam projeto &quot;Vamos TODOS chatear o Cam\u00f5es!&quot; fora portas Educa\u00e7\u00e3o\" \/>\n<meta property=\"og:url\" content=\"https:\/\/algarve7.pt\/index.php\/2025\/07\/alunos-do-11o-ano-do-colegio-internacional-de-vilamoura-levam-projeto-vamos-todos-chatear-o-camoes-fora-portas\/educacao\/20\/35\/\" \/>\n<meta property=\"og:site_name\" content=\"Algarve 7\" \/>\n<meta property=\"article:publisher\" content=\"https:\/\/www.facebook.com\/algarve7\" \/>\n<meta property=\"article:author\" content=\"https:\/\/www.facebook.com\/algarve7\" \/>\n<meta property=\"article:published_time\" content=\"2025-07-01T19:35:00+00:00\" \/>\n<meta property=\"article:modified_time\" content=\"2025-07-01T19:35:02+00:00\" \/>\n<meta property=\"og:image\" content=\"https:\/\/algarve7.pt\/wp-content\/uploads\/2025\/07\/ProjetoCIV-6.jpg\" \/>\n\t<meta property=\"og:image:width\" content=\"800\" \/>\n\t<meta property=\"og:image:height\" content=\"500\" \/>\n\t<meta property=\"og:image:type\" content=\"image\/jpeg\" \/>\n<meta name=\"author\" content=\"Algarve 7\" \/>\n<meta name=\"twitter:card\" content=\"summary_large_image\" \/>\n<meta name=\"twitter:creator\" content=\"@Algarvesete\" \/>\n<meta name=\"twitter:site\" content=\"@Algarvesete\" \/>\n<meta name=\"twitter:label1\" content=\"Escrito por\" \/>\n\t<meta name=\"twitter:data1\" content=\"Algarve 7\" \/>\n\t<meta name=\"twitter:label2\" content=\"Tempo estimado de leitura\" \/>\n\t<meta name=\"twitter:data2\" content=\"3 minutos\" \/>\n<script type=\"application\/ld+json\" class=\"yoast-schema-graph\">{\"@context\":\"https:\\\/\\\/schema.org\",\"@graph\":[{\"@type\":\"Article\",\"@id\":\"https:\\\/\\\/algarve7.pt\\\/index.php\\\/2025\\\/07\\\/alunos-do-11o-ano-do-colegio-internacional-de-vilamoura-levam-projeto-vamos-todos-chatear-o-camoes-fora-portas\\\/educacao\\\/20\\\/35\\\/#article\",\"isPartOf\":{\"@id\":\"https:\\\/\\\/algarve7.pt\\\/index.php\\\/2025\\\/07\\\/alunos-do-11o-ano-do-colegio-internacional-de-vilamoura-levam-projeto-vamos-todos-chatear-o-camoes-fora-portas\\\/educacao\\\/20\\\/35\\\/\"},\"author\":{\"name\":\"Algarve 7\",\"@id\":\"https:\\\/\\\/algarve7.pt\\\/#\\\/schema\\\/person\\\/23fa70681308e7b319a3204bcea45e0c\"},\"headline\":\"Alunos do 11\u00ba ano do Col\u00e9gio Internacional de Vilamoura levam projeto &#8220;Vamos TODOS chatear o Cam\u00f5es!&#8221; fora portas\",\"datePublished\":\"2025-07-01T19:35:00+00:00\",\"dateModified\":\"2025-07-01T19:35:02+00:00\",\"mainEntityOfPage\":{\"@id\":\"https:\\\/\\\/algarve7.pt\\\/index.php\\\/2025\\\/07\\\/alunos-do-11o-ano-do-colegio-internacional-de-vilamoura-levam-projeto-vamos-todos-chatear-o-camoes-fora-portas\\\/educacao\\\/20\\\/35\\\/\"},\"wordCount\":490,\"publisher\":{\"@id\":\"https:\\\/\\\/algarve7.pt\\\/#organization\"},\"image\":{\"@id\":\"https:\\\/\\\/algarve7.pt\\\/index.php\\\/2025\\\/07\\\/alunos-do-11o-ano-do-colegio-internacional-de-vilamoura-levam-projeto-vamos-todos-chatear-o-camoes-fora-portas\\\/educacao\\\/20\\\/35\\\/#primaryimage\"},\"thumbnailUrl\":\"https:\\\/\\\/algarve7.pt\\\/wp-content\\\/uploads\\\/2025\\\/07\\\/ProjetoCIV-6.jpg\",\"keywords\":[\"Algarve\",\"Educa\u00e7\u00e3o\",\"Vilamoura\"],\"articleSection\":[\"Educa\u00e7\u00e3o\"],\"inLanguage\":\"pt-PT\"},{\"@type\":\"WebPage\",\"@id\":\"https:\\\/\\\/algarve7.pt\\\/index.php\\\/2025\\\/07\\\/alunos-do-11o-ano-do-colegio-internacional-de-vilamoura-levam-projeto-vamos-todos-chatear-o-camoes-fora-portas\\\/educacao\\\/20\\\/35\\\/\",\"url\":\"https:\\\/\\\/algarve7.pt\\\/index.php\\\/2025\\\/07\\\/alunos-do-11o-ano-do-colegio-internacional-de-vilamoura-levam-projeto-vamos-todos-chatear-o-camoes-fora-portas\\\/educacao\\\/20\\\/35\\\/\",\"name\":\"Alunos do 11\u00ba ano do Col\u00e9gio Internacional de Vilamoura levam projeto \\\"Vamos TODOS chatear o Cam\u00f5es!\\\" fora portas - Algarve 7\",\"isPartOf\":{\"@id\":\"https:\\\/\\\/algarve7.pt\\\/#website\"},\"primaryImageOfPage\":{\"@id\":\"https:\\\/\\\/algarve7.pt\\\/index.php\\\/2025\\\/07\\\/alunos-do-11o-ano-do-colegio-internacional-de-vilamoura-levam-projeto-vamos-todos-chatear-o-camoes-fora-portas\\\/educacao\\\/20\\\/35\\\/#primaryimage\"},\"image\":{\"@id\":\"https:\\\/\\\/algarve7.pt\\\/index.php\\\/2025\\\/07\\\/alunos-do-11o-ano-do-colegio-internacional-de-vilamoura-levam-projeto-vamos-todos-chatear-o-camoes-fora-portas\\\/educacao\\\/20\\\/35\\\/#primaryimage\"},\"thumbnailUrl\":\"https:\\\/\\\/algarve7.pt\\\/wp-content\\\/uploads\\\/2025\\\/07\\\/ProjetoCIV-6.jpg\",\"datePublished\":\"2025-07-01T19:35:00+00:00\",\"dateModified\":\"2025-07-01T19:35:02+00:00\",\"description\":\"Alunos do 11\u00ba ano do Col\u00e9gio Internacional de Vilamoura levam projeto \\\"Vamos TODOS chatear o Cam\u00f5es!\\\" fora portas Educa\u00e7\u00e3o\",\"breadcrumb\":{\"@id\":\"https:\\\/\\\/algarve7.pt\\\/index.php\\\/2025\\\/07\\\/alunos-do-11o-ano-do-colegio-internacional-de-vilamoura-levam-projeto-vamos-todos-chatear-o-camoes-fora-portas\\\/educacao\\\/20\\\/35\\\/#breadcrumb\"},\"inLanguage\":\"pt-PT\",\"potentialAction\":[{\"@type\":\"ReadAction\",\"target\":[\"https:\\\/\\\/algarve7.pt\\\/index.php\\\/2025\\\/07\\\/alunos-do-11o-ano-do-colegio-internacional-de-vilamoura-levam-projeto-vamos-todos-chatear-o-camoes-fora-portas\\\/educacao\\\/20\\\/35\\\/\"]}]},{\"@type\":\"ImageObject\",\"inLanguage\":\"pt-PT\",\"@id\":\"https:\\\/\\\/algarve7.pt\\\/index.php\\\/2025\\\/07\\\/alunos-do-11o-ano-do-colegio-internacional-de-vilamoura-levam-projeto-vamos-todos-chatear-o-camoes-fora-portas\\\/educacao\\\/20\\\/35\\\/#primaryimage\",\"url\":\"https:\\\/\\\/algarve7.pt\\\/wp-content\\\/uploads\\\/2025\\\/07\\\/ProjetoCIV-6.jpg\",\"contentUrl\":\"https:\\\/\\\/algarve7.pt\\\/wp-content\\\/uploads\\\/2025\\\/07\\\/ProjetoCIV-6.jpg\",\"width\":800,\"height\":500},{\"@type\":\"BreadcrumbList\",\"@id\":\"https:\\\/\\\/algarve7.pt\\\/index.php\\\/2025\\\/07\\\/alunos-do-11o-ano-do-colegio-internacional-de-vilamoura-levam-projeto-vamos-todos-chatear-o-camoes-fora-portas\\\/educacao\\\/20\\\/35\\\/#breadcrumb\",\"itemListElement\":[{\"@type\":\"ListItem\",\"position\":1,\"name\":\"In\u00edcio\",\"item\":\"https:\\\/\\\/algarve7.pt\\\/\"},{\"@type\":\"ListItem\",\"position\":2,\"name\":\"Alunos do 11\u00ba ano do Col\u00e9gio Internacional de Vilamoura levam projeto &#8220;Vamos TODOS chatear o Cam\u00f5es!&#8221; fora portas\"}]},{\"@type\":\"WebSite\",\"@id\":\"https:\\\/\\\/algarve7.pt\\\/#website\",\"url\":\"https:\\\/\\\/algarve7.pt\\\/\",\"name\":\"Algarve 7\",\"description\":\"Informa\u00e7\u00e3o sobre o Algarve\",\"publisher\":{\"@id\":\"https:\\\/\\\/algarve7.pt\\\/#organization\"},\"potentialAction\":[{\"@type\":\"SearchAction\",\"target\":{\"@type\":\"EntryPoint\",\"urlTemplate\":\"https:\\\/\\\/algarve7.pt\\\/?s={search_term_string}\"},\"query-input\":{\"@type\":\"PropertyValueSpecification\",\"valueRequired\":true,\"valueName\":\"search_term_string\"}}],\"inLanguage\":\"pt-PT\"},{\"@type\":\"Organization\",\"@id\":\"https:\\\/\\\/algarve7.pt\\\/#organization\",\"name\":\"Algarve 7\",\"url\":\"https:\\\/\\\/algarve7.pt\\\/\",\"logo\":{\"@type\":\"ImageObject\",\"inLanguage\":\"pt-PT\",\"@id\":\"https:\\\/\\\/algarve7.pt\\\/#\\\/schema\\\/logo\\\/image\\\/\",\"url\":\"https:\\\/\\\/algarve7.pt\\\/wp-content\\\/uploads\\\/2020\\\/10\\\/Logo-8.jpg\",\"contentUrl\":\"https:\\\/\\\/algarve7.pt\\\/wp-content\\\/uploads\\\/2020\\\/10\\\/Logo-8.jpg\",\"width\":1680,\"height\":1186,\"caption\":\"Algarve 7\"},\"image\":{\"@id\":\"https:\\\/\\\/algarve7.pt\\\/#\\\/schema\\\/logo\\\/image\\\/\"},\"sameAs\":[\"https:\\\/\\\/www.facebook.com\\\/algarve7\",\"https:\\\/\\\/x.com\\\/Algarvesete\",\"https:\\\/\\\/www.instagram.com\\\/jornalalgarve7\\\/\",\"https:\\\/\\\/www.linkedin.com\\\/company\\\/algarve7\",\"https:\\\/\\\/www.pinterest.pt\\\/geral0939\\\/_created\\\/\"]},{\"@type\":\"Person\",\"@id\":\"https:\\\/\\\/algarve7.pt\\\/#\\\/schema\\\/person\\\/23fa70681308e7b319a3204bcea45e0c\",\"name\":\"Algarve 7\",\"sameAs\":[\"https:\\\/\\\/algarve7.pt\",\"https:\\\/\\\/www.facebook.com\\\/algarve7\"],\"url\":\"https:\\\/\\\/algarve7.pt\\\/index.php\\\/author\\\/geralalgarve7-pt\\\/\"}]}<\/script>\n<!-- \/ Yoast SEO plugin. -->","yoast_head_json":{"title":"Alunos do 11\u00ba ano do Col\u00e9gio Internacional de Vilamoura levam projeto \"Vamos TODOS chatear o Cam\u00f5es!\" fora portas - Algarve 7","description":"Alunos do 11\u00ba ano do Col\u00e9gio Internacional de Vilamoura levam projeto \"Vamos TODOS chatear o Cam\u00f5es!\" fora portas Educa\u00e7\u00e3o","robots":{"index":"index","follow":"follow","max-snippet":"max-snippet:-1","max-image-preview":"max-image-preview:large","max-video-preview":"max-video-preview:-1"},"canonical":"https:\/\/algarve7.pt\/index.php\/2025\/07\/alunos-do-11o-ano-do-colegio-internacional-de-vilamoura-levam-projeto-vamos-todos-chatear-o-camoes-fora-portas\/educacao\/20\/35\/","og_locale":"pt_PT","og_type":"article","og_title":"Alunos do 11\u00ba ano do Col\u00e9gio Internacional de Vilamoura levam projeto \"Vamos TODOS chatear o Cam\u00f5es!\" fora portas - Algarve 7","og_description":"Alunos do 11\u00ba ano do Col\u00e9gio Internacional de Vilamoura levam projeto \"Vamos TODOS chatear o Cam\u00f5es!\" fora portas Educa\u00e7\u00e3o","og_url":"https:\/\/algarve7.pt\/index.php\/2025\/07\/alunos-do-11o-ano-do-colegio-internacional-de-vilamoura-levam-projeto-vamos-todos-chatear-o-camoes-fora-portas\/educacao\/20\/35\/","og_site_name":"Algarve 7","article_publisher":"https:\/\/www.facebook.com\/algarve7","article_author":"https:\/\/www.facebook.com\/algarve7","article_published_time":"2025-07-01T19:35:00+00:00","article_modified_time":"2025-07-01T19:35:02+00:00","og_image":[{"width":800,"height":500,"url":"https:\/\/algarve7.pt\/wp-content\/uploads\/2025\/07\/ProjetoCIV-6.jpg","type":"image\/jpeg"}],"author":"Algarve 7","twitter_card":"summary_large_image","twitter_creator":"@Algarvesete","twitter_site":"@Algarvesete","twitter_misc":{"Escrito por":"Algarve 7","Tempo estimado de leitura":"3 minutos"},"schema":{"@context":"https:\/\/schema.org","@graph":[{"@type":"Article","@id":"https:\/\/algarve7.pt\/index.php\/2025\/07\/alunos-do-11o-ano-do-colegio-internacional-de-vilamoura-levam-projeto-vamos-todos-chatear-o-camoes-fora-portas\/educacao\/20\/35\/#article","isPartOf":{"@id":"https:\/\/algarve7.pt\/index.php\/2025\/07\/alunos-do-11o-ano-do-colegio-internacional-de-vilamoura-levam-projeto-vamos-todos-chatear-o-camoes-fora-portas\/educacao\/20\/35\/"},"author":{"name":"Algarve 7","@id":"https:\/\/algarve7.pt\/#\/schema\/person\/23fa70681308e7b319a3204bcea45e0c"},"headline":"Alunos do 11\u00ba ano do Col\u00e9gio Internacional de Vilamoura levam projeto &#8220;Vamos TODOS chatear o Cam\u00f5es!&#8221; fora portas","datePublished":"2025-07-01T19:35:00+00:00","dateModified":"2025-07-01T19:35:02+00:00","mainEntityOfPage":{"@id":"https:\/\/algarve7.pt\/index.php\/2025\/07\/alunos-do-11o-ano-do-colegio-internacional-de-vilamoura-levam-projeto-vamos-todos-chatear-o-camoes-fora-portas\/educacao\/20\/35\/"},"wordCount":490,"publisher":{"@id":"https:\/\/algarve7.pt\/#organization"},"image":{"@id":"https:\/\/algarve7.pt\/index.php\/2025\/07\/alunos-do-11o-ano-do-colegio-internacional-de-vilamoura-levam-projeto-vamos-todos-chatear-o-camoes-fora-portas\/educacao\/20\/35\/#primaryimage"},"thumbnailUrl":"https:\/\/algarve7.pt\/wp-content\/uploads\/2025\/07\/ProjetoCIV-6.jpg","keywords":["Algarve","Educa\u00e7\u00e3o","Vilamoura"],"articleSection":["Educa\u00e7\u00e3o"],"inLanguage":"pt-PT"},{"@type":"WebPage","@id":"https:\/\/algarve7.pt\/index.php\/2025\/07\/alunos-do-11o-ano-do-colegio-internacional-de-vilamoura-levam-projeto-vamos-todos-chatear-o-camoes-fora-portas\/educacao\/20\/35\/","url":"https:\/\/algarve7.pt\/index.php\/2025\/07\/alunos-do-11o-ano-do-colegio-internacional-de-vilamoura-levam-projeto-vamos-todos-chatear-o-camoes-fora-portas\/educacao\/20\/35\/","name":"Alunos do 11\u00ba ano do Col\u00e9gio Internacional de Vilamoura levam projeto \"Vamos TODOS chatear o Cam\u00f5es!\" fora portas - Algarve 7","isPartOf":{"@id":"https:\/\/algarve7.pt\/#website"},"primaryImageOfPage":{"@id":"https:\/\/algarve7.pt\/index.php\/2025\/07\/alunos-do-11o-ano-do-colegio-internacional-de-vilamoura-levam-projeto-vamos-todos-chatear-o-camoes-fora-portas\/educacao\/20\/35\/#primaryimage"},"image":{"@id":"https:\/\/algarve7.pt\/index.php\/2025\/07\/alunos-do-11o-ano-do-colegio-internacional-de-vilamoura-levam-projeto-vamos-todos-chatear-o-camoes-fora-portas\/educacao\/20\/35\/#primaryimage"},"thumbnailUrl":"https:\/\/algarve7.pt\/wp-content\/uploads\/2025\/07\/ProjetoCIV-6.jpg","datePublished":"2025-07-01T19:35:00+00:00","dateModified":"2025-07-01T19:35:02+00:00","description":"Alunos do 11\u00ba ano do Col\u00e9gio Internacional de Vilamoura levam projeto \"Vamos TODOS chatear o Cam\u00f5es!\" fora portas Educa\u00e7\u00e3o","breadcrumb":{"@id":"https:\/\/algarve7.pt\/index.php\/2025\/07\/alunos-do-11o-ano-do-colegio-internacional-de-vilamoura-levam-projeto-vamos-todos-chatear-o-camoes-fora-portas\/educacao\/20\/35\/#breadcrumb"},"inLanguage":"pt-PT","potentialAction":[{"@type":"ReadAction","target":["https:\/\/algarve7.pt\/index.php\/2025\/07\/alunos-do-11o-ano-do-colegio-internacional-de-vilamoura-levam-projeto-vamos-todos-chatear-o-camoes-fora-portas\/educacao\/20\/35\/"]}]},{"@type":"ImageObject","inLanguage":"pt-PT","@id":"https:\/\/algarve7.pt\/index.php\/2025\/07\/alunos-do-11o-ano-do-colegio-internacional-de-vilamoura-levam-projeto-vamos-todos-chatear-o-camoes-fora-portas\/educacao\/20\/35\/#primaryimage","url":"https:\/\/algarve7.pt\/wp-content\/uploads\/2025\/07\/ProjetoCIV-6.jpg","contentUrl":"https:\/\/algarve7.pt\/wp-content\/uploads\/2025\/07\/ProjetoCIV-6.jpg","width":800,"height":500},{"@type":"BreadcrumbList","@id":"https:\/\/algarve7.pt\/index.php\/2025\/07\/alunos-do-11o-ano-do-colegio-internacional-de-vilamoura-levam-projeto-vamos-todos-chatear-o-camoes-fora-portas\/educacao\/20\/35\/#breadcrumb","itemListElement":[{"@type":"ListItem","position":1,"name":"In\u00edcio","item":"https:\/\/algarve7.pt\/"},{"@type":"ListItem","position":2,"name":"Alunos do 11\u00ba ano do Col\u00e9gio Internacional de Vilamoura levam projeto &#8220;Vamos TODOS chatear o Cam\u00f5es!&#8221; fora portas"}]},{"@type":"WebSite","@id":"https:\/\/algarve7.pt\/#website","url":"https:\/\/algarve7.pt\/","name":"Algarve 7","description":"Informa\u00e7\u00e3o sobre o Algarve","publisher":{"@id":"https:\/\/algarve7.pt\/#organization"},"potentialAction":[{"@type":"SearchAction","target":{"@type":"EntryPoint","urlTemplate":"https:\/\/algarve7.pt\/?s={search_term_string}"},"query-input":{"@type":"PropertyValueSpecification","valueRequired":true,"valueName":"search_term_string"}}],"inLanguage":"pt-PT"},{"@type":"Organization","@id":"https:\/\/algarve7.pt\/#organization","name":"Algarve 7","url":"https:\/\/algarve7.pt\/","logo":{"@type":"ImageObject","inLanguage":"pt-PT","@id":"https:\/\/algarve7.pt\/#\/schema\/logo\/image\/","url":"https:\/\/algarve7.pt\/wp-content\/uploads\/2020\/10\/Logo-8.jpg","contentUrl":"https:\/\/algarve7.pt\/wp-content\/uploads\/2020\/10\/Logo-8.jpg","width":1680,"height":1186,"caption":"Algarve 7"},"image":{"@id":"https:\/\/algarve7.pt\/#\/schema\/logo\/image\/"},"sameAs":["https:\/\/www.facebook.com\/algarve7","https:\/\/x.com\/Algarvesete","https:\/\/www.instagram.com\/jornalalgarve7\/","https:\/\/www.linkedin.com\/company\/algarve7","https:\/\/www.pinterest.pt\/geral0939\/_created\/"]},{"@type":"Person","@id":"https:\/\/algarve7.pt\/#\/schema\/person\/23fa70681308e7b319a3204bcea45e0c","name":"Algarve 7","sameAs":["https:\/\/algarve7.pt","https:\/\/www.facebook.com\/algarve7"],"url":"https:\/\/algarve7.pt\/index.php\/author\/geralalgarve7-pt\/"}]}},"jetpack_publicize_connections":[],"jetpack_featured_media_url":"https:\/\/algarve7.pt\/wp-content\/uploads\/2025\/07\/ProjetoCIV-6.jpg","jetpack_shortlink":"https:\/\/wp.me\/pcezmW-dx1","jetpack_sharing_enabled":true,"_links":{"self":[{"href":"https:\/\/algarve7.pt\/index.php\/wp-json\/wp\/v2\/posts\/52019","targetHints":{"allow":["GET"]}}],"collection":[{"href":"https:\/\/algarve7.pt\/index.php\/wp-json\/wp\/v2\/posts"}],"about":[{"href":"https:\/\/algarve7.pt\/index.php\/wp-json\/wp\/v2\/types\/post"}],"author":[{"embeddable":true,"href":"https:\/\/algarve7.pt\/index.php\/wp-json\/wp\/v2\/users\/1"}],"replies":[{"embeddable":true,"href":"https:\/\/algarve7.pt\/index.php\/wp-json\/wp\/v2\/comments?post=52019"}],"version-history":[{"count":0,"href":"https:\/\/algarve7.pt\/index.php\/wp-json\/wp\/v2\/posts\/52019\/revisions"}],"wp:featuredmedia":[{"embeddable":true,"href":"https:\/\/algarve7.pt\/index.php\/wp-json\/wp\/v2\/media\/52020"}],"wp:attachment":[{"href":"https:\/\/algarve7.pt\/index.php\/wp-json\/wp\/v2\/media?parent=52019"}],"wp:term":[{"taxonomy":"category","embeddable":true,"href":"https:\/\/algarve7.pt\/index.php\/wp-json\/wp\/v2\/categories?post=52019"},{"taxonomy":"post_tag","embeddable":true,"href":"https:\/\/algarve7.pt\/index.php\/wp-json\/wp\/v2\/tags?post=52019"}],"curies":[{"name":"wp","href":"https:\/\/api.w.org\/{rel}","templated":true}]}}