{"id":52007,"date":"2025-07-01T19:59:18","date_gmt":"2025-07-01T18:59:18","guid":{"rendered":"https:\/\/algarve7.pt\/?p=52007"},"modified":"2025-07-01T19:59:21","modified_gmt":"2025-07-01T18:59:21","slug":"verao-em-tavira-2025-em-julho-e-agosto-um-encontro-com-a-cultura-a-natureza-e-a-identidade-mediterranica","status":"publish","type":"post","link":"https:\/\/algarve7.pt\/index.php\/2025\/07\/verao-em-tavira-2025-em-julho-e-agosto-um-encontro-com-a-cultura-a-natureza-e-a-identidade-mediterranica\/cultura\/19\/59\/","title":{"rendered":"Ver\u00e3o em Tavira 2025: Em julho e agosto \u2013 Um encontro com a cultura, a natureza e a identidade mediterr\u00e2nica"},"content":{"rendered":"\n<p>Durante os meses de julho e agosto, Tavira transforma-se num palco vivo de arte, m\u00fasica, tradi\u00e7\u00e3o e descoberta. O Munic\u00edpio convida residentes, visitantes e todos os que vivem a cultura a mergulhar num ver\u00e3o cheio de experi\u00eancias memor\u00e1veis.<\/p>\n\n\n\n<p>Mais do que um programa cultural, o&nbsp;<em>Ver\u00e3o em Tavira<\/em>&nbsp;\u00e9 um convite \u00e0 frui\u00e7\u00e3o da cidade, \u00e0 partilha com a sua comunidade e ao reencontro com o patrim\u00f3nio imaterial que define o Algarve. Num territ\u00f3rio conhecido pelas suas praias e paisagens naturais, Tavira afirma-se tamb\u00e9m como a capital cultural da regi\u00e3o, com uma programa\u00e7\u00e3o art\u00edstica de excel\u00eancia que valoriza o que \u00e9 aut\u00eantico, contempor\u00e2neo e identit\u00e1rio.<\/p>\n\n\n\n<p>Cidade singular no cora\u00e7\u00e3o do Parque Natural da Ria Formosa e s\u00edmbolo da Dieta Mediterr\u00e2nica \u2013 patrim\u00f3nio cultural imaterial da humanidade \u2013 Tavira oferece uma combina\u00e7\u00e3o \u00fanica de beleza, patrim\u00f3nio, gastronomia e hospitalidade. Este ver\u00e3o, descubra Tavira com todos os sentidos.<\/p>\n\n\n\n<p>Ao longo de dois meses, as artes de rua assumem um papel central nesta celebra\u00e7\u00e3o cultural, ao ocuparem os espa\u00e7os p\u00fablicos e devolverem \u00e0s pra\u00e7as, ruas e aos largos da cidade a sua fun\u00e7\u00e3o original de encontro, express\u00e3o e conv\u00edvio. Com linguagem universal, acess\u00edvel e envolvente, o teatro, o circo e a performance em espa\u00e7o urbano refor\u00e7am o esp\u00edrito democr\u00e1tico da cultura e aproximam criadores e comunidades num di\u00e1logo direto, espont\u00e2neo e surpreendente.&nbsp;<\/p>\n\n\n\n<p>Em julho, o arranque faz-se com o aclamado&nbsp;<strong>Cenas na Rua \u2013 Festival Internacional de Teatro e Artes na Rua de Tavira<\/strong>&nbsp;que leva o teatro, o circo e a performance a v\u00e1rios pontos da cidade com companhias de renome internacional: a francesa&nbsp;<em>Picto Facto<\/em>&nbsp;traz um impressionante cortejo de figuras infl\u00e1veis luminosas; o espanhol&nbsp;<em>Leandre Ribera<\/em>, mestre do clown po\u00e9tico, apresenta o seu premiado&nbsp;<em>Fly Me to the Moon<\/em>; a companhia&nbsp;<em>La Corcoles<\/em>&nbsp;estreia-se em Portugal com um delicado n\u00famero de funambulismo; de It\u00e1lia chega o f\u00edsico e musical numa produ\u00e7\u00e3o conjunta de&nbsp;<em>Circo Carpa Diem<\/em>&nbsp;e&nbsp;<em>Teatro Necessario<\/em>; e de Portugal destacam-se o teatro visual de&nbsp;<em>Teatro S\u00f3 (sedeado na Alemanha)<\/em><em>,<\/em>&nbsp;a m\u00fasica acrob\u00e1tica de&nbsp;<em>ConCorda<\/em>, o humor de&nbsp;<em>Enano<\/em>e a criatividade da estrutura tavirense&nbsp;<em>Arma\u00e7\u00e3o do Artista<\/em>.<\/p>\n\n\n\n<p>Logo depois, a&nbsp;<strong>Pra\u00e7a da Rep\u00fablica<\/strong>&nbsp;torna-se o cora\u00e7\u00e3o musical da cidade, acolhendo projetos como a explosiva&nbsp;<em>Fanfare Cioc\u0103rlia<\/em>, refer\u00eancia mundial das fanfarras balc\u00e2nicas; o coletivo&nbsp;<em>Bateu Matou<\/em>&nbsp;que funde percuss\u00e3o tradicional com eletr\u00f3nica urbana;&nbsp;<em>Tiago Nacarato<\/em>, representante da nova can\u00e7\u00e3o portuguesa;&nbsp;<em>Moullinex &amp; GPU Panic<\/em>, com batidas modernas e dan\u00e7antes; e os ritmos afro-lus\u00f3fonos de&nbsp;<em>Fogo Fogo sem esquecer a m\u00fasica e boa disposi\u00e7\u00e3o dos Brasa Doirada<\/em>. Tamb\u00e9m o projeto&nbsp;<em>Camale\u00e3o Azul<\/em>, conhecido pelo seu cruzamento entre performance, m\u00fasica e express\u00e3o visual, que promete surpreender o p\u00fablico com uma proposta inovadora e envolvente. A abertura oficial ser\u00e1 com agrava\u00e7\u00e3o ao vivo do programa&nbsp;<em>A Casa de Am\u00e1lia<\/em>&nbsp;da RTP1, que, em Tavira, contar\u00e1 com a participa\u00e7\u00e3o de Jos\u00e9 Gon\u00e7alez, Paulo de Carvalho, Diogo Clemente, Bruno Chaveiro e os Bandidos do Cante.<\/p>\n\n\n\n<p>A programa\u00e7\u00e3o integra, ainda, ranchos folcl\u00f3ricos, grupos musicais do concelho e a centen\u00e1ria Banda Musical de Tavira que celebra, este ano, o seu 100.\u00ba anivers\u00e1rio. As associa\u00e7\u00f5es locais tamb\u00e9m marcam presen\u00e7a, apresentando o trabalho desenvolvido nas \u00e1reas da dan\u00e7a, m\u00fasica e outras express\u00f5es art\u00edsticas.<\/p>\n\n\n\n<p>No&nbsp;<strong>Jardim do Coreto<\/strong>, manter-se-\u00e1 a habitual programa\u00e7\u00e3o&nbsp;<em>Fado no Coreto<\/em>, com a atua\u00e7\u00e3o de diversos fadistas da regi\u00e3o, que levam \u00e0quele espa\u00e7o o sentimento e a autenticidade do fado tradicional.&nbsp;<\/p>\n\n\n\n<p>Este ano, pela primeira vez, o mesmo espa\u00e7o ser\u00e1 tamb\u00e9m palco de&nbsp;<strong>dois Grandes Bailes de Ver\u00e3o<\/strong>&nbsp;que pretendem recuperar as viv\u00eancias de outros tempos, promovendo o conv\u00edvio intergeracional e a celebra\u00e7\u00e3o da cultura popular. Estes bailes ser\u00e3o tamb\u00e9m uma oportunidade \u00fanica para ouvir ao vivo&nbsp;<strong>duas orquestras de baile<\/strong>&nbsp;que interpretar\u00e3o os temas de sempre, com especial destaque para ritmos latinos e m\u00fasicas da can\u00e7\u00e3o ligeira portuguesa, convidando todos a dan\u00e7ar e reviver tradi\u00e7\u00f5es musicais populares.<\/p>\n\n\n\n<p>Entre 18 e 20 de julho, o&nbsp;<strong>jazz<\/strong>&nbsp;tamb\u00e9m marca presen\u00e7a com tr\u00eas noites singulares:&nbsp;<em>M\u00e1rio Laginha &amp; Tcheka<\/em>fundem piano e sonoridades cabo-verdianas no projeto&nbsp;<em>STRADA<\/em>;&nbsp;<em>Cantigas de Maio<\/em>&nbsp;reinterpreta cl\u00e1ssicos da m\u00fasica de interven\u00e7\u00e3o com roupagem jazz\u00edstica; e&nbsp;<em>Elas e o Jazz<\/em>, com Marta Hugon, Joana Machado e Mariana Norton, homenageiam as Andrews Sisters ao lado da poderosa Big Band da Nazar\u00e9.<\/p>\n\n\n\n<p>As&nbsp;<strong>feiras tem\u00e1ticas, na Rua do Cais,<\/strong>&nbsp;animam o ver\u00e3o com propostas para todos os gostos:&nbsp;<em>Os Dias do Vinho<\/em>, de&nbsp;<strong>11 a 14 de julho<\/strong>, oferecem provas de dezenas de produtores nacionais; a&nbsp;<em>Feira do Livro<\/em>, de&nbsp;<strong>17 de julho a 03 de agosto<\/strong>, contar\u00e1 com atividades para fam\u00edlias e crian\u00e7as e com a presen\u00e7a confirmada de autores como Lu\u00eds Os\u00f3rio, Pilar del R\u00edo, Deana Barroqueiro, Rui Cardoso Martins, Pedro Vieira, Pedro Seromenho, Jorge Serafim, entre outros; a&nbsp;<em>Feira dos Of\u00edcios<\/em>, de 0<strong>6 a 14 de agosto<\/strong>, destaca o artesanato e do\u00e7aria locais; a&nbsp;<em>Feira de Antiguidades<\/em>, entre&nbsp;<strong>16 e 25 de agosto<\/strong>, revela pe\u00e7as raras e hist\u00f3rias de colecionismo; e a&nbsp;<em>Feira de Stocks<\/em>, de&nbsp;<strong>28 a 31 de agosto<\/strong>, da responsabilidade da Associa\u00e7\u00e3o para o Desenvolvimento da Baixa de Tavira, incentiva o com\u00e9rcio tradicional.<\/p>\n\n\n\n<p>No\u00a0<strong>Parque do Pal\u00e1cio da Galeria<\/strong>\u00a0dois concertos imperd\u00edveis: a 30 de julho,\u00a0<em>Mayra Andrade<\/em>, uma das mais aclamadas vozes cabo-verdianas da atualidade, traz a sua fus\u00e3o de morna, jazz e pop global com o seu\u00a0<em>reEncanto<\/em>; e a 13 de agosto,\u00a0<em>Caman\u00e9<\/em>\u00a0presta tributo a Jos\u00e9 M\u00e1rio Branco, num espet\u00e1culo emotivo com dire\u00e7\u00e3o musical de Lu\u00eds Figueiredo. Os ingressos para estes concertos poder\u00e3o ser adquiridos atrav\u00e9s da\u00a0plataforma BOL \u2013 Bilheteira Online (www.bol.pt) e nos estabelecimentos aderentes.<\/p>\n\n\n\n<p>No dia&nbsp;<strong>12 de agosto<\/strong>, ser\u00e1 celebrado o&nbsp;<strong>Dia Internacional da Juventude<\/strong>, numa parceria entre o Munic\u00edpio de Tavira e a&nbsp;<strong>Associa\u00e7\u00e3o de Estudantes da Escola Secund\u00e1ria Dr. Jorge Augusto Correia<\/strong>. O destaque da noite ser\u00e1 a atua\u00e7\u00e3o do&nbsp;<strong><em>DJ<\/em><\/strong><em>&nbsp;<\/em><strong><em>Breyth<\/em><\/strong>, que promete animar a juventude tavirense e celebrar o seu papel ativo na vida cultural da cidade.<\/p>\n\n\n\n<p>No campo das artes visuais, Tavira apresenta v\u00e1rias exposi\u00e7\u00f5es de relevo:&nbsp;<em>Servi\u00e7o de Apoio Ambulatorial Local<\/em>, patente na&nbsp;<strong>Ermida de S\u00e3o Roque<\/strong>, re\u00fane obras de Ana Vidigal, \u00c2ngela Ferreira, Nuno Nunes-Ferreira e Susana Mendes Silva, explorando quest\u00f5es sociais e pol\u00edticas atrav\u00e9s de abordagens contempor\u00e2neas;&nbsp;<em>Chuva de Ver\u00e3o<\/em>, com obras da Cole\u00e7\u00e3o de Arte Contempor\u00e2nea do Estado de 25 artistas, incluindo Ana Jotta, Paula Rego, Lourdes Castro e Jos\u00e9 Pedro Croft, entre outros, no Pal\u00e1cio da Galeria;&nbsp;<em>Dieta Mediterr\u00e2nica, Patrim\u00f3nio Cultural Milenar<\/em>, exposi\u00e7\u00e3o permanente patente no Pavilh\u00e3o Medieval do Museu Municipal de Tavira, que d\u00e1 a conhecer a import\u00e2ncia desta heran\u00e7a na identidade local;&nbsp;<em>Uma Hist\u00f3ria, Seis Olhares<\/em>, no N\u00facleo Isl\u00e2mico, onde seis ceramistas contempor\u00e2neos dialogam com o passado isl\u00e2mico;&nbsp;<em>Olhar o Centro de Tavira<\/em>, projeto fotogr\u00e1fico de Augusto Br\u00e1zio e Nelson D\u2019Aires, que retrata os rostos por tr\u00e1s de 20 estabelecimentos comerciais locais; e uma exposi\u00e7\u00e3o de arte digital do&nbsp;<strong>Museu Zer0<\/strong>&nbsp;na&nbsp;<strong>Ermida de Santana<\/strong>, patente de&nbsp;<strong>16 de julho a 30 de agosto<\/strong>: uma instala\u00e7\u00e3o audiovisual do artista&nbsp;<strong>Vinicius Ferreira<\/strong>&nbsp;que explora o tema do mar e da \u00e1gua, atrav\u00e9s de tecnologias de proje\u00e7\u00e3o, criando um ambiente imersivo.<\/p>\n\n\n\n<p>A encerrar, a&nbsp;<strong>Mostra de Cinema ao Ar Livre<\/strong>, iniciativa emblem\u00e1tica que este ano celebra 25 anos de exist\u00eancia. Da responsabilidade do&nbsp;<strong>Cineclube de Tavira<\/strong>, ter\u00e1 lugar nos Claustros do Convento do Carmo em duas sess\u00f5es: de&nbsp;<strong>17 a 27 de julho<\/strong>&nbsp;e de&nbsp;<strong>0<\/strong><strong>7 a 17 de agosto<\/strong>. Com proje\u00e7\u00e3o de filmes premiados, cl\u00e1ssicos e obras de autores contempor\u00e2neos, esta mostra tem vindo a afirmar-se como uma refer\u00eancia no panorama cinematogr\u00e1fico regional, proporcionando ao p\u00fablico sess\u00f5es \u00fanicas sob as estrelas, num dos espa\u00e7os mais emblem\u00e1ticos da cidade.<\/p>\n\n\n\n<p>Por todo o concelho, haver\u00e1 ainda in\u00fameras outras propostas culturais, promovidas pelas Juntas de Freguesia, associa\u00e7\u00f5es locais, coletividades e agentes culturais que contribuem para alargar a oferta e envolver todas as freguesias neste grande movimento cultural de ver\u00e3o. Esta descentraliza\u00e7\u00e3o cultural refor\u00e7a o compromisso do Munic\u00edpio com o acesso \u00e0 cultura em todo o territ\u00f3rio, criando oportunidades \u00fanicas de encontro, descoberta e participa\u00e7\u00e3o comunit\u00e1ria.<\/p>\n","protected":false},"excerpt":{"rendered":"<p>Durante os meses de julho e agosto, Tavira transforma-se num palco vivo de arte, m\u00fasica, tradi\u00e7\u00e3o e descoberta. O Munic\u00edpio<\/p>\n","protected":false},"author":1,"featured_media":52008,"comment_status":"closed","ping_status":"closed","sticky":false,"template":"","format":"standard","meta":{"colormag_page_container_layout":"default_layout","colormag_page_sidebar_layout":"default_layout","_monsterinsights_skip_tracking":false,"_monsterinsights_sitenote_active":false,"_monsterinsights_sitenote_note":"","_monsterinsights_sitenote_category":0,"jetpack_post_was_ever_published":false,"_jetpack_newsletter_access":"","_jetpack_dont_email_post_to_subs":false,"_jetpack_newsletter_tier_id":0,"_jetpack_memberships_contains_paywalled_content":false,"_jetpack_memberships_contains_paid_content":false,"footnotes":"","jetpack_publicize_message":"","jetpack_publicize_feature_enabled":true,"jetpack_social_post_already_shared":false,"jetpack_social_options":{"image_generator_settings":{"template":"highway","default_image_id":0,"font":"","enabled":false},"version":2}},"categories":[14],"tags":[36,35,54],"class_list":["post-52007","post","type-post","status-publish","format-standard","has-post-thumbnail","hentry","category-cultura","tag-algarve","tag-cultura","tag-tavira"],"yoast_head":"<!-- This site is optimized with the Yoast SEO plugin v27.5 - https:\/\/yoast.com\/product\/yoast-seo-wordpress\/ -->\n<title>Ver\u00e3o em Tavira 2025: Em julho e agosto \u2013 Um encontro com a cultura, a natureza e a identidade mediterr\u00e2nica - Algarve 7<\/title>\n<meta name=\"description\" content=\"Ver\u00e3o em Tavira 2025: Em julho e agosto \u2013 Um encontro com a cultura, a natureza e a identidade mediterr\u00e2nica Cultura\" \/>\n<meta name=\"robots\" content=\"index, follow, max-snippet:-1, max-image-preview:large, max-video-preview:-1\" \/>\n<link rel=\"canonical\" href=\"https:\/\/algarve7.pt\/index.php\/2025\/07\/verao-em-tavira-2025-em-julho-e-agosto-um-encontro-com-a-cultura-a-natureza-e-a-identidade-mediterranica\/cultura\/19\/59\/\" \/>\n<meta property=\"og:locale\" content=\"pt_PT\" \/>\n<meta property=\"og:type\" content=\"article\" \/>\n<meta property=\"og:title\" content=\"Ver\u00e3o em Tavira 2025: Em julho e agosto \u2013 Um encontro com a cultura, a natureza e a identidade mediterr\u00e2nica - Algarve 7\" \/>\n<meta property=\"og:description\" content=\"Ver\u00e3o em Tavira 2025: Em julho e agosto \u2013 Um encontro com a cultura, a natureza e a identidade mediterr\u00e2nica Cultura\" \/>\n<meta property=\"og:url\" content=\"https:\/\/algarve7.pt\/index.php\/2025\/07\/verao-em-tavira-2025-em-julho-e-agosto-um-encontro-com-a-cultura-a-natureza-e-a-identidade-mediterranica\/cultura\/19\/59\/\" \/>\n<meta property=\"og:site_name\" content=\"Algarve 7\" \/>\n<meta property=\"article:publisher\" content=\"https:\/\/www.facebook.com\/algarve7\" \/>\n<meta property=\"article:author\" content=\"https:\/\/www.facebook.com\/algarve7\" \/>\n<meta property=\"article:published_time\" content=\"2025-07-01T18:59:18+00:00\" \/>\n<meta property=\"article:modified_time\" content=\"2025-07-01T18:59:21+00:00\" \/>\n<meta property=\"og:image\" content=\"https:\/\/algarve7.pt\/wp-content\/uploads\/2025\/07\/Captura-de-ecra-2025-07-01-as-19.57.22.png\" \/>\n\t<meta property=\"og:image:width\" content=\"800\" \/>\n\t<meta property=\"og:image:height\" content=\"520\" \/>\n\t<meta property=\"og:image:type\" content=\"image\/png\" \/>\n<meta name=\"author\" content=\"Algarve 7\" \/>\n<meta name=\"twitter:card\" content=\"summary_large_image\" \/>\n<meta name=\"twitter:creator\" content=\"@Algarvesete\" \/>\n<meta name=\"twitter:site\" content=\"@Algarvesete\" \/>\n<meta name=\"twitter:label1\" content=\"Escrito por\" \/>\n\t<meta name=\"twitter:data1\" content=\"Algarve 7\" \/>\n\t<meta name=\"twitter:label2\" content=\"Tempo estimado de leitura\" \/>\n\t<meta name=\"twitter:data2\" content=\"8 minutos\" \/>\n<script type=\"application\/ld+json\" class=\"yoast-schema-graph\">{\"@context\":\"https:\\\/\\\/schema.org\",\"@graph\":[{\"@type\":\"Article\",\"@id\":\"https:\\\/\\\/algarve7.pt\\\/index.php\\\/2025\\\/07\\\/verao-em-tavira-2025-em-julho-e-agosto-um-encontro-com-a-cultura-a-natureza-e-a-identidade-mediterranica\\\/cultura\\\/19\\\/59\\\/#article\",\"isPartOf\":{\"@id\":\"https:\\\/\\\/algarve7.pt\\\/index.php\\\/2025\\\/07\\\/verao-em-tavira-2025-em-julho-e-agosto-um-encontro-com-a-cultura-a-natureza-e-a-identidade-mediterranica\\\/cultura\\\/19\\\/59\\\/\"},\"author\":{\"name\":\"Algarve 7\",\"@id\":\"https:\\\/\\\/algarve7.pt\\\/#\\\/schema\\\/person\\\/23fa70681308e7b319a3204bcea45e0c\"},\"headline\":\"Ver\u00e3o em Tavira 2025: Em julho e agosto \u2013 Um encontro com a cultura, a natureza e a identidade mediterr\u00e2nica\",\"datePublished\":\"2025-07-01T18:59:18+00:00\",\"dateModified\":\"2025-07-01T18:59:21+00:00\",\"mainEntityOfPage\":{\"@id\":\"https:\\\/\\\/algarve7.pt\\\/index.php\\\/2025\\\/07\\\/verao-em-tavira-2025-em-julho-e-agosto-um-encontro-com-a-cultura-a-natureza-e-a-identidade-mediterranica\\\/cultura\\\/19\\\/59\\\/\"},\"wordCount\":1563,\"publisher\":{\"@id\":\"https:\\\/\\\/algarve7.pt\\\/#organization\"},\"image\":{\"@id\":\"https:\\\/\\\/algarve7.pt\\\/index.php\\\/2025\\\/07\\\/verao-em-tavira-2025-em-julho-e-agosto-um-encontro-com-a-cultura-a-natureza-e-a-identidade-mediterranica\\\/cultura\\\/19\\\/59\\\/#primaryimage\"},\"thumbnailUrl\":\"https:\\\/\\\/algarve7.pt\\\/wp-content\\\/uploads\\\/2025\\\/07\\\/Captura-de-ecra-2025-07-01-as-19.57.22.png\",\"keywords\":[\"Algarve\",\"Cultura\",\"Tavira\"],\"articleSection\":[\"Cultura\"],\"inLanguage\":\"pt-PT\"},{\"@type\":\"WebPage\",\"@id\":\"https:\\\/\\\/algarve7.pt\\\/index.php\\\/2025\\\/07\\\/verao-em-tavira-2025-em-julho-e-agosto-um-encontro-com-a-cultura-a-natureza-e-a-identidade-mediterranica\\\/cultura\\\/19\\\/59\\\/\",\"url\":\"https:\\\/\\\/algarve7.pt\\\/index.php\\\/2025\\\/07\\\/verao-em-tavira-2025-em-julho-e-agosto-um-encontro-com-a-cultura-a-natureza-e-a-identidade-mediterranica\\\/cultura\\\/19\\\/59\\\/\",\"name\":\"Ver\u00e3o em Tavira 2025: Em julho e agosto \u2013 Um encontro com a cultura, a natureza e a identidade mediterr\u00e2nica - Algarve 7\",\"isPartOf\":{\"@id\":\"https:\\\/\\\/algarve7.pt\\\/#website\"},\"primaryImageOfPage\":{\"@id\":\"https:\\\/\\\/algarve7.pt\\\/index.php\\\/2025\\\/07\\\/verao-em-tavira-2025-em-julho-e-agosto-um-encontro-com-a-cultura-a-natureza-e-a-identidade-mediterranica\\\/cultura\\\/19\\\/59\\\/#primaryimage\"},\"image\":{\"@id\":\"https:\\\/\\\/algarve7.pt\\\/index.php\\\/2025\\\/07\\\/verao-em-tavira-2025-em-julho-e-agosto-um-encontro-com-a-cultura-a-natureza-e-a-identidade-mediterranica\\\/cultura\\\/19\\\/59\\\/#primaryimage\"},\"thumbnailUrl\":\"https:\\\/\\\/algarve7.pt\\\/wp-content\\\/uploads\\\/2025\\\/07\\\/Captura-de-ecra-2025-07-01-as-19.57.22.png\",\"datePublished\":\"2025-07-01T18:59:18+00:00\",\"dateModified\":\"2025-07-01T18:59:21+00:00\",\"description\":\"Ver\u00e3o em Tavira 2025: Em julho e agosto \u2013 Um encontro com a cultura, a natureza e a identidade mediterr\u00e2nica Cultura\",\"breadcrumb\":{\"@id\":\"https:\\\/\\\/algarve7.pt\\\/index.php\\\/2025\\\/07\\\/verao-em-tavira-2025-em-julho-e-agosto-um-encontro-com-a-cultura-a-natureza-e-a-identidade-mediterranica\\\/cultura\\\/19\\\/59\\\/#breadcrumb\"},\"inLanguage\":\"pt-PT\",\"potentialAction\":[{\"@type\":\"ReadAction\",\"target\":[\"https:\\\/\\\/algarve7.pt\\\/index.php\\\/2025\\\/07\\\/verao-em-tavira-2025-em-julho-e-agosto-um-encontro-com-a-cultura-a-natureza-e-a-identidade-mediterranica\\\/cultura\\\/19\\\/59\\\/\"]}]},{\"@type\":\"ImageObject\",\"inLanguage\":\"pt-PT\",\"@id\":\"https:\\\/\\\/algarve7.pt\\\/index.php\\\/2025\\\/07\\\/verao-em-tavira-2025-em-julho-e-agosto-um-encontro-com-a-cultura-a-natureza-e-a-identidade-mediterranica\\\/cultura\\\/19\\\/59\\\/#primaryimage\",\"url\":\"https:\\\/\\\/algarve7.pt\\\/wp-content\\\/uploads\\\/2025\\\/07\\\/Captura-de-ecra-2025-07-01-as-19.57.22.png\",\"contentUrl\":\"https:\\\/\\\/algarve7.pt\\\/wp-content\\\/uploads\\\/2025\\\/07\\\/Captura-de-ecra-2025-07-01-as-19.57.22.png\",\"width\":800,\"height\":520},{\"@type\":\"BreadcrumbList\",\"@id\":\"https:\\\/\\\/algarve7.pt\\\/index.php\\\/2025\\\/07\\\/verao-em-tavira-2025-em-julho-e-agosto-um-encontro-com-a-cultura-a-natureza-e-a-identidade-mediterranica\\\/cultura\\\/19\\\/59\\\/#breadcrumb\",\"itemListElement\":[{\"@type\":\"ListItem\",\"position\":1,\"name\":\"In\u00edcio\",\"item\":\"https:\\\/\\\/algarve7.pt\\\/\"},{\"@type\":\"ListItem\",\"position\":2,\"name\":\"Ver\u00e3o em Tavira 2025: Em julho e agosto \u2013 Um encontro com a cultura, a natureza e a identidade mediterr\u00e2nica\"}]},{\"@type\":\"WebSite\",\"@id\":\"https:\\\/\\\/algarve7.pt\\\/#website\",\"url\":\"https:\\\/\\\/algarve7.pt\\\/\",\"name\":\"Algarve 7\",\"description\":\"Informa\u00e7\u00e3o sobre o Algarve\",\"publisher\":{\"@id\":\"https:\\\/\\\/algarve7.pt\\\/#organization\"},\"potentialAction\":[{\"@type\":\"SearchAction\",\"target\":{\"@type\":\"EntryPoint\",\"urlTemplate\":\"https:\\\/\\\/algarve7.pt\\\/?s={search_term_string}\"},\"query-input\":{\"@type\":\"PropertyValueSpecification\",\"valueRequired\":true,\"valueName\":\"search_term_string\"}}],\"inLanguage\":\"pt-PT\"},{\"@type\":\"Organization\",\"@id\":\"https:\\\/\\\/algarve7.pt\\\/#organization\",\"name\":\"Algarve 7\",\"url\":\"https:\\\/\\\/algarve7.pt\\\/\",\"logo\":{\"@type\":\"ImageObject\",\"inLanguage\":\"pt-PT\",\"@id\":\"https:\\\/\\\/algarve7.pt\\\/#\\\/schema\\\/logo\\\/image\\\/\",\"url\":\"https:\\\/\\\/algarve7.pt\\\/wp-content\\\/uploads\\\/2020\\\/10\\\/Logo-8.jpg\",\"contentUrl\":\"https:\\\/\\\/algarve7.pt\\\/wp-content\\\/uploads\\\/2020\\\/10\\\/Logo-8.jpg\",\"width\":1680,\"height\":1186,\"caption\":\"Algarve 7\"},\"image\":{\"@id\":\"https:\\\/\\\/algarve7.pt\\\/#\\\/schema\\\/logo\\\/image\\\/\"},\"sameAs\":[\"https:\\\/\\\/www.facebook.com\\\/algarve7\",\"https:\\\/\\\/x.com\\\/Algarvesete\",\"https:\\\/\\\/www.instagram.com\\\/jornalalgarve7\\\/\",\"https:\\\/\\\/www.linkedin.com\\\/company\\\/algarve7\",\"https:\\\/\\\/www.pinterest.pt\\\/geral0939\\\/_created\\\/\"]},{\"@type\":\"Person\",\"@id\":\"https:\\\/\\\/algarve7.pt\\\/#\\\/schema\\\/person\\\/23fa70681308e7b319a3204bcea45e0c\",\"name\":\"Algarve 7\",\"sameAs\":[\"https:\\\/\\\/algarve7.pt\",\"https:\\\/\\\/www.facebook.com\\\/algarve7\"],\"url\":\"https:\\\/\\\/algarve7.pt\\\/index.php\\\/author\\\/geralalgarve7-pt\\\/\"}]}<\/script>\n<!-- \/ Yoast SEO plugin. -->","yoast_head_json":{"title":"Ver\u00e3o em Tavira 2025: Em julho e agosto \u2013 Um encontro com a cultura, a natureza e a identidade mediterr\u00e2nica - Algarve 7","description":"Ver\u00e3o em Tavira 2025: Em julho e agosto \u2013 Um encontro com a cultura, a natureza e a identidade mediterr\u00e2nica Cultura","robots":{"index":"index","follow":"follow","max-snippet":"max-snippet:-1","max-image-preview":"max-image-preview:large","max-video-preview":"max-video-preview:-1"},"canonical":"https:\/\/algarve7.pt\/index.php\/2025\/07\/verao-em-tavira-2025-em-julho-e-agosto-um-encontro-com-a-cultura-a-natureza-e-a-identidade-mediterranica\/cultura\/19\/59\/","og_locale":"pt_PT","og_type":"article","og_title":"Ver\u00e3o em Tavira 2025: Em julho e agosto \u2013 Um encontro com a cultura, a natureza e a identidade mediterr\u00e2nica - Algarve 7","og_description":"Ver\u00e3o em Tavira 2025: Em julho e agosto \u2013 Um encontro com a cultura, a natureza e a identidade mediterr\u00e2nica Cultura","og_url":"https:\/\/algarve7.pt\/index.php\/2025\/07\/verao-em-tavira-2025-em-julho-e-agosto-um-encontro-com-a-cultura-a-natureza-e-a-identidade-mediterranica\/cultura\/19\/59\/","og_site_name":"Algarve 7","article_publisher":"https:\/\/www.facebook.com\/algarve7","article_author":"https:\/\/www.facebook.com\/algarve7","article_published_time":"2025-07-01T18:59:18+00:00","article_modified_time":"2025-07-01T18:59:21+00:00","og_image":[{"width":800,"height":520,"url":"https:\/\/algarve7.pt\/wp-content\/uploads\/2025\/07\/Captura-de-ecra-2025-07-01-as-19.57.22.png","type":"image\/png"}],"author":"Algarve 7","twitter_card":"summary_large_image","twitter_creator":"@Algarvesete","twitter_site":"@Algarvesete","twitter_misc":{"Escrito por":"Algarve 7","Tempo estimado de leitura":"8 minutos"},"schema":{"@context":"https:\/\/schema.org","@graph":[{"@type":"Article","@id":"https:\/\/algarve7.pt\/index.php\/2025\/07\/verao-em-tavira-2025-em-julho-e-agosto-um-encontro-com-a-cultura-a-natureza-e-a-identidade-mediterranica\/cultura\/19\/59\/#article","isPartOf":{"@id":"https:\/\/algarve7.pt\/index.php\/2025\/07\/verao-em-tavira-2025-em-julho-e-agosto-um-encontro-com-a-cultura-a-natureza-e-a-identidade-mediterranica\/cultura\/19\/59\/"},"author":{"name":"Algarve 7","@id":"https:\/\/algarve7.pt\/#\/schema\/person\/23fa70681308e7b319a3204bcea45e0c"},"headline":"Ver\u00e3o em Tavira 2025: Em julho e agosto \u2013 Um encontro com a cultura, a natureza e a identidade mediterr\u00e2nica","datePublished":"2025-07-01T18:59:18+00:00","dateModified":"2025-07-01T18:59:21+00:00","mainEntityOfPage":{"@id":"https:\/\/algarve7.pt\/index.php\/2025\/07\/verao-em-tavira-2025-em-julho-e-agosto-um-encontro-com-a-cultura-a-natureza-e-a-identidade-mediterranica\/cultura\/19\/59\/"},"wordCount":1563,"publisher":{"@id":"https:\/\/algarve7.pt\/#organization"},"image":{"@id":"https:\/\/algarve7.pt\/index.php\/2025\/07\/verao-em-tavira-2025-em-julho-e-agosto-um-encontro-com-a-cultura-a-natureza-e-a-identidade-mediterranica\/cultura\/19\/59\/#primaryimage"},"thumbnailUrl":"https:\/\/algarve7.pt\/wp-content\/uploads\/2025\/07\/Captura-de-ecra-2025-07-01-as-19.57.22.png","keywords":["Algarve","Cultura","Tavira"],"articleSection":["Cultura"],"inLanguage":"pt-PT"},{"@type":"WebPage","@id":"https:\/\/algarve7.pt\/index.php\/2025\/07\/verao-em-tavira-2025-em-julho-e-agosto-um-encontro-com-a-cultura-a-natureza-e-a-identidade-mediterranica\/cultura\/19\/59\/","url":"https:\/\/algarve7.pt\/index.php\/2025\/07\/verao-em-tavira-2025-em-julho-e-agosto-um-encontro-com-a-cultura-a-natureza-e-a-identidade-mediterranica\/cultura\/19\/59\/","name":"Ver\u00e3o em Tavira 2025: Em julho e agosto \u2013 Um encontro com a cultura, a natureza e a identidade mediterr\u00e2nica - Algarve 7","isPartOf":{"@id":"https:\/\/algarve7.pt\/#website"},"primaryImageOfPage":{"@id":"https:\/\/algarve7.pt\/index.php\/2025\/07\/verao-em-tavira-2025-em-julho-e-agosto-um-encontro-com-a-cultura-a-natureza-e-a-identidade-mediterranica\/cultura\/19\/59\/#primaryimage"},"image":{"@id":"https:\/\/algarve7.pt\/index.php\/2025\/07\/verao-em-tavira-2025-em-julho-e-agosto-um-encontro-com-a-cultura-a-natureza-e-a-identidade-mediterranica\/cultura\/19\/59\/#primaryimage"},"thumbnailUrl":"https:\/\/algarve7.pt\/wp-content\/uploads\/2025\/07\/Captura-de-ecra-2025-07-01-as-19.57.22.png","datePublished":"2025-07-01T18:59:18+00:00","dateModified":"2025-07-01T18:59:21+00:00","description":"Ver\u00e3o em Tavira 2025: Em julho e agosto \u2013 Um encontro com a cultura, a natureza e a identidade mediterr\u00e2nica Cultura","breadcrumb":{"@id":"https:\/\/algarve7.pt\/index.php\/2025\/07\/verao-em-tavira-2025-em-julho-e-agosto-um-encontro-com-a-cultura-a-natureza-e-a-identidade-mediterranica\/cultura\/19\/59\/#breadcrumb"},"inLanguage":"pt-PT","potentialAction":[{"@type":"ReadAction","target":["https:\/\/algarve7.pt\/index.php\/2025\/07\/verao-em-tavira-2025-em-julho-e-agosto-um-encontro-com-a-cultura-a-natureza-e-a-identidade-mediterranica\/cultura\/19\/59\/"]}]},{"@type":"ImageObject","inLanguage":"pt-PT","@id":"https:\/\/algarve7.pt\/index.php\/2025\/07\/verao-em-tavira-2025-em-julho-e-agosto-um-encontro-com-a-cultura-a-natureza-e-a-identidade-mediterranica\/cultura\/19\/59\/#primaryimage","url":"https:\/\/algarve7.pt\/wp-content\/uploads\/2025\/07\/Captura-de-ecra-2025-07-01-as-19.57.22.png","contentUrl":"https:\/\/algarve7.pt\/wp-content\/uploads\/2025\/07\/Captura-de-ecra-2025-07-01-as-19.57.22.png","width":800,"height":520},{"@type":"BreadcrumbList","@id":"https:\/\/algarve7.pt\/index.php\/2025\/07\/verao-em-tavira-2025-em-julho-e-agosto-um-encontro-com-a-cultura-a-natureza-e-a-identidade-mediterranica\/cultura\/19\/59\/#breadcrumb","itemListElement":[{"@type":"ListItem","position":1,"name":"In\u00edcio","item":"https:\/\/algarve7.pt\/"},{"@type":"ListItem","position":2,"name":"Ver\u00e3o em Tavira 2025: Em julho e agosto \u2013 Um encontro com a cultura, a natureza e a identidade mediterr\u00e2nica"}]},{"@type":"WebSite","@id":"https:\/\/algarve7.pt\/#website","url":"https:\/\/algarve7.pt\/","name":"Algarve 7","description":"Informa\u00e7\u00e3o sobre o Algarve","publisher":{"@id":"https:\/\/algarve7.pt\/#organization"},"potentialAction":[{"@type":"SearchAction","target":{"@type":"EntryPoint","urlTemplate":"https:\/\/algarve7.pt\/?s={search_term_string}"},"query-input":{"@type":"PropertyValueSpecification","valueRequired":true,"valueName":"search_term_string"}}],"inLanguage":"pt-PT"},{"@type":"Organization","@id":"https:\/\/algarve7.pt\/#organization","name":"Algarve 7","url":"https:\/\/algarve7.pt\/","logo":{"@type":"ImageObject","inLanguage":"pt-PT","@id":"https:\/\/algarve7.pt\/#\/schema\/logo\/image\/","url":"https:\/\/algarve7.pt\/wp-content\/uploads\/2020\/10\/Logo-8.jpg","contentUrl":"https:\/\/algarve7.pt\/wp-content\/uploads\/2020\/10\/Logo-8.jpg","width":1680,"height":1186,"caption":"Algarve 7"},"image":{"@id":"https:\/\/algarve7.pt\/#\/schema\/logo\/image\/"},"sameAs":["https:\/\/www.facebook.com\/algarve7","https:\/\/x.com\/Algarvesete","https:\/\/www.instagram.com\/jornalalgarve7\/","https:\/\/www.linkedin.com\/company\/algarve7","https:\/\/www.pinterest.pt\/geral0939\/_created\/"]},{"@type":"Person","@id":"https:\/\/algarve7.pt\/#\/schema\/person\/23fa70681308e7b319a3204bcea45e0c","name":"Algarve 7","sameAs":["https:\/\/algarve7.pt","https:\/\/www.facebook.com\/algarve7"],"url":"https:\/\/algarve7.pt\/index.php\/author\/geralalgarve7-pt\/"}]}},"jetpack_publicize_connections":[],"jetpack_featured_media_url":"https:\/\/algarve7.pt\/wp-content\/uploads\/2025\/07\/Captura-de-ecra-2025-07-01-as-19.57.22.png","jetpack_shortlink":"https:\/\/wp.me\/pcezmW-dwP","jetpack_sharing_enabled":true,"_links":{"self":[{"href":"https:\/\/algarve7.pt\/index.php\/wp-json\/wp\/v2\/posts\/52007","targetHints":{"allow":["GET"]}}],"collection":[{"href":"https:\/\/algarve7.pt\/index.php\/wp-json\/wp\/v2\/posts"}],"about":[{"href":"https:\/\/algarve7.pt\/index.php\/wp-json\/wp\/v2\/types\/post"}],"author":[{"embeddable":true,"href":"https:\/\/algarve7.pt\/index.php\/wp-json\/wp\/v2\/users\/1"}],"replies":[{"embeddable":true,"href":"https:\/\/algarve7.pt\/index.php\/wp-json\/wp\/v2\/comments?post=52007"}],"version-history":[{"count":0,"href":"https:\/\/algarve7.pt\/index.php\/wp-json\/wp\/v2\/posts\/52007\/revisions"}],"wp:featuredmedia":[{"embeddable":true,"href":"https:\/\/algarve7.pt\/index.php\/wp-json\/wp\/v2\/media\/52008"}],"wp:attachment":[{"href":"https:\/\/algarve7.pt\/index.php\/wp-json\/wp\/v2\/media?parent=52007"}],"wp:term":[{"taxonomy":"category","embeddable":true,"href":"https:\/\/algarve7.pt\/index.php\/wp-json\/wp\/v2\/categories?post=52007"},{"taxonomy":"post_tag","embeddable":true,"href":"https:\/\/algarve7.pt\/index.php\/wp-json\/wp\/v2\/tags?post=52007"}],"curies":[{"name":"wp","href":"https:\/\/api.w.org\/{rel}","templated":true}]}}