{"id":51880,"date":"2025-06-28T12:43:51","date_gmt":"2025-06-28T11:43:51","guid":{"rendered":"https:\/\/algarve7.pt\/?p=51880"},"modified":"2025-06-28T12:43:54","modified_gmt":"2025-06-28T11:43:54","slug":"ciclo-urbano-da-agua-no-algarve-conferencia-destaca-contributo-dos-fundos-europeus-de-coesao-e-reforca-a-agua-como-prioridade-estrategica","status":"publish","type":"post","link":"https:\/\/algarve7.pt\/index.php\/2025\/06\/ciclo-urbano-da-agua-no-algarve-conferencia-destaca-contributo-dos-fundos-europeus-de-coesao-e-reforca-a-agua-como-prioridade-estrategica\/ambiente\/12\/43\/","title":{"rendered":"\u201cCiclo Urbano da \u00c1gua\u201d no Algarve: Confer\u00eancia destaca contributo dos fundos europeus de coes\u00e3o e refor\u00e7a a \u00c1gua como prioridade estrat\u00e9gica"},"content":{"rendered":"\n<p>O Programa Regional ALGARVE 2030 promoveu ontem, em Alte, mais uma sess\u00e3o do Ciclo de Confer\u00eancias sobre a \u00c1gua, desta vez com o mote: \u201cCiclo Urbano da \u00c1gua \u2013 Efici\u00eancia H\u00eddrica e Solu\u00e7\u00f5es Regenerativas\u201d, destacando os investimentos apoiados pelos Fundos Europeus e o papel estrat\u00e9gico da \u00e1gua no futuro sustent\u00e1vel da regi\u00e3o.<\/p>\n\n\n\n<p>O tema da \u00e1gua est\u00e1 no centro das decis\u00f5es estrat\u00e9gicas e urgentes da revis\u00e3o intercalar dos programas regionais do PT2030, o que reflete a crescente\u00a0<a>import\u00e2ncia\u00a0<\/a>da pol\u00edtica p\u00fablica da \u00e1gua no\u00a0contexto\u00a0de escassez h\u00eddrica e altera\u00e7\u00f5es clim\u00e1ticas.<\/p>\n\n\n\n<p>Portugal deu passos significativos no refor\u00e7o da resili\u00eancia h\u00eddrica e no compromisso com a sustentabilidade ambiental, conforme revela o mais recente\u00a0Relat\u00f3rio da Comiss\u00e3o Europeia sobre Portugal (junho de 2025) &#8211; Recomenda\u00e7\u00e3o do Conselho sobre as pol\u00edticas econ\u00f3micas, sociais, de emprego, estruturais e or\u00e7amentais de Portugal. No entanto, com uma redu\u00e7\u00e3o de 20% a 30% na disponibilidade de \u00e1gua doce ao longo das \u00faltimas duas d\u00e9cadas e com fen\u00f3menos de seca a afetar mais de 43% do territ\u00f3rio nacional em 2022, Portugal \u00e9 um dos pa\u00edses da Uni\u00e3o Europeia mais expostos \u00e0 escassez h\u00eddrica, sendo a regi\u00e3o algarvia particularmente vulner\u00e1vel \u00e0 seca, \u00e0 intrus\u00e3o salina e \u00e0s altera\u00e7\u00f5es nos padr\u00f5es de precipita\u00e7\u00e3o.<\/p>\n\n\n\n<p><a><\/a><a>No in\u00edcio da&nbsp;<\/a>sess\u00e3o, o Presidente da CCDR ALGARVE e da Comiss\u00e3o Diretiva do Programa Regional ALGARVE 2030, Jos\u00e9 Apolin\u00e1rio, sublinhou ser a gest\u00e3o da \u00e1gua uma prioridade regional de interesse p\u00fablico, com implica\u00e7\u00f5es diretas na qualidade de vida e no equil\u00edbrio ambiental do territ\u00f3rio. Destacou ainda a import\u00e2ncia de um compromisso pol\u00edtico sustentado e de uma a\u00e7\u00e3o concertada entre entidades p\u00fablicas, Munic\u00edpios e Freguesias, setores econ\u00f3micos e sociedade civil.<\/p>\n\n\n\n<p>Neste contexto, o Programa Regional ALGARVE 2030 assume o tema da \u00e1gua como uma prioridade estrat\u00e9gica para o desenvolvimento sustent\u00e1vel da regi\u00e3o, tendo alocado inicialmente uma verba de aproximadamente 66 milh\u00f5es de euros para melhorar as respostas de proximidade e no territ\u00f3rio, no quadro de uma governan\u00e7a multin\u00edvel, visando uma gest\u00e3o mais eficiente e resiliente dos recursos h\u00eddricos, em especial no que respeita ao ciclo urbano da \u00e1gua, desde a capta\u00e7\u00e3o at\u00e9 \u00e0 reutiliza\u00e7\u00e3o.<\/p>\n\n\n\n<p>Este investimento contribui diretamente para os compromissos nacionais e europeus no dom\u00ednio da sustentabilidade e para o cumprimento do Pacto Ecol\u00f3gico Europeu, refor\u00e7ando a lideran\u00e7a do Algarve na resposta a um dos seus maiores desafios estruturais: a escassez de \u00e1gua.&nbsp;<\/p>\n\n\n\n<p>At\u00e9 ao momento foram submetidas 11 candidaturas no dom\u00ednio do ciclo urbano da \u00e1gua, que representam um investimento total de cerca de 41,2 milh\u00f5es de euros, com financiamento m\u00e9dio de 60% do Fundo Europeu de Desenvolvimento Regional (FEDER). Estas opera\u00e7\u00f5es, protagonizadas por entidades como a \u00c1guas do Algarve, EMARP, TAVIRAVERDE, AMBIOLH\u00c3O, INFRAMOURA e os munic\u00edpios de Lagos, Lagoa, Castro Marim, Portim\u00e3o, Silves e Olh\u00e3o, visam:<\/p>\n\n\n\n<p>Redu\u00e7\u00e3o de perdas nas redes urbanas;<\/p>\n\n\n\n<p>Reabilita\u00e7\u00e3o de infraestruturas obsoletas;<\/p>\n\n\n\n<p>Preven\u00e7\u00e3o e redu\u00e7\u00e3o da intrus\u00e3o salina;<\/p>\n\n\n\n<p>Reutiliza\u00e7\u00e3o de \u00e1guas residuais tratadas;<\/p>\n\n\n\n<p>Expans\u00e3o e moderniza\u00e7\u00e3o das redes de saneamento.<\/p>\n\n\n\n<p>A confer\u00eancia contou com a participa\u00e7\u00e3o de Autarcas e representantes das entidades com candidaturas apresentadas, que destacaram as a\u00e7\u00f5es implementadas e previstas para o territ\u00f3rio.&nbsp;<\/p>\n\n\n\n<p>Os v\u00e1rios pain\u00e9is no programa do dia contaram com oradores de excel\u00eancia como a docente da Universidade Nova de Lisboa, Rita Murtinho, a docente da Universidade do Algarve, Manuela Moreira da Silva, o diretor de opera\u00e7\u00f5es da empresa multinacional VEOLIA, Diogo Talone, e o Presidente da Ag\u00eancia Portuguesa do Ambiente, Pimenta Machado.<\/p>\n\n\n\n<p>A sess\u00e3o foi encerrada pela Ministra do Ambiente e Energia, Maria da Gra\u00e7a Carvalho, que congratulou os benefici\u00e1rios das candidaturas apresentadas no \u00e2mbito do PR Algarve 2030 para o ciclo urbano da \u00e1gua, e confirmou o refor\u00e7o de 10 milh\u00f5es de euros propostos pelo Programa Regional do Algarve, bem como a complementaridade de verba do Fundo Ambiental, no dom\u00ednio do combate \u00e0s perdas de \u00e1gua, saudando os esfor\u00e7os da comiss\u00e3o diretiva do ALGARVE 2030 em articula\u00e7\u00e3o com as \u00e1reas governativas do ambiente e da coes\u00e3o, para o aumento deste financiamento em particular nesta \u00e1rea.<\/p>\n\n\n\n<p>Na sua interven\u00e7\u00e3o, Maria da Gra\u00e7a Carvalho destacou a import\u00e2ncia da estrat\u00e9gia europeia para a tem\u00e1tica da \u00e1gua, aprovada a 6 de junho deste ano, salientando o empenho do Governo portugu\u00eas no avan\u00e7o desta orienta\u00e7\u00e3o pol\u00edtica europeia, que contempla v\u00e1rias recomenda\u00e7\u00f5es e metas da efici\u00eancia h\u00eddrica da uni\u00e3o europeia para valores mais elevados e que ditar\u00e1 as prioridades do pr\u00f3ximo quadro de apoio.<\/p>\n\n\n\n<p>Real\u00e7ou ainda a mobiliza\u00e7\u00e3o de recursos para acelerar a execu\u00e7\u00e3o de projetos que garantam a resili\u00eancia dos territ\u00f3rios mais vulner\u00e1veis, com destaque para a regi\u00e3o algarvia. Mencionando em particular os investimentos em curso no Algarve, nomeadamente a constru\u00e7\u00e3o da dessaliniza\u00e7\u00e3o em Albufeira e a tomada de \u00e1gua do Pomar\u00e3o bem como os investimentos realizados no \u00e2mbito do PRR para a redu\u00e7\u00e3o de perdas e a sua continuidade no \u00e2mbito do PR ALGARVE 2030.&nbsp;<\/p>\n\n\n\n<p>Frisou ainda que a experi\u00eancia com Algarve foi o mote inspirador para a implementa\u00e7\u00e3o da estrat\u00e9gia \u201c\u00c1gua que Une\u201d, lan\u00e7ada em mar\u00e7o de 2025, que prop\u00f5e medidas especificas para o algarve, integradas para garantir a sustentabilidade dos recursos h\u00eddricos, nomeadamente o refor\u00e7o das infraestruturas, a redu\u00e7\u00e3o de perdas nas redes de distribui\u00e7\u00e3o.<\/p>\n\n\n\n<p>Este ciclo de confer\u00eancias sobre a tem\u00e1tica da \u00e1gua, est\u00e1 integrado na estrat\u00e9gia de comunica\u00e7\u00e3o do ALGARVE 2030, com o objetivo de sensibilizar, informar e mobilizar a sociedade em torno de um tema crucial para o futuro da regi\u00e3o, aproximando os benefici\u00e1rios e o p\u00fablico em geral dos investimentos dos Fundos Europeus, valorizando e dando visibilidade aos resultados obtidos. Para tal conta com a parceria do jornal P\u00fablico, que assegura a divulga\u00e7\u00e3o e livestreeming pelos diversos canais de comunica\u00e7\u00e3o, abrangendo toda a \u00e1rea nacional, promovendo a transpar\u00eancia e o acesso p\u00fablico \u00e0 informa\u00e7\u00e3o.<\/p>\n\n\n\n<p>Este formato permite aprofundar o conhecimento t\u00e9cnico, divulgar boas pr\u00e1ticas e refor\u00e7ar a articula\u00e7\u00e3o entre a ci\u00eancia, a pol\u00edtica p\u00fablica e a a\u00e7\u00e3o local. Cada sess\u00e3o est\u00e1 dispon\u00edvel para visualiza\u00e7\u00e3o online:\u00a0<a href=\"https:\/\/www.youtube.com\/watch?v=HpbdhSsGmFI\" target=\"_blank\" rel=\"noreferrer noopener\">Ver grava\u00e7\u00e3o<\/a>.<\/p>\n\n\n\n<p>O ciclo de confer\u00eancias iniciado em 2024 prosseguir\u00e1 com mais duas confer\u00eancias a realizar durante o ano 2025, aprofundando a articula\u00e7\u00e3o entre ci\u00eancia, pol\u00edticas p\u00fablicas e a\u00e7\u00e3o local, com enfoque nos desafios e solu\u00e7\u00f5es para a sustentabilidade h\u00eddrica no Algarve.<\/p>\n","protected":false},"excerpt":{"rendered":"<p>O Programa Regional ALGARVE 2030 promoveu ontem, em Alte, mais uma sess\u00e3o do Ciclo de Confer\u00eancias sobre a \u00c1gua, desta<\/p>\n","protected":false},"author":1,"featured_media":51881,"comment_status":"closed","ping_status":"closed","sticky":false,"template":"","format":"standard","meta":{"colormag_page_container_layout":"default_layout","colormag_page_sidebar_layout":"default_layout","_monsterinsights_skip_tracking":false,"_monsterinsights_sitenote_active":false,"_monsterinsights_sitenote_note":"","_monsterinsights_sitenote_category":0,"jetpack_post_was_ever_published":false,"_jetpack_newsletter_access":"","_jetpack_dont_email_post_to_subs":false,"_jetpack_newsletter_tier_id":0,"_jetpack_memberships_contains_paywalled_content":false,"_jetpack_memberships_contains_paid_content":false,"footnotes":"","jetpack_publicize_message":"","jetpack_publicize_feature_enabled":true,"jetpack_social_post_already_shared":false,"jetpack_social_options":{"image_generator_settings":{"template":"highway","default_image_id":0,"font":"","enabled":false},"version":2}},"categories":[5],"tags":[36,32,143],"class_list":["post-51880","post","type-post","status-publish","format-standard","has-post-thumbnail","hentry","category-ambiente","tag-algarve","tag-ambiente","tag-ccdr-algarve"],"yoast_head":"<!-- This site is optimized with the Yoast SEO plugin v27.5 - https:\/\/yoast.com\/product\/yoast-seo-wordpress\/ -->\n<title>\u201cCiclo Urbano da \u00c1gua\u201d no Algarve: Confer\u00eancia destaca contributo dos fundos europeus de coes\u00e3o e refor\u00e7a a \u00c1gua como prioridade estrat\u00e9gica - Algarve 7<\/title>\n<meta name=\"description\" content=\"\u201cCiclo Urbano da \u00c1gua\u201d no Algarve: Confer\u00eancia destaca contributo dos fundos europeus de coes\u00e3o e refor\u00e7a a \u00c1gua como prioridade estrat\u00e9gica Ambiente\" \/>\n<meta name=\"robots\" content=\"index, follow, max-snippet:-1, max-image-preview:large, max-video-preview:-1\" \/>\n<link rel=\"canonical\" href=\"https:\/\/algarve7.pt\/index.php\/2025\/06\/ciclo-urbano-da-agua-no-algarve-conferencia-destaca-contributo-dos-fundos-europeus-de-coesao-e-reforca-a-agua-como-prioridade-estrategica\/ambiente\/12\/43\/\" \/>\n<meta property=\"og:locale\" content=\"pt_PT\" \/>\n<meta property=\"og:type\" content=\"article\" \/>\n<meta property=\"og:title\" content=\"\u201cCiclo Urbano da \u00c1gua\u201d no Algarve: Confer\u00eancia destaca contributo dos fundos europeus de coes\u00e3o e refor\u00e7a a \u00c1gua como prioridade estrat\u00e9gica - Algarve 7\" \/>\n<meta property=\"og:description\" content=\"\u201cCiclo Urbano da \u00c1gua\u201d no Algarve: Confer\u00eancia destaca contributo dos fundos europeus de coes\u00e3o e refor\u00e7a a \u00c1gua como prioridade estrat\u00e9gica Ambiente\" \/>\n<meta property=\"og:url\" content=\"https:\/\/algarve7.pt\/index.php\/2025\/06\/ciclo-urbano-da-agua-no-algarve-conferencia-destaca-contributo-dos-fundos-europeus-de-coesao-e-reforca-a-agua-como-prioridade-estrategica\/ambiente\/12\/43\/\" \/>\n<meta property=\"og:site_name\" content=\"Algarve 7\" \/>\n<meta property=\"article:publisher\" content=\"https:\/\/www.facebook.com\/algarve7\" \/>\n<meta property=\"article:author\" content=\"https:\/\/www.facebook.com\/algarve7\" \/>\n<meta property=\"article:published_time\" content=\"2025-06-28T11:43:51+00:00\" \/>\n<meta property=\"article:modified_time\" content=\"2025-06-28T11:43:54+00:00\" \/>\n<meta property=\"og:image\" content=\"https:\/\/algarve7.pt\/wp-content\/uploads\/2025\/06\/Conferencia-Ciclo-Urbano-da-Agua-Alte-26-06-2025-30.j-pg.jpeg\" \/>\n\t<meta property=\"og:image:width\" content=\"800\" \/>\n\t<meta property=\"og:image:height\" content=\"500\" \/>\n\t<meta property=\"og:image:type\" content=\"image\/jpeg\" \/>\n<meta name=\"author\" content=\"Algarve 7\" \/>\n<meta name=\"twitter:card\" content=\"summary_large_image\" \/>\n<meta name=\"twitter:creator\" content=\"@Algarvesete\" \/>\n<meta name=\"twitter:site\" content=\"@Algarvesete\" \/>\n<meta name=\"twitter:label1\" content=\"Escrito por\" \/>\n\t<meta name=\"twitter:data1\" content=\"Algarve 7\" \/>\n\t<meta name=\"twitter:label2\" content=\"Tempo estimado de leitura\" \/>\n\t<meta name=\"twitter:data2\" content=\"6 minutos\" \/>\n<script type=\"application\/ld+json\" class=\"yoast-schema-graph\">{\"@context\":\"https:\\\/\\\/schema.org\",\"@graph\":[{\"@type\":\"Article\",\"@id\":\"https:\\\/\\\/algarve7.pt\\\/index.php\\\/2025\\\/06\\\/ciclo-urbano-da-agua-no-algarve-conferencia-destaca-contributo-dos-fundos-europeus-de-coesao-e-reforca-a-agua-como-prioridade-estrategica\\\/ambiente\\\/12\\\/43\\\/#article\",\"isPartOf\":{\"@id\":\"https:\\\/\\\/algarve7.pt\\\/index.php\\\/2025\\\/06\\\/ciclo-urbano-da-agua-no-algarve-conferencia-destaca-contributo-dos-fundos-europeus-de-coesao-e-reforca-a-agua-como-prioridade-estrategica\\\/ambiente\\\/12\\\/43\\\/\"},\"author\":{\"name\":\"Algarve 7\",\"@id\":\"https:\\\/\\\/algarve7.pt\\\/#\\\/schema\\\/person\\\/23fa70681308e7b319a3204bcea45e0c\"},\"headline\":\"\u201cCiclo Urbano da \u00c1gua\u201d no Algarve: Confer\u00eancia destaca contributo dos fundos europeus de coes\u00e3o e refor\u00e7a a \u00c1gua como prioridade estrat\u00e9gica\",\"datePublished\":\"2025-06-28T11:43:51+00:00\",\"dateModified\":\"2025-06-28T11:43:54+00:00\",\"mainEntityOfPage\":{\"@id\":\"https:\\\/\\\/algarve7.pt\\\/index.php\\\/2025\\\/06\\\/ciclo-urbano-da-agua-no-algarve-conferencia-destaca-contributo-dos-fundos-europeus-de-coesao-e-reforca-a-agua-como-prioridade-estrategica\\\/ambiente\\\/12\\\/43\\\/\"},\"wordCount\":1180,\"publisher\":{\"@id\":\"https:\\\/\\\/algarve7.pt\\\/#organization\"},\"image\":{\"@id\":\"https:\\\/\\\/algarve7.pt\\\/index.php\\\/2025\\\/06\\\/ciclo-urbano-da-agua-no-algarve-conferencia-destaca-contributo-dos-fundos-europeus-de-coesao-e-reforca-a-agua-como-prioridade-estrategica\\\/ambiente\\\/12\\\/43\\\/#primaryimage\"},\"thumbnailUrl\":\"https:\\\/\\\/algarve7.pt\\\/wp-content\\\/uploads\\\/2025\\\/06\\\/Conferencia-Ciclo-Urbano-da-Agua-Alte-26-06-2025-30.j-pg.jpeg\",\"keywords\":[\"Algarve\",\"Ambiente\",\"CCDR Algarve\"],\"articleSection\":[\"Ambiente\"],\"inLanguage\":\"pt-PT\"},{\"@type\":\"WebPage\",\"@id\":\"https:\\\/\\\/algarve7.pt\\\/index.php\\\/2025\\\/06\\\/ciclo-urbano-da-agua-no-algarve-conferencia-destaca-contributo-dos-fundos-europeus-de-coesao-e-reforca-a-agua-como-prioridade-estrategica\\\/ambiente\\\/12\\\/43\\\/\",\"url\":\"https:\\\/\\\/algarve7.pt\\\/index.php\\\/2025\\\/06\\\/ciclo-urbano-da-agua-no-algarve-conferencia-destaca-contributo-dos-fundos-europeus-de-coesao-e-reforca-a-agua-como-prioridade-estrategica\\\/ambiente\\\/12\\\/43\\\/\",\"name\":\"\u201cCiclo Urbano da \u00c1gua\u201d no Algarve: Confer\u00eancia destaca contributo dos fundos europeus de coes\u00e3o e refor\u00e7a a \u00c1gua como prioridade estrat\u00e9gica - Algarve 7\",\"isPartOf\":{\"@id\":\"https:\\\/\\\/algarve7.pt\\\/#website\"},\"primaryImageOfPage\":{\"@id\":\"https:\\\/\\\/algarve7.pt\\\/index.php\\\/2025\\\/06\\\/ciclo-urbano-da-agua-no-algarve-conferencia-destaca-contributo-dos-fundos-europeus-de-coesao-e-reforca-a-agua-como-prioridade-estrategica\\\/ambiente\\\/12\\\/43\\\/#primaryimage\"},\"image\":{\"@id\":\"https:\\\/\\\/algarve7.pt\\\/index.php\\\/2025\\\/06\\\/ciclo-urbano-da-agua-no-algarve-conferencia-destaca-contributo-dos-fundos-europeus-de-coesao-e-reforca-a-agua-como-prioridade-estrategica\\\/ambiente\\\/12\\\/43\\\/#primaryimage\"},\"thumbnailUrl\":\"https:\\\/\\\/algarve7.pt\\\/wp-content\\\/uploads\\\/2025\\\/06\\\/Conferencia-Ciclo-Urbano-da-Agua-Alte-26-06-2025-30.j-pg.jpeg\",\"datePublished\":\"2025-06-28T11:43:51+00:00\",\"dateModified\":\"2025-06-28T11:43:54+00:00\",\"description\":\"\u201cCiclo Urbano da \u00c1gua\u201d no Algarve: Confer\u00eancia destaca contributo dos fundos europeus de coes\u00e3o e refor\u00e7a a \u00c1gua como prioridade estrat\u00e9gica Ambiente\",\"breadcrumb\":{\"@id\":\"https:\\\/\\\/algarve7.pt\\\/index.php\\\/2025\\\/06\\\/ciclo-urbano-da-agua-no-algarve-conferencia-destaca-contributo-dos-fundos-europeus-de-coesao-e-reforca-a-agua-como-prioridade-estrategica\\\/ambiente\\\/12\\\/43\\\/#breadcrumb\"},\"inLanguage\":\"pt-PT\",\"potentialAction\":[{\"@type\":\"ReadAction\",\"target\":[\"https:\\\/\\\/algarve7.pt\\\/index.php\\\/2025\\\/06\\\/ciclo-urbano-da-agua-no-algarve-conferencia-destaca-contributo-dos-fundos-europeus-de-coesao-e-reforca-a-agua-como-prioridade-estrategica\\\/ambiente\\\/12\\\/43\\\/\"]}]},{\"@type\":\"ImageObject\",\"inLanguage\":\"pt-PT\",\"@id\":\"https:\\\/\\\/algarve7.pt\\\/index.php\\\/2025\\\/06\\\/ciclo-urbano-da-agua-no-algarve-conferencia-destaca-contributo-dos-fundos-europeus-de-coesao-e-reforca-a-agua-como-prioridade-estrategica\\\/ambiente\\\/12\\\/43\\\/#primaryimage\",\"url\":\"https:\\\/\\\/algarve7.pt\\\/wp-content\\\/uploads\\\/2025\\\/06\\\/Conferencia-Ciclo-Urbano-da-Agua-Alte-26-06-2025-30.j-pg.jpeg\",\"contentUrl\":\"https:\\\/\\\/algarve7.pt\\\/wp-content\\\/uploads\\\/2025\\\/06\\\/Conferencia-Ciclo-Urbano-da-Agua-Alte-26-06-2025-30.j-pg.jpeg\",\"width\":800,\"height\":500},{\"@type\":\"BreadcrumbList\",\"@id\":\"https:\\\/\\\/algarve7.pt\\\/index.php\\\/2025\\\/06\\\/ciclo-urbano-da-agua-no-algarve-conferencia-destaca-contributo-dos-fundos-europeus-de-coesao-e-reforca-a-agua-como-prioridade-estrategica\\\/ambiente\\\/12\\\/43\\\/#breadcrumb\",\"itemListElement\":[{\"@type\":\"ListItem\",\"position\":1,\"name\":\"In\u00edcio\",\"item\":\"https:\\\/\\\/algarve7.pt\\\/\"},{\"@type\":\"ListItem\",\"position\":2,\"name\":\"\u201cCiclo Urbano da \u00c1gua\u201d no Algarve: Confer\u00eancia destaca contributo dos fundos europeus de coes\u00e3o e refor\u00e7a a \u00c1gua como prioridade estrat\u00e9gica\"}]},{\"@type\":\"WebSite\",\"@id\":\"https:\\\/\\\/algarve7.pt\\\/#website\",\"url\":\"https:\\\/\\\/algarve7.pt\\\/\",\"name\":\"Algarve 7\",\"description\":\"Informa\u00e7\u00e3o sobre o Algarve\",\"publisher\":{\"@id\":\"https:\\\/\\\/algarve7.pt\\\/#organization\"},\"potentialAction\":[{\"@type\":\"SearchAction\",\"target\":{\"@type\":\"EntryPoint\",\"urlTemplate\":\"https:\\\/\\\/algarve7.pt\\\/?s={search_term_string}\"},\"query-input\":{\"@type\":\"PropertyValueSpecification\",\"valueRequired\":true,\"valueName\":\"search_term_string\"}}],\"inLanguage\":\"pt-PT\"},{\"@type\":\"Organization\",\"@id\":\"https:\\\/\\\/algarve7.pt\\\/#organization\",\"name\":\"Algarve 7\",\"url\":\"https:\\\/\\\/algarve7.pt\\\/\",\"logo\":{\"@type\":\"ImageObject\",\"inLanguage\":\"pt-PT\",\"@id\":\"https:\\\/\\\/algarve7.pt\\\/#\\\/schema\\\/logo\\\/image\\\/\",\"url\":\"https:\\\/\\\/algarve7.pt\\\/wp-content\\\/uploads\\\/2020\\\/10\\\/Logo-8.jpg\",\"contentUrl\":\"https:\\\/\\\/algarve7.pt\\\/wp-content\\\/uploads\\\/2020\\\/10\\\/Logo-8.jpg\",\"width\":1680,\"height\":1186,\"caption\":\"Algarve 7\"},\"image\":{\"@id\":\"https:\\\/\\\/algarve7.pt\\\/#\\\/schema\\\/logo\\\/image\\\/\"},\"sameAs\":[\"https:\\\/\\\/www.facebook.com\\\/algarve7\",\"https:\\\/\\\/x.com\\\/Algarvesete\",\"https:\\\/\\\/www.instagram.com\\\/jornalalgarve7\\\/\",\"https:\\\/\\\/www.linkedin.com\\\/company\\\/algarve7\",\"https:\\\/\\\/www.pinterest.pt\\\/geral0939\\\/_created\\\/\"]},{\"@type\":\"Person\",\"@id\":\"https:\\\/\\\/algarve7.pt\\\/#\\\/schema\\\/person\\\/23fa70681308e7b319a3204bcea45e0c\",\"name\":\"Algarve 7\",\"sameAs\":[\"https:\\\/\\\/algarve7.pt\",\"https:\\\/\\\/www.facebook.com\\\/algarve7\"],\"url\":\"https:\\\/\\\/algarve7.pt\\\/index.php\\\/author\\\/geralalgarve7-pt\\\/\"}]}<\/script>\n<!-- \/ Yoast SEO plugin. -->","yoast_head_json":{"title":"\u201cCiclo Urbano da \u00c1gua\u201d no Algarve: Confer\u00eancia destaca contributo dos fundos europeus de coes\u00e3o e refor\u00e7a a \u00c1gua como prioridade estrat\u00e9gica - Algarve 7","description":"\u201cCiclo Urbano da \u00c1gua\u201d no Algarve: Confer\u00eancia destaca contributo dos fundos europeus de coes\u00e3o e refor\u00e7a a \u00c1gua como prioridade estrat\u00e9gica Ambiente","robots":{"index":"index","follow":"follow","max-snippet":"max-snippet:-1","max-image-preview":"max-image-preview:large","max-video-preview":"max-video-preview:-1"},"canonical":"https:\/\/algarve7.pt\/index.php\/2025\/06\/ciclo-urbano-da-agua-no-algarve-conferencia-destaca-contributo-dos-fundos-europeus-de-coesao-e-reforca-a-agua-como-prioridade-estrategica\/ambiente\/12\/43\/","og_locale":"pt_PT","og_type":"article","og_title":"\u201cCiclo Urbano da \u00c1gua\u201d no Algarve: Confer\u00eancia destaca contributo dos fundos europeus de coes\u00e3o e refor\u00e7a a \u00c1gua como prioridade estrat\u00e9gica - Algarve 7","og_description":"\u201cCiclo Urbano da \u00c1gua\u201d no Algarve: Confer\u00eancia destaca contributo dos fundos europeus de coes\u00e3o e refor\u00e7a a \u00c1gua como prioridade estrat\u00e9gica Ambiente","og_url":"https:\/\/algarve7.pt\/index.php\/2025\/06\/ciclo-urbano-da-agua-no-algarve-conferencia-destaca-contributo-dos-fundos-europeus-de-coesao-e-reforca-a-agua-como-prioridade-estrategica\/ambiente\/12\/43\/","og_site_name":"Algarve 7","article_publisher":"https:\/\/www.facebook.com\/algarve7","article_author":"https:\/\/www.facebook.com\/algarve7","article_published_time":"2025-06-28T11:43:51+00:00","article_modified_time":"2025-06-28T11:43:54+00:00","og_image":[{"width":800,"height":500,"url":"https:\/\/algarve7.pt\/wp-content\/uploads\/2025\/06\/Conferencia-Ciclo-Urbano-da-Agua-Alte-26-06-2025-30.j-pg.jpeg","type":"image\/jpeg"}],"author":"Algarve 7","twitter_card":"summary_large_image","twitter_creator":"@Algarvesete","twitter_site":"@Algarvesete","twitter_misc":{"Escrito por":"Algarve 7","Tempo estimado de leitura":"6 minutos"},"schema":{"@context":"https:\/\/schema.org","@graph":[{"@type":"Article","@id":"https:\/\/algarve7.pt\/index.php\/2025\/06\/ciclo-urbano-da-agua-no-algarve-conferencia-destaca-contributo-dos-fundos-europeus-de-coesao-e-reforca-a-agua-como-prioridade-estrategica\/ambiente\/12\/43\/#article","isPartOf":{"@id":"https:\/\/algarve7.pt\/index.php\/2025\/06\/ciclo-urbano-da-agua-no-algarve-conferencia-destaca-contributo-dos-fundos-europeus-de-coesao-e-reforca-a-agua-como-prioridade-estrategica\/ambiente\/12\/43\/"},"author":{"name":"Algarve 7","@id":"https:\/\/algarve7.pt\/#\/schema\/person\/23fa70681308e7b319a3204bcea45e0c"},"headline":"\u201cCiclo Urbano da \u00c1gua\u201d no Algarve: Confer\u00eancia destaca contributo dos fundos europeus de coes\u00e3o e refor\u00e7a a \u00c1gua como prioridade estrat\u00e9gica","datePublished":"2025-06-28T11:43:51+00:00","dateModified":"2025-06-28T11:43:54+00:00","mainEntityOfPage":{"@id":"https:\/\/algarve7.pt\/index.php\/2025\/06\/ciclo-urbano-da-agua-no-algarve-conferencia-destaca-contributo-dos-fundos-europeus-de-coesao-e-reforca-a-agua-como-prioridade-estrategica\/ambiente\/12\/43\/"},"wordCount":1180,"publisher":{"@id":"https:\/\/algarve7.pt\/#organization"},"image":{"@id":"https:\/\/algarve7.pt\/index.php\/2025\/06\/ciclo-urbano-da-agua-no-algarve-conferencia-destaca-contributo-dos-fundos-europeus-de-coesao-e-reforca-a-agua-como-prioridade-estrategica\/ambiente\/12\/43\/#primaryimage"},"thumbnailUrl":"https:\/\/algarve7.pt\/wp-content\/uploads\/2025\/06\/Conferencia-Ciclo-Urbano-da-Agua-Alte-26-06-2025-30.j-pg.jpeg","keywords":["Algarve","Ambiente","CCDR Algarve"],"articleSection":["Ambiente"],"inLanguage":"pt-PT"},{"@type":"WebPage","@id":"https:\/\/algarve7.pt\/index.php\/2025\/06\/ciclo-urbano-da-agua-no-algarve-conferencia-destaca-contributo-dos-fundos-europeus-de-coesao-e-reforca-a-agua-como-prioridade-estrategica\/ambiente\/12\/43\/","url":"https:\/\/algarve7.pt\/index.php\/2025\/06\/ciclo-urbano-da-agua-no-algarve-conferencia-destaca-contributo-dos-fundos-europeus-de-coesao-e-reforca-a-agua-como-prioridade-estrategica\/ambiente\/12\/43\/","name":"\u201cCiclo Urbano da \u00c1gua\u201d no Algarve: Confer\u00eancia destaca contributo dos fundos europeus de coes\u00e3o e refor\u00e7a a \u00c1gua como prioridade estrat\u00e9gica - Algarve 7","isPartOf":{"@id":"https:\/\/algarve7.pt\/#website"},"primaryImageOfPage":{"@id":"https:\/\/algarve7.pt\/index.php\/2025\/06\/ciclo-urbano-da-agua-no-algarve-conferencia-destaca-contributo-dos-fundos-europeus-de-coesao-e-reforca-a-agua-como-prioridade-estrategica\/ambiente\/12\/43\/#primaryimage"},"image":{"@id":"https:\/\/algarve7.pt\/index.php\/2025\/06\/ciclo-urbano-da-agua-no-algarve-conferencia-destaca-contributo-dos-fundos-europeus-de-coesao-e-reforca-a-agua-como-prioridade-estrategica\/ambiente\/12\/43\/#primaryimage"},"thumbnailUrl":"https:\/\/algarve7.pt\/wp-content\/uploads\/2025\/06\/Conferencia-Ciclo-Urbano-da-Agua-Alte-26-06-2025-30.j-pg.jpeg","datePublished":"2025-06-28T11:43:51+00:00","dateModified":"2025-06-28T11:43:54+00:00","description":"\u201cCiclo Urbano da \u00c1gua\u201d no Algarve: Confer\u00eancia destaca contributo dos fundos europeus de coes\u00e3o e refor\u00e7a a \u00c1gua como prioridade estrat\u00e9gica Ambiente","breadcrumb":{"@id":"https:\/\/algarve7.pt\/index.php\/2025\/06\/ciclo-urbano-da-agua-no-algarve-conferencia-destaca-contributo-dos-fundos-europeus-de-coesao-e-reforca-a-agua-como-prioridade-estrategica\/ambiente\/12\/43\/#breadcrumb"},"inLanguage":"pt-PT","potentialAction":[{"@type":"ReadAction","target":["https:\/\/algarve7.pt\/index.php\/2025\/06\/ciclo-urbano-da-agua-no-algarve-conferencia-destaca-contributo-dos-fundos-europeus-de-coesao-e-reforca-a-agua-como-prioridade-estrategica\/ambiente\/12\/43\/"]}]},{"@type":"ImageObject","inLanguage":"pt-PT","@id":"https:\/\/algarve7.pt\/index.php\/2025\/06\/ciclo-urbano-da-agua-no-algarve-conferencia-destaca-contributo-dos-fundos-europeus-de-coesao-e-reforca-a-agua-como-prioridade-estrategica\/ambiente\/12\/43\/#primaryimage","url":"https:\/\/algarve7.pt\/wp-content\/uploads\/2025\/06\/Conferencia-Ciclo-Urbano-da-Agua-Alte-26-06-2025-30.j-pg.jpeg","contentUrl":"https:\/\/algarve7.pt\/wp-content\/uploads\/2025\/06\/Conferencia-Ciclo-Urbano-da-Agua-Alte-26-06-2025-30.j-pg.jpeg","width":800,"height":500},{"@type":"BreadcrumbList","@id":"https:\/\/algarve7.pt\/index.php\/2025\/06\/ciclo-urbano-da-agua-no-algarve-conferencia-destaca-contributo-dos-fundos-europeus-de-coesao-e-reforca-a-agua-como-prioridade-estrategica\/ambiente\/12\/43\/#breadcrumb","itemListElement":[{"@type":"ListItem","position":1,"name":"In\u00edcio","item":"https:\/\/algarve7.pt\/"},{"@type":"ListItem","position":2,"name":"\u201cCiclo Urbano da \u00c1gua\u201d no Algarve: Confer\u00eancia destaca contributo dos fundos europeus de coes\u00e3o e refor\u00e7a a \u00c1gua como prioridade estrat\u00e9gica"}]},{"@type":"WebSite","@id":"https:\/\/algarve7.pt\/#website","url":"https:\/\/algarve7.pt\/","name":"Algarve 7","description":"Informa\u00e7\u00e3o sobre o Algarve","publisher":{"@id":"https:\/\/algarve7.pt\/#organization"},"potentialAction":[{"@type":"SearchAction","target":{"@type":"EntryPoint","urlTemplate":"https:\/\/algarve7.pt\/?s={search_term_string}"},"query-input":{"@type":"PropertyValueSpecification","valueRequired":true,"valueName":"search_term_string"}}],"inLanguage":"pt-PT"},{"@type":"Organization","@id":"https:\/\/algarve7.pt\/#organization","name":"Algarve 7","url":"https:\/\/algarve7.pt\/","logo":{"@type":"ImageObject","inLanguage":"pt-PT","@id":"https:\/\/algarve7.pt\/#\/schema\/logo\/image\/","url":"https:\/\/algarve7.pt\/wp-content\/uploads\/2020\/10\/Logo-8.jpg","contentUrl":"https:\/\/algarve7.pt\/wp-content\/uploads\/2020\/10\/Logo-8.jpg","width":1680,"height":1186,"caption":"Algarve 7"},"image":{"@id":"https:\/\/algarve7.pt\/#\/schema\/logo\/image\/"},"sameAs":["https:\/\/www.facebook.com\/algarve7","https:\/\/x.com\/Algarvesete","https:\/\/www.instagram.com\/jornalalgarve7\/","https:\/\/www.linkedin.com\/company\/algarve7","https:\/\/www.pinterest.pt\/geral0939\/_created\/"]},{"@type":"Person","@id":"https:\/\/algarve7.pt\/#\/schema\/person\/23fa70681308e7b319a3204bcea45e0c","name":"Algarve 7","sameAs":["https:\/\/algarve7.pt","https:\/\/www.facebook.com\/algarve7"],"url":"https:\/\/algarve7.pt\/index.php\/author\/geralalgarve7-pt\/"}]}},"jetpack_publicize_connections":[],"jetpack_featured_media_url":"https:\/\/algarve7.pt\/wp-content\/uploads\/2025\/06\/Conferencia-Ciclo-Urbano-da-Agua-Alte-26-06-2025-30.j-pg.jpeg","jetpack_shortlink":"https:\/\/wp.me\/pcezmW-duM","jetpack_sharing_enabled":true,"_links":{"self":[{"href":"https:\/\/algarve7.pt\/index.php\/wp-json\/wp\/v2\/posts\/51880","targetHints":{"allow":["GET"]}}],"collection":[{"href":"https:\/\/algarve7.pt\/index.php\/wp-json\/wp\/v2\/posts"}],"about":[{"href":"https:\/\/algarve7.pt\/index.php\/wp-json\/wp\/v2\/types\/post"}],"author":[{"embeddable":true,"href":"https:\/\/algarve7.pt\/index.php\/wp-json\/wp\/v2\/users\/1"}],"replies":[{"embeddable":true,"href":"https:\/\/algarve7.pt\/index.php\/wp-json\/wp\/v2\/comments?post=51880"}],"version-history":[{"count":0,"href":"https:\/\/algarve7.pt\/index.php\/wp-json\/wp\/v2\/posts\/51880\/revisions"}],"wp:featuredmedia":[{"embeddable":true,"href":"https:\/\/algarve7.pt\/index.php\/wp-json\/wp\/v2\/media\/51881"}],"wp:attachment":[{"href":"https:\/\/algarve7.pt\/index.php\/wp-json\/wp\/v2\/media?parent=51880"}],"wp:term":[{"taxonomy":"category","embeddable":true,"href":"https:\/\/algarve7.pt\/index.php\/wp-json\/wp\/v2\/categories?post=51880"},{"taxonomy":"post_tag","embeddable":true,"href":"https:\/\/algarve7.pt\/index.php\/wp-json\/wp\/v2\/tags?post=51880"}],"curies":[{"name":"wp","href":"https:\/\/api.w.org\/{rel}","templated":true}]}}