{"id":51791,"date":"2025-06-26T08:00:00","date_gmt":"2025-06-26T07:00:00","guid":{"rendered":"https:\/\/algarve7.pt\/?p=51791"},"modified":"2025-06-25T23:35:24","modified_gmt":"2025-06-25T22:35:24","slug":"presidente-da-camara-municipal-de-lagoa-recebe-campeoes-nacionais-da-acd-che-lagoense","status":"publish","type":"post","link":"https:\/\/algarve7.pt\/index.php\/2025\/06\/presidente-da-camara-municipal-de-lagoa-recebe-campeoes-nacionais-da-acd-che-lagoense\/desporto\/08\/00\/","title":{"rendered":"Presidente da C\u00e2mara Municipal de Lagoa recebe campe\u00f5es nacionais da ACD CHE Lagoense"},"content":{"rendered":"\n<p>O Presidente da C\u00e2mara Municipal de Lagoa, Lu\u00eds Encarna\u00e7\u00e3o, recebeu no Sal\u00e3o Nobre do Munic\u00edpio os atletas da ACD CHE Lagoense que, ao longo da \u00e9poca, conquistaram t\u00edtulos nacionais na modalidade de badminton. Numa cerim\u00f3nia marcada pelo reconhecimento e pelo orgulho, estiveram presentes n\u00e3o apenas os atletas, mas tamb\u00e9m os seus treinadores, dirigentes e fam\u00edlias, que t\u00eam sido parte essencial do percurso de sucesso do clube.&nbsp;<\/p>\n\n\n\n<p>Com 403 t\u00edtulos de campe\u00e3o nacional alcan\u00e7ados at\u00e9 \u00e0 data, a ACD CHE Lagoense afirma-se como a maior pot\u00eancia nacional de badminton, um feito que dignifica o nome de Lagoa e projeta o concelho tanto a n\u00edvel nacional como internacional.&nbsp;<\/p>\n\n\n\n<p>Durante a rece\u00e7\u00e3o, o Presidente agradeceu o empenho, a dedica\u00e7\u00e3o e o esfor\u00e7o de todos os que contribuem para os \u00eaxitos do clube, sublinhando o papel fundamental da fam\u00edlia desportiva da ACD CHE Lagoense na promo\u00e7\u00e3o dos valores do desporto e no fortalecimento da identidade lagoense.&nbsp;<\/p>\n\n\n\n<p><em>\u201c\u00c9 um orgulho enorme receber estes atletas, treinadores e fam\u00edlias que, com tanto esfor\u00e7o e m\u00e9rito, fazem de Lagoa uma refer\u00eancia no panorama desportivo nacional. A vossa dedica\u00e7\u00e3o e excel\u00eancia s\u00e3o inspiradoras e elevam o nome da nossa terra por todo o pa\u00eds e at\u00e9 al\u00e9m-fronteiras\u201d<\/em>, destacou Lu\u00eds Encarna\u00e7\u00e3o.&nbsp;<\/p>\n\n\n\n<p>O autarca aproveitou ainda para enaltecer a estrat\u00e9gia municipal de valoriza\u00e7\u00e3o do badminton como modalidade de excel\u00eancia em Lagoa, refor\u00e7ada este ano com o protocolo celebrado entre a ACD CHE Lagoense e a Federa\u00e7\u00e3o Portuguesa de Badminton, que permitiu a cria\u00e7\u00e3o de um Polo de Alto Rendimento no concelho.&nbsp;<br>Este investimento estruturante vem consolidar Lagoa como um dos centros mais relevantes para a pr\u00e1tica e desenvolvimento do badminton em Portugal, potenciando n\u00e3o s\u00f3 a forma\u00e7\u00e3o desportiva, mas tamb\u00e9m a atra\u00e7\u00e3o de novos talentos e o apoio \u00e0 alta competi\u00e7\u00e3o.&nbsp;<\/p>\n\n\n\n<p>A cerim\u00f3nia terminou com um momento de conv\u00edvio e registo fotogr\u00e1fico, onde ficou clara a uni\u00e3o e o esp\u00edrito de equipa que caracterizam a ACD CHE Lagoense.&nbsp;<\/p>\n","protected":false},"excerpt":{"rendered":"<p>O Presidente da C\u00e2mara Municipal de Lagoa, Lu\u00eds Encarna\u00e7\u00e3o, recebeu no Sal\u00e3o Nobre do Munic\u00edpio os atletas da ACD CHE<\/p>\n","protected":false},"author":1,"featured_media":51792,"comment_status":"closed","ping_status":"closed","sticky":false,"template":"","format":"standard","meta":{"colormag_page_container_layout":"default_layout","colormag_page_sidebar_layout":"default_layout","_monsterinsights_skip_tracking":false,"_monsterinsights_sitenote_active":false,"_monsterinsights_sitenote_note":"","_monsterinsights_sitenote_category":0,"jetpack_post_was_ever_published":false,"_jetpack_newsletter_access":"","_jetpack_dont_email_post_to_subs":false,"_jetpack_newsletter_tier_id":0,"_jetpack_memberships_contains_paywalled_content":false,"_jetpack_memberships_contains_paid_content":false,"footnotes":"","jetpack_publicize_message":"","jetpack_publicize_feature_enabled":true,"jetpack_social_post_already_shared":false,"jetpack_social_options":{"image_generator_settings":{"template":"highway","default_image_id":0,"font":"","enabled":false},"version":2}},"categories":[15],"tags":[36,40,48],"class_list":["post-51791","post","type-post","status-publish","format-standard","has-post-thumbnail","hentry","category-desporto","tag-algarve","tag-desporto","tag-lagoa"],"yoast_head":"<!-- This site is optimized with the Yoast SEO plugin v27.5 - https:\/\/yoast.com\/product\/yoast-seo-wordpress\/ -->\n<title>Presidente da C\u00e2mara Municipal de Lagoa recebe campe\u00f5es nacionais da ACD CHE Lagoense - Algarve 7<\/title>\n<meta name=\"description\" content=\"Presidente da C\u00e2mara Municipal de Lagoa recebe campe\u00f5es nacionais da ACD CHE Lagoense Desporto\" \/>\n<meta name=\"robots\" content=\"index, follow, max-snippet:-1, max-image-preview:large, max-video-preview:-1\" \/>\n<link rel=\"canonical\" href=\"https:\/\/algarve7.pt\/index.php\/2025\/06\/presidente-da-camara-municipal-de-lagoa-recebe-campeoes-nacionais-da-acd-che-lagoense\/desporto\/08\/00\/\" \/>\n<meta property=\"og:locale\" content=\"pt_PT\" \/>\n<meta property=\"og:type\" content=\"article\" \/>\n<meta property=\"og:title\" content=\"Presidente da C\u00e2mara Municipal de Lagoa recebe campe\u00f5es nacionais da ACD CHE Lagoense - Algarve 7\" \/>\n<meta property=\"og:description\" content=\"Presidente da C\u00e2mara Municipal de Lagoa recebe campe\u00f5es nacionais da ACD CHE Lagoense Desporto\" \/>\n<meta property=\"og:url\" content=\"https:\/\/algarve7.pt\/index.php\/2025\/06\/presidente-da-camara-municipal-de-lagoa-recebe-campeoes-nacionais-da-acd-che-lagoense\/desporto\/08\/00\/\" \/>\n<meta property=\"og:site_name\" content=\"Algarve 7\" \/>\n<meta property=\"article:publisher\" content=\"https:\/\/www.facebook.com\/algarve7\" \/>\n<meta property=\"article:author\" content=\"https:\/\/www.facebook.com\/algarve7\" \/>\n<meta property=\"article:published_time\" content=\"2025-06-26T07:00:00+00:00\" \/>\n<meta property=\"og:image\" content=\"https:\/\/algarve7.pt\/wp-content\/uploads\/2025\/06\/Captura-de-ecra-2025-06-25-as-23.33.24.png\" \/>\n\t<meta property=\"og:image:width\" content=\"800\" \/>\n\t<meta property=\"og:image:height\" content=\"500\" \/>\n\t<meta property=\"og:image:type\" content=\"image\/png\" \/>\n<meta name=\"author\" content=\"Algarve 7\" \/>\n<meta name=\"twitter:card\" content=\"summary_large_image\" \/>\n<meta name=\"twitter:creator\" content=\"@Algarvesete\" \/>\n<meta name=\"twitter:site\" content=\"@Algarvesete\" \/>\n<meta name=\"twitter:label1\" content=\"Escrito por\" \/>\n\t<meta name=\"twitter:data1\" content=\"Algarve 7\" \/>\n\t<meta name=\"twitter:label2\" content=\"Tempo estimado de leitura\" \/>\n\t<meta name=\"twitter:data2\" content=\"2 minutos\" \/>\n<script type=\"application\/ld+json\" class=\"yoast-schema-graph\">{\"@context\":\"https:\\\/\\\/schema.org\",\"@graph\":[{\"@type\":\"Article\",\"@id\":\"https:\\\/\\\/algarve7.pt\\\/index.php\\\/2025\\\/06\\\/presidente-da-camara-municipal-de-lagoa-recebe-campeoes-nacionais-da-acd-che-lagoense\\\/desporto\\\/08\\\/00\\\/#article\",\"isPartOf\":{\"@id\":\"https:\\\/\\\/algarve7.pt\\\/index.php\\\/2025\\\/06\\\/presidente-da-camara-municipal-de-lagoa-recebe-campeoes-nacionais-da-acd-che-lagoense\\\/desporto\\\/08\\\/00\\\/\"},\"author\":{\"name\":\"Algarve 7\",\"@id\":\"https:\\\/\\\/algarve7.pt\\\/#\\\/schema\\\/person\\\/23fa70681308e7b319a3204bcea45e0c\"},\"headline\":\"Presidente da C\u00e2mara Municipal de Lagoa recebe campe\u00f5es nacionais da ACD CHE Lagoense\",\"datePublished\":\"2025-06-26T07:00:00+00:00\",\"mainEntityOfPage\":{\"@id\":\"https:\\\/\\\/algarve7.pt\\\/index.php\\\/2025\\\/06\\\/presidente-da-camara-municipal-de-lagoa-recebe-campeoes-nacionais-da-acd-che-lagoense\\\/desporto\\\/08\\\/00\\\/\"},\"wordCount\":384,\"publisher\":{\"@id\":\"https:\\\/\\\/algarve7.pt\\\/#organization\"},\"image\":{\"@id\":\"https:\\\/\\\/algarve7.pt\\\/index.php\\\/2025\\\/06\\\/presidente-da-camara-municipal-de-lagoa-recebe-campeoes-nacionais-da-acd-che-lagoense\\\/desporto\\\/08\\\/00\\\/#primaryimage\"},\"thumbnailUrl\":\"https:\\\/\\\/algarve7.pt\\\/wp-content\\\/uploads\\\/2025\\\/06\\\/Captura-de-ecra-2025-06-25-as-23.33.24.png\",\"keywords\":[\"Algarve\",\"Desporto\",\"Lagoa\"],\"articleSection\":[\"Desporto\"],\"inLanguage\":\"pt-PT\"},{\"@type\":\"WebPage\",\"@id\":\"https:\\\/\\\/algarve7.pt\\\/index.php\\\/2025\\\/06\\\/presidente-da-camara-municipal-de-lagoa-recebe-campeoes-nacionais-da-acd-che-lagoense\\\/desporto\\\/08\\\/00\\\/\",\"url\":\"https:\\\/\\\/algarve7.pt\\\/index.php\\\/2025\\\/06\\\/presidente-da-camara-municipal-de-lagoa-recebe-campeoes-nacionais-da-acd-che-lagoense\\\/desporto\\\/08\\\/00\\\/\",\"name\":\"Presidente da C\u00e2mara Municipal de Lagoa recebe campe\u00f5es nacionais da ACD CHE Lagoense - Algarve 7\",\"isPartOf\":{\"@id\":\"https:\\\/\\\/algarve7.pt\\\/#website\"},\"primaryImageOfPage\":{\"@id\":\"https:\\\/\\\/algarve7.pt\\\/index.php\\\/2025\\\/06\\\/presidente-da-camara-municipal-de-lagoa-recebe-campeoes-nacionais-da-acd-che-lagoense\\\/desporto\\\/08\\\/00\\\/#primaryimage\"},\"image\":{\"@id\":\"https:\\\/\\\/algarve7.pt\\\/index.php\\\/2025\\\/06\\\/presidente-da-camara-municipal-de-lagoa-recebe-campeoes-nacionais-da-acd-che-lagoense\\\/desporto\\\/08\\\/00\\\/#primaryimage\"},\"thumbnailUrl\":\"https:\\\/\\\/algarve7.pt\\\/wp-content\\\/uploads\\\/2025\\\/06\\\/Captura-de-ecra-2025-06-25-as-23.33.24.png\",\"datePublished\":\"2025-06-26T07:00:00+00:00\",\"description\":\"Presidente da C\u00e2mara Municipal de Lagoa recebe campe\u00f5es nacionais da ACD CHE Lagoense Desporto\",\"breadcrumb\":{\"@id\":\"https:\\\/\\\/algarve7.pt\\\/index.php\\\/2025\\\/06\\\/presidente-da-camara-municipal-de-lagoa-recebe-campeoes-nacionais-da-acd-che-lagoense\\\/desporto\\\/08\\\/00\\\/#breadcrumb\"},\"inLanguage\":\"pt-PT\",\"potentialAction\":[{\"@type\":\"ReadAction\",\"target\":[\"https:\\\/\\\/algarve7.pt\\\/index.php\\\/2025\\\/06\\\/presidente-da-camara-municipal-de-lagoa-recebe-campeoes-nacionais-da-acd-che-lagoense\\\/desporto\\\/08\\\/00\\\/\"]}]},{\"@type\":\"ImageObject\",\"inLanguage\":\"pt-PT\",\"@id\":\"https:\\\/\\\/algarve7.pt\\\/index.php\\\/2025\\\/06\\\/presidente-da-camara-municipal-de-lagoa-recebe-campeoes-nacionais-da-acd-che-lagoense\\\/desporto\\\/08\\\/00\\\/#primaryimage\",\"url\":\"https:\\\/\\\/algarve7.pt\\\/wp-content\\\/uploads\\\/2025\\\/06\\\/Captura-de-ecra-2025-06-25-as-23.33.24.png\",\"contentUrl\":\"https:\\\/\\\/algarve7.pt\\\/wp-content\\\/uploads\\\/2025\\\/06\\\/Captura-de-ecra-2025-06-25-as-23.33.24.png\",\"width\":800,\"height\":500},{\"@type\":\"BreadcrumbList\",\"@id\":\"https:\\\/\\\/algarve7.pt\\\/index.php\\\/2025\\\/06\\\/presidente-da-camara-municipal-de-lagoa-recebe-campeoes-nacionais-da-acd-che-lagoense\\\/desporto\\\/08\\\/00\\\/#breadcrumb\",\"itemListElement\":[{\"@type\":\"ListItem\",\"position\":1,\"name\":\"In\u00edcio\",\"item\":\"https:\\\/\\\/algarve7.pt\\\/\"},{\"@type\":\"ListItem\",\"position\":2,\"name\":\"Presidente da C\u00e2mara Municipal de Lagoa recebe campe\u00f5es nacionais da ACD CHE Lagoense\"}]},{\"@type\":\"WebSite\",\"@id\":\"https:\\\/\\\/algarve7.pt\\\/#website\",\"url\":\"https:\\\/\\\/algarve7.pt\\\/\",\"name\":\"Algarve 7\",\"description\":\"Informa\u00e7\u00e3o sobre o Algarve\",\"publisher\":{\"@id\":\"https:\\\/\\\/algarve7.pt\\\/#organization\"},\"potentialAction\":[{\"@type\":\"SearchAction\",\"target\":{\"@type\":\"EntryPoint\",\"urlTemplate\":\"https:\\\/\\\/algarve7.pt\\\/?s={search_term_string}\"},\"query-input\":{\"@type\":\"PropertyValueSpecification\",\"valueRequired\":true,\"valueName\":\"search_term_string\"}}],\"inLanguage\":\"pt-PT\"},{\"@type\":\"Organization\",\"@id\":\"https:\\\/\\\/algarve7.pt\\\/#organization\",\"name\":\"Algarve 7\",\"url\":\"https:\\\/\\\/algarve7.pt\\\/\",\"logo\":{\"@type\":\"ImageObject\",\"inLanguage\":\"pt-PT\",\"@id\":\"https:\\\/\\\/algarve7.pt\\\/#\\\/schema\\\/logo\\\/image\\\/\",\"url\":\"https:\\\/\\\/algarve7.pt\\\/wp-content\\\/uploads\\\/2020\\\/10\\\/Logo-8.jpg\",\"contentUrl\":\"https:\\\/\\\/algarve7.pt\\\/wp-content\\\/uploads\\\/2020\\\/10\\\/Logo-8.jpg\",\"width\":1680,\"height\":1186,\"caption\":\"Algarve 7\"},\"image\":{\"@id\":\"https:\\\/\\\/algarve7.pt\\\/#\\\/schema\\\/logo\\\/image\\\/\"},\"sameAs\":[\"https:\\\/\\\/www.facebook.com\\\/algarve7\",\"https:\\\/\\\/x.com\\\/Algarvesete\",\"https:\\\/\\\/www.instagram.com\\\/jornalalgarve7\\\/\",\"https:\\\/\\\/www.linkedin.com\\\/company\\\/algarve7\",\"https:\\\/\\\/www.pinterest.pt\\\/geral0939\\\/_created\\\/\"]},{\"@type\":\"Person\",\"@id\":\"https:\\\/\\\/algarve7.pt\\\/#\\\/schema\\\/person\\\/23fa70681308e7b319a3204bcea45e0c\",\"name\":\"Algarve 7\",\"sameAs\":[\"https:\\\/\\\/algarve7.pt\",\"https:\\\/\\\/www.facebook.com\\\/algarve7\"],\"url\":\"https:\\\/\\\/algarve7.pt\\\/index.php\\\/author\\\/geralalgarve7-pt\\\/\"}]}<\/script>\n<!-- \/ Yoast SEO plugin. -->","yoast_head_json":{"title":"Presidente da C\u00e2mara Municipal de Lagoa recebe campe\u00f5es nacionais da ACD CHE Lagoense - Algarve 7","description":"Presidente da C\u00e2mara Municipal de Lagoa recebe campe\u00f5es nacionais da ACD CHE Lagoense Desporto","robots":{"index":"index","follow":"follow","max-snippet":"max-snippet:-1","max-image-preview":"max-image-preview:large","max-video-preview":"max-video-preview:-1"},"canonical":"https:\/\/algarve7.pt\/index.php\/2025\/06\/presidente-da-camara-municipal-de-lagoa-recebe-campeoes-nacionais-da-acd-che-lagoense\/desporto\/08\/00\/","og_locale":"pt_PT","og_type":"article","og_title":"Presidente da C\u00e2mara Municipal de Lagoa recebe campe\u00f5es nacionais da ACD CHE Lagoense - Algarve 7","og_description":"Presidente da C\u00e2mara Municipal de Lagoa recebe campe\u00f5es nacionais da ACD CHE Lagoense Desporto","og_url":"https:\/\/algarve7.pt\/index.php\/2025\/06\/presidente-da-camara-municipal-de-lagoa-recebe-campeoes-nacionais-da-acd-che-lagoense\/desporto\/08\/00\/","og_site_name":"Algarve 7","article_publisher":"https:\/\/www.facebook.com\/algarve7","article_author":"https:\/\/www.facebook.com\/algarve7","article_published_time":"2025-06-26T07:00:00+00:00","og_image":[{"width":800,"height":500,"url":"https:\/\/algarve7.pt\/wp-content\/uploads\/2025\/06\/Captura-de-ecra-2025-06-25-as-23.33.24.png","type":"image\/png"}],"author":"Algarve 7","twitter_card":"summary_large_image","twitter_creator":"@Algarvesete","twitter_site":"@Algarvesete","twitter_misc":{"Escrito por":"Algarve 7","Tempo estimado de leitura":"2 minutos"},"schema":{"@context":"https:\/\/schema.org","@graph":[{"@type":"Article","@id":"https:\/\/algarve7.pt\/index.php\/2025\/06\/presidente-da-camara-municipal-de-lagoa-recebe-campeoes-nacionais-da-acd-che-lagoense\/desporto\/08\/00\/#article","isPartOf":{"@id":"https:\/\/algarve7.pt\/index.php\/2025\/06\/presidente-da-camara-municipal-de-lagoa-recebe-campeoes-nacionais-da-acd-che-lagoense\/desporto\/08\/00\/"},"author":{"name":"Algarve 7","@id":"https:\/\/algarve7.pt\/#\/schema\/person\/23fa70681308e7b319a3204bcea45e0c"},"headline":"Presidente da C\u00e2mara Municipal de Lagoa recebe campe\u00f5es nacionais da ACD CHE Lagoense","datePublished":"2025-06-26T07:00:00+00:00","mainEntityOfPage":{"@id":"https:\/\/algarve7.pt\/index.php\/2025\/06\/presidente-da-camara-municipal-de-lagoa-recebe-campeoes-nacionais-da-acd-che-lagoense\/desporto\/08\/00\/"},"wordCount":384,"publisher":{"@id":"https:\/\/algarve7.pt\/#organization"},"image":{"@id":"https:\/\/algarve7.pt\/index.php\/2025\/06\/presidente-da-camara-municipal-de-lagoa-recebe-campeoes-nacionais-da-acd-che-lagoense\/desporto\/08\/00\/#primaryimage"},"thumbnailUrl":"https:\/\/algarve7.pt\/wp-content\/uploads\/2025\/06\/Captura-de-ecra-2025-06-25-as-23.33.24.png","keywords":["Algarve","Desporto","Lagoa"],"articleSection":["Desporto"],"inLanguage":"pt-PT"},{"@type":"WebPage","@id":"https:\/\/algarve7.pt\/index.php\/2025\/06\/presidente-da-camara-municipal-de-lagoa-recebe-campeoes-nacionais-da-acd-che-lagoense\/desporto\/08\/00\/","url":"https:\/\/algarve7.pt\/index.php\/2025\/06\/presidente-da-camara-municipal-de-lagoa-recebe-campeoes-nacionais-da-acd-che-lagoense\/desporto\/08\/00\/","name":"Presidente da C\u00e2mara Municipal de Lagoa recebe campe\u00f5es nacionais da ACD CHE Lagoense - Algarve 7","isPartOf":{"@id":"https:\/\/algarve7.pt\/#website"},"primaryImageOfPage":{"@id":"https:\/\/algarve7.pt\/index.php\/2025\/06\/presidente-da-camara-municipal-de-lagoa-recebe-campeoes-nacionais-da-acd-che-lagoense\/desporto\/08\/00\/#primaryimage"},"image":{"@id":"https:\/\/algarve7.pt\/index.php\/2025\/06\/presidente-da-camara-municipal-de-lagoa-recebe-campeoes-nacionais-da-acd-che-lagoense\/desporto\/08\/00\/#primaryimage"},"thumbnailUrl":"https:\/\/algarve7.pt\/wp-content\/uploads\/2025\/06\/Captura-de-ecra-2025-06-25-as-23.33.24.png","datePublished":"2025-06-26T07:00:00+00:00","description":"Presidente da C\u00e2mara Municipal de Lagoa recebe campe\u00f5es nacionais da ACD CHE Lagoense Desporto","breadcrumb":{"@id":"https:\/\/algarve7.pt\/index.php\/2025\/06\/presidente-da-camara-municipal-de-lagoa-recebe-campeoes-nacionais-da-acd-che-lagoense\/desporto\/08\/00\/#breadcrumb"},"inLanguage":"pt-PT","potentialAction":[{"@type":"ReadAction","target":["https:\/\/algarve7.pt\/index.php\/2025\/06\/presidente-da-camara-municipal-de-lagoa-recebe-campeoes-nacionais-da-acd-che-lagoense\/desporto\/08\/00\/"]}]},{"@type":"ImageObject","inLanguage":"pt-PT","@id":"https:\/\/algarve7.pt\/index.php\/2025\/06\/presidente-da-camara-municipal-de-lagoa-recebe-campeoes-nacionais-da-acd-che-lagoense\/desporto\/08\/00\/#primaryimage","url":"https:\/\/algarve7.pt\/wp-content\/uploads\/2025\/06\/Captura-de-ecra-2025-06-25-as-23.33.24.png","contentUrl":"https:\/\/algarve7.pt\/wp-content\/uploads\/2025\/06\/Captura-de-ecra-2025-06-25-as-23.33.24.png","width":800,"height":500},{"@type":"BreadcrumbList","@id":"https:\/\/algarve7.pt\/index.php\/2025\/06\/presidente-da-camara-municipal-de-lagoa-recebe-campeoes-nacionais-da-acd-che-lagoense\/desporto\/08\/00\/#breadcrumb","itemListElement":[{"@type":"ListItem","position":1,"name":"In\u00edcio","item":"https:\/\/algarve7.pt\/"},{"@type":"ListItem","position":2,"name":"Presidente da C\u00e2mara Municipal de Lagoa recebe campe\u00f5es nacionais da ACD CHE Lagoense"}]},{"@type":"WebSite","@id":"https:\/\/algarve7.pt\/#website","url":"https:\/\/algarve7.pt\/","name":"Algarve 7","description":"Informa\u00e7\u00e3o sobre o Algarve","publisher":{"@id":"https:\/\/algarve7.pt\/#organization"},"potentialAction":[{"@type":"SearchAction","target":{"@type":"EntryPoint","urlTemplate":"https:\/\/algarve7.pt\/?s={search_term_string}"},"query-input":{"@type":"PropertyValueSpecification","valueRequired":true,"valueName":"search_term_string"}}],"inLanguage":"pt-PT"},{"@type":"Organization","@id":"https:\/\/algarve7.pt\/#organization","name":"Algarve 7","url":"https:\/\/algarve7.pt\/","logo":{"@type":"ImageObject","inLanguage":"pt-PT","@id":"https:\/\/algarve7.pt\/#\/schema\/logo\/image\/","url":"https:\/\/algarve7.pt\/wp-content\/uploads\/2020\/10\/Logo-8.jpg","contentUrl":"https:\/\/algarve7.pt\/wp-content\/uploads\/2020\/10\/Logo-8.jpg","width":1680,"height":1186,"caption":"Algarve 7"},"image":{"@id":"https:\/\/algarve7.pt\/#\/schema\/logo\/image\/"},"sameAs":["https:\/\/www.facebook.com\/algarve7","https:\/\/x.com\/Algarvesete","https:\/\/www.instagram.com\/jornalalgarve7\/","https:\/\/www.linkedin.com\/company\/algarve7","https:\/\/www.pinterest.pt\/geral0939\/_created\/"]},{"@type":"Person","@id":"https:\/\/algarve7.pt\/#\/schema\/person\/23fa70681308e7b319a3204bcea45e0c","name":"Algarve 7","sameAs":["https:\/\/algarve7.pt","https:\/\/www.facebook.com\/algarve7"],"url":"https:\/\/algarve7.pt\/index.php\/author\/geralalgarve7-pt\/"}]}},"jetpack_publicize_connections":[],"jetpack_featured_media_url":"https:\/\/algarve7.pt\/wp-content\/uploads\/2025\/06\/Captura-de-ecra-2025-06-25-as-23.33.24.png","jetpack_shortlink":"https:\/\/wp.me\/pcezmW-dtl","jetpack_sharing_enabled":true,"_links":{"self":[{"href":"https:\/\/algarve7.pt\/index.php\/wp-json\/wp\/v2\/posts\/51791","targetHints":{"allow":["GET"]}}],"collection":[{"href":"https:\/\/algarve7.pt\/index.php\/wp-json\/wp\/v2\/posts"}],"about":[{"href":"https:\/\/algarve7.pt\/index.php\/wp-json\/wp\/v2\/types\/post"}],"author":[{"embeddable":true,"href":"https:\/\/algarve7.pt\/index.php\/wp-json\/wp\/v2\/users\/1"}],"replies":[{"embeddable":true,"href":"https:\/\/algarve7.pt\/index.php\/wp-json\/wp\/v2\/comments?post=51791"}],"version-history":[{"count":0,"href":"https:\/\/algarve7.pt\/index.php\/wp-json\/wp\/v2\/posts\/51791\/revisions"}],"wp:featuredmedia":[{"embeddable":true,"href":"https:\/\/algarve7.pt\/index.php\/wp-json\/wp\/v2\/media\/51792"}],"wp:attachment":[{"href":"https:\/\/algarve7.pt\/index.php\/wp-json\/wp\/v2\/media?parent=51791"}],"wp:term":[{"taxonomy":"category","embeddable":true,"href":"https:\/\/algarve7.pt\/index.php\/wp-json\/wp\/v2\/categories?post=51791"},{"taxonomy":"post_tag","embeddable":true,"href":"https:\/\/algarve7.pt\/index.php\/wp-json\/wp\/v2\/tags?post=51791"}],"curies":[{"name":"wp","href":"https:\/\/api.w.org\/{rel}","templated":true}]}}