{"id":51715,"date":"2025-06-23T11:26:33","date_gmt":"2025-06-23T10:26:33","guid":{"rendered":"https:\/\/algarve7.pt\/?p=51715"},"modified":"2025-06-23T11:26:35","modified_gmt":"2025-06-23T10:26:35","slug":"nova-dinamica-marca-arranque-de-quintas-feiras-ao-luar-no-centro-de-portimao-com-quatro-noites-especiais-entre-junho-e-setembro","status":"publish","type":"post","link":"https:\/\/algarve7.pt\/index.php\/2025\/06\/nova-dinamica-marca-arranque-de-quintas-feiras-ao-luar-no-centro-de-portimao-com-quatro-noites-especiais-entre-junho-e-setembro\/cultura\/11\/26\/","title":{"rendered":"Nova din\u00e2mica marca arranque de \u201cQuintas-feiras ao Luar\u201d no centro de Portim\u00e3o com quatro noites especiais entre junho e setembro"},"content":{"rendered":"\n<p class=\"wp-block-paragraph\">A cidade volta a acolher a iniciativa \u201cQuintas-feiras ao Luar\u201d, promovida pela APCS \u2013 Associa\u00e7\u00e3o Portimonense do Com\u00e9rcio e Servi\u00e7os, com o apoio do Munic\u00edpio de Portim\u00e3o, numa medida de dinamiza\u00e7\u00e3o da economia local e de diversifica\u00e7\u00e3o da oferta cultural, recorrendo para este efeito \u00e0 \u201cprata da casa\u201d.<\/p>\n\n\n\n<p class=\"wp-block-paragraph\">A segunda edi\u00e7\u00e3o da \u201cQuintas-feiras ao Luar\u201d, que decorre em moldes diferentes da sua estreia, mas com o mesmo objetivo, apresenta quatro quintas-feiras especiais, com in\u00edcio a 26 de junho e t\u00e9rmino a 11 de setembro.<\/p>\n\n\n\n<p class=\"wp-block-paragraph\">A iniciativa, que integra tamb\u00e9m o programa de anima\u00e7\u00e3o municipal \u201c\u00c9 Ver\u00e3o, \u00c9 Portim\u00e3o\u201d, conta com espet\u00e1culos diversificados e acess\u00edveis. Ali\u00e1s, a inten\u00e7\u00e3o da organiza\u00e7\u00e3o \u00e9 criar um espa\u00e7o onde a cultura local e a inova\u00e7\u00e3o art\u00edstica se encontrem, contribuindo para o fortalecimento do com\u00e9rcio e do esp\u00edrito comunit\u00e1rio na cidade.<\/p>\n\n\n\n<p class=\"wp-block-paragraph\">O projeto baseia-se na ideia do com\u00e9rcio fora de portas, a que se associa a abertura prolongada dos estabelecimentos comerciais, em hor\u00e1rio alargado, entre as 18h00 e as 23h00, em quatro noites especiais: a 26 de junho, 31 de julho, 21 de agosto e 11 de setembro.<\/p>\n\n\n\n<p class=\"wp-block-paragraph\">Ao mesmo tempo, o programa cultural, gratuito e ao ar livre, liga a m\u00fasica, \u00e0 gastronomia, a performances art\u00edsticas e a momentos de conv\u00edvio para toda a fam\u00edlia e para os muitos turistas que visitam a cidade nesta \u00e9poca estival.<\/p>\n\n\n\n<p class=\"wp-block-paragraph\">As \u201cQuintas-feiras ao Luar\u201d ter\u00e3o lugar em quatro espa\u00e7os centrais de Portim\u00e3o, ganhando assim destaque o emblem\u00e1tico Largo da M\u00f3, em junho, a Pra\u00e7a da Rep\u00fablica (Alameda), em julho, a Rua do Com\u00e9rcio, em agosto, e a Rua Direita, em setembro.<\/p>\n\n\n\n<p class=\"wp-block-paragraph\">Assim, em cada data, uma destas localiza\u00e7\u00f5es oferece uma proposta tem\u00e1tica distinta para todas as idades, criando um circuito urbano din\u00e2mico e acolhedor para residentes e visitantes, com participa\u00e7\u00e3o gratuita.<\/p>\n\n\n\n<p class=\"wp-block-paragraph\"><strong>Junho com Santos Populares<\/strong><\/p>\n\n\n\n<p class=\"wp-block-paragraph\">A primeira sess\u00e3o da iniciativa \u201cQuintas-feiras ao Luar\u201d ser\u00e1 j\u00e1 este m\u00eas, no dia 26, com a evoca\u00e7\u00e3o aos \u201cSantos Populares\u201d. O Largo da M\u00f3 vai ser palco de uma noite popular, com desfile de marchas, sardinhada, desgarradas, fado e baile tradicional.<\/p>\n\n\n\n<p class=\"wp-block-paragraph\">Neste dia, destacam-se ainda a atua\u00e7\u00e3o da fadista Luana Velasquez e o baile com Filomena Batista, al\u00e9m do desfile das marchas do Gl\u00f3ria ou Morte. Um jogo participativo para a comunidade criado pelo projeto [CAL-DAY-RAH-DAH] ser\u00e1 uma constante ao longo das quatro datas.<\/p>\n\n\n\n<p class=\"wp-block-paragraph\"><strong>Sons lus\u00f3fonos em julho<\/strong><\/p>\n\n\n\n<p class=\"wp-block-paragraph\">No m\u00eas seguinte, este evento sai \u00e0 rua no dia 31, na Alameda, sob o mote \u201cTropic\u00e1lia\u201d. O ambiente de festa ao ar livre vai ser complementado pelos espet\u00e1culos de m\u00fasica da Banda Atl\u00e2ntica e do projeto \u201cChico Buarque no Feminino\u201d.<\/p>\n\n\n\n<p class=\"wp-block-paragraph\">N\u00e3o faltar\u00e3o os sabores da gastronomia tropical, quer na restaura\u00e7\u00e3o, quer no que toca a street food, bem como uma aula aberta de Jiu Jitsu e um DJ Set Tropical Worls Music.<\/p>\n\n\n\n<p class=\"wp-block-paragraph\"><strong>\u201cRock N\u2019Hortinha\u201d e arte nas ruas<\/strong><\/p>\n\n\n\n<p class=\"wp-block-paragraph\">A 21 de agosto a proposta da \u201cQuintas-feiras ao Luar\u201d vira-se para ambiente urbano e alternativo, na Rua do Com\u00e9rcio, com concertos de jovens m\u00fasicos locais, como os do projeto \u201cSchool of rock\u201d, RAPOSA + &#8220;The Funk &#8216;n&#8217; roll electric cult&#8221;.<\/p>\n\n\n\n<p class=\"wp-block-paragraph\">O projeto da APCS encerra no dia 11 de setembro, na Rua Direita, com \u201cDeleite Show\u201d, onde ganha destaque um concerto de Edgar Valente, uma instala\u00e7\u00e3o performativa, um talk-show e partilha criativa no cora\u00e7\u00e3o do centro hist\u00f3rico.<\/p>\n\n\n\n<p class=\"wp-block-paragraph\">Este ciclo de anima\u00e7\u00e3o promovido pela Associa\u00e7\u00e3o Portimonense do Com\u00e9rcio e Servi\u00e7os tem como prop\u00f3sito revitalizar o centro da cidade, promover o com\u00e9rcio local e valorizar os agentes culturais do concelho, aproximando a comunidade do espa\u00e7o p\u00fablico e criando uma programa\u00e7\u00e3o acess\u00edvel, plural e envolvente.&nbsp;<\/p>\n\n\n\n<p class=\"wp-block-paragraph\">Por sua vez, pretende incentivar o consumo nos estabelecimentos aderentes, atrair fam\u00edlias e visitantes ao centro urbano e consolidar esta iniciativa como um dos marcos do ver\u00e3o em Portim\u00e3o.<\/p>\n","protected":false},"excerpt":{"rendered":"<p>A cidade volta a acolher a iniciativa \u201cQuintas-feiras ao Luar\u201d, promovida pela APCS \u2013 Associa\u00e7\u00e3o Portimonense do Com\u00e9rcio e Servi\u00e7os,<\/p>\n","protected":false},"author":1,"featured_media":51716,"comment_status":"closed","ping_status":"closed","sticky":false,"template":"","format":"standard","meta":{"colormag_page_container_layout":"default_layout","colormag_page_sidebar_layout":"default_layout","_monsterinsights_skip_tracking":false,"_jetpack_newsletter_access":"","_jetpack_dont_email_post_to_subs":false,"_jetpack_newsletter_tier_id":0,"_jetpack_memberships_contains_paywalled_content":false,"_jetpack_feature_clip_id":0,"_jetpack_memberships_contains_paid_content":false,"footnotes":"","jetpack_publicize_message":"","jetpack_publicize_feature_enabled":true,"jetpack_social_post_already_shared":false,"jetpack_social_options":{"image_generator_settings":{"template":"highway","default_image_id":0,"font":"","enabled":false},"version":2},"jetpack_post_was_ever_published":false},"categories":[14],"tags":[36,35,72],"class_list":["post-51715","post","type-post","status-publish","format-standard","has-post-thumbnail","hentry","category-cultura","tag-algarve","tag-cultura","tag-portimao"],"yoast_head":"<!-- This site is optimized with the Yoast SEO plugin v28.4 - https:\/\/yoast.com\/product\/yoast-seo-wordpress\/ -->\n<title>Nova din\u00e2mica marca arranque de \u201cQuintas-feiras ao Luar\u201d no centro de Portim\u00e3o com quatro noites especiais entre junho e setembro - Algarve 7<\/title>\n<meta name=\"description\" content=\"Nova din\u00e2mica marca arranque de \u201cQuintas-feiras ao Luar\u201d no centro de Portim\u00e3o com quatro noites especiais entre junho e setembro Cultura\" \/>\n<meta name=\"robots\" content=\"index, follow, max-snippet:-1, max-image-preview:large, max-video-preview:-1\" \/>\n<link rel=\"canonical\" href=\"https:\/\/algarve7.pt\/index.php\/2025\/06\/nova-dinamica-marca-arranque-de-quintas-feiras-ao-luar-no-centro-de-portimao-com-quatro-noites-especiais-entre-junho-e-setembro\/cultura\/11\/26\/\" \/>\n<meta property=\"og:locale\" content=\"pt_PT\" \/>\n<meta property=\"og:type\" content=\"article\" \/>\n<meta property=\"og:title\" content=\"Nova din\u00e2mica marca arranque de \u201cQuintas-feiras ao Luar\u201d no centro de Portim\u00e3o com quatro noites especiais entre junho e setembro - Algarve 7\" \/>\n<meta property=\"og:description\" content=\"Nova din\u00e2mica marca arranque de \u201cQuintas-feiras ao Luar\u201d no centro de Portim\u00e3o com quatro noites especiais entre junho e setembro Cultura\" \/>\n<meta property=\"og:url\" content=\"https:\/\/algarve7.pt\/index.php\/2025\/06\/nova-dinamica-marca-arranque-de-quintas-feiras-ao-luar-no-centro-de-portimao-com-quatro-noites-especiais-entre-junho-e-setembro\/cultura\/11\/26\/\" \/>\n<meta property=\"og:site_name\" content=\"Algarve 7\" \/>\n<meta property=\"article:publisher\" content=\"https:\/\/www.facebook.com\/algarve7\" \/>\n<meta property=\"article:author\" content=\"https:\/\/www.facebook.com\/algarve7\" \/>\n<meta property=\"article:published_time\" content=\"2025-06-23T10:26:33+00:00\" \/>\n<meta property=\"article:modified_time\" content=\"2025-06-23T10:26:35+00:00\" \/>\n<meta property=\"og:image\" content=\"https:\/\/algarve7.pt\/wp-content\/uploads\/2025\/06\/Portimao-_Quintas-ao-Luar.jpg\" \/>\n\t<meta property=\"og:image:width\" content=\"800\" \/>\n\t<meta property=\"og:image:height\" content=\"500\" \/>\n\t<meta property=\"og:image:type\" content=\"image\/jpeg\" \/>\n<meta name=\"author\" content=\"Algarve 7\" \/>\n<meta name=\"twitter:card\" content=\"summary_large_image\" \/>\n<meta name=\"twitter:creator\" content=\"@Algarvesete\" \/>\n<meta name=\"twitter:site\" content=\"@Algarvesete\" \/>\n<meta name=\"twitter:label1\" content=\"Escrito por\" \/>\n\t<meta name=\"twitter:data1\" content=\"Algarve 7\" \/>\n\t<meta name=\"twitter:label2\" content=\"Tempo estimado de leitura\" \/>\n\t<meta name=\"twitter:data2\" content=\"4 minutos\" \/>\n<script type=\"application\/ld+json\" class=\"yoast-schema-graph\">{\"@context\":\"https:\\\/\\\/schema.org\",\"@graph\":[{\"@type\":\"Article\",\"@id\":\"https:\\\/\\\/algarve7.pt\\\/index.php\\\/2025\\\/06\\\/nova-dinamica-marca-arranque-de-quintas-feiras-ao-luar-no-centro-de-portimao-com-quatro-noites-especiais-entre-junho-e-setembro\\\/cultura\\\/11\\\/26\\\/#article\",\"isPartOf\":{\"@id\":\"https:\\\/\\\/algarve7.pt\\\/index.php\\\/2025\\\/06\\\/nova-dinamica-marca-arranque-de-quintas-feiras-ao-luar-no-centro-de-portimao-com-quatro-noites-especiais-entre-junho-e-setembro\\\/cultura\\\/11\\\/26\\\/\"},\"author\":{\"name\":\"Algarve 7\",\"@id\":\"https:\\\/\\\/algarve7.pt\\\/#\\\/schema\\\/person\\\/23fa70681308e7b319a3204bcea45e0c\"},\"headline\":\"Nova din\u00e2mica marca arranque de \u201cQuintas-feiras ao Luar\u201d no centro de Portim\u00e3o com quatro noites especiais entre junho e setembro\",\"datePublished\":\"2025-06-23T10:26:33+00:00\",\"dateModified\":\"2025-06-23T10:26:35+00:00\",\"mainEntityOfPage\":{\"@id\":\"https:\\\/\\\/algarve7.pt\\\/index.php\\\/2025\\\/06\\\/nova-dinamica-marca-arranque-de-quintas-feiras-ao-luar-no-centro-de-portimao-com-quatro-noites-especiais-entre-junho-e-setembro\\\/cultura\\\/11\\\/26\\\/\"},\"wordCount\":698,\"publisher\":{\"@id\":\"https:\\\/\\\/algarve7.pt\\\/#organization\"},\"image\":{\"@id\":\"https:\\\/\\\/algarve7.pt\\\/index.php\\\/2025\\\/06\\\/nova-dinamica-marca-arranque-de-quintas-feiras-ao-luar-no-centro-de-portimao-com-quatro-noites-especiais-entre-junho-e-setembro\\\/cultura\\\/11\\\/26\\\/#primaryimage\"},\"thumbnailUrl\":\"https:\\\/\\\/algarve7.pt\\\/wp-content\\\/uploads\\\/2025\\\/06\\\/Portimao-_Quintas-ao-Luar.jpg\",\"keywords\":[\"Algarve\",\"Cultura\",\"Portim\u00e3o\"],\"articleSection\":[\"Cultura\"],\"inLanguage\":\"pt-PT\"},{\"@type\":\"WebPage\",\"@id\":\"https:\\\/\\\/algarve7.pt\\\/index.php\\\/2025\\\/06\\\/nova-dinamica-marca-arranque-de-quintas-feiras-ao-luar-no-centro-de-portimao-com-quatro-noites-especiais-entre-junho-e-setembro\\\/cultura\\\/11\\\/26\\\/\",\"url\":\"https:\\\/\\\/algarve7.pt\\\/index.php\\\/2025\\\/06\\\/nova-dinamica-marca-arranque-de-quintas-feiras-ao-luar-no-centro-de-portimao-com-quatro-noites-especiais-entre-junho-e-setembro\\\/cultura\\\/11\\\/26\\\/\",\"name\":\"Nova din\u00e2mica marca arranque de \u201cQuintas-feiras ao Luar\u201d no centro de Portim\u00e3o com quatro noites especiais entre junho e setembro - Algarve 7\",\"isPartOf\":{\"@id\":\"https:\\\/\\\/algarve7.pt\\\/#website\"},\"primaryImageOfPage\":{\"@id\":\"https:\\\/\\\/algarve7.pt\\\/index.php\\\/2025\\\/06\\\/nova-dinamica-marca-arranque-de-quintas-feiras-ao-luar-no-centro-de-portimao-com-quatro-noites-especiais-entre-junho-e-setembro\\\/cultura\\\/11\\\/26\\\/#primaryimage\"},\"image\":{\"@id\":\"https:\\\/\\\/algarve7.pt\\\/index.php\\\/2025\\\/06\\\/nova-dinamica-marca-arranque-de-quintas-feiras-ao-luar-no-centro-de-portimao-com-quatro-noites-especiais-entre-junho-e-setembro\\\/cultura\\\/11\\\/26\\\/#primaryimage\"},\"thumbnailUrl\":\"https:\\\/\\\/algarve7.pt\\\/wp-content\\\/uploads\\\/2025\\\/06\\\/Portimao-_Quintas-ao-Luar.jpg\",\"datePublished\":\"2025-06-23T10:26:33+00:00\",\"dateModified\":\"2025-06-23T10:26:35+00:00\",\"description\":\"Nova din\u00e2mica marca arranque de \u201cQuintas-feiras ao Luar\u201d no centro de Portim\u00e3o com quatro noites especiais entre junho e setembro Cultura\",\"breadcrumb\":{\"@id\":\"https:\\\/\\\/algarve7.pt\\\/index.php\\\/2025\\\/06\\\/nova-dinamica-marca-arranque-de-quintas-feiras-ao-luar-no-centro-de-portimao-com-quatro-noites-especiais-entre-junho-e-setembro\\\/cultura\\\/11\\\/26\\\/#breadcrumb\"},\"inLanguage\":\"pt-PT\",\"potentialAction\":[{\"@type\":\"ReadAction\",\"target\":[\"https:\\\/\\\/algarve7.pt\\\/index.php\\\/2025\\\/06\\\/nova-dinamica-marca-arranque-de-quintas-feiras-ao-luar-no-centro-de-portimao-com-quatro-noites-especiais-entre-junho-e-setembro\\\/cultura\\\/11\\\/26\\\/\"]}]},{\"@type\":\"ImageObject\",\"inLanguage\":\"pt-PT\",\"@id\":\"https:\\\/\\\/algarve7.pt\\\/index.php\\\/2025\\\/06\\\/nova-dinamica-marca-arranque-de-quintas-feiras-ao-luar-no-centro-de-portimao-com-quatro-noites-especiais-entre-junho-e-setembro\\\/cultura\\\/11\\\/26\\\/#primaryimage\",\"url\":\"https:\\\/\\\/algarve7.pt\\\/wp-content\\\/uploads\\\/2025\\\/06\\\/Portimao-_Quintas-ao-Luar.jpg\",\"contentUrl\":\"https:\\\/\\\/algarve7.pt\\\/wp-content\\\/uploads\\\/2025\\\/06\\\/Portimao-_Quintas-ao-Luar.jpg\",\"width\":800,\"height\":500},{\"@type\":\"BreadcrumbList\",\"@id\":\"https:\\\/\\\/algarve7.pt\\\/index.php\\\/2025\\\/06\\\/nova-dinamica-marca-arranque-de-quintas-feiras-ao-luar-no-centro-de-portimao-com-quatro-noites-especiais-entre-junho-e-setembro\\\/cultura\\\/11\\\/26\\\/#breadcrumb\",\"itemListElement\":[{\"@type\":\"ListItem\",\"position\":1,\"name\":\"In\u00edcio\",\"item\":\"https:\\\/\\\/algarve7.pt\\\/\"},{\"@type\":\"ListItem\",\"position\":2,\"name\":\"Nova din\u00e2mica marca arranque de \u201cQuintas-feiras ao Luar\u201d no centro de Portim\u00e3o com quatro noites especiais entre junho e setembro\"}]},{\"@type\":\"WebSite\",\"@id\":\"https:\\\/\\\/algarve7.pt\\\/#website\",\"url\":\"https:\\\/\\\/algarve7.pt\\\/\",\"name\":\"Algarve 7\",\"description\":\"Informa\u00e7\u00e3o sobre o Algarve\",\"publisher\":{\"@id\":\"https:\\\/\\\/algarve7.pt\\\/#organization\"},\"potentialAction\":[{\"@type\":\"SearchAction\",\"target\":{\"@type\":\"EntryPoint\",\"urlTemplate\":\"https:\\\/\\\/algarve7.pt\\\/?s={search_term_string}\"},\"query-input\":{\"@type\":\"PropertyValueSpecification\",\"valueRequired\":true,\"valueName\":\"search_term_string\"}}],\"inLanguage\":\"pt-PT\"},{\"@type\":\"Organization\",\"@id\":\"https:\\\/\\\/algarve7.pt\\\/#organization\",\"name\":\"Algarve 7\",\"url\":\"https:\\\/\\\/algarve7.pt\\\/\",\"logo\":{\"@type\":\"ImageObject\",\"inLanguage\":\"pt-PT\",\"@id\":\"https:\\\/\\\/algarve7.pt\\\/#\\\/schema\\\/logo\\\/image\\\/\",\"url\":\"https:\\\/\\\/algarve7.pt\\\/wp-content\\\/uploads\\\/2020\\\/10\\\/Logo-8.jpg\",\"contentUrl\":\"https:\\\/\\\/algarve7.pt\\\/wp-content\\\/uploads\\\/2020\\\/10\\\/Logo-8.jpg\",\"width\":1680,\"height\":1186,\"caption\":\"Algarve 7\"},\"image\":{\"@id\":\"https:\\\/\\\/algarve7.pt\\\/#\\\/schema\\\/logo\\\/image\\\/\"},\"sameAs\":[\"https:\\\/\\\/www.facebook.com\\\/algarve7\",\"https:\\\/\\\/x.com\\\/Algarvesete\",\"https:\\\/\\\/www.instagram.com\\\/jornalalgarve7\\\/\",\"https:\\\/\\\/www.linkedin.com\\\/company\\\/algarve7\",\"https:\\\/\\\/www.pinterest.pt\\\/geral0939\\\/_created\\\/\"]},{\"@type\":\"Person\",\"@id\":\"https:\\\/\\\/algarve7.pt\\\/#\\\/schema\\\/person\\\/23fa70681308e7b319a3204bcea45e0c\",\"name\":\"Algarve 7\",\"sameAs\":[\"https:\\\/\\\/algarve7.pt\",\"https:\\\/\\\/www.facebook.com\\\/algarve7\"],\"url\":\"https:\\\/\\\/algarve7.pt\\\/index.php\\\/author\\\/geralalgarve7-pt\\\/\"}]}<\/script>\n<!-- \/ Yoast SEO plugin. -->","yoast_head_json":{"title":"Nova din\u00e2mica marca arranque de \u201cQuintas-feiras ao Luar\u201d no centro de Portim\u00e3o com quatro noites especiais entre junho e setembro - Algarve 7","description":"Nova din\u00e2mica marca arranque de \u201cQuintas-feiras ao Luar\u201d no centro de Portim\u00e3o com quatro noites especiais entre junho e setembro Cultura","robots":{"index":"index","follow":"follow","max-snippet":"max-snippet:-1","max-image-preview":"max-image-preview:large","max-video-preview":"max-video-preview:-1"},"canonical":"https:\/\/algarve7.pt\/index.php\/2025\/06\/nova-dinamica-marca-arranque-de-quintas-feiras-ao-luar-no-centro-de-portimao-com-quatro-noites-especiais-entre-junho-e-setembro\/cultura\/11\/26\/","og_locale":"pt_PT","og_type":"article","og_title":"Nova din\u00e2mica marca arranque de \u201cQuintas-feiras ao Luar\u201d no centro de Portim\u00e3o com quatro noites especiais entre junho e setembro - Algarve 7","og_description":"Nova din\u00e2mica marca arranque de \u201cQuintas-feiras ao Luar\u201d no centro de Portim\u00e3o com quatro noites especiais entre junho e setembro Cultura","og_url":"https:\/\/algarve7.pt\/index.php\/2025\/06\/nova-dinamica-marca-arranque-de-quintas-feiras-ao-luar-no-centro-de-portimao-com-quatro-noites-especiais-entre-junho-e-setembro\/cultura\/11\/26\/","og_site_name":"Algarve 7","article_publisher":"https:\/\/www.facebook.com\/algarve7","article_author":"https:\/\/www.facebook.com\/algarve7","article_published_time":"2025-06-23T10:26:33+00:00","article_modified_time":"2025-06-23T10:26:35+00:00","og_image":[{"width":800,"height":500,"url":"https:\/\/algarve7.pt\/wp-content\/uploads\/2025\/06\/Portimao-_Quintas-ao-Luar.jpg","type":"image\/jpeg"}],"author":"Algarve 7","twitter_card":"summary_large_image","twitter_creator":"@Algarvesete","twitter_site":"@Algarvesete","twitter_misc":{"Escrito por":"Algarve 7","Tempo estimado de leitura":"4 minutos"},"schema":{"@context":"https:\/\/schema.org","@graph":[{"@type":"Article","@id":"https:\/\/algarve7.pt\/index.php\/2025\/06\/nova-dinamica-marca-arranque-de-quintas-feiras-ao-luar-no-centro-de-portimao-com-quatro-noites-especiais-entre-junho-e-setembro\/cultura\/11\/26\/#article","isPartOf":{"@id":"https:\/\/algarve7.pt\/index.php\/2025\/06\/nova-dinamica-marca-arranque-de-quintas-feiras-ao-luar-no-centro-de-portimao-com-quatro-noites-especiais-entre-junho-e-setembro\/cultura\/11\/26\/"},"author":{"name":"Algarve 7","@id":"https:\/\/algarve7.pt\/#\/schema\/person\/23fa70681308e7b319a3204bcea45e0c"},"headline":"Nova din\u00e2mica marca arranque de \u201cQuintas-feiras ao Luar\u201d no centro de Portim\u00e3o com quatro noites especiais entre junho e setembro","datePublished":"2025-06-23T10:26:33+00:00","dateModified":"2025-06-23T10:26:35+00:00","mainEntityOfPage":{"@id":"https:\/\/algarve7.pt\/index.php\/2025\/06\/nova-dinamica-marca-arranque-de-quintas-feiras-ao-luar-no-centro-de-portimao-com-quatro-noites-especiais-entre-junho-e-setembro\/cultura\/11\/26\/"},"wordCount":698,"publisher":{"@id":"https:\/\/algarve7.pt\/#organization"},"image":{"@id":"https:\/\/algarve7.pt\/index.php\/2025\/06\/nova-dinamica-marca-arranque-de-quintas-feiras-ao-luar-no-centro-de-portimao-com-quatro-noites-especiais-entre-junho-e-setembro\/cultura\/11\/26\/#primaryimage"},"thumbnailUrl":"https:\/\/algarve7.pt\/wp-content\/uploads\/2025\/06\/Portimao-_Quintas-ao-Luar.jpg","keywords":["Algarve","Cultura","Portim\u00e3o"],"articleSection":["Cultura"],"inLanguage":"pt-PT"},{"@type":"WebPage","@id":"https:\/\/algarve7.pt\/index.php\/2025\/06\/nova-dinamica-marca-arranque-de-quintas-feiras-ao-luar-no-centro-de-portimao-com-quatro-noites-especiais-entre-junho-e-setembro\/cultura\/11\/26\/","url":"https:\/\/algarve7.pt\/index.php\/2025\/06\/nova-dinamica-marca-arranque-de-quintas-feiras-ao-luar-no-centro-de-portimao-com-quatro-noites-especiais-entre-junho-e-setembro\/cultura\/11\/26\/","name":"Nova din\u00e2mica marca arranque de \u201cQuintas-feiras ao Luar\u201d no centro de Portim\u00e3o com quatro noites especiais entre junho e setembro - Algarve 7","isPartOf":{"@id":"https:\/\/algarve7.pt\/#website"},"primaryImageOfPage":{"@id":"https:\/\/algarve7.pt\/index.php\/2025\/06\/nova-dinamica-marca-arranque-de-quintas-feiras-ao-luar-no-centro-de-portimao-com-quatro-noites-especiais-entre-junho-e-setembro\/cultura\/11\/26\/#primaryimage"},"image":{"@id":"https:\/\/algarve7.pt\/index.php\/2025\/06\/nova-dinamica-marca-arranque-de-quintas-feiras-ao-luar-no-centro-de-portimao-com-quatro-noites-especiais-entre-junho-e-setembro\/cultura\/11\/26\/#primaryimage"},"thumbnailUrl":"https:\/\/algarve7.pt\/wp-content\/uploads\/2025\/06\/Portimao-_Quintas-ao-Luar.jpg","datePublished":"2025-06-23T10:26:33+00:00","dateModified":"2025-06-23T10:26:35+00:00","description":"Nova din\u00e2mica marca arranque de \u201cQuintas-feiras ao Luar\u201d no centro de Portim\u00e3o com quatro noites especiais entre junho e setembro Cultura","breadcrumb":{"@id":"https:\/\/algarve7.pt\/index.php\/2025\/06\/nova-dinamica-marca-arranque-de-quintas-feiras-ao-luar-no-centro-de-portimao-com-quatro-noites-especiais-entre-junho-e-setembro\/cultura\/11\/26\/#breadcrumb"},"inLanguage":"pt-PT","potentialAction":[{"@type":"ReadAction","target":["https:\/\/algarve7.pt\/index.php\/2025\/06\/nova-dinamica-marca-arranque-de-quintas-feiras-ao-luar-no-centro-de-portimao-com-quatro-noites-especiais-entre-junho-e-setembro\/cultura\/11\/26\/"]}]},{"@type":"ImageObject","inLanguage":"pt-PT","@id":"https:\/\/algarve7.pt\/index.php\/2025\/06\/nova-dinamica-marca-arranque-de-quintas-feiras-ao-luar-no-centro-de-portimao-com-quatro-noites-especiais-entre-junho-e-setembro\/cultura\/11\/26\/#primaryimage","url":"https:\/\/algarve7.pt\/wp-content\/uploads\/2025\/06\/Portimao-_Quintas-ao-Luar.jpg","contentUrl":"https:\/\/algarve7.pt\/wp-content\/uploads\/2025\/06\/Portimao-_Quintas-ao-Luar.jpg","width":800,"height":500},{"@type":"BreadcrumbList","@id":"https:\/\/algarve7.pt\/index.php\/2025\/06\/nova-dinamica-marca-arranque-de-quintas-feiras-ao-luar-no-centro-de-portimao-com-quatro-noites-especiais-entre-junho-e-setembro\/cultura\/11\/26\/#breadcrumb","itemListElement":[{"@type":"ListItem","position":1,"name":"In\u00edcio","item":"https:\/\/algarve7.pt\/"},{"@type":"ListItem","position":2,"name":"Nova din\u00e2mica marca arranque de \u201cQuintas-feiras ao Luar\u201d no centro de Portim\u00e3o com quatro noites especiais entre junho e setembro"}]},{"@type":"WebSite","@id":"https:\/\/algarve7.pt\/#website","url":"https:\/\/algarve7.pt\/","name":"Algarve 7","description":"Informa\u00e7\u00e3o sobre o Algarve","publisher":{"@id":"https:\/\/algarve7.pt\/#organization"},"potentialAction":[{"@type":"SearchAction","target":{"@type":"EntryPoint","urlTemplate":"https:\/\/algarve7.pt\/?s={search_term_string}"},"query-input":{"@type":"PropertyValueSpecification","valueRequired":true,"valueName":"search_term_string"}}],"inLanguage":"pt-PT"},{"@type":"Organization","@id":"https:\/\/algarve7.pt\/#organization","name":"Algarve 7","url":"https:\/\/algarve7.pt\/","logo":{"@type":"ImageObject","inLanguage":"pt-PT","@id":"https:\/\/algarve7.pt\/#\/schema\/logo\/image\/","url":"https:\/\/algarve7.pt\/wp-content\/uploads\/2020\/10\/Logo-8.jpg","contentUrl":"https:\/\/algarve7.pt\/wp-content\/uploads\/2020\/10\/Logo-8.jpg","width":1680,"height":1186,"caption":"Algarve 7"},"image":{"@id":"https:\/\/algarve7.pt\/#\/schema\/logo\/image\/"},"sameAs":["https:\/\/www.facebook.com\/algarve7","https:\/\/x.com\/Algarvesete","https:\/\/www.instagram.com\/jornalalgarve7\/","https:\/\/www.linkedin.com\/company\/algarve7","https:\/\/www.pinterest.pt\/geral0939\/_created\/"]},{"@type":"Person","@id":"https:\/\/algarve7.pt\/#\/schema\/person\/23fa70681308e7b319a3204bcea45e0c","name":"Algarve 7","sameAs":["https:\/\/algarve7.pt","https:\/\/www.facebook.com\/algarve7"],"url":"https:\/\/algarve7.pt\/index.php\/author\/geralalgarve7-pt\/"}]}},"jetpack_publicize_connections":[],"jetpack_shortlink":"https:\/\/wp.me\/pcezmW-ds7","jetpack_sharing_enabled":true,"jetpack_featured_media_url":"https:\/\/algarve7.pt\/wp-content\/uploads\/2025\/06\/Portimao-_Quintas-ao-Luar.jpg","_links":{"self":[{"href":"https:\/\/algarve7.pt\/index.php\/wp-json\/wp\/v2\/posts\/51715","targetHints":{"allow":["GET"]}}],"collection":[{"href":"https:\/\/algarve7.pt\/index.php\/wp-json\/wp\/v2\/posts"}],"about":[{"href":"https:\/\/algarve7.pt\/index.php\/wp-json\/wp\/v2\/types\/post"}],"author":[{"embeddable":true,"href":"https:\/\/algarve7.pt\/index.php\/wp-json\/wp\/v2\/users\/1"}],"replies":[{"embeddable":true,"href":"https:\/\/algarve7.pt\/index.php\/wp-json\/wp\/v2\/comments?post=51715"}],"version-history":[{"count":0,"href":"https:\/\/algarve7.pt\/index.php\/wp-json\/wp\/v2\/posts\/51715\/revisions"}],"wp:featuredmedia":[{"embeddable":true,"href":"https:\/\/algarve7.pt\/index.php\/wp-json\/wp\/v2\/media\/51716"}],"wp:attachment":[{"href":"https:\/\/algarve7.pt\/index.php\/wp-json\/wp\/v2\/media?parent=51715"}],"wp:term":[{"taxonomy":"category","embeddable":true,"href":"https:\/\/algarve7.pt\/index.php\/wp-json\/wp\/v2\/categories?post=51715"},{"taxonomy":"post_tag","embeddable":true,"href":"https:\/\/algarve7.pt\/index.php\/wp-json\/wp\/v2\/tags?post=51715"}],"curies":[{"name":"wp","href":"https:\/\/api.w.org\/{rel}","templated":true}]}}