{"id":51693,"date":"2025-06-20T17:07:50","date_gmt":"2025-06-20T16:07:50","guid":{"rendered":"https:\/\/algarve7.pt\/?p=51693"},"modified":"2025-06-20T17:07:52","modified_gmt":"2025-06-20T16:07:52","slug":"e-verao-e-portimao-campanha-marca-o-arranque-da-programacao-de-verao","status":"publish","type":"post","link":"https:\/\/algarve7.pt\/index.php\/2025\/06\/e-verao-e-portimao-campanha-marca-o-arranque-da-programacao-de-verao\/cultura\/17\/07\/","title":{"rendered":"\u00c9 Ver\u00e3o, \u00c9 Portim\u00e3o. Campanha marca o arranque da programa\u00e7\u00e3o de ver\u00e3o"},"content":{"rendered":"\n<p>O concelho de Portim\u00e3o volta a oferecer uma programa\u00e7\u00e3o irresist\u00edvel com eventos para todas as idades, nas \u00e1reas da cultura, lazer e divers\u00e3o para as fam\u00edlias, a pensar nos residentes e tamb\u00e9m nos visitantes que escolhem este destino para as suas f\u00e9rias.<\/p>\n\n\n\n<p>At\u00e9 setembro s\u00e3o v\u00e1rias as propostas, das quais se destacam algumas j\u00e1 consolidadas como o Festival da Sardinha, a exposi\u00e7\u00e3o World Press Photo ou o Festival Chamin\u00e9 D\u2019Ouro, mas tamb\u00e9m outras apostas mais recentes como A Noitada, as Quintas ao Luar ou o InDireita Street Fest que, ainda assim, prometem voltar a ter uma elevada aflu\u00eancia.<\/p>\n\n\n\n<p>As novidades das edi\u00e7\u00f5es deste ano e os muitos pontos altos da programa\u00e7\u00e3o, que se inicia este m\u00eas e se prolonga ao longo de todo o ver\u00e3o, foram revelados durante a apresenta\u00e7\u00e3o oficial da agenda de eventos, na Pra\u00e7a da Rep\u00fablica (Alameda), um dos principais palcos da cidade.<\/p>\n\n\n\n<p>A sess\u00e3o neste espa\u00e7o central contou ainda com a divulga\u00e7\u00e3o da nova imagem do com\u00e9rcio local e do projeto \u201cBairros Digitais\u201d, ambos promovidos pelo Munic\u00edpio de Portim\u00e3o para dar um impulso din\u00e2mico aos neg\u00f3cios que j\u00e1 existem nesta zona, numa medida que ser\u00e1 complementada pelos diferentes eventos que est\u00e3o previstos decorrer em toda esta \u00e1rea.<\/p>\n\n\n\n<p><strong>Literatura marca arranque da programa\u00e7\u00e3o<\/strong><\/p>\n\n\n\n<p>E \u00e9 j\u00e1 com esta din\u00e2mica que a programa\u00e7\u00e3o abre, ao final da tarde desta sexta-feira, dia 20 de junho, com o regresso da Feira do Livro de Portim\u00e3o, num novo formato, junto \u00e0 Antiga Lota. At\u00e9 6 de julho, o recinto, com v\u00e1rios stands e ar livre, promove diversas atividades abertas ao p\u00fablico em geral, como apresenta\u00e7\u00f5es de novas obras, conversas com muitos escritores de renome, debates e at\u00e9 a Hora do Conto, para os mais novos.<\/p>\n\n\n\n<p>Na semana seguinte, no dia 26 de junho, as sugest\u00f5es passam por uma ida ao centro da cidade para assistir \u00e0 estreia da segunda edi\u00e7\u00e3o da iniciativa \u201cQuintas ao Luar\u201d, que pretende dinamizar a economia local, apresentando artistas e talentos emergentes do concelho, ao mesmo tempo que promove o com\u00e9rcio num hor\u00e1rio mais alargado (das 18h00 \u00e0s 23h00). Com tem\u00e1ticas diferentes, o projeto regressa \u00e0 rua nos dias 31 de julho, 21 de agosto e 11 de setembro.<\/p>\n\n\n\n<p>Este projeto abre assim o \u201capetite\u201d para mais uma edi\u00e7\u00e3o do InDireita Street Fest, que ter\u00e1 lugar numa das principais art\u00e9rias comerciais da cidade, j\u00e1 no dia 29 junho na Rua Direita, e que se voltar\u00e1 a repetir a 28 de setembro. Esta via de circula\u00e7\u00e3o encerra ao tr\u00e2nsito e convida as pessoas a conviver e a conhecer diversos produtos, ao som de concertos tamb\u00e9m com artistas da regi\u00e3o.<\/p>\n\n\n\n<p>Em julho, mais uma edi\u00e7\u00e3o do j\u00e1 reconhecido festival de m\u00fasica AfroNation, que em 2024 contou com uma m\u00e9dia de aflu\u00eancia di\u00e1ria de 40 mil pessoas, promete voltar a atrair milhares de visitantes \u00e0 Praia da Rocha, entre os dias 9 e 11 de julho. A este festival juntam-se outras duas propostas na Zona Ribeirinha, que s\u00e3o tamb\u00e9m eventos consolidados. \u00c9 o caso do Lota Cool Market (16 a 20 de julho) e da exposi\u00e7\u00e3o World Press Photo (20 de julho a 10 de agosto), onde as melhores imagens captadas ao longo do ano mostram cen\u00e1rios impactantes.<\/p>\n\n\n\n<p><strong>Estudos atestam investimento em eventos \u00e2ncora<\/strong><\/p>\n\n\n\n<p>\u00c9, depois, na transi\u00e7\u00e3o do m\u00eas que dois dos grandes eventos \u00e2ncora decorrem na cidade e que prometem tamb\u00e9m atrair milhares de pessoas. A C\u00e2mara Municipal de Portim\u00e3o quer repetir o sucesso da edi\u00e7\u00e3o de estreia do ano passado com A Noitada, a 25 e 26 de julho, e, por isso, aposta num programa de anima\u00e7\u00e3o que percorre diversos e mais pontos de anima\u00e7\u00e3o, onde a arte, a ilumina\u00e7\u00e3o e os concertos voltam a surpreender o p\u00fablico.<\/p>\n\n\n\n<p>J\u00e1 no in\u00edcio de agosto, o destaque ser\u00e1 o Festival da Sardinha, que abre, no dia 5, com a recria\u00e7\u00e3o hist\u00f3rica da descarga da sardinha, no Cais Gil Eanes, e que mant\u00e9m viva a identidade da comunidade portimonense, numa evoca\u00e7\u00e3o \u00e0 pesca e \u00e0 ind\u00fastria conserveira.<\/p>\n\n\n\n<p>Nessa noite sobe ao palco do Festival da Sardinha um dos maiores nomes da m\u00fasica em Portugal. Rui Veloso vai abrir a anima\u00e7\u00e3o deste evento, a que se seguem Pedro Abrunhosa, no dia 6, Diogo Pi\u00e7arra, no dia 7, Nena, no dia 8, Para Sempre Marco, a 9 de agosto, e Resist\u00eancia, no encerramento dos seis dias dedicados \u00e0 sardinha. \u00c9 um cartaz que, a par da degusta\u00e7\u00e3o da sardinha no p\u00e3o, artesanato e outra anima\u00e7\u00e3o musical, agradar\u00e1, decerto, a v\u00e1rios p\u00fablicos.<\/p>\n\n\n\n<p>Foram, ali\u00e1s, estes os dois eventos apresentados por \u00c1lvaro Bila, Presidente da C\u00e2mara Municipal de Portim\u00e3o, durante a apresenta\u00e7\u00e3o oficial no dia 18 de junho. \u201cN\u00e3o faltam propostas das mais variadas \u00e1reas, muitas delas promovidas com as nossas freguesias e associa\u00e7\u00f5es locais\u201d, que s\u00e3o importantes. Estes s\u00e3o dois eventos \u00e2ncora no concelho, que v\u00e3o marcar este ver\u00e3o, e que complementam a restante agenda.<\/p>\n\n\n\n<p>\u201cTodas as nossas grandes iniciativas s\u00e3o avaliadas economicamente e acredito que estes projetos atraem cada vez mais pessoas. No ano passado, fizemos um protocolo com a Universidade do Algarve, para a elabora\u00e7\u00e3o de um estudo de impacto econ\u00f3mico de forma a conhecermos o retorno que tr\u00eas grandes eventos (A Noitada, o Festival da Sardinha e a programa\u00e7\u00e3o de Natal e Passagem de Ano) trouxeram para a nossa cidade\u201d, afirmou o presidente da autarquia. Considerada como uma aposta ganha, o Munic\u00edpio quer assim repetir este sucesso.<\/p>\n\n\n\n<p><strong>Agosto com Calema e Da Weasel<\/strong><\/p>\n\n\n\n<p>Por sua vez, o ecl\u00e9tico Festival Mar Me Quer, entre 13 e 15 de agosto, conta tamb\u00e9m com muitas novidades e nomes de peso, como s\u00e3o exemplo os Calema e os Da Weasel, esta \u00faltima banda a reunir-se novamente para reviver os grandes \u00eaxitos, numa muito reduzida quantidade de concertos pelo pa\u00eds.<\/p>\n\n\n\n<p>O m\u00eas de agosto encerra com o International Masters Futsal, nos dias 23 e 24, no Portim\u00e3o Arena, e setembro come\u00e7a de imediato com novos sabores propostos pelo Arrebita Portim\u00e3o, nos dias 6 e 7, na Alameda e espa\u00e7o circundante, numa aposta de dinamiza\u00e7\u00e3o do com\u00e9rcio local j\u00e1 quase a terminar a \u00e9poca alta do turismo. O Portim\u00e3o Arena receber\u00e1 ainda o Investor Talks 25, nos dias 13 e 14 de setembro.<\/p>\n\n\n\n<p><strong>Freguesias tamb\u00e9m com forte anima\u00e7\u00e3o de ver\u00e3o<\/strong><\/p>\n\n\n\n<p>Entre a rela\u00e7\u00e3o de iniciativas agendadas at\u00e9 setembro, merecem ainda aten\u00e7\u00e3o as propostas de responsabilidade das freguesias de Portim\u00e3o, Alvor, Mexilhoeira Grande. Na cidade, ganha destaque o concerto dos D.A.M.A., que assinala o anivers\u00e1rio da freguesia, no dia 12 de julho, na Alameda, mas tamb\u00e9m o Festival Chamin\u00e9 de Ouro (19 de julho) e o Festival de Acorde\u00e3o Jo\u00e3o C\u00e9sar (23 de agosto).<\/p>\n\n\n\n<p>Em Alvor, um dos pontos altos ser\u00e1 a Festa do Senhor Jesus de Alvor, na Zona Ribeirinha (14 a 17 de agosto), enquanto a Mexilhoeira Grande ter\u00e1 como atrativos os eventos Do You Remember (1 de agosto), a Semana da Juventude (29 de agosto a 6 de setembro) e o Festival do Berbig\u00e3o (13 e 14 de setembro), onde sobressai a organiza\u00e7\u00e3o das associa\u00e7\u00f5es locais.<\/p>\n\n\n\n<p><strong>Desporto, lazer e cultura tamb\u00e9m saem \u00e0 rua<\/strong><\/p>\n\n\n\n<p>Estes s\u00e3o apenas alguns dos eventos destacados, porque o Munic\u00edpio apresenta muitas mais iniciativas para os tr\u00eas meses, como exemplo \u201cA Grande Fantochada\u201d, um espet\u00e1culo de Hugo Van Der Ding, Ver\u00e3o Azul, Portim\u00e3o Wine Tasting, Humor.Ptm, as exposi\u00e7\u00f5es \u201cTabernas de Portim\u00e3o\u201d, \u201cH\u00e1 Fado na Lota\u201d e \u201cNuno J\u00fadice &#8211; O Prazer das Imagens\u201d, a 5\u00aa Maratona BTT Cidade de Portim\u00e3o &#8211; 3\u00aa Ta\u00e7a do Algarve XCM ou o Circuito Nacional de Basket 3X3.<\/p>\n","protected":false},"excerpt":{"rendered":"<p>O concelho de Portim\u00e3o volta a oferecer uma programa\u00e7\u00e3o irresist\u00edvel com eventos para todas as idades, nas \u00e1reas da cultura,<\/p>\n","protected":false},"author":1,"featured_media":51694,"comment_status":"closed","ping_status":"closed","sticky":false,"template":"","format":"standard","meta":{"colormag_page_container_layout":"default_layout","colormag_page_sidebar_layout":"default_layout","_monsterinsights_skip_tracking":false,"_monsterinsights_sitenote_active":false,"_monsterinsights_sitenote_note":"","_monsterinsights_sitenote_category":0,"jetpack_post_was_ever_published":false,"_jetpack_newsletter_access":"","_jetpack_dont_email_post_to_subs":false,"_jetpack_newsletter_tier_id":0,"_jetpack_memberships_contains_paywalled_content":false,"_jetpack_memberships_contains_paid_content":false,"footnotes":"","jetpack_publicize_message":"","jetpack_publicize_feature_enabled":true,"jetpack_social_post_already_shared":false,"jetpack_social_options":{"image_generator_settings":{"template":"highway","default_image_id":0,"font":"","enabled":false},"version":2}},"categories":[14],"tags":[36,35,72],"class_list":["post-51693","post","type-post","status-publish","format-standard","has-post-thumbnail","hentry","category-cultura","tag-algarve","tag-cultura","tag-portimao"],"yoast_head":"<!-- This site is optimized with the Yoast SEO plugin v27.5 - https:\/\/yoast.com\/product\/yoast-seo-wordpress\/ -->\n<title>\u00c9 Ver\u00e3o, \u00c9 Portim\u00e3o. Campanha marca o arranque da programa\u00e7\u00e3o de ver\u00e3o - Algarve 7<\/title>\n<meta name=\"description\" content=\"\u00c9 Ver\u00e3o, \u00c9 Portim\u00e3o. Campanha marca o arranque da programa\u00e7\u00e3o de ver\u00e3o Cultura\" \/>\n<meta name=\"robots\" content=\"index, follow, max-snippet:-1, max-image-preview:large, max-video-preview:-1\" \/>\n<link rel=\"canonical\" href=\"https:\/\/algarve7.pt\/index.php\/2025\/06\/e-verao-e-portimao-campanha-marca-o-arranque-da-programacao-de-verao\/cultura\/17\/07\/\" \/>\n<meta property=\"og:locale\" content=\"pt_PT\" \/>\n<meta property=\"og:type\" content=\"article\" \/>\n<meta property=\"og:title\" content=\"\u00c9 Ver\u00e3o, \u00c9 Portim\u00e3o. Campanha marca o arranque da programa\u00e7\u00e3o de ver\u00e3o - Algarve 7\" \/>\n<meta property=\"og:description\" content=\"\u00c9 Ver\u00e3o, \u00c9 Portim\u00e3o. Campanha marca o arranque da programa\u00e7\u00e3o de ver\u00e3o Cultura\" \/>\n<meta property=\"og:url\" content=\"https:\/\/algarve7.pt\/index.php\/2025\/06\/e-verao-e-portimao-campanha-marca-o-arranque-da-programacao-de-verao\/cultura\/17\/07\/\" \/>\n<meta property=\"og:site_name\" content=\"Algarve 7\" \/>\n<meta property=\"article:publisher\" content=\"https:\/\/www.facebook.com\/algarve7\" \/>\n<meta property=\"article:author\" content=\"https:\/\/www.facebook.com\/algarve7\" \/>\n<meta property=\"article:published_time\" content=\"2025-06-20T16:07:50+00:00\" \/>\n<meta property=\"article:modified_time\" content=\"2025-06-20T16:07:52+00:00\" \/>\n<meta property=\"og:image\" content=\"https:\/\/algarve7.pt\/wp-content\/uploads\/2025\/06\/Apresentacao-Eventos-Portimao-25-lw.jpg\" \/>\n\t<meta property=\"og:image:width\" content=\"800\" \/>\n\t<meta property=\"og:image:height\" content=\"500\" \/>\n\t<meta property=\"og:image:type\" content=\"image\/jpeg\" \/>\n<meta name=\"author\" content=\"Algarve 7\" \/>\n<meta name=\"twitter:card\" content=\"summary_large_image\" \/>\n<meta name=\"twitter:creator\" content=\"@Algarvesete\" \/>\n<meta name=\"twitter:site\" content=\"@Algarvesete\" \/>\n<meta name=\"twitter:label1\" content=\"Escrito por\" \/>\n\t<meta name=\"twitter:data1\" content=\"Algarve 7\" \/>\n\t<meta name=\"twitter:label2\" content=\"Tempo estimado de leitura\" \/>\n\t<meta name=\"twitter:data2\" content=\"8 minutos\" \/>\n<script type=\"application\/ld+json\" class=\"yoast-schema-graph\">{\"@context\":\"https:\\\/\\\/schema.org\",\"@graph\":[{\"@type\":\"Article\",\"@id\":\"https:\\\/\\\/algarve7.pt\\\/index.php\\\/2025\\\/06\\\/e-verao-e-portimao-campanha-marca-o-arranque-da-programacao-de-verao\\\/cultura\\\/17\\\/07\\\/#article\",\"isPartOf\":{\"@id\":\"https:\\\/\\\/algarve7.pt\\\/index.php\\\/2025\\\/06\\\/e-verao-e-portimao-campanha-marca-o-arranque-da-programacao-de-verao\\\/cultura\\\/17\\\/07\\\/\"},\"author\":{\"name\":\"Algarve 7\",\"@id\":\"https:\\\/\\\/algarve7.pt\\\/#\\\/schema\\\/person\\\/23fa70681308e7b319a3204bcea45e0c\"},\"headline\":\"\u00c9 Ver\u00e3o, \u00c9 Portim\u00e3o. Campanha marca o arranque da programa\u00e7\u00e3o de ver\u00e3o\",\"datePublished\":\"2025-06-20T16:07:50+00:00\",\"dateModified\":\"2025-06-20T16:07:52+00:00\",\"mainEntityOfPage\":{\"@id\":\"https:\\\/\\\/algarve7.pt\\\/index.php\\\/2025\\\/06\\\/e-verao-e-portimao-campanha-marca-o-arranque-da-programacao-de-verao\\\/cultura\\\/17\\\/07\\\/\"},\"wordCount\":1329,\"publisher\":{\"@id\":\"https:\\\/\\\/algarve7.pt\\\/#organization\"},\"image\":{\"@id\":\"https:\\\/\\\/algarve7.pt\\\/index.php\\\/2025\\\/06\\\/e-verao-e-portimao-campanha-marca-o-arranque-da-programacao-de-verao\\\/cultura\\\/17\\\/07\\\/#primaryimage\"},\"thumbnailUrl\":\"https:\\\/\\\/algarve7.pt\\\/wp-content\\\/uploads\\\/2025\\\/06\\\/Apresentacao-Eventos-Portimao-25-lw.jpg\",\"keywords\":[\"Algarve\",\"Cultura\",\"Portim\u00e3o\"],\"articleSection\":[\"Cultura\"],\"inLanguage\":\"pt-PT\"},{\"@type\":\"WebPage\",\"@id\":\"https:\\\/\\\/algarve7.pt\\\/index.php\\\/2025\\\/06\\\/e-verao-e-portimao-campanha-marca-o-arranque-da-programacao-de-verao\\\/cultura\\\/17\\\/07\\\/\",\"url\":\"https:\\\/\\\/algarve7.pt\\\/index.php\\\/2025\\\/06\\\/e-verao-e-portimao-campanha-marca-o-arranque-da-programacao-de-verao\\\/cultura\\\/17\\\/07\\\/\",\"name\":\"\u00c9 Ver\u00e3o, \u00c9 Portim\u00e3o. Campanha marca o arranque da programa\u00e7\u00e3o de ver\u00e3o - Algarve 7\",\"isPartOf\":{\"@id\":\"https:\\\/\\\/algarve7.pt\\\/#website\"},\"primaryImageOfPage\":{\"@id\":\"https:\\\/\\\/algarve7.pt\\\/index.php\\\/2025\\\/06\\\/e-verao-e-portimao-campanha-marca-o-arranque-da-programacao-de-verao\\\/cultura\\\/17\\\/07\\\/#primaryimage\"},\"image\":{\"@id\":\"https:\\\/\\\/algarve7.pt\\\/index.php\\\/2025\\\/06\\\/e-verao-e-portimao-campanha-marca-o-arranque-da-programacao-de-verao\\\/cultura\\\/17\\\/07\\\/#primaryimage\"},\"thumbnailUrl\":\"https:\\\/\\\/algarve7.pt\\\/wp-content\\\/uploads\\\/2025\\\/06\\\/Apresentacao-Eventos-Portimao-25-lw.jpg\",\"datePublished\":\"2025-06-20T16:07:50+00:00\",\"dateModified\":\"2025-06-20T16:07:52+00:00\",\"description\":\"\u00c9 Ver\u00e3o, \u00c9 Portim\u00e3o. Campanha marca o arranque da programa\u00e7\u00e3o de ver\u00e3o Cultura\",\"breadcrumb\":{\"@id\":\"https:\\\/\\\/algarve7.pt\\\/index.php\\\/2025\\\/06\\\/e-verao-e-portimao-campanha-marca-o-arranque-da-programacao-de-verao\\\/cultura\\\/17\\\/07\\\/#breadcrumb\"},\"inLanguage\":\"pt-PT\",\"potentialAction\":[{\"@type\":\"ReadAction\",\"target\":[\"https:\\\/\\\/algarve7.pt\\\/index.php\\\/2025\\\/06\\\/e-verao-e-portimao-campanha-marca-o-arranque-da-programacao-de-verao\\\/cultura\\\/17\\\/07\\\/\"]}]},{\"@type\":\"ImageObject\",\"inLanguage\":\"pt-PT\",\"@id\":\"https:\\\/\\\/algarve7.pt\\\/index.php\\\/2025\\\/06\\\/e-verao-e-portimao-campanha-marca-o-arranque-da-programacao-de-verao\\\/cultura\\\/17\\\/07\\\/#primaryimage\",\"url\":\"https:\\\/\\\/algarve7.pt\\\/wp-content\\\/uploads\\\/2025\\\/06\\\/Apresentacao-Eventos-Portimao-25-lw.jpg\",\"contentUrl\":\"https:\\\/\\\/algarve7.pt\\\/wp-content\\\/uploads\\\/2025\\\/06\\\/Apresentacao-Eventos-Portimao-25-lw.jpg\",\"width\":800,\"height\":500},{\"@type\":\"BreadcrumbList\",\"@id\":\"https:\\\/\\\/algarve7.pt\\\/index.php\\\/2025\\\/06\\\/e-verao-e-portimao-campanha-marca-o-arranque-da-programacao-de-verao\\\/cultura\\\/17\\\/07\\\/#breadcrumb\",\"itemListElement\":[{\"@type\":\"ListItem\",\"position\":1,\"name\":\"In\u00edcio\",\"item\":\"https:\\\/\\\/algarve7.pt\\\/\"},{\"@type\":\"ListItem\",\"position\":2,\"name\":\"\u00c9 Ver\u00e3o, \u00c9 Portim\u00e3o. Campanha marca o arranque da programa\u00e7\u00e3o de ver\u00e3o\"}]},{\"@type\":\"WebSite\",\"@id\":\"https:\\\/\\\/algarve7.pt\\\/#website\",\"url\":\"https:\\\/\\\/algarve7.pt\\\/\",\"name\":\"Algarve 7\",\"description\":\"Informa\u00e7\u00e3o sobre o Algarve\",\"publisher\":{\"@id\":\"https:\\\/\\\/algarve7.pt\\\/#organization\"},\"potentialAction\":[{\"@type\":\"SearchAction\",\"target\":{\"@type\":\"EntryPoint\",\"urlTemplate\":\"https:\\\/\\\/algarve7.pt\\\/?s={search_term_string}\"},\"query-input\":{\"@type\":\"PropertyValueSpecification\",\"valueRequired\":true,\"valueName\":\"search_term_string\"}}],\"inLanguage\":\"pt-PT\"},{\"@type\":\"Organization\",\"@id\":\"https:\\\/\\\/algarve7.pt\\\/#organization\",\"name\":\"Algarve 7\",\"url\":\"https:\\\/\\\/algarve7.pt\\\/\",\"logo\":{\"@type\":\"ImageObject\",\"inLanguage\":\"pt-PT\",\"@id\":\"https:\\\/\\\/algarve7.pt\\\/#\\\/schema\\\/logo\\\/image\\\/\",\"url\":\"https:\\\/\\\/algarve7.pt\\\/wp-content\\\/uploads\\\/2020\\\/10\\\/Logo-8.jpg\",\"contentUrl\":\"https:\\\/\\\/algarve7.pt\\\/wp-content\\\/uploads\\\/2020\\\/10\\\/Logo-8.jpg\",\"width\":1680,\"height\":1186,\"caption\":\"Algarve 7\"},\"image\":{\"@id\":\"https:\\\/\\\/algarve7.pt\\\/#\\\/schema\\\/logo\\\/image\\\/\"},\"sameAs\":[\"https:\\\/\\\/www.facebook.com\\\/algarve7\",\"https:\\\/\\\/x.com\\\/Algarvesete\",\"https:\\\/\\\/www.instagram.com\\\/jornalalgarve7\\\/\",\"https:\\\/\\\/www.linkedin.com\\\/company\\\/algarve7\",\"https:\\\/\\\/www.pinterest.pt\\\/geral0939\\\/_created\\\/\"]},{\"@type\":\"Person\",\"@id\":\"https:\\\/\\\/algarve7.pt\\\/#\\\/schema\\\/person\\\/23fa70681308e7b319a3204bcea45e0c\",\"name\":\"Algarve 7\",\"sameAs\":[\"https:\\\/\\\/algarve7.pt\",\"https:\\\/\\\/www.facebook.com\\\/algarve7\"],\"url\":\"https:\\\/\\\/algarve7.pt\\\/index.php\\\/author\\\/geralalgarve7-pt\\\/\"}]}<\/script>\n<!-- \/ Yoast SEO plugin. -->","yoast_head_json":{"title":"\u00c9 Ver\u00e3o, \u00c9 Portim\u00e3o. Campanha marca o arranque da programa\u00e7\u00e3o de ver\u00e3o - Algarve 7","description":"\u00c9 Ver\u00e3o, \u00c9 Portim\u00e3o. Campanha marca o arranque da programa\u00e7\u00e3o de ver\u00e3o Cultura","robots":{"index":"index","follow":"follow","max-snippet":"max-snippet:-1","max-image-preview":"max-image-preview:large","max-video-preview":"max-video-preview:-1"},"canonical":"https:\/\/algarve7.pt\/index.php\/2025\/06\/e-verao-e-portimao-campanha-marca-o-arranque-da-programacao-de-verao\/cultura\/17\/07\/","og_locale":"pt_PT","og_type":"article","og_title":"\u00c9 Ver\u00e3o, \u00c9 Portim\u00e3o. Campanha marca o arranque da programa\u00e7\u00e3o de ver\u00e3o - Algarve 7","og_description":"\u00c9 Ver\u00e3o, \u00c9 Portim\u00e3o. Campanha marca o arranque da programa\u00e7\u00e3o de ver\u00e3o Cultura","og_url":"https:\/\/algarve7.pt\/index.php\/2025\/06\/e-verao-e-portimao-campanha-marca-o-arranque-da-programacao-de-verao\/cultura\/17\/07\/","og_site_name":"Algarve 7","article_publisher":"https:\/\/www.facebook.com\/algarve7","article_author":"https:\/\/www.facebook.com\/algarve7","article_published_time":"2025-06-20T16:07:50+00:00","article_modified_time":"2025-06-20T16:07:52+00:00","og_image":[{"width":800,"height":500,"url":"https:\/\/algarve7.pt\/wp-content\/uploads\/2025\/06\/Apresentacao-Eventos-Portimao-25-lw.jpg","type":"image\/jpeg"}],"author":"Algarve 7","twitter_card":"summary_large_image","twitter_creator":"@Algarvesete","twitter_site":"@Algarvesete","twitter_misc":{"Escrito por":"Algarve 7","Tempo estimado de leitura":"8 minutos"},"schema":{"@context":"https:\/\/schema.org","@graph":[{"@type":"Article","@id":"https:\/\/algarve7.pt\/index.php\/2025\/06\/e-verao-e-portimao-campanha-marca-o-arranque-da-programacao-de-verao\/cultura\/17\/07\/#article","isPartOf":{"@id":"https:\/\/algarve7.pt\/index.php\/2025\/06\/e-verao-e-portimao-campanha-marca-o-arranque-da-programacao-de-verao\/cultura\/17\/07\/"},"author":{"name":"Algarve 7","@id":"https:\/\/algarve7.pt\/#\/schema\/person\/23fa70681308e7b319a3204bcea45e0c"},"headline":"\u00c9 Ver\u00e3o, \u00c9 Portim\u00e3o. Campanha marca o arranque da programa\u00e7\u00e3o de ver\u00e3o","datePublished":"2025-06-20T16:07:50+00:00","dateModified":"2025-06-20T16:07:52+00:00","mainEntityOfPage":{"@id":"https:\/\/algarve7.pt\/index.php\/2025\/06\/e-verao-e-portimao-campanha-marca-o-arranque-da-programacao-de-verao\/cultura\/17\/07\/"},"wordCount":1329,"publisher":{"@id":"https:\/\/algarve7.pt\/#organization"},"image":{"@id":"https:\/\/algarve7.pt\/index.php\/2025\/06\/e-verao-e-portimao-campanha-marca-o-arranque-da-programacao-de-verao\/cultura\/17\/07\/#primaryimage"},"thumbnailUrl":"https:\/\/algarve7.pt\/wp-content\/uploads\/2025\/06\/Apresentacao-Eventos-Portimao-25-lw.jpg","keywords":["Algarve","Cultura","Portim\u00e3o"],"articleSection":["Cultura"],"inLanguage":"pt-PT"},{"@type":"WebPage","@id":"https:\/\/algarve7.pt\/index.php\/2025\/06\/e-verao-e-portimao-campanha-marca-o-arranque-da-programacao-de-verao\/cultura\/17\/07\/","url":"https:\/\/algarve7.pt\/index.php\/2025\/06\/e-verao-e-portimao-campanha-marca-o-arranque-da-programacao-de-verao\/cultura\/17\/07\/","name":"\u00c9 Ver\u00e3o, \u00c9 Portim\u00e3o. Campanha marca o arranque da programa\u00e7\u00e3o de ver\u00e3o - Algarve 7","isPartOf":{"@id":"https:\/\/algarve7.pt\/#website"},"primaryImageOfPage":{"@id":"https:\/\/algarve7.pt\/index.php\/2025\/06\/e-verao-e-portimao-campanha-marca-o-arranque-da-programacao-de-verao\/cultura\/17\/07\/#primaryimage"},"image":{"@id":"https:\/\/algarve7.pt\/index.php\/2025\/06\/e-verao-e-portimao-campanha-marca-o-arranque-da-programacao-de-verao\/cultura\/17\/07\/#primaryimage"},"thumbnailUrl":"https:\/\/algarve7.pt\/wp-content\/uploads\/2025\/06\/Apresentacao-Eventos-Portimao-25-lw.jpg","datePublished":"2025-06-20T16:07:50+00:00","dateModified":"2025-06-20T16:07:52+00:00","description":"\u00c9 Ver\u00e3o, \u00c9 Portim\u00e3o. Campanha marca o arranque da programa\u00e7\u00e3o de ver\u00e3o Cultura","breadcrumb":{"@id":"https:\/\/algarve7.pt\/index.php\/2025\/06\/e-verao-e-portimao-campanha-marca-o-arranque-da-programacao-de-verao\/cultura\/17\/07\/#breadcrumb"},"inLanguage":"pt-PT","potentialAction":[{"@type":"ReadAction","target":["https:\/\/algarve7.pt\/index.php\/2025\/06\/e-verao-e-portimao-campanha-marca-o-arranque-da-programacao-de-verao\/cultura\/17\/07\/"]}]},{"@type":"ImageObject","inLanguage":"pt-PT","@id":"https:\/\/algarve7.pt\/index.php\/2025\/06\/e-verao-e-portimao-campanha-marca-o-arranque-da-programacao-de-verao\/cultura\/17\/07\/#primaryimage","url":"https:\/\/algarve7.pt\/wp-content\/uploads\/2025\/06\/Apresentacao-Eventos-Portimao-25-lw.jpg","contentUrl":"https:\/\/algarve7.pt\/wp-content\/uploads\/2025\/06\/Apresentacao-Eventos-Portimao-25-lw.jpg","width":800,"height":500},{"@type":"BreadcrumbList","@id":"https:\/\/algarve7.pt\/index.php\/2025\/06\/e-verao-e-portimao-campanha-marca-o-arranque-da-programacao-de-verao\/cultura\/17\/07\/#breadcrumb","itemListElement":[{"@type":"ListItem","position":1,"name":"In\u00edcio","item":"https:\/\/algarve7.pt\/"},{"@type":"ListItem","position":2,"name":"\u00c9 Ver\u00e3o, \u00c9 Portim\u00e3o. Campanha marca o arranque da programa\u00e7\u00e3o de ver\u00e3o"}]},{"@type":"WebSite","@id":"https:\/\/algarve7.pt\/#website","url":"https:\/\/algarve7.pt\/","name":"Algarve 7","description":"Informa\u00e7\u00e3o sobre o Algarve","publisher":{"@id":"https:\/\/algarve7.pt\/#organization"},"potentialAction":[{"@type":"SearchAction","target":{"@type":"EntryPoint","urlTemplate":"https:\/\/algarve7.pt\/?s={search_term_string}"},"query-input":{"@type":"PropertyValueSpecification","valueRequired":true,"valueName":"search_term_string"}}],"inLanguage":"pt-PT"},{"@type":"Organization","@id":"https:\/\/algarve7.pt\/#organization","name":"Algarve 7","url":"https:\/\/algarve7.pt\/","logo":{"@type":"ImageObject","inLanguage":"pt-PT","@id":"https:\/\/algarve7.pt\/#\/schema\/logo\/image\/","url":"https:\/\/algarve7.pt\/wp-content\/uploads\/2020\/10\/Logo-8.jpg","contentUrl":"https:\/\/algarve7.pt\/wp-content\/uploads\/2020\/10\/Logo-8.jpg","width":1680,"height":1186,"caption":"Algarve 7"},"image":{"@id":"https:\/\/algarve7.pt\/#\/schema\/logo\/image\/"},"sameAs":["https:\/\/www.facebook.com\/algarve7","https:\/\/x.com\/Algarvesete","https:\/\/www.instagram.com\/jornalalgarve7\/","https:\/\/www.linkedin.com\/company\/algarve7","https:\/\/www.pinterest.pt\/geral0939\/_created\/"]},{"@type":"Person","@id":"https:\/\/algarve7.pt\/#\/schema\/person\/23fa70681308e7b319a3204bcea45e0c","name":"Algarve 7","sameAs":["https:\/\/algarve7.pt","https:\/\/www.facebook.com\/algarve7"],"url":"https:\/\/algarve7.pt\/index.php\/author\/geralalgarve7-pt\/"}]}},"jetpack_publicize_connections":[],"jetpack_featured_media_url":"https:\/\/algarve7.pt\/wp-content\/uploads\/2025\/06\/Apresentacao-Eventos-Portimao-25-lw.jpg","jetpack_shortlink":"https:\/\/wp.me\/pcezmW-drL","jetpack_sharing_enabled":true,"_links":{"self":[{"href":"https:\/\/algarve7.pt\/index.php\/wp-json\/wp\/v2\/posts\/51693","targetHints":{"allow":["GET"]}}],"collection":[{"href":"https:\/\/algarve7.pt\/index.php\/wp-json\/wp\/v2\/posts"}],"about":[{"href":"https:\/\/algarve7.pt\/index.php\/wp-json\/wp\/v2\/types\/post"}],"author":[{"embeddable":true,"href":"https:\/\/algarve7.pt\/index.php\/wp-json\/wp\/v2\/users\/1"}],"replies":[{"embeddable":true,"href":"https:\/\/algarve7.pt\/index.php\/wp-json\/wp\/v2\/comments?post=51693"}],"version-history":[{"count":0,"href":"https:\/\/algarve7.pt\/index.php\/wp-json\/wp\/v2\/posts\/51693\/revisions"}],"wp:featuredmedia":[{"embeddable":true,"href":"https:\/\/algarve7.pt\/index.php\/wp-json\/wp\/v2\/media\/51694"}],"wp:attachment":[{"href":"https:\/\/algarve7.pt\/index.php\/wp-json\/wp\/v2\/media?parent=51693"}],"wp:term":[{"taxonomy":"category","embeddable":true,"href":"https:\/\/algarve7.pt\/index.php\/wp-json\/wp\/v2\/categories?post=51693"},{"taxonomy":"post_tag","embeddable":true,"href":"https:\/\/algarve7.pt\/index.php\/wp-json\/wp\/v2\/tags?post=51693"}],"curies":[{"name":"wp","href":"https:\/\/api.w.org\/{rel}","templated":true}]}}