{"id":51662,"date":"2025-06-21T10:00:00","date_gmt":"2025-06-21T09:00:00","guid":{"rendered":"https:\/\/algarve7.pt\/?p=51662"},"modified":"2025-06-19T20:28:37","modified_gmt":"2025-06-19T19:28:37","slug":"ha-musica-no-bairro-para-encontrar-talentos-emergentes-em-albufeira","status":"publish","type":"post","link":"https:\/\/algarve7.pt\/index.php\/2025\/06\/ha-musica-no-bairro-para-encontrar-talentos-emergentes-em-albufeira\/cultura\/10\/00\/","title":{"rendered":"\u201cH\u00e1 m\u00fasica no bairro\u201d para encontrar talentos emergentes em Albufeira"},"content":{"rendered":"\n<p>\u201cH\u00e1 M\u00fasica no Bairro\u201d \u00e9 a nova aposta do Munic\u00edpio de Albufeira para apoiar a comunidade art\u00edstica do concelho. A iniciativa realiza-se pela primeira vez em 2025, e tem como objetivo dinamizar a produ\u00e7\u00e3o musical local. Para isso, v\u00e3o ser organizadas v\u00e1rias rondas de um concurso, que vai culminar com a sele\u00e7\u00e3o dos 3 melhores artistas.&nbsp;<\/p>\n\n\n\n<p>O presidente da C\u00e2mara Municipal de Albufeira, Jos\u00e9 Carlos Rolo, adianta que o objetivo passa por \u201cpromover a produ\u00e7\u00e3o art\u00edstica local\u201d. Para o autarca, \u201c\u00e9 fundamental apoiar os talentos emergentes, para que possam mostrar aquilo que melhor sabem fazer\u201d. \u201cCabe ao Munic\u00edpio criar as condi\u00e7\u00f5es necess\u00e1rias para que os artistas locais possam desenvolver o seu trabalho\u201d, acrescenta.<\/p>\n\n\n\n<p>Com este novo projeto, o Munic\u00edpio espera poder apoiar artistas locais no desenvolvimento do seu trabalho. Al\u00e9m da oportunidade para mostrar as suas cria\u00e7\u00f5es, a iniciativa vai tamb\u00e9m selecionar os 3 melhores artistas, a quem vai ser atribu\u00eddo um pr\u00e9mio monet\u00e1rio. A melhor cria\u00e7\u00e3o arrecada um pr\u00e9mio com valor de 1.000\u20ac. O segundo lugar vai ter direito a um pr\u00e9mio de 500\u20ac, e o terceiro de 250\u20ac.<\/p>\n\n\n\n<p>A iniciativa come\u00e7a j\u00e1 no pr\u00f3ximo domingo (22), e prolonga-se at\u00e9 ao come\u00e7o de agosto. A primeira ronda acontece na Quinta da Palmeira, a partir das 17h00. Seguem-se passagens pelo Mercado Municipal dos Cali\u00e7os, a 6 de julho, e pelo Parque L\u00fadico, no dia 20 do mesmo m\u00eas. As melhores atua\u00e7\u00f5es apuram-se para a final, que regressa \u00e0 Quinta da Palmeira, no dia 3 de agosto.<\/p>\n\n\n\n<p>O artista vencedor da 1.\u00aa edi\u00e7\u00e3o da iniciativa \u201cH\u00e1 M\u00fasica no Bairro\u201d vai ainda atuar no \u00faltimo dia da Semana da Juventude, que este ano se realiza entre 12 e 16 de agosto.&nbsp;<\/p>\n\n\n\n<p>As inscri\u00e7\u00f5es devem ser efetuadas por correio eletr\u00f3nico, para o seguinte endere\u00e7o:\u00a0<a href=\"mailto:donlui8200@gmail.com\" target=\"_blank\" rel=\"noreferrer noopener\">donlui8200@gmail.com<\/a>.<\/p>\n","protected":false},"excerpt":{"rendered":"<p>\u201cH\u00e1 M\u00fasica no Bairro\u201d \u00e9 a nova aposta do Munic\u00edpio de Albufeira para apoiar a comunidade art\u00edstica do concelho. A<\/p>\n","protected":false},"author":1,"featured_media":51663,"comment_status":"closed","ping_status":"closed","sticky":false,"template":"","format":"standard","meta":{"colormag_page_container_layout":"default_layout","colormag_page_sidebar_layout":"default_layout","_monsterinsights_skip_tracking":false,"_monsterinsights_sitenote_active":false,"_monsterinsights_sitenote_note":"","_monsterinsights_sitenote_category":0,"jetpack_post_was_ever_published":false,"_jetpack_newsletter_access":"","_jetpack_dont_email_post_to_subs":false,"_jetpack_newsletter_tier_id":0,"_jetpack_memberships_contains_paywalled_content":false,"_jetpack_memberships_contains_paid_content":false,"footnotes":"","jetpack_publicize_message":"","jetpack_publicize_feature_enabled":true,"jetpack_social_post_already_shared":false,"jetpack_social_options":{"image_generator_settings":{"template":"highway","default_image_id":0,"font":"","enabled":false},"version":2}},"categories":[14],"tags":[155,36,35],"class_list":["post-51662","post","type-post","status-publish","format-standard","has-post-thumbnail","hentry","category-cultura","tag-albufeira","tag-algarve","tag-cultura"],"yoast_head":"<!-- This site is optimized with the Yoast SEO plugin v27.5 - https:\/\/yoast.com\/product\/yoast-seo-wordpress\/ -->\n<title>\u201cH\u00e1 m\u00fasica no bairro\u201d para encontrar talentos emergentes em Albufeira - Algarve 7<\/title>\n<meta name=\"description\" content=\"\u201cH\u00e1 m\u00fasica no bairro\u201d para encontrar talentos emergentes em Albufeira Cultura\" \/>\n<meta name=\"robots\" content=\"index, follow, max-snippet:-1, max-image-preview:large, max-video-preview:-1\" \/>\n<link rel=\"canonical\" href=\"https:\/\/algarve7.pt\/index.php\/2025\/06\/ha-musica-no-bairro-para-encontrar-talentos-emergentes-em-albufeira\/cultura\/10\/00\/\" \/>\n<meta property=\"og:locale\" content=\"pt_PT\" \/>\n<meta property=\"og:type\" content=\"article\" \/>\n<meta property=\"og:title\" content=\"\u201cH\u00e1 m\u00fasica no bairro\u201d para encontrar talentos emergentes em Albufeira - Algarve 7\" \/>\n<meta property=\"og:description\" content=\"\u201cH\u00e1 m\u00fasica no bairro\u201d para encontrar talentos emergentes em Albufeira Cultura\" \/>\n<meta property=\"og:url\" content=\"https:\/\/algarve7.pt\/index.php\/2025\/06\/ha-musica-no-bairro-para-encontrar-talentos-emergentes-em-albufeira\/cultura\/10\/00\/\" \/>\n<meta property=\"og:site_name\" content=\"Algarve 7\" \/>\n<meta property=\"article:publisher\" content=\"https:\/\/www.facebook.com\/algarve7\" \/>\n<meta property=\"article:author\" content=\"https:\/\/www.facebook.com\/algarve7\" \/>\n<meta property=\"article:published_time\" content=\"2025-06-21T09:00:00+00:00\" \/>\n<meta property=\"og:image\" content=\"https:\/\/algarve7.pt\/wp-content\/uploads\/2025\/06\/Captura-de-ecra-2025-06-19-as-20.25.19.png\" \/>\n\t<meta property=\"og:image:width\" content=\"800\" \/>\n\t<meta property=\"og:image:height\" content=\"500\" \/>\n\t<meta property=\"og:image:type\" content=\"image\/png\" \/>\n<meta name=\"author\" content=\"Algarve 7\" \/>\n<meta name=\"twitter:card\" content=\"summary_large_image\" \/>\n<meta name=\"twitter:creator\" content=\"@Algarvesete\" \/>\n<meta name=\"twitter:site\" content=\"@Algarvesete\" \/>\n<meta name=\"twitter:label1\" content=\"Escrito por\" \/>\n\t<meta name=\"twitter:data1\" content=\"Algarve 7\" \/>\n\t<meta name=\"twitter:label2\" content=\"Tempo estimado de leitura\" \/>\n\t<meta name=\"twitter:data2\" content=\"2 minutos\" \/>\n<script type=\"application\/ld+json\" class=\"yoast-schema-graph\">{\"@context\":\"https:\\\/\\\/schema.org\",\"@graph\":[{\"@type\":\"Article\",\"@id\":\"https:\\\/\\\/algarve7.pt\\\/index.php\\\/2025\\\/06\\\/ha-musica-no-bairro-para-encontrar-talentos-emergentes-em-albufeira\\\/cultura\\\/10\\\/00\\\/#article\",\"isPartOf\":{\"@id\":\"https:\\\/\\\/algarve7.pt\\\/index.php\\\/2025\\\/06\\\/ha-musica-no-bairro-para-encontrar-talentos-emergentes-em-albufeira\\\/cultura\\\/10\\\/00\\\/\"},\"author\":{\"name\":\"Algarve 7\",\"@id\":\"https:\\\/\\\/algarve7.pt\\\/#\\\/schema\\\/person\\\/23fa70681308e7b319a3204bcea45e0c\"},\"headline\":\"\u201cH\u00e1 m\u00fasica no bairro\u201d para encontrar talentos emergentes em Albufeira\",\"datePublished\":\"2025-06-21T09:00:00+00:00\",\"mainEntityOfPage\":{\"@id\":\"https:\\\/\\\/algarve7.pt\\\/index.php\\\/2025\\\/06\\\/ha-musica-no-bairro-para-encontrar-talentos-emergentes-em-albufeira\\\/cultura\\\/10\\\/00\\\/\"},\"wordCount\":326,\"publisher\":{\"@id\":\"https:\\\/\\\/algarve7.pt\\\/#organization\"},\"image\":{\"@id\":\"https:\\\/\\\/algarve7.pt\\\/index.php\\\/2025\\\/06\\\/ha-musica-no-bairro-para-encontrar-talentos-emergentes-em-albufeira\\\/cultura\\\/10\\\/00\\\/#primaryimage\"},\"thumbnailUrl\":\"https:\\\/\\\/algarve7.pt\\\/wp-content\\\/uploads\\\/2025\\\/06\\\/Captura-de-ecra-2025-06-19-as-20.25.19.png\",\"keywords\":[\"Albufeira\",\"Algarve\",\"Cultura\"],\"articleSection\":[\"Cultura\"],\"inLanguage\":\"pt-PT\"},{\"@type\":\"WebPage\",\"@id\":\"https:\\\/\\\/algarve7.pt\\\/index.php\\\/2025\\\/06\\\/ha-musica-no-bairro-para-encontrar-talentos-emergentes-em-albufeira\\\/cultura\\\/10\\\/00\\\/\",\"url\":\"https:\\\/\\\/algarve7.pt\\\/index.php\\\/2025\\\/06\\\/ha-musica-no-bairro-para-encontrar-talentos-emergentes-em-albufeira\\\/cultura\\\/10\\\/00\\\/\",\"name\":\"\u201cH\u00e1 m\u00fasica no bairro\u201d para encontrar talentos emergentes em Albufeira - Algarve 7\",\"isPartOf\":{\"@id\":\"https:\\\/\\\/algarve7.pt\\\/#website\"},\"primaryImageOfPage\":{\"@id\":\"https:\\\/\\\/algarve7.pt\\\/index.php\\\/2025\\\/06\\\/ha-musica-no-bairro-para-encontrar-talentos-emergentes-em-albufeira\\\/cultura\\\/10\\\/00\\\/#primaryimage\"},\"image\":{\"@id\":\"https:\\\/\\\/algarve7.pt\\\/index.php\\\/2025\\\/06\\\/ha-musica-no-bairro-para-encontrar-talentos-emergentes-em-albufeira\\\/cultura\\\/10\\\/00\\\/#primaryimage\"},\"thumbnailUrl\":\"https:\\\/\\\/algarve7.pt\\\/wp-content\\\/uploads\\\/2025\\\/06\\\/Captura-de-ecra-2025-06-19-as-20.25.19.png\",\"datePublished\":\"2025-06-21T09:00:00+00:00\",\"description\":\"\u201cH\u00e1 m\u00fasica no bairro\u201d para encontrar talentos emergentes em Albufeira Cultura\",\"breadcrumb\":{\"@id\":\"https:\\\/\\\/algarve7.pt\\\/index.php\\\/2025\\\/06\\\/ha-musica-no-bairro-para-encontrar-talentos-emergentes-em-albufeira\\\/cultura\\\/10\\\/00\\\/#breadcrumb\"},\"inLanguage\":\"pt-PT\",\"potentialAction\":[{\"@type\":\"ReadAction\",\"target\":[\"https:\\\/\\\/algarve7.pt\\\/index.php\\\/2025\\\/06\\\/ha-musica-no-bairro-para-encontrar-talentos-emergentes-em-albufeira\\\/cultura\\\/10\\\/00\\\/\"]}]},{\"@type\":\"ImageObject\",\"inLanguage\":\"pt-PT\",\"@id\":\"https:\\\/\\\/algarve7.pt\\\/index.php\\\/2025\\\/06\\\/ha-musica-no-bairro-para-encontrar-talentos-emergentes-em-albufeira\\\/cultura\\\/10\\\/00\\\/#primaryimage\",\"url\":\"https:\\\/\\\/algarve7.pt\\\/wp-content\\\/uploads\\\/2025\\\/06\\\/Captura-de-ecra-2025-06-19-as-20.25.19.png\",\"contentUrl\":\"https:\\\/\\\/algarve7.pt\\\/wp-content\\\/uploads\\\/2025\\\/06\\\/Captura-de-ecra-2025-06-19-as-20.25.19.png\",\"width\":800,\"height\":500},{\"@type\":\"BreadcrumbList\",\"@id\":\"https:\\\/\\\/algarve7.pt\\\/index.php\\\/2025\\\/06\\\/ha-musica-no-bairro-para-encontrar-talentos-emergentes-em-albufeira\\\/cultura\\\/10\\\/00\\\/#breadcrumb\",\"itemListElement\":[{\"@type\":\"ListItem\",\"position\":1,\"name\":\"In\u00edcio\",\"item\":\"https:\\\/\\\/algarve7.pt\\\/\"},{\"@type\":\"ListItem\",\"position\":2,\"name\":\"\u201cH\u00e1 m\u00fasica no bairro\u201d para encontrar talentos emergentes em Albufeira\"}]},{\"@type\":\"WebSite\",\"@id\":\"https:\\\/\\\/algarve7.pt\\\/#website\",\"url\":\"https:\\\/\\\/algarve7.pt\\\/\",\"name\":\"Algarve 7\",\"description\":\"Informa\u00e7\u00e3o sobre o Algarve\",\"publisher\":{\"@id\":\"https:\\\/\\\/algarve7.pt\\\/#organization\"},\"potentialAction\":[{\"@type\":\"SearchAction\",\"target\":{\"@type\":\"EntryPoint\",\"urlTemplate\":\"https:\\\/\\\/algarve7.pt\\\/?s={search_term_string}\"},\"query-input\":{\"@type\":\"PropertyValueSpecification\",\"valueRequired\":true,\"valueName\":\"search_term_string\"}}],\"inLanguage\":\"pt-PT\"},{\"@type\":\"Organization\",\"@id\":\"https:\\\/\\\/algarve7.pt\\\/#organization\",\"name\":\"Algarve 7\",\"url\":\"https:\\\/\\\/algarve7.pt\\\/\",\"logo\":{\"@type\":\"ImageObject\",\"inLanguage\":\"pt-PT\",\"@id\":\"https:\\\/\\\/algarve7.pt\\\/#\\\/schema\\\/logo\\\/image\\\/\",\"url\":\"https:\\\/\\\/algarve7.pt\\\/wp-content\\\/uploads\\\/2020\\\/10\\\/Logo-8.jpg\",\"contentUrl\":\"https:\\\/\\\/algarve7.pt\\\/wp-content\\\/uploads\\\/2020\\\/10\\\/Logo-8.jpg\",\"width\":1680,\"height\":1186,\"caption\":\"Algarve 7\"},\"image\":{\"@id\":\"https:\\\/\\\/algarve7.pt\\\/#\\\/schema\\\/logo\\\/image\\\/\"},\"sameAs\":[\"https:\\\/\\\/www.facebook.com\\\/algarve7\",\"https:\\\/\\\/x.com\\\/Algarvesete\",\"https:\\\/\\\/www.instagram.com\\\/jornalalgarve7\\\/\",\"https:\\\/\\\/www.linkedin.com\\\/company\\\/algarve7\",\"https:\\\/\\\/www.pinterest.pt\\\/geral0939\\\/_created\\\/\"]},{\"@type\":\"Person\",\"@id\":\"https:\\\/\\\/algarve7.pt\\\/#\\\/schema\\\/person\\\/23fa70681308e7b319a3204bcea45e0c\",\"name\":\"Algarve 7\",\"sameAs\":[\"https:\\\/\\\/algarve7.pt\",\"https:\\\/\\\/www.facebook.com\\\/algarve7\"],\"url\":\"https:\\\/\\\/algarve7.pt\\\/index.php\\\/author\\\/geralalgarve7-pt\\\/\"}]}<\/script>\n<!-- \/ Yoast SEO plugin. -->","yoast_head_json":{"title":"\u201cH\u00e1 m\u00fasica no bairro\u201d para encontrar talentos emergentes em Albufeira - Algarve 7","description":"\u201cH\u00e1 m\u00fasica no bairro\u201d para encontrar talentos emergentes em Albufeira Cultura","robots":{"index":"index","follow":"follow","max-snippet":"max-snippet:-1","max-image-preview":"max-image-preview:large","max-video-preview":"max-video-preview:-1"},"canonical":"https:\/\/algarve7.pt\/index.php\/2025\/06\/ha-musica-no-bairro-para-encontrar-talentos-emergentes-em-albufeira\/cultura\/10\/00\/","og_locale":"pt_PT","og_type":"article","og_title":"\u201cH\u00e1 m\u00fasica no bairro\u201d para encontrar talentos emergentes em Albufeira - Algarve 7","og_description":"\u201cH\u00e1 m\u00fasica no bairro\u201d para encontrar talentos emergentes em Albufeira Cultura","og_url":"https:\/\/algarve7.pt\/index.php\/2025\/06\/ha-musica-no-bairro-para-encontrar-talentos-emergentes-em-albufeira\/cultura\/10\/00\/","og_site_name":"Algarve 7","article_publisher":"https:\/\/www.facebook.com\/algarve7","article_author":"https:\/\/www.facebook.com\/algarve7","article_published_time":"2025-06-21T09:00:00+00:00","og_image":[{"width":800,"height":500,"url":"https:\/\/algarve7.pt\/wp-content\/uploads\/2025\/06\/Captura-de-ecra-2025-06-19-as-20.25.19.png","type":"image\/png"}],"author":"Algarve 7","twitter_card":"summary_large_image","twitter_creator":"@Algarvesete","twitter_site":"@Algarvesete","twitter_misc":{"Escrito por":"Algarve 7","Tempo estimado de leitura":"2 minutos"},"schema":{"@context":"https:\/\/schema.org","@graph":[{"@type":"Article","@id":"https:\/\/algarve7.pt\/index.php\/2025\/06\/ha-musica-no-bairro-para-encontrar-talentos-emergentes-em-albufeira\/cultura\/10\/00\/#article","isPartOf":{"@id":"https:\/\/algarve7.pt\/index.php\/2025\/06\/ha-musica-no-bairro-para-encontrar-talentos-emergentes-em-albufeira\/cultura\/10\/00\/"},"author":{"name":"Algarve 7","@id":"https:\/\/algarve7.pt\/#\/schema\/person\/23fa70681308e7b319a3204bcea45e0c"},"headline":"\u201cH\u00e1 m\u00fasica no bairro\u201d para encontrar talentos emergentes em Albufeira","datePublished":"2025-06-21T09:00:00+00:00","mainEntityOfPage":{"@id":"https:\/\/algarve7.pt\/index.php\/2025\/06\/ha-musica-no-bairro-para-encontrar-talentos-emergentes-em-albufeira\/cultura\/10\/00\/"},"wordCount":326,"publisher":{"@id":"https:\/\/algarve7.pt\/#organization"},"image":{"@id":"https:\/\/algarve7.pt\/index.php\/2025\/06\/ha-musica-no-bairro-para-encontrar-talentos-emergentes-em-albufeira\/cultura\/10\/00\/#primaryimage"},"thumbnailUrl":"https:\/\/algarve7.pt\/wp-content\/uploads\/2025\/06\/Captura-de-ecra-2025-06-19-as-20.25.19.png","keywords":["Albufeira","Algarve","Cultura"],"articleSection":["Cultura"],"inLanguage":"pt-PT"},{"@type":"WebPage","@id":"https:\/\/algarve7.pt\/index.php\/2025\/06\/ha-musica-no-bairro-para-encontrar-talentos-emergentes-em-albufeira\/cultura\/10\/00\/","url":"https:\/\/algarve7.pt\/index.php\/2025\/06\/ha-musica-no-bairro-para-encontrar-talentos-emergentes-em-albufeira\/cultura\/10\/00\/","name":"\u201cH\u00e1 m\u00fasica no bairro\u201d para encontrar talentos emergentes em Albufeira - Algarve 7","isPartOf":{"@id":"https:\/\/algarve7.pt\/#website"},"primaryImageOfPage":{"@id":"https:\/\/algarve7.pt\/index.php\/2025\/06\/ha-musica-no-bairro-para-encontrar-talentos-emergentes-em-albufeira\/cultura\/10\/00\/#primaryimage"},"image":{"@id":"https:\/\/algarve7.pt\/index.php\/2025\/06\/ha-musica-no-bairro-para-encontrar-talentos-emergentes-em-albufeira\/cultura\/10\/00\/#primaryimage"},"thumbnailUrl":"https:\/\/algarve7.pt\/wp-content\/uploads\/2025\/06\/Captura-de-ecra-2025-06-19-as-20.25.19.png","datePublished":"2025-06-21T09:00:00+00:00","description":"\u201cH\u00e1 m\u00fasica no bairro\u201d para encontrar talentos emergentes em Albufeira Cultura","breadcrumb":{"@id":"https:\/\/algarve7.pt\/index.php\/2025\/06\/ha-musica-no-bairro-para-encontrar-talentos-emergentes-em-albufeira\/cultura\/10\/00\/#breadcrumb"},"inLanguage":"pt-PT","potentialAction":[{"@type":"ReadAction","target":["https:\/\/algarve7.pt\/index.php\/2025\/06\/ha-musica-no-bairro-para-encontrar-talentos-emergentes-em-albufeira\/cultura\/10\/00\/"]}]},{"@type":"ImageObject","inLanguage":"pt-PT","@id":"https:\/\/algarve7.pt\/index.php\/2025\/06\/ha-musica-no-bairro-para-encontrar-talentos-emergentes-em-albufeira\/cultura\/10\/00\/#primaryimage","url":"https:\/\/algarve7.pt\/wp-content\/uploads\/2025\/06\/Captura-de-ecra-2025-06-19-as-20.25.19.png","contentUrl":"https:\/\/algarve7.pt\/wp-content\/uploads\/2025\/06\/Captura-de-ecra-2025-06-19-as-20.25.19.png","width":800,"height":500},{"@type":"BreadcrumbList","@id":"https:\/\/algarve7.pt\/index.php\/2025\/06\/ha-musica-no-bairro-para-encontrar-talentos-emergentes-em-albufeira\/cultura\/10\/00\/#breadcrumb","itemListElement":[{"@type":"ListItem","position":1,"name":"In\u00edcio","item":"https:\/\/algarve7.pt\/"},{"@type":"ListItem","position":2,"name":"\u201cH\u00e1 m\u00fasica no bairro\u201d para encontrar talentos emergentes em Albufeira"}]},{"@type":"WebSite","@id":"https:\/\/algarve7.pt\/#website","url":"https:\/\/algarve7.pt\/","name":"Algarve 7","description":"Informa\u00e7\u00e3o sobre o Algarve","publisher":{"@id":"https:\/\/algarve7.pt\/#organization"},"potentialAction":[{"@type":"SearchAction","target":{"@type":"EntryPoint","urlTemplate":"https:\/\/algarve7.pt\/?s={search_term_string}"},"query-input":{"@type":"PropertyValueSpecification","valueRequired":true,"valueName":"search_term_string"}}],"inLanguage":"pt-PT"},{"@type":"Organization","@id":"https:\/\/algarve7.pt\/#organization","name":"Algarve 7","url":"https:\/\/algarve7.pt\/","logo":{"@type":"ImageObject","inLanguage":"pt-PT","@id":"https:\/\/algarve7.pt\/#\/schema\/logo\/image\/","url":"https:\/\/algarve7.pt\/wp-content\/uploads\/2020\/10\/Logo-8.jpg","contentUrl":"https:\/\/algarve7.pt\/wp-content\/uploads\/2020\/10\/Logo-8.jpg","width":1680,"height":1186,"caption":"Algarve 7"},"image":{"@id":"https:\/\/algarve7.pt\/#\/schema\/logo\/image\/"},"sameAs":["https:\/\/www.facebook.com\/algarve7","https:\/\/x.com\/Algarvesete","https:\/\/www.instagram.com\/jornalalgarve7\/","https:\/\/www.linkedin.com\/company\/algarve7","https:\/\/www.pinterest.pt\/geral0939\/_created\/"]},{"@type":"Person","@id":"https:\/\/algarve7.pt\/#\/schema\/person\/23fa70681308e7b319a3204bcea45e0c","name":"Algarve 7","sameAs":["https:\/\/algarve7.pt","https:\/\/www.facebook.com\/algarve7"],"url":"https:\/\/algarve7.pt\/index.php\/author\/geralalgarve7-pt\/"}]}},"jetpack_publicize_connections":[],"jetpack_featured_media_url":"https:\/\/algarve7.pt\/wp-content\/uploads\/2025\/06\/Captura-de-ecra-2025-06-19-as-20.25.19.png","jetpack_shortlink":"https:\/\/wp.me\/pcezmW-drg","jetpack_sharing_enabled":true,"_links":{"self":[{"href":"https:\/\/algarve7.pt\/index.php\/wp-json\/wp\/v2\/posts\/51662","targetHints":{"allow":["GET"]}}],"collection":[{"href":"https:\/\/algarve7.pt\/index.php\/wp-json\/wp\/v2\/posts"}],"about":[{"href":"https:\/\/algarve7.pt\/index.php\/wp-json\/wp\/v2\/types\/post"}],"author":[{"embeddable":true,"href":"https:\/\/algarve7.pt\/index.php\/wp-json\/wp\/v2\/users\/1"}],"replies":[{"embeddable":true,"href":"https:\/\/algarve7.pt\/index.php\/wp-json\/wp\/v2\/comments?post=51662"}],"version-history":[{"count":0,"href":"https:\/\/algarve7.pt\/index.php\/wp-json\/wp\/v2\/posts\/51662\/revisions"}],"wp:featuredmedia":[{"embeddable":true,"href":"https:\/\/algarve7.pt\/index.php\/wp-json\/wp\/v2\/media\/51663"}],"wp:attachment":[{"href":"https:\/\/algarve7.pt\/index.php\/wp-json\/wp\/v2\/media?parent=51662"}],"wp:term":[{"taxonomy":"category","embeddable":true,"href":"https:\/\/algarve7.pt\/index.php\/wp-json\/wp\/v2\/categories?post=51662"},{"taxonomy":"post_tag","embeddable":true,"href":"https:\/\/algarve7.pt\/index.php\/wp-json\/wp\/v2\/tags?post=51662"}],"curies":[{"name":"wp","href":"https:\/\/api.w.org\/{rel}","templated":true}]}}