{"id":51568,"date":"2025-06-17T08:10:00","date_gmt":"2025-06-17T07:10:00","guid":{"rendered":"https:\/\/algarve7.pt\/?p=51568"},"modified":"2025-06-16T20:42:51","modified_gmt":"2025-06-16T19:42:51","slug":"comemoracoes-dos-111-anos-de-sao-bras-de-alportel-uniram-geracoes","status":"publish","type":"post","link":"https:\/\/algarve7.pt\/index.php\/2025\/06\/comemoracoes-dos-111-anos-de-sao-bras-de-alportel-uniram-geracoes\/atualidade\/08\/10\/","title":{"rendered":"Comemora\u00e7\u00f5es dos 111 anos de S\u00e3o Br\u00e1s de Alportel uniram gera\u00e7\u00f5es\u00a0"},"content":{"rendered":"\n<p><strong>S\u00e3o Br\u00e1s de Alportel reafirmou-se como um concelho onde a identidade se honra, a cidadania se vive e a qualidade de vida se constr\u00f3i todos os dias \u2014 num programa alargado de comemora\u00e7\u00f5es, que honraram o passado, celebraram o presente e projetaram o futuro do concelho&nbsp;<\/strong><\/p>\n\n\n\n<p>S\u00e3o Br\u00e1s de Alportel celebrou a 1 de junho o 111.\u00ba anivers\u00e1rio da sua eleva\u00e7\u00e3o a concelho, com um programa repleto de simbolismo, onde a hist\u00f3ria, a coes\u00e3o comunit\u00e1ria e a ambi\u00e7\u00e3o de futuro estiveram lado a lado, numa jornada que percorreu as ra\u00edzes do territ\u00f3rio e projetou novos horizontes para um futuro pr\u00f3spero.<\/p>\n\n\n\n<p>A Sess\u00e3o Solene, realizada no Jardim Carrera Viegas, foi marcada por emo\u00e7\u00e3o e reconhecimento. Os acordes de violino e acorde\u00e3o, numa participa\u00e7\u00e3o da escola de m\u00fasica da Associa\u00e7\u00e3o Cultural Sambrasense deram o mote \u00e0 Sess\u00e3o Solene Comemorativa, que contou ainda com um momento sublime de<\/p>\n\n\n\n<p>Poesia na voz de Rita Bravo.<\/p>\n\n\n\n<p>No que foi a sua \u00faltima interven\u00e7\u00e3o enquanto Presidente da C\u00e2mara Municipal em dia de anivers\u00e1rio do munic\u00edpio, V\u00edtor Guerreiro fez um balan\u00e7o de cerca de 20 anos de servi\u00e7o aut\u00e1rquico, 12 dos quais na lideran\u00e7a aut\u00e1rquica, destacando os avan\u00e7os conseguidos em \u00e1reas estruturantes como a reabilita\u00e7\u00e3o urbana, sa\u00fade, habita\u00e7\u00e3o, educa\u00e7\u00e3o, ambiente e prote\u00e7\u00e3o civil.<\/p>\n\n\n\n<p>\u201cSer autarca \u00e9 algo muito especial, pois temos a oportunidade de ajudar a construir sorrisos nas pessoas, felicidade nas suas vidas, de tra\u00e7ar o caminho de uma comunidade rumo ao futuro\u201d, afirmou, emocionado.<\/p>\n\n\n\n<p>Sublinhando que S\u00e3o Br\u00e1s de Alportel \u00e9 hoje uma refer\u00eancia nacional e internacional como \u201cconcelho de excel\u00eancia para viver, trabalhar e investir\u201d, V\u00edtor Guerreiro reafirmou a aposta municipal na qualidade de vida, na sustentabilidade e na proximidade \u00e0s pessoas.<\/p>\n\n\n\n<p>\u201cSabemos que \u00e9 no di\u00e1logo, na partilha, nas parcerias, nas a\u00e7\u00f5es concretas que \u2018mexem\u2019 na vida das pessoas, que podemos ir conquistando a t\u00e3o desejada qualidade de vida\u201d, sublinhou, deixando uma mensagem de confian\u00e7a: \u201cS\u00e3o Br\u00e1s est\u00e1 preparado para os desafios do futuro\u201d.<\/p>\n\n\n\n<p>O Presidente da Assembleia Municipal, Dr. Ulisses Brito, tomou a palavra com uma reflex\u00e3o sobre a miss\u00e3o cont\u00ednua do poder local, valorizando o papel de todos os que constroem o concelho dia ap\u00f3s dia.<\/p>\n\n\n\n<p>\u201cEste \u00e9 o dia de homenagear todos os que dignificaram e dignificam S\u00e3o Br\u00e1s. O trabalho aut\u00e1rquico nunca termina, porque h\u00e1 sempre novas necessidades, novas exig\u00eancias, novas metas a alcan\u00e7ar.\u201d<\/p>\n\n\n\n<p>J\u00e1 o Presidente da Junta de Freguesia, Jo\u00e3o Rosa, destacou o orgulho de representar uma terra onde a hist\u00f3ria se sente e a participa\u00e7\u00e3o c\u00edvica molda o presente. Refor\u00e7ou o compromisso com pol\u00edticas de proximidade, enraizadas na comunidade e na valoriza\u00e7\u00e3o das tradi\u00e7\u00f5es e da mem\u00f3ria.<\/p>\n\n\n\n<p>\u201cRespeitando o passado, todos os dias avan\u00e7amos rumo ao futuro, sempre alicer\u00e7ados nos valores que t\u00eam contribu\u00eddo para o desenvolvimento social do nosso concelho.\u201d<\/p>\n\n\n\n<p>Por fim, o Presidente da CCDR Algarve, Jos\u00e9 Apolin\u00e1rio, trouxe \u00e0 sess\u00e3o os resultados de um estudo recente do ISCTE que coloca o Algarve como a regi\u00e3o onde os cidad\u00e3os mais reconhecem progressos nos seus munic\u00edpios: 40% dos algarvios considera que o seu concelho est\u00e1 melhor do que h\u00e1 10 anos. Mais de metade dos inquiridos (58%) apoia a transfer\u00eancia de mais compet\u00eancias do Estado para as autarquias e 60% afirma confiar nas C\u00e2maras Municipais.<\/p>\n\n\n\n<p>\u201cEste \u00e9 um elogio aos autarcas e \u00e0s autarquias\u201d, afirmou, concluindo com um apelo simples e direto:<\/p>\n\n\n\n<p>\u201cContinuem a fazer bem, a viver bem em S\u00e3o Br\u00e1s de Alportel e sejam felizes.\u201d<\/p>\n\n\n\n<p><strong>Reabilita\u00e7\u00e3o Urbana em Destaque<\/strong><\/p>\n\n\n\n<p>Coube \u00e0 Vice-presidente Marlene Guerreiro a apresenta\u00e7\u00e3o dos mais recentes avan\u00e7os do Plano Estrat\u00e9gico de Reabilita\u00e7\u00e3o Urbana, sublinhando a import\u00e2ncia de um territ\u00f3rio mais inclusivo, sustent\u00e1vel e centrado nas pessoas.<\/p>\n\n\n\n<p>\u201cA renova\u00e7\u00e3o urbana \u00e9 muito mais do que alcatr\u00e3o, rampas ou passadeiras, \u00e9 dignidade, igualdade, \u00e9 a vida que partilhamos juntos num espa\u00e7o que \u00e9 a nossa casa comum\u201d, vincou Marlene Guerreiro numa mensagem clara sobre o esp\u00edrito desta transforma\u00e7\u00e3o urbana que tem vindo a ser operada na vila e no concelho, permitindo que a comunidade tenha a qualidade de vida que merece.<\/p>\n\n\n\n<p>Este plano, estruturado em seis eixos \u2014 acessibilidades, espa\u00e7os verdes e equipamentos, efici\u00eancia h\u00eddrica, ordenamento urbano, seguran\u00e7a rodovi\u00e1ria e dinamiza\u00e7\u00e3o da economia local \u2014 tem vindo a redesenhar progressivamente a vila e o concelho, com uma vis\u00e3o que respeita o passado e constr\u00f3i o futuro.<\/p>\n\n\n\n<p>Com cerca de 10 km de percursos acess\u00edveis, S\u00e3o Br\u00e1s de Alportel que tem o primeiro anel de circulares da regi\u00e3o, quase anulando a sinistralidade rodovi\u00e1ria, afirma-se como uma refer\u00eancia regional na mobilidade inclusiva. A reabilita\u00e7\u00e3o do centro hist\u00f3rico, a cria\u00e7\u00e3o de novos parques urbanos, a adapta\u00e7\u00e3o de edif\u00edcios p\u00fablicos e o refor\u00e7o das liga\u00e7\u00f5es entre zonas escolares, comerciais e habitacionais refletem uma estrat\u00e9gia de moderniza\u00e7\u00e3o que coloca a qualidade de vida no centro da a\u00e7\u00e3o municipal.<\/p>\n\n\n\n<p>Mais do que um conjunto de obras, este plano \u00e9 um processo vivo de constru\u00e7\u00e3o de comunidade \u2014 um compromisso com um \u201cfuturo com mem\u00f3ria\u201d, onde cada interven\u00e7\u00e3o valoriza as pessoas, a identidade local e o esp\u00edrito coletivo que distingue S\u00e3o Br\u00e1s de Alportel.<\/p>\n\n\n\n<p>A apresenta\u00e7\u00e3o desta estrat\u00e9gia&nbsp;&nbsp;foi tamb\u00e9m o mote para a assinatura do Auto de Consigna\u00e7\u00e3o da Obra de Reabilita\u00e7\u00e3o do Centro Urbano \u2013 2.\u00aa fase, refor\u00e7ando o compromisso municipal com a melhoria do espa\u00e7o p\u00fablico e a valoriza\u00e7\u00e3o do centro hist\u00f3rico.<\/p>\n\n\n\n<p><strong>Solenidade, Arte e Reconhecimento marcaram o Dia do Munic\u00edpio<\/strong><\/p>\n\n\n\n<p>A cerim\u00f3nia do Hastear da Bandeira no Jardim Louren\u00e7o Viegas, junto ao Centro de Sa\u00fade marcou o in\u00edcio das comemora\u00e7\u00f5es solenes, a 1 de junho, ao som da Banda Filarm\u00f3nica de S\u00e3o Br\u00e1s de Alportel e com a guarda de honra dos Bombeiros Volunt\u00e1rios.<\/p>\n\n\n\n<p>Seguiu-se a inaugura\u00e7\u00e3o do Mural &#8220;Abril no Olhar e nas M\u00e3os dos Jovens&#8221; &#8211; no Parque Roberto Nobre \u2014 uma obra de arte urbana criada pelos alunos de artes visuais do ensino secund\u00e1rio do Agrupamento de Escolas Jos\u00e9 Belchior Viegas, com coordena\u00e7\u00e3o das professoras Helena Our\u00ealo e Ana Isabel Palma para comemorar os 50 anos da Revolu\u00e7\u00e3o dos Cravos, no \u00e2mbito do programa comemorativo.<\/p>\n\n\n\n<p>A Sess\u00e3o Solene, realizada no Jardim Carrera Viegas, incluiu a atribui\u00e7\u00e3o das Ins\u00edgnias Municipais, num gesto de reconhecimento e valoriza\u00e7\u00e3o p\u00fablica.<\/p>\n\n\n\n<p>Os funcion\u00e1rios municipais Cristina Viegas, Elisabete Costa, Elisabete Rocha, Helena Rodrigues, Maria Jos\u00e9 Carocinho, M\u00f3nica In\u00e1cio, Gerard Azevedo e Sandra Martins receberam a Ins\u00edgnia de Bons Servi\u00e7os entregue a funcion\u00e1rios com 25 ou mais anos de servi\u00e7o \u00e0 C\u00e2mara Municipal.<\/p>\n\n\n\n<p>No \u00e2mbito das comemora\u00e7\u00f5es, foram tamb\u00e9m atribu\u00eddas Ins\u00edgnias de Valor e Altru\u00edsmo, M\u00e9rito e Honra, destacando personalidades cujo percurso se tem revelado exemplar ao servi\u00e7o da comunidade.<\/p>\n\n\n\n<p>A Ins\u00edgnia de Valor e Altru\u00edsmo foi atribu\u00edda a Idalina Dias, h\u00e1 35 anos a exercer de forma volunt\u00e1ria a miss\u00e3o de secretaria a Assembleia Municipal e a primeira secret\u00e1ria do gabinete da presid\u00eancia h\u00e1&nbsp;&nbsp;25 anos de dedica\u00e7\u00e3o e uma intensa atividade c\u00edvica e associativa. A ins\u00edgnia foi tamb\u00e9m entregue a Miguel Dias, mentor do projeto de gemina\u00e7\u00e3o entre S\u00e3o Br\u00e1s de Alportel e a cidade francesa de Roche-la-Moli\u00e8re; bem como a Jane Caulfield-Kearney, cidad\u00e3 brit\u00e2nica residente no concelho, cuja a\u00e7\u00e3o solid\u00e1ria e ambiental tem sido not\u00e1vel; a Keith Courtney, empres\u00e1rio e filantropo que doou uma viatura de combate a inc\u00eandios aos Bombeiros Volunt\u00e1rios; a Fernando Beir\u00e3o, promotor da mem\u00f3ria local atrav\u00e9s do Museu de Autom\u00f3veis Cl\u00e1ssicos; a V\u00edtor Pires Louren\u00e7o, criador do Museu de M\u00e1quinas de Escrever, ativo colaborador cultural; e ainda a V\u00edtor Louren\u00e7o, cuja vasta cole\u00e7\u00e3o filat\u00e9lica e documental constitui um valioso contributo para a preserva\u00e7\u00e3o da hist\u00f3ria local.<\/p>\n\n\n\n<p>A Ins\u00edgnia de M\u00e9rito foi entregue a Ana Concei\u00e7\u00e3o Guerra, pr\u00f3-reitora da Universidade do Algarve, pelo seu percurso acad\u00e9mico e liga\u00e7\u00e3o institucional e afetiva ao concelho; a D\u00e1rio Passos, investigador na \u00e1rea da f\u00edsica e intelig\u00eancia artificial, com impacto internacional; a Gilmar Brito, engenheiro de biotecnologia e en\u00f3logo premiado que tem promovido a identidade regional atrav\u00e9s da valoriza\u00e7\u00e3o da cultura vitivin\u00edcola; e a Ricardo Martins, m\u00fasico autodidata com carreira internacional, verdadeiro embaixador cultural da guitarra portuguesa.<\/p>\n\n\n\n<p>A Ins\u00edgnia de Honra, a mais alta distin\u00e7\u00e3o municipal, foi atribu\u00edda ao Capit\u00e3o de Fragata Jos\u00e9 Martins Louren\u00e7o, pela sua longa carreira ao servi\u00e7o da Marinha Portuguesa, pelo envolvimento c\u00edvico e educativo ap\u00f3s a reforma, nomeadamente como fundador da Universidade S\u00e9nior de S\u00e3o Br\u00e1s de Alportel, e pelo seu inestim\u00e1vel contributo \u00e0 vida comunit\u00e1ria.<\/p>\n\n\n\n<p><strong>Festejos envolveram toda a comunidade<\/strong><\/p>\n\n\n\n<p>As comemora\u00e7\u00f5es decorreram ao longo de tr\u00eas dias, num programa diversificado que uniu gera\u00e7\u00f5es e cruzou a tradi\u00e7\u00e3o com a energia do presente.<\/p>\n\n\n\n<p>A 30 de maio, a anima\u00e7\u00e3o come\u00e7ou com a irreverente N\u00e9on Night Party, que animou a noite com DJs e uma atmosfera vibrante..<\/p>\n\n\n\n<p>A 31 de maio, a m\u00fasica ao vivo tomou conta da programa\u00e7\u00e3o com a atua\u00e7\u00e3o de David Brito, seguida do concerto en\u00e9rgico dos Sniffy Marfads, que contagiaram o p\u00fablico com ritmos intensos e boa disposi\u00e7\u00e3o.<\/p>\n\n\n\n<p>No domingo, 1 de junho \u2014 Dia do Munic\u00edpio \u2014 o Jardim Carrera Viegas transformou-se durante a tarde no palco da Festa da Crian\u00e7a, espa\u00e7o de alegria, criatividade e conv\u00edvio familiar, com m\u00faltiplas atividades e muita anima\u00e7\u00e3o para os mais pequenos.<\/p>\n\n\n\n<p>Ainda nesse dia, teve lugar a romagem ao mausol\u00e9u de Jo\u00e3o Rosa Beatriz, fundador do concelho, numa sentida homenagem da comunidade \u00e0s suas ra\u00edzes. De seguida, foi inaugurada a exposi\u00e7\u00e3o \u201cS\u00e3o Br\u00e1s de Alportel, Gentes e Mem\u00f3rias \u2013 Vida Social\u201d, patente na Galeria Municipal at\u00e9 26 de junho \u2014 uma mostra singular composta por documentos, objetos e mem\u00f3rias cedidas por dois reconhecidos colecionadores s\u00e3o-brasenses: Jos\u00e9 Manuel Belchior e V\u00edtor Louren\u00e7o.<\/p>\n\n\n\n<p>A Pra\u00e7a da Rep\u00fablica foi o palco do concerto que encerrou as comemora\u00e7\u00f5es do 111.\u00ba anivers\u00e1rio do concelho. A primeira parte contou com uma emotiva surpresa: a jovem promessa musical Yasmin da Silva, de apenas 7 anos, acompanhada \u00e0 guitarra por An\u00edbal Vinhas, num momento emocionante que evidenciou o talento local.<\/p>\n\n\n\n<p>O encerramento ficou a cargo do artista Fernando Daniel, que protagonizou um concerto memor\u00e1vel, repleto de emo\u00e7\u00e3o e com o p\u00fablico a cantar em un\u00edssono. O brilho final chegou com um espet\u00e1culo de fogo de artif\u00edcio, que iluminou o c\u00e9u da vila e encerrou com beleza e emo\u00e7\u00e3o este momento simb\u00f3lico da vida da comunidade s\u00e3o-brasense.<\/p>\n","protected":false},"excerpt":{"rendered":"<p>S\u00e3o Br\u00e1s de Alportel reafirmou-se como um concelho onde a identidade se honra, a cidadania se vive e a qualidade<\/p>\n","protected":false},"author":1,"featured_media":51569,"comment_status":"closed","ping_status":"closed","sticky":false,"template":"","format":"standard","meta":{"colormag_page_container_layout":"default_layout","colormag_page_sidebar_layout":"default_layout","_monsterinsights_skip_tracking":false,"_monsterinsights_sitenote_active":false,"_monsterinsights_sitenote_note":"","_monsterinsights_sitenote_category":0,"jetpack_post_was_ever_published":false,"_jetpack_newsletter_access":"","_jetpack_dont_email_post_to_subs":false,"_jetpack_newsletter_tier_id":0,"_jetpack_memberships_contains_paywalled_content":false,"_jetpack_memberships_contains_paid_content":false,"footnotes":"","jetpack_publicize_message":"","jetpack_publicize_feature_enabled":true,"jetpack_social_post_already_shared":false,"jetpack_social_options":{"image_generator_settings":{"template":"highway","default_image_id":0,"font":"","enabled":false},"version":2}},"categories":[11],"tags":[36,62,63],"class_list":["post-51568","post","type-post","status-publish","format-standard","has-post-thumbnail","hentry","category-atualidade","tag-algarve","tag-atualidade","tag-sao-bras-de-alportel"],"yoast_head":"<!-- This site is optimized with the Yoast SEO plugin v27.5 - https:\/\/yoast.com\/product\/yoast-seo-wordpress\/ -->\n<title>Comemora\u00e7\u00f5es dos 111 anos de S\u00e3o Br\u00e1s de Alportel uniram gera\u00e7\u00f5es\u00a0 - Algarve 7<\/title>\n<meta name=\"description\" content=\"Comemora\u00e7\u00f5es dos 111 anos de S\u00e3o Br\u00e1s de Alportel uniram gera\u00e7\u00f5es\u00a0 Atualidade\" \/>\n<meta name=\"robots\" content=\"index, follow, max-snippet:-1, max-image-preview:large, max-video-preview:-1\" \/>\n<link rel=\"canonical\" href=\"https:\/\/algarve7.pt\/index.php\/2025\/06\/comemoracoes-dos-111-anos-de-sao-bras-de-alportel-uniram-geracoes\/atualidade\/08\/10\/\" \/>\n<meta property=\"og:locale\" content=\"pt_PT\" \/>\n<meta property=\"og:type\" content=\"article\" \/>\n<meta property=\"og:title\" content=\"Comemora\u00e7\u00f5es dos 111 anos de S\u00e3o Br\u00e1s de Alportel uniram gera\u00e7\u00f5es\u00a0 - Algarve 7\" \/>\n<meta property=\"og:description\" content=\"Comemora\u00e7\u00f5es dos 111 anos de S\u00e3o Br\u00e1s de Alportel uniram gera\u00e7\u00f5es\u00a0 Atualidade\" \/>\n<meta property=\"og:url\" content=\"https:\/\/algarve7.pt\/index.php\/2025\/06\/comemoracoes-dos-111-anos-de-sao-bras-de-alportel-uniram-geracoes\/atualidade\/08\/10\/\" \/>\n<meta property=\"og:site_name\" content=\"Algarve 7\" \/>\n<meta property=\"article:publisher\" content=\"https:\/\/www.facebook.com\/algarve7\" \/>\n<meta property=\"article:author\" content=\"https:\/\/www.facebook.com\/algarve7\" \/>\n<meta property=\"article:published_time\" content=\"2025-06-17T07:10:00+00:00\" \/>\n<meta property=\"og:image\" content=\"https:\/\/algarve7.pt\/wp-content\/uploads\/2025\/06\/111Aniversario_Dia_do_Municipio-5.jpeg\" \/>\n\t<meta property=\"og:image:width\" content=\"800\" \/>\n\t<meta property=\"og:image:height\" content=\"500\" \/>\n\t<meta property=\"og:image:type\" content=\"image\/jpeg\" \/>\n<meta name=\"author\" content=\"Algarve 7\" \/>\n<meta name=\"twitter:card\" content=\"summary_large_image\" \/>\n<meta name=\"twitter:creator\" content=\"@Algarvesete\" \/>\n<meta name=\"twitter:site\" content=\"@Algarvesete\" \/>\n<meta name=\"twitter:label1\" content=\"Escrito por\" \/>\n\t<meta name=\"twitter:data1\" content=\"Algarve 7\" \/>\n\t<meta name=\"twitter:label2\" content=\"Tempo estimado de leitura\" \/>\n\t<meta name=\"twitter:data2\" content=\"10 minutos\" \/>\n<script type=\"application\/ld+json\" class=\"yoast-schema-graph\">{\"@context\":\"https:\\\/\\\/schema.org\",\"@graph\":[{\"@type\":\"Article\",\"@id\":\"https:\\\/\\\/algarve7.pt\\\/index.php\\\/2025\\\/06\\\/comemoracoes-dos-111-anos-de-sao-bras-de-alportel-uniram-geracoes\\\/atualidade\\\/08\\\/10\\\/#article\",\"isPartOf\":{\"@id\":\"https:\\\/\\\/algarve7.pt\\\/index.php\\\/2025\\\/06\\\/comemoracoes-dos-111-anos-de-sao-bras-de-alportel-uniram-geracoes\\\/atualidade\\\/08\\\/10\\\/\"},\"author\":{\"name\":\"Algarve 7\",\"@id\":\"https:\\\/\\\/algarve7.pt\\\/#\\\/schema\\\/person\\\/23fa70681308e7b319a3204bcea45e0c\"},\"headline\":\"Comemora\u00e7\u00f5es dos 111 anos de S\u00e3o Br\u00e1s de Alportel uniram gera\u00e7\u00f5es\u00a0\",\"datePublished\":\"2025-06-17T07:10:00+00:00\",\"mainEntityOfPage\":{\"@id\":\"https:\\\/\\\/algarve7.pt\\\/index.php\\\/2025\\\/06\\\/comemoracoes-dos-111-anos-de-sao-bras-de-alportel-uniram-geracoes\\\/atualidade\\\/08\\\/10\\\/\"},\"wordCount\":1910,\"publisher\":{\"@id\":\"https:\\\/\\\/algarve7.pt\\\/#organization\"},\"image\":{\"@id\":\"https:\\\/\\\/algarve7.pt\\\/index.php\\\/2025\\\/06\\\/comemoracoes-dos-111-anos-de-sao-bras-de-alportel-uniram-geracoes\\\/atualidade\\\/08\\\/10\\\/#primaryimage\"},\"thumbnailUrl\":\"https:\\\/\\\/algarve7.pt\\\/wp-content\\\/uploads\\\/2025\\\/06\\\/111Aniversario_Dia_do_Municipio-5.jpeg\",\"keywords\":[\"Algarve\",\"Atualidade\",\"S\u00e3o Br\u00e1s de Alportel\"],\"articleSection\":[\"Atualidade\"],\"inLanguage\":\"pt-PT\"},{\"@type\":\"WebPage\",\"@id\":\"https:\\\/\\\/algarve7.pt\\\/index.php\\\/2025\\\/06\\\/comemoracoes-dos-111-anos-de-sao-bras-de-alportel-uniram-geracoes\\\/atualidade\\\/08\\\/10\\\/\",\"url\":\"https:\\\/\\\/algarve7.pt\\\/index.php\\\/2025\\\/06\\\/comemoracoes-dos-111-anos-de-sao-bras-de-alportel-uniram-geracoes\\\/atualidade\\\/08\\\/10\\\/\",\"name\":\"Comemora\u00e7\u00f5es dos 111 anos de S\u00e3o Br\u00e1s de Alportel uniram gera\u00e7\u00f5es\u00a0 - Algarve 7\",\"isPartOf\":{\"@id\":\"https:\\\/\\\/algarve7.pt\\\/#website\"},\"primaryImageOfPage\":{\"@id\":\"https:\\\/\\\/algarve7.pt\\\/index.php\\\/2025\\\/06\\\/comemoracoes-dos-111-anos-de-sao-bras-de-alportel-uniram-geracoes\\\/atualidade\\\/08\\\/10\\\/#primaryimage\"},\"image\":{\"@id\":\"https:\\\/\\\/algarve7.pt\\\/index.php\\\/2025\\\/06\\\/comemoracoes-dos-111-anos-de-sao-bras-de-alportel-uniram-geracoes\\\/atualidade\\\/08\\\/10\\\/#primaryimage\"},\"thumbnailUrl\":\"https:\\\/\\\/algarve7.pt\\\/wp-content\\\/uploads\\\/2025\\\/06\\\/111Aniversario_Dia_do_Municipio-5.jpeg\",\"datePublished\":\"2025-06-17T07:10:00+00:00\",\"description\":\"Comemora\u00e7\u00f5es dos 111 anos de S\u00e3o Br\u00e1s de Alportel uniram gera\u00e7\u00f5es\u00a0 Atualidade\",\"breadcrumb\":{\"@id\":\"https:\\\/\\\/algarve7.pt\\\/index.php\\\/2025\\\/06\\\/comemoracoes-dos-111-anos-de-sao-bras-de-alportel-uniram-geracoes\\\/atualidade\\\/08\\\/10\\\/#breadcrumb\"},\"inLanguage\":\"pt-PT\",\"potentialAction\":[{\"@type\":\"ReadAction\",\"target\":[\"https:\\\/\\\/algarve7.pt\\\/index.php\\\/2025\\\/06\\\/comemoracoes-dos-111-anos-de-sao-bras-de-alportel-uniram-geracoes\\\/atualidade\\\/08\\\/10\\\/\"]}]},{\"@type\":\"ImageObject\",\"inLanguage\":\"pt-PT\",\"@id\":\"https:\\\/\\\/algarve7.pt\\\/index.php\\\/2025\\\/06\\\/comemoracoes-dos-111-anos-de-sao-bras-de-alportel-uniram-geracoes\\\/atualidade\\\/08\\\/10\\\/#primaryimage\",\"url\":\"https:\\\/\\\/algarve7.pt\\\/wp-content\\\/uploads\\\/2025\\\/06\\\/111Aniversario_Dia_do_Municipio-5.jpeg\",\"contentUrl\":\"https:\\\/\\\/algarve7.pt\\\/wp-content\\\/uploads\\\/2025\\\/06\\\/111Aniversario_Dia_do_Municipio-5.jpeg\",\"width\":800,\"height\":500},{\"@type\":\"BreadcrumbList\",\"@id\":\"https:\\\/\\\/algarve7.pt\\\/index.php\\\/2025\\\/06\\\/comemoracoes-dos-111-anos-de-sao-bras-de-alportel-uniram-geracoes\\\/atualidade\\\/08\\\/10\\\/#breadcrumb\",\"itemListElement\":[{\"@type\":\"ListItem\",\"position\":1,\"name\":\"In\u00edcio\",\"item\":\"https:\\\/\\\/algarve7.pt\\\/\"},{\"@type\":\"ListItem\",\"position\":2,\"name\":\"Comemora\u00e7\u00f5es dos 111 anos de S\u00e3o Br\u00e1s de Alportel uniram gera\u00e7\u00f5es\u00a0\"}]},{\"@type\":\"WebSite\",\"@id\":\"https:\\\/\\\/algarve7.pt\\\/#website\",\"url\":\"https:\\\/\\\/algarve7.pt\\\/\",\"name\":\"Algarve 7\",\"description\":\"Informa\u00e7\u00e3o sobre o Algarve\",\"publisher\":{\"@id\":\"https:\\\/\\\/algarve7.pt\\\/#organization\"},\"potentialAction\":[{\"@type\":\"SearchAction\",\"target\":{\"@type\":\"EntryPoint\",\"urlTemplate\":\"https:\\\/\\\/algarve7.pt\\\/?s={search_term_string}\"},\"query-input\":{\"@type\":\"PropertyValueSpecification\",\"valueRequired\":true,\"valueName\":\"search_term_string\"}}],\"inLanguage\":\"pt-PT\"},{\"@type\":\"Organization\",\"@id\":\"https:\\\/\\\/algarve7.pt\\\/#organization\",\"name\":\"Algarve 7\",\"url\":\"https:\\\/\\\/algarve7.pt\\\/\",\"logo\":{\"@type\":\"ImageObject\",\"inLanguage\":\"pt-PT\",\"@id\":\"https:\\\/\\\/algarve7.pt\\\/#\\\/schema\\\/logo\\\/image\\\/\",\"url\":\"https:\\\/\\\/algarve7.pt\\\/wp-content\\\/uploads\\\/2020\\\/10\\\/Logo-8.jpg\",\"contentUrl\":\"https:\\\/\\\/algarve7.pt\\\/wp-content\\\/uploads\\\/2020\\\/10\\\/Logo-8.jpg\",\"width\":1680,\"height\":1186,\"caption\":\"Algarve 7\"},\"image\":{\"@id\":\"https:\\\/\\\/algarve7.pt\\\/#\\\/schema\\\/logo\\\/image\\\/\"},\"sameAs\":[\"https:\\\/\\\/www.facebook.com\\\/algarve7\",\"https:\\\/\\\/x.com\\\/Algarvesete\",\"https:\\\/\\\/www.instagram.com\\\/jornalalgarve7\\\/\",\"https:\\\/\\\/www.linkedin.com\\\/company\\\/algarve7\",\"https:\\\/\\\/www.pinterest.pt\\\/geral0939\\\/_created\\\/\"]},{\"@type\":\"Person\",\"@id\":\"https:\\\/\\\/algarve7.pt\\\/#\\\/schema\\\/person\\\/23fa70681308e7b319a3204bcea45e0c\",\"name\":\"Algarve 7\",\"sameAs\":[\"https:\\\/\\\/algarve7.pt\",\"https:\\\/\\\/www.facebook.com\\\/algarve7\"],\"url\":\"https:\\\/\\\/algarve7.pt\\\/index.php\\\/author\\\/geralalgarve7-pt\\\/\"}]}<\/script>\n<!-- \/ Yoast SEO plugin. -->","yoast_head_json":{"title":"Comemora\u00e7\u00f5es dos 111 anos de S\u00e3o Br\u00e1s de Alportel uniram gera\u00e7\u00f5es\u00a0 - Algarve 7","description":"Comemora\u00e7\u00f5es dos 111 anos de S\u00e3o Br\u00e1s de Alportel uniram gera\u00e7\u00f5es\u00a0 Atualidade","robots":{"index":"index","follow":"follow","max-snippet":"max-snippet:-1","max-image-preview":"max-image-preview:large","max-video-preview":"max-video-preview:-1"},"canonical":"https:\/\/algarve7.pt\/index.php\/2025\/06\/comemoracoes-dos-111-anos-de-sao-bras-de-alportel-uniram-geracoes\/atualidade\/08\/10\/","og_locale":"pt_PT","og_type":"article","og_title":"Comemora\u00e7\u00f5es dos 111 anos de S\u00e3o Br\u00e1s de Alportel uniram gera\u00e7\u00f5es\u00a0 - Algarve 7","og_description":"Comemora\u00e7\u00f5es dos 111 anos de S\u00e3o Br\u00e1s de Alportel uniram gera\u00e7\u00f5es\u00a0 Atualidade","og_url":"https:\/\/algarve7.pt\/index.php\/2025\/06\/comemoracoes-dos-111-anos-de-sao-bras-de-alportel-uniram-geracoes\/atualidade\/08\/10\/","og_site_name":"Algarve 7","article_publisher":"https:\/\/www.facebook.com\/algarve7","article_author":"https:\/\/www.facebook.com\/algarve7","article_published_time":"2025-06-17T07:10:00+00:00","og_image":[{"width":800,"height":500,"url":"https:\/\/algarve7.pt\/wp-content\/uploads\/2025\/06\/111Aniversario_Dia_do_Municipio-5.jpeg","type":"image\/jpeg"}],"author":"Algarve 7","twitter_card":"summary_large_image","twitter_creator":"@Algarvesete","twitter_site":"@Algarvesete","twitter_misc":{"Escrito por":"Algarve 7","Tempo estimado de leitura":"10 minutos"},"schema":{"@context":"https:\/\/schema.org","@graph":[{"@type":"Article","@id":"https:\/\/algarve7.pt\/index.php\/2025\/06\/comemoracoes-dos-111-anos-de-sao-bras-de-alportel-uniram-geracoes\/atualidade\/08\/10\/#article","isPartOf":{"@id":"https:\/\/algarve7.pt\/index.php\/2025\/06\/comemoracoes-dos-111-anos-de-sao-bras-de-alportel-uniram-geracoes\/atualidade\/08\/10\/"},"author":{"name":"Algarve 7","@id":"https:\/\/algarve7.pt\/#\/schema\/person\/23fa70681308e7b319a3204bcea45e0c"},"headline":"Comemora\u00e7\u00f5es dos 111 anos de S\u00e3o Br\u00e1s de Alportel uniram gera\u00e7\u00f5es\u00a0","datePublished":"2025-06-17T07:10:00+00:00","mainEntityOfPage":{"@id":"https:\/\/algarve7.pt\/index.php\/2025\/06\/comemoracoes-dos-111-anos-de-sao-bras-de-alportel-uniram-geracoes\/atualidade\/08\/10\/"},"wordCount":1910,"publisher":{"@id":"https:\/\/algarve7.pt\/#organization"},"image":{"@id":"https:\/\/algarve7.pt\/index.php\/2025\/06\/comemoracoes-dos-111-anos-de-sao-bras-de-alportel-uniram-geracoes\/atualidade\/08\/10\/#primaryimage"},"thumbnailUrl":"https:\/\/algarve7.pt\/wp-content\/uploads\/2025\/06\/111Aniversario_Dia_do_Municipio-5.jpeg","keywords":["Algarve","Atualidade","S\u00e3o Br\u00e1s de Alportel"],"articleSection":["Atualidade"],"inLanguage":"pt-PT"},{"@type":"WebPage","@id":"https:\/\/algarve7.pt\/index.php\/2025\/06\/comemoracoes-dos-111-anos-de-sao-bras-de-alportel-uniram-geracoes\/atualidade\/08\/10\/","url":"https:\/\/algarve7.pt\/index.php\/2025\/06\/comemoracoes-dos-111-anos-de-sao-bras-de-alportel-uniram-geracoes\/atualidade\/08\/10\/","name":"Comemora\u00e7\u00f5es dos 111 anos de S\u00e3o Br\u00e1s de Alportel uniram gera\u00e7\u00f5es\u00a0 - Algarve 7","isPartOf":{"@id":"https:\/\/algarve7.pt\/#website"},"primaryImageOfPage":{"@id":"https:\/\/algarve7.pt\/index.php\/2025\/06\/comemoracoes-dos-111-anos-de-sao-bras-de-alportel-uniram-geracoes\/atualidade\/08\/10\/#primaryimage"},"image":{"@id":"https:\/\/algarve7.pt\/index.php\/2025\/06\/comemoracoes-dos-111-anos-de-sao-bras-de-alportel-uniram-geracoes\/atualidade\/08\/10\/#primaryimage"},"thumbnailUrl":"https:\/\/algarve7.pt\/wp-content\/uploads\/2025\/06\/111Aniversario_Dia_do_Municipio-5.jpeg","datePublished":"2025-06-17T07:10:00+00:00","description":"Comemora\u00e7\u00f5es dos 111 anos de S\u00e3o Br\u00e1s de Alportel uniram gera\u00e7\u00f5es\u00a0 Atualidade","breadcrumb":{"@id":"https:\/\/algarve7.pt\/index.php\/2025\/06\/comemoracoes-dos-111-anos-de-sao-bras-de-alportel-uniram-geracoes\/atualidade\/08\/10\/#breadcrumb"},"inLanguage":"pt-PT","potentialAction":[{"@type":"ReadAction","target":["https:\/\/algarve7.pt\/index.php\/2025\/06\/comemoracoes-dos-111-anos-de-sao-bras-de-alportel-uniram-geracoes\/atualidade\/08\/10\/"]}]},{"@type":"ImageObject","inLanguage":"pt-PT","@id":"https:\/\/algarve7.pt\/index.php\/2025\/06\/comemoracoes-dos-111-anos-de-sao-bras-de-alportel-uniram-geracoes\/atualidade\/08\/10\/#primaryimage","url":"https:\/\/algarve7.pt\/wp-content\/uploads\/2025\/06\/111Aniversario_Dia_do_Municipio-5.jpeg","contentUrl":"https:\/\/algarve7.pt\/wp-content\/uploads\/2025\/06\/111Aniversario_Dia_do_Municipio-5.jpeg","width":800,"height":500},{"@type":"BreadcrumbList","@id":"https:\/\/algarve7.pt\/index.php\/2025\/06\/comemoracoes-dos-111-anos-de-sao-bras-de-alportel-uniram-geracoes\/atualidade\/08\/10\/#breadcrumb","itemListElement":[{"@type":"ListItem","position":1,"name":"In\u00edcio","item":"https:\/\/algarve7.pt\/"},{"@type":"ListItem","position":2,"name":"Comemora\u00e7\u00f5es dos 111 anos de S\u00e3o Br\u00e1s de Alportel uniram gera\u00e7\u00f5es\u00a0"}]},{"@type":"WebSite","@id":"https:\/\/algarve7.pt\/#website","url":"https:\/\/algarve7.pt\/","name":"Algarve 7","description":"Informa\u00e7\u00e3o sobre o Algarve","publisher":{"@id":"https:\/\/algarve7.pt\/#organization"},"potentialAction":[{"@type":"SearchAction","target":{"@type":"EntryPoint","urlTemplate":"https:\/\/algarve7.pt\/?s={search_term_string}"},"query-input":{"@type":"PropertyValueSpecification","valueRequired":true,"valueName":"search_term_string"}}],"inLanguage":"pt-PT"},{"@type":"Organization","@id":"https:\/\/algarve7.pt\/#organization","name":"Algarve 7","url":"https:\/\/algarve7.pt\/","logo":{"@type":"ImageObject","inLanguage":"pt-PT","@id":"https:\/\/algarve7.pt\/#\/schema\/logo\/image\/","url":"https:\/\/algarve7.pt\/wp-content\/uploads\/2020\/10\/Logo-8.jpg","contentUrl":"https:\/\/algarve7.pt\/wp-content\/uploads\/2020\/10\/Logo-8.jpg","width":1680,"height":1186,"caption":"Algarve 7"},"image":{"@id":"https:\/\/algarve7.pt\/#\/schema\/logo\/image\/"},"sameAs":["https:\/\/www.facebook.com\/algarve7","https:\/\/x.com\/Algarvesete","https:\/\/www.instagram.com\/jornalalgarve7\/","https:\/\/www.linkedin.com\/company\/algarve7","https:\/\/www.pinterest.pt\/geral0939\/_created\/"]},{"@type":"Person","@id":"https:\/\/algarve7.pt\/#\/schema\/person\/23fa70681308e7b319a3204bcea45e0c","name":"Algarve 7","sameAs":["https:\/\/algarve7.pt","https:\/\/www.facebook.com\/algarve7"],"url":"https:\/\/algarve7.pt\/index.php\/author\/geralalgarve7-pt\/"}]}},"jetpack_publicize_connections":[],"jetpack_featured_media_url":"https:\/\/algarve7.pt\/wp-content\/uploads\/2025\/06\/111Aniversario_Dia_do_Municipio-5.jpeg","jetpack_shortlink":"https:\/\/wp.me\/pcezmW-dpK","jetpack_sharing_enabled":true,"_links":{"self":[{"href":"https:\/\/algarve7.pt\/index.php\/wp-json\/wp\/v2\/posts\/51568","targetHints":{"allow":["GET"]}}],"collection":[{"href":"https:\/\/algarve7.pt\/index.php\/wp-json\/wp\/v2\/posts"}],"about":[{"href":"https:\/\/algarve7.pt\/index.php\/wp-json\/wp\/v2\/types\/post"}],"author":[{"embeddable":true,"href":"https:\/\/algarve7.pt\/index.php\/wp-json\/wp\/v2\/users\/1"}],"replies":[{"embeddable":true,"href":"https:\/\/algarve7.pt\/index.php\/wp-json\/wp\/v2\/comments?post=51568"}],"version-history":[{"count":0,"href":"https:\/\/algarve7.pt\/index.php\/wp-json\/wp\/v2\/posts\/51568\/revisions"}],"wp:featuredmedia":[{"embeddable":true,"href":"https:\/\/algarve7.pt\/index.php\/wp-json\/wp\/v2\/media\/51569"}],"wp:attachment":[{"href":"https:\/\/algarve7.pt\/index.php\/wp-json\/wp\/v2\/media?parent=51568"}],"wp:term":[{"taxonomy":"category","embeddable":true,"href":"https:\/\/algarve7.pt\/index.php\/wp-json\/wp\/v2\/categories?post=51568"},{"taxonomy":"post_tag","embeddable":true,"href":"https:\/\/algarve7.pt\/index.php\/wp-json\/wp\/v2\/tags?post=51568"}],"curies":[{"name":"wp","href":"https:\/\/api.w.org\/{rel}","templated":true}]}}