{"id":51550,"date":"2025-06-16T16:31:31","date_gmt":"2025-06-16T15:31:31","guid":{"rendered":"https:\/\/algarve7.pt\/?p=51550"},"modified":"2025-06-16T16:31:34","modified_gmt":"2025-06-16T15:31:34","slug":"apal-apresentou-balanco-das-atividades-do-primeiro-semestre-de-2025","status":"publish","type":"post","link":"https:\/\/algarve7.pt\/index.php\/2025\/06\/apal-apresentou-balanco-das-atividades-do-primeiro-semestre-de-2025\/turismo\/16\/31\/","title":{"rendered":"APAL apresentou balan\u00e7o das atividades do primeiro semestre de 2025"},"content":{"rendered":"\n<p>A Ag\u00eancia de Promo\u00e7\u00e3o de Albufeira (APAL) apresentou, no passado dia 12 de junho, o balan\u00e7o das atividades desenvolvidas no primeiro semestre de 2025, numa sess\u00e3o p\u00fablica que teve lugar no audit\u00f3rio do edif\u00edcio da AHETA.<\/p>\n\n\n\n<p>Iniciada em 2024, esta iniciativa visa partilhar com parceiros e associados o trabalho promovido pela associa\u00e7\u00e3o, bem como os resultados alcan\u00e7ados. A APAL conta atualmente com cerca de 250 associados, oriundos dos mais diversos setores de atividade.<\/p>\n\n\n\n<p>Neste primeiro balan\u00e7o do ano, Desid\u00e9rio Silva, presidente da Dire\u00e7\u00e3o da APAL, destacou o crescimento do n\u00famero de associados, sublinhando que os empreendimentos tur\u00edsticos associados da APAL somam j\u00e1 mais de 25 mil camas no concelho, o que traduz uma responsabilidade acrescida na miss\u00e3o de promover Albufeira enquanto destino tur\u00edstico de excel\u00eancia.<\/p>\n\n\n\n<p>Em rela\u00e7\u00e3o \u00e0s atividades apresentadas, o dirigente abordou v\u00e1rias a\u00e7\u00f5es organizadas pela APAL, assim como parcerias com o Munic\u00edpio de Albufeira e presen\u00e7as institucionais em eventos e f\u00f3runs tur\u00edsticos.&nbsp;<\/p>\n\n\n\n<p>Em janeiro, a APAL marcou presen\u00e7a em dois importantes eventos: o\u00a0Tourism.Com\u00a025 \u2013 Congresso IPDT e a FITUR 2025, em Madrid, uma das principais feiras internacionais de turismo.<\/p>\n\n\n\n<p>Fevereiro ficou marcado por um roadshow em Madrid e Sevilha, direcionado a operadores tur\u00edsticos e \u00f3rg\u00e3os de comunica\u00e7\u00e3o social, que envolveu cerca de 200 participantes e refor\u00e7ou a presen\u00e7a de Albufeira no mercado espanhol.<\/p>\n\n\n\n<p>Em mar\u00e7o, a ag\u00eancia esteve na BTL 2025, integrando um stand conjunto com o Munic\u00edpio de Albufeira, onde participaram diversos associados e onde foram dinamizadas v\u00e1rias apresenta\u00e7\u00f5es \u2014 incluindo o lan\u00e7amento da nova edi\u00e7\u00e3o da revista da APAL, \u201cDestino Albufeira\u201d. Nesse mesmo m\u00eas, Albufeira esteve tamb\u00e9m representada na FLY \u2013 Feira das Viagens, realizada na Alf\u00e2ndega do Porto, com o objetivo de promover o destino junto do p\u00fablico final e facilitar a venda direta de pacotes tur\u00edsticos.<\/p>\n\n\n\n<p>Em abril, a Albufeira participou na B-Travel, em Barcelona, integrando o espa\u00e7o da Regi\u00e3o de Turismo do Algarve, tendo a APAL apoiado esta iniciativa do Munic\u00edpio de Albufeira.<\/p>\n\n\n\n<p>Em maio, destaque para a realiza\u00e7\u00e3o de um roadshow em Toronto e Nova Iorque, com o objetivo de potenciar a nova rota a\u00e9rea entre Faro e Newark e consolidar o crescente interesse dos mercados norte-americanos por Portugal.<\/p>\n\n\n\n<p>No mesmo m\u00eas, a Albufeira marcou presen\u00e7a na Expovacaciones, em Bilbao \u2014 evento de refer\u00eancia para os amantes de viagens no norte de Espanha \u2014 tendo a APAL apoiado esta a\u00e7\u00e3o do Munic\u00edpio de Albufeira.<\/p>\n\n\n\n<p>O m\u00eas terminou com a participa\u00e7\u00e3o de Desid\u00e9rio Silva como orador convidado na Confer\u00eancia AHETA Turismo +30.<\/p>\n\n\n\n<p>Durante a apresenta\u00e7\u00e3o, Desid\u00e9rio Silva revelou ainda algumas das a\u00e7\u00f5es promocionais j\u00e1 planeadas para o segundo semestre de 2025. Entre os destaques est\u00e3o uma press trip dirigida ao mercado franc\u00eas, um roadshow em Dublin e Edimburgo e a participa\u00e7\u00e3o no XIV Encontro Luso-Andaluz, um importante f\u00f3rum empresarial transfronteiri\u00e7o.\u201cEstas a\u00e7\u00f5es s\u00e3o desenvolvidas em parceria com o Munic\u00edpio de Albufeira e contam com o envolvimento direto dos nossos associados, atrav\u00e9s das administra\u00e7\u00f5es e respetivos t\u00e9cnicos e equipas comerciais. Esta participa\u00e7\u00e3o ativa \u00e9 essencial para criar valor e refor\u00e7ar a posi\u00e7\u00e3o de Albufeira no mercado tur\u00edstico\u201d, afirmou Desid\u00e9rio Silva.<\/p>\n\n\n\n<p>Para Jos\u00e9 Carlos Rolo, presidente da C\u00e2mara Municipal de Albufeira, esta colabora\u00e7\u00e3o entre entidades p\u00fablicas e privadas \u00e9 determinante. O autarca referiu que \u201c\u00e9 essencial que o setor p\u00fablico e o setor privado caminhem lado a lado, definindo estrat\u00e9gias e a\u00e7\u00f5es conjuntas que reforcem Albufeira como destino tur\u00edstico de refer\u00eancia e motor da nossa economia local.\u201d<\/p>\n","protected":false},"excerpt":{"rendered":"<p>A Ag\u00eancia de Promo\u00e7\u00e3o de Albufeira (APAL) apresentou, no passado dia 12 de junho, o balan\u00e7o das atividades desenvolvidas no<\/p>\n","protected":false},"author":1,"featured_media":51551,"comment_status":"closed","ping_status":"closed","sticky":false,"template":"","format":"standard","meta":{"colormag_page_container_layout":"default_layout","colormag_page_sidebar_layout":"default_layout","_monsterinsights_skip_tracking":false,"_monsterinsights_sitenote_active":false,"_monsterinsights_sitenote_note":"","_monsterinsights_sitenote_category":0,"jetpack_post_was_ever_published":false,"_jetpack_newsletter_access":"","_jetpack_dont_email_post_to_subs":false,"_jetpack_newsletter_tier_id":0,"_jetpack_memberships_contains_paywalled_content":false,"_jetpack_memberships_contains_paid_content":false,"footnotes":"","jetpack_publicize_message":"","jetpack_publicize_feature_enabled":true,"jetpack_social_post_already_shared":false,"jetpack_social_options":{"image_generator_settings":{"template":"highway","default_image_id":0,"font":"","enabled":false},"version":2}},"categories":[17],"tags":[36,1114,45],"class_list":["post-51550","post","type-post","status-publish","format-standard","has-post-thumbnail","hentry","category-turismo","tag-algarve","tag-apal","tag-turismo"],"yoast_head":"<!-- This site is optimized with the Yoast SEO plugin v27.5 - https:\/\/yoast.com\/product\/yoast-seo-wordpress\/ -->\n<title>APAL apresentou balan\u00e7o das atividades do primeiro semestre de 2025 - Algarve 7<\/title>\n<meta name=\"description\" content=\"APAL apresentou balan\u00e7o das atividades do primeiro semestre de 2025 Turismo\" \/>\n<meta name=\"robots\" content=\"index, follow, max-snippet:-1, max-image-preview:large, max-video-preview:-1\" \/>\n<link rel=\"canonical\" href=\"https:\/\/algarve7.pt\/index.php\/2025\/06\/apal-apresentou-balanco-das-atividades-do-primeiro-semestre-de-2025\/turismo\/16\/31\/\" \/>\n<meta property=\"og:locale\" content=\"pt_PT\" \/>\n<meta property=\"og:type\" content=\"article\" \/>\n<meta property=\"og:title\" content=\"APAL apresentou balan\u00e7o das atividades do primeiro semestre de 2025 - Algarve 7\" \/>\n<meta property=\"og:description\" content=\"APAL apresentou balan\u00e7o das atividades do primeiro semestre de 2025 Turismo\" \/>\n<meta property=\"og:url\" content=\"https:\/\/algarve7.pt\/index.php\/2025\/06\/apal-apresentou-balanco-das-atividades-do-primeiro-semestre-de-2025\/turismo\/16\/31\/\" \/>\n<meta property=\"og:site_name\" content=\"Algarve 7\" \/>\n<meta property=\"article:publisher\" content=\"https:\/\/www.facebook.com\/algarve7\" \/>\n<meta property=\"article:author\" content=\"https:\/\/www.facebook.com\/algarve7\" \/>\n<meta property=\"article:published_time\" content=\"2025-06-16T15:31:31+00:00\" \/>\n<meta property=\"article:modified_time\" content=\"2025-06-16T15:31:34+00:00\" \/>\n<meta property=\"og:image\" content=\"https:\/\/algarve7.pt\/wp-content\/uploads\/2025\/06\/Foto-01.jpg\" \/>\n\t<meta property=\"og:image:width\" content=\"800\" \/>\n\t<meta property=\"og:image:height\" content=\"500\" \/>\n\t<meta property=\"og:image:type\" content=\"image\/jpeg\" \/>\n<meta name=\"author\" content=\"Algarve 7\" \/>\n<meta name=\"twitter:card\" content=\"summary_large_image\" \/>\n<meta name=\"twitter:creator\" content=\"@Algarvesete\" \/>\n<meta name=\"twitter:site\" content=\"@Algarvesete\" \/>\n<meta name=\"twitter:label1\" content=\"Escrito por\" \/>\n\t<meta name=\"twitter:data1\" content=\"Algarve 7\" \/>\n\t<meta name=\"twitter:label2\" content=\"Tempo estimado de leitura\" \/>\n\t<meta name=\"twitter:data2\" content=\"4 minutos\" \/>\n<script type=\"application\/ld+json\" class=\"yoast-schema-graph\">{\"@context\":\"https:\\\/\\\/schema.org\",\"@graph\":[{\"@type\":\"Article\",\"@id\":\"https:\\\/\\\/algarve7.pt\\\/index.php\\\/2025\\\/06\\\/apal-apresentou-balanco-das-atividades-do-primeiro-semestre-de-2025\\\/turismo\\\/16\\\/31\\\/#article\",\"isPartOf\":{\"@id\":\"https:\\\/\\\/algarve7.pt\\\/index.php\\\/2025\\\/06\\\/apal-apresentou-balanco-das-atividades-do-primeiro-semestre-de-2025\\\/turismo\\\/16\\\/31\\\/\"},\"author\":{\"name\":\"Algarve 7\",\"@id\":\"https:\\\/\\\/algarve7.pt\\\/#\\\/schema\\\/person\\\/23fa70681308e7b319a3204bcea45e0c\"},\"headline\":\"APAL apresentou balan\u00e7o das atividades do primeiro semestre de 2025\",\"datePublished\":\"2025-06-16T15:31:31+00:00\",\"dateModified\":\"2025-06-16T15:31:34+00:00\",\"mainEntityOfPage\":{\"@id\":\"https:\\\/\\\/algarve7.pt\\\/index.php\\\/2025\\\/06\\\/apal-apresentou-balanco-das-atividades-do-primeiro-semestre-de-2025\\\/turismo\\\/16\\\/31\\\/\"},\"wordCount\":640,\"publisher\":{\"@id\":\"https:\\\/\\\/algarve7.pt\\\/#organization\"},\"image\":{\"@id\":\"https:\\\/\\\/algarve7.pt\\\/index.php\\\/2025\\\/06\\\/apal-apresentou-balanco-das-atividades-do-primeiro-semestre-de-2025\\\/turismo\\\/16\\\/31\\\/#primaryimage\"},\"thumbnailUrl\":\"https:\\\/\\\/algarve7.pt\\\/wp-content\\\/uploads\\\/2025\\\/06\\\/Foto-01.jpg\",\"keywords\":[\"Algarve\",\"APAL\",\"Turismo\"],\"articleSection\":[\"Turismo\"],\"inLanguage\":\"pt-PT\"},{\"@type\":\"WebPage\",\"@id\":\"https:\\\/\\\/algarve7.pt\\\/index.php\\\/2025\\\/06\\\/apal-apresentou-balanco-das-atividades-do-primeiro-semestre-de-2025\\\/turismo\\\/16\\\/31\\\/\",\"url\":\"https:\\\/\\\/algarve7.pt\\\/index.php\\\/2025\\\/06\\\/apal-apresentou-balanco-das-atividades-do-primeiro-semestre-de-2025\\\/turismo\\\/16\\\/31\\\/\",\"name\":\"APAL apresentou balan\u00e7o das atividades do primeiro semestre de 2025 - Algarve 7\",\"isPartOf\":{\"@id\":\"https:\\\/\\\/algarve7.pt\\\/#website\"},\"primaryImageOfPage\":{\"@id\":\"https:\\\/\\\/algarve7.pt\\\/index.php\\\/2025\\\/06\\\/apal-apresentou-balanco-das-atividades-do-primeiro-semestre-de-2025\\\/turismo\\\/16\\\/31\\\/#primaryimage\"},\"image\":{\"@id\":\"https:\\\/\\\/algarve7.pt\\\/index.php\\\/2025\\\/06\\\/apal-apresentou-balanco-das-atividades-do-primeiro-semestre-de-2025\\\/turismo\\\/16\\\/31\\\/#primaryimage\"},\"thumbnailUrl\":\"https:\\\/\\\/algarve7.pt\\\/wp-content\\\/uploads\\\/2025\\\/06\\\/Foto-01.jpg\",\"datePublished\":\"2025-06-16T15:31:31+00:00\",\"dateModified\":\"2025-06-16T15:31:34+00:00\",\"description\":\"APAL apresentou balan\u00e7o das atividades do primeiro semestre de 2025 Turismo\",\"breadcrumb\":{\"@id\":\"https:\\\/\\\/algarve7.pt\\\/index.php\\\/2025\\\/06\\\/apal-apresentou-balanco-das-atividades-do-primeiro-semestre-de-2025\\\/turismo\\\/16\\\/31\\\/#breadcrumb\"},\"inLanguage\":\"pt-PT\",\"potentialAction\":[{\"@type\":\"ReadAction\",\"target\":[\"https:\\\/\\\/algarve7.pt\\\/index.php\\\/2025\\\/06\\\/apal-apresentou-balanco-das-atividades-do-primeiro-semestre-de-2025\\\/turismo\\\/16\\\/31\\\/\"]}]},{\"@type\":\"ImageObject\",\"inLanguage\":\"pt-PT\",\"@id\":\"https:\\\/\\\/algarve7.pt\\\/index.php\\\/2025\\\/06\\\/apal-apresentou-balanco-das-atividades-do-primeiro-semestre-de-2025\\\/turismo\\\/16\\\/31\\\/#primaryimage\",\"url\":\"https:\\\/\\\/algarve7.pt\\\/wp-content\\\/uploads\\\/2025\\\/06\\\/Foto-01.jpg\",\"contentUrl\":\"https:\\\/\\\/algarve7.pt\\\/wp-content\\\/uploads\\\/2025\\\/06\\\/Foto-01.jpg\",\"width\":800,\"height\":500},{\"@type\":\"BreadcrumbList\",\"@id\":\"https:\\\/\\\/algarve7.pt\\\/index.php\\\/2025\\\/06\\\/apal-apresentou-balanco-das-atividades-do-primeiro-semestre-de-2025\\\/turismo\\\/16\\\/31\\\/#breadcrumb\",\"itemListElement\":[{\"@type\":\"ListItem\",\"position\":1,\"name\":\"In\u00edcio\",\"item\":\"https:\\\/\\\/algarve7.pt\\\/\"},{\"@type\":\"ListItem\",\"position\":2,\"name\":\"APAL apresentou balan\u00e7o das atividades do primeiro semestre de 2025\"}]},{\"@type\":\"WebSite\",\"@id\":\"https:\\\/\\\/algarve7.pt\\\/#website\",\"url\":\"https:\\\/\\\/algarve7.pt\\\/\",\"name\":\"Algarve 7\",\"description\":\"Informa\u00e7\u00e3o sobre o Algarve\",\"publisher\":{\"@id\":\"https:\\\/\\\/algarve7.pt\\\/#organization\"},\"potentialAction\":[{\"@type\":\"SearchAction\",\"target\":{\"@type\":\"EntryPoint\",\"urlTemplate\":\"https:\\\/\\\/algarve7.pt\\\/?s={search_term_string}\"},\"query-input\":{\"@type\":\"PropertyValueSpecification\",\"valueRequired\":true,\"valueName\":\"search_term_string\"}}],\"inLanguage\":\"pt-PT\"},{\"@type\":\"Organization\",\"@id\":\"https:\\\/\\\/algarve7.pt\\\/#organization\",\"name\":\"Algarve 7\",\"url\":\"https:\\\/\\\/algarve7.pt\\\/\",\"logo\":{\"@type\":\"ImageObject\",\"inLanguage\":\"pt-PT\",\"@id\":\"https:\\\/\\\/algarve7.pt\\\/#\\\/schema\\\/logo\\\/image\\\/\",\"url\":\"https:\\\/\\\/algarve7.pt\\\/wp-content\\\/uploads\\\/2020\\\/10\\\/Logo-8.jpg\",\"contentUrl\":\"https:\\\/\\\/algarve7.pt\\\/wp-content\\\/uploads\\\/2020\\\/10\\\/Logo-8.jpg\",\"width\":1680,\"height\":1186,\"caption\":\"Algarve 7\"},\"image\":{\"@id\":\"https:\\\/\\\/algarve7.pt\\\/#\\\/schema\\\/logo\\\/image\\\/\"},\"sameAs\":[\"https:\\\/\\\/www.facebook.com\\\/algarve7\",\"https:\\\/\\\/x.com\\\/Algarvesete\",\"https:\\\/\\\/www.instagram.com\\\/jornalalgarve7\\\/\",\"https:\\\/\\\/www.linkedin.com\\\/company\\\/algarve7\",\"https:\\\/\\\/www.pinterest.pt\\\/geral0939\\\/_created\\\/\"]},{\"@type\":\"Person\",\"@id\":\"https:\\\/\\\/algarve7.pt\\\/#\\\/schema\\\/person\\\/23fa70681308e7b319a3204bcea45e0c\",\"name\":\"Algarve 7\",\"sameAs\":[\"https:\\\/\\\/algarve7.pt\",\"https:\\\/\\\/www.facebook.com\\\/algarve7\"],\"url\":\"https:\\\/\\\/algarve7.pt\\\/index.php\\\/author\\\/geralalgarve7-pt\\\/\"}]}<\/script>\n<!-- \/ Yoast SEO plugin. -->","yoast_head_json":{"title":"APAL apresentou balan\u00e7o das atividades do primeiro semestre de 2025 - Algarve 7","description":"APAL apresentou balan\u00e7o das atividades do primeiro semestre de 2025 Turismo","robots":{"index":"index","follow":"follow","max-snippet":"max-snippet:-1","max-image-preview":"max-image-preview:large","max-video-preview":"max-video-preview:-1"},"canonical":"https:\/\/algarve7.pt\/index.php\/2025\/06\/apal-apresentou-balanco-das-atividades-do-primeiro-semestre-de-2025\/turismo\/16\/31\/","og_locale":"pt_PT","og_type":"article","og_title":"APAL apresentou balan\u00e7o das atividades do primeiro semestre de 2025 - Algarve 7","og_description":"APAL apresentou balan\u00e7o das atividades do primeiro semestre de 2025 Turismo","og_url":"https:\/\/algarve7.pt\/index.php\/2025\/06\/apal-apresentou-balanco-das-atividades-do-primeiro-semestre-de-2025\/turismo\/16\/31\/","og_site_name":"Algarve 7","article_publisher":"https:\/\/www.facebook.com\/algarve7","article_author":"https:\/\/www.facebook.com\/algarve7","article_published_time":"2025-06-16T15:31:31+00:00","article_modified_time":"2025-06-16T15:31:34+00:00","og_image":[{"width":800,"height":500,"url":"https:\/\/algarve7.pt\/wp-content\/uploads\/2025\/06\/Foto-01.jpg","type":"image\/jpeg"}],"author":"Algarve 7","twitter_card":"summary_large_image","twitter_creator":"@Algarvesete","twitter_site":"@Algarvesete","twitter_misc":{"Escrito por":"Algarve 7","Tempo estimado de leitura":"4 minutos"},"schema":{"@context":"https:\/\/schema.org","@graph":[{"@type":"Article","@id":"https:\/\/algarve7.pt\/index.php\/2025\/06\/apal-apresentou-balanco-das-atividades-do-primeiro-semestre-de-2025\/turismo\/16\/31\/#article","isPartOf":{"@id":"https:\/\/algarve7.pt\/index.php\/2025\/06\/apal-apresentou-balanco-das-atividades-do-primeiro-semestre-de-2025\/turismo\/16\/31\/"},"author":{"name":"Algarve 7","@id":"https:\/\/algarve7.pt\/#\/schema\/person\/23fa70681308e7b319a3204bcea45e0c"},"headline":"APAL apresentou balan\u00e7o das atividades do primeiro semestre de 2025","datePublished":"2025-06-16T15:31:31+00:00","dateModified":"2025-06-16T15:31:34+00:00","mainEntityOfPage":{"@id":"https:\/\/algarve7.pt\/index.php\/2025\/06\/apal-apresentou-balanco-das-atividades-do-primeiro-semestre-de-2025\/turismo\/16\/31\/"},"wordCount":640,"publisher":{"@id":"https:\/\/algarve7.pt\/#organization"},"image":{"@id":"https:\/\/algarve7.pt\/index.php\/2025\/06\/apal-apresentou-balanco-das-atividades-do-primeiro-semestre-de-2025\/turismo\/16\/31\/#primaryimage"},"thumbnailUrl":"https:\/\/algarve7.pt\/wp-content\/uploads\/2025\/06\/Foto-01.jpg","keywords":["Algarve","APAL","Turismo"],"articleSection":["Turismo"],"inLanguage":"pt-PT"},{"@type":"WebPage","@id":"https:\/\/algarve7.pt\/index.php\/2025\/06\/apal-apresentou-balanco-das-atividades-do-primeiro-semestre-de-2025\/turismo\/16\/31\/","url":"https:\/\/algarve7.pt\/index.php\/2025\/06\/apal-apresentou-balanco-das-atividades-do-primeiro-semestre-de-2025\/turismo\/16\/31\/","name":"APAL apresentou balan\u00e7o das atividades do primeiro semestre de 2025 - Algarve 7","isPartOf":{"@id":"https:\/\/algarve7.pt\/#website"},"primaryImageOfPage":{"@id":"https:\/\/algarve7.pt\/index.php\/2025\/06\/apal-apresentou-balanco-das-atividades-do-primeiro-semestre-de-2025\/turismo\/16\/31\/#primaryimage"},"image":{"@id":"https:\/\/algarve7.pt\/index.php\/2025\/06\/apal-apresentou-balanco-das-atividades-do-primeiro-semestre-de-2025\/turismo\/16\/31\/#primaryimage"},"thumbnailUrl":"https:\/\/algarve7.pt\/wp-content\/uploads\/2025\/06\/Foto-01.jpg","datePublished":"2025-06-16T15:31:31+00:00","dateModified":"2025-06-16T15:31:34+00:00","description":"APAL apresentou balan\u00e7o das atividades do primeiro semestre de 2025 Turismo","breadcrumb":{"@id":"https:\/\/algarve7.pt\/index.php\/2025\/06\/apal-apresentou-balanco-das-atividades-do-primeiro-semestre-de-2025\/turismo\/16\/31\/#breadcrumb"},"inLanguage":"pt-PT","potentialAction":[{"@type":"ReadAction","target":["https:\/\/algarve7.pt\/index.php\/2025\/06\/apal-apresentou-balanco-das-atividades-do-primeiro-semestre-de-2025\/turismo\/16\/31\/"]}]},{"@type":"ImageObject","inLanguage":"pt-PT","@id":"https:\/\/algarve7.pt\/index.php\/2025\/06\/apal-apresentou-balanco-das-atividades-do-primeiro-semestre-de-2025\/turismo\/16\/31\/#primaryimage","url":"https:\/\/algarve7.pt\/wp-content\/uploads\/2025\/06\/Foto-01.jpg","contentUrl":"https:\/\/algarve7.pt\/wp-content\/uploads\/2025\/06\/Foto-01.jpg","width":800,"height":500},{"@type":"BreadcrumbList","@id":"https:\/\/algarve7.pt\/index.php\/2025\/06\/apal-apresentou-balanco-das-atividades-do-primeiro-semestre-de-2025\/turismo\/16\/31\/#breadcrumb","itemListElement":[{"@type":"ListItem","position":1,"name":"In\u00edcio","item":"https:\/\/algarve7.pt\/"},{"@type":"ListItem","position":2,"name":"APAL apresentou balan\u00e7o das atividades do primeiro semestre de 2025"}]},{"@type":"WebSite","@id":"https:\/\/algarve7.pt\/#website","url":"https:\/\/algarve7.pt\/","name":"Algarve 7","description":"Informa\u00e7\u00e3o sobre o Algarve","publisher":{"@id":"https:\/\/algarve7.pt\/#organization"},"potentialAction":[{"@type":"SearchAction","target":{"@type":"EntryPoint","urlTemplate":"https:\/\/algarve7.pt\/?s={search_term_string}"},"query-input":{"@type":"PropertyValueSpecification","valueRequired":true,"valueName":"search_term_string"}}],"inLanguage":"pt-PT"},{"@type":"Organization","@id":"https:\/\/algarve7.pt\/#organization","name":"Algarve 7","url":"https:\/\/algarve7.pt\/","logo":{"@type":"ImageObject","inLanguage":"pt-PT","@id":"https:\/\/algarve7.pt\/#\/schema\/logo\/image\/","url":"https:\/\/algarve7.pt\/wp-content\/uploads\/2020\/10\/Logo-8.jpg","contentUrl":"https:\/\/algarve7.pt\/wp-content\/uploads\/2020\/10\/Logo-8.jpg","width":1680,"height":1186,"caption":"Algarve 7"},"image":{"@id":"https:\/\/algarve7.pt\/#\/schema\/logo\/image\/"},"sameAs":["https:\/\/www.facebook.com\/algarve7","https:\/\/x.com\/Algarvesete","https:\/\/www.instagram.com\/jornalalgarve7\/","https:\/\/www.linkedin.com\/company\/algarve7","https:\/\/www.pinterest.pt\/geral0939\/_created\/"]},{"@type":"Person","@id":"https:\/\/algarve7.pt\/#\/schema\/person\/23fa70681308e7b319a3204bcea45e0c","name":"Algarve 7","sameAs":["https:\/\/algarve7.pt","https:\/\/www.facebook.com\/algarve7"],"url":"https:\/\/algarve7.pt\/index.php\/author\/geralalgarve7-pt\/"}]}},"jetpack_publicize_connections":[],"jetpack_featured_media_url":"https:\/\/algarve7.pt\/wp-content\/uploads\/2025\/06\/Foto-01.jpg","jetpack_shortlink":"https:\/\/wp.me\/pcezmW-dps","jetpack_sharing_enabled":true,"_links":{"self":[{"href":"https:\/\/algarve7.pt\/index.php\/wp-json\/wp\/v2\/posts\/51550","targetHints":{"allow":["GET"]}}],"collection":[{"href":"https:\/\/algarve7.pt\/index.php\/wp-json\/wp\/v2\/posts"}],"about":[{"href":"https:\/\/algarve7.pt\/index.php\/wp-json\/wp\/v2\/types\/post"}],"author":[{"embeddable":true,"href":"https:\/\/algarve7.pt\/index.php\/wp-json\/wp\/v2\/users\/1"}],"replies":[{"embeddable":true,"href":"https:\/\/algarve7.pt\/index.php\/wp-json\/wp\/v2\/comments?post=51550"}],"version-history":[{"count":0,"href":"https:\/\/algarve7.pt\/index.php\/wp-json\/wp\/v2\/posts\/51550\/revisions"}],"wp:featuredmedia":[{"embeddable":true,"href":"https:\/\/algarve7.pt\/index.php\/wp-json\/wp\/v2\/media\/51551"}],"wp:attachment":[{"href":"https:\/\/algarve7.pt\/index.php\/wp-json\/wp\/v2\/media?parent=51550"}],"wp:term":[{"taxonomy":"category","embeddable":true,"href":"https:\/\/algarve7.pt\/index.php\/wp-json\/wp\/v2\/categories?post=51550"},{"taxonomy":"post_tag","embeddable":true,"href":"https:\/\/algarve7.pt\/index.php\/wp-json\/wp\/v2\/tags?post=51550"}],"curies":[{"name":"wp","href":"https:\/\/api.w.org\/{rel}","templated":true}]}}