{"id":51541,"date":"2025-06-16T08:20:00","date_gmt":"2025-06-16T07:20:00","guid":{"rendered":"https:\/\/algarve7.pt\/?p=51541"},"modified":"2025-06-15T12:51:21","modified_gmt":"2025-06-15T11:51:21","slug":"municipio-de-portimao-promove-ferias-de-verao-para-criancas-e-jovens-do-concelho","status":"publish","type":"post","link":"https:\/\/algarve7.pt\/index.php\/2025\/06\/municipio-de-portimao-promove-ferias-de-verao-para-criancas-e-jovens-do-concelho\/atualidade\/08\/20\/","title":{"rendered":"Munic\u00edpio de Portim\u00e3o promove F\u00e9rias de Ver\u00e3o para crian\u00e7as e jovens do concelho"},"content":{"rendered":"\n<p><strong>Abrem no pr\u00f3ximo dia 16 de junho (a partir das 10h00), as inscri\u00e7\u00f5es para as F\u00e9rias de Ver\u00e3o de Portim\u00e3o, s\u00e3o mais de 2.500 vagas, com muitas propostas que desafiam crian\u00e7as e jovens do concelho a experimentar novas e diferentes atividades desportivas, culturais e ambientais.<\/strong><\/p>\n\n\n\n<p>Entre 30 de junho e 14 de agosto, as crian\u00e7as e os jovens de Portim\u00e3o com idades entre os 6 e os 15 anos, podem ocupar os seus tempos livres nas F\u00e9rias de Ver\u00e3o, um programa municipal que decorre durante a pausa escolar dos meses de ver\u00e3o.<\/p>\n\n\n\n<p>Com uma oferta rica em atividades desportivas, recreativas, culturais e de educa\u00e7\u00e3o c\u00edvica e ambiental, as F\u00e9rias de Ver\u00e3o s\u00e3o um programa municipal de ocupa\u00e7\u00e3o de tempos livres denominado que contempla atividades nos equipamentos desportivos, no&nbsp;Museu de Portim\u00e3o, na Biblioteca Municipal Manuel Teixeira Gomes, na Quinta Pedag\u00f3gica de Portim\u00e3o e no TEMPO \u2013 Teatro Municipal de Portim\u00e3o.<\/p>\n\n\n\n<p>As inscri\u00e7\u00f5es para as F\u00e9rias de Ver\u00e3o abrem no dia 16 de junho, \u00e0s 10h00, na plataforma\u00a0<a href=\"https:\/\/desporto.cm-portimao.pt\/\" target=\"_blank\" rel=\"noreferrer noopener\">https:\/\/desporto.cm-portimao.pt\/<\/a>\u00a0da autarquia,\u00a0sendo que toda a informa\u00e7\u00e3o sobre as atividades, hor\u00e1rios e informa\u00e7\u00f5es adicionais podem ser consultadas em:\u00a0<a href=\"https:\/\/cm-portimao.pt\/ferias-de-verao-2025\" target=\"_blank\" rel=\"noreferrer noopener\">F\u00e9rias de Ver\u00e3o 2025<\/a>. O Munic\u00edpio de Portim\u00e3o recomenda que consulte, previamente, toda a informa\u00e7\u00e3o necess\u00e1rio para facilitar o processo de registo e inscri\u00e7\u00e3o, podendo ver o tutorial de registo e inscri\u00e7\u00e3o j\u00e1 dispon\u00edvel.\u00a0<\/p>\n\n\n\n<p>Aos pais das crian\u00e7as que frequentam as F\u00e9rias de Ver\u00e3o, \u00e9 garantida toda a seguran\u00e7a, com o acompanhamento de coordenadores respons\u00e1veis das v\u00e1rias \u00e1reas da C\u00e2mara Municipal de Portim\u00e3o, secundados por 155 monitores, entre os 17 e os 25 anos, cuja responsabilidade \u00e9 apoiar os participantes nas atividades previstas e ajustadas \u00e0s suas idades.&nbsp;<\/p>\n\n\n\n<p>S\u00e3o parceiros do projeto \u201cF\u00e9rias de Ver\u00e3o\u201d os Agrupamentos de Escolas da Bemposta, Eng.\u00ba Nuno Mergulh\u00e3o, Manuel Teixeira Gomes, Poeta Ant\u00f3nio Aleixo e J\u00fadice Fialho, assim como as Juntas de Freguesia do concelho, sendo os principais patrocinadores das F\u00e9rias de Ver\u00e3o 2025 a EMARP e o Zoomarine.<\/p>\n\n\n\n<p><strong>F\u00e9rias Desportivas&nbsp;<\/strong><\/p>\n\n\n\n<p>As F\u00e9rias Desportivas destinam-se as crian\u00e7as entre os 6 e os 15 anos, sendo poss\u00edvel praticar modalidades individuais, coletivas, ao ar livre e aqu\u00e1ticas\/n\u00e1uticas. Tamb\u00e9m ter\u00e3o a oportunidade de experienciar atividades em parques tem\u00e1ticos\/aqu\u00e1ticos e em insufl\u00e1veis.<strong><\/strong><\/p>\n\n\n\n<p>No que diz respeito aos turnos, o primeiro decorre de 30 de junho a 11 de julho, o segundo entre 14 e 25 de julho e o terceiro de 28 de julho a 14 de agosto, com atividades das 9h00 \u00e0s 17h00, com pausa para almo\u00e7o entre as 12h00 e as 14h30.<\/p>\n\n\n\n<p>As inscri\u00e7\u00f5es nas F\u00e9rias Desportivas t\u00eam um custo de trinta euros, estando inclu\u00eddos o seguro de acidentes pessoais, transporte municipal entre atividades (sempre que a dist\u00e2ncia se justifique) e as ofertas do almo\u00e7o e t-shirt, mochila e bon\u00e9.<\/p>\n\n\n\n<p>Colaboram no projeto F\u00e9rias de Desportivas as seguintes entidades: Associa\u00e7\u00e3o Humanit\u00e1ria de Bombeiros Volunt\u00e1rios de Portim\u00e3o; Pol\u00edcia de Seguran\u00e7a P\u00fablica;&nbsp;<\/p>\n\n\n\n<p>Clube de T\u00e9nis e Padel de Portim\u00e3o; Clube Naval D. Jo\u00e3o II \u2013 Alvor; Clube Naval de Portim\u00e3o; Portim\u00e3o Surf Clube; Portimonense Sporting Clube; Portinado \u2013 Associa\u00e7\u00e3o de Nata\u00e7\u00e3o de Portim\u00e3o; H\u00f3quei Clube de Portim\u00e3o; GEJUPCE \u2013 Gil Eanes Juventude;<\/p>\n\n\n\n<p>Portimonense Sporting Clube; Clube Desportivo AlgarveGym; Judo Clube Portim\u00e3o;&nbsp;<\/p>\n\n\n\n<p>Escola Shotokan Karat\u00e9 Portim\u00e3o \u2013 Associa\u00e7\u00e3o; Navibordo; Marina de Portim\u00e3o;&nbsp;<\/p>\n\n\n\n<p>Tic Tac \u2013 Associa\u00e7\u00e3o Desportiva Mexilhoeirense;&nbsp;&nbsp;Bowling de Alvor; Zoo de Lagos;<\/p>\n\n\n\n<p>Slide &amp; Splash.&nbsp;<\/p>\n\n\n\n<p>A tradicional festa de encerramento das F\u00e9rias Desportivas est\u00e1 marcada para as 18h00 de 14 de agosto, reunindo no Portim\u00e3o Arena todos os participantes e seus familiares, sem esquecer a dedicada equipa de monitores.&nbsp;<\/p>\n\n\n\n<p><strong>F\u00e9rias Culturais e Ambientais<\/strong><\/p>\n\n\n\n<p>As F\u00e9rias de Ver\u00e3o contemplam igualmente as Culturais e Ambientais, cujas atividades ter\u00e3o lugar no Museu de Portim\u00e3o, na Biblioteca Municipal Manuel Teixeira Gomes, na Quinta Pedag\u00f3gica de Portim\u00e3o e no TEMPO \u2013 Teatro Municipal de Portim\u00e3o, ao longo de sete turnos semanais dirigidos a crian\u00e7as e jovens entre os 6 e os 12 anos, e que se desenvolver\u00e3o das&nbsp;9h00 \u00e0s 17h00, com pausa para almo\u00e7o entre as 12h00 e as 14h30.<\/p>\n\n\n\n<p>Os equipamentos culturais e ambientais elegem um tema ligado \u00e0 sua \u00e1rea e exploram pedagogicamente a tem\u00e1tica atrav\u00e9s de diversas atividades e experi\u00eancias ao longo da semana.&nbsp;<\/p>\n\n\n\n<p>As inscri\u00e7\u00f5es para as F\u00e9rias de Ver\u00e3o Culturais e Ambientais t\u00eam um custo de 20 euros por turno\/semana, valor que inclu\u00ed o seguro de acidentes pessoais, e as ofertas do almo\u00e7o e t-shirt, mochila e bon\u00e9.<\/p>\n\n\n\n<p><strong>F\u00e9rias de ver\u00e3o nos bairros camar\u00e1rios<\/strong><\/p>\n\n\n\n<p>Numa cidade multicultural como \u00e9 Portim\u00e3o, e \u00e0 semelhan\u00e7a do que tem acontecido nos \u00faltimos anos, as F\u00e9rias de Ver\u00e3o tamb\u00e9m t\u00eam lugar nos centros comunit\u00e1rios dos bairros camar\u00e1rios Coca Maravilhas, Cruz da Parteira, Mira Cabo e Pontal, onde as equipas de anima\u00e7\u00e3o sociocomunit\u00e1ria dinamizam um variado leque de iniciativas de ocupa\u00e7\u00e3o dos tempos livres, desde idas \u00e0 praia e \u00e0 piscina, at\u00e9 caminhadas e jogos diversos, adequadas \u00e0s caracter\u00edsticas de cada popula\u00e7\u00e3o residente e que envolvem cerca de 100 crian\u00e7as e jovens que diariamente frequentam os centros comunit\u00e1rios.&nbsp;<\/p>\n\n\n\n<p>Esta resposta municipal cumpre um importante papel em tempo de f\u00e9rias escolares, no que diz respeito \u00e0s din\u00e2micas e necessidades das fam\u00edlias residentes nos bairros, cuja empregabilidade \u00e9 na sua maioria sazonal, possibilitando de forma l\u00fadico-pedag\u00f3gica e em seguran\u00e7a o desenvolvimento das crian\u00e7as e jovens, no sentido de prevenir comportamentos de risco.&nbsp;<\/p>\n","protected":false},"excerpt":{"rendered":"<p>Abrem no pr\u00f3ximo dia 16 de junho (a partir das 10h00), as inscri\u00e7\u00f5es para as F\u00e9rias de Ver\u00e3o de Portim\u00e3o,<\/p>\n","protected":false},"author":1,"featured_media":51542,"comment_status":"closed","ping_status":"closed","sticky":false,"template":"","format":"standard","meta":{"colormag_page_container_layout":"default_layout","colormag_page_sidebar_layout":"default_layout","_monsterinsights_skip_tracking":false,"_monsterinsights_sitenote_active":false,"_monsterinsights_sitenote_note":"","_monsterinsights_sitenote_category":0,"jetpack_post_was_ever_published":false,"_jetpack_newsletter_access":"","_jetpack_dont_email_post_to_subs":false,"_jetpack_newsletter_tier_id":0,"_jetpack_memberships_contains_paywalled_content":false,"_jetpack_memberships_contains_paid_content":false,"footnotes":"","jetpack_publicize_message":"","jetpack_publicize_feature_enabled":true,"jetpack_social_post_already_shared":false,"jetpack_social_options":{"image_generator_settings":{"template":"highway","default_image_id":0,"font":"","enabled":false},"version":2}},"categories":[11],"tags":[36,62,72],"class_list":["post-51541","post","type-post","status-publish","format-standard","has-post-thumbnail","hentry","category-atualidade","tag-algarve","tag-atualidade","tag-portimao"],"yoast_head":"<!-- This site is optimized with the Yoast SEO plugin v27.5 - https:\/\/yoast.com\/product\/yoast-seo-wordpress\/ -->\n<title>Munic\u00edpio de Portim\u00e3o promove F\u00e9rias de Ver\u00e3o para crian\u00e7as e jovens do concelho - Algarve 7<\/title>\n<meta name=\"description\" content=\"Munic\u00edpio de Portim\u00e3o promove F\u00e9rias de Ver\u00e3o para crian\u00e7as e jovens do concelho Atualidade\" \/>\n<meta name=\"robots\" content=\"index, follow, max-snippet:-1, max-image-preview:large, max-video-preview:-1\" \/>\n<link rel=\"canonical\" href=\"https:\/\/algarve7.pt\/index.php\/2025\/06\/municipio-de-portimao-promove-ferias-de-verao-para-criancas-e-jovens-do-concelho\/atualidade\/08\/20\/\" \/>\n<meta property=\"og:locale\" content=\"pt_PT\" \/>\n<meta property=\"og:type\" content=\"article\" \/>\n<meta property=\"og:title\" content=\"Munic\u00edpio de Portim\u00e3o promove F\u00e9rias de Ver\u00e3o para crian\u00e7as e jovens do concelho - Algarve 7\" \/>\n<meta property=\"og:description\" content=\"Munic\u00edpio de Portim\u00e3o promove F\u00e9rias de Ver\u00e3o para crian\u00e7as e jovens do concelho Atualidade\" \/>\n<meta property=\"og:url\" content=\"https:\/\/algarve7.pt\/index.php\/2025\/06\/municipio-de-portimao-promove-ferias-de-verao-para-criancas-e-jovens-do-concelho\/atualidade\/08\/20\/\" \/>\n<meta property=\"og:site_name\" content=\"Algarve 7\" \/>\n<meta property=\"article:publisher\" content=\"https:\/\/www.facebook.com\/algarve7\" \/>\n<meta property=\"article:author\" content=\"https:\/\/www.facebook.com\/algarve7\" \/>\n<meta property=\"article:published_time\" content=\"2025-06-16T07:20:00+00:00\" \/>\n<meta property=\"og:image\" content=\"https:\/\/algarve7.pt\/wp-content\/uploads\/2025\/06\/FERIAS-DE-VERAO-2024-PORTIMAO-L.jpg\" \/>\n\t<meta property=\"og:image:width\" content=\"800\" \/>\n\t<meta property=\"og:image:height\" content=\"500\" \/>\n\t<meta property=\"og:image:type\" content=\"image\/jpeg\" \/>\n<meta name=\"author\" content=\"Algarve 7\" \/>\n<meta name=\"twitter:card\" content=\"summary_large_image\" \/>\n<meta name=\"twitter:creator\" content=\"@Algarvesete\" \/>\n<meta name=\"twitter:site\" content=\"@Algarvesete\" \/>\n<meta name=\"twitter:label1\" content=\"Escrito por\" \/>\n\t<meta name=\"twitter:data1\" content=\"Algarve 7\" \/>\n\t<meta name=\"twitter:label2\" content=\"Tempo estimado de leitura\" \/>\n\t<meta name=\"twitter:data2\" content=\"5 minutos\" \/>\n<script type=\"application\/ld+json\" class=\"yoast-schema-graph\">{\"@context\":\"https:\\\/\\\/schema.org\",\"@graph\":[{\"@type\":\"Article\",\"@id\":\"https:\\\/\\\/algarve7.pt\\\/index.php\\\/2025\\\/06\\\/municipio-de-portimao-promove-ferias-de-verao-para-criancas-e-jovens-do-concelho\\\/atualidade\\\/08\\\/20\\\/#article\",\"isPartOf\":{\"@id\":\"https:\\\/\\\/algarve7.pt\\\/index.php\\\/2025\\\/06\\\/municipio-de-portimao-promove-ferias-de-verao-para-criancas-e-jovens-do-concelho\\\/atualidade\\\/08\\\/20\\\/\"},\"author\":{\"name\":\"Algarve 7\",\"@id\":\"https:\\\/\\\/algarve7.pt\\\/#\\\/schema\\\/person\\\/23fa70681308e7b319a3204bcea45e0c\"},\"headline\":\"Munic\u00edpio de Portim\u00e3o promove F\u00e9rias de Ver\u00e3o para crian\u00e7as e jovens do concelho\",\"datePublished\":\"2025-06-16T07:20:00+00:00\",\"mainEntityOfPage\":{\"@id\":\"https:\\\/\\\/algarve7.pt\\\/index.php\\\/2025\\\/06\\\/municipio-de-portimao-promove-ferias-de-verao-para-criancas-e-jovens-do-concelho\\\/atualidade\\\/08\\\/20\\\/\"},\"wordCount\":1003,\"publisher\":{\"@id\":\"https:\\\/\\\/algarve7.pt\\\/#organization\"},\"image\":{\"@id\":\"https:\\\/\\\/algarve7.pt\\\/index.php\\\/2025\\\/06\\\/municipio-de-portimao-promove-ferias-de-verao-para-criancas-e-jovens-do-concelho\\\/atualidade\\\/08\\\/20\\\/#primaryimage\"},\"thumbnailUrl\":\"https:\\\/\\\/algarve7.pt\\\/wp-content\\\/uploads\\\/2025\\\/06\\\/FERIAS-DE-VERAO-2024-PORTIMAO-L.jpg\",\"keywords\":[\"Algarve\",\"Atualidade\",\"Portim\u00e3o\"],\"articleSection\":[\"Atualidade\"],\"inLanguage\":\"pt-PT\"},{\"@type\":\"WebPage\",\"@id\":\"https:\\\/\\\/algarve7.pt\\\/index.php\\\/2025\\\/06\\\/municipio-de-portimao-promove-ferias-de-verao-para-criancas-e-jovens-do-concelho\\\/atualidade\\\/08\\\/20\\\/\",\"url\":\"https:\\\/\\\/algarve7.pt\\\/index.php\\\/2025\\\/06\\\/municipio-de-portimao-promove-ferias-de-verao-para-criancas-e-jovens-do-concelho\\\/atualidade\\\/08\\\/20\\\/\",\"name\":\"Munic\u00edpio de Portim\u00e3o promove F\u00e9rias de Ver\u00e3o para crian\u00e7as e jovens do concelho - Algarve 7\",\"isPartOf\":{\"@id\":\"https:\\\/\\\/algarve7.pt\\\/#website\"},\"primaryImageOfPage\":{\"@id\":\"https:\\\/\\\/algarve7.pt\\\/index.php\\\/2025\\\/06\\\/municipio-de-portimao-promove-ferias-de-verao-para-criancas-e-jovens-do-concelho\\\/atualidade\\\/08\\\/20\\\/#primaryimage\"},\"image\":{\"@id\":\"https:\\\/\\\/algarve7.pt\\\/index.php\\\/2025\\\/06\\\/municipio-de-portimao-promove-ferias-de-verao-para-criancas-e-jovens-do-concelho\\\/atualidade\\\/08\\\/20\\\/#primaryimage\"},\"thumbnailUrl\":\"https:\\\/\\\/algarve7.pt\\\/wp-content\\\/uploads\\\/2025\\\/06\\\/FERIAS-DE-VERAO-2024-PORTIMAO-L.jpg\",\"datePublished\":\"2025-06-16T07:20:00+00:00\",\"description\":\"Munic\u00edpio de Portim\u00e3o promove F\u00e9rias de Ver\u00e3o para crian\u00e7as e jovens do concelho Atualidade\",\"breadcrumb\":{\"@id\":\"https:\\\/\\\/algarve7.pt\\\/index.php\\\/2025\\\/06\\\/municipio-de-portimao-promove-ferias-de-verao-para-criancas-e-jovens-do-concelho\\\/atualidade\\\/08\\\/20\\\/#breadcrumb\"},\"inLanguage\":\"pt-PT\",\"potentialAction\":[{\"@type\":\"ReadAction\",\"target\":[\"https:\\\/\\\/algarve7.pt\\\/index.php\\\/2025\\\/06\\\/municipio-de-portimao-promove-ferias-de-verao-para-criancas-e-jovens-do-concelho\\\/atualidade\\\/08\\\/20\\\/\"]}]},{\"@type\":\"ImageObject\",\"inLanguage\":\"pt-PT\",\"@id\":\"https:\\\/\\\/algarve7.pt\\\/index.php\\\/2025\\\/06\\\/municipio-de-portimao-promove-ferias-de-verao-para-criancas-e-jovens-do-concelho\\\/atualidade\\\/08\\\/20\\\/#primaryimage\",\"url\":\"https:\\\/\\\/algarve7.pt\\\/wp-content\\\/uploads\\\/2025\\\/06\\\/FERIAS-DE-VERAO-2024-PORTIMAO-L.jpg\",\"contentUrl\":\"https:\\\/\\\/algarve7.pt\\\/wp-content\\\/uploads\\\/2025\\\/06\\\/FERIAS-DE-VERAO-2024-PORTIMAO-L.jpg\",\"width\":800,\"height\":500},{\"@type\":\"BreadcrumbList\",\"@id\":\"https:\\\/\\\/algarve7.pt\\\/index.php\\\/2025\\\/06\\\/municipio-de-portimao-promove-ferias-de-verao-para-criancas-e-jovens-do-concelho\\\/atualidade\\\/08\\\/20\\\/#breadcrumb\",\"itemListElement\":[{\"@type\":\"ListItem\",\"position\":1,\"name\":\"In\u00edcio\",\"item\":\"https:\\\/\\\/algarve7.pt\\\/\"},{\"@type\":\"ListItem\",\"position\":2,\"name\":\"Munic\u00edpio de Portim\u00e3o promove F\u00e9rias de Ver\u00e3o para crian\u00e7as e jovens do concelho\"}]},{\"@type\":\"WebSite\",\"@id\":\"https:\\\/\\\/algarve7.pt\\\/#website\",\"url\":\"https:\\\/\\\/algarve7.pt\\\/\",\"name\":\"Algarve 7\",\"description\":\"Informa\u00e7\u00e3o sobre o Algarve\",\"publisher\":{\"@id\":\"https:\\\/\\\/algarve7.pt\\\/#organization\"},\"potentialAction\":[{\"@type\":\"SearchAction\",\"target\":{\"@type\":\"EntryPoint\",\"urlTemplate\":\"https:\\\/\\\/algarve7.pt\\\/?s={search_term_string}\"},\"query-input\":{\"@type\":\"PropertyValueSpecification\",\"valueRequired\":true,\"valueName\":\"search_term_string\"}}],\"inLanguage\":\"pt-PT\"},{\"@type\":\"Organization\",\"@id\":\"https:\\\/\\\/algarve7.pt\\\/#organization\",\"name\":\"Algarve 7\",\"url\":\"https:\\\/\\\/algarve7.pt\\\/\",\"logo\":{\"@type\":\"ImageObject\",\"inLanguage\":\"pt-PT\",\"@id\":\"https:\\\/\\\/algarve7.pt\\\/#\\\/schema\\\/logo\\\/image\\\/\",\"url\":\"https:\\\/\\\/algarve7.pt\\\/wp-content\\\/uploads\\\/2020\\\/10\\\/Logo-8.jpg\",\"contentUrl\":\"https:\\\/\\\/algarve7.pt\\\/wp-content\\\/uploads\\\/2020\\\/10\\\/Logo-8.jpg\",\"width\":1680,\"height\":1186,\"caption\":\"Algarve 7\"},\"image\":{\"@id\":\"https:\\\/\\\/algarve7.pt\\\/#\\\/schema\\\/logo\\\/image\\\/\"},\"sameAs\":[\"https:\\\/\\\/www.facebook.com\\\/algarve7\",\"https:\\\/\\\/x.com\\\/Algarvesete\",\"https:\\\/\\\/www.instagram.com\\\/jornalalgarve7\\\/\",\"https:\\\/\\\/www.linkedin.com\\\/company\\\/algarve7\",\"https:\\\/\\\/www.pinterest.pt\\\/geral0939\\\/_created\\\/\"]},{\"@type\":\"Person\",\"@id\":\"https:\\\/\\\/algarve7.pt\\\/#\\\/schema\\\/person\\\/23fa70681308e7b319a3204bcea45e0c\",\"name\":\"Algarve 7\",\"sameAs\":[\"https:\\\/\\\/algarve7.pt\",\"https:\\\/\\\/www.facebook.com\\\/algarve7\"],\"url\":\"https:\\\/\\\/algarve7.pt\\\/index.php\\\/author\\\/geralalgarve7-pt\\\/\"}]}<\/script>\n<!-- \/ Yoast SEO plugin. -->","yoast_head_json":{"title":"Munic\u00edpio de Portim\u00e3o promove F\u00e9rias de Ver\u00e3o para crian\u00e7as e jovens do concelho - Algarve 7","description":"Munic\u00edpio de Portim\u00e3o promove F\u00e9rias de Ver\u00e3o para crian\u00e7as e jovens do concelho Atualidade","robots":{"index":"index","follow":"follow","max-snippet":"max-snippet:-1","max-image-preview":"max-image-preview:large","max-video-preview":"max-video-preview:-1"},"canonical":"https:\/\/algarve7.pt\/index.php\/2025\/06\/municipio-de-portimao-promove-ferias-de-verao-para-criancas-e-jovens-do-concelho\/atualidade\/08\/20\/","og_locale":"pt_PT","og_type":"article","og_title":"Munic\u00edpio de Portim\u00e3o promove F\u00e9rias de Ver\u00e3o para crian\u00e7as e jovens do concelho - Algarve 7","og_description":"Munic\u00edpio de Portim\u00e3o promove F\u00e9rias de Ver\u00e3o para crian\u00e7as e jovens do concelho Atualidade","og_url":"https:\/\/algarve7.pt\/index.php\/2025\/06\/municipio-de-portimao-promove-ferias-de-verao-para-criancas-e-jovens-do-concelho\/atualidade\/08\/20\/","og_site_name":"Algarve 7","article_publisher":"https:\/\/www.facebook.com\/algarve7","article_author":"https:\/\/www.facebook.com\/algarve7","article_published_time":"2025-06-16T07:20:00+00:00","og_image":[{"width":800,"height":500,"url":"https:\/\/algarve7.pt\/wp-content\/uploads\/2025\/06\/FERIAS-DE-VERAO-2024-PORTIMAO-L.jpg","type":"image\/jpeg"}],"author":"Algarve 7","twitter_card":"summary_large_image","twitter_creator":"@Algarvesete","twitter_site":"@Algarvesete","twitter_misc":{"Escrito por":"Algarve 7","Tempo estimado de leitura":"5 minutos"},"schema":{"@context":"https:\/\/schema.org","@graph":[{"@type":"Article","@id":"https:\/\/algarve7.pt\/index.php\/2025\/06\/municipio-de-portimao-promove-ferias-de-verao-para-criancas-e-jovens-do-concelho\/atualidade\/08\/20\/#article","isPartOf":{"@id":"https:\/\/algarve7.pt\/index.php\/2025\/06\/municipio-de-portimao-promove-ferias-de-verao-para-criancas-e-jovens-do-concelho\/atualidade\/08\/20\/"},"author":{"name":"Algarve 7","@id":"https:\/\/algarve7.pt\/#\/schema\/person\/23fa70681308e7b319a3204bcea45e0c"},"headline":"Munic\u00edpio de Portim\u00e3o promove F\u00e9rias de Ver\u00e3o para crian\u00e7as e jovens do concelho","datePublished":"2025-06-16T07:20:00+00:00","mainEntityOfPage":{"@id":"https:\/\/algarve7.pt\/index.php\/2025\/06\/municipio-de-portimao-promove-ferias-de-verao-para-criancas-e-jovens-do-concelho\/atualidade\/08\/20\/"},"wordCount":1003,"publisher":{"@id":"https:\/\/algarve7.pt\/#organization"},"image":{"@id":"https:\/\/algarve7.pt\/index.php\/2025\/06\/municipio-de-portimao-promove-ferias-de-verao-para-criancas-e-jovens-do-concelho\/atualidade\/08\/20\/#primaryimage"},"thumbnailUrl":"https:\/\/algarve7.pt\/wp-content\/uploads\/2025\/06\/FERIAS-DE-VERAO-2024-PORTIMAO-L.jpg","keywords":["Algarve","Atualidade","Portim\u00e3o"],"articleSection":["Atualidade"],"inLanguage":"pt-PT"},{"@type":"WebPage","@id":"https:\/\/algarve7.pt\/index.php\/2025\/06\/municipio-de-portimao-promove-ferias-de-verao-para-criancas-e-jovens-do-concelho\/atualidade\/08\/20\/","url":"https:\/\/algarve7.pt\/index.php\/2025\/06\/municipio-de-portimao-promove-ferias-de-verao-para-criancas-e-jovens-do-concelho\/atualidade\/08\/20\/","name":"Munic\u00edpio de Portim\u00e3o promove F\u00e9rias de Ver\u00e3o para crian\u00e7as e jovens do concelho - Algarve 7","isPartOf":{"@id":"https:\/\/algarve7.pt\/#website"},"primaryImageOfPage":{"@id":"https:\/\/algarve7.pt\/index.php\/2025\/06\/municipio-de-portimao-promove-ferias-de-verao-para-criancas-e-jovens-do-concelho\/atualidade\/08\/20\/#primaryimage"},"image":{"@id":"https:\/\/algarve7.pt\/index.php\/2025\/06\/municipio-de-portimao-promove-ferias-de-verao-para-criancas-e-jovens-do-concelho\/atualidade\/08\/20\/#primaryimage"},"thumbnailUrl":"https:\/\/algarve7.pt\/wp-content\/uploads\/2025\/06\/FERIAS-DE-VERAO-2024-PORTIMAO-L.jpg","datePublished":"2025-06-16T07:20:00+00:00","description":"Munic\u00edpio de Portim\u00e3o promove F\u00e9rias de Ver\u00e3o para crian\u00e7as e jovens do concelho Atualidade","breadcrumb":{"@id":"https:\/\/algarve7.pt\/index.php\/2025\/06\/municipio-de-portimao-promove-ferias-de-verao-para-criancas-e-jovens-do-concelho\/atualidade\/08\/20\/#breadcrumb"},"inLanguage":"pt-PT","potentialAction":[{"@type":"ReadAction","target":["https:\/\/algarve7.pt\/index.php\/2025\/06\/municipio-de-portimao-promove-ferias-de-verao-para-criancas-e-jovens-do-concelho\/atualidade\/08\/20\/"]}]},{"@type":"ImageObject","inLanguage":"pt-PT","@id":"https:\/\/algarve7.pt\/index.php\/2025\/06\/municipio-de-portimao-promove-ferias-de-verao-para-criancas-e-jovens-do-concelho\/atualidade\/08\/20\/#primaryimage","url":"https:\/\/algarve7.pt\/wp-content\/uploads\/2025\/06\/FERIAS-DE-VERAO-2024-PORTIMAO-L.jpg","contentUrl":"https:\/\/algarve7.pt\/wp-content\/uploads\/2025\/06\/FERIAS-DE-VERAO-2024-PORTIMAO-L.jpg","width":800,"height":500},{"@type":"BreadcrumbList","@id":"https:\/\/algarve7.pt\/index.php\/2025\/06\/municipio-de-portimao-promove-ferias-de-verao-para-criancas-e-jovens-do-concelho\/atualidade\/08\/20\/#breadcrumb","itemListElement":[{"@type":"ListItem","position":1,"name":"In\u00edcio","item":"https:\/\/algarve7.pt\/"},{"@type":"ListItem","position":2,"name":"Munic\u00edpio de Portim\u00e3o promove F\u00e9rias de Ver\u00e3o para crian\u00e7as e jovens do concelho"}]},{"@type":"WebSite","@id":"https:\/\/algarve7.pt\/#website","url":"https:\/\/algarve7.pt\/","name":"Algarve 7","description":"Informa\u00e7\u00e3o sobre o Algarve","publisher":{"@id":"https:\/\/algarve7.pt\/#organization"},"potentialAction":[{"@type":"SearchAction","target":{"@type":"EntryPoint","urlTemplate":"https:\/\/algarve7.pt\/?s={search_term_string}"},"query-input":{"@type":"PropertyValueSpecification","valueRequired":true,"valueName":"search_term_string"}}],"inLanguage":"pt-PT"},{"@type":"Organization","@id":"https:\/\/algarve7.pt\/#organization","name":"Algarve 7","url":"https:\/\/algarve7.pt\/","logo":{"@type":"ImageObject","inLanguage":"pt-PT","@id":"https:\/\/algarve7.pt\/#\/schema\/logo\/image\/","url":"https:\/\/algarve7.pt\/wp-content\/uploads\/2020\/10\/Logo-8.jpg","contentUrl":"https:\/\/algarve7.pt\/wp-content\/uploads\/2020\/10\/Logo-8.jpg","width":1680,"height":1186,"caption":"Algarve 7"},"image":{"@id":"https:\/\/algarve7.pt\/#\/schema\/logo\/image\/"},"sameAs":["https:\/\/www.facebook.com\/algarve7","https:\/\/x.com\/Algarvesete","https:\/\/www.instagram.com\/jornalalgarve7\/","https:\/\/www.linkedin.com\/company\/algarve7","https:\/\/www.pinterest.pt\/geral0939\/_created\/"]},{"@type":"Person","@id":"https:\/\/algarve7.pt\/#\/schema\/person\/23fa70681308e7b319a3204bcea45e0c","name":"Algarve 7","sameAs":["https:\/\/algarve7.pt","https:\/\/www.facebook.com\/algarve7"],"url":"https:\/\/algarve7.pt\/index.php\/author\/geralalgarve7-pt\/"}]}},"jetpack_publicize_connections":[],"jetpack_featured_media_url":"https:\/\/algarve7.pt\/wp-content\/uploads\/2025\/06\/FERIAS-DE-VERAO-2024-PORTIMAO-L.jpg","jetpack_shortlink":"https:\/\/wp.me\/pcezmW-dpj","jetpack_sharing_enabled":true,"_links":{"self":[{"href":"https:\/\/algarve7.pt\/index.php\/wp-json\/wp\/v2\/posts\/51541","targetHints":{"allow":["GET"]}}],"collection":[{"href":"https:\/\/algarve7.pt\/index.php\/wp-json\/wp\/v2\/posts"}],"about":[{"href":"https:\/\/algarve7.pt\/index.php\/wp-json\/wp\/v2\/types\/post"}],"author":[{"embeddable":true,"href":"https:\/\/algarve7.pt\/index.php\/wp-json\/wp\/v2\/users\/1"}],"replies":[{"embeddable":true,"href":"https:\/\/algarve7.pt\/index.php\/wp-json\/wp\/v2\/comments?post=51541"}],"version-history":[{"count":0,"href":"https:\/\/algarve7.pt\/index.php\/wp-json\/wp\/v2\/posts\/51541\/revisions"}],"wp:featuredmedia":[{"embeddable":true,"href":"https:\/\/algarve7.pt\/index.php\/wp-json\/wp\/v2\/media\/51542"}],"wp:attachment":[{"href":"https:\/\/algarve7.pt\/index.php\/wp-json\/wp\/v2\/media?parent=51541"}],"wp:term":[{"taxonomy":"category","embeddable":true,"href":"https:\/\/algarve7.pt\/index.php\/wp-json\/wp\/v2\/categories?post=51541"},{"taxonomy":"post_tag","embeddable":true,"href":"https:\/\/algarve7.pt\/index.php\/wp-json\/wp\/v2\/tags?post=51541"}],"curies":[{"name":"wp","href":"https:\/\/api.w.org\/{rel}","templated":true}]}}