{"id":51507,"date":"2025-06-13T14:18:27","date_gmt":"2025-06-13T13:18:27","guid":{"rendered":"https:\/\/algarve7.pt\/?p=51507"},"modified":"2025-06-13T14:18:30","modified_gmt":"2025-06-13T13:18:30","slug":"albufeira-celebra-os-santos-populares-com-iniciativas-em-varios-pontos-do-concelho","status":"publish","type":"post","link":"https:\/\/algarve7.pt\/index.php\/2025\/06\/albufeira-celebra-os-santos-populares-com-iniciativas-em-varios-pontos-do-concelho\/cultura\/14\/18\/","title":{"rendered":"Albufeira celebra os Santos Populares com iniciativas em v\u00e1rios pontos do concelho"},"content":{"rendered":"\n<p>As festividades associadas aos Santos Populares come\u00e7am j\u00e1 com a celebra\u00e7\u00e3o do Dia de Santo Ant\u00f3nio, a 13 de junho. Para assinalar a ocasi\u00e3o, est\u00e3o previstas v\u00e1rias iniciativas em diversos pontos do concelho de Albufeira. Como manda a tradi\u00e7\u00e3o, o programa de festas inclui v\u00e1rios arraias e marchas populares. Para o presidente do Munic\u00edpio, Jos\u00e9 Carlos Rolo, \u00e9 importante \u201ccelebrar devidamente aquela que \u00e9 uma \u00e9poca importante para o nosso povo\u201d. O autarca deixa ainda o convite para que todos os mun\u00edcipes participem nas atividades.<\/p>\n\n\n\n<p>Na cidade de Albufeira, o destaque vai para o \u201cArraial do Mercado\u201d. A iniciativa realiza-se no Mercado Municipal dos Cali\u00e7os, e promete momentos de grande divers\u00e3o. O programa inclui a atua\u00e7\u00e3o de Nuno Balbino e um momento dedicado \u00e0s Marchas Populares de Paderne. O evento \u00e9 organizado pelo Munic\u00edpio de Albufeira, em parceria com associa\u00e7\u00f5es locais, e acontece no dia 13 de junho, a partir das 18h00.<\/p>\n\n\n\n<p>Para a cidade est\u00e3o tamb\u00e9m previstas as celebra\u00e7\u00f5es dos Santos Populares no Quartel dos Bombeiros. Organizadas pela Associa\u00e7\u00e3o Humanit\u00e1ria dos Bombeiros Volunt\u00e1rios de Albufeira, as festas est\u00e3o agendadas para os dias 14, 21 e 28 de junho \u2013 os mesmos dias em que o Largo das Ferreiras acolhe as festividades promovidas pela Junta de Freguesia.<\/p>\n\n\n\n<p>Na Guia, os Santos Populares assinalam-se com um arraial marcado para o pr\u00f3ximo dia 12 de junho. O evento acontece no Mercado da Guia, e conta com um concerto de Roberto Bernardino, com desfiles das Marchas Populares da Casa do Povo de Paderne e da Marcha de Tunes, bem como com uma mostra de artesanato local. O in\u00edcio das festividades, promovidas pela Junta de Freguesia, est\u00e1 previsto para as 19h00.<\/p>\n\n\n\n<p>J\u00e1 na freguesia de Paderne, o destaque vai para um encontro de marchas populares, promovido pela Casa do Povo de Paderne. A iniciativa acontece no pr\u00f3ximo dia 19 de junho, a partir das 20h00, e vai reunir coletivos de Est\u00f4mbar, Tunes e Paderne.<\/p>\n\n\n\n<p>As festividades dos Santos Populares prolongam-se durante todo o m\u00eas de junho. Espera-se que as iniciativas previstas tragam milhares de pessoas at\u00e9 \u00e0s ruas de Albufeira.<\/p>\n","protected":false},"excerpt":{"rendered":"<p>As festividades associadas aos Santos Populares come\u00e7am j\u00e1 com a celebra\u00e7\u00e3o do Dia de Santo Ant\u00f3nio, a 13 de junho.<\/p>\n","protected":false},"author":1,"featured_media":51508,"comment_status":"closed","ping_status":"closed","sticky":false,"template":"","format":"standard","meta":{"colormag_page_container_layout":"default_layout","colormag_page_sidebar_layout":"default_layout","_monsterinsights_skip_tracking":false,"_monsterinsights_sitenote_active":false,"_monsterinsights_sitenote_note":"","_monsterinsights_sitenote_category":0,"jetpack_post_was_ever_published":false,"_jetpack_newsletter_access":"","_jetpack_dont_email_post_to_subs":false,"_jetpack_newsletter_tier_id":0,"_jetpack_memberships_contains_paywalled_content":false,"_jetpack_memberships_contains_paid_content":false,"footnotes":"","jetpack_publicize_message":"","jetpack_publicize_feature_enabled":true,"jetpack_social_post_already_shared":false,"jetpack_social_options":{"image_generator_settings":{"template":"highway","default_image_id":0,"font":"","enabled":false},"version":2}},"categories":[14],"tags":[155,36,35],"class_list":["post-51507","post","type-post","status-publish","format-standard","has-post-thumbnail","hentry","category-cultura","tag-albufeira","tag-algarve","tag-cultura"],"yoast_head":"<!-- This site is optimized with the Yoast SEO plugin v27.5 - https:\/\/yoast.com\/product\/yoast-seo-wordpress\/ -->\n<title>Albufeira celebra os Santos Populares com iniciativas em v\u00e1rios pontos do concelho - Algarve 7<\/title>\n<meta name=\"description\" content=\"Albufeira celebra os Santos Populares com iniciativas em v\u00e1rios pontos do concelho Cultura\" \/>\n<meta name=\"robots\" content=\"index, follow, max-snippet:-1, max-image-preview:large, max-video-preview:-1\" \/>\n<link rel=\"canonical\" href=\"https:\/\/algarve7.pt\/index.php\/2025\/06\/albufeira-celebra-os-santos-populares-com-iniciativas-em-varios-pontos-do-concelho\/cultura\/14\/18\/\" \/>\n<meta property=\"og:locale\" content=\"pt_PT\" \/>\n<meta property=\"og:type\" content=\"article\" \/>\n<meta property=\"og:title\" content=\"Albufeira celebra os Santos Populares com iniciativas em v\u00e1rios pontos do concelho - Algarve 7\" \/>\n<meta property=\"og:description\" content=\"Albufeira celebra os Santos Populares com iniciativas em v\u00e1rios pontos do concelho Cultura\" \/>\n<meta property=\"og:url\" content=\"https:\/\/algarve7.pt\/index.php\/2025\/06\/albufeira-celebra-os-santos-populares-com-iniciativas-em-varios-pontos-do-concelho\/cultura\/14\/18\/\" \/>\n<meta property=\"og:site_name\" content=\"Algarve 7\" \/>\n<meta property=\"article:publisher\" content=\"https:\/\/www.facebook.com\/algarve7\" \/>\n<meta property=\"article:author\" content=\"https:\/\/www.facebook.com\/algarve7\" \/>\n<meta property=\"article:published_time\" content=\"2025-06-13T13:18:27+00:00\" \/>\n<meta property=\"article:modified_time\" content=\"2025-06-13T13:18:30+00:00\" \/>\n<meta property=\"og:image\" content=\"https:\/\/algarve7.pt\/wp-content\/uploads\/2025\/06\/CMA-3504.jpg\" \/>\n\t<meta property=\"og:image:width\" content=\"800\" \/>\n\t<meta property=\"og:image:height\" content=\"500\" \/>\n\t<meta property=\"og:image:type\" content=\"image\/jpeg\" \/>\n<meta name=\"author\" content=\"Algarve 7\" \/>\n<meta name=\"twitter:card\" content=\"summary_large_image\" \/>\n<meta name=\"twitter:creator\" content=\"@Algarvesete\" \/>\n<meta name=\"twitter:site\" content=\"@Algarvesete\" \/>\n<meta name=\"twitter:label1\" content=\"Escrito por\" \/>\n\t<meta name=\"twitter:data1\" content=\"Algarve 7\" \/>\n\t<meta name=\"twitter:label2\" content=\"Tempo estimado de leitura\" \/>\n\t<meta name=\"twitter:data2\" content=\"3 minutos\" \/>\n<script type=\"application\/ld+json\" class=\"yoast-schema-graph\">{\"@context\":\"https:\\\/\\\/schema.org\",\"@graph\":[{\"@type\":\"Article\",\"@id\":\"https:\\\/\\\/algarve7.pt\\\/index.php\\\/2025\\\/06\\\/albufeira-celebra-os-santos-populares-com-iniciativas-em-varios-pontos-do-concelho\\\/cultura\\\/14\\\/18\\\/#article\",\"isPartOf\":{\"@id\":\"https:\\\/\\\/algarve7.pt\\\/index.php\\\/2025\\\/06\\\/albufeira-celebra-os-santos-populares-com-iniciativas-em-varios-pontos-do-concelho\\\/cultura\\\/14\\\/18\\\/\"},\"author\":{\"name\":\"Algarve 7\",\"@id\":\"https:\\\/\\\/algarve7.pt\\\/#\\\/schema\\\/person\\\/23fa70681308e7b319a3204bcea45e0c\"},\"headline\":\"Albufeira celebra os Santos Populares com iniciativas em v\u00e1rios pontos do concelho\",\"datePublished\":\"2025-06-13T13:18:27+00:00\",\"dateModified\":\"2025-06-13T13:18:30+00:00\",\"mainEntityOfPage\":{\"@id\":\"https:\\\/\\\/algarve7.pt\\\/index.php\\\/2025\\\/06\\\/albufeira-celebra-os-santos-populares-com-iniciativas-em-varios-pontos-do-concelho\\\/cultura\\\/14\\\/18\\\/\"},\"wordCount\":375,\"publisher\":{\"@id\":\"https:\\\/\\\/algarve7.pt\\\/#organization\"},\"image\":{\"@id\":\"https:\\\/\\\/algarve7.pt\\\/index.php\\\/2025\\\/06\\\/albufeira-celebra-os-santos-populares-com-iniciativas-em-varios-pontos-do-concelho\\\/cultura\\\/14\\\/18\\\/#primaryimage\"},\"thumbnailUrl\":\"https:\\\/\\\/algarve7.pt\\\/wp-content\\\/uploads\\\/2025\\\/06\\\/CMA-3504.jpg\",\"keywords\":[\"Albufeira\",\"Algarve\",\"Cultura\"],\"articleSection\":[\"Cultura\"],\"inLanguage\":\"pt-PT\"},{\"@type\":\"WebPage\",\"@id\":\"https:\\\/\\\/algarve7.pt\\\/index.php\\\/2025\\\/06\\\/albufeira-celebra-os-santos-populares-com-iniciativas-em-varios-pontos-do-concelho\\\/cultura\\\/14\\\/18\\\/\",\"url\":\"https:\\\/\\\/algarve7.pt\\\/index.php\\\/2025\\\/06\\\/albufeira-celebra-os-santos-populares-com-iniciativas-em-varios-pontos-do-concelho\\\/cultura\\\/14\\\/18\\\/\",\"name\":\"Albufeira celebra os Santos Populares com iniciativas em v\u00e1rios pontos do concelho - Algarve 7\",\"isPartOf\":{\"@id\":\"https:\\\/\\\/algarve7.pt\\\/#website\"},\"primaryImageOfPage\":{\"@id\":\"https:\\\/\\\/algarve7.pt\\\/index.php\\\/2025\\\/06\\\/albufeira-celebra-os-santos-populares-com-iniciativas-em-varios-pontos-do-concelho\\\/cultura\\\/14\\\/18\\\/#primaryimage\"},\"image\":{\"@id\":\"https:\\\/\\\/algarve7.pt\\\/index.php\\\/2025\\\/06\\\/albufeira-celebra-os-santos-populares-com-iniciativas-em-varios-pontos-do-concelho\\\/cultura\\\/14\\\/18\\\/#primaryimage\"},\"thumbnailUrl\":\"https:\\\/\\\/algarve7.pt\\\/wp-content\\\/uploads\\\/2025\\\/06\\\/CMA-3504.jpg\",\"datePublished\":\"2025-06-13T13:18:27+00:00\",\"dateModified\":\"2025-06-13T13:18:30+00:00\",\"description\":\"Albufeira celebra os Santos Populares com iniciativas em v\u00e1rios pontos do concelho Cultura\",\"breadcrumb\":{\"@id\":\"https:\\\/\\\/algarve7.pt\\\/index.php\\\/2025\\\/06\\\/albufeira-celebra-os-santos-populares-com-iniciativas-em-varios-pontos-do-concelho\\\/cultura\\\/14\\\/18\\\/#breadcrumb\"},\"inLanguage\":\"pt-PT\",\"potentialAction\":[{\"@type\":\"ReadAction\",\"target\":[\"https:\\\/\\\/algarve7.pt\\\/index.php\\\/2025\\\/06\\\/albufeira-celebra-os-santos-populares-com-iniciativas-em-varios-pontos-do-concelho\\\/cultura\\\/14\\\/18\\\/\"]}]},{\"@type\":\"ImageObject\",\"inLanguage\":\"pt-PT\",\"@id\":\"https:\\\/\\\/algarve7.pt\\\/index.php\\\/2025\\\/06\\\/albufeira-celebra-os-santos-populares-com-iniciativas-em-varios-pontos-do-concelho\\\/cultura\\\/14\\\/18\\\/#primaryimage\",\"url\":\"https:\\\/\\\/algarve7.pt\\\/wp-content\\\/uploads\\\/2025\\\/06\\\/CMA-3504.jpg\",\"contentUrl\":\"https:\\\/\\\/algarve7.pt\\\/wp-content\\\/uploads\\\/2025\\\/06\\\/CMA-3504.jpg\",\"width\":800,\"height\":500},{\"@type\":\"BreadcrumbList\",\"@id\":\"https:\\\/\\\/algarve7.pt\\\/index.php\\\/2025\\\/06\\\/albufeira-celebra-os-santos-populares-com-iniciativas-em-varios-pontos-do-concelho\\\/cultura\\\/14\\\/18\\\/#breadcrumb\",\"itemListElement\":[{\"@type\":\"ListItem\",\"position\":1,\"name\":\"In\u00edcio\",\"item\":\"https:\\\/\\\/algarve7.pt\\\/\"},{\"@type\":\"ListItem\",\"position\":2,\"name\":\"Albufeira celebra os Santos Populares com iniciativas em v\u00e1rios pontos do concelho\"}]},{\"@type\":\"WebSite\",\"@id\":\"https:\\\/\\\/algarve7.pt\\\/#website\",\"url\":\"https:\\\/\\\/algarve7.pt\\\/\",\"name\":\"Algarve 7\",\"description\":\"Informa\u00e7\u00e3o sobre o Algarve\",\"publisher\":{\"@id\":\"https:\\\/\\\/algarve7.pt\\\/#organization\"},\"potentialAction\":[{\"@type\":\"SearchAction\",\"target\":{\"@type\":\"EntryPoint\",\"urlTemplate\":\"https:\\\/\\\/algarve7.pt\\\/?s={search_term_string}\"},\"query-input\":{\"@type\":\"PropertyValueSpecification\",\"valueRequired\":true,\"valueName\":\"search_term_string\"}}],\"inLanguage\":\"pt-PT\"},{\"@type\":\"Organization\",\"@id\":\"https:\\\/\\\/algarve7.pt\\\/#organization\",\"name\":\"Algarve 7\",\"url\":\"https:\\\/\\\/algarve7.pt\\\/\",\"logo\":{\"@type\":\"ImageObject\",\"inLanguage\":\"pt-PT\",\"@id\":\"https:\\\/\\\/algarve7.pt\\\/#\\\/schema\\\/logo\\\/image\\\/\",\"url\":\"https:\\\/\\\/algarve7.pt\\\/wp-content\\\/uploads\\\/2020\\\/10\\\/Logo-8.jpg\",\"contentUrl\":\"https:\\\/\\\/algarve7.pt\\\/wp-content\\\/uploads\\\/2020\\\/10\\\/Logo-8.jpg\",\"width\":1680,\"height\":1186,\"caption\":\"Algarve 7\"},\"image\":{\"@id\":\"https:\\\/\\\/algarve7.pt\\\/#\\\/schema\\\/logo\\\/image\\\/\"},\"sameAs\":[\"https:\\\/\\\/www.facebook.com\\\/algarve7\",\"https:\\\/\\\/x.com\\\/Algarvesete\",\"https:\\\/\\\/www.instagram.com\\\/jornalalgarve7\\\/\",\"https:\\\/\\\/www.linkedin.com\\\/company\\\/algarve7\",\"https:\\\/\\\/www.pinterest.pt\\\/geral0939\\\/_created\\\/\"]},{\"@type\":\"Person\",\"@id\":\"https:\\\/\\\/algarve7.pt\\\/#\\\/schema\\\/person\\\/23fa70681308e7b319a3204bcea45e0c\",\"name\":\"Algarve 7\",\"sameAs\":[\"https:\\\/\\\/algarve7.pt\",\"https:\\\/\\\/www.facebook.com\\\/algarve7\"],\"url\":\"https:\\\/\\\/algarve7.pt\\\/index.php\\\/author\\\/geralalgarve7-pt\\\/\"}]}<\/script>\n<!-- \/ Yoast SEO plugin. -->","yoast_head_json":{"title":"Albufeira celebra os Santos Populares com iniciativas em v\u00e1rios pontos do concelho - Algarve 7","description":"Albufeira celebra os Santos Populares com iniciativas em v\u00e1rios pontos do concelho Cultura","robots":{"index":"index","follow":"follow","max-snippet":"max-snippet:-1","max-image-preview":"max-image-preview:large","max-video-preview":"max-video-preview:-1"},"canonical":"https:\/\/algarve7.pt\/index.php\/2025\/06\/albufeira-celebra-os-santos-populares-com-iniciativas-em-varios-pontos-do-concelho\/cultura\/14\/18\/","og_locale":"pt_PT","og_type":"article","og_title":"Albufeira celebra os Santos Populares com iniciativas em v\u00e1rios pontos do concelho - Algarve 7","og_description":"Albufeira celebra os Santos Populares com iniciativas em v\u00e1rios pontos do concelho Cultura","og_url":"https:\/\/algarve7.pt\/index.php\/2025\/06\/albufeira-celebra-os-santos-populares-com-iniciativas-em-varios-pontos-do-concelho\/cultura\/14\/18\/","og_site_name":"Algarve 7","article_publisher":"https:\/\/www.facebook.com\/algarve7","article_author":"https:\/\/www.facebook.com\/algarve7","article_published_time":"2025-06-13T13:18:27+00:00","article_modified_time":"2025-06-13T13:18:30+00:00","og_image":[{"width":800,"height":500,"url":"https:\/\/algarve7.pt\/wp-content\/uploads\/2025\/06\/CMA-3504.jpg","type":"image\/jpeg"}],"author":"Algarve 7","twitter_card":"summary_large_image","twitter_creator":"@Algarvesete","twitter_site":"@Algarvesete","twitter_misc":{"Escrito por":"Algarve 7","Tempo estimado de leitura":"3 minutos"},"schema":{"@context":"https:\/\/schema.org","@graph":[{"@type":"Article","@id":"https:\/\/algarve7.pt\/index.php\/2025\/06\/albufeira-celebra-os-santos-populares-com-iniciativas-em-varios-pontos-do-concelho\/cultura\/14\/18\/#article","isPartOf":{"@id":"https:\/\/algarve7.pt\/index.php\/2025\/06\/albufeira-celebra-os-santos-populares-com-iniciativas-em-varios-pontos-do-concelho\/cultura\/14\/18\/"},"author":{"name":"Algarve 7","@id":"https:\/\/algarve7.pt\/#\/schema\/person\/23fa70681308e7b319a3204bcea45e0c"},"headline":"Albufeira celebra os Santos Populares com iniciativas em v\u00e1rios pontos do concelho","datePublished":"2025-06-13T13:18:27+00:00","dateModified":"2025-06-13T13:18:30+00:00","mainEntityOfPage":{"@id":"https:\/\/algarve7.pt\/index.php\/2025\/06\/albufeira-celebra-os-santos-populares-com-iniciativas-em-varios-pontos-do-concelho\/cultura\/14\/18\/"},"wordCount":375,"publisher":{"@id":"https:\/\/algarve7.pt\/#organization"},"image":{"@id":"https:\/\/algarve7.pt\/index.php\/2025\/06\/albufeira-celebra-os-santos-populares-com-iniciativas-em-varios-pontos-do-concelho\/cultura\/14\/18\/#primaryimage"},"thumbnailUrl":"https:\/\/algarve7.pt\/wp-content\/uploads\/2025\/06\/CMA-3504.jpg","keywords":["Albufeira","Algarve","Cultura"],"articleSection":["Cultura"],"inLanguage":"pt-PT"},{"@type":"WebPage","@id":"https:\/\/algarve7.pt\/index.php\/2025\/06\/albufeira-celebra-os-santos-populares-com-iniciativas-em-varios-pontos-do-concelho\/cultura\/14\/18\/","url":"https:\/\/algarve7.pt\/index.php\/2025\/06\/albufeira-celebra-os-santos-populares-com-iniciativas-em-varios-pontos-do-concelho\/cultura\/14\/18\/","name":"Albufeira celebra os Santos Populares com iniciativas em v\u00e1rios pontos do concelho - Algarve 7","isPartOf":{"@id":"https:\/\/algarve7.pt\/#website"},"primaryImageOfPage":{"@id":"https:\/\/algarve7.pt\/index.php\/2025\/06\/albufeira-celebra-os-santos-populares-com-iniciativas-em-varios-pontos-do-concelho\/cultura\/14\/18\/#primaryimage"},"image":{"@id":"https:\/\/algarve7.pt\/index.php\/2025\/06\/albufeira-celebra-os-santos-populares-com-iniciativas-em-varios-pontos-do-concelho\/cultura\/14\/18\/#primaryimage"},"thumbnailUrl":"https:\/\/algarve7.pt\/wp-content\/uploads\/2025\/06\/CMA-3504.jpg","datePublished":"2025-06-13T13:18:27+00:00","dateModified":"2025-06-13T13:18:30+00:00","description":"Albufeira celebra os Santos Populares com iniciativas em v\u00e1rios pontos do concelho Cultura","breadcrumb":{"@id":"https:\/\/algarve7.pt\/index.php\/2025\/06\/albufeira-celebra-os-santos-populares-com-iniciativas-em-varios-pontos-do-concelho\/cultura\/14\/18\/#breadcrumb"},"inLanguage":"pt-PT","potentialAction":[{"@type":"ReadAction","target":["https:\/\/algarve7.pt\/index.php\/2025\/06\/albufeira-celebra-os-santos-populares-com-iniciativas-em-varios-pontos-do-concelho\/cultura\/14\/18\/"]}]},{"@type":"ImageObject","inLanguage":"pt-PT","@id":"https:\/\/algarve7.pt\/index.php\/2025\/06\/albufeira-celebra-os-santos-populares-com-iniciativas-em-varios-pontos-do-concelho\/cultura\/14\/18\/#primaryimage","url":"https:\/\/algarve7.pt\/wp-content\/uploads\/2025\/06\/CMA-3504.jpg","contentUrl":"https:\/\/algarve7.pt\/wp-content\/uploads\/2025\/06\/CMA-3504.jpg","width":800,"height":500},{"@type":"BreadcrumbList","@id":"https:\/\/algarve7.pt\/index.php\/2025\/06\/albufeira-celebra-os-santos-populares-com-iniciativas-em-varios-pontos-do-concelho\/cultura\/14\/18\/#breadcrumb","itemListElement":[{"@type":"ListItem","position":1,"name":"In\u00edcio","item":"https:\/\/algarve7.pt\/"},{"@type":"ListItem","position":2,"name":"Albufeira celebra os Santos Populares com iniciativas em v\u00e1rios pontos do concelho"}]},{"@type":"WebSite","@id":"https:\/\/algarve7.pt\/#website","url":"https:\/\/algarve7.pt\/","name":"Algarve 7","description":"Informa\u00e7\u00e3o sobre o Algarve","publisher":{"@id":"https:\/\/algarve7.pt\/#organization"},"potentialAction":[{"@type":"SearchAction","target":{"@type":"EntryPoint","urlTemplate":"https:\/\/algarve7.pt\/?s={search_term_string}"},"query-input":{"@type":"PropertyValueSpecification","valueRequired":true,"valueName":"search_term_string"}}],"inLanguage":"pt-PT"},{"@type":"Organization","@id":"https:\/\/algarve7.pt\/#organization","name":"Algarve 7","url":"https:\/\/algarve7.pt\/","logo":{"@type":"ImageObject","inLanguage":"pt-PT","@id":"https:\/\/algarve7.pt\/#\/schema\/logo\/image\/","url":"https:\/\/algarve7.pt\/wp-content\/uploads\/2020\/10\/Logo-8.jpg","contentUrl":"https:\/\/algarve7.pt\/wp-content\/uploads\/2020\/10\/Logo-8.jpg","width":1680,"height":1186,"caption":"Algarve 7"},"image":{"@id":"https:\/\/algarve7.pt\/#\/schema\/logo\/image\/"},"sameAs":["https:\/\/www.facebook.com\/algarve7","https:\/\/x.com\/Algarvesete","https:\/\/www.instagram.com\/jornalalgarve7\/","https:\/\/www.linkedin.com\/company\/algarve7","https:\/\/www.pinterest.pt\/geral0939\/_created\/"]},{"@type":"Person","@id":"https:\/\/algarve7.pt\/#\/schema\/person\/23fa70681308e7b319a3204bcea45e0c","name":"Algarve 7","sameAs":["https:\/\/algarve7.pt","https:\/\/www.facebook.com\/algarve7"],"url":"https:\/\/algarve7.pt\/index.php\/author\/geralalgarve7-pt\/"}]}},"jetpack_publicize_connections":[],"jetpack_featured_media_url":"https:\/\/algarve7.pt\/wp-content\/uploads\/2025\/06\/CMA-3504.jpg","jetpack_shortlink":"https:\/\/wp.me\/pcezmW-doL","jetpack_sharing_enabled":true,"_links":{"self":[{"href":"https:\/\/algarve7.pt\/index.php\/wp-json\/wp\/v2\/posts\/51507","targetHints":{"allow":["GET"]}}],"collection":[{"href":"https:\/\/algarve7.pt\/index.php\/wp-json\/wp\/v2\/posts"}],"about":[{"href":"https:\/\/algarve7.pt\/index.php\/wp-json\/wp\/v2\/types\/post"}],"author":[{"embeddable":true,"href":"https:\/\/algarve7.pt\/index.php\/wp-json\/wp\/v2\/users\/1"}],"replies":[{"embeddable":true,"href":"https:\/\/algarve7.pt\/index.php\/wp-json\/wp\/v2\/comments?post=51507"}],"version-history":[{"count":0,"href":"https:\/\/algarve7.pt\/index.php\/wp-json\/wp\/v2\/posts\/51507\/revisions"}],"wp:featuredmedia":[{"embeddable":true,"href":"https:\/\/algarve7.pt\/index.php\/wp-json\/wp\/v2\/media\/51508"}],"wp:attachment":[{"href":"https:\/\/algarve7.pt\/index.php\/wp-json\/wp\/v2\/media?parent=51507"}],"wp:term":[{"taxonomy":"category","embeddable":true,"href":"https:\/\/algarve7.pt\/index.php\/wp-json\/wp\/v2\/categories?post=51507"},{"taxonomy":"post_tag","embeddable":true,"href":"https:\/\/algarve7.pt\/index.php\/wp-json\/wp\/v2\/tags?post=51507"}],"curies":[{"name":"wp","href":"https:\/\/api.w.org\/{rel}","templated":true}]}}